{"id":59897,"date":"2023-09-21T15:28:34","date_gmt":"2023-09-21T22:28:34","guid":{"rendered":"https:\/\/fuentesfidedignas.com.mx\/?p=59897"},"modified":"2023-09-21T15:28:35","modified_gmt":"2023-09-21T22:28:35","slug":"jovenes-combatan-el-individualismo-y-posiciones-egoistas-feliciano-castro","status":"publish","type":"post","link":"https:\/\/fuentesfidedignas.com.mx\/index.php\/2023\/09\/21\/jovenes-combatan-el-individualismo-y-posiciones-egoistas-feliciano-castro\/","title":{"rendered":"J\u00f3venes, combatan el individualismo y posiciones ego\u00edstas: Feliciano Castro"},"content":{"rendered":"\n<p><\/p>\n\n\n\n<p>Culiac\u00e1n, Sin.- El diputado Feliciano Castro Mel\u00e9ndrez invit\u00f3 a j\u00f3venes a crecer en comunidad, a combatir el individualismo, las posiciones ego\u00edstas y a los hombres-eco de los que hablara Zarco. <strong>\u201cSean mujeres y hombres de pensamientos propios, con identidad propia, con \u00e9tica y sentido cr\u00edtico, propicien comunidad<\/strong>\u201d.<\/p>\n\n\n\n<p>En su mensaje emitido durante la Sesi\u00f3n Solemne en que se entreg\u00f3 el Premio al M\u00e9rito Juvenil 2022, el presidente de la Junta de Coordinaci\u00f3n Pol\u00edtica del Congreso del Estado, reconoci\u00f3 la trayectoria de las y los j\u00f3venes galardonados.<\/p>\n\n\n\n<p>\u201cNathalia Quetzalli Mart\u00ednez Gonz\u00e1lez, M\u00e9lanie Esmeralda Villavicencio Gonz\u00e1lez, Ram\u00f3n Alejandro D\u00edaz Coss\u00edo, Kevin Guillermo Rivera Sauceda y David Ransfery Liz\u00e1rraga Lazcano.<br>Ustedes, les dijo, su premio no es ajeno a la comunidad, los contextos de \u00e9sta contribuyen a su crecimiento; reconocerles ahora nos convoca a pensar y vivir el entorno social y sus circunstancias.<\/p>\n\n\n\n<p><strong>\u201cSean sus merecidos premios, motivaciones para todas y todos en perspectiva comunitaria. Formarse y crecer en comunidad es el camino; la solidaridad, el abrazo solidario al pr\u00f3jimo desde la naturaleza de sus actividades es lo que nos har\u00e1 mejores como seres humanos y en cada una de sus profesiones<\/strong>\u201d.<\/p>\n\n\n\n<p>A las ganadoras y ganadores del Premio al M\u00e9rito Juvenil 2023, les invit\u00f3 a seguir esforz\u00e1ndose y a tomar como ejemplo las vidas de otros j\u00f3venes de otras \u00e9pocas, tales como \u201cLos Emulantes\u201d, Francisco Zarco, Rafael Buelna, de la Juventud del 68\u2026 nuestro mundo, a ellos se los debemos.<\/p>\n\n\n\n<p>El diputado Feliciano Castro tambi\u00e9n se refiri\u00f3 al caso del joven pescador Natanael \u00c1lvarez, quien perdi\u00f3 la vida presuntamente en manos de un grupo de integrantes de la Marina, de quien resalt\u00f3 que apenas ten\u00eda 22 a\u00f1os, hecho del cual calific\u00f3 como uso excesivo de la fuerza p\u00fablica.<\/p>\n\n\n\n<p>\u201cInaceptable la muerta impuesta a la gente de trabajo. Las familias de pescadores tienen necesidad de salir a pescar, es una situaci\u00f3n vital\u201d, dijo.<\/p>\n\n\n\n<p>Con toda seguridad, consider\u00f3, los pescadores a bordo de la panga realizaban actividades de pesca furtiva, desarmados, situaci\u00f3n que la Armada de M\u00e9xico debi\u00f3 considerar conforme lo establece la Ley Nacional sobre el Uso de la Fuerza promulgada en 2019.<\/p>\n\n\n\n<p>\u201cEn todo caso \u2013observ\u00f3&#8211;, legalmente se trata de un robo fam\u00e9lico \u2013si furtivamente pescaban, es decir, un hurto por hambre, mismo que de acuerdo al C\u00f3digo Penal Federal, en su art\u00edculo 379, no se castigar\u00e1, no hay penalizaci\u00f3n, siempre y cuando no haya habido violencia\u201d.<\/p>\n\n\n\n<p>Explic\u00f3 que se refiri\u00f3 a este hecho violento porque en la entrega del Premio al M\u00e9rito Juvenil se reflexiona sobre los j\u00f3venes y sus circunstancias.<\/p>\n\n\n\n<p>\u201cEstamos hablando de Sinaloa, se trata de una perspectiva que pretende humanizar el querer de la gente: No preguntes nunca por qui\u00e9n est\u00e1n doblando las campanas en las riberas del litoral sinaloense. Est\u00e1n doblando por ti\u201d, dijo.<\/p>\n\n\n\n<p>En la entrega del premio estuvieron presentes la secretaria de Educaci\u00f3n P\u00fablica y Cultura, Graciela Dom\u00ednguez Nava, quien llev\u00f3 la representaci\u00f3n del gobernador Rub\u00e9n Rocha Moya, y el presidente del Supremo Tribunal de Justicia, Jes\u00fas Iv\u00e1n Ch\u00e1vez Rangel.<\/p>\n","protected":false},"excerpt":{"rendered":"<p>Culiac\u00e1n, Sin.- El diputado Feliciano Castro Mel\u00e9ndrez invit\u00f3 a j\u00f3venes a crecer en comunidad, a combatir el individualismo, las posiciones ego\u00edstas y a los hombres-eco de los que hablara Zarco. \u201cSean mujeres y hombres de pensamientos propios, con identidad propia, con \u00e9tica y sentido cr\u00edtico, propicien comunidad\u201d. En su mensaje emitido durante la Sesi\u00f3n Solemne [&hellip;]<\/p>\n","protected":false},"author":4,"featured_media":59898,"comment_status":"open","ping_status":"open","sticky":false,"template":"","format":"standard","meta":{"tdm_status":"","tdm_grid_status":"","footnotes":""},"categories":[1],"tags":[],"class_list":{"0":"post-59897","1":"post","2":"type-post","3":"status-publish","4":"format-standard","5":"has-post-thumbnail","7":"category-sin-categoria"},"yoast_head":"<!-- This site is optimized with the Yoast SEO plugin v27.5 - https:\/\/yoast.com\/product\/yoast-seo-wordpress\/ -->\n<title>J\u00f3venes, combatan el individualismo y posiciones ego\u00edstas: Feliciano Castro - Fuentes Fidedignas<\/title>\n<meta name=\"robots\" content=\"index, follow, max-snippet:-1, max-image-preview:large, max-video-preview:-1\" \/>\n<link rel=\"canonical\" href=\"https:\/\/fuentesfidedignas.com.mx\/index.php\/2023\/09\/21\/jovenes-combatan-el-individualismo-y-posiciones-egoistas-feliciano-castro\/\" \/>\n<meta property=\"og:locale\" content=\"es_MX\" \/>\n<meta property=\"og:type\" content=\"article\" \/>\n<meta property=\"og:title\" content=\"J\u00f3venes, combatan el individualismo y posiciones ego\u00edstas: Feliciano Castro - Fuentes Fidedignas\" \/>\n<meta property=\"og:description\" content=\"Culiac\u00e1n, Sin.- El diputado Feliciano Castro Mel\u00e9ndrez invit\u00f3 a j\u00f3venes a crecer en comunidad, a combatir el individualismo, las posiciones ego\u00edstas y a los hombres-eco de los que hablara Zarco. \u201cSean mujeres y hombres de pensamientos propios, con identidad propia, con \u00e9tica y sentido cr\u00edtico, propicien comunidad\u201d. En su mensaje emitido durante la Sesi\u00f3n Solemne [&hellip;]\" \/>\n<meta property=\"og:url\" content=\"https:\/\/fuentesfidedignas.com.mx\/index.php\/2023\/09\/21\/jovenes-combatan-el-individualismo-y-posiciones-egoistas-feliciano-castro\/\" \/>\n<meta property=\"og:site_name\" content=\"Fuentes Fidedignas\" \/>\n<meta property=\"article:publisher\" content=\"https:\/\/www.facebook.com\/Fuentes-Fidedignas-368234489921644\" \/>\n<meta property=\"article:published_time\" content=\"2023-09-21T22:28:34+00:00\" \/>\n<meta property=\"article:modified_time\" content=\"2023-09-21T22:28:35+00:00\" \/>\n<meta property=\"og:image\" content=\"https:\/\/fuentesfidedignas.com.mx\/wp-content\/uploads\/2023\/09\/WhatsApp-Image-2023-09-21-at-1.47.47-PM-e1695335311246.jpeg\" \/>\n\t<meta property=\"og:image:width\" content=\"600\" \/>\n\t<meta property=\"og:image:height\" content=\"401\" \/>\n\t<meta property=\"og:image:type\" content=\"image\/jpeg\" \/>\n<meta name=\"author\" content=\"Redacci\u00f3n\" \/>\n<meta name=\"twitter:card\" content=\"summary_large_image\" \/>\n<meta name=\"twitter:creator\" content=\"@fidedignas\" \/>\n<meta name=\"twitter:site\" content=\"@fidedignas\" \/>\n<meta name=\"twitter:label1\" content=\"Escrito por\" \/>\n\t<meta name=\"twitter:data1\" content=\"Redacci\u00f3n\" \/>\n\t<meta name=\"twitter:label2\" content=\"Tiempo de lectura\" \/>\n\t<meta name=\"twitter:data2\" content=\"3 minutos\" \/>\n<script type=\"application\/ld+json\" class=\"yoast-schema-graph\">{\"@context\":\"https:\\\/\\\/schema.org\",\"@graph\":[{\"@type\":\"Article\",\"@id\":\"https:\\\/\\\/fuentesfidedignas.com.mx\\\/index.php\\\/2023\\\/09\\\/21\\\/jovenes-combatan-el-individualismo-y-posiciones-egoistas-feliciano-castro\\\/#article\",\"isPartOf\":{\"@id\":\"https:\\\/\\\/fuentesfidedignas.com.mx\\\/index.php\\\/2023\\\/09\\\/21\\\/jovenes-combatan-el-individualismo-y-posiciones-egoistas-feliciano-castro\\\/\"},\"author\":{\"name\":\"Redacci\u00f3n\",\"@id\":\"https:\\\/\\\/fuentesfidedignas.com.mx\\\/#\\\/schema\\\/person\\\/331be9283d37198e2acd5750279085b0\"},\"headline\":\"J\u00f3venes, combatan el individualismo y posiciones ego\u00edstas: Feliciano Castro\",\"datePublished\":\"2023-09-21T22:28:34+00:00\",\"dateModified\":\"2023-09-21T22:28:35+00:00\",\"mainEntityOfPage\":{\"@id\":\"https:\\\/\\\/fuentesfidedignas.com.mx\\\/index.php\\\/2023\\\/09\\\/21\\\/jovenes-combatan-el-individualismo-y-posiciones-egoistas-feliciano-castro\\\/\"},\"wordCount\":548,\"commentCount\":0,\"publisher\":{\"@id\":\"https:\\\/\\\/fuentesfidedignas.com.mx\\\/#organization\"},\"image\":{\"@id\":\"https:\\\/\\\/fuentesfidedignas.com.mx\\\/index.php\\\/2023\\\/09\\\/21\\\/jovenes-combatan-el-individualismo-y-posiciones-egoistas-feliciano-castro\\\/#primaryimage\"},\"thumbnailUrl\":\"https:\\\/\\\/fuentesfidedignas.com.mx\\\/wp-content\\\/uploads\\\/2023\\\/09\\\/WhatsApp-Image-2023-09-21-at-1.47.47-PM-e1695335311246.jpeg\",\"inLanguage\":\"es\",\"potentialAction\":[{\"@type\":\"CommentAction\",\"name\":\"Comment\",\"target\":[\"https:\\\/\\\/fuentesfidedignas.com.mx\\\/index.php\\\/2023\\\/09\\\/21\\\/jovenes-combatan-el-individualismo-y-posiciones-egoistas-feliciano-castro\\\/#respond\"]}]},{\"@type\":\"WebPage\",\"@id\":\"https:\\\/\\\/fuentesfidedignas.com.mx\\\/index.php\\\/2023\\\/09\\\/21\\\/jovenes-combatan-el-individualismo-y-posiciones-egoistas-feliciano-castro\\\/\",\"url\":\"https:\\\/\\\/fuentesfidedignas.com.mx\\\/index.php\\\/2023\\\/09\\\/21\\\/jovenes-combatan-el-individualismo-y-posiciones-egoistas-feliciano-castro\\\/\",\"name\":\"J\u00f3venes, combatan el individualismo y posiciones ego\u00edstas: Feliciano Castro - Fuentes Fidedignas\",\"isPartOf\":{\"@id\":\"https:\\\/\\\/fuentesfidedignas.com.mx\\\/#website\"},\"primaryImageOfPage\":{\"@id\":\"https:\\\/\\\/fuentesfidedignas.com.mx\\\/index.php\\\/2023\\\/09\\\/21\\\/jovenes-combatan-el-individualismo-y-posiciones-egoistas-feliciano-castro\\\/#primaryimage\"},\"image\":{\"@id\":\"https:\\\/\\\/fuentesfidedignas.com.mx\\\/index.php\\\/2023\\\/09\\\/21\\\/jovenes-combatan-el-individualismo-y-posiciones-egoistas-feliciano-castro\\\/#primaryimage\"},\"thumbnailUrl\":\"https:\\\/\\\/fuentesfidedignas.com.mx\\\/wp-content\\\/uploads\\\/2023\\\/09\\\/WhatsApp-Image-2023-09-21-at-1.47.47-PM-e1695335311246.jpeg\",\"datePublished\":\"2023-09-21T22:28:34+00:00\",\"dateModified\":\"2023-09-21T22:28:35+00:00\",\"breadcrumb\":{\"@id\":\"https:\\\/\\\/fuentesfidedignas.com.mx\\\/index.php\\\/2023\\\/09\\\/21\\\/jovenes-combatan-el-individualismo-y-posiciones-egoistas-feliciano-castro\\\/#breadcrumb\"},\"inLanguage\":\"es\",\"potentialAction\":[{\"@type\":\"ReadAction\",\"target\":[\"https:\\\/\\\/fuentesfidedignas.com.mx\\\/index.php\\\/2023\\\/09\\\/21\\\/jovenes-combatan-el-individualismo-y-posiciones-egoistas-feliciano-castro\\\/\"]}]},{\"@type\":\"ImageObject\",\"inLanguage\":\"es\",\"@id\":\"https:\\\/\\\/fuentesfidedignas.com.mx\\\/index.php\\\/2023\\\/09\\\/21\\\/jovenes-combatan-el-individualismo-y-posiciones-egoistas-feliciano-castro\\\/#primaryimage\",\"url\":\"https:\\\/\\\/fuentesfidedignas.com.mx\\\/wp-content\\\/uploads\\\/2023\\\/09\\\/WhatsApp-Image-2023-09-21-at-1.47.47-PM-e1695335311246.jpeg\",\"contentUrl\":\"https:\\\/\\\/fuentesfidedignas.com.mx\\\/wp-content\\\/uploads\\\/2023\\\/09\\\/WhatsApp-Image-2023-09-21-at-1.47.47-PM-e1695335311246.jpeg\",\"width\":600,\"height\":401},{\"@type\":\"BreadcrumbList\",\"@id\":\"https:\\\/\\\/fuentesfidedignas.com.mx\\\/index.php\\\/2023\\\/09\\\/21\\\/jovenes-combatan-el-individualismo-y-posiciones-egoistas-feliciano-castro\\\/#breadcrumb\",\"itemListElement\":[{\"@type\":\"ListItem\",\"position\":1,\"name\":\"Inicio\",\"item\":\"https:\\\/\\\/fuentesfidedignas.com.mx\\\/\"},{\"@type\":\"ListItem\",\"position\":2,\"name\":\"J\u00f3venes, combatan el individualismo y posiciones ego\u00edstas: Feliciano Castro\"}]},{\"@type\":\"WebSite\",\"@id\":\"https:\\\/\\\/fuentesfidedignas.com.mx\\\/#website\",\"url\":\"https:\\\/\\\/fuentesfidedignas.com.mx\\\/\",\"name\":\"Fuentes Fidedignas\",\"description\":\"Otro sitio realizado con WordPress\",\"publisher\":{\"@id\":\"https:\\\/\\\/fuentesfidedignas.com.mx\\\/#organization\"},\"potentialAction\":[{\"@type\":\"SearchAction\",\"target\":{\"@type\":\"EntryPoint\",\"urlTemplate\":\"https:\\\/\\\/fuentesfidedignas.com.mx\\\/?s={search_term_string}\"},\"query-input\":{\"@type\":\"PropertyValueSpecification\",\"valueRequired\":true,\"valueName\":\"search_term_string\"}}],\"inLanguage\":\"es\"},{\"@type\":\"Organization\",\"@id\":\"https:\\\/\\\/fuentesfidedignas.com.mx\\\/#organization\",\"name\":\"Fuentes Fidedignas\",\"url\":\"https:\\\/\\\/fuentesfidedignas.com.mx\\\/\",\"logo\":{\"@type\":\"ImageObject\",\"inLanguage\":\"es\",\"@id\":\"https:\\\/\\\/fuentesfidedignas.com.mx\\\/#\\\/schema\\\/logo\\\/image\\\/\",\"url\":\"https:\\\/\\\/fuentesfidedignas.com.mx\\\/wp-content\\\/uploads\\\/2021\\\/04\\\/logo-retina.png\",\"contentUrl\":\"https:\\\/\\\/fuentesfidedignas.com.mx\\\/wp-content\\\/uploads\\\/2021\\\/04\\\/logo-retina.png\",\"width\":280,\"height\":51,\"caption\":\"Fuentes Fidedignas\"},\"image\":{\"@id\":\"https:\\\/\\\/fuentesfidedignas.com.mx\\\/#\\\/schema\\\/logo\\\/image\\\/\"},\"sameAs\":[\"https:\\\/\\\/www.facebook.com\\\/Fuentes-Fidedignas-368234489921644\",\"https:\\\/\\\/x.com\\\/fidedignas\"]},{\"@type\":\"Person\",\"@id\":\"https:\\\/\\\/fuentesfidedignas.com.mx\\\/#\\\/schema\\\/person\\\/331be9283d37198e2acd5750279085b0\",\"name\":\"Redacci\u00f3n\",\"image\":{\"@type\":\"ImageObject\",\"inLanguage\":\"es\",\"@id\":\"https:\\\/\\\/secure.gravatar.com\\\/avatar\\\/f6d8782c11d12b2d4ad3fbb6931aeab5309937a4d6cd2fc9cfaa28a6396a5aec?s=96&d=mm&r=g\",\"url\":\"https:\\\/\\\/secure.gravatar.com\\\/avatar\\\/f6d8782c11d12b2d4ad3fbb6931aeab5309937a4d6cd2fc9cfaa28a6396a5aec?s=96&d=mm&r=g\",\"contentUrl\":\"https:\\\/\\\/secure.gravatar.com\\\/avatar\\\/f6d8782c11d12b2d4ad3fbb6931aeab5309937a4d6cd2fc9cfaa28a6396a5aec?s=96&d=mm&r=g\",\"caption\":\"Redacci\u00f3n\"},\"url\":\"https:\\\/\\\/fuentesfidedignas.com.mx\\\/index.php\\\/author\\\/redaccion\\\/\"}]}<\/script>\n<!-- \/ Yoast SEO plugin. -->","yoast_head_json":{"title":"J\u00f3venes, combatan el individualismo y posiciones ego\u00edstas: Feliciano Castro - Fuentes Fidedignas","robots":{"index":"index","follow":"follow","max-snippet":"max-snippet:-1","max-image-preview":"max-image-preview:large","max-video-preview":"max-video-preview:-1"},"canonical":"https:\/\/fuentesfidedignas.com.mx\/index.php\/2023\/09\/21\/jovenes-combatan-el-individualismo-y-posiciones-egoistas-feliciano-castro\/","og_locale":"es_MX","og_type":"article","og_title":"J\u00f3venes, combatan el individualismo y posiciones ego\u00edstas: Feliciano Castro - Fuentes Fidedignas","og_description":"Culiac\u00e1n, Sin.- El diputado Feliciano Castro Mel\u00e9ndrez invit\u00f3 a j\u00f3venes a crecer en comunidad, a combatir el individualismo, las posiciones ego\u00edstas y a los hombres-eco de los que hablara Zarco. \u201cSean mujeres y hombres de pensamientos propios, con identidad propia, con \u00e9tica y sentido cr\u00edtico, propicien comunidad\u201d. En su mensaje emitido durante la Sesi\u00f3n Solemne [&hellip;]","og_url":"https:\/\/fuentesfidedignas.com.mx\/index.php\/2023\/09\/21\/jovenes-combatan-el-individualismo-y-posiciones-egoistas-feliciano-castro\/","og_site_name":"Fuentes Fidedignas","article_publisher":"https:\/\/www.facebook.com\/Fuentes-Fidedignas-368234489921644","article_published_time":"2023-09-21T22:28:34+00:00","article_modified_time":"2023-09-21T22:28:35+00:00","og_image":[{"width":600,"height":401,"url":"https:\/\/fuentesfidedignas.com.mx\/wp-content\/uploads\/2023\/09\/WhatsApp-Image-2023-09-21-at-1.47.47-PM-e1695335311246.jpeg","type":"image\/jpeg"}],"author":"Redacci\u00f3n","twitter_card":"summary_large_image","twitter_creator":"@fidedignas","twitter_site":"@fidedignas","twitter_misc":{"Escrito por":"Redacci\u00f3n","Tiempo de lectura":"3 minutos"},"schema":{"@context":"https:\/\/schema.org","@graph":[{"@type":"Article","@id":"https:\/\/fuentesfidedignas.com.mx\/index.php\/2023\/09\/21\/jovenes-combatan-el-individualismo-y-posiciones-egoistas-feliciano-castro\/#article","isPartOf":{"@id":"https:\/\/fuentesfidedignas.com.mx\/index.php\/2023\/09\/21\/jovenes-combatan-el-individualismo-y-posiciones-egoistas-feliciano-castro\/"},"author":{"name":"Redacci\u00f3n","@id":"https:\/\/fuentesfidedignas.com.mx\/#\/schema\/person\/331be9283d37198e2acd5750279085b0"},"headline":"J\u00f3venes, combatan el individualismo y posiciones ego\u00edstas: Feliciano Castro","datePublished":"2023-09-21T22:28:34+00:00","dateModified":"2023-09-21T22:28:35+00:00","mainEntityOfPage":{"@id":"https:\/\/fuentesfidedignas.com.mx\/index.php\/2023\/09\/21\/jovenes-combatan-el-individualismo-y-posiciones-egoistas-feliciano-castro\/"},"wordCount":548,"commentCount":0,"publisher":{"@id":"https:\/\/fuentesfidedignas.com.mx\/#organization"},"image":{"@id":"https:\/\/fuentesfidedignas.com.mx\/index.php\/2023\/09\/21\/jovenes-combatan-el-individualismo-y-posiciones-egoistas-feliciano-castro\/#primaryimage"},"thumbnailUrl":"https:\/\/fuentesfidedignas.com.mx\/wp-content\/uploads\/2023\/09\/WhatsApp-Image-2023-09-21-at-1.47.47-PM-e1695335311246.jpeg","inLanguage":"es","potentialAction":[{"@type":"CommentAction","name":"Comment","target":["https:\/\/fuentesfidedignas.com.mx\/index.php\/2023\/09\/21\/jovenes-combatan-el-individualismo-y-posiciones-egoistas-feliciano-castro\/#respond"]}]},{"@type":"WebPage","@id":"https:\/\/fuentesfidedignas.com.mx\/index.php\/2023\/09\/21\/jovenes-combatan-el-individualismo-y-posiciones-egoistas-feliciano-castro\/","url":"https:\/\/fuentesfidedignas.com.mx\/index.php\/2023\/09\/21\/jovenes-combatan-el-individualismo-y-posiciones-egoistas-feliciano-castro\/","name":"J\u00f3venes, combatan el individualismo y posiciones ego\u00edstas: Feliciano Castro - Fuentes Fidedignas","isPartOf":{"@id":"https:\/\/fuentesfidedignas.com.mx\/#website"},"primaryImageOfPage":{"@id":"https:\/\/fuentesfidedignas.com.mx\/index.php\/2023\/09\/21\/jovenes-combatan-el-individualismo-y-posiciones-egoistas-feliciano-castro\/#primaryimage"},"image":{"@id":"https:\/\/fuentesfidedignas.com.mx\/index.php\/2023\/09\/21\/jovenes-combatan-el-individualismo-y-posiciones-egoistas-feliciano-castro\/#primaryimage"},"thumbnailUrl":"https:\/\/fuentesfidedignas.com.mx\/wp-content\/uploads\/2023\/09\/WhatsApp-Image-2023-09-21-at-1.47.47-PM-e1695335311246.jpeg","datePublished":"2023-09-21T22:28:34+00:00","dateModified":"2023-09-21T22:28:35+00:00","breadcrumb":{"@id":"https:\/\/fuentesfidedignas.com.mx\/index.php\/2023\/09\/21\/jovenes-combatan-el-individualismo-y-posiciones-egoistas-feliciano-castro\/#breadcrumb"},"inLanguage":"es","potentialAction":[{"@type":"ReadAction","target":["https:\/\/fuentesfidedignas.com.mx\/index.php\/2023\/09\/21\/jovenes-combatan-el-individualismo-y-posiciones-egoistas-feliciano-castro\/"]}]},{"@type":"ImageObject","inLanguage":"es","@id":"https:\/\/fuentesfidedignas.com.mx\/index.php\/2023\/09\/21\/jovenes-combatan-el-individualismo-y-posiciones-egoistas-feliciano-castro\/#primaryimage","url":"https:\/\/fuentesfidedignas.com.mx\/wp-content\/uploads\/2023\/09\/WhatsApp-Image-2023-09-21-at-1.47.47-PM-e1695335311246.jpeg","contentUrl":"https:\/\/fuentesfidedignas.com.mx\/wp-content\/uploads\/2023\/09\/WhatsApp-Image-2023-09-21-at-1.47.47-PM-e1695335311246.jpeg","width":600,"height":401},{"@type":"BreadcrumbList","@id":"https:\/\/fuentesfidedignas.com.mx\/index.php\/2023\/09\/21\/jovenes-combatan-el-individualismo-y-posiciones-egoistas-feliciano-castro\/#breadcrumb","itemListElement":[{"@type":"ListItem","position":1,"name":"Inicio","item":"https:\/\/fuentesfidedignas.com.mx\/"},{"@type":"ListItem","position":2,"name":"J\u00f3venes, combatan el individualismo y posiciones ego\u00edstas: Feliciano Castro"}]},{"@type":"WebSite","@id":"https:\/\/fuentesfidedignas.com.mx\/#website","url":"https:\/\/fuentesfidedignas.com.mx\/","name":"Fuentes Fidedignas","description":"Otro sitio realizado con WordPress","publisher":{"@id":"https:\/\/fuentesfidedignas.com.mx\/#organization"},"potentialAction":[{"@type":"SearchAction","target":{"@type":"EntryPoint","urlTemplate":"https:\/\/fuentesfidedignas.com.mx\/?s={search_term_string}"},"query-input":{"@type":"PropertyValueSpecification","valueRequired":true,"valueName":"search_term_string"}}],"inLanguage":"es"},{"@type":"Organization","@id":"https:\/\/fuentesfidedignas.com.mx\/#organization","name":"Fuentes Fidedignas","url":"https:\/\/fuentesfidedignas.com.mx\/","logo":{"@type":"ImageObject","inLanguage":"es","@id":"https:\/\/fuentesfidedignas.com.mx\/#\/schema\/logo\/image\/","url":"https:\/\/fuentesfidedignas.com.mx\/wp-content\/uploads\/2021\/04\/logo-retina.png","contentUrl":"https:\/\/fuentesfidedignas.com.mx\/wp-content\/uploads\/2021\/04\/logo-retina.png","width":280,"height":51,"caption":"Fuentes Fidedignas"},"image":{"@id":"https:\/\/fuentesfidedignas.com.mx\/#\/schema\/logo\/image\/"},"sameAs":["https:\/\/www.facebook.com\/Fuentes-Fidedignas-368234489921644","https:\/\/x.com\/fidedignas"]},{"@type":"Person","@id":"https:\/\/fuentesfidedignas.com.mx\/#\/schema\/person\/331be9283d37198e2acd5750279085b0","name":"Redacci\u00f3n","image":{"@type":"ImageObject","inLanguage":"es","@id":"https:\/\/secure.gravatar.com\/avatar\/f6d8782c11d12b2d4ad3fbb6931aeab5309937a4d6cd2fc9cfaa28a6396a5aec?s=96&d=mm&r=g","url":"https:\/\/secure.gravatar.com\/avatar\/f6d8782c11d12b2d4ad3fbb6931aeab5309937a4d6cd2fc9cfaa28a6396a5aec?s=96&d=mm&r=g","contentUrl":"https:\/\/secure.gravatar.com\/avatar\/f6d8782c11d12b2d4ad3fbb6931aeab5309937a4d6cd2fc9cfaa28a6396a5aec?s=96&d=mm&r=g","caption":"Redacci\u00f3n"},"url":"https:\/\/fuentesfidedignas.com.mx\/index.php\/author\/redaccion\/"}]}},"_links":{"self":[{"href":"https:\/\/fuentesfidedignas.com.mx\/index.php\/wp-json\/wp\/v2\/posts\/59897","targetHints":{"allow":["GET"]}}],"collection":[{"href":"https:\/\/fuentesfidedignas.com.mx\/index.php\/wp-json\/wp\/v2\/posts"}],"about":[{"href":"https:\/\/fuentesfidedignas.com.mx\/index.php\/wp-json\/wp\/v2\/types\/post"}],"author":[{"embeddable":true,"href":"https:\/\/fuentesfidedignas.com.mx\/index.php\/wp-json\/wp\/v2\/users\/4"}],"replies":[{"embeddable":true,"href":"https:\/\/fuentesfidedignas.com.mx\/index.php\/wp-json\/wp\/v2\/comments?post=59897"}],"version-history":[{"count":1,"href":"https:\/\/fuentesfidedignas.com.mx\/index.php\/wp-json\/wp\/v2\/posts\/59897\/revisions"}],"predecessor-version":[{"id":59899,"href":"https:\/\/fuentesfidedignas.com.mx\/index.php\/wp-json\/wp\/v2\/posts\/59897\/revisions\/59899"}],"wp:featuredmedia":[{"embeddable":true,"href":"https:\/\/fuentesfidedignas.com.mx\/index.php\/wp-json\/wp\/v2\/media\/59898"}],"wp:attachment":[{"href":"https:\/\/fuentesfidedignas.com.mx\/index.php\/wp-json\/wp\/v2\/media?parent=59897"}],"wp:term":[{"taxonomy":"category","embeddable":true,"href":"https:\/\/fuentesfidedignas.com.mx\/index.php\/wp-json\/wp\/v2\/categories?post=59897"},{"taxonomy":"post_tag","embeddable":true,"href":"https:\/\/fuentesfidedignas.com.mx\/index.php\/wp-json\/wp\/v2\/tags?post=59897"}],"curies":[{"name":"wp","href":"https:\/\/api.w.org\/{rel}","templated":true}]}}