{"id":59783,"date":"2023-09-20T16:54:12","date_gmt":"2023-09-20T23:54:12","guid":{"rendered":"https:\/\/fuentesfidedignas.com.mx\/?p=59783"},"modified":"2023-09-20T16:54:36","modified_gmt":"2023-09-20T23:54:36","slug":"semar-acumula-mas-de-147-toneladas-de-cocaina-decomisadas-en-lo-que-va-de-2023","status":"publish","type":"post","link":"https:\/\/fuentesfidedignas.com.mx\/index.php\/2023\/09\/20\/semar-acumula-mas-de-147-toneladas-de-cocaina-decomisadas-en-lo-que-va-de-2023\/","title":{"rendered":"Semar acumula m\u00e1s de 147 toneladas de coca\u00edna decomisadas en lo que va de 2023"},"content":{"rendered":"\n<p><strong><em>La Semar anunci\u00f3 un r\u00e9cord hist\u00f3rico de aseguramientos de drogas, en especial de coca\u00edna y metanfetamina<\/em><\/strong><\/p>\n\n\n\n<p>Ciudad de M\u00e9xico.- La Secretar\u00eda de Marina (Semar) dio a conocer un r\u00e9cord hist\u00f3rico de aseguramientos en lo que va de 2023, en comparaci\u00f3n con los cuatro a\u00f1os previos del actual Gobierno Federal.<\/p>\n\n\n\n<p>A trav\u00e9s de la Armada de M\u00e9xico se ha efectuado la localizaci\u00f3n y seguimiento en el mar de embarcaciones contrabandistas que intentaban introducir droga al territorio nacional.<\/p>\n\n\n\n<p>En una acci\u00f3n sin precedentes se aseguraron al suroeste de L\u00e1zaro C\u00e1rdenas, Michoac\u00e1n, un semisumergible y siete embarcaciones contrabandistas.<\/p>\n\n\n\n<p>Ello implic\u00f3 una afectaci\u00f3n econ\u00f3mica a grupos delictivos estimada en 7.29 millones de d\u00f3lares.<\/p>\n\n\n\n<p>En total, en lo que va de 2023 se han asegurado 59 embarcaciones y tres semisumergibles.<\/p>\n\n\n\n<p>Asimismo suman 195 personas detenidas y el decomiso de 40 mil 969 kilogramos de drogas y 69 mil 297 litros de combustible.<\/p>\n\n\n\n<p>En coordinaci\u00f3n con la Fiscal\u00eda General de la Rep\u00fablica (FGR) se han localizado, inhabilitado y destru\u00eddo 131 laboratorios clandestinos, en los que se aseguraron 242 toneladas de metanfetamina y 350 toneladas de precursores qu\u00edmicos.<\/p>\n\n\n\n<p>En aduanas y puertos se han asegurado 86 mil 820 kilos de carga con coca\u00edna; 55 mil kilos de carga con metanfetamina; 15 mil 31 kilos de metanfetamina; 107 kilos de coca\u00edna y 7 mil 322 kilos de precursores qu\u00edmicos.<\/p>\n\n\n\n<p>Y en el Aeropuerto Internacional de la Ciudad de M\u00e9xico, 36 eventos relevantes motivaron el aseguramiento de 214 kilos de metanfetamina.<\/p>\n","protected":false},"excerpt":{"rendered":"<p>La Semar anunci\u00f3 un r\u00e9cord hist\u00f3rico de aseguramientos de drogas, en especial de coca\u00edna y metanfetamina Ciudad de M\u00e9xico.- La Secretar\u00eda de Marina (Semar) dio a conocer un r\u00e9cord hist\u00f3rico de aseguramientos en lo que va de 2023, en comparaci\u00f3n con los cuatro a\u00f1os previos del actual Gobierno Federal. A trav\u00e9s de la Armada de [&hellip;]<\/p>\n","protected":false},"author":47,"featured_media":59784,"comment_status":"open","ping_status":"open","sticky":false,"template":"","format":"standard","meta":{"tdm_status":"","tdm_grid_status":"","footnotes":""},"categories":[39],"tags":[],"class_list":{"0":"post-59783","1":"post","2":"type-post","3":"status-publish","4":"format-standard","5":"has-post-thumbnail","7":"category-noticias-nacionales"},"yoast_head":"<!-- This site is optimized with the Yoast SEO plugin v27.5 - https:\/\/yoast.com\/product\/yoast-seo-wordpress\/ -->\n<title>Semar acumula m\u00e1s de 147 toneladas de coca\u00edna decomisadas en lo que va de 2023 - Fuentes Fidedignas<\/title>\n<meta name=\"robots\" content=\"index, follow, max-snippet:-1, max-image-preview:large, max-video-preview:-1\" \/>\n<link rel=\"canonical\" href=\"https:\/\/fuentesfidedignas.com.mx\/index.php\/2023\/09\/20\/semar-acumula-mas-de-147-toneladas-de-cocaina-decomisadas-en-lo-que-va-de-2023\/\" \/>\n<meta property=\"og:locale\" content=\"es_MX\" \/>\n<meta property=\"og:type\" content=\"article\" \/>\n<meta property=\"og:title\" content=\"Semar acumula m\u00e1s de 147 toneladas de coca\u00edna decomisadas en lo que va de 2023 - Fuentes Fidedignas\" \/>\n<meta property=\"og:description\" content=\"La Semar anunci\u00f3 un r\u00e9cord hist\u00f3rico de aseguramientos de drogas, en especial de coca\u00edna y metanfetamina Ciudad de M\u00e9xico.- La Secretar\u00eda de Marina (Semar) dio a conocer un r\u00e9cord hist\u00f3rico de aseguramientos en lo que va de 2023, en comparaci\u00f3n con los cuatro a\u00f1os previos del actual Gobierno Federal. A trav\u00e9s de la Armada de [&hellip;]\" \/>\n<meta property=\"og:url\" content=\"https:\/\/fuentesfidedignas.com.mx\/index.php\/2023\/09\/20\/semar-acumula-mas-de-147-toneladas-de-cocaina-decomisadas-en-lo-que-va-de-2023\/\" \/>\n<meta property=\"og:site_name\" content=\"Fuentes Fidedignas\" \/>\n<meta property=\"article:publisher\" content=\"https:\/\/www.facebook.com\/Fuentes-Fidedignas-368234489921644\" \/>\n<meta property=\"article:published_time\" content=\"2023-09-20T23:54:12+00:00\" \/>\n<meta property=\"article:modified_time\" content=\"2023-09-20T23:54:36+00:00\" \/>\n<meta property=\"og:image\" content=\"https:\/\/fuentesfidedignas.com.mx\/wp-content\/uploads\/2023\/09\/MARINA_DROGA.jpg\" \/>\n\t<meta property=\"og:image:width\" content=\"900\" \/>\n\t<meta property=\"og:image:height\" content=\"467\" \/>\n\t<meta property=\"og:image:type\" content=\"image\/jpeg\" \/>\n<meta name=\"author\" content=\"L\u00f3pez D\u00f3riga\" \/>\n<meta name=\"twitter:card\" content=\"summary_large_image\" \/>\n<meta name=\"twitter:creator\" content=\"@fidedignas\" \/>\n<meta name=\"twitter:site\" content=\"@fidedignas\" \/>\n<meta name=\"twitter:label1\" content=\"Escrito por\" \/>\n\t<meta name=\"twitter:data1\" content=\"L\u00f3pez D\u00f3riga\" \/>\n\t<meta name=\"twitter:label2\" content=\"Tiempo de lectura\" \/>\n\t<meta name=\"twitter:data2\" content=\"2 minutos\" \/>\n<script type=\"application\/ld+json\" class=\"yoast-schema-graph\">{\"@context\":\"https:\\\/\\\/schema.org\",\"@graph\":[{\"@type\":\"Article\",\"@id\":\"https:\\\/\\\/fuentesfidedignas.com.mx\\\/index.php\\\/2023\\\/09\\\/20\\\/semar-acumula-mas-de-147-toneladas-de-cocaina-decomisadas-en-lo-que-va-de-2023\\\/#article\",\"isPartOf\":{\"@id\":\"https:\\\/\\\/fuentesfidedignas.com.mx\\\/index.php\\\/2023\\\/09\\\/20\\\/semar-acumula-mas-de-147-toneladas-de-cocaina-decomisadas-en-lo-que-va-de-2023\\\/\"},\"author\":{\"name\":\"L\u00f3pez D\u00f3riga\",\"@id\":\"https:\\\/\\\/fuentesfidedignas.com.mx\\\/#\\\/schema\\\/person\\\/67d852f0557c8509146a4b9ddebd543a\"},\"headline\":\"Semar acumula m\u00e1s de 147 toneladas de coca\u00edna decomisadas en lo que va de 2023\",\"datePublished\":\"2023-09-20T23:54:12+00:00\",\"dateModified\":\"2023-09-20T23:54:36+00:00\",\"mainEntityOfPage\":{\"@id\":\"https:\\\/\\\/fuentesfidedignas.com.mx\\\/index.php\\\/2023\\\/09\\\/20\\\/semar-acumula-mas-de-147-toneladas-de-cocaina-decomisadas-en-lo-que-va-de-2023\\\/\"},\"wordCount\":264,\"commentCount\":0,\"publisher\":{\"@id\":\"https:\\\/\\\/fuentesfidedignas.com.mx\\\/#organization\"},\"image\":{\"@id\":\"https:\\\/\\\/fuentesfidedignas.com.mx\\\/index.php\\\/2023\\\/09\\\/20\\\/semar-acumula-mas-de-147-toneladas-de-cocaina-decomisadas-en-lo-que-va-de-2023\\\/#primaryimage\"},\"thumbnailUrl\":\"https:\\\/\\\/fuentesfidedignas.com.mx\\\/wp-content\\\/uploads\\\/2023\\\/09\\\/MARINA_DROGA.jpg\",\"articleSection\":[\"NOTICIAS NACIONALES\"],\"inLanguage\":\"es\",\"potentialAction\":[{\"@type\":\"CommentAction\",\"name\":\"Comment\",\"target\":[\"https:\\\/\\\/fuentesfidedignas.com.mx\\\/index.php\\\/2023\\\/09\\\/20\\\/semar-acumula-mas-de-147-toneladas-de-cocaina-decomisadas-en-lo-que-va-de-2023\\\/#respond\"]}]},{\"@type\":\"WebPage\",\"@id\":\"https:\\\/\\\/fuentesfidedignas.com.mx\\\/index.php\\\/2023\\\/09\\\/20\\\/semar-acumula-mas-de-147-toneladas-de-cocaina-decomisadas-en-lo-que-va-de-2023\\\/\",\"url\":\"https:\\\/\\\/fuentesfidedignas.com.mx\\\/index.php\\\/2023\\\/09\\\/20\\\/semar-acumula-mas-de-147-toneladas-de-cocaina-decomisadas-en-lo-que-va-de-2023\\\/\",\"name\":\"Semar acumula m\u00e1s de 147 toneladas de coca\u00edna decomisadas en lo que va de 2023 - Fuentes Fidedignas\",\"isPartOf\":{\"@id\":\"https:\\\/\\\/fuentesfidedignas.com.mx\\\/#website\"},\"primaryImageOfPage\":{\"@id\":\"https:\\\/\\\/fuentesfidedignas.com.mx\\\/index.php\\\/2023\\\/09\\\/20\\\/semar-acumula-mas-de-147-toneladas-de-cocaina-decomisadas-en-lo-que-va-de-2023\\\/#primaryimage\"},\"image\":{\"@id\":\"https:\\\/\\\/fuentesfidedignas.com.mx\\\/index.php\\\/2023\\\/09\\\/20\\\/semar-acumula-mas-de-147-toneladas-de-cocaina-decomisadas-en-lo-que-va-de-2023\\\/#primaryimage\"},\"thumbnailUrl\":\"https:\\\/\\\/fuentesfidedignas.com.mx\\\/wp-content\\\/uploads\\\/2023\\\/09\\\/MARINA_DROGA.jpg\",\"datePublished\":\"2023-09-20T23:54:12+00:00\",\"dateModified\":\"2023-09-20T23:54:36+00:00\",\"breadcrumb\":{\"@id\":\"https:\\\/\\\/fuentesfidedignas.com.mx\\\/index.php\\\/2023\\\/09\\\/20\\\/semar-acumula-mas-de-147-toneladas-de-cocaina-decomisadas-en-lo-que-va-de-2023\\\/#breadcrumb\"},\"inLanguage\":\"es\",\"potentialAction\":[{\"@type\":\"ReadAction\",\"target\":[\"https:\\\/\\\/fuentesfidedignas.com.mx\\\/index.php\\\/2023\\\/09\\\/20\\\/semar-acumula-mas-de-147-toneladas-de-cocaina-decomisadas-en-lo-que-va-de-2023\\\/\"]}]},{\"@type\":\"ImageObject\",\"inLanguage\":\"es\",\"@id\":\"https:\\\/\\\/fuentesfidedignas.com.mx\\\/index.php\\\/2023\\\/09\\\/20\\\/semar-acumula-mas-de-147-toneladas-de-cocaina-decomisadas-en-lo-que-va-de-2023\\\/#primaryimage\",\"url\":\"https:\\\/\\\/fuentesfidedignas.com.mx\\\/wp-content\\\/uploads\\\/2023\\\/09\\\/MARINA_DROGA.jpg\",\"contentUrl\":\"https:\\\/\\\/fuentesfidedignas.com.mx\\\/wp-content\\\/uploads\\\/2023\\\/09\\\/MARINA_DROGA.jpg\",\"width\":900,\"height\":467},{\"@type\":\"BreadcrumbList\",\"@id\":\"https:\\\/\\\/fuentesfidedignas.com.mx\\\/index.php\\\/2023\\\/09\\\/20\\\/semar-acumula-mas-de-147-toneladas-de-cocaina-decomisadas-en-lo-que-va-de-2023\\\/#breadcrumb\",\"itemListElement\":[{\"@type\":\"ListItem\",\"position\":1,\"name\":\"Inicio\",\"item\":\"https:\\\/\\\/fuentesfidedignas.com.mx\\\/\"},{\"@type\":\"ListItem\",\"position\":2,\"name\":\"Semar acumula m\u00e1s de 147 toneladas de coca\u00edna decomisadas en lo que va de 2023\"}]},{\"@type\":\"WebSite\",\"@id\":\"https:\\\/\\\/fuentesfidedignas.com.mx\\\/#website\",\"url\":\"https:\\\/\\\/fuentesfidedignas.com.mx\\\/\",\"name\":\"Fuentes Fidedignas\",\"description\":\"Otro sitio realizado con WordPress\",\"publisher\":{\"@id\":\"https:\\\/\\\/fuentesfidedignas.com.mx\\\/#organization\"},\"potentialAction\":[{\"@type\":\"SearchAction\",\"target\":{\"@type\":\"EntryPoint\",\"urlTemplate\":\"https:\\\/\\\/fuentesfidedignas.com.mx\\\/?s={search_term_string}\"},\"query-input\":{\"@type\":\"PropertyValueSpecification\",\"valueRequired\":true,\"valueName\":\"search_term_string\"}}],\"inLanguage\":\"es\"},{\"@type\":\"Organization\",\"@id\":\"https:\\\/\\\/fuentesfidedignas.com.mx\\\/#organization\",\"name\":\"Fuentes Fidedignas\",\"url\":\"https:\\\/\\\/fuentesfidedignas.com.mx\\\/\",\"logo\":{\"@type\":\"ImageObject\",\"inLanguage\":\"es\",\"@id\":\"https:\\\/\\\/fuentesfidedignas.com.mx\\\/#\\\/schema\\\/logo\\\/image\\\/\",\"url\":\"https:\\\/\\\/fuentesfidedignas.com.mx\\\/wp-content\\\/uploads\\\/2021\\\/04\\\/logo-retina.png\",\"contentUrl\":\"https:\\\/\\\/fuentesfidedignas.com.mx\\\/wp-content\\\/uploads\\\/2021\\\/04\\\/logo-retina.png\",\"width\":280,\"height\":51,\"caption\":\"Fuentes Fidedignas\"},\"image\":{\"@id\":\"https:\\\/\\\/fuentesfidedignas.com.mx\\\/#\\\/schema\\\/logo\\\/image\\\/\"},\"sameAs\":[\"https:\\\/\\\/www.facebook.com\\\/Fuentes-Fidedignas-368234489921644\",\"https:\\\/\\\/x.com\\\/fidedignas\"]},{\"@type\":\"Person\",\"@id\":\"https:\\\/\\\/fuentesfidedignas.com.mx\\\/#\\\/schema\\\/person\\\/67d852f0557c8509146a4b9ddebd543a\",\"name\":\"L\u00f3pez D\u00f3riga\",\"image\":{\"@type\":\"ImageObject\",\"inLanguage\":\"es\",\"@id\":\"https:\\\/\\\/secure.gravatar.com\\\/avatar\\\/e525b06574ca18b33cded59dfe5778d6c823b9513154eff47da551b0551bdd1e?s=96&d=mm&r=g\",\"url\":\"https:\\\/\\\/secure.gravatar.com\\\/avatar\\\/e525b06574ca18b33cded59dfe5778d6c823b9513154eff47da551b0551bdd1e?s=96&d=mm&r=g\",\"contentUrl\":\"https:\\\/\\\/secure.gravatar.com\\\/avatar\\\/e525b06574ca18b33cded59dfe5778d6c823b9513154eff47da551b0551bdd1e?s=96&d=mm&r=g\",\"caption\":\"L\u00f3pez D\u00f3riga\"},\"url\":\"https:\\\/\\\/fuentesfidedignas.com.mx\\\/index.php\\\/author\\\/doriga\\\/\"}]}<\/script>\n<!-- \/ Yoast SEO plugin. -->","yoast_head_json":{"title":"Semar acumula m\u00e1s de 147 toneladas de coca\u00edna decomisadas en lo que va de 2023 - Fuentes Fidedignas","robots":{"index":"index","follow":"follow","max-snippet":"max-snippet:-1","max-image-preview":"max-image-preview:large","max-video-preview":"max-video-preview:-1"},"canonical":"https:\/\/fuentesfidedignas.com.mx\/index.php\/2023\/09\/20\/semar-acumula-mas-de-147-toneladas-de-cocaina-decomisadas-en-lo-que-va-de-2023\/","og_locale":"es_MX","og_type":"article","og_title":"Semar acumula m\u00e1s de 147 toneladas de coca\u00edna decomisadas en lo que va de 2023 - Fuentes Fidedignas","og_description":"La Semar anunci\u00f3 un r\u00e9cord hist\u00f3rico de aseguramientos de drogas, en especial de coca\u00edna y metanfetamina Ciudad de M\u00e9xico.- La Secretar\u00eda de Marina (Semar) dio a conocer un r\u00e9cord hist\u00f3rico de aseguramientos en lo que va de 2023, en comparaci\u00f3n con los cuatro a\u00f1os previos del actual Gobierno Federal. A trav\u00e9s de la Armada de [&hellip;]","og_url":"https:\/\/fuentesfidedignas.com.mx\/index.php\/2023\/09\/20\/semar-acumula-mas-de-147-toneladas-de-cocaina-decomisadas-en-lo-que-va-de-2023\/","og_site_name":"Fuentes Fidedignas","article_publisher":"https:\/\/www.facebook.com\/Fuentes-Fidedignas-368234489921644","article_published_time":"2023-09-20T23:54:12+00:00","article_modified_time":"2023-09-20T23:54:36+00:00","og_image":[{"width":900,"height":467,"url":"https:\/\/fuentesfidedignas.com.mx\/wp-content\/uploads\/2023\/09\/MARINA_DROGA.jpg","type":"image\/jpeg"}],"author":"L\u00f3pez D\u00f3riga","twitter_card":"summary_large_image","twitter_creator":"@fidedignas","twitter_site":"@fidedignas","twitter_misc":{"Escrito por":"L\u00f3pez D\u00f3riga","Tiempo de lectura":"2 minutos"},"schema":{"@context":"https:\/\/schema.org","@graph":[{"@type":"Article","@id":"https:\/\/fuentesfidedignas.com.mx\/index.php\/2023\/09\/20\/semar-acumula-mas-de-147-toneladas-de-cocaina-decomisadas-en-lo-que-va-de-2023\/#article","isPartOf":{"@id":"https:\/\/fuentesfidedignas.com.mx\/index.php\/2023\/09\/20\/semar-acumula-mas-de-147-toneladas-de-cocaina-decomisadas-en-lo-que-va-de-2023\/"},"author":{"name":"L\u00f3pez D\u00f3riga","@id":"https:\/\/fuentesfidedignas.com.mx\/#\/schema\/person\/67d852f0557c8509146a4b9ddebd543a"},"headline":"Semar acumula m\u00e1s de 147 toneladas de coca\u00edna decomisadas en lo que va de 2023","datePublished":"2023-09-20T23:54:12+00:00","dateModified":"2023-09-20T23:54:36+00:00","mainEntityOfPage":{"@id":"https:\/\/fuentesfidedignas.com.mx\/index.php\/2023\/09\/20\/semar-acumula-mas-de-147-toneladas-de-cocaina-decomisadas-en-lo-que-va-de-2023\/"},"wordCount":264,"commentCount":0,"publisher":{"@id":"https:\/\/fuentesfidedignas.com.mx\/#organization"},"image":{"@id":"https:\/\/fuentesfidedignas.com.mx\/index.php\/2023\/09\/20\/semar-acumula-mas-de-147-toneladas-de-cocaina-decomisadas-en-lo-que-va-de-2023\/#primaryimage"},"thumbnailUrl":"https:\/\/fuentesfidedignas.com.mx\/wp-content\/uploads\/2023\/09\/MARINA_DROGA.jpg","articleSection":["NOTICIAS NACIONALES"],"inLanguage":"es","potentialAction":[{"@type":"CommentAction","name":"Comment","target":["https:\/\/fuentesfidedignas.com.mx\/index.php\/2023\/09\/20\/semar-acumula-mas-de-147-toneladas-de-cocaina-decomisadas-en-lo-que-va-de-2023\/#respond"]}]},{"@type":"WebPage","@id":"https:\/\/fuentesfidedignas.com.mx\/index.php\/2023\/09\/20\/semar-acumula-mas-de-147-toneladas-de-cocaina-decomisadas-en-lo-que-va-de-2023\/","url":"https:\/\/fuentesfidedignas.com.mx\/index.php\/2023\/09\/20\/semar-acumula-mas-de-147-toneladas-de-cocaina-decomisadas-en-lo-que-va-de-2023\/","name":"Semar acumula m\u00e1s de 147 toneladas de coca\u00edna decomisadas en lo que va de 2023 - Fuentes Fidedignas","isPartOf":{"@id":"https:\/\/fuentesfidedignas.com.mx\/#website"},"primaryImageOfPage":{"@id":"https:\/\/fuentesfidedignas.com.mx\/index.php\/2023\/09\/20\/semar-acumula-mas-de-147-toneladas-de-cocaina-decomisadas-en-lo-que-va-de-2023\/#primaryimage"},"image":{"@id":"https:\/\/fuentesfidedignas.com.mx\/index.php\/2023\/09\/20\/semar-acumula-mas-de-147-toneladas-de-cocaina-decomisadas-en-lo-que-va-de-2023\/#primaryimage"},"thumbnailUrl":"https:\/\/fuentesfidedignas.com.mx\/wp-content\/uploads\/2023\/09\/MARINA_DROGA.jpg","datePublished":"2023-09-20T23:54:12+00:00","dateModified":"2023-09-20T23:54:36+00:00","breadcrumb":{"@id":"https:\/\/fuentesfidedignas.com.mx\/index.php\/2023\/09\/20\/semar-acumula-mas-de-147-toneladas-de-cocaina-decomisadas-en-lo-que-va-de-2023\/#breadcrumb"},"inLanguage":"es","potentialAction":[{"@type":"ReadAction","target":["https:\/\/fuentesfidedignas.com.mx\/index.php\/2023\/09\/20\/semar-acumula-mas-de-147-toneladas-de-cocaina-decomisadas-en-lo-que-va-de-2023\/"]}]},{"@type":"ImageObject","inLanguage":"es","@id":"https:\/\/fuentesfidedignas.com.mx\/index.php\/2023\/09\/20\/semar-acumula-mas-de-147-toneladas-de-cocaina-decomisadas-en-lo-que-va-de-2023\/#primaryimage","url":"https:\/\/fuentesfidedignas.com.mx\/wp-content\/uploads\/2023\/09\/MARINA_DROGA.jpg","contentUrl":"https:\/\/fuentesfidedignas.com.mx\/wp-content\/uploads\/2023\/09\/MARINA_DROGA.jpg","width":900,"height":467},{"@type":"BreadcrumbList","@id":"https:\/\/fuentesfidedignas.com.mx\/index.php\/2023\/09\/20\/semar-acumula-mas-de-147-toneladas-de-cocaina-decomisadas-en-lo-que-va-de-2023\/#breadcrumb","itemListElement":[{"@type":"ListItem","position":1,"name":"Inicio","item":"https:\/\/fuentesfidedignas.com.mx\/"},{"@type":"ListItem","position":2,"name":"Semar acumula m\u00e1s de 147 toneladas de coca\u00edna decomisadas en lo que va de 2023"}]},{"@type":"WebSite","@id":"https:\/\/fuentesfidedignas.com.mx\/#website","url":"https:\/\/fuentesfidedignas.com.mx\/","name":"Fuentes Fidedignas","description":"Otro sitio realizado con WordPress","publisher":{"@id":"https:\/\/fuentesfidedignas.com.mx\/#organization"},"potentialAction":[{"@type":"SearchAction","target":{"@type":"EntryPoint","urlTemplate":"https:\/\/fuentesfidedignas.com.mx\/?s={search_term_string}"},"query-input":{"@type":"PropertyValueSpecification","valueRequired":true,"valueName":"search_term_string"}}],"inLanguage":"es"},{"@type":"Organization","@id":"https:\/\/fuentesfidedignas.com.mx\/#organization","name":"Fuentes Fidedignas","url":"https:\/\/fuentesfidedignas.com.mx\/","logo":{"@type":"ImageObject","inLanguage":"es","@id":"https:\/\/fuentesfidedignas.com.mx\/#\/schema\/logo\/image\/","url":"https:\/\/fuentesfidedignas.com.mx\/wp-content\/uploads\/2021\/04\/logo-retina.png","contentUrl":"https:\/\/fuentesfidedignas.com.mx\/wp-content\/uploads\/2021\/04\/logo-retina.png","width":280,"height":51,"caption":"Fuentes Fidedignas"},"image":{"@id":"https:\/\/fuentesfidedignas.com.mx\/#\/schema\/logo\/image\/"},"sameAs":["https:\/\/www.facebook.com\/Fuentes-Fidedignas-368234489921644","https:\/\/x.com\/fidedignas"]},{"@type":"Person","@id":"https:\/\/fuentesfidedignas.com.mx\/#\/schema\/person\/67d852f0557c8509146a4b9ddebd543a","name":"L\u00f3pez D\u00f3riga","image":{"@type":"ImageObject","inLanguage":"es","@id":"https:\/\/secure.gravatar.com\/avatar\/e525b06574ca18b33cded59dfe5778d6c823b9513154eff47da551b0551bdd1e?s=96&d=mm&r=g","url":"https:\/\/secure.gravatar.com\/avatar\/e525b06574ca18b33cded59dfe5778d6c823b9513154eff47da551b0551bdd1e?s=96&d=mm&r=g","contentUrl":"https:\/\/secure.gravatar.com\/avatar\/e525b06574ca18b33cded59dfe5778d6c823b9513154eff47da551b0551bdd1e?s=96&d=mm&r=g","caption":"L\u00f3pez D\u00f3riga"},"url":"https:\/\/fuentesfidedignas.com.mx\/index.php\/author\/doriga\/"}]}},"_links":{"self":[{"href":"https:\/\/fuentesfidedignas.com.mx\/index.php\/wp-json\/wp\/v2\/posts\/59783","targetHints":{"allow":["GET"]}}],"collection":[{"href":"https:\/\/fuentesfidedignas.com.mx\/index.php\/wp-json\/wp\/v2\/posts"}],"about":[{"href":"https:\/\/fuentesfidedignas.com.mx\/index.php\/wp-json\/wp\/v2\/types\/post"}],"author":[{"embeddable":true,"href":"https:\/\/fuentesfidedignas.com.mx\/index.php\/wp-json\/wp\/v2\/users\/47"}],"replies":[{"embeddable":true,"href":"https:\/\/fuentesfidedignas.com.mx\/index.php\/wp-json\/wp\/v2\/comments?post=59783"}],"version-history":[{"count":1,"href":"https:\/\/fuentesfidedignas.com.mx\/index.php\/wp-json\/wp\/v2\/posts\/59783\/revisions"}],"predecessor-version":[{"id":59785,"href":"https:\/\/fuentesfidedignas.com.mx\/index.php\/wp-json\/wp\/v2\/posts\/59783\/revisions\/59785"}],"wp:featuredmedia":[{"embeddable":true,"href":"https:\/\/fuentesfidedignas.com.mx\/index.php\/wp-json\/wp\/v2\/media\/59784"}],"wp:attachment":[{"href":"https:\/\/fuentesfidedignas.com.mx\/index.php\/wp-json\/wp\/v2\/media?parent=59783"}],"wp:term":[{"taxonomy":"category","embeddable":true,"href":"https:\/\/fuentesfidedignas.com.mx\/index.php\/wp-json\/wp\/v2\/categories?post=59783"},{"taxonomy":"post_tag","embeddable":true,"href":"https:\/\/fuentesfidedignas.com.mx\/index.php\/wp-json\/wp\/v2\/tags?post=59783"}],"curies":[{"name":"wp","href":"https:\/\/api.w.org\/{rel}","templated":true}]}}