{"id":59775,"date":"2023-09-20T14:29:49","date_gmt":"2023-09-20T21:29:49","guid":{"rendered":"https:\/\/fuentesfidedignas.com.mx\/?p=59775"},"modified":"2023-09-20T17:26:25","modified_gmt":"2023-09-21T00:26:25","slug":"acercan-servicios-y-programas-de-economia-a-comerciantes-del-centro-de-culiacan","status":"publish","type":"post","link":"https:\/\/fuentesfidedignas.com.mx\/index.php\/2023\/09\/20\/acercan-servicios-y-programas-de-economia-a-comerciantes-del-centro-de-culiacan\/","title":{"rendered":"Acercan servicios y programas de Econom\u00eda a comerciantes del centro de Culiac\u00e1n"},"content":{"rendered":"\n<p><em><strong>El objetivo es estar m\u00e1s cerca de los comerciantes y de las empresas, \u201cpor eso salimos a las calles para acercarles las oportunidades que tiene la Secretar\u00eda de Econom\u00eda\u201d, dijo el subsecretario de Fomento Econ\u00f3mico, Ahuizotl L\u00f3pez <\/strong><\/em><\/p>\n\n\n\n<p>Culiac\u00e1n, Sin.- Brigadas de personal de la Secretar\u00eda de Econom\u00eda recorri\u00f3 el primer cuadro del centro de Culiac\u00e1n, visitando los comercios y locales de las MiPyMES para informar de los diferentes servicios empresariales con que cuenta la dependencia.<\/p>\n\n\n\n<p>El subsecretario de Fomento Econ\u00f3mico, Ahuizotl L\u00f3pez Apodaca dijo que en el Gobierno de Rub\u00e9n Rocha Moya el objetivo es estar m\u00e1s cerca de los comerciantes y de las empresas, para acercarles las oportunidades que les ofrece la Secretar\u00eda de Econom\u00eda.<\/p>\n\n\n\n<p>\u201c<strong>Es un acercamiento de la Secretar\u00eda de Econom\u00eda con cada uno de los programas, y los aproveche el comerciante<\/strong>\u201d, mencion\u00f3 en el recorrido de hoy.<\/p>\n\n\n\n<p>Inform\u00f3 que hoy iniciaron en Culiac\u00e1n y posteriormente empezar\u00e1n a visitar los dem\u00e1s municipios del estado, llevando la informaci\u00f3n hasta donde est\u00e1 el comerciante y el empresario.<\/p>\n\n\n\n<p>Los servicios empresariales que tiene a disposici\u00f3n la Secretar\u00eda de Econom\u00eda para las MiPyMES son: registro de marca, c\u00f3digo de barra, tabla nutrimental, env\u00edos nacionales e internacionales de productos, p\u00e1ginas web, servicios contables, servicios notariales, consultor\u00eda laboral, dise\u00f1o de logotipo, publicidad, consultor\u00eda y opiniones favorables de Protecci\u00f3n Civil y constancias de condiciones sanitarias en establecimiento por COEPRISS; algunos de estos servicios empresariales son gratuitos y otros subsidiados con descuentos.<\/p>\n\n\n\n<p>\u00d3scar S\u00e1nchez, presidente de la Uni\u00f3n de Comerciantes de Culiac\u00e1n, presente en el recorrido por el centro de la ciudad, dijo que este tipo de acercamientos ayuda en el conocimiento del comerciante sobre los diferentes tipos de servicios y programas con que cuenta la dependencia.<\/p>\n\n\n\n<p>\u201c<strong>Est\u00e1 enfocado a los micro y peque\u00f1os comerciantes, se habla del registro de marca, de promover algunos cr\u00e9ditos de Red Fosin y una diversidad de apoyos<\/strong>\u201d, coment\u00f3.<\/p>\n\n\n\n<p>Reconoci\u00f3 que en el gobierno de Rub\u00e9n Rocha Moya los micros y peque\u00f1os comerciantes se han visto beneficiados.<\/p>\n\n\n\n<p><strong>\u201cEn esta administraci\u00f3n las puertas se nos han abierto a los m\u00e1s peque\u00f1os, a los negocios m\u00e1s vulnerables, es algo que tenemos que reconocer de este gobierno<\/strong>\u201d, subray\u00f3.<\/p>\n\n\n\n<p>Inform\u00f3 que cerca de 20,000 acciones a favor del micro y peque\u00f1o comerciante se han desarrollado en Culiac\u00e1n con el apoyo de la Secretar\u00eda de Econom\u00eda y se han dispersado alrededor de 80 millones de pesos.<\/p>\n","protected":false},"excerpt":{"rendered":"<p>El objetivo es estar m\u00e1s cerca de los comerciantes y de las empresas, \u201cpor eso salimos a las calles para acercarles las oportunidades que tiene la Secretar\u00eda de Econom\u00eda\u201d, dijo el subsecretario de Fomento Econ\u00f3mico, Ahuizotl L\u00f3pez Culiac\u00e1n, Sin.- Brigadas de personal de la Secretar\u00eda de Econom\u00eda recorri\u00f3 el primer cuadro del centro de Culiac\u00e1n, [&hellip;]<\/p>\n","protected":false},"author":4,"featured_media":59791,"comment_status":"open","ping_status":"open","sticky":false,"template":"","format":"standard","meta":{"tdm_status":"","tdm_grid_status":"","footnotes":""},"categories":[1],"tags":[],"class_list":{"0":"post-59775","1":"post","2":"type-post","3":"status-publish","4":"format-standard","5":"has-post-thumbnail","7":"category-sin-categoria"},"yoast_head":"<!-- This site is optimized with the Yoast SEO plugin v27.5 - https:\/\/yoast.com\/product\/yoast-seo-wordpress\/ -->\n<title>Acercan servicios y programas de Econom\u00eda a comerciantes del centro de Culiac\u00e1n - Fuentes Fidedignas<\/title>\n<meta name=\"robots\" content=\"index, follow, max-snippet:-1, max-image-preview:large, max-video-preview:-1\" \/>\n<link rel=\"canonical\" href=\"https:\/\/fuentesfidedignas.com.mx\/index.php\/2023\/09\/20\/acercan-servicios-y-programas-de-economia-a-comerciantes-del-centro-de-culiacan\/\" \/>\n<meta property=\"og:locale\" content=\"es_MX\" \/>\n<meta property=\"og:type\" content=\"article\" \/>\n<meta property=\"og:title\" content=\"Acercan servicios y programas de Econom\u00eda a comerciantes del centro de Culiac\u00e1n - Fuentes Fidedignas\" \/>\n<meta property=\"og:description\" content=\"El objetivo es estar m\u00e1s cerca de los comerciantes y de las empresas, \u201cpor eso salimos a las calles para acercarles las oportunidades que tiene la Secretar\u00eda de Econom\u00eda\u201d, dijo el subsecretario de Fomento Econ\u00f3mico, Ahuizotl L\u00f3pez Culiac\u00e1n, Sin.- Brigadas de personal de la Secretar\u00eda de Econom\u00eda recorri\u00f3 el primer cuadro del centro de Culiac\u00e1n, [&hellip;]\" \/>\n<meta property=\"og:url\" content=\"https:\/\/fuentesfidedignas.com.mx\/index.php\/2023\/09\/20\/acercan-servicios-y-programas-de-economia-a-comerciantes-del-centro-de-culiacan\/\" \/>\n<meta property=\"og:site_name\" content=\"Fuentes Fidedignas\" \/>\n<meta property=\"article:publisher\" content=\"https:\/\/www.facebook.com\/Fuentes-Fidedignas-368234489921644\" \/>\n<meta property=\"article:published_time\" content=\"2023-09-20T21:29:49+00:00\" \/>\n<meta property=\"article:modified_time\" content=\"2023-09-21T00:26:25+00:00\" \/>\n<meta property=\"og:image\" content=\"https:\/\/fuentesfidedignas.com.mx\/wp-content\/uploads\/2023\/09\/WhatsApp-Image-2023-09-20-at-2.29.09-PM.jpeg\" \/>\n\t<meta property=\"og:image:width\" content=\"1600\" \/>\n\t<meta property=\"og:image:height\" content=\"1066\" \/>\n\t<meta property=\"og:image:type\" content=\"image\/jpeg\" \/>\n<meta name=\"author\" content=\"Redacci\u00f3n\" \/>\n<meta name=\"twitter:card\" content=\"summary_large_image\" \/>\n<meta name=\"twitter:creator\" content=\"@fidedignas\" \/>\n<meta name=\"twitter:site\" content=\"@fidedignas\" \/>\n<meta name=\"twitter:label1\" content=\"Escrito por\" \/>\n\t<meta name=\"twitter:data1\" content=\"Redacci\u00f3n\" \/>\n\t<meta name=\"twitter:label2\" content=\"Tiempo de lectura\" \/>\n\t<meta name=\"twitter:data2\" content=\"2 minutos\" \/>\n<script type=\"application\/ld+json\" class=\"yoast-schema-graph\">{\"@context\":\"https:\\\/\\\/schema.org\",\"@graph\":[{\"@type\":\"Article\",\"@id\":\"https:\\\/\\\/fuentesfidedignas.com.mx\\\/index.php\\\/2023\\\/09\\\/20\\\/acercan-servicios-y-programas-de-economia-a-comerciantes-del-centro-de-culiacan\\\/#article\",\"isPartOf\":{\"@id\":\"https:\\\/\\\/fuentesfidedignas.com.mx\\\/index.php\\\/2023\\\/09\\\/20\\\/acercan-servicios-y-programas-de-economia-a-comerciantes-del-centro-de-culiacan\\\/\"},\"author\":{\"name\":\"Redacci\u00f3n\",\"@id\":\"https:\\\/\\\/fuentesfidedignas.com.mx\\\/#\\\/schema\\\/person\\\/331be9283d37198e2acd5750279085b0\"},\"headline\":\"Acercan servicios y programas de Econom\u00eda a comerciantes del centro de Culiac\u00e1n\",\"datePublished\":\"2023-09-20T21:29:49+00:00\",\"dateModified\":\"2023-09-21T00:26:25+00:00\",\"mainEntityOfPage\":{\"@id\":\"https:\\\/\\\/fuentesfidedignas.com.mx\\\/index.php\\\/2023\\\/09\\\/20\\\/acercan-servicios-y-programas-de-economia-a-comerciantes-del-centro-de-culiacan\\\/\"},\"wordCount\":450,\"commentCount\":0,\"publisher\":{\"@id\":\"https:\\\/\\\/fuentesfidedignas.com.mx\\\/#organization\"},\"image\":{\"@id\":\"https:\\\/\\\/fuentesfidedignas.com.mx\\\/index.php\\\/2023\\\/09\\\/20\\\/acercan-servicios-y-programas-de-economia-a-comerciantes-del-centro-de-culiacan\\\/#primaryimage\"},\"thumbnailUrl\":\"https:\\\/\\\/fuentesfidedignas.com.mx\\\/wp-content\\\/uploads\\\/2023\\\/09\\\/WhatsApp-Image-2023-09-20-at-2.29.09-PM.jpeg\",\"inLanguage\":\"es\",\"potentialAction\":[{\"@type\":\"CommentAction\",\"name\":\"Comment\",\"target\":[\"https:\\\/\\\/fuentesfidedignas.com.mx\\\/index.php\\\/2023\\\/09\\\/20\\\/acercan-servicios-y-programas-de-economia-a-comerciantes-del-centro-de-culiacan\\\/#respond\"]}]},{\"@type\":\"WebPage\",\"@id\":\"https:\\\/\\\/fuentesfidedignas.com.mx\\\/index.php\\\/2023\\\/09\\\/20\\\/acercan-servicios-y-programas-de-economia-a-comerciantes-del-centro-de-culiacan\\\/\",\"url\":\"https:\\\/\\\/fuentesfidedignas.com.mx\\\/index.php\\\/2023\\\/09\\\/20\\\/acercan-servicios-y-programas-de-economia-a-comerciantes-del-centro-de-culiacan\\\/\",\"name\":\"Acercan servicios y programas de Econom\u00eda a comerciantes del centro de Culiac\u00e1n - Fuentes Fidedignas\",\"isPartOf\":{\"@id\":\"https:\\\/\\\/fuentesfidedignas.com.mx\\\/#website\"},\"primaryImageOfPage\":{\"@id\":\"https:\\\/\\\/fuentesfidedignas.com.mx\\\/index.php\\\/2023\\\/09\\\/20\\\/acercan-servicios-y-programas-de-economia-a-comerciantes-del-centro-de-culiacan\\\/#primaryimage\"},\"image\":{\"@id\":\"https:\\\/\\\/fuentesfidedignas.com.mx\\\/index.php\\\/2023\\\/09\\\/20\\\/acercan-servicios-y-programas-de-economia-a-comerciantes-del-centro-de-culiacan\\\/#primaryimage\"},\"thumbnailUrl\":\"https:\\\/\\\/fuentesfidedignas.com.mx\\\/wp-content\\\/uploads\\\/2023\\\/09\\\/WhatsApp-Image-2023-09-20-at-2.29.09-PM.jpeg\",\"datePublished\":\"2023-09-20T21:29:49+00:00\",\"dateModified\":\"2023-09-21T00:26:25+00:00\",\"breadcrumb\":{\"@id\":\"https:\\\/\\\/fuentesfidedignas.com.mx\\\/index.php\\\/2023\\\/09\\\/20\\\/acercan-servicios-y-programas-de-economia-a-comerciantes-del-centro-de-culiacan\\\/#breadcrumb\"},\"inLanguage\":\"es\",\"potentialAction\":[{\"@type\":\"ReadAction\",\"target\":[\"https:\\\/\\\/fuentesfidedignas.com.mx\\\/index.php\\\/2023\\\/09\\\/20\\\/acercan-servicios-y-programas-de-economia-a-comerciantes-del-centro-de-culiacan\\\/\"]}]},{\"@type\":\"ImageObject\",\"inLanguage\":\"es\",\"@id\":\"https:\\\/\\\/fuentesfidedignas.com.mx\\\/index.php\\\/2023\\\/09\\\/20\\\/acercan-servicios-y-programas-de-economia-a-comerciantes-del-centro-de-culiacan\\\/#primaryimage\",\"url\":\"https:\\\/\\\/fuentesfidedignas.com.mx\\\/wp-content\\\/uploads\\\/2023\\\/09\\\/WhatsApp-Image-2023-09-20-at-2.29.09-PM.jpeg\",\"contentUrl\":\"https:\\\/\\\/fuentesfidedignas.com.mx\\\/wp-content\\\/uploads\\\/2023\\\/09\\\/WhatsApp-Image-2023-09-20-at-2.29.09-PM.jpeg\",\"width\":1600,\"height\":1066},{\"@type\":\"BreadcrumbList\",\"@id\":\"https:\\\/\\\/fuentesfidedignas.com.mx\\\/index.php\\\/2023\\\/09\\\/20\\\/acercan-servicios-y-programas-de-economia-a-comerciantes-del-centro-de-culiacan\\\/#breadcrumb\",\"itemListElement\":[{\"@type\":\"ListItem\",\"position\":1,\"name\":\"Inicio\",\"item\":\"https:\\\/\\\/fuentesfidedignas.com.mx\\\/\"},{\"@type\":\"ListItem\",\"position\":2,\"name\":\"Acercan servicios y programas de Econom\u00eda a comerciantes del centro de Culiac\u00e1n\"}]},{\"@type\":\"WebSite\",\"@id\":\"https:\\\/\\\/fuentesfidedignas.com.mx\\\/#website\",\"url\":\"https:\\\/\\\/fuentesfidedignas.com.mx\\\/\",\"name\":\"Fuentes Fidedignas\",\"description\":\"Otro sitio realizado con WordPress\",\"publisher\":{\"@id\":\"https:\\\/\\\/fuentesfidedignas.com.mx\\\/#organization\"},\"potentialAction\":[{\"@type\":\"SearchAction\",\"target\":{\"@type\":\"EntryPoint\",\"urlTemplate\":\"https:\\\/\\\/fuentesfidedignas.com.mx\\\/?s={search_term_string}\"},\"query-input\":{\"@type\":\"PropertyValueSpecification\",\"valueRequired\":true,\"valueName\":\"search_term_string\"}}],\"inLanguage\":\"es\"},{\"@type\":\"Organization\",\"@id\":\"https:\\\/\\\/fuentesfidedignas.com.mx\\\/#organization\",\"name\":\"Fuentes Fidedignas\",\"url\":\"https:\\\/\\\/fuentesfidedignas.com.mx\\\/\",\"logo\":{\"@type\":\"ImageObject\",\"inLanguage\":\"es\",\"@id\":\"https:\\\/\\\/fuentesfidedignas.com.mx\\\/#\\\/schema\\\/logo\\\/image\\\/\",\"url\":\"https:\\\/\\\/fuentesfidedignas.com.mx\\\/wp-content\\\/uploads\\\/2021\\\/04\\\/logo-retina.png\",\"contentUrl\":\"https:\\\/\\\/fuentesfidedignas.com.mx\\\/wp-content\\\/uploads\\\/2021\\\/04\\\/logo-retina.png\",\"width\":280,\"height\":51,\"caption\":\"Fuentes Fidedignas\"},\"image\":{\"@id\":\"https:\\\/\\\/fuentesfidedignas.com.mx\\\/#\\\/schema\\\/logo\\\/image\\\/\"},\"sameAs\":[\"https:\\\/\\\/www.facebook.com\\\/Fuentes-Fidedignas-368234489921644\",\"https:\\\/\\\/x.com\\\/fidedignas\"]},{\"@type\":\"Person\",\"@id\":\"https:\\\/\\\/fuentesfidedignas.com.mx\\\/#\\\/schema\\\/person\\\/331be9283d37198e2acd5750279085b0\",\"name\":\"Redacci\u00f3n\",\"image\":{\"@type\":\"ImageObject\",\"inLanguage\":\"es\",\"@id\":\"https:\\\/\\\/secure.gravatar.com\\\/avatar\\\/f6d8782c11d12b2d4ad3fbb6931aeab5309937a4d6cd2fc9cfaa28a6396a5aec?s=96&d=mm&r=g\",\"url\":\"https:\\\/\\\/secure.gravatar.com\\\/avatar\\\/f6d8782c11d12b2d4ad3fbb6931aeab5309937a4d6cd2fc9cfaa28a6396a5aec?s=96&d=mm&r=g\",\"contentUrl\":\"https:\\\/\\\/secure.gravatar.com\\\/avatar\\\/f6d8782c11d12b2d4ad3fbb6931aeab5309937a4d6cd2fc9cfaa28a6396a5aec?s=96&d=mm&r=g\",\"caption\":\"Redacci\u00f3n\"},\"url\":\"https:\\\/\\\/fuentesfidedignas.com.mx\\\/index.php\\\/author\\\/redaccion\\\/\"}]}<\/script>\n<!-- \/ Yoast SEO plugin. -->","yoast_head_json":{"title":"Acercan servicios y programas de Econom\u00eda a comerciantes del centro de Culiac\u00e1n - Fuentes Fidedignas","robots":{"index":"index","follow":"follow","max-snippet":"max-snippet:-1","max-image-preview":"max-image-preview:large","max-video-preview":"max-video-preview:-1"},"canonical":"https:\/\/fuentesfidedignas.com.mx\/index.php\/2023\/09\/20\/acercan-servicios-y-programas-de-economia-a-comerciantes-del-centro-de-culiacan\/","og_locale":"es_MX","og_type":"article","og_title":"Acercan servicios y programas de Econom\u00eda a comerciantes del centro de Culiac\u00e1n - Fuentes Fidedignas","og_description":"El objetivo es estar m\u00e1s cerca de los comerciantes y de las empresas, \u201cpor eso salimos a las calles para acercarles las oportunidades que tiene la Secretar\u00eda de Econom\u00eda\u201d, dijo el subsecretario de Fomento Econ\u00f3mico, Ahuizotl L\u00f3pez Culiac\u00e1n, Sin.- Brigadas de personal de la Secretar\u00eda de Econom\u00eda recorri\u00f3 el primer cuadro del centro de Culiac\u00e1n, [&hellip;]","og_url":"https:\/\/fuentesfidedignas.com.mx\/index.php\/2023\/09\/20\/acercan-servicios-y-programas-de-economia-a-comerciantes-del-centro-de-culiacan\/","og_site_name":"Fuentes Fidedignas","article_publisher":"https:\/\/www.facebook.com\/Fuentes-Fidedignas-368234489921644","article_published_time":"2023-09-20T21:29:49+00:00","article_modified_time":"2023-09-21T00:26:25+00:00","og_image":[{"width":1600,"height":1066,"url":"https:\/\/fuentesfidedignas.com.mx\/wp-content\/uploads\/2023\/09\/WhatsApp-Image-2023-09-20-at-2.29.09-PM.jpeg","type":"image\/jpeg"}],"author":"Redacci\u00f3n","twitter_card":"summary_large_image","twitter_creator":"@fidedignas","twitter_site":"@fidedignas","twitter_misc":{"Escrito por":"Redacci\u00f3n","Tiempo de lectura":"2 minutos"},"schema":{"@context":"https:\/\/schema.org","@graph":[{"@type":"Article","@id":"https:\/\/fuentesfidedignas.com.mx\/index.php\/2023\/09\/20\/acercan-servicios-y-programas-de-economia-a-comerciantes-del-centro-de-culiacan\/#article","isPartOf":{"@id":"https:\/\/fuentesfidedignas.com.mx\/index.php\/2023\/09\/20\/acercan-servicios-y-programas-de-economia-a-comerciantes-del-centro-de-culiacan\/"},"author":{"name":"Redacci\u00f3n","@id":"https:\/\/fuentesfidedignas.com.mx\/#\/schema\/person\/331be9283d37198e2acd5750279085b0"},"headline":"Acercan servicios y programas de Econom\u00eda a comerciantes del centro de Culiac\u00e1n","datePublished":"2023-09-20T21:29:49+00:00","dateModified":"2023-09-21T00:26:25+00:00","mainEntityOfPage":{"@id":"https:\/\/fuentesfidedignas.com.mx\/index.php\/2023\/09\/20\/acercan-servicios-y-programas-de-economia-a-comerciantes-del-centro-de-culiacan\/"},"wordCount":450,"commentCount":0,"publisher":{"@id":"https:\/\/fuentesfidedignas.com.mx\/#organization"},"image":{"@id":"https:\/\/fuentesfidedignas.com.mx\/index.php\/2023\/09\/20\/acercan-servicios-y-programas-de-economia-a-comerciantes-del-centro-de-culiacan\/#primaryimage"},"thumbnailUrl":"https:\/\/fuentesfidedignas.com.mx\/wp-content\/uploads\/2023\/09\/WhatsApp-Image-2023-09-20-at-2.29.09-PM.jpeg","inLanguage":"es","potentialAction":[{"@type":"CommentAction","name":"Comment","target":["https:\/\/fuentesfidedignas.com.mx\/index.php\/2023\/09\/20\/acercan-servicios-y-programas-de-economia-a-comerciantes-del-centro-de-culiacan\/#respond"]}]},{"@type":"WebPage","@id":"https:\/\/fuentesfidedignas.com.mx\/index.php\/2023\/09\/20\/acercan-servicios-y-programas-de-economia-a-comerciantes-del-centro-de-culiacan\/","url":"https:\/\/fuentesfidedignas.com.mx\/index.php\/2023\/09\/20\/acercan-servicios-y-programas-de-economia-a-comerciantes-del-centro-de-culiacan\/","name":"Acercan servicios y programas de Econom\u00eda a comerciantes del centro de Culiac\u00e1n - Fuentes Fidedignas","isPartOf":{"@id":"https:\/\/fuentesfidedignas.com.mx\/#website"},"primaryImageOfPage":{"@id":"https:\/\/fuentesfidedignas.com.mx\/index.php\/2023\/09\/20\/acercan-servicios-y-programas-de-economia-a-comerciantes-del-centro-de-culiacan\/#primaryimage"},"image":{"@id":"https:\/\/fuentesfidedignas.com.mx\/index.php\/2023\/09\/20\/acercan-servicios-y-programas-de-economia-a-comerciantes-del-centro-de-culiacan\/#primaryimage"},"thumbnailUrl":"https:\/\/fuentesfidedignas.com.mx\/wp-content\/uploads\/2023\/09\/WhatsApp-Image-2023-09-20-at-2.29.09-PM.jpeg","datePublished":"2023-09-20T21:29:49+00:00","dateModified":"2023-09-21T00:26:25+00:00","breadcrumb":{"@id":"https:\/\/fuentesfidedignas.com.mx\/index.php\/2023\/09\/20\/acercan-servicios-y-programas-de-economia-a-comerciantes-del-centro-de-culiacan\/#breadcrumb"},"inLanguage":"es","potentialAction":[{"@type":"ReadAction","target":["https:\/\/fuentesfidedignas.com.mx\/index.php\/2023\/09\/20\/acercan-servicios-y-programas-de-economia-a-comerciantes-del-centro-de-culiacan\/"]}]},{"@type":"ImageObject","inLanguage":"es","@id":"https:\/\/fuentesfidedignas.com.mx\/index.php\/2023\/09\/20\/acercan-servicios-y-programas-de-economia-a-comerciantes-del-centro-de-culiacan\/#primaryimage","url":"https:\/\/fuentesfidedignas.com.mx\/wp-content\/uploads\/2023\/09\/WhatsApp-Image-2023-09-20-at-2.29.09-PM.jpeg","contentUrl":"https:\/\/fuentesfidedignas.com.mx\/wp-content\/uploads\/2023\/09\/WhatsApp-Image-2023-09-20-at-2.29.09-PM.jpeg","width":1600,"height":1066},{"@type":"BreadcrumbList","@id":"https:\/\/fuentesfidedignas.com.mx\/index.php\/2023\/09\/20\/acercan-servicios-y-programas-de-economia-a-comerciantes-del-centro-de-culiacan\/#breadcrumb","itemListElement":[{"@type":"ListItem","position":1,"name":"Inicio","item":"https:\/\/fuentesfidedignas.com.mx\/"},{"@type":"ListItem","position":2,"name":"Acercan servicios y programas de Econom\u00eda a comerciantes del centro de Culiac\u00e1n"}]},{"@type":"WebSite","@id":"https:\/\/fuentesfidedignas.com.mx\/#website","url":"https:\/\/fuentesfidedignas.com.mx\/","name":"Fuentes Fidedignas","description":"Otro sitio realizado con WordPress","publisher":{"@id":"https:\/\/fuentesfidedignas.com.mx\/#organization"},"potentialAction":[{"@type":"SearchAction","target":{"@type":"EntryPoint","urlTemplate":"https:\/\/fuentesfidedignas.com.mx\/?s={search_term_string}"},"query-input":{"@type":"PropertyValueSpecification","valueRequired":true,"valueName":"search_term_string"}}],"inLanguage":"es"},{"@type":"Organization","@id":"https:\/\/fuentesfidedignas.com.mx\/#organization","name":"Fuentes Fidedignas","url":"https:\/\/fuentesfidedignas.com.mx\/","logo":{"@type":"ImageObject","inLanguage":"es","@id":"https:\/\/fuentesfidedignas.com.mx\/#\/schema\/logo\/image\/","url":"https:\/\/fuentesfidedignas.com.mx\/wp-content\/uploads\/2021\/04\/logo-retina.png","contentUrl":"https:\/\/fuentesfidedignas.com.mx\/wp-content\/uploads\/2021\/04\/logo-retina.png","width":280,"height":51,"caption":"Fuentes Fidedignas"},"image":{"@id":"https:\/\/fuentesfidedignas.com.mx\/#\/schema\/logo\/image\/"},"sameAs":["https:\/\/www.facebook.com\/Fuentes-Fidedignas-368234489921644","https:\/\/x.com\/fidedignas"]},{"@type":"Person","@id":"https:\/\/fuentesfidedignas.com.mx\/#\/schema\/person\/331be9283d37198e2acd5750279085b0","name":"Redacci\u00f3n","image":{"@type":"ImageObject","inLanguage":"es","@id":"https:\/\/secure.gravatar.com\/avatar\/f6d8782c11d12b2d4ad3fbb6931aeab5309937a4d6cd2fc9cfaa28a6396a5aec?s=96&d=mm&r=g","url":"https:\/\/secure.gravatar.com\/avatar\/f6d8782c11d12b2d4ad3fbb6931aeab5309937a4d6cd2fc9cfaa28a6396a5aec?s=96&d=mm&r=g","contentUrl":"https:\/\/secure.gravatar.com\/avatar\/f6d8782c11d12b2d4ad3fbb6931aeab5309937a4d6cd2fc9cfaa28a6396a5aec?s=96&d=mm&r=g","caption":"Redacci\u00f3n"},"url":"https:\/\/fuentesfidedignas.com.mx\/index.php\/author\/redaccion\/"}]}},"_links":{"self":[{"href":"https:\/\/fuentesfidedignas.com.mx\/index.php\/wp-json\/wp\/v2\/posts\/59775","targetHints":{"allow":["GET"]}}],"collection":[{"href":"https:\/\/fuentesfidedignas.com.mx\/index.php\/wp-json\/wp\/v2\/posts"}],"about":[{"href":"https:\/\/fuentesfidedignas.com.mx\/index.php\/wp-json\/wp\/v2\/types\/post"}],"author":[{"embeddable":true,"href":"https:\/\/fuentesfidedignas.com.mx\/index.php\/wp-json\/wp\/v2\/users\/4"}],"replies":[{"embeddable":true,"href":"https:\/\/fuentesfidedignas.com.mx\/index.php\/wp-json\/wp\/v2\/comments?post=59775"}],"version-history":[{"count":1,"href":"https:\/\/fuentesfidedignas.com.mx\/index.php\/wp-json\/wp\/v2\/posts\/59775\/revisions"}],"predecessor-version":[{"id":59776,"href":"https:\/\/fuentesfidedignas.com.mx\/index.php\/wp-json\/wp\/v2\/posts\/59775\/revisions\/59776"}],"wp:featuredmedia":[{"embeddable":true,"href":"https:\/\/fuentesfidedignas.com.mx\/index.php\/wp-json\/wp\/v2\/media\/59791"}],"wp:attachment":[{"href":"https:\/\/fuentesfidedignas.com.mx\/index.php\/wp-json\/wp\/v2\/media?parent=59775"}],"wp:term":[{"taxonomy":"category","embeddable":true,"href":"https:\/\/fuentesfidedignas.com.mx\/index.php\/wp-json\/wp\/v2\/categories?post=59775"},{"taxonomy":"post_tag","embeddable":true,"href":"https:\/\/fuentesfidedignas.com.mx\/index.php\/wp-json\/wp\/v2\/tags?post=59775"}],"curies":[{"name":"wp","href":"https:\/\/api.w.org\/{rel}","templated":true}]}}