{"id":59728,"date":"2023-09-20T09:35:24","date_gmt":"2023-09-20T16:35:24","guid":{"rendered":"https:\/\/fuentesfidedignas.com.mx\/?p=59728"},"modified":"2023-09-20T09:35:57","modified_gmt":"2023-09-20T16:35:57","slug":"alcaldesa-de-tijuana-asegura-que-peso-pluma-cancelo-presentacion-tras-amenazas","status":"publish","type":"post","link":"https:\/\/fuentesfidedignas.com.mx\/index.php\/2023\/09\/20\/alcaldesa-de-tijuana-asegura-que-peso-pluma-cancelo-presentacion-tras-amenazas\/","title":{"rendered":"Alcaldesa de Tijuana asegura que Peso Pluma cancel\u00f3 presentaci\u00f3n tras amenazas"},"content":{"rendered":"\n<p><strong><em>Montserrat Caballero confirm\u00f3 que el concierto del cantante Peso Pluma que se realizar\u00eda en Tijuana el 14 de octubre fue cancelado por el mismo artista<\/em><\/strong><\/p>\n\n\n\n<p>BAJA CALIFORNIA.  La alcaldesa de la Tijuana,\u00a0<strong>Montserrat Caballero<\/strong>, confirm\u00f3 que el concierto del cantante\u00a0<strong>Peso Pluma<\/strong>\u00a0que se realizar\u00eda en la ciudad fue cancelado por el mismo artista.<\/p>\n\n\n\n<p>En entrevista con&nbsp;<strong><em>Radio F\u00f3rmula<\/em><\/strong>, la alcaldesa asegur\u00f3 que el cantante ya cancel\u00f3 su concierto con un mensaje en su p\u00e1gina oficial aunque, hasta el momento,&nbsp;<strong>Peso Pluma<\/strong>&nbsp;no ha emitido ning\u00fan comunicado.<\/p>\n\n\n\n<blockquote class=\"wp-block-quote is-layout-flow wp-block-quote-is-layout-flow\">\n<p>Por parte del cantante en su&nbsp;<strong>p\u00e1gina oficial<\/strong>&nbsp;ya anunci\u00f3 \u00e9l mismo la&nbsp;<strong>cancelaci\u00f3n del evento<\/strong>, por nuestra parte, los tr\u00e1mites que hab\u00edan hecho antes de estas mantas sigan en pie. Sin embargo, lo vamos a constatar en los pr\u00f3ximos d\u00edas, pero con una total seguridad (puedo decir) que<strong>&nbsp;ya cancelaron por el lado del<\/strong>&nbsp;cantante\u201d, asegur\u00f3 la alcaldesa.<\/p>\n<\/blockquote>\n\n\n\n<p>Aun as\u00ed, se pueden adquirir los boletos para el concierto por medio de FunTicket, con precios de 490 a mil 990 pesos mexicanos.<\/p>\n\n\n\n<p>De confirmarse la cancelaci\u00f3n el int\u00e9rprete habr\u00eda tomado la decisi\u00f3n despu\u00e9s de ser amenazado de muerte en Tijuana, presuntamente por el grupo del crimen organizado&nbsp;<strong>C\u00e1rtel Jalisco Nueva Generaci\u00f3n<\/strong>&nbsp;(CJNG), quienes dejaron tres \u201c<strong>narcomantas<\/strong>\u201d en diversos puntos de la ciudad, a escasos kil\u00f3metros del puerto fronterizo de&nbsp;<strong>San Ysidro<\/strong>.<\/p>\n","protected":false},"excerpt":{"rendered":"<p>Montserrat Caballero confirm\u00f3 que el concierto del cantante Peso Pluma que se realizar\u00eda en Tijuana el 14 de octubre fue cancelado por el mismo artista BAJA CALIFORNIA. La alcaldesa de la Tijuana,\u00a0Montserrat Caballero, confirm\u00f3 que el concierto del cantante\u00a0Peso Pluma\u00a0que se realizar\u00eda en la ciudad fue cancelado por el mismo artista. En entrevista con&nbsp;Radio F\u00f3rmula, [&hellip;]<\/p>\n","protected":false},"author":47,"featured_media":59730,"comment_status":"open","ping_status":"open","sticky":false,"template":"","format":"standard","meta":{"tdm_status":"","tdm_grid_status":"","footnotes":""},"categories":[39],"tags":[],"class_list":{"0":"post-59728","1":"post","2":"type-post","3":"status-publish","4":"format-standard","5":"has-post-thumbnail","7":"category-noticias-nacionales"},"yoast_head":"<!-- This site is optimized with the Yoast SEO plugin v27.5 - https:\/\/yoast.com\/product\/yoast-seo-wordpress\/ -->\n<title>Alcaldesa de Tijuana asegura que Peso Pluma cancel\u00f3 presentaci\u00f3n tras amenazas - Fuentes Fidedignas<\/title>\n<meta name=\"robots\" content=\"index, follow, max-snippet:-1, max-image-preview:large, max-video-preview:-1\" \/>\n<link rel=\"canonical\" href=\"https:\/\/fuentesfidedignas.com.mx\/index.php\/2023\/09\/20\/alcaldesa-de-tijuana-asegura-que-peso-pluma-cancelo-presentacion-tras-amenazas\/\" \/>\n<meta property=\"og:locale\" content=\"es_MX\" \/>\n<meta property=\"og:type\" content=\"article\" \/>\n<meta property=\"og:title\" content=\"Alcaldesa de Tijuana asegura que Peso Pluma cancel\u00f3 presentaci\u00f3n tras amenazas - Fuentes Fidedignas\" \/>\n<meta property=\"og:description\" content=\"Montserrat Caballero confirm\u00f3 que el concierto del cantante Peso Pluma que se realizar\u00eda en Tijuana el 14 de octubre fue cancelado por el mismo artista BAJA CALIFORNIA. La alcaldesa de la Tijuana,\u00a0Montserrat Caballero, confirm\u00f3 que el concierto del cantante\u00a0Peso Pluma\u00a0que se realizar\u00eda en la ciudad fue cancelado por el mismo artista. En entrevista con&nbsp;Radio F\u00f3rmula, [&hellip;]\" \/>\n<meta property=\"og:url\" content=\"https:\/\/fuentesfidedignas.com.mx\/index.php\/2023\/09\/20\/alcaldesa-de-tijuana-asegura-que-peso-pluma-cancelo-presentacion-tras-amenazas\/\" \/>\n<meta property=\"og:site_name\" content=\"Fuentes Fidedignas\" \/>\n<meta property=\"article:publisher\" content=\"https:\/\/www.facebook.com\/Fuentes-Fidedignas-368234489921644\" \/>\n<meta property=\"article:published_time\" content=\"2023-09-20T16:35:24+00:00\" \/>\n<meta property=\"article:modified_time\" content=\"2023-09-20T16:35:57+00:00\" \/>\n<meta property=\"og:image\" content=\"https:\/\/fuentesfidedignas.com.mx\/wp-content\/uploads\/2023\/09\/peso-pluma-estrenara-su-disco-genesis-el-22-de-junio.png\" \/>\n\t<meta property=\"og:image:width\" content=\"1024\" \/>\n\t<meta property=\"og:image:height\" content=\"604\" \/>\n\t<meta property=\"og:image:type\" content=\"image\/png\" \/>\n<meta name=\"author\" content=\"L\u00f3pez D\u00f3riga\" \/>\n<meta name=\"twitter:card\" content=\"summary_large_image\" \/>\n<meta name=\"twitter:creator\" content=\"@fidedignas\" \/>\n<meta name=\"twitter:site\" content=\"@fidedignas\" \/>\n<meta name=\"twitter:label1\" content=\"Escrito por\" \/>\n\t<meta name=\"twitter:data1\" content=\"L\u00f3pez D\u00f3riga\" \/>\n\t<meta name=\"twitter:label2\" content=\"Tiempo de lectura\" \/>\n\t<meta name=\"twitter:data2\" content=\"1 minuto\" \/>\n<script type=\"application\/ld+json\" class=\"yoast-schema-graph\">{\"@context\":\"https:\\\/\\\/schema.org\",\"@graph\":[{\"@type\":\"Article\",\"@id\":\"https:\\\/\\\/fuentesfidedignas.com.mx\\\/index.php\\\/2023\\\/09\\\/20\\\/alcaldesa-de-tijuana-asegura-que-peso-pluma-cancelo-presentacion-tras-amenazas\\\/#article\",\"isPartOf\":{\"@id\":\"https:\\\/\\\/fuentesfidedignas.com.mx\\\/index.php\\\/2023\\\/09\\\/20\\\/alcaldesa-de-tijuana-asegura-que-peso-pluma-cancelo-presentacion-tras-amenazas\\\/\"},\"author\":{\"name\":\"L\u00f3pez D\u00f3riga\",\"@id\":\"https:\\\/\\\/fuentesfidedignas.com.mx\\\/#\\\/schema\\\/person\\\/67d852f0557c8509146a4b9ddebd543a\"},\"headline\":\"Alcaldesa de Tijuana asegura que Peso Pluma cancel\u00f3 presentaci\u00f3n tras amenazas\",\"datePublished\":\"2023-09-20T16:35:24+00:00\",\"dateModified\":\"2023-09-20T16:35:57+00:00\",\"mainEntityOfPage\":{\"@id\":\"https:\\\/\\\/fuentesfidedignas.com.mx\\\/index.php\\\/2023\\\/09\\\/20\\\/alcaldesa-de-tijuana-asegura-que-peso-pluma-cancelo-presentacion-tras-amenazas\\\/\"},\"wordCount\":257,\"commentCount\":0,\"publisher\":{\"@id\":\"https:\\\/\\\/fuentesfidedignas.com.mx\\\/#organization\"},\"image\":{\"@id\":\"https:\\\/\\\/fuentesfidedignas.com.mx\\\/index.php\\\/2023\\\/09\\\/20\\\/alcaldesa-de-tijuana-asegura-que-peso-pluma-cancelo-presentacion-tras-amenazas\\\/#primaryimage\"},\"thumbnailUrl\":\"https:\\\/\\\/fuentesfidedignas.com.mx\\\/wp-content\\\/uploads\\\/2023\\\/09\\\/peso-pluma-estrenara-su-disco-genesis-el-22-de-junio.png\",\"articleSection\":[\"NOTICIAS NACIONALES\"],\"inLanguage\":\"es\",\"potentialAction\":[{\"@type\":\"CommentAction\",\"name\":\"Comment\",\"target\":[\"https:\\\/\\\/fuentesfidedignas.com.mx\\\/index.php\\\/2023\\\/09\\\/20\\\/alcaldesa-de-tijuana-asegura-que-peso-pluma-cancelo-presentacion-tras-amenazas\\\/#respond\"]}]},{\"@type\":\"WebPage\",\"@id\":\"https:\\\/\\\/fuentesfidedignas.com.mx\\\/index.php\\\/2023\\\/09\\\/20\\\/alcaldesa-de-tijuana-asegura-que-peso-pluma-cancelo-presentacion-tras-amenazas\\\/\",\"url\":\"https:\\\/\\\/fuentesfidedignas.com.mx\\\/index.php\\\/2023\\\/09\\\/20\\\/alcaldesa-de-tijuana-asegura-que-peso-pluma-cancelo-presentacion-tras-amenazas\\\/\",\"name\":\"Alcaldesa de Tijuana asegura que Peso Pluma cancel\u00f3 presentaci\u00f3n tras amenazas - Fuentes Fidedignas\",\"isPartOf\":{\"@id\":\"https:\\\/\\\/fuentesfidedignas.com.mx\\\/#website\"},\"primaryImageOfPage\":{\"@id\":\"https:\\\/\\\/fuentesfidedignas.com.mx\\\/index.php\\\/2023\\\/09\\\/20\\\/alcaldesa-de-tijuana-asegura-que-peso-pluma-cancelo-presentacion-tras-amenazas\\\/#primaryimage\"},\"image\":{\"@id\":\"https:\\\/\\\/fuentesfidedignas.com.mx\\\/index.php\\\/2023\\\/09\\\/20\\\/alcaldesa-de-tijuana-asegura-que-peso-pluma-cancelo-presentacion-tras-amenazas\\\/#primaryimage\"},\"thumbnailUrl\":\"https:\\\/\\\/fuentesfidedignas.com.mx\\\/wp-content\\\/uploads\\\/2023\\\/09\\\/peso-pluma-estrenara-su-disco-genesis-el-22-de-junio.png\",\"datePublished\":\"2023-09-20T16:35:24+00:00\",\"dateModified\":\"2023-09-20T16:35:57+00:00\",\"breadcrumb\":{\"@id\":\"https:\\\/\\\/fuentesfidedignas.com.mx\\\/index.php\\\/2023\\\/09\\\/20\\\/alcaldesa-de-tijuana-asegura-que-peso-pluma-cancelo-presentacion-tras-amenazas\\\/#breadcrumb\"},\"inLanguage\":\"es\",\"potentialAction\":[{\"@type\":\"ReadAction\",\"target\":[\"https:\\\/\\\/fuentesfidedignas.com.mx\\\/index.php\\\/2023\\\/09\\\/20\\\/alcaldesa-de-tijuana-asegura-que-peso-pluma-cancelo-presentacion-tras-amenazas\\\/\"]}]},{\"@type\":\"ImageObject\",\"inLanguage\":\"es\",\"@id\":\"https:\\\/\\\/fuentesfidedignas.com.mx\\\/index.php\\\/2023\\\/09\\\/20\\\/alcaldesa-de-tijuana-asegura-que-peso-pluma-cancelo-presentacion-tras-amenazas\\\/#primaryimage\",\"url\":\"https:\\\/\\\/fuentesfidedignas.com.mx\\\/wp-content\\\/uploads\\\/2023\\\/09\\\/peso-pluma-estrenara-su-disco-genesis-el-22-de-junio.png\",\"contentUrl\":\"https:\\\/\\\/fuentesfidedignas.com.mx\\\/wp-content\\\/uploads\\\/2023\\\/09\\\/peso-pluma-estrenara-su-disco-genesis-el-22-de-junio.png\",\"width\":1024,\"height\":604},{\"@type\":\"BreadcrumbList\",\"@id\":\"https:\\\/\\\/fuentesfidedignas.com.mx\\\/index.php\\\/2023\\\/09\\\/20\\\/alcaldesa-de-tijuana-asegura-que-peso-pluma-cancelo-presentacion-tras-amenazas\\\/#breadcrumb\",\"itemListElement\":[{\"@type\":\"ListItem\",\"position\":1,\"name\":\"Inicio\",\"item\":\"https:\\\/\\\/fuentesfidedignas.com.mx\\\/\"},{\"@type\":\"ListItem\",\"position\":2,\"name\":\"Alcaldesa de Tijuana asegura que Peso Pluma cancel\u00f3 presentaci\u00f3n tras amenazas\"}]},{\"@type\":\"WebSite\",\"@id\":\"https:\\\/\\\/fuentesfidedignas.com.mx\\\/#website\",\"url\":\"https:\\\/\\\/fuentesfidedignas.com.mx\\\/\",\"name\":\"Fuentes Fidedignas\",\"description\":\"Otro sitio realizado con WordPress\",\"publisher\":{\"@id\":\"https:\\\/\\\/fuentesfidedignas.com.mx\\\/#organization\"},\"potentialAction\":[{\"@type\":\"SearchAction\",\"target\":{\"@type\":\"EntryPoint\",\"urlTemplate\":\"https:\\\/\\\/fuentesfidedignas.com.mx\\\/?s={search_term_string}\"},\"query-input\":{\"@type\":\"PropertyValueSpecification\",\"valueRequired\":true,\"valueName\":\"search_term_string\"}}],\"inLanguage\":\"es\"},{\"@type\":\"Organization\",\"@id\":\"https:\\\/\\\/fuentesfidedignas.com.mx\\\/#organization\",\"name\":\"Fuentes Fidedignas\",\"url\":\"https:\\\/\\\/fuentesfidedignas.com.mx\\\/\",\"logo\":{\"@type\":\"ImageObject\",\"inLanguage\":\"es\",\"@id\":\"https:\\\/\\\/fuentesfidedignas.com.mx\\\/#\\\/schema\\\/logo\\\/image\\\/\",\"url\":\"https:\\\/\\\/fuentesfidedignas.com.mx\\\/wp-content\\\/uploads\\\/2021\\\/04\\\/logo-retina.png\",\"contentUrl\":\"https:\\\/\\\/fuentesfidedignas.com.mx\\\/wp-content\\\/uploads\\\/2021\\\/04\\\/logo-retina.png\",\"width\":280,\"height\":51,\"caption\":\"Fuentes Fidedignas\"},\"image\":{\"@id\":\"https:\\\/\\\/fuentesfidedignas.com.mx\\\/#\\\/schema\\\/logo\\\/image\\\/\"},\"sameAs\":[\"https:\\\/\\\/www.facebook.com\\\/Fuentes-Fidedignas-368234489921644\",\"https:\\\/\\\/x.com\\\/fidedignas\"]},{\"@type\":\"Person\",\"@id\":\"https:\\\/\\\/fuentesfidedignas.com.mx\\\/#\\\/schema\\\/person\\\/67d852f0557c8509146a4b9ddebd543a\",\"name\":\"L\u00f3pez D\u00f3riga\",\"image\":{\"@type\":\"ImageObject\",\"inLanguage\":\"es\",\"@id\":\"https:\\\/\\\/secure.gravatar.com\\\/avatar\\\/e525b06574ca18b33cded59dfe5778d6c823b9513154eff47da551b0551bdd1e?s=96&d=mm&r=g\",\"url\":\"https:\\\/\\\/secure.gravatar.com\\\/avatar\\\/e525b06574ca18b33cded59dfe5778d6c823b9513154eff47da551b0551bdd1e?s=96&d=mm&r=g\",\"contentUrl\":\"https:\\\/\\\/secure.gravatar.com\\\/avatar\\\/e525b06574ca18b33cded59dfe5778d6c823b9513154eff47da551b0551bdd1e?s=96&d=mm&r=g\",\"caption\":\"L\u00f3pez D\u00f3riga\"},\"url\":\"https:\\\/\\\/fuentesfidedignas.com.mx\\\/index.php\\\/author\\\/doriga\\\/\"}]}<\/script>\n<!-- \/ Yoast SEO plugin. -->","yoast_head_json":{"title":"Alcaldesa de Tijuana asegura que Peso Pluma cancel\u00f3 presentaci\u00f3n tras amenazas - Fuentes Fidedignas","robots":{"index":"index","follow":"follow","max-snippet":"max-snippet:-1","max-image-preview":"max-image-preview:large","max-video-preview":"max-video-preview:-1"},"canonical":"https:\/\/fuentesfidedignas.com.mx\/index.php\/2023\/09\/20\/alcaldesa-de-tijuana-asegura-que-peso-pluma-cancelo-presentacion-tras-amenazas\/","og_locale":"es_MX","og_type":"article","og_title":"Alcaldesa de Tijuana asegura que Peso Pluma cancel\u00f3 presentaci\u00f3n tras amenazas - Fuentes Fidedignas","og_description":"Montserrat Caballero confirm\u00f3 que el concierto del cantante Peso Pluma que se realizar\u00eda en Tijuana el 14 de octubre fue cancelado por el mismo artista BAJA CALIFORNIA. La alcaldesa de la Tijuana,\u00a0Montserrat Caballero, confirm\u00f3 que el concierto del cantante\u00a0Peso Pluma\u00a0que se realizar\u00eda en la ciudad fue cancelado por el mismo artista. En entrevista con&nbsp;Radio F\u00f3rmula, [&hellip;]","og_url":"https:\/\/fuentesfidedignas.com.mx\/index.php\/2023\/09\/20\/alcaldesa-de-tijuana-asegura-que-peso-pluma-cancelo-presentacion-tras-amenazas\/","og_site_name":"Fuentes Fidedignas","article_publisher":"https:\/\/www.facebook.com\/Fuentes-Fidedignas-368234489921644","article_published_time":"2023-09-20T16:35:24+00:00","article_modified_time":"2023-09-20T16:35:57+00:00","og_image":[{"width":1024,"height":604,"url":"https:\/\/fuentesfidedignas.com.mx\/wp-content\/uploads\/2023\/09\/peso-pluma-estrenara-su-disco-genesis-el-22-de-junio.png","type":"image\/png"}],"author":"L\u00f3pez D\u00f3riga","twitter_card":"summary_large_image","twitter_creator":"@fidedignas","twitter_site":"@fidedignas","twitter_misc":{"Escrito por":"L\u00f3pez D\u00f3riga","Tiempo de lectura":"1 minuto"},"schema":{"@context":"https:\/\/schema.org","@graph":[{"@type":"Article","@id":"https:\/\/fuentesfidedignas.com.mx\/index.php\/2023\/09\/20\/alcaldesa-de-tijuana-asegura-que-peso-pluma-cancelo-presentacion-tras-amenazas\/#article","isPartOf":{"@id":"https:\/\/fuentesfidedignas.com.mx\/index.php\/2023\/09\/20\/alcaldesa-de-tijuana-asegura-que-peso-pluma-cancelo-presentacion-tras-amenazas\/"},"author":{"name":"L\u00f3pez D\u00f3riga","@id":"https:\/\/fuentesfidedignas.com.mx\/#\/schema\/person\/67d852f0557c8509146a4b9ddebd543a"},"headline":"Alcaldesa de Tijuana asegura que Peso Pluma cancel\u00f3 presentaci\u00f3n tras amenazas","datePublished":"2023-09-20T16:35:24+00:00","dateModified":"2023-09-20T16:35:57+00:00","mainEntityOfPage":{"@id":"https:\/\/fuentesfidedignas.com.mx\/index.php\/2023\/09\/20\/alcaldesa-de-tijuana-asegura-que-peso-pluma-cancelo-presentacion-tras-amenazas\/"},"wordCount":257,"commentCount":0,"publisher":{"@id":"https:\/\/fuentesfidedignas.com.mx\/#organization"},"image":{"@id":"https:\/\/fuentesfidedignas.com.mx\/index.php\/2023\/09\/20\/alcaldesa-de-tijuana-asegura-que-peso-pluma-cancelo-presentacion-tras-amenazas\/#primaryimage"},"thumbnailUrl":"https:\/\/fuentesfidedignas.com.mx\/wp-content\/uploads\/2023\/09\/peso-pluma-estrenara-su-disco-genesis-el-22-de-junio.png","articleSection":["NOTICIAS NACIONALES"],"inLanguage":"es","potentialAction":[{"@type":"CommentAction","name":"Comment","target":["https:\/\/fuentesfidedignas.com.mx\/index.php\/2023\/09\/20\/alcaldesa-de-tijuana-asegura-que-peso-pluma-cancelo-presentacion-tras-amenazas\/#respond"]}]},{"@type":"WebPage","@id":"https:\/\/fuentesfidedignas.com.mx\/index.php\/2023\/09\/20\/alcaldesa-de-tijuana-asegura-que-peso-pluma-cancelo-presentacion-tras-amenazas\/","url":"https:\/\/fuentesfidedignas.com.mx\/index.php\/2023\/09\/20\/alcaldesa-de-tijuana-asegura-que-peso-pluma-cancelo-presentacion-tras-amenazas\/","name":"Alcaldesa de Tijuana asegura que Peso Pluma cancel\u00f3 presentaci\u00f3n tras amenazas - Fuentes Fidedignas","isPartOf":{"@id":"https:\/\/fuentesfidedignas.com.mx\/#website"},"primaryImageOfPage":{"@id":"https:\/\/fuentesfidedignas.com.mx\/index.php\/2023\/09\/20\/alcaldesa-de-tijuana-asegura-que-peso-pluma-cancelo-presentacion-tras-amenazas\/#primaryimage"},"image":{"@id":"https:\/\/fuentesfidedignas.com.mx\/index.php\/2023\/09\/20\/alcaldesa-de-tijuana-asegura-que-peso-pluma-cancelo-presentacion-tras-amenazas\/#primaryimage"},"thumbnailUrl":"https:\/\/fuentesfidedignas.com.mx\/wp-content\/uploads\/2023\/09\/peso-pluma-estrenara-su-disco-genesis-el-22-de-junio.png","datePublished":"2023-09-20T16:35:24+00:00","dateModified":"2023-09-20T16:35:57+00:00","breadcrumb":{"@id":"https:\/\/fuentesfidedignas.com.mx\/index.php\/2023\/09\/20\/alcaldesa-de-tijuana-asegura-que-peso-pluma-cancelo-presentacion-tras-amenazas\/#breadcrumb"},"inLanguage":"es","potentialAction":[{"@type":"ReadAction","target":["https:\/\/fuentesfidedignas.com.mx\/index.php\/2023\/09\/20\/alcaldesa-de-tijuana-asegura-que-peso-pluma-cancelo-presentacion-tras-amenazas\/"]}]},{"@type":"ImageObject","inLanguage":"es","@id":"https:\/\/fuentesfidedignas.com.mx\/index.php\/2023\/09\/20\/alcaldesa-de-tijuana-asegura-que-peso-pluma-cancelo-presentacion-tras-amenazas\/#primaryimage","url":"https:\/\/fuentesfidedignas.com.mx\/wp-content\/uploads\/2023\/09\/peso-pluma-estrenara-su-disco-genesis-el-22-de-junio.png","contentUrl":"https:\/\/fuentesfidedignas.com.mx\/wp-content\/uploads\/2023\/09\/peso-pluma-estrenara-su-disco-genesis-el-22-de-junio.png","width":1024,"height":604},{"@type":"BreadcrumbList","@id":"https:\/\/fuentesfidedignas.com.mx\/index.php\/2023\/09\/20\/alcaldesa-de-tijuana-asegura-que-peso-pluma-cancelo-presentacion-tras-amenazas\/#breadcrumb","itemListElement":[{"@type":"ListItem","position":1,"name":"Inicio","item":"https:\/\/fuentesfidedignas.com.mx\/"},{"@type":"ListItem","position":2,"name":"Alcaldesa de Tijuana asegura que Peso Pluma cancel\u00f3 presentaci\u00f3n tras amenazas"}]},{"@type":"WebSite","@id":"https:\/\/fuentesfidedignas.com.mx\/#website","url":"https:\/\/fuentesfidedignas.com.mx\/","name":"Fuentes Fidedignas","description":"Otro sitio realizado con WordPress","publisher":{"@id":"https:\/\/fuentesfidedignas.com.mx\/#organization"},"potentialAction":[{"@type":"SearchAction","target":{"@type":"EntryPoint","urlTemplate":"https:\/\/fuentesfidedignas.com.mx\/?s={search_term_string}"},"query-input":{"@type":"PropertyValueSpecification","valueRequired":true,"valueName":"search_term_string"}}],"inLanguage":"es"},{"@type":"Organization","@id":"https:\/\/fuentesfidedignas.com.mx\/#organization","name":"Fuentes Fidedignas","url":"https:\/\/fuentesfidedignas.com.mx\/","logo":{"@type":"ImageObject","inLanguage":"es","@id":"https:\/\/fuentesfidedignas.com.mx\/#\/schema\/logo\/image\/","url":"https:\/\/fuentesfidedignas.com.mx\/wp-content\/uploads\/2021\/04\/logo-retina.png","contentUrl":"https:\/\/fuentesfidedignas.com.mx\/wp-content\/uploads\/2021\/04\/logo-retina.png","width":280,"height":51,"caption":"Fuentes Fidedignas"},"image":{"@id":"https:\/\/fuentesfidedignas.com.mx\/#\/schema\/logo\/image\/"},"sameAs":["https:\/\/www.facebook.com\/Fuentes-Fidedignas-368234489921644","https:\/\/x.com\/fidedignas"]},{"@type":"Person","@id":"https:\/\/fuentesfidedignas.com.mx\/#\/schema\/person\/67d852f0557c8509146a4b9ddebd543a","name":"L\u00f3pez D\u00f3riga","image":{"@type":"ImageObject","inLanguage":"es","@id":"https:\/\/secure.gravatar.com\/avatar\/e525b06574ca18b33cded59dfe5778d6c823b9513154eff47da551b0551bdd1e?s=96&d=mm&r=g","url":"https:\/\/secure.gravatar.com\/avatar\/e525b06574ca18b33cded59dfe5778d6c823b9513154eff47da551b0551bdd1e?s=96&d=mm&r=g","contentUrl":"https:\/\/secure.gravatar.com\/avatar\/e525b06574ca18b33cded59dfe5778d6c823b9513154eff47da551b0551bdd1e?s=96&d=mm&r=g","caption":"L\u00f3pez D\u00f3riga"},"url":"https:\/\/fuentesfidedignas.com.mx\/index.php\/author\/doriga\/"}]}},"_links":{"self":[{"href":"https:\/\/fuentesfidedignas.com.mx\/index.php\/wp-json\/wp\/v2\/posts\/59728","targetHints":{"allow":["GET"]}}],"collection":[{"href":"https:\/\/fuentesfidedignas.com.mx\/index.php\/wp-json\/wp\/v2\/posts"}],"about":[{"href":"https:\/\/fuentesfidedignas.com.mx\/index.php\/wp-json\/wp\/v2\/types\/post"}],"author":[{"embeddable":true,"href":"https:\/\/fuentesfidedignas.com.mx\/index.php\/wp-json\/wp\/v2\/users\/47"}],"replies":[{"embeddable":true,"href":"https:\/\/fuentesfidedignas.com.mx\/index.php\/wp-json\/wp\/v2\/comments?post=59728"}],"version-history":[{"count":1,"href":"https:\/\/fuentesfidedignas.com.mx\/index.php\/wp-json\/wp\/v2\/posts\/59728\/revisions"}],"predecessor-version":[{"id":59729,"href":"https:\/\/fuentesfidedignas.com.mx\/index.php\/wp-json\/wp\/v2\/posts\/59728\/revisions\/59729"}],"wp:featuredmedia":[{"embeddable":true,"href":"https:\/\/fuentesfidedignas.com.mx\/index.php\/wp-json\/wp\/v2\/media\/59730"}],"wp:attachment":[{"href":"https:\/\/fuentesfidedignas.com.mx\/index.php\/wp-json\/wp\/v2\/media?parent=59728"}],"wp:term":[{"taxonomy":"category","embeddable":true,"href":"https:\/\/fuentesfidedignas.com.mx\/index.php\/wp-json\/wp\/v2\/categories?post=59728"},{"taxonomy":"post_tag","embeddable":true,"href":"https:\/\/fuentesfidedignas.com.mx\/index.php\/wp-json\/wp\/v2\/tags?post=59728"}],"curies":[{"name":"wp","href":"https:\/\/api.w.org\/{rel}","templated":true}]}}