{"id":59705,"date":"2023-09-20T07:16:36","date_gmt":"2023-09-20T14:16:36","guid":{"rendered":"https:\/\/fuentesfidedignas.com.mx\/?p=59705"},"modified":"2023-09-20T07:17:12","modified_gmt":"2023-09-20T14:17:12","slug":"totalmente-legal-extradicion-de-ovidio-guzman-amlo","status":"publish","type":"post","link":"https:\/\/fuentesfidedignas.com.mx\/index.php\/2023\/09\/20\/totalmente-legal-extradicion-de-ovidio-guzman-amlo\/","title":{"rendered":"\u201cTotalmente legal\u201d, extradici\u00f3n de Ovidio Guzm\u00e1n: AMLO"},"content":{"rendered":"\n<p><strong><em>El presidente L\u00f3pez Obrador explic\u00f3 los plazos que se utilizaron para entregar a Ovidio \u2018El Rat\u00f3n\u2019 Guzm\u00e1n a la Justicia estadounidense<\/em><\/strong><\/p>\n\n\n\n<p>Ciudad de M\u00e9xico.- El presidente de M\u00e9xico, Andr\u00e9s Manuel L\u00f3pez Obrador, est\u00e1 plenamente seguro de que es \u201ctotalmente legal\u201d la extradici\u00f3n de Ovidio Guzm\u00e1n a los Estados Unidos, rechazando la versi\u00f3n de la defensa legal del narcotraficante.<\/p>\n\n\n\n<blockquote class=\"twitter-tweet\"><p lang=\"es\" dir=\"ltr\">El presidente L\u00f3pez Obrador respondi\u00f3 a la defensa de Ovidio Guzm\u00e1n: S\u00ed se notific\u00f3 y se realiz\u00f3 el proceso de extradici\u00f3n del hijo de Guzm\u00e1n Loera, pero los tiempos los decidi\u00f3 la FGR. <br><br>El procedimiento fue &quot;totalmente legal, apegado a lo que establece la ley\u201d, asegur\u00f3 <a href=\"https:\/\/t.co\/HN3NLpumki\">pic.twitter.com\/HN3NLpumki<\/a><\/p>&mdash; Joaqu\u00edn L\u00f3pez-D\u00f3riga (@lopezdoriga) <a href=\"https:\/\/twitter.com\/lopezdoriga\/status\/1704493684610216119?ref_src=twsrc%5Etfw\">September 20, 2023<\/a><\/blockquote> <script async src=\"https:\/\/platform.twitter.com\/widgets.js\" charset=\"utf-8\"><\/script>\n\n\n\n<p>En la conferencia matutina de Palacio Nacional, L\u00f3pez Obrador explic\u00f3 los plazos que se utilizaron para entregar a Guzm\u00e1n L\u00f3pez, tambi\u00e9n conocido como El Rat\u00f3n, a la Justicia estadounidense.<\/p>\n\n\n\n<p>\u201cEs un procedimiento, y lo expliqu\u00e9, que resuelve la SRE a una solicitud del Gobierno de EE.UU., y en efecto el d\u00eda 13 presenta la solicitud o autoriza la extradici\u00f3n la SRE. El 14 notifican al detenido y el 15 se lleva a cabo la extradici\u00f3n\u201d, declar\u00f3 en el Sal\u00f3n Tesorer\u00eda.<\/p>\n\n\n\n<p>\u201cEn el caso de los t\u00e9rminos de tiempos, eso lo decide la FGR, ellos pueden informar sobre este asunto. La notificaci\u00f3n de que se autorizaba la extradici\u00f3n corresponde a la SRE y se hizo el d\u00eda 13 de septiembre\u201d, subray\u00f3.<\/p>\n\n\n\n<p>El 13 se hace la solicitud, el 14 se notifica al detenido y el d\u00eda 15 se lleva a cabo la extradici\u00f3n (\u2026) Estoy seguro que es totalmente legal, apegado a lo que establece la ley\u201d, agreg\u00f3.<\/p>\n\n\n\n<p>Los abogados de Ovidio Guzm\u00e1n, hijo del Chapo Guzm\u00e1n, quien el pasado viernes 15 de septiembre fue extraditado a Estados Unidos, afirmaron que el narcotraficante no tuvo oportunidad de apelar su traslado a Chicago, tal como lo se\u00f1al\u00f3 el presidente L\u00f3pez Obrador esta semana.<\/p>\n\n\n\n<p>\u201cEl se\u00f1or Ovidio Guzm\u00e1n fue notificado de la determinaci\u00f3n de la SRE (Secretar\u00eda de Relaciones Exteriores) la tarde del 14 de septiembre pasado, y el operativo para su traslado se llev\u00f3 a cabo la ma\u00f1ana del d\u00eda 15 de septiembre siguiente, sin que pudiera informar a su defensa sobre dicha determinaci\u00f3n de extradici\u00f3n\u201d, se\u00f1alaron los abogados de Guzm\u00e1n en un comunicado publicado el martes.<\/p>\n\n\n\n<p>Los abogados de Guzm\u00e1n enfatizaron que \u201cno hubo alguna solicitud de amparo\u201d porque su cliente no fue notificado.<\/p>\n\n\n\n<p>Adem\u00e1s, acusaron que no se respet\u00f3 el plazo de 30 d\u00edas para impugnar mediante amparo el acuerdo de la Canciller\u00eda \u201cviolentando su derecho a un recurso judicial efectivo y el marco jur\u00eddico aplicable en materia de extradici\u00f3n\u201d.<\/p>\n\n\n\n<p>Por ello, resalt\u00f3 que la entrega y extradici\u00f3n de Guzm\u00e1n por parte del Gobierno mexicano \u201cfue realizada fuera de los cauces legales y trastoc\u00f3 sus derechos fundamentales\u201d.<\/p>\n","protected":false},"excerpt":{"rendered":"<p>El presidente L\u00f3pez Obrador explic\u00f3 los plazos que se utilizaron para entregar a Ovidio \u2018El Rat\u00f3n\u2019 Guzm\u00e1n a la Justicia estadounidense Ciudad de M\u00e9xico.- El presidente de M\u00e9xico, Andr\u00e9s Manuel L\u00f3pez Obrador, est\u00e1 plenamente seguro de que es \u201ctotalmente legal\u201d la extradici\u00f3n de Ovidio Guzm\u00e1n a los Estados Unidos, rechazando la versi\u00f3n de la defensa [&hellip;]<\/p>\n","protected":false},"author":47,"featured_media":59255,"comment_status":"open","ping_status":"open","sticky":false,"template":"","format":"standard","meta":{"tdm_status":"","tdm_grid_status":"","footnotes":""},"categories":[39],"tags":[],"class_list":{"0":"post-59705","1":"post","2":"type-post","3":"status-publish","4":"format-standard","5":"has-post-thumbnail","7":"category-noticias-nacionales"},"yoast_head":"<!-- This site is optimized with the Yoast SEO plugin v27.5 - https:\/\/yoast.com\/product\/yoast-seo-wordpress\/ -->\n<title>\u201cTotalmente legal\u201d, extradici\u00f3n de Ovidio Guzm\u00e1n: AMLO - Fuentes Fidedignas<\/title>\n<meta name=\"robots\" content=\"index, follow, max-snippet:-1, max-image-preview:large, max-video-preview:-1\" \/>\n<link rel=\"canonical\" href=\"https:\/\/fuentesfidedignas.com.mx\/index.php\/2023\/09\/20\/totalmente-legal-extradicion-de-ovidio-guzman-amlo\/\" \/>\n<meta property=\"og:locale\" content=\"es_MX\" \/>\n<meta property=\"og:type\" content=\"article\" \/>\n<meta property=\"og:title\" content=\"\u201cTotalmente legal\u201d, extradici\u00f3n de Ovidio Guzm\u00e1n: AMLO - Fuentes Fidedignas\" \/>\n<meta property=\"og:description\" content=\"El presidente L\u00f3pez Obrador explic\u00f3 los plazos que se utilizaron para entregar a Ovidio \u2018El Rat\u00f3n\u2019 Guzm\u00e1n a la Justicia estadounidense Ciudad de M\u00e9xico.- El presidente de M\u00e9xico, Andr\u00e9s Manuel L\u00f3pez Obrador, est\u00e1 plenamente seguro de que es \u201ctotalmente legal\u201d la extradici\u00f3n de Ovidio Guzm\u00e1n a los Estados Unidos, rechazando la versi\u00f3n de la defensa [&hellip;]\" \/>\n<meta property=\"og:url\" content=\"https:\/\/fuentesfidedignas.com.mx\/index.php\/2023\/09\/20\/totalmente-legal-extradicion-de-ovidio-guzman-amlo\/\" \/>\n<meta property=\"og:site_name\" content=\"Fuentes Fidedignas\" \/>\n<meta property=\"article:publisher\" content=\"https:\/\/www.facebook.com\/Fuentes-Fidedignas-368234489921644\" \/>\n<meta property=\"article:published_time\" content=\"2023-09-20T14:16:36+00:00\" \/>\n<meta property=\"article:modified_time\" content=\"2023-09-20T14:17:12+00:00\" \/>\n<meta property=\"og:image\" content=\"https:\/\/fuentesfidedignas.com.mx\/wp-content\/uploads\/2023\/09\/ovidio-guzman-extradicion-foto.jpg\" \/>\n\t<meta property=\"og:image:width\" content=\"1100\" \/>\n\t<meta property=\"og:image:height\" content=\"580\" \/>\n\t<meta property=\"og:image:type\" content=\"image\/jpeg\" \/>\n<meta name=\"author\" content=\"L\u00f3pez D\u00f3riga\" \/>\n<meta name=\"twitter:card\" content=\"summary_large_image\" \/>\n<meta name=\"twitter:creator\" content=\"@fidedignas\" \/>\n<meta name=\"twitter:site\" content=\"@fidedignas\" \/>\n<meta name=\"twitter:label1\" content=\"Escrito por\" \/>\n\t<meta name=\"twitter:data1\" content=\"L\u00f3pez D\u00f3riga\" \/>\n\t<meta name=\"twitter:label2\" content=\"Tiempo de lectura\" \/>\n\t<meta name=\"twitter:data2\" content=\"2 minutos\" \/>\n<script type=\"application\/ld+json\" class=\"yoast-schema-graph\">{\"@context\":\"https:\\\/\\\/schema.org\",\"@graph\":[{\"@type\":\"Article\",\"@id\":\"https:\\\/\\\/fuentesfidedignas.com.mx\\\/index.php\\\/2023\\\/09\\\/20\\\/totalmente-legal-extradicion-de-ovidio-guzman-amlo\\\/#article\",\"isPartOf\":{\"@id\":\"https:\\\/\\\/fuentesfidedignas.com.mx\\\/index.php\\\/2023\\\/09\\\/20\\\/totalmente-legal-extradicion-de-ovidio-guzman-amlo\\\/\"},\"author\":{\"name\":\"L\u00f3pez D\u00f3riga\",\"@id\":\"https:\\\/\\\/fuentesfidedignas.com.mx\\\/#\\\/schema\\\/person\\\/67d852f0557c8509146a4b9ddebd543a\"},\"headline\":\"\u201cTotalmente legal\u201d, extradici\u00f3n de Ovidio Guzm\u00e1n: AMLO\",\"datePublished\":\"2023-09-20T14:16:36+00:00\",\"dateModified\":\"2023-09-20T14:17:12+00:00\",\"mainEntityOfPage\":{\"@id\":\"https:\\\/\\\/fuentesfidedignas.com.mx\\\/index.php\\\/2023\\\/09\\\/20\\\/totalmente-legal-extradicion-de-ovidio-guzman-amlo\\\/\"},\"wordCount\":516,\"commentCount\":0,\"publisher\":{\"@id\":\"https:\\\/\\\/fuentesfidedignas.com.mx\\\/#organization\"},\"image\":{\"@id\":\"https:\\\/\\\/fuentesfidedignas.com.mx\\\/index.php\\\/2023\\\/09\\\/20\\\/totalmente-legal-extradicion-de-ovidio-guzman-amlo\\\/#primaryimage\"},\"thumbnailUrl\":\"https:\\\/\\\/fuentesfidedignas.com.mx\\\/wp-content\\\/uploads\\\/2023\\\/09\\\/ovidio-guzman-extradicion-foto.jpg\",\"articleSection\":[\"NOTICIAS NACIONALES\"],\"inLanguage\":\"es\",\"potentialAction\":[{\"@type\":\"CommentAction\",\"name\":\"Comment\",\"target\":[\"https:\\\/\\\/fuentesfidedignas.com.mx\\\/index.php\\\/2023\\\/09\\\/20\\\/totalmente-legal-extradicion-de-ovidio-guzman-amlo\\\/#respond\"]}]},{\"@type\":\"WebPage\",\"@id\":\"https:\\\/\\\/fuentesfidedignas.com.mx\\\/index.php\\\/2023\\\/09\\\/20\\\/totalmente-legal-extradicion-de-ovidio-guzman-amlo\\\/\",\"url\":\"https:\\\/\\\/fuentesfidedignas.com.mx\\\/index.php\\\/2023\\\/09\\\/20\\\/totalmente-legal-extradicion-de-ovidio-guzman-amlo\\\/\",\"name\":\"\u201cTotalmente legal\u201d, extradici\u00f3n de Ovidio Guzm\u00e1n: AMLO - Fuentes Fidedignas\",\"isPartOf\":{\"@id\":\"https:\\\/\\\/fuentesfidedignas.com.mx\\\/#website\"},\"primaryImageOfPage\":{\"@id\":\"https:\\\/\\\/fuentesfidedignas.com.mx\\\/index.php\\\/2023\\\/09\\\/20\\\/totalmente-legal-extradicion-de-ovidio-guzman-amlo\\\/#primaryimage\"},\"image\":{\"@id\":\"https:\\\/\\\/fuentesfidedignas.com.mx\\\/index.php\\\/2023\\\/09\\\/20\\\/totalmente-legal-extradicion-de-ovidio-guzman-amlo\\\/#primaryimage\"},\"thumbnailUrl\":\"https:\\\/\\\/fuentesfidedignas.com.mx\\\/wp-content\\\/uploads\\\/2023\\\/09\\\/ovidio-guzman-extradicion-foto.jpg\",\"datePublished\":\"2023-09-20T14:16:36+00:00\",\"dateModified\":\"2023-09-20T14:17:12+00:00\",\"breadcrumb\":{\"@id\":\"https:\\\/\\\/fuentesfidedignas.com.mx\\\/index.php\\\/2023\\\/09\\\/20\\\/totalmente-legal-extradicion-de-ovidio-guzman-amlo\\\/#breadcrumb\"},\"inLanguage\":\"es\",\"potentialAction\":[{\"@type\":\"ReadAction\",\"target\":[\"https:\\\/\\\/fuentesfidedignas.com.mx\\\/index.php\\\/2023\\\/09\\\/20\\\/totalmente-legal-extradicion-de-ovidio-guzman-amlo\\\/\"]}]},{\"@type\":\"ImageObject\",\"inLanguage\":\"es\",\"@id\":\"https:\\\/\\\/fuentesfidedignas.com.mx\\\/index.php\\\/2023\\\/09\\\/20\\\/totalmente-legal-extradicion-de-ovidio-guzman-amlo\\\/#primaryimage\",\"url\":\"https:\\\/\\\/fuentesfidedignas.com.mx\\\/wp-content\\\/uploads\\\/2023\\\/09\\\/ovidio-guzman-extradicion-foto.jpg\",\"contentUrl\":\"https:\\\/\\\/fuentesfidedignas.com.mx\\\/wp-content\\\/uploads\\\/2023\\\/09\\\/ovidio-guzman-extradicion-foto.jpg\",\"width\":1100,\"height\":580},{\"@type\":\"BreadcrumbList\",\"@id\":\"https:\\\/\\\/fuentesfidedignas.com.mx\\\/index.php\\\/2023\\\/09\\\/20\\\/totalmente-legal-extradicion-de-ovidio-guzman-amlo\\\/#breadcrumb\",\"itemListElement\":[{\"@type\":\"ListItem\",\"position\":1,\"name\":\"Inicio\",\"item\":\"https:\\\/\\\/fuentesfidedignas.com.mx\\\/\"},{\"@type\":\"ListItem\",\"position\":2,\"name\":\"\u201cTotalmente legal\u201d, extradici\u00f3n de Ovidio Guzm\u00e1n: AMLO\"}]},{\"@type\":\"WebSite\",\"@id\":\"https:\\\/\\\/fuentesfidedignas.com.mx\\\/#website\",\"url\":\"https:\\\/\\\/fuentesfidedignas.com.mx\\\/\",\"name\":\"Fuentes Fidedignas\",\"description\":\"Otro sitio realizado con WordPress\",\"publisher\":{\"@id\":\"https:\\\/\\\/fuentesfidedignas.com.mx\\\/#organization\"},\"potentialAction\":[{\"@type\":\"SearchAction\",\"target\":{\"@type\":\"EntryPoint\",\"urlTemplate\":\"https:\\\/\\\/fuentesfidedignas.com.mx\\\/?s={search_term_string}\"},\"query-input\":{\"@type\":\"PropertyValueSpecification\",\"valueRequired\":true,\"valueName\":\"search_term_string\"}}],\"inLanguage\":\"es\"},{\"@type\":\"Organization\",\"@id\":\"https:\\\/\\\/fuentesfidedignas.com.mx\\\/#organization\",\"name\":\"Fuentes Fidedignas\",\"url\":\"https:\\\/\\\/fuentesfidedignas.com.mx\\\/\",\"logo\":{\"@type\":\"ImageObject\",\"inLanguage\":\"es\",\"@id\":\"https:\\\/\\\/fuentesfidedignas.com.mx\\\/#\\\/schema\\\/logo\\\/image\\\/\",\"url\":\"https:\\\/\\\/fuentesfidedignas.com.mx\\\/wp-content\\\/uploads\\\/2021\\\/04\\\/logo-retina.png\",\"contentUrl\":\"https:\\\/\\\/fuentesfidedignas.com.mx\\\/wp-content\\\/uploads\\\/2021\\\/04\\\/logo-retina.png\",\"width\":280,\"height\":51,\"caption\":\"Fuentes Fidedignas\"},\"image\":{\"@id\":\"https:\\\/\\\/fuentesfidedignas.com.mx\\\/#\\\/schema\\\/logo\\\/image\\\/\"},\"sameAs\":[\"https:\\\/\\\/www.facebook.com\\\/Fuentes-Fidedignas-368234489921644\",\"https:\\\/\\\/x.com\\\/fidedignas\"]},{\"@type\":\"Person\",\"@id\":\"https:\\\/\\\/fuentesfidedignas.com.mx\\\/#\\\/schema\\\/person\\\/67d852f0557c8509146a4b9ddebd543a\",\"name\":\"L\u00f3pez D\u00f3riga\",\"image\":{\"@type\":\"ImageObject\",\"inLanguage\":\"es\",\"@id\":\"https:\\\/\\\/secure.gravatar.com\\\/avatar\\\/e525b06574ca18b33cded59dfe5778d6c823b9513154eff47da551b0551bdd1e?s=96&d=mm&r=g\",\"url\":\"https:\\\/\\\/secure.gravatar.com\\\/avatar\\\/e525b06574ca18b33cded59dfe5778d6c823b9513154eff47da551b0551bdd1e?s=96&d=mm&r=g\",\"contentUrl\":\"https:\\\/\\\/secure.gravatar.com\\\/avatar\\\/e525b06574ca18b33cded59dfe5778d6c823b9513154eff47da551b0551bdd1e?s=96&d=mm&r=g\",\"caption\":\"L\u00f3pez D\u00f3riga\"},\"url\":\"https:\\\/\\\/fuentesfidedignas.com.mx\\\/index.php\\\/author\\\/doriga\\\/\"}]}<\/script>\n<!-- \/ Yoast SEO plugin. -->","yoast_head_json":{"title":"\u201cTotalmente legal\u201d, extradici\u00f3n de Ovidio Guzm\u00e1n: AMLO - Fuentes Fidedignas","robots":{"index":"index","follow":"follow","max-snippet":"max-snippet:-1","max-image-preview":"max-image-preview:large","max-video-preview":"max-video-preview:-1"},"canonical":"https:\/\/fuentesfidedignas.com.mx\/index.php\/2023\/09\/20\/totalmente-legal-extradicion-de-ovidio-guzman-amlo\/","og_locale":"es_MX","og_type":"article","og_title":"\u201cTotalmente legal\u201d, extradici\u00f3n de Ovidio Guzm\u00e1n: AMLO - Fuentes Fidedignas","og_description":"El presidente L\u00f3pez Obrador explic\u00f3 los plazos que se utilizaron para entregar a Ovidio \u2018El Rat\u00f3n\u2019 Guzm\u00e1n a la Justicia estadounidense Ciudad de M\u00e9xico.- El presidente de M\u00e9xico, Andr\u00e9s Manuel L\u00f3pez Obrador, est\u00e1 plenamente seguro de que es \u201ctotalmente legal\u201d la extradici\u00f3n de Ovidio Guzm\u00e1n a los Estados Unidos, rechazando la versi\u00f3n de la defensa [&hellip;]","og_url":"https:\/\/fuentesfidedignas.com.mx\/index.php\/2023\/09\/20\/totalmente-legal-extradicion-de-ovidio-guzman-amlo\/","og_site_name":"Fuentes Fidedignas","article_publisher":"https:\/\/www.facebook.com\/Fuentes-Fidedignas-368234489921644","article_published_time":"2023-09-20T14:16:36+00:00","article_modified_time":"2023-09-20T14:17:12+00:00","og_image":[{"width":1100,"height":580,"url":"https:\/\/fuentesfidedignas.com.mx\/wp-content\/uploads\/2023\/09\/ovidio-guzman-extradicion-foto.jpg","type":"image\/jpeg"}],"author":"L\u00f3pez D\u00f3riga","twitter_card":"summary_large_image","twitter_creator":"@fidedignas","twitter_site":"@fidedignas","twitter_misc":{"Escrito por":"L\u00f3pez D\u00f3riga","Tiempo de lectura":"2 minutos"},"schema":{"@context":"https:\/\/schema.org","@graph":[{"@type":"Article","@id":"https:\/\/fuentesfidedignas.com.mx\/index.php\/2023\/09\/20\/totalmente-legal-extradicion-de-ovidio-guzman-amlo\/#article","isPartOf":{"@id":"https:\/\/fuentesfidedignas.com.mx\/index.php\/2023\/09\/20\/totalmente-legal-extradicion-de-ovidio-guzman-amlo\/"},"author":{"name":"L\u00f3pez D\u00f3riga","@id":"https:\/\/fuentesfidedignas.com.mx\/#\/schema\/person\/67d852f0557c8509146a4b9ddebd543a"},"headline":"\u201cTotalmente legal\u201d, extradici\u00f3n de Ovidio Guzm\u00e1n: AMLO","datePublished":"2023-09-20T14:16:36+00:00","dateModified":"2023-09-20T14:17:12+00:00","mainEntityOfPage":{"@id":"https:\/\/fuentesfidedignas.com.mx\/index.php\/2023\/09\/20\/totalmente-legal-extradicion-de-ovidio-guzman-amlo\/"},"wordCount":516,"commentCount":0,"publisher":{"@id":"https:\/\/fuentesfidedignas.com.mx\/#organization"},"image":{"@id":"https:\/\/fuentesfidedignas.com.mx\/index.php\/2023\/09\/20\/totalmente-legal-extradicion-de-ovidio-guzman-amlo\/#primaryimage"},"thumbnailUrl":"https:\/\/fuentesfidedignas.com.mx\/wp-content\/uploads\/2023\/09\/ovidio-guzman-extradicion-foto.jpg","articleSection":["NOTICIAS NACIONALES"],"inLanguage":"es","potentialAction":[{"@type":"CommentAction","name":"Comment","target":["https:\/\/fuentesfidedignas.com.mx\/index.php\/2023\/09\/20\/totalmente-legal-extradicion-de-ovidio-guzman-amlo\/#respond"]}]},{"@type":"WebPage","@id":"https:\/\/fuentesfidedignas.com.mx\/index.php\/2023\/09\/20\/totalmente-legal-extradicion-de-ovidio-guzman-amlo\/","url":"https:\/\/fuentesfidedignas.com.mx\/index.php\/2023\/09\/20\/totalmente-legal-extradicion-de-ovidio-guzman-amlo\/","name":"\u201cTotalmente legal\u201d, extradici\u00f3n de Ovidio Guzm\u00e1n: AMLO - Fuentes Fidedignas","isPartOf":{"@id":"https:\/\/fuentesfidedignas.com.mx\/#website"},"primaryImageOfPage":{"@id":"https:\/\/fuentesfidedignas.com.mx\/index.php\/2023\/09\/20\/totalmente-legal-extradicion-de-ovidio-guzman-amlo\/#primaryimage"},"image":{"@id":"https:\/\/fuentesfidedignas.com.mx\/index.php\/2023\/09\/20\/totalmente-legal-extradicion-de-ovidio-guzman-amlo\/#primaryimage"},"thumbnailUrl":"https:\/\/fuentesfidedignas.com.mx\/wp-content\/uploads\/2023\/09\/ovidio-guzman-extradicion-foto.jpg","datePublished":"2023-09-20T14:16:36+00:00","dateModified":"2023-09-20T14:17:12+00:00","breadcrumb":{"@id":"https:\/\/fuentesfidedignas.com.mx\/index.php\/2023\/09\/20\/totalmente-legal-extradicion-de-ovidio-guzman-amlo\/#breadcrumb"},"inLanguage":"es","potentialAction":[{"@type":"ReadAction","target":["https:\/\/fuentesfidedignas.com.mx\/index.php\/2023\/09\/20\/totalmente-legal-extradicion-de-ovidio-guzman-amlo\/"]}]},{"@type":"ImageObject","inLanguage":"es","@id":"https:\/\/fuentesfidedignas.com.mx\/index.php\/2023\/09\/20\/totalmente-legal-extradicion-de-ovidio-guzman-amlo\/#primaryimage","url":"https:\/\/fuentesfidedignas.com.mx\/wp-content\/uploads\/2023\/09\/ovidio-guzman-extradicion-foto.jpg","contentUrl":"https:\/\/fuentesfidedignas.com.mx\/wp-content\/uploads\/2023\/09\/ovidio-guzman-extradicion-foto.jpg","width":1100,"height":580},{"@type":"BreadcrumbList","@id":"https:\/\/fuentesfidedignas.com.mx\/index.php\/2023\/09\/20\/totalmente-legal-extradicion-de-ovidio-guzman-amlo\/#breadcrumb","itemListElement":[{"@type":"ListItem","position":1,"name":"Inicio","item":"https:\/\/fuentesfidedignas.com.mx\/"},{"@type":"ListItem","position":2,"name":"\u201cTotalmente legal\u201d, extradici\u00f3n de Ovidio Guzm\u00e1n: AMLO"}]},{"@type":"WebSite","@id":"https:\/\/fuentesfidedignas.com.mx\/#website","url":"https:\/\/fuentesfidedignas.com.mx\/","name":"Fuentes Fidedignas","description":"Otro sitio realizado con WordPress","publisher":{"@id":"https:\/\/fuentesfidedignas.com.mx\/#organization"},"potentialAction":[{"@type":"SearchAction","target":{"@type":"EntryPoint","urlTemplate":"https:\/\/fuentesfidedignas.com.mx\/?s={search_term_string}"},"query-input":{"@type":"PropertyValueSpecification","valueRequired":true,"valueName":"search_term_string"}}],"inLanguage":"es"},{"@type":"Organization","@id":"https:\/\/fuentesfidedignas.com.mx\/#organization","name":"Fuentes Fidedignas","url":"https:\/\/fuentesfidedignas.com.mx\/","logo":{"@type":"ImageObject","inLanguage":"es","@id":"https:\/\/fuentesfidedignas.com.mx\/#\/schema\/logo\/image\/","url":"https:\/\/fuentesfidedignas.com.mx\/wp-content\/uploads\/2021\/04\/logo-retina.png","contentUrl":"https:\/\/fuentesfidedignas.com.mx\/wp-content\/uploads\/2021\/04\/logo-retina.png","width":280,"height":51,"caption":"Fuentes Fidedignas"},"image":{"@id":"https:\/\/fuentesfidedignas.com.mx\/#\/schema\/logo\/image\/"},"sameAs":["https:\/\/www.facebook.com\/Fuentes-Fidedignas-368234489921644","https:\/\/x.com\/fidedignas"]},{"@type":"Person","@id":"https:\/\/fuentesfidedignas.com.mx\/#\/schema\/person\/67d852f0557c8509146a4b9ddebd543a","name":"L\u00f3pez D\u00f3riga","image":{"@type":"ImageObject","inLanguage":"es","@id":"https:\/\/secure.gravatar.com\/avatar\/e525b06574ca18b33cded59dfe5778d6c823b9513154eff47da551b0551bdd1e?s=96&d=mm&r=g","url":"https:\/\/secure.gravatar.com\/avatar\/e525b06574ca18b33cded59dfe5778d6c823b9513154eff47da551b0551bdd1e?s=96&d=mm&r=g","contentUrl":"https:\/\/secure.gravatar.com\/avatar\/e525b06574ca18b33cded59dfe5778d6c823b9513154eff47da551b0551bdd1e?s=96&d=mm&r=g","caption":"L\u00f3pez D\u00f3riga"},"url":"https:\/\/fuentesfidedignas.com.mx\/index.php\/author\/doriga\/"}]}},"_links":{"self":[{"href":"https:\/\/fuentesfidedignas.com.mx\/index.php\/wp-json\/wp\/v2\/posts\/59705","targetHints":{"allow":["GET"]}}],"collection":[{"href":"https:\/\/fuentesfidedignas.com.mx\/index.php\/wp-json\/wp\/v2\/posts"}],"about":[{"href":"https:\/\/fuentesfidedignas.com.mx\/index.php\/wp-json\/wp\/v2\/types\/post"}],"author":[{"embeddable":true,"href":"https:\/\/fuentesfidedignas.com.mx\/index.php\/wp-json\/wp\/v2\/users\/47"}],"replies":[{"embeddable":true,"href":"https:\/\/fuentesfidedignas.com.mx\/index.php\/wp-json\/wp\/v2\/comments?post=59705"}],"version-history":[{"count":1,"href":"https:\/\/fuentesfidedignas.com.mx\/index.php\/wp-json\/wp\/v2\/posts\/59705\/revisions"}],"predecessor-version":[{"id":59706,"href":"https:\/\/fuentesfidedignas.com.mx\/index.php\/wp-json\/wp\/v2\/posts\/59705\/revisions\/59706"}],"wp:featuredmedia":[{"embeddable":true,"href":"https:\/\/fuentesfidedignas.com.mx\/index.php\/wp-json\/wp\/v2\/media\/59255"}],"wp:attachment":[{"href":"https:\/\/fuentesfidedignas.com.mx\/index.php\/wp-json\/wp\/v2\/media?parent=59705"}],"wp:term":[{"taxonomy":"category","embeddable":true,"href":"https:\/\/fuentesfidedignas.com.mx\/index.php\/wp-json\/wp\/v2\/categories?post=59705"},{"taxonomy":"post_tag","embeddable":true,"href":"https:\/\/fuentesfidedignas.com.mx\/index.php\/wp-json\/wp\/v2\/tags?post=59705"}],"curies":[{"name":"wp","href":"https:\/\/api.w.org\/{rel}","templated":true}]}}