{"id":59657,"date":"2023-09-19T16:50:47","date_gmt":"2023-09-19T23:50:47","guid":{"rendered":"https:\/\/fuentesfidedignas.com.mx\/?p=59657"},"modified":"2023-09-19T16:51:14","modified_gmt":"2023-09-19T23:51:14","slug":"abogados-de-ovidio-guzman-reclaman-que-la-extradicion-se-dio-fuera-de-la-ley","status":"publish","type":"post","link":"https:\/\/fuentesfidedignas.com.mx\/index.php\/2023\/09\/19\/abogados-de-ovidio-guzman-reclaman-que-la-extradicion-se-dio-fuera-de-la-ley\/","title":{"rendered":"Abogados de Ovidio Guzm\u00e1n reclaman que la extradici\u00f3n se dio fuera de la ley"},"content":{"rendered":"\n<p><strong><em>La defensa de Ovidio Guzm\u00e1n manifest\u00f3 que no hubo oportunidad para ampararse contra la extradici\u00f3n de su cliente<\/em><\/strong><\/p>\n\n\n\n<p>Ciudad de M\u00e9xico.- Los abogados de\u00a0<strong>Ovidio Guzm\u00e1n<\/strong>, hijo de \u2018<strong>El Chapo<\/strong>\u2018\u00a0<strong>Guzm\u00e1n<\/strong>, quien el pasado viernes 15 de septiembre fue extraditado a\u00a0<strong>Estados Unidos<\/strong>, afirmaron que el narcotraficante no tuvo oportunidad de apelar su traslado a\u00a0<strong>Chicago<\/strong>, tal como lo se\u00f1al\u00f3 el presidente de M\u00e9xico,\u00a0<strong>Andr\u00e9s Manuel L\u00f3pez Obrador<\/strong>.<\/p>\n\n\n\n<p>&#8220;El se\u00f1or\u00a0<strong>Ovidio Guzm\u00e1n<\/strong>\u00a0fue notificado de la determinaci\u00f3n de la\u00a0<strong>SRE<\/strong>\u00a0(Secretar\u00eda de Relaciones Exteriores) la tarde del 14 de septiembre pasado, y el operativo para su traslado se llev\u00f3 a cabo la ma\u00f1ana del d\u00eda 15 de septiembre siguiente, sin que pudiera informar a su defensa sobre dicha determinaci\u00f3n de extradici\u00f3n\u201d, se\u00f1alaron los abogados de\u00a0<strong>Guzm\u00e1n<\/strong>\u00a0en un comunicado publicado este martes<\/p>\n\n\n\n<p>Los litigantes se refirieron as\u00ed a las declaraciones de\u00a0<strong>L\u00f3pez Obrador<\/strong>\u00a0quien el lunes asegur\u00f3 que el traslado de\u00a0<strong>Ovidio<\/strong>\u00a0a\u00a0<strong>Estados Unidos<\/strong>\u00a0respondi\u00f3 a un convenio de\u00a0<strong>colaboraci\u00f3n<\/strong>\u00a0con\u00a0<strong>M\u00e9xico<\/strong>\u00a0para extraditar a presuntos delincuentes.<\/p>\n\n\n\n<blockquote class=\"twitter-tweet\"><p lang=\"es\" dir=\"ltr\">Los abogados de Ovidio Guzm\u00e1n reclamaron la extradici\u00f3n de su cliente se dio fuera de la ley. <a href=\"https:\/\/t.co\/oWhGtvD3qk\">pic.twitter.com\/oWhGtvD3qk<\/a><\/p>&mdash; Joaqu\u00edn L\u00f3pez-D\u00f3riga (@lopezdoriga) <a href=\"https:\/\/twitter.com\/lopezdoriga\/status\/1704262815127674882?ref_src=twsrc%5Etfw\">September 19, 2023<\/a><\/blockquote> <script async src=\"https:\/\/platform.twitter.com\/widgets.js\" charset=\"utf-8\"><\/script>\n\n\n\n<p>De acuerdo con el gobernante mexicano, tras recibir la solicitud, la\u00a0<strong>SRE<\/strong>\u00a0debe autorizarla y turnarla a la\u00a0<strong>Fiscal\u00eda General de la Rep\u00fablica<\/strong>\u00a0(FGR) y luego se le notifica a la persona que se va a extraditar.<\/p>\n\n\n\n<p>&#8220;(El acusado) tiene oportunidad de ampararse, de acudir a un juez; en este caso no hubo, seg\u00fan entiendo, ninguna solicitud de amparo y se procedi\u00f3 a llevar a cabo la extradici\u00f3n\u201d, asever\u00f3\u00a0<strong>L\u00f3pez Obrador<\/strong>.<\/p>\n\n\n\n<p>En ese sentido, los abogados de Guzm\u00e1n enfatizaron que \u201cno hubo alguna solicitud de amparo\u201d porque su cliente no fue notificado.<\/p>\n\n\n\n<p>Adem\u00e1s, acusaron que no se respet\u00f3 el plazo de 30 d\u00edas para impugnar mediante amparo el acuerdo de la Canciller\u00eda \u201cviolentando su derecho a un recurso judicial efectivo y el marco jur\u00eddico aplicable en materia de extradici\u00f3n\u201d.<\/p>\n\n\n\n<figure class=\"wp-block-image\" id=\"attachment_1560697\"><img decoding=\"async\" src=\"https:\/\/i0.wp.com\/lopezdoriga.com\/wp-content\/uploads\/2023\/09\/ovidio-guzman.png?resize=1024%2C551&amp;ssl=1\" alt=\"Abogados de Ovidio Guzm\u00e1n reclaman que la extradici\u00f3n se dio fuera de la ley - ovidio-guzman-1024x551\" class=\"wp-image-1560697\" title=\"\"\/><figcaption class=\"wp-element-caption\">Primera foto de Ovidio Guzm\u00e1n extraditado a EE.UU. Foto de @derekmaltz_sr<\/figcaption><\/figure>\n\n\n\n<p>Por ello, resalt\u00f3 que la entrega y extradici\u00f3n de&nbsp;<strong>Guzm\u00e1n<\/strong>&nbsp;por parte del&nbsp;<strong>Gobierno mexicano<\/strong>&nbsp;\u201cfue realizada fuera de los cauces legales y trastoc\u00f3 sus derechos fundamentales\u201d.<\/p>\n\n\n\n<p>El pasado viernes, el&nbsp;<strong>Departamento de Justicia<\/strong>&nbsp;estadounidense confirm\u00f3 la extradici\u00f3n de&nbsp;<strong>Guzm\u00e1n<\/strong>&nbsp;a&nbsp;<strong>Chicago<\/strong>, donde se le juzgar\u00e1 por delitos relacionados con el narcotr\u00e1fico.<\/p>\n\n\n\n<p>Este lunes,&nbsp;<strong>Guzm\u00e1n<\/strong>&nbsp;se declar\u00f3 no culpable de los cinco cargos de los que est\u00e1 acusado en el Tribunal de&nbsp;<strong>Distrito de Chicago<\/strong>&nbsp;por narcotr\u00e1fico y lavado de dinero, indicaron medios estadounidenses.<\/p>\n\n\n\n<p>El tambi\u00e9n conocido como \u2018el Rat\u00f3n\u2019 est\u00e1 acusado de conspiraci\u00f3n para distribuir sustancias controladas, formar parte de una empresa criminal, exportar a&nbsp;<strong>Estados Unidos<\/strong>&nbsp;dichas sustancias controladas, uso y porte il\u00edcito de armas de fuego y de efectuar transacciones financieras con el producto de actividades ilegales.<\/p>\n\n\n\n<p>El C\u00e1rtel de Sinaloa, seg\u00fan Washington, es el grupo narcotraficante \u201cm\u00e1s poderoso del mundo\u201d y responsable en gran parte de la producci\u00f3n y manufactura de fentanilo para su distribuci\u00f3n en EE.UU., donde esa droga, considerada 50 veces m\u00e1s potente que la hero\u00edna, es \u201cla principal causa de muerte entre los estadounidenses de 18 a 49 a\u00f1os\u201d.<\/p>\n\n\n\n<p><strong>Guzm\u00e1n<\/strong>&nbsp;y sus hermanos, conocidos como los \u2018<strong>Chapitos<\/strong>\u2018, tambi\u00e9n est\u00e1n acusados de trasportar \u201csistem\u00e1ticamente\u201d toneladas de coca\u00edna desde y a trav\u00e9s de Sur y Centroam\u00e9rica hasta EE.UU., de acuerdo con el Departamento de Justicia.<\/p>\n\n\n\n<p>Las autoridades estadounidenses apuntan que esa organizaci\u00f3n ha estado involucrada en actividades de tr\u00e1fico de drogas hacia EE.UU. y violencia desde hace m\u00e1s de una d\u00e9cada y media.<\/p>\n","protected":false},"excerpt":{"rendered":"<p>La defensa de Ovidio Guzm\u00e1n manifest\u00f3 que no hubo oportunidad para ampararse contra la extradici\u00f3n de su cliente Ciudad de M\u00e9xico.- Los abogados de\u00a0Ovidio Guzm\u00e1n, hijo de \u2018El Chapo\u2018\u00a0Guzm\u00e1n, quien el pasado viernes 15 de septiembre fue extraditado a\u00a0Estados Unidos, afirmaron que el narcotraficante no tuvo oportunidad de apelar su traslado a\u00a0Chicago, tal como lo [&hellip;]<\/p>\n","protected":false},"author":47,"featured_media":59658,"comment_status":"open","ping_status":"open","sticky":false,"template":"","format":"standard","meta":{"tdm_status":"","tdm_grid_status":"","footnotes":""},"categories":[39],"tags":[],"class_list":{"0":"post-59657","1":"post","2":"type-post","3":"status-publish","4":"format-standard","5":"has-post-thumbnail","7":"category-noticias-nacionales"},"yoast_head":"<!-- This site is optimized with the Yoast SEO plugin v27.5 - https:\/\/yoast.com\/product\/yoast-seo-wordpress\/ -->\n<title>Abogados de Ovidio Guzm\u00e1n reclaman que la extradici\u00f3n se dio fuera de la ley - Fuentes Fidedignas<\/title>\n<meta name=\"robots\" content=\"index, follow, max-snippet:-1, max-image-preview:large, max-video-preview:-1\" \/>\n<link rel=\"canonical\" href=\"https:\/\/fuentesfidedignas.com.mx\/index.php\/2023\/09\/19\/abogados-de-ovidio-guzman-reclaman-que-la-extradicion-se-dio-fuera-de-la-ley\/\" \/>\n<meta property=\"og:locale\" content=\"es_MX\" \/>\n<meta property=\"og:type\" content=\"article\" \/>\n<meta property=\"og:title\" content=\"Abogados de Ovidio Guzm\u00e1n reclaman que la extradici\u00f3n se dio fuera de la ley - Fuentes Fidedignas\" \/>\n<meta property=\"og:description\" content=\"La defensa de Ovidio Guzm\u00e1n manifest\u00f3 que no hubo oportunidad para ampararse contra la extradici\u00f3n de su cliente Ciudad de M\u00e9xico.- Los abogados de\u00a0Ovidio Guzm\u00e1n, hijo de \u2018El Chapo\u2018\u00a0Guzm\u00e1n, quien el pasado viernes 15 de septiembre fue extraditado a\u00a0Estados Unidos, afirmaron que el narcotraficante no tuvo oportunidad de apelar su traslado a\u00a0Chicago, tal como lo [&hellip;]\" \/>\n<meta property=\"og:url\" content=\"https:\/\/fuentesfidedignas.com.mx\/index.php\/2023\/09\/19\/abogados-de-ovidio-guzman-reclaman-que-la-extradicion-se-dio-fuera-de-la-ley\/\" \/>\n<meta property=\"og:site_name\" content=\"Fuentes Fidedignas\" \/>\n<meta property=\"article:publisher\" content=\"https:\/\/www.facebook.com\/Fuentes-Fidedignas-368234489921644\" \/>\n<meta property=\"article:published_time\" content=\"2023-09-19T23:50:47+00:00\" \/>\n<meta property=\"article:modified_time\" content=\"2023-09-19T23:51:14+00:00\" \/>\n<meta property=\"og:image\" content=\"https:\/\/fuentesfidedignas.com.mx\/wp-content\/uploads\/2023\/09\/POLICIA_FEDERAL_.jpg\" \/>\n\t<meta property=\"og:image:width\" content=\"900\" \/>\n\t<meta property=\"og:image:height\" content=\"601\" \/>\n\t<meta property=\"og:image:type\" content=\"image\/jpeg\" \/>\n<meta name=\"author\" content=\"L\u00f3pez D\u00f3riga\" \/>\n<meta name=\"twitter:card\" content=\"summary_large_image\" \/>\n<meta name=\"twitter:creator\" content=\"@fidedignas\" \/>\n<meta name=\"twitter:site\" content=\"@fidedignas\" \/>\n<meta name=\"twitter:label1\" content=\"Escrito por\" \/>\n\t<meta name=\"twitter:data1\" content=\"L\u00f3pez D\u00f3riga\" \/>\n\t<meta name=\"twitter:label2\" content=\"Tiempo de lectura\" \/>\n\t<meta name=\"twitter:data2\" content=\"3 minutos\" \/>\n<script type=\"application\/ld+json\" class=\"yoast-schema-graph\">{\"@context\":\"https:\\\/\\\/schema.org\",\"@graph\":[{\"@type\":\"Article\",\"@id\":\"https:\\\/\\\/fuentesfidedignas.com.mx\\\/index.php\\\/2023\\\/09\\\/19\\\/abogados-de-ovidio-guzman-reclaman-que-la-extradicion-se-dio-fuera-de-la-ley\\\/#article\",\"isPartOf\":{\"@id\":\"https:\\\/\\\/fuentesfidedignas.com.mx\\\/index.php\\\/2023\\\/09\\\/19\\\/abogados-de-ovidio-guzman-reclaman-que-la-extradicion-se-dio-fuera-de-la-ley\\\/\"},\"author\":{\"name\":\"L\u00f3pez D\u00f3riga\",\"@id\":\"https:\\\/\\\/fuentesfidedignas.com.mx\\\/#\\\/schema\\\/person\\\/67d852f0557c8509146a4b9ddebd543a\"},\"headline\":\"Abogados de Ovidio Guzm\u00e1n reclaman que la extradici\u00f3n se dio fuera de la ley\",\"datePublished\":\"2023-09-19T23:50:47+00:00\",\"dateModified\":\"2023-09-19T23:51:14+00:00\",\"mainEntityOfPage\":{\"@id\":\"https:\\\/\\\/fuentesfidedignas.com.mx\\\/index.php\\\/2023\\\/09\\\/19\\\/abogados-de-ovidio-guzman-reclaman-que-la-extradicion-se-dio-fuera-de-la-ley\\\/\"},\"wordCount\":683,\"commentCount\":0,\"publisher\":{\"@id\":\"https:\\\/\\\/fuentesfidedignas.com.mx\\\/#organization\"},\"image\":{\"@id\":\"https:\\\/\\\/fuentesfidedignas.com.mx\\\/index.php\\\/2023\\\/09\\\/19\\\/abogados-de-ovidio-guzman-reclaman-que-la-extradicion-se-dio-fuera-de-la-ley\\\/#primaryimage\"},\"thumbnailUrl\":\"https:\\\/\\\/fuentesfidedignas.com.mx\\\/wp-content\\\/uploads\\\/2023\\\/09\\\/POLICIA_FEDERAL_.jpg\",\"articleSection\":[\"NOTICIAS NACIONALES\"],\"inLanguage\":\"es\",\"potentialAction\":[{\"@type\":\"CommentAction\",\"name\":\"Comment\",\"target\":[\"https:\\\/\\\/fuentesfidedignas.com.mx\\\/index.php\\\/2023\\\/09\\\/19\\\/abogados-de-ovidio-guzman-reclaman-que-la-extradicion-se-dio-fuera-de-la-ley\\\/#respond\"]}]},{\"@type\":\"WebPage\",\"@id\":\"https:\\\/\\\/fuentesfidedignas.com.mx\\\/index.php\\\/2023\\\/09\\\/19\\\/abogados-de-ovidio-guzman-reclaman-que-la-extradicion-se-dio-fuera-de-la-ley\\\/\",\"url\":\"https:\\\/\\\/fuentesfidedignas.com.mx\\\/index.php\\\/2023\\\/09\\\/19\\\/abogados-de-ovidio-guzman-reclaman-que-la-extradicion-se-dio-fuera-de-la-ley\\\/\",\"name\":\"Abogados de Ovidio Guzm\u00e1n reclaman que la extradici\u00f3n se dio fuera de la ley - Fuentes Fidedignas\",\"isPartOf\":{\"@id\":\"https:\\\/\\\/fuentesfidedignas.com.mx\\\/#website\"},\"primaryImageOfPage\":{\"@id\":\"https:\\\/\\\/fuentesfidedignas.com.mx\\\/index.php\\\/2023\\\/09\\\/19\\\/abogados-de-ovidio-guzman-reclaman-que-la-extradicion-se-dio-fuera-de-la-ley\\\/#primaryimage\"},\"image\":{\"@id\":\"https:\\\/\\\/fuentesfidedignas.com.mx\\\/index.php\\\/2023\\\/09\\\/19\\\/abogados-de-ovidio-guzman-reclaman-que-la-extradicion-se-dio-fuera-de-la-ley\\\/#primaryimage\"},\"thumbnailUrl\":\"https:\\\/\\\/fuentesfidedignas.com.mx\\\/wp-content\\\/uploads\\\/2023\\\/09\\\/POLICIA_FEDERAL_.jpg\",\"datePublished\":\"2023-09-19T23:50:47+00:00\",\"dateModified\":\"2023-09-19T23:51:14+00:00\",\"breadcrumb\":{\"@id\":\"https:\\\/\\\/fuentesfidedignas.com.mx\\\/index.php\\\/2023\\\/09\\\/19\\\/abogados-de-ovidio-guzman-reclaman-que-la-extradicion-se-dio-fuera-de-la-ley\\\/#breadcrumb\"},\"inLanguage\":\"es\",\"potentialAction\":[{\"@type\":\"ReadAction\",\"target\":[\"https:\\\/\\\/fuentesfidedignas.com.mx\\\/index.php\\\/2023\\\/09\\\/19\\\/abogados-de-ovidio-guzman-reclaman-que-la-extradicion-se-dio-fuera-de-la-ley\\\/\"]}]},{\"@type\":\"ImageObject\",\"inLanguage\":\"es\",\"@id\":\"https:\\\/\\\/fuentesfidedignas.com.mx\\\/index.php\\\/2023\\\/09\\\/19\\\/abogados-de-ovidio-guzman-reclaman-que-la-extradicion-se-dio-fuera-de-la-ley\\\/#primaryimage\",\"url\":\"https:\\\/\\\/fuentesfidedignas.com.mx\\\/wp-content\\\/uploads\\\/2023\\\/09\\\/POLICIA_FEDERAL_.jpg\",\"contentUrl\":\"https:\\\/\\\/fuentesfidedignas.com.mx\\\/wp-content\\\/uploads\\\/2023\\\/09\\\/POLICIA_FEDERAL_.jpg\",\"width\":900,\"height\":601},{\"@type\":\"BreadcrumbList\",\"@id\":\"https:\\\/\\\/fuentesfidedignas.com.mx\\\/index.php\\\/2023\\\/09\\\/19\\\/abogados-de-ovidio-guzman-reclaman-que-la-extradicion-se-dio-fuera-de-la-ley\\\/#breadcrumb\",\"itemListElement\":[{\"@type\":\"ListItem\",\"position\":1,\"name\":\"Inicio\",\"item\":\"https:\\\/\\\/fuentesfidedignas.com.mx\\\/\"},{\"@type\":\"ListItem\",\"position\":2,\"name\":\"Abogados de Ovidio Guzm\u00e1n reclaman que la extradici\u00f3n se dio fuera de la ley\"}]},{\"@type\":\"WebSite\",\"@id\":\"https:\\\/\\\/fuentesfidedignas.com.mx\\\/#website\",\"url\":\"https:\\\/\\\/fuentesfidedignas.com.mx\\\/\",\"name\":\"Fuentes Fidedignas\",\"description\":\"Otro sitio realizado con WordPress\",\"publisher\":{\"@id\":\"https:\\\/\\\/fuentesfidedignas.com.mx\\\/#organization\"},\"potentialAction\":[{\"@type\":\"SearchAction\",\"target\":{\"@type\":\"EntryPoint\",\"urlTemplate\":\"https:\\\/\\\/fuentesfidedignas.com.mx\\\/?s={search_term_string}\"},\"query-input\":{\"@type\":\"PropertyValueSpecification\",\"valueRequired\":true,\"valueName\":\"search_term_string\"}}],\"inLanguage\":\"es\"},{\"@type\":\"Organization\",\"@id\":\"https:\\\/\\\/fuentesfidedignas.com.mx\\\/#organization\",\"name\":\"Fuentes Fidedignas\",\"url\":\"https:\\\/\\\/fuentesfidedignas.com.mx\\\/\",\"logo\":{\"@type\":\"ImageObject\",\"inLanguage\":\"es\",\"@id\":\"https:\\\/\\\/fuentesfidedignas.com.mx\\\/#\\\/schema\\\/logo\\\/image\\\/\",\"url\":\"https:\\\/\\\/fuentesfidedignas.com.mx\\\/wp-content\\\/uploads\\\/2021\\\/04\\\/logo-retina.png\",\"contentUrl\":\"https:\\\/\\\/fuentesfidedignas.com.mx\\\/wp-content\\\/uploads\\\/2021\\\/04\\\/logo-retina.png\",\"width\":280,\"height\":51,\"caption\":\"Fuentes Fidedignas\"},\"image\":{\"@id\":\"https:\\\/\\\/fuentesfidedignas.com.mx\\\/#\\\/schema\\\/logo\\\/image\\\/\"},\"sameAs\":[\"https:\\\/\\\/www.facebook.com\\\/Fuentes-Fidedignas-368234489921644\",\"https:\\\/\\\/x.com\\\/fidedignas\"]},{\"@type\":\"Person\",\"@id\":\"https:\\\/\\\/fuentesfidedignas.com.mx\\\/#\\\/schema\\\/person\\\/67d852f0557c8509146a4b9ddebd543a\",\"name\":\"L\u00f3pez D\u00f3riga\",\"image\":{\"@type\":\"ImageObject\",\"inLanguage\":\"es\",\"@id\":\"https:\\\/\\\/secure.gravatar.com\\\/avatar\\\/e525b06574ca18b33cded59dfe5778d6c823b9513154eff47da551b0551bdd1e?s=96&d=mm&r=g\",\"url\":\"https:\\\/\\\/secure.gravatar.com\\\/avatar\\\/e525b06574ca18b33cded59dfe5778d6c823b9513154eff47da551b0551bdd1e?s=96&d=mm&r=g\",\"contentUrl\":\"https:\\\/\\\/secure.gravatar.com\\\/avatar\\\/e525b06574ca18b33cded59dfe5778d6c823b9513154eff47da551b0551bdd1e?s=96&d=mm&r=g\",\"caption\":\"L\u00f3pez D\u00f3riga\"},\"url\":\"https:\\\/\\\/fuentesfidedignas.com.mx\\\/index.php\\\/author\\\/doriga\\\/\"}]}<\/script>\n<!-- \/ Yoast SEO plugin. -->","yoast_head_json":{"title":"Abogados de Ovidio Guzm\u00e1n reclaman que la extradici\u00f3n se dio fuera de la ley - Fuentes Fidedignas","robots":{"index":"index","follow":"follow","max-snippet":"max-snippet:-1","max-image-preview":"max-image-preview:large","max-video-preview":"max-video-preview:-1"},"canonical":"https:\/\/fuentesfidedignas.com.mx\/index.php\/2023\/09\/19\/abogados-de-ovidio-guzman-reclaman-que-la-extradicion-se-dio-fuera-de-la-ley\/","og_locale":"es_MX","og_type":"article","og_title":"Abogados de Ovidio Guzm\u00e1n reclaman que la extradici\u00f3n se dio fuera de la ley - Fuentes Fidedignas","og_description":"La defensa de Ovidio Guzm\u00e1n manifest\u00f3 que no hubo oportunidad para ampararse contra la extradici\u00f3n de su cliente Ciudad de M\u00e9xico.- Los abogados de\u00a0Ovidio Guzm\u00e1n, hijo de \u2018El Chapo\u2018\u00a0Guzm\u00e1n, quien el pasado viernes 15 de septiembre fue extraditado a\u00a0Estados Unidos, afirmaron que el narcotraficante no tuvo oportunidad de apelar su traslado a\u00a0Chicago, tal como lo [&hellip;]","og_url":"https:\/\/fuentesfidedignas.com.mx\/index.php\/2023\/09\/19\/abogados-de-ovidio-guzman-reclaman-que-la-extradicion-se-dio-fuera-de-la-ley\/","og_site_name":"Fuentes Fidedignas","article_publisher":"https:\/\/www.facebook.com\/Fuentes-Fidedignas-368234489921644","article_published_time":"2023-09-19T23:50:47+00:00","article_modified_time":"2023-09-19T23:51:14+00:00","og_image":[{"width":900,"height":601,"url":"https:\/\/fuentesfidedignas.com.mx\/wp-content\/uploads\/2023\/09\/POLICIA_FEDERAL_.jpg","type":"image\/jpeg"}],"author":"L\u00f3pez D\u00f3riga","twitter_card":"summary_large_image","twitter_creator":"@fidedignas","twitter_site":"@fidedignas","twitter_misc":{"Escrito por":"L\u00f3pez D\u00f3riga","Tiempo de lectura":"3 minutos"},"schema":{"@context":"https:\/\/schema.org","@graph":[{"@type":"Article","@id":"https:\/\/fuentesfidedignas.com.mx\/index.php\/2023\/09\/19\/abogados-de-ovidio-guzman-reclaman-que-la-extradicion-se-dio-fuera-de-la-ley\/#article","isPartOf":{"@id":"https:\/\/fuentesfidedignas.com.mx\/index.php\/2023\/09\/19\/abogados-de-ovidio-guzman-reclaman-que-la-extradicion-se-dio-fuera-de-la-ley\/"},"author":{"name":"L\u00f3pez D\u00f3riga","@id":"https:\/\/fuentesfidedignas.com.mx\/#\/schema\/person\/67d852f0557c8509146a4b9ddebd543a"},"headline":"Abogados de Ovidio Guzm\u00e1n reclaman que la extradici\u00f3n se dio fuera de la ley","datePublished":"2023-09-19T23:50:47+00:00","dateModified":"2023-09-19T23:51:14+00:00","mainEntityOfPage":{"@id":"https:\/\/fuentesfidedignas.com.mx\/index.php\/2023\/09\/19\/abogados-de-ovidio-guzman-reclaman-que-la-extradicion-se-dio-fuera-de-la-ley\/"},"wordCount":683,"commentCount":0,"publisher":{"@id":"https:\/\/fuentesfidedignas.com.mx\/#organization"},"image":{"@id":"https:\/\/fuentesfidedignas.com.mx\/index.php\/2023\/09\/19\/abogados-de-ovidio-guzman-reclaman-que-la-extradicion-se-dio-fuera-de-la-ley\/#primaryimage"},"thumbnailUrl":"https:\/\/fuentesfidedignas.com.mx\/wp-content\/uploads\/2023\/09\/POLICIA_FEDERAL_.jpg","articleSection":["NOTICIAS NACIONALES"],"inLanguage":"es","potentialAction":[{"@type":"CommentAction","name":"Comment","target":["https:\/\/fuentesfidedignas.com.mx\/index.php\/2023\/09\/19\/abogados-de-ovidio-guzman-reclaman-que-la-extradicion-se-dio-fuera-de-la-ley\/#respond"]}]},{"@type":"WebPage","@id":"https:\/\/fuentesfidedignas.com.mx\/index.php\/2023\/09\/19\/abogados-de-ovidio-guzman-reclaman-que-la-extradicion-se-dio-fuera-de-la-ley\/","url":"https:\/\/fuentesfidedignas.com.mx\/index.php\/2023\/09\/19\/abogados-de-ovidio-guzman-reclaman-que-la-extradicion-se-dio-fuera-de-la-ley\/","name":"Abogados de Ovidio Guzm\u00e1n reclaman que la extradici\u00f3n se dio fuera de la ley - Fuentes Fidedignas","isPartOf":{"@id":"https:\/\/fuentesfidedignas.com.mx\/#website"},"primaryImageOfPage":{"@id":"https:\/\/fuentesfidedignas.com.mx\/index.php\/2023\/09\/19\/abogados-de-ovidio-guzman-reclaman-que-la-extradicion-se-dio-fuera-de-la-ley\/#primaryimage"},"image":{"@id":"https:\/\/fuentesfidedignas.com.mx\/index.php\/2023\/09\/19\/abogados-de-ovidio-guzman-reclaman-que-la-extradicion-se-dio-fuera-de-la-ley\/#primaryimage"},"thumbnailUrl":"https:\/\/fuentesfidedignas.com.mx\/wp-content\/uploads\/2023\/09\/POLICIA_FEDERAL_.jpg","datePublished":"2023-09-19T23:50:47+00:00","dateModified":"2023-09-19T23:51:14+00:00","breadcrumb":{"@id":"https:\/\/fuentesfidedignas.com.mx\/index.php\/2023\/09\/19\/abogados-de-ovidio-guzman-reclaman-que-la-extradicion-se-dio-fuera-de-la-ley\/#breadcrumb"},"inLanguage":"es","potentialAction":[{"@type":"ReadAction","target":["https:\/\/fuentesfidedignas.com.mx\/index.php\/2023\/09\/19\/abogados-de-ovidio-guzman-reclaman-que-la-extradicion-se-dio-fuera-de-la-ley\/"]}]},{"@type":"ImageObject","inLanguage":"es","@id":"https:\/\/fuentesfidedignas.com.mx\/index.php\/2023\/09\/19\/abogados-de-ovidio-guzman-reclaman-que-la-extradicion-se-dio-fuera-de-la-ley\/#primaryimage","url":"https:\/\/fuentesfidedignas.com.mx\/wp-content\/uploads\/2023\/09\/POLICIA_FEDERAL_.jpg","contentUrl":"https:\/\/fuentesfidedignas.com.mx\/wp-content\/uploads\/2023\/09\/POLICIA_FEDERAL_.jpg","width":900,"height":601},{"@type":"BreadcrumbList","@id":"https:\/\/fuentesfidedignas.com.mx\/index.php\/2023\/09\/19\/abogados-de-ovidio-guzman-reclaman-que-la-extradicion-se-dio-fuera-de-la-ley\/#breadcrumb","itemListElement":[{"@type":"ListItem","position":1,"name":"Inicio","item":"https:\/\/fuentesfidedignas.com.mx\/"},{"@type":"ListItem","position":2,"name":"Abogados de Ovidio Guzm\u00e1n reclaman que la extradici\u00f3n se dio fuera de la ley"}]},{"@type":"WebSite","@id":"https:\/\/fuentesfidedignas.com.mx\/#website","url":"https:\/\/fuentesfidedignas.com.mx\/","name":"Fuentes Fidedignas","description":"Otro sitio realizado con WordPress","publisher":{"@id":"https:\/\/fuentesfidedignas.com.mx\/#organization"},"potentialAction":[{"@type":"SearchAction","target":{"@type":"EntryPoint","urlTemplate":"https:\/\/fuentesfidedignas.com.mx\/?s={search_term_string}"},"query-input":{"@type":"PropertyValueSpecification","valueRequired":true,"valueName":"search_term_string"}}],"inLanguage":"es"},{"@type":"Organization","@id":"https:\/\/fuentesfidedignas.com.mx\/#organization","name":"Fuentes Fidedignas","url":"https:\/\/fuentesfidedignas.com.mx\/","logo":{"@type":"ImageObject","inLanguage":"es","@id":"https:\/\/fuentesfidedignas.com.mx\/#\/schema\/logo\/image\/","url":"https:\/\/fuentesfidedignas.com.mx\/wp-content\/uploads\/2021\/04\/logo-retina.png","contentUrl":"https:\/\/fuentesfidedignas.com.mx\/wp-content\/uploads\/2021\/04\/logo-retina.png","width":280,"height":51,"caption":"Fuentes Fidedignas"},"image":{"@id":"https:\/\/fuentesfidedignas.com.mx\/#\/schema\/logo\/image\/"},"sameAs":["https:\/\/www.facebook.com\/Fuentes-Fidedignas-368234489921644","https:\/\/x.com\/fidedignas"]},{"@type":"Person","@id":"https:\/\/fuentesfidedignas.com.mx\/#\/schema\/person\/67d852f0557c8509146a4b9ddebd543a","name":"L\u00f3pez D\u00f3riga","image":{"@type":"ImageObject","inLanguage":"es","@id":"https:\/\/secure.gravatar.com\/avatar\/e525b06574ca18b33cded59dfe5778d6c823b9513154eff47da551b0551bdd1e?s=96&d=mm&r=g","url":"https:\/\/secure.gravatar.com\/avatar\/e525b06574ca18b33cded59dfe5778d6c823b9513154eff47da551b0551bdd1e?s=96&d=mm&r=g","contentUrl":"https:\/\/secure.gravatar.com\/avatar\/e525b06574ca18b33cded59dfe5778d6c823b9513154eff47da551b0551bdd1e?s=96&d=mm&r=g","caption":"L\u00f3pez D\u00f3riga"},"url":"https:\/\/fuentesfidedignas.com.mx\/index.php\/author\/doriga\/"}]}},"_links":{"self":[{"href":"https:\/\/fuentesfidedignas.com.mx\/index.php\/wp-json\/wp\/v2\/posts\/59657","targetHints":{"allow":["GET"]}}],"collection":[{"href":"https:\/\/fuentesfidedignas.com.mx\/index.php\/wp-json\/wp\/v2\/posts"}],"about":[{"href":"https:\/\/fuentesfidedignas.com.mx\/index.php\/wp-json\/wp\/v2\/types\/post"}],"author":[{"embeddable":true,"href":"https:\/\/fuentesfidedignas.com.mx\/index.php\/wp-json\/wp\/v2\/users\/47"}],"replies":[{"embeddable":true,"href":"https:\/\/fuentesfidedignas.com.mx\/index.php\/wp-json\/wp\/v2\/comments?post=59657"}],"version-history":[{"count":1,"href":"https:\/\/fuentesfidedignas.com.mx\/index.php\/wp-json\/wp\/v2\/posts\/59657\/revisions"}],"predecessor-version":[{"id":59659,"href":"https:\/\/fuentesfidedignas.com.mx\/index.php\/wp-json\/wp\/v2\/posts\/59657\/revisions\/59659"}],"wp:featuredmedia":[{"embeddable":true,"href":"https:\/\/fuentesfidedignas.com.mx\/index.php\/wp-json\/wp\/v2\/media\/59658"}],"wp:attachment":[{"href":"https:\/\/fuentesfidedignas.com.mx\/index.php\/wp-json\/wp\/v2\/media?parent=59657"}],"wp:term":[{"taxonomy":"category","embeddable":true,"href":"https:\/\/fuentesfidedignas.com.mx\/index.php\/wp-json\/wp\/v2\/categories?post=59657"},{"taxonomy":"post_tag","embeddable":true,"href":"https:\/\/fuentesfidedignas.com.mx\/index.php\/wp-json\/wp\/v2\/tags?post=59657"}],"curies":[{"name":"wp","href":"https:\/\/api.w.org\/{rel}","templated":true}]}}