{"id":59633,"date":"2023-09-19T16:10:14","date_gmt":"2023-09-19T23:10:14","guid":{"rendered":"https:\/\/fuentesfidedignas.com.mx\/?p=59633"},"modified":"2023-09-19T16:31:50","modified_gmt":"2023-09-19T23:31:50","slug":"paulo-freire-padrino-de-nueva-escuela-mexicana-dip-jose-m-luque","status":"publish","type":"post","link":"https:\/\/fuentesfidedignas.com.mx\/index.php\/2023\/09\/19\/paulo-freire-padrino-de-nueva-escuela-mexicana-dip-jose-m-luque\/","title":{"rendered":"Paulo Freire, padrino de la Nueva Escuela Mexicana: Luque Rojas"},"content":{"rendered":"\n<p><em><strong>Es el mayor pedagogo del siglo XX, y sus aportaciones siguen teniendo vigencia en los modelos educativos, dijo el  presidente de la Comisi\u00f3n de Educaci\u00f3n, Ciencia y Tecnolog\u00eda del Congreso del Estado<\/strong><\/em><\/p>\n\n\n\n<p>Culiac\u00e1n, Sin.- <strong>Paulo Freire<\/strong> es el padrino de la <strong>Nueva Escuela Mexicana<\/strong> y la nueva forma de ense\u00f1ar, afirm\u00f3 el diputado <strong>Jos\u00e9 Manuel Luque Rojas<\/strong>, durante la inauguraci\u00f3n de Primer Simposio Internacional que se realiz\u00f3 este martes en el Congreso del Estado sobre la vida y obra del pedagogo brasile\u00f1o.<\/p>\n\n\n\n<p>El Simposio fue organizado por el<strong> Instituto Sinaloense para la Educaci\u00f3n de los J\u00f3venes y los Adultos<\/strong> (ISEJA), que dirige Rub\u00e9n Miranda L\u00f3pez, se llev\u00f3 a cabo en el Sal\u00f3n Constituyentes de 1917 y continuar\u00e1 este mi\u00e9rcoles y jueves con videoconferencias.<\/p>\n\n\n\n<iframe loading=\"lazy\" src=\"https:\/\/www.facebook.com\/plugins\/video.php?height=314&#038;href=https%3A%2F%2Fwww.facebook.com%2Fcongresosinaloa%2Fvideos%2F1430312410863062%2F&#038;show_text=false&#038;width=560&#038;t=0\" width=\"560\" height=\"314\" style=\"border:none;overflow:hidden\" scrolling=\"no\" frameborder=\"0\" allowfullscreen=\"true\" allow=\"autoplay; clipboard-write; encrypted-media; picture-in-picture; web-share\" allowFullScreen=\"true\"><\/iframe>\n\n\n\n<p>El diputado Jos\u00e9 Manuel Luque, presidente de la <strong>Comisi\u00f3n de Educaci\u00f3n, Ciencia y Tecnolog\u00eda del Congreso del Estado<\/strong>, consider\u00f3 que este Simposio Internacional debiera multiplicarse, por su gran importancia.<\/p>\n\n\n\n<p>De igual manera reconoci\u00f3 que se est\u00e9n utilizando las nuevas tecnolog\u00edas para llevar a distancia las conferencias programadas.<\/p>\n\n\n\n<p>La inauguraci\u00f3n del evento estuvo a cargo de la Secretaria de Educaci\u00f3n P\u00fablica y Cultura, <strong>Graciela Dom\u00ednguez Nava<\/strong>, quien asisti\u00f3 con la representaci\u00f3n personal del gobernador Rub\u00e9n Rocha Moya.<\/p>\n\n\n\n<p>El Director del ISEJA, <strong>Rub\u00e9n Miranda<\/strong>, expres\u00f3 en su mensaje que la educaci\u00f3n es un acto de amor al pr\u00f3jimo y consider\u00f3 que es un crimen, un agravio, que una persona llegue a la vejez en rezago educativo o en el analfabetismo.<\/p>\n\n\n\n<p>Explic\u00f3 que el Primer Simposio se organiz\u00f3 con la idea de compartir las pedagog\u00edas de Paulo Freire para capacitar a quienes trabajan en el \u00e1mbito educativo y a quienes quieran entender los por qu\u00e9 y los c\u00f3mo se educa.<\/p>\n\n\n\n<p>Paulo Freire, dijo, es el mayor pedagogo del siglo XX, y sus aportaciones siguen teniendo vigencia en los modelos educativos.<\/p>\n\n\n\n<p>De parte del Congreso del Estado tambi\u00e9n asistieron los diputados y diputadas Marco Antonio Zazueta Zazueta, Sergio Mario Arredondo Salas, Cinthia Valenzuela Langarica, Ambrocio Ch\u00e1vez Ch\u00e1vez, Ver\u00f3nica Guadalupe B\u00e1tiz Acosta y Juan Carlos Patr\u00f3n Rosales.<\/p>\n","protected":false},"excerpt":{"rendered":"<p>Es el mayor pedagogo del siglo XX, y sus aportaciones siguen teniendo vigencia en los modelos educativos, dijo el presidente de la Comisi\u00f3n de Educaci\u00f3n, Ciencia y Tecnolog\u00eda del Congreso del Estado Culiac\u00e1n, Sin.- Paulo Freire es el padrino de la Nueva Escuela Mexicana y la nueva forma de ense\u00f1ar, afirm\u00f3 el diputado Jos\u00e9 Manuel [&hellip;]<\/p>\n","protected":false},"author":4,"featured_media":59634,"comment_status":"open","ping_status":"open","sticky":false,"template":"","format":"standard","meta":{"tdm_status":"","tdm_grid_status":"","footnotes":""},"categories":[1],"tags":[],"class_list":{"0":"post-59633","1":"post","2":"type-post","3":"status-publish","4":"format-standard","5":"has-post-thumbnail","7":"category-sin-categoria"},"yoast_head":"<!-- This site is optimized with the Yoast SEO plugin v27.5 - https:\/\/yoast.com\/product\/yoast-seo-wordpress\/ -->\n<title>Paulo Freire, padrino de la Nueva Escuela Mexicana: Luque Rojas - Fuentes Fidedignas<\/title>\n<meta name=\"robots\" content=\"index, follow, max-snippet:-1, max-image-preview:large, max-video-preview:-1\" \/>\n<link rel=\"canonical\" href=\"https:\/\/fuentesfidedignas.com.mx\/index.php\/2023\/09\/19\/paulo-freire-padrino-de-nueva-escuela-mexicana-dip-jose-m-luque\/\" \/>\n<meta property=\"og:locale\" content=\"es_MX\" \/>\n<meta property=\"og:type\" content=\"article\" \/>\n<meta property=\"og:title\" content=\"Paulo Freire, padrino de la Nueva Escuela Mexicana: Luque Rojas - Fuentes Fidedignas\" \/>\n<meta property=\"og:description\" content=\"Es el mayor pedagogo del siglo XX, y sus aportaciones siguen teniendo vigencia en los modelos educativos, dijo el presidente de la Comisi\u00f3n de Educaci\u00f3n, Ciencia y Tecnolog\u00eda del Congreso del Estado Culiac\u00e1n, Sin.- Paulo Freire es el padrino de la Nueva Escuela Mexicana y la nueva forma de ense\u00f1ar, afirm\u00f3 el diputado Jos\u00e9 Manuel [&hellip;]\" \/>\n<meta property=\"og:url\" content=\"https:\/\/fuentesfidedignas.com.mx\/index.php\/2023\/09\/19\/paulo-freire-padrino-de-nueva-escuela-mexicana-dip-jose-m-luque\/\" \/>\n<meta property=\"og:site_name\" content=\"Fuentes Fidedignas\" \/>\n<meta property=\"article:publisher\" content=\"https:\/\/www.facebook.com\/Fuentes-Fidedignas-368234489921644\" \/>\n<meta property=\"article:published_time\" content=\"2023-09-19T23:10:14+00:00\" \/>\n<meta property=\"article:modified_time\" content=\"2023-09-19T23:31:50+00:00\" \/>\n<meta property=\"og:image\" content=\"https:\/\/fuentesfidedignas.com.mx\/wp-content\/uploads\/2023\/09\/WhatsApp-Image-2023-09-19-at-3.45.33-PM-e1695165007792.jpeg\" \/>\n\t<meta property=\"og:image:width\" content=\"600\" \/>\n\t<meta property=\"og:image:height\" content=\"400\" \/>\n\t<meta property=\"og:image:type\" content=\"image\/jpeg\" \/>\n<meta name=\"author\" content=\"Redacci\u00f3n\" \/>\n<meta name=\"twitter:card\" content=\"summary_large_image\" \/>\n<meta name=\"twitter:creator\" content=\"@fidedignas\" \/>\n<meta name=\"twitter:site\" content=\"@fidedignas\" \/>\n<meta name=\"twitter:label1\" content=\"Escrito por\" \/>\n\t<meta name=\"twitter:data1\" content=\"Redacci\u00f3n\" \/>\n\t<meta name=\"twitter:label2\" content=\"Tiempo de lectura\" \/>\n\t<meta name=\"twitter:data2\" content=\"2 minutos\" \/>\n<script type=\"application\/ld+json\" class=\"yoast-schema-graph\">{\"@context\":\"https:\\\/\\\/schema.org\",\"@graph\":[{\"@type\":\"Article\",\"@id\":\"https:\\\/\\\/fuentesfidedignas.com.mx\\\/index.php\\\/2023\\\/09\\\/19\\\/paulo-freire-padrino-de-nueva-escuela-mexicana-dip-jose-m-luque\\\/#article\",\"isPartOf\":{\"@id\":\"https:\\\/\\\/fuentesfidedignas.com.mx\\\/index.php\\\/2023\\\/09\\\/19\\\/paulo-freire-padrino-de-nueva-escuela-mexicana-dip-jose-m-luque\\\/\"},\"author\":{\"name\":\"Redacci\u00f3n\",\"@id\":\"https:\\\/\\\/fuentesfidedignas.com.mx\\\/#\\\/schema\\\/person\\\/331be9283d37198e2acd5750279085b0\"},\"headline\":\"Paulo Freire, padrino de la Nueva Escuela Mexicana: Luque Rojas\",\"datePublished\":\"2023-09-19T23:10:14+00:00\",\"dateModified\":\"2023-09-19T23:31:50+00:00\",\"mainEntityOfPage\":{\"@id\":\"https:\\\/\\\/fuentesfidedignas.com.mx\\\/index.php\\\/2023\\\/09\\\/19\\\/paulo-freire-padrino-de-nueva-escuela-mexicana-dip-jose-m-luque\\\/\"},\"wordCount\":380,\"commentCount\":0,\"publisher\":{\"@id\":\"https:\\\/\\\/fuentesfidedignas.com.mx\\\/#organization\"},\"image\":{\"@id\":\"https:\\\/\\\/fuentesfidedignas.com.mx\\\/index.php\\\/2023\\\/09\\\/19\\\/paulo-freire-padrino-de-nueva-escuela-mexicana-dip-jose-m-luque\\\/#primaryimage\"},\"thumbnailUrl\":\"https:\\\/\\\/fuentesfidedignas.com.mx\\\/wp-content\\\/uploads\\\/2023\\\/09\\\/WhatsApp-Image-2023-09-19-at-3.45.33-PM-e1695165007792.jpeg\",\"inLanguage\":\"es\",\"potentialAction\":[{\"@type\":\"CommentAction\",\"name\":\"Comment\",\"target\":[\"https:\\\/\\\/fuentesfidedignas.com.mx\\\/index.php\\\/2023\\\/09\\\/19\\\/paulo-freire-padrino-de-nueva-escuela-mexicana-dip-jose-m-luque\\\/#respond\"]}]},{\"@type\":\"WebPage\",\"@id\":\"https:\\\/\\\/fuentesfidedignas.com.mx\\\/index.php\\\/2023\\\/09\\\/19\\\/paulo-freire-padrino-de-nueva-escuela-mexicana-dip-jose-m-luque\\\/\",\"url\":\"https:\\\/\\\/fuentesfidedignas.com.mx\\\/index.php\\\/2023\\\/09\\\/19\\\/paulo-freire-padrino-de-nueva-escuela-mexicana-dip-jose-m-luque\\\/\",\"name\":\"Paulo Freire, padrino de la Nueva Escuela Mexicana: Luque Rojas - Fuentes Fidedignas\",\"isPartOf\":{\"@id\":\"https:\\\/\\\/fuentesfidedignas.com.mx\\\/#website\"},\"primaryImageOfPage\":{\"@id\":\"https:\\\/\\\/fuentesfidedignas.com.mx\\\/index.php\\\/2023\\\/09\\\/19\\\/paulo-freire-padrino-de-nueva-escuela-mexicana-dip-jose-m-luque\\\/#primaryimage\"},\"image\":{\"@id\":\"https:\\\/\\\/fuentesfidedignas.com.mx\\\/index.php\\\/2023\\\/09\\\/19\\\/paulo-freire-padrino-de-nueva-escuela-mexicana-dip-jose-m-luque\\\/#primaryimage\"},\"thumbnailUrl\":\"https:\\\/\\\/fuentesfidedignas.com.mx\\\/wp-content\\\/uploads\\\/2023\\\/09\\\/WhatsApp-Image-2023-09-19-at-3.45.33-PM-e1695165007792.jpeg\",\"datePublished\":\"2023-09-19T23:10:14+00:00\",\"dateModified\":\"2023-09-19T23:31:50+00:00\",\"breadcrumb\":{\"@id\":\"https:\\\/\\\/fuentesfidedignas.com.mx\\\/index.php\\\/2023\\\/09\\\/19\\\/paulo-freire-padrino-de-nueva-escuela-mexicana-dip-jose-m-luque\\\/#breadcrumb\"},\"inLanguage\":\"es\",\"potentialAction\":[{\"@type\":\"ReadAction\",\"target\":[\"https:\\\/\\\/fuentesfidedignas.com.mx\\\/index.php\\\/2023\\\/09\\\/19\\\/paulo-freire-padrino-de-nueva-escuela-mexicana-dip-jose-m-luque\\\/\"]}]},{\"@type\":\"ImageObject\",\"inLanguage\":\"es\",\"@id\":\"https:\\\/\\\/fuentesfidedignas.com.mx\\\/index.php\\\/2023\\\/09\\\/19\\\/paulo-freire-padrino-de-nueva-escuela-mexicana-dip-jose-m-luque\\\/#primaryimage\",\"url\":\"https:\\\/\\\/fuentesfidedignas.com.mx\\\/wp-content\\\/uploads\\\/2023\\\/09\\\/WhatsApp-Image-2023-09-19-at-3.45.33-PM-e1695165007792.jpeg\",\"contentUrl\":\"https:\\\/\\\/fuentesfidedignas.com.mx\\\/wp-content\\\/uploads\\\/2023\\\/09\\\/WhatsApp-Image-2023-09-19-at-3.45.33-PM-e1695165007792.jpeg\",\"width\":600,\"height\":400},{\"@type\":\"BreadcrumbList\",\"@id\":\"https:\\\/\\\/fuentesfidedignas.com.mx\\\/index.php\\\/2023\\\/09\\\/19\\\/paulo-freire-padrino-de-nueva-escuela-mexicana-dip-jose-m-luque\\\/#breadcrumb\",\"itemListElement\":[{\"@type\":\"ListItem\",\"position\":1,\"name\":\"Inicio\",\"item\":\"https:\\\/\\\/fuentesfidedignas.com.mx\\\/\"},{\"@type\":\"ListItem\",\"position\":2,\"name\":\"Paulo Freire, padrino de la Nueva Escuela Mexicana: Luque Rojas\"}]},{\"@type\":\"WebSite\",\"@id\":\"https:\\\/\\\/fuentesfidedignas.com.mx\\\/#website\",\"url\":\"https:\\\/\\\/fuentesfidedignas.com.mx\\\/\",\"name\":\"Fuentes Fidedignas\",\"description\":\"Otro sitio realizado con WordPress\",\"publisher\":{\"@id\":\"https:\\\/\\\/fuentesfidedignas.com.mx\\\/#organization\"},\"potentialAction\":[{\"@type\":\"SearchAction\",\"target\":{\"@type\":\"EntryPoint\",\"urlTemplate\":\"https:\\\/\\\/fuentesfidedignas.com.mx\\\/?s={search_term_string}\"},\"query-input\":{\"@type\":\"PropertyValueSpecification\",\"valueRequired\":true,\"valueName\":\"search_term_string\"}}],\"inLanguage\":\"es\"},{\"@type\":\"Organization\",\"@id\":\"https:\\\/\\\/fuentesfidedignas.com.mx\\\/#organization\",\"name\":\"Fuentes Fidedignas\",\"url\":\"https:\\\/\\\/fuentesfidedignas.com.mx\\\/\",\"logo\":{\"@type\":\"ImageObject\",\"inLanguage\":\"es\",\"@id\":\"https:\\\/\\\/fuentesfidedignas.com.mx\\\/#\\\/schema\\\/logo\\\/image\\\/\",\"url\":\"https:\\\/\\\/fuentesfidedignas.com.mx\\\/wp-content\\\/uploads\\\/2021\\\/04\\\/logo-retina.png\",\"contentUrl\":\"https:\\\/\\\/fuentesfidedignas.com.mx\\\/wp-content\\\/uploads\\\/2021\\\/04\\\/logo-retina.png\",\"width\":280,\"height\":51,\"caption\":\"Fuentes Fidedignas\"},\"image\":{\"@id\":\"https:\\\/\\\/fuentesfidedignas.com.mx\\\/#\\\/schema\\\/logo\\\/image\\\/\"},\"sameAs\":[\"https:\\\/\\\/www.facebook.com\\\/Fuentes-Fidedignas-368234489921644\",\"https:\\\/\\\/x.com\\\/fidedignas\"]},{\"@type\":\"Person\",\"@id\":\"https:\\\/\\\/fuentesfidedignas.com.mx\\\/#\\\/schema\\\/person\\\/331be9283d37198e2acd5750279085b0\",\"name\":\"Redacci\u00f3n\",\"image\":{\"@type\":\"ImageObject\",\"inLanguage\":\"es\",\"@id\":\"https:\\\/\\\/secure.gravatar.com\\\/avatar\\\/f6d8782c11d12b2d4ad3fbb6931aeab5309937a4d6cd2fc9cfaa28a6396a5aec?s=96&d=mm&r=g\",\"url\":\"https:\\\/\\\/secure.gravatar.com\\\/avatar\\\/f6d8782c11d12b2d4ad3fbb6931aeab5309937a4d6cd2fc9cfaa28a6396a5aec?s=96&d=mm&r=g\",\"contentUrl\":\"https:\\\/\\\/secure.gravatar.com\\\/avatar\\\/f6d8782c11d12b2d4ad3fbb6931aeab5309937a4d6cd2fc9cfaa28a6396a5aec?s=96&d=mm&r=g\",\"caption\":\"Redacci\u00f3n\"},\"url\":\"https:\\\/\\\/fuentesfidedignas.com.mx\\\/index.php\\\/author\\\/redaccion\\\/\"}]}<\/script>\n<!-- \/ Yoast SEO plugin. -->","yoast_head_json":{"title":"Paulo Freire, padrino de la Nueva Escuela Mexicana: Luque Rojas - Fuentes Fidedignas","robots":{"index":"index","follow":"follow","max-snippet":"max-snippet:-1","max-image-preview":"max-image-preview:large","max-video-preview":"max-video-preview:-1"},"canonical":"https:\/\/fuentesfidedignas.com.mx\/index.php\/2023\/09\/19\/paulo-freire-padrino-de-nueva-escuela-mexicana-dip-jose-m-luque\/","og_locale":"es_MX","og_type":"article","og_title":"Paulo Freire, padrino de la Nueva Escuela Mexicana: Luque Rojas - Fuentes Fidedignas","og_description":"Es el mayor pedagogo del siglo XX, y sus aportaciones siguen teniendo vigencia en los modelos educativos, dijo el presidente de la Comisi\u00f3n de Educaci\u00f3n, Ciencia y Tecnolog\u00eda del Congreso del Estado Culiac\u00e1n, Sin.- Paulo Freire es el padrino de la Nueva Escuela Mexicana y la nueva forma de ense\u00f1ar, afirm\u00f3 el diputado Jos\u00e9 Manuel [&hellip;]","og_url":"https:\/\/fuentesfidedignas.com.mx\/index.php\/2023\/09\/19\/paulo-freire-padrino-de-nueva-escuela-mexicana-dip-jose-m-luque\/","og_site_name":"Fuentes Fidedignas","article_publisher":"https:\/\/www.facebook.com\/Fuentes-Fidedignas-368234489921644","article_published_time":"2023-09-19T23:10:14+00:00","article_modified_time":"2023-09-19T23:31:50+00:00","og_image":[{"width":600,"height":400,"url":"https:\/\/fuentesfidedignas.com.mx\/wp-content\/uploads\/2023\/09\/WhatsApp-Image-2023-09-19-at-3.45.33-PM-e1695165007792.jpeg","type":"image\/jpeg"}],"author":"Redacci\u00f3n","twitter_card":"summary_large_image","twitter_creator":"@fidedignas","twitter_site":"@fidedignas","twitter_misc":{"Escrito por":"Redacci\u00f3n","Tiempo de lectura":"2 minutos"},"schema":{"@context":"https:\/\/schema.org","@graph":[{"@type":"Article","@id":"https:\/\/fuentesfidedignas.com.mx\/index.php\/2023\/09\/19\/paulo-freire-padrino-de-nueva-escuela-mexicana-dip-jose-m-luque\/#article","isPartOf":{"@id":"https:\/\/fuentesfidedignas.com.mx\/index.php\/2023\/09\/19\/paulo-freire-padrino-de-nueva-escuela-mexicana-dip-jose-m-luque\/"},"author":{"name":"Redacci\u00f3n","@id":"https:\/\/fuentesfidedignas.com.mx\/#\/schema\/person\/331be9283d37198e2acd5750279085b0"},"headline":"Paulo Freire, padrino de la Nueva Escuela Mexicana: Luque Rojas","datePublished":"2023-09-19T23:10:14+00:00","dateModified":"2023-09-19T23:31:50+00:00","mainEntityOfPage":{"@id":"https:\/\/fuentesfidedignas.com.mx\/index.php\/2023\/09\/19\/paulo-freire-padrino-de-nueva-escuela-mexicana-dip-jose-m-luque\/"},"wordCount":380,"commentCount":0,"publisher":{"@id":"https:\/\/fuentesfidedignas.com.mx\/#organization"},"image":{"@id":"https:\/\/fuentesfidedignas.com.mx\/index.php\/2023\/09\/19\/paulo-freire-padrino-de-nueva-escuela-mexicana-dip-jose-m-luque\/#primaryimage"},"thumbnailUrl":"https:\/\/fuentesfidedignas.com.mx\/wp-content\/uploads\/2023\/09\/WhatsApp-Image-2023-09-19-at-3.45.33-PM-e1695165007792.jpeg","inLanguage":"es","potentialAction":[{"@type":"CommentAction","name":"Comment","target":["https:\/\/fuentesfidedignas.com.mx\/index.php\/2023\/09\/19\/paulo-freire-padrino-de-nueva-escuela-mexicana-dip-jose-m-luque\/#respond"]}]},{"@type":"WebPage","@id":"https:\/\/fuentesfidedignas.com.mx\/index.php\/2023\/09\/19\/paulo-freire-padrino-de-nueva-escuela-mexicana-dip-jose-m-luque\/","url":"https:\/\/fuentesfidedignas.com.mx\/index.php\/2023\/09\/19\/paulo-freire-padrino-de-nueva-escuela-mexicana-dip-jose-m-luque\/","name":"Paulo Freire, padrino de la Nueva Escuela Mexicana: Luque Rojas - Fuentes Fidedignas","isPartOf":{"@id":"https:\/\/fuentesfidedignas.com.mx\/#website"},"primaryImageOfPage":{"@id":"https:\/\/fuentesfidedignas.com.mx\/index.php\/2023\/09\/19\/paulo-freire-padrino-de-nueva-escuela-mexicana-dip-jose-m-luque\/#primaryimage"},"image":{"@id":"https:\/\/fuentesfidedignas.com.mx\/index.php\/2023\/09\/19\/paulo-freire-padrino-de-nueva-escuela-mexicana-dip-jose-m-luque\/#primaryimage"},"thumbnailUrl":"https:\/\/fuentesfidedignas.com.mx\/wp-content\/uploads\/2023\/09\/WhatsApp-Image-2023-09-19-at-3.45.33-PM-e1695165007792.jpeg","datePublished":"2023-09-19T23:10:14+00:00","dateModified":"2023-09-19T23:31:50+00:00","breadcrumb":{"@id":"https:\/\/fuentesfidedignas.com.mx\/index.php\/2023\/09\/19\/paulo-freire-padrino-de-nueva-escuela-mexicana-dip-jose-m-luque\/#breadcrumb"},"inLanguage":"es","potentialAction":[{"@type":"ReadAction","target":["https:\/\/fuentesfidedignas.com.mx\/index.php\/2023\/09\/19\/paulo-freire-padrino-de-nueva-escuela-mexicana-dip-jose-m-luque\/"]}]},{"@type":"ImageObject","inLanguage":"es","@id":"https:\/\/fuentesfidedignas.com.mx\/index.php\/2023\/09\/19\/paulo-freire-padrino-de-nueva-escuela-mexicana-dip-jose-m-luque\/#primaryimage","url":"https:\/\/fuentesfidedignas.com.mx\/wp-content\/uploads\/2023\/09\/WhatsApp-Image-2023-09-19-at-3.45.33-PM-e1695165007792.jpeg","contentUrl":"https:\/\/fuentesfidedignas.com.mx\/wp-content\/uploads\/2023\/09\/WhatsApp-Image-2023-09-19-at-3.45.33-PM-e1695165007792.jpeg","width":600,"height":400},{"@type":"BreadcrumbList","@id":"https:\/\/fuentesfidedignas.com.mx\/index.php\/2023\/09\/19\/paulo-freire-padrino-de-nueva-escuela-mexicana-dip-jose-m-luque\/#breadcrumb","itemListElement":[{"@type":"ListItem","position":1,"name":"Inicio","item":"https:\/\/fuentesfidedignas.com.mx\/"},{"@type":"ListItem","position":2,"name":"Paulo Freire, padrino de la Nueva Escuela Mexicana: Luque Rojas"}]},{"@type":"WebSite","@id":"https:\/\/fuentesfidedignas.com.mx\/#website","url":"https:\/\/fuentesfidedignas.com.mx\/","name":"Fuentes Fidedignas","description":"Otro sitio realizado con WordPress","publisher":{"@id":"https:\/\/fuentesfidedignas.com.mx\/#organization"},"potentialAction":[{"@type":"SearchAction","target":{"@type":"EntryPoint","urlTemplate":"https:\/\/fuentesfidedignas.com.mx\/?s={search_term_string}"},"query-input":{"@type":"PropertyValueSpecification","valueRequired":true,"valueName":"search_term_string"}}],"inLanguage":"es"},{"@type":"Organization","@id":"https:\/\/fuentesfidedignas.com.mx\/#organization","name":"Fuentes Fidedignas","url":"https:\/\/fuentesfidedignas.com.mx\/","logo":{"@type":"ImageObject","inLanguage":"es","@id":"https:\/\/fuentesfidedignas.com.mx\/#\/schema\/logo\/image\/","url":"https:\/\/fuentesfidedignas.com.mx\/wp-content\/uploads\/2021\/04\/logo-retina.png","contentUrl":"https:\/\/fuentesfidedignas.com.mx\/wp-content\/uploads\/2021\/04\/logo-retina.png","width":280,"height":51,"caption":"Fuentes Fidedignas"},"image":{"@id":"https:\/\/fuentesfidedignas.com.mx\/#\/schema\/logo\/image\/"},"sameAs":["https:\/\/www.facebook.com\/Fuentes-Fidedignas-368234489921644","https:\/\/x.com\/fidedignas"]},{"@type":"Person","@id":"https:\/\/fuentesfidedignas.com.mx\/#\/schema\/person\/331be9283d37198e2acd5750279085b0","name":"Redacci\u00f3n","image":{"@type":"ImageObject","inLanguage":"es","@id":"https:\/\/secure.gravatar.com\/avatar\/f6d8782c11d12b2d4ad3fbb6931aeab5309937a4d6cd2fc9cfaa28a6396a5aec?s=96&d=mm&r=g","url":"https:\/\/secure.gravatar.com\/avatar\/f6d8782c11d12b2d4ad3fbb6931aeab5309937a4d6cd2fc9cfaa28a6396a5aec?s=96&d=mm&r=g","contentUrl":"https:\/\/secure.gravatar.com\/avatar\/f6d8782c11d12b2d4ad3fbb6931aeab5309937a4d6cd2fc9cfaa28a6396a5aec?s=96&d=mm&r=g","caption":"Redacci\u00f3n"},"url":"https:\/\/fuentesfidedignas.com.mx\/index.php\/author\/redaccion\/"}]}},"_links":{"self":[{"href":"https:\/\/fuentesfidedignas.com.mx\/index.php\/wp-json\/wp\/v2\/posts\/59633","targetHints":{"allow":["GET"]}}],"collection":[{"href":"https:\/\/fuentesfidedignas.com.mx\/index.php\/wp-json\/wp\/v2\/posts"}],"about":[{"href":"https:\/\/fuentesfidedignas.com.mx\/index.php\/wp-json\/wp\/v2\/types\/post"}],"author":[{"embeddable":true,"href":"https:\/\/fuentesfidedignas.com.mx\/index.php\/wp-json\/wp\/v2\/users\/4"}],"replies":[{"embeddable":true,"href":"https:\/\/fuentesfidedignas.com.mx\/index.php\/wp-json\/wp\/v2\/comments?post=59633"}],"version-history":[{"count":5,"href":"https:\/\/fuentesfidedignas.com.mx\/index.php\/wp-json\/wp\/v2\/posts\/59633\/revisions"}],"predecessor-version":[{"id":59645,"href":"https:\/\/fuentesfidedignas.com.mx\/index.php\/wp-json\/wp\/v2\/posts\/59633\/revisions\/59645"}],"wp:featuredmedia":[{"embeddable":true,"href":"https:\/\/fuentesfidedignas.com.mx\/index.php\/wp-json\/wp\/v2\/media\/59634"}],"wp:attachment":[{"href":"https:\/\/fuentesfidedignas.com.mx\/index.php\/wp-json\/wp\/v2\/media?parent=59633"}],"wp:term":[{"taxonomy":"category","embeddable":true,"href":"https:\/\/fuentesfidedignas.com.mx\/index.php\/wp-json\/wp\/v2\/categories?post=59633"},{"taxonomy":"post_tag","embeddable":true,"href":"https:\/\/fuentesfidedignas.com.mx\/index.php\/wp-json\/wp\/v2\/tags?post=59633"}],"curies":[{"name":"wp","href":"https:\/\/api.w.org\/{rel}","templated":true}]}}