{"id":59590,"date":"2023-09-19T11:49:45","date_gmt":"2023-09-19T18:49:45","guid":{"rendered":"https:\/\/fuentesfidedignas.com.mx\/?p=59590"},"modified":"2023-09-19T11:49:47","modified_gmt":"2023-09-19T18:49:47","slug":"seria-un-retroceso-el-regreso-de-ferreiro-a-la-alcaldia-de-culiacan-sadol-osorio","status":"publish","type":"post","link":"https:\/\/fuentesfidedignas.com.mx\/index.php\/2023\/09\/19\/seria-un-retroceso-el-regreso-de-ferreiro-a-la-alcaldia-de-culiacan-sadol-osorio\/","title":{"rendered":"Ser\u00eda un retroceso el regreso de Ferreiro a la alcald\u00eda de Culiac\u00e1n: Sadol Osorio"},"content":{"rendered":"\n<p><em>&#8220;<strong>Con Juan de Dios G\u00e1mez Mend\u00edvil hay m\u00e1s di\u00e1logo&#8221;, asegur\u00f3 el regidor panista<\/strong><\/em><\/p>\n\n\n\n<p>Culiac\u00e1n, Sin.- El regidor del municipio de Culiac\u00e1n, consider\u00f3 que ser\u00eda un retroceso el regreso de Jes\u00fas Estrada Ferreiro a la presidencia municipal de la ciudad capital del estado: &#8220;<strong>Hemos avanzado de manera considerable y estamos apenas adecu\u00e1ndonos a los nuevos funcionarios y a la manera de trabajar del alcalde\u201d<\/strong>, coment\u00f3.<\/p>\n\n\n\n<p>Sostuvo que si el Tribunal lo decide Culiac\u00e1n avanzar\u00eda cuatro pasos para adelante y otros cuatro para atr\u00e1s. \u201cQuedar\u00edamos \u2013agreg\u00f3- exactamente donde mismo porque hubieron cambios de funcionarios y hubo mucha incertidumbre, ahora estamos a escasos un a\u00f1o de dejar este tema\u201d.<\/p>\n\n\n\n<p>\u201c<strong>Lo veo como un retroceso porque hubo mejoras considerables con Juan de Dios G\u00e1mez Mendivil, que se vieron poco a poquito<\/strong>\u201d, a\u00f1adi\u00f3.<\/p>\n\n\n\n<p>El regidor manifest\u00f3 que deber\u00edan quedarse las cosas como est\u00e1n porque hasta ahora han tenido coordinaci\u00f3n con los distintos funcionarios y \u00e1reas del Ayuntamiento, adem\u00e1s de que el Cabildo est\u00e1 trabajando muy bien, lo cual permite que transiten mejor.<\/p>\n\n\n\n<p>Alert\u00f3 que si regresa Ferreiro la t\u00f3nica ser\u00eda diferente, porque volver\u00eda con patrones de conducta similares a los que tra\u00eda en principio. \u201c<strong>No ha entendido ni entendi\u00f3 y de volver seguir\u00eda en el choque, cerraz\u00f3n, en pleitos, y el m\u00e1s afectado ser\u00eda el municipio de Culiac\u00e1n<\/strong>\u201d, dijo.<\/p>\n\n\n\n<p>Precis\u00f3 que Ferreiro tiene juicios pendientes que debe atender y hacer lo que a su derecho convenga, al reiterar que su probable regreso ser\u00eda definitivamente un retroceso tremendo donde el gran perdedor ser\u00eda Culiac\u00e1n.<\/p>\n\n\n\n<p>\u201c<strong>Con Juan de Dios G\u00e1mez Mend\u00edvil hay m\u00e1s di\u00e1logo, la conducta de los funcionarios cambi\u00f3 y de volver este personaje, regresar\u00edan los mismos funcionarios con el mismo patr\u00f3n de conducta de conflicto, pleito y encono<\/strong>\u201d, expres\u00f3.<\/p>\n\n\n\n<p>Para concluir anticip\u00f3 que Ferreiro y sus funcionarios volver\u00edan agraviados y con la espada desenvainada, lo cual no tiende puentes sino pone paredes.<\/p>\n","protected":false},"excerpt":{"rendered":"<p>&#8220;Con Juan de Dios G\u00e1mez Mend\u00edvil hay m\u00e1s di\u00e1logo&#8221;, asegur\u00f3 el regidor panista Culiac\u00e1n, Sin.- El regidor del municipio de Culiac\u00e1n, consider\u00f3 que ser\u00eda un retroceso el regreso de Jes\u00fas Estrada Ferreiro a la presidencia municipal de la ciudad capital del estado: &#8220;Hemos avanzado de manera considerable y estamos apenas adecu\u00e1ndonos a los nuevos funcionarios [&hellip;]<\/p>\n","protected":false},"author":112,"featured_media":59591,"comment_status":"open","ping_status":"open","sticky":false,"template":"","format":"standard","meta":{"tdm_status":"","tdm_grid_status":"","footnotes":""},"categories":[37],"tags":[],"class_list":{"0":"post-59590","1":"post","2":"type-post","3":"status-publish","4":"format-standard","5":"has-post-thumbnail","7":"category-nota-principal"},"yoast_head":"<!-- This site is optimized with the Yoast SEO plugin v27.4 - https:\/\/yoast.com\/product\/yoast-seo-wordpress\/ -->\n<title>Ser\u00eda un retroceso el regreso de Ferreiro a la alcald\u00eda de Culiac\u00e1n: Sadol Osorio - Fuentes Fidedignas<\/title>\n<meta name=\"robots\" content=\"index, follow, max-snippet:-1, max-image-preview:large, max-video-preview:-1\" \/>\n<link rel=\"canonical\" href=\"https:\/\/fuentesfidedignas.com.mx\/index.php\/2023\/09\/19\/seria-un-retroceso-el-regreso-de-ferreiro-a-la-alcaldia-de-culiacan-sadol-osorio\/\" \/>\n<meta property=\"og:locale\" content=\"es_MX\" \/>\n<meta property=\"og:type\" content=\"article\" \/>\n<meta property=\"og:title\" content=\"Ser\u00eda un retroceso el regreso de Ferreiro a la alcald\u00eda de Culiac\u00e1n: Sadol Osorio - Fuentes Fidedignas\" \/>\n<meta property=\"og:description\" content=\"&#8220;Con Juan de Dios G\u00e1mez Mend\u00edvil hay m\u00e1s di\u00e1logo&#8221;, asegur\u00f3 el regidor panista Culiac\u00e1n, Sin.- El regidor del municipio de Culiac\u00e1n, consider\u00f3 que ser\u00eda un retroceso el regreso de Jes\u00fas Estrada Ferreiro a la presidencia municipal de la ciudad capital del estado: &#8220;Hemos avanzado de manera considerable y estamos apenas adecu\u00e1ndonos a los nuevos funcionarios [&hellip;]\" \/>\n<meta property=\"og:url\" content=\"https:\/\/fuentesfidedignas.com.mx\/index.php\/2023\/09\/19\/seria-un-retroceso-el-regreso-de-ferreiro-a-la-alcaldia-de-culiacan-sadol-osorio\/\" \/>\n<meta property=\"og:site_name\" content=\"Fuentes Fidedignas\" \/>\n<meta property=\"article:publisher\" content=\"https:\/\/www.facebook.com\/Fuentes-Fidedignas-368234489921644\" \/>\n<meta property=\"article:published_time\" content=\"2023-09-19T18:49:45+00:00\" \/>\n<meta property=\"article:modified_time\" content=\"2023-09-19T18:49:47+00:00\" \/>\n<meta property=\"og:image\" content=\"https:\/\/fuentesfidedignas.com.mx\/wp-content\/uploads\/2023\/09\/sadol-osiorio-ferreiro.jpeg\" \/>\n\t<meta property=\"og:image:width\" content=\"700\" \/>\n\t<meta property=\"og:image:height\" content=\"525\" \/>\n\t<meta property=\"og:image:type\" content=\"image\/jpeg\" \/>\n<meta name=\"author\" content=\"Leonardo Gutierrez\" \/>\n<meta name=\"twitter:card\" content=\"summary_large_image\" \/>\n<meta name=\"twitter:creator\" content=\"@fidedignas\" \/>\n<meta name=\"twitter:site\" content=\"@fidedignas\" \/>\n<meta name=\"twitter:label1\" content=\"Escrito por\" \/>\n\t<meta name=\"twitter:data1\" content=\"Leonardo Gutierrez\" \/>\n\t<meta name=\"twitter:label2\" content=\"Tiempo de lectura\" \/>\n\t<meta name=\"twitter:data2\" content=\"2 minutos\" \/>\n<script type=\"application\/ld+json\" class=\"yoast-schema-graph\">{\"@context\":\"https:\\\/\\\/schema.org\",\"@graph\":[{\"@type\":\"Article\",\"@id\":\"https:\\\/\\\/fuentesfidedignas.com.mx\\\/index.php\\\/2023\\\/09\\\/19\\\/seria-un-retroceso-el-regreso-de-ferreiro-a-la-alcaldia-de-culiacan-sadol-osorio\\\/#article\",\"isPartOf\":{\"@id\":\"https:\\\/\\\/fuentesfidedignas.com.mx\\\/index.php\\\/2023\\\/09\\\/19\\\/seria-un-retroceso-el-regreso-de-ferreiro-a-la-alcaldia-de-culiacan-sadol-osorio\\\/\"},\"author\":{\"name\":\"Leonardo Gutierrez\",\"@id\":\"https:\\\/\\\/fuentesfidedignas.com.mx\\\/#\\\/schema\\\/person\\\/c77df25c00baae1d4fdc0340db6f364c\"},\"headline\":\"Ser\u00eda un retroceso el regreso de Ferreiro a la alcald\u00eda de Culiac\u00e1n: Sadol Osorio\",\"datePublished\":\"2023-09-19T18:49:45+00:00\",\"dateModified\":\"2023-09-19T18:49:47+00:00\",\"mainEntityOfPage\":{\"@id\":\"https:\\\/\\\/fuentesfidedignas.com.mx\\\/index.php\\\/2023\\\/09\\\/19\\\/seria-un-retroceso-el-regreso-de-ferreiro-a-la-alcaldia-de-culiacan-sadol-osorio\\\/\"},\"wordCount\":365,\"commentCount\":0,\"publisher\":{\"@id\":\"https:\\\/\\\/fuentesfidedignas.com.mx\\\/#organization\"},\"image\":{\"@id\":\"https:\\\/\\\/fuentesfidedignas.com.mx\\\/index.php\\\/2023\\\/09\\\/19\\\/seria-un-retroceso-el-regreso-de-ferreiro-a-la-alcaldia-de-culiacan-sadol-osorio\\\/#primaryimage\"},\"thumbnailUrl\":\"https:\\\/\\\/fuentesfidedignas.com.mx\\\/wp-content\\\/uploads\\\/2023\\\/09\\\/sadol-osiorio-ferreiro.jpeg\",\"articleSection\":[\"NOTA PRINCIPAL\"],\"inLanguage\":\"es\",\"potentialAction\":[{\"@type\":\"CommentAction\",\"name\":\"Comment\",\"target\":[\"https:\\\/\\\/fuentesfidedignas.com.mx\\\/index.php\\\/2023\\\/09\\\/19\\\/seria-un-retroceso-el-regreso-de-ferreiro-a-la-alcaldia-de-culiacan-sadol-osorio\\\/#respond\"]}]},{\"@type\":\"WebPage\",\"@id\":\"https:\\\/\\\/fuentesfidedignas.com.mx\\\/index.php\\\/2023\\\/09\\\/19\\\/seria-un-retroceso-el-regreso-de-ferreiro-a-la-alcaldia-de-culiacan-sadol-osorio\\\/\",\"url\":\"https:\\\/\\\/fuentesfidedignas.com.mx\\\/index.php\\\/2023\\\/09\\\/19\\\/seria-un-retroceso-el-regreso-de-ferreiro-a-la-alcaldia-de-culiacan-sadol-osorio\\\/\",\"name\":\"Ser\u00eda un retroceso el regreso de Ferreiro a la alcald\u00eda de Culiac\u00e1n: Sadol Osorio - Fuentes Fidedignas\",\"isPartOf\":{\"@id\":\"https:\\\/\\\/fuentesfidedignas.com.mx\\\/#website\"},\"primaryImageOfPage\":{\"@id\":\"https:\\\/\\\/fuentesfidedignas.com.mx\\\/index.php\\\/2023\\\/09\\\/19\\\/seria-un-retroceso-el-regreso-de-ferreiro-a-la-alcaldia-de-culiacan-sadol-osorio\\\/#primaryimage\"},\"image\":{\"@id\":\"https:\\\/\\\/fuentesfidedignas.com.mx\\\/index.php\\\/2023\\\/09\\\/19\\\/seria-un-retroceso-el-regreso-de-ferreiro-a-la-alcaldia-de-culiacan-sadol-osorio\\\/#primaryimage\"},\"thumbnailUrl\":\"https:\\\/\\\/fuentesfidedignas.com.mx\\\/wp-content\\\/uploads\\\/2023\\\/09\\\/sadol-osiorio-ferreiro.jpeg\",\"datePublished\":\"2023-09-19T18:49:45+00:00\",\"dateModified\":\"2023-09-19T18:49:47+00:00\",\"breadcrumb\":{\"@id\":\"https:\\\/\\\/fuentesfidedignas.com.mx\\\/index.php\\\/2023\\\/09\\\/19\\\/seria-un-retroceso-el-regreso-de-ferreiro-a-la-alcaldia-de-culiacan-sadol-osorio\\\/#breadcrumb\"},\"inLanguage\":\"es\",\"potentialAction\":[{\"@type\":\"ReadAction\",\"target\":[\"https:\\\/\\\/fuentesfidedignas.com.mx\\\/index.php\\\/2023\\\/09\\\/19\\\/seria-un-retroceso-el-regreso-de-ferreiro-a-la-alcaldia-de-culiacan-sadol-osorio\\\/\"]}]},{\"@type\":\"ImageObject\",\"inLanguage\":\"es\",\"@id\":\"https:\\\/\\\/fuentesfidedignas.com.mx\\\/index.php\\\/2023\\\/09\\\/19\\\/seria-un-retroceso-el-regreso-de-ferreiro-a-la-alcaldia-de-culiacan-sadol-osorio\\\/#primaryimage\",\"url\":\"https:\\\/\\\/fuentesfidedignas.com.mx\\\/wp-content\\\/uploads\\\/2023\\\/09\\\/sadol-osiorio-ferreiro.jpeg\",\"contentUrl\":\"https:\\\/\\\/fuentesfidedignas.com.mx\\\/wp-content\\\/uploads\\\/2023\\\/09\\\/sadol-osiorio-ferreiro.jpeg\",\"width\":700,\"height\":525},{\"@type\":\"BreadcrumbList\",\"@id\":\"https:\\\/\\\/fuentesfidedignas.com.mx\\\/index.php\\\/2023\\\/09\\\/19\\\/seria-un-retroceso-el-regreso-de-ferreiro-a-la-alcaldia-de-culiacan-sadol-osorio\\\/#breadcrumb\",\"itemListElement\":[{\"@type\":\"ListItem\",\"position\":1,\"name\":\"Inicio\",\"item\":\"https:\\\/\\\/fuentesfidedignas.com.mx\\\/\"},{\"@type\":\"ListItem\",\"position\":2,\"name\":\"Ser\u00eda un retroceso el regreso de Ferreiro a la alcald\u00eda de Culiac\u00e1n: Sadol Osorio\"}]},{\"@type\":\"WebSite\",\"@id\":\"https:\\\/\\\/fuentesfidedignas.com.mx\\\/#website\",\"url\":\"https:\\\/\\\/fuentesfidedignas.com.mx\\\/\",\"name\":\"Fuentes Fidedignas\",\"description\":\"Otro sitio realizado con WordPress\",\"publisher\":{\"@id\":\"https:\\\/\\\/fuentesfidedignas.com.mx\\\/#organization\"},\"potentialAction\":[{\"@type\":\"SearchAction\",\"target\":{\"@type\":\"EntryPoint\",\"urlTemplate\":\"https:\\\/\\\/fuentesfidedignas.com.mx\\\/?s={search_term_string}\"},\"query-input\":{\"@type\":\"PropertyValueSpecification\",\"valueRequired\":true,\"valueName\":\"search_term_string\"}}],\"inLanguage\":\"es\"},{\"@type\":\"Organization\",\"@id\":\"https:\\\/\\\/fuentesfidedignas.com.mx\\\/#organization\",\"name\":\"Fuentes Fidedignas\",\"url\":\"https:\\\/\\\/fuentesfidedignas.com.mx\\\/\",\"logo\":{\"@type\":\"ImageObject\",\"inLanguage\":\"es\",\"@id\":\"https:\\\/\\\/fuentesfidedignas.com.mx\\\/#\\\/schema\\\/logo\\\/image\\\/\",\"url\":\"https:\\\/\\\/fuentesfidedignas.com.mx\\\/wp-content\\\/uploads\\\/2021\\\/04\\\/logo-retina.png\",\"contentUrl\":\"https:\\\/\\\/fuentesfidedignas.com.mx\\\/wp-content\\\/uploads\\\/2021\\\/04\\\/logo-retina.png\",\"width\":280,\"height\":51,\"caption\":\"Fuentes Fidedignas\"},\"image\":{\"@id\":\"https:\\\/\\\/fuentesfidedignas.com.mx\\\/#\\\/schema\\\/logo\\\/image\\\/\"},\"sameAs\":[\"https:\\\/\\\/www.facebook.com\\\/Fuentes-Fidedignas-368234489921644\",\"https:\\\/\\\/x.com\\\/fidedignas\"]},{\"@type\":\"Person\",\"@id\":\"https:\\\/\\\/fuentesfidedignas.com.mx\\\/#\\\/schema\\\/person\\\/c77df25c00baae1d4fdc0340db6f364c\",\"name\":\"Leonardo Gutierrez\",\"image\":{\"@type\":\"ImageObject\",\"inLanguage\":\"es\",\"@id\":\"https:\\\/\\\/secure.gravatar.com\\\/avatar\\\/17b13a7a986cc98ca4d7337340bcac5945cbae677961c354aefb3c7962c8cc1f?s=96&d=mm&r=g\",\"url\":\"https:\\\/\\\/secure.gravatar.com\\\/avatar\\\/17b13a7a986cc98ca4d7337340bcac5945cbae677961c354aefb3c7962c8cc1f?s=96&d=mm&r=g\",\"contentUrl\":\"https:\\\/\\\/secure.gravatar.com\\\/avatar\\\/17b13a7a986cc98ca4d7337340bcac5945cbae677961c354aefb3c7962c8cc1f?s=96&d=mm&r=g\",\"caption\":\"Leonardo Gutierrez\"},\"url\":\"https:\\\/\\\/fuentesfidedignas.com.mx\\\/index.php\\\/author\\\/leonardogut\\\/\"}]}<\/script>\n<!-- \/ Yoast SEO plugin. -->","yoast_head_json":{"title":"Ser\u00eda un retroceso el regreso de Ferreiro a la alcald\u00eda de Culiac\u00e1n: Sadol Osorio - Fuentes Fidedignas","robots":{"index":"index","follow":"follow","max-snippet":"max-snippet:-1","max-image-preview":"max-image-preview:large","max-video-preview":"max-video-preview:-1"},"canonical":"https:\/\/fuentesfidedignas.com.mx\/index.php\/2023\/09\/19\/seria-un-retroceso-el-regreso-de-ferreiro-a-la-alcaldia-de-culiacan-sadol-osorio\/","og_locale":"es_MX","og_type":"article","og_title":"Ser\u00eda un retroceso el regreso de Ferreiro a la alcald\u00eda de Culiac\u00e1n: Sadol Osorio - Fuentes Fidedignas","og_description":"&#8220;Con Juan de Dios G\u00e1mez Mend\u00edvil hay m\u00e1s di\u00e1logo&#8221;, asegur\u00f3 el regidor panista Culiac\u00e1n, Sin.- El regidor del municipio de Culiac\u00e1n, consider\u00f3 que ser\u00eda un retroceso el regreso de Jes\u00fas Estrada Ferreiro a la presidencia municipal de la ciudad capital del estado: &#8220;Hemos avanzado de manera considerable y estamos apenas adecu\u00e1ndonos a los nuevos funcionarios [&hellip;]","og_url":"https:\/\/fuentesfidedignas.com.mx\/index.php\/2023\/09\/19\/seria-un-retroceso-el-regreso-de-ferreiro-a-la-alcaldia-de-culiacan-sadol-osorio\/","og_site_name":"Fuentes Fidedignas","article_publisher":"https:\/\/www.facebook.com\/Fuentes-Fidedignas-368234489921644","article_published_time":"2023-09-19T18:49:45+00:00","article_modified_time":"2023-09-19T18:49:47+00:00","og_image":[{"width":700,"height":525,"url":"https:\/\/fuentesfidedignas.com.mx\/wp-content\/uploads\/2023\/09\/sadol-osiorio-ferreiro.jpeg","type":"image\/jpeg"}],"author":"Leonardo Gutierrez","twitter_card":"summary_large_image","twitter_creator":"@fidedignas","twitter_site":"@fidedignas","twitter_misc":{"Escrito por":"Leonardo Gutierrez","Tiempo de lectura":"2 minutos"},"schema":{"@context":"https:\/\/schema.org","@graph":[{"@type":"Article","@id":"https:\/\/fuentesfidedignas.com.mx\/index.php\/2023\/09\/19\/seria-un-retroceso-el-regreso-de-ferreiro-a-la-alcaldia-de-culiacan-sadol-osorio\/#article","isPartOf":{"@id":"https:\/\/fuentesfidedignas.com.mx\/index.php\/2023\/09\/19\/seria-un-retroceso-el-regreso-de-ferreiro-a-la-alcaldia-de-culiacan-sadol-osorio\/"},"author":{"name":"Leonardo Gutierrez","@id":"https:\/\/fuentesfidedignas.com.mx\/#\/schema\/person\/c77df25c00baae1d4fdc0340db6f364c"},"headline":"Ser\u00eda un retroceso el regreso de Ferreiro a la alcald\u00eda de Culiac\u00e1n: Sadol Osorio","datePublished":"2023-09-19T18:49:45+00:00","dateModified":"2023-09-19T18:49:47+00:00","mainEntityOfPage":{"@id":"https:\/\/fuentesfidedignas.com.mx\/index.php\/2023\/09\/19\/seria-un-retroceso-el-regreso-de-ferreiro-a-la-alcaldia-de-culiacan-sadol-osorio\/"},"wordCount":365,"commentCount":0,"publisher":{"@id":"https:\/\/fuentesfidedignas.com.mx\/#organization"},"image":{"@id":"https:\/\/fuentesfidedignas.com.mx\/index.php\/2023\/09\/19\/seria-un-retroceso-el-regreso-de-ferreiro-a-la-alcaldia-de-culiacan-sadol-osorio\/#primaryimage"},"thumbnailUrl":"https:\/\/fuentesfidedignas.com.mx\/wp-content\/uploads\/2023\/09\/sadol-osiorio-ferreiro.jpeg","articleSection":["NOTA PRINCIPAL"],"inLanguage":"es","potentialAction":[{"@type":"CommentAction","name":"Comment","target":["https:\/\/fuentesfidedignas.com.mx\/index.php\/2023\/09\/19\/seria-un-retroceso-el-regreso-de-ferreiro-a-la-alcaldia-de-culiacan-sadol-osorio\/#respond"]}]},{"@type":"WebPage","@id":"https:\/\/fuentesfidedignas.com.mx\/index.php\/2023\/09\/19\/seria-un-retroceso-el-regreso-de-ferreiro-a-la-alcaldia-de-culiacan-sadol-osorio\/","url":"https:\/\/fuentesfidedignas.com.mx\/index.php\/2023\/09\/19\/seria-un-retroceso-el-regreso-de-ferreiro-a-la-alcaldia-de-culiacan-sadol-osorio\/","name":"Ser\u00eda un retroceso el regreso de Ferreiro a la alcald\u00eda de Culiac\u00e1n: Sadol Osorio - Fuentes Fidedignas","isPartOf":{"@id":"https:\/\/fuentesfidedignas.com.mx\/#website"},"primaryImageOfPage":{"@id":"https:\/\/fuentesfidedignas.com.mx\/index.php\/2023\/09\/19\/seria-un-retroceso-el-regreso-de-ferreiro-a-la-alcaldia-de-culiacan-sadol-osorio\/#primaryimage"},"image":{"@id":"https:\/\/fuentesfidedignas.com.mx\/index.php\/2023\/09\/19\/seria-un-retroceso-el-regreso-de-ferreiro-a-la-alcaldia-de-culiacan-sadol-osorio\/#primaryimage"},"thumbnailUrl":"https:\/\/fuentesfidedignas.com.mx\/wp-content\/uploads\/2023\/09\/sadol-osiorio-ferreiro.jpeg","datePublished":"2023-09-19T18:49:45+00:00","dateModified":"2023-09-19T18:49:47+00:00","breadcrumb":{"@id":"https:\/\/fuentesfidedignas.com.mx\/index.php\/2023\/09\/19\/seria-un-retroceso-el-regreso-de-ferreiro-a-la-alcaldia-de-culiacan-sadol-osorio\/#breadcrumb"},"inLanguage":"es","potentialAction":[{"@type":"ReadAction","target":["https:\/\/fuentesfidedignas.com.mx\/index.php\/2023\/09\/19\/seria-un-retroceso-el-regreso-de-ferreiro-a-la-alcaldia-de-culiacan-sadol-osorio\/"]}]},{"@type":"ImageObject","inLanguage":"es","@id":"https:\/\/fuentesfidedignas.com.mx\/index.php\/2023\/09\/19\/seria-un-retroceso-el-regreso-de-ferreiro-a-la-alcaldia-de-culiacan-sadol-osorio\/#primaryimage","url":"https:\/\/fuentesfidedignas.com.mx\/wp-content\/uploads\/2023\/09\/sadol-osiorio-ferreiro.jpeg","contentUrl":"https:\/\/fuentesfidedignas.com.mx\/wp-content\/uploads\/2023\/09\/sadol-osiorio-ferreiro.jpeg","width":700,"height":525},{"@type":"BreadcrumbList","@id":"https:\/\/fuentesfidedignas.com.mx\/index.php\/2023\/09\/19\/seria-un-retroceso-el-regreso-de-ferreiro-a-la-alcaldia-de-culiacan-sadol-osorio\/#breadcrumb","itemListElement":[{"@type":"ListItem","position":1,"name":"Inicio","item":"https:\/\/fuentesfidedignas.com.mx\/"},{"@type":"ListItem","position":2,"name":"Ser\u00eda un retroceso el regreso de Ferreiro a la alcald\u00eda de Culiac\u00e1n: Sadol Osorio"}]},{"@type":"WebSite","@id":"https:\/\/fuentesfidedignas.com.mx\/#website","url":"https:\/\/fuentesfidedignas.com.mx\/","name":"Fuentes Fidedignas","description":"Otro sitio realizado con WordPress","publisher":{"@id":"https:\/\/fuentesfidedignas.com.mx\/#organization"},"potentialAction":[{"@type":"SearchAction","target":{"@type":"EntryPoint","urlTemplate":"https:\/\/fuentesfidedignas.com.mx\/?s={search_term_string}"},"query-input":{"@type":"PropertyValueSpecification","valueRequired":true,"valueName":"search_term_string"}}],"inLanguage":"es"},{"@type":"Organization","@id":"https:\/\/fuentesfidedignas.com.mx\/#organization","name":"Fuentes Fidedignas","url":"https:\/\/fuentesfidedignas.com.mx\/","logo":{"@type":"ImageObject","inLanguage":"es","@id":"https:\/\/fuentesfidedignas.com.mx\/#\/schema\/logo\/image\/","url":"https:\/\/fuentesfidedignas.com.mx\/wp-content\/uploads\/2021\/04\/logo-retina.png","contentUrl":"https:\/\/fuentesfidedignas.com.mx\/wp-content\/uploads\/2021\/04\/logo-retina.png","width":280,"height":51,"caption":"Fuentes Fidedignas"},"image":{"@id":"https:\/\/fuentesfidedignas.com.mx\/#\/schema\/logo\/image\/"},"sameAs":["https:\/\/www.facebook.com\/Fuentes-Fidedignas-368234489921644","https:\/\/x.com\/fidedignas"]},{"@type":"Person","@id":"https:\/\/fuentesfidedignas.com.mx\/#\/schema\/person\/c77df25c00baae1d4fdc0340db6f364c","name":"Leonardo Gutierrez","image":{"@type":"ImageObject","inLanguage":"es","@id":"https:\/\/secure.gravatar.com\/avatar\/17b13a7a986cc98ca4d7337340bcac5945cbae677961c354aefb3c7962c8cc1f?s=96&d=mm&r=g","url":"https:\/\/secure.gravatar.com\/avatar\/17b13a7a986cc98ca4d7337340bcac5945cbae677961c354aefb3c7962c8cc1f?s=96&d=mm&r=g","contentUrl":"https:\/\/secure.gravatar.com\/avatar\/17b13a7a986cc98ca4d7337340bcac5945cbae677961c354aefb3c7962c8cc1f?s=96&d=mm&r=g","caption":"Leonardo Gutierrez"},"url":"https:\/\/fuentesfidedignas.com.mx\/index.php\/author\/leonardogut\/"}]}},"_links":{"self":[{"href":"https:\/\/fuentesfidedignas.com.mx\/index.php\/wp-json\/wp\/v2\/posts\/59590","targetHints":{"allow":["GET"]}}],"collection":[{"href":"https:\/\/fuentesfidedignas.com.mx\/index.php\/wp-json\/wp\/v2\/posts"}],"about":[{"href":"https:\/\/fuentesfidedignas.com.mx\/index.php\/wp-json\/wp\/v2\/types\/post"}],"author":[{"embeddable":true,"href":"https:\/\/fuentesfidedignas.com.mx\/index.php\/wp-json\/wp\/v2\/users\/112"}],"replies":[{"embeddable":true,"href":"https:\/\/fuentesfidedignas.com.mx\/index.php\/wp-json\/wp\/v2\/comments?post=59590"}],"version-history":[{"count":1,"href":"https:\/\/fuentesfidedignas.com.mx\/index.php\/wp-json\/wp\/v2\/posts\/59590\/revisions"}],"predecessor-version":[{"id":59592,"href":"https:\/\/fuentesfidedignas.com.mx\/index.php\/wp-json\/wp\/v2\/posts\/59590\/revisions\/59592"}],"wp:featuredmedia":[{"embeddable":true,"href":"https:\/\/fuentesfidedignas.com.mx\/index.php\/wp-json\/wp\/v2\/media\/59591"}],"wp:attachment":[{"href":"https:\/\/fuentesfidedignas.com.mx\/index.php\/wp-json\/wp\/v2\/media?parent=59590"}],"wp:term":[{"taxonomy":"category","embeddable":true,"href":"https:\/\/fuentesfidedignas.com.mx\/index.php\/wp-json\/wp\/v2\/categories?post=59590"},{"taxonomy":"post_tag","embeddable":true,"href":"https:\/\/fuentesfidedignas.com.mx\/index.php\/wp-json\/wp\/v2\/tags?post=59590"}],"curies":[{"name":"wp","href":"https:\/\/api.w.org\/{rel}","templated":true}]}}