{"id":59568,"date":"2023-09-19T09:19:36","date_gmt":"2023-09-19T16:19:36","guid":{"rendered":"https:\/\/fuentesfidedignas.com.mx\/?p=59568"},"modified":"2023-09-19T09:45:41","modified_gmt":"2023-09-19T16:45:41","slug":"lopez-obrador-encabeza-homenaje-a-victimas-de-los-sismos-de-1985-y-2017","status":"publish","type":"post","link":"https:\/\/fuentesfidedignas.com.mx\/index.php\/2023\/09\/19\/lopez-obrador-encabeza-homenaje-a-victimas-de-los-sismos-de-1985-y-2017\/","title":{"rendered":"L\u00f3pez Obrador encabeza homenaje a v\u00edctimas de los sismos de 1985 y 2017"},"content":{"rendered":"\n<p><strong><em>El presidente L\u00f3pez Obrador guard\u00f3 un minuto de silencio en memoria de las personas que murieron a causa de los sismos de 1985 y 2017<\/em><\/strong><\/p>\n\n\n\n<p>Ciudad de M\u00e9xico. Andr\u00e9s Manuel L\u00f3pez Obrador, presidente de M\u00e9xico, encabez\u00f3 este martes 19 de septiembre la ceremonia de izamiento de bandera en memoria de v\u00edctimas de los sismos de los a\u00f1os 1985 y 2017.<\/p>\n\n\n\n<figure class=\"wp-block-embed is-type-video is-provider-youtube wp-block-embed-youtube wp-embed-aspect-16-9 wp-has-aspect-ratio\"><div class=\"wp-block-embed__wrapper\">\n<iframe loading=\"lazy\" title=\"Izamiento de bandera en memoria de las v\u00edctimas de los sismos de 1985 y 2017.\" width=\"696\" height=\"392\" src=\"https:\/\/www.youtube.com\/embed\/_eM5U6DTM18?feature=oembed\" frameborder=\"0\" allow=\"accelerometer; autoplay; clipboard-write; encrypted-media; gyroscope; picture-in-picture; web-share\" allowfullscreen><\/iframe>\n<\/div><\/figure>\n\n\n\n<p>En el Z\u00f3calo de la Ciudad de M\u00e9xico, el mandatario mexicano guard\u00f3 un minuto de silencio en memoria de las personas que murieron a causa de los sismos, al tiempo que integrantes de las Fuerzas Armadas entonaron el&nbsp;<strong>Toque de Silencio y el Himno Nacional<\/strong>.<\/p>\n\n\n\n<p>La bandera nacional fue izada a media asta, la cual permanecer\u00e1 de esta forma durante todo este d\u00eda.<\/p>\n\n\n\n<p>Aproximadamente a las 7:15 h tiempo del centro de M\u00e9xico, L\u00f3pez Obrador sali\u00f3 del Palacio Nacional hacia el Z\u00f3calo acompa\u00f1ado de los secretarios de la Defensa Nacional,\u00a0<strong>Luis Cresencio Sandoval Gonz\u00e1lez<\/strong>\u00a0y de Marina,\u00a0<strong>Jos\u00e9 Rafael Ojeda Dur\u00e1n<\/strong>; las secretarias de Gobernaci\u00f3n,\u00a0<strong>Luisa Mar\u00eda Alcalde<\/strong>, y de Seguridad y Protecci\u00f3n Ciudadana,\u00a0<strong>Rosa Icela Rodr\u00edguez<\/strong>; el jefe de Gobierno de la Ciudad de M\u00e9xico,\u00a0<strong>Mart\u00ed Batres<\/strong>; la coordinadora nacional de Protecci\u00f3n Civil,\u00a0<strong>Laura Vel\u00e1zquez Alz\u00faa<\/strong>; el comandante de Guardia Nacional,\u00a0<strong>David C\u00f3rdova<\/strong>\u00a0y el presidente nacional de la Cruz Roja Mexicana,\u00a0<strong>Carlos Freaner<\/strong>.<\/p>\n\n\n\n<figure class=\"wp-block-embed is-type-rich is-provider-twitter wp-block-embed-twitter\"><div class=\"wp-block-embed__wrapper\">\n<blockquote class=\"twitter-tweet\" data-width=\"550\" data-dnt=\"true\"><p lang=\"es\" dir=\"ltr\"><a href=\"https:\/\/twitter.com\/hashtag\/AHORA?src=hash&amp;ref_src=twsrc%5Etfw\">#AHORA<\/a> En estos momentos se lleva en Z\u00f3calo capitalino la ceremonia de Izamiento de la Bandera en memoria de las v\u00edctimas de los sismos de 1985 y 2017. <a href=\"https:\/\/t.co\/4hUel2biZk\">pic.twitter.com\/4hUel2biZk<\/a><\/p>&mdash; Joaqu\u00edn L\u00f3pez-D\u00f3riga (@lopezdoriga) <a href=\"https:\/\/twitter.com\/lopezdoriga\/status\/1704123294377455826?ref_src=twsrc%5Etfw\">September 19, 2023<\/a><\/blockquote><script async src=\"https:\/\/platform.twitter.com\/widgets.js\" charset=\"utf-8\"><\/script>\n<\/div><\/figure>\n\n\n\n<p>Despu\u00e9s del homenaje a las v\u00edctimas, el tabasque\u00f1o regres\u00f3 a Palacio Nacional para llevar a cabo la conferencia matutina en el Sal\u00f3n Tesorer\u00eda.<\/p>\n\n\n\n<p>El 19 de septiembre de 1985 el sismo ocurri\u00f3 a las 7:19 h local con una magnitud de 8.1 y con epicentro en el estado de Guerrero, en el sur del pa\u00eds, y dej\u00f3 m\u00e1s de 20 mil muertos, la mayor parte en la capital mexicana.<\/p>\n\n\n\n<p>En la misma fecha, 32 a\u00f1os despu\u00e9s, el 19 de septiembre de 2017 un terremoto de magnitud 7.1 y con epicentro entre Puebla y Morelos (centro del pa\u00eds) dej\u00f3 cerca de 370 muertos, 228 de ellos en Ciudad de M\u00e9xico.<\/p>\n\n\n\n<p><\/p>\n","protected":false},"excerpt":{"rendered":"<p>El presidente L\u00f3pez Obrador guard\u00f3 un minuto de silencio en memoria de las personas que murieron a causa de los sismos de 1985 y 2017 Ciudad de M\u00e9xico. Andr\u00e9s Manuel L\u00f3pez Obrador, presidente de M\u00e9xico, encabez\u00f3 este martes 19 de septiembre la ceremonia de izamiento de bandera en memoria de v\u00edctimas de los sismos de [&hellip;]<\/p>\n","protected":false},"author":47,"featured_media":59570,"comment_status":"open","ping_status":"open","sticky":false,"template":"","format":"standard","meta":{"tdm_status":"","tdm_grid_status":"","footnotes":""},"categories":[39,1],"tags":[],"class_list":{"0":"post-59568","1":"post","2":"type-post","3":"status-publish","4":"format-standard","5":"has-post-thumbnail","7":"category-noticias-nacionales","8":"category-sin-categoria"},"yoast_head":"<!-- This site is optimized with the Yoast SEO plugin v27.5 - https:\/\/yoast.com\/product\/yoast-seo-wordpress\/ -->\n<title>L\u00f3pez Obrador encabeza homenaje a v\u00edctimas de los sismos de 1985 y 2017 - Fuentes Fidedignas<\/title>\n<meta name=\"robots\" content=\"index, follow, max-snippet:-1, max-image-preview:large, max-video-preview:-1\" \/>\n<link rel=\"canonical\" href=\"https:\/\/fuentesfidedignas.com.mx\/index.php\/2023\/09\/19\/lopez-obrador-encabeza-homenaje-a-victimas-de-los-sismos-de-1985-y-2017\/\" \/>\n<meta property=\"og:locale\" content=\"es_MX\" \/>\n<meta property=\"og:type\" content=\"article\" \/>\n<meta property=\"og:title\" content=\"L\u00f3pez Obrador encabeza homenaje a v\u00edctimas de los sismos de 1985 y 2017 - Fuentes Fidedignas\" \/>\n<meta property=\"og:description\" content=\"El presidente L\u00f3pez Obrador guard\u00f3 un minuto de silencio en memoria de las personas que murieron a causa de los sismos de 1985 y 2017 Ciudad de M\u00e9xico. Andr\u00e9s Manuel L\u00f3pez Obrador, presidente de M\u00e9xico, encabez\u00f3 este martes 19 de septiembre la ceremonia de izamiento de bandera en memoria de v\u00edctimas de los sismos de [&hellip;]\" \/>\n<meta property=\"og:url\" content=\"https:\/\/fuentesfidedignas.com.mx\/index.php\/2023\/09\/19\/lopez-obrador-encabeza-homenaje-a-victimas-de-los-sismos-de-1985-y-2017\/\" \/>\n<meta property=\"og:site_name\" content=\"Fuentes Fidedignas\" \/>\n<meta property=\"article:publisher\" content=\"https:\/\/www.facebook.com\/Fuentes-Fidedignas-368234489921644\" \/>\n<meta property=\"article:published_time\" content=\"2023-09-19T16:19:36+00:00\" \/>\n<meta property=\"article:modified_time\" content=\"2023-09-19T16:45:41+00:00\" \/>\n<meta property=\"og:image\" content=\"https:\/\/fuentesfidedignas.com.mx\/wp-content\/uploads\/2023\/09\/izamiento-sismos-amlo-lopez-obrador.jpg\" \/>\n\t<meta property=\"og:image:width\" content=\"1024\" \/>\n\t<meta property=\"og:image:height\" content=\"683\" \/>\n\t<meta property=\"og:image:type\" content=\"image\/jpeg\" \/>\n<meta name=\"author\" content=\"L\u00f3pez D\u00f3riga\" \/>\n<meta name=\"twitter:card\" content=\"summary_large_image\" \/>\n<meta name=\"twitter:creator\" content=\"@fidedignas\" \/>\n<meta name=\"twitter:site\" content=\"@fidedignas\" \/>\n<meta name=\"twitter:label1\" content=\"Escrito por\" \/>\n\t<meta name=\"twitter:data1\" content=\"L\u00f3pez D\u00f3riga\" \/>\n\t<meta name=\"twitter:label2\" content=\"Tiempo de lectura\" \/>\n\t<meta name=\"twitter:data2\" content=\"2 minutos\" \/>\n<script type=\"application\/ld+json\" class=\"yoast-schema-graph\">{\"@context\":\"https:\\\/\\\/schema.org\",\"@graph\":[{\"@type\":\"Article\",\"@id\":\"https:\\\/\\\/fuentesfidedignas.com.mx\\\/index.php\\\/2023\\\/09\\\/19\\\/lopez-obrador-encabeza-homenaje-a-victimas-de-los-sismos-de-1985-y-2017\\\/#article\",\"isPartOf\":{\"@id\":\"https:\\\/\\\/fuentesfidedignas.com.mx\\\/index.php\\\/2023\\\/09\\\/19\\\/lopez-obrador-encabeza-homenaje-a-victimas-de-los-sismos-de-1985-y-2017\\\/\"},\"author\":{\"name\":\"L\u00f3pez D\u00f3riga\",\"@id\":\"https:\\\/\\\/fuentesfidedignas.com.mx\\\/#\\\/schema\\\/person\\\/67d852f0557c8509146a4b9ddebd543a\"},\"headline\":\"L\u00f3pez Obrador encabeza homenaje a v\u00edctimas de los sismos de 1985 y 2017\",\"datePublished\":\"2023-09-19T16:19:36+00:00\",\"dateModified\":\"2023-09-19T16:45:41+00:00\",\"mainEntityOfPage\":{\"@id\":\"https:\\\/\\\/fuentesfidedignas.com.mx\\\/index.php\\\/2023\\\/09\\\/19\\\/lopez-obrador-encabeza-homenaje-a-victimas-de-los-sismos-de-1985-y-2017\\\/\"},\"wordCount\":374,\"commentCount\":0,\"publisher\":{\"@id\":\"https:\\\/\\\/fuentesfidedignas.com.mx\\\/#organization\"},\"image\":{\"@id\":\"https:\\\/\\\/fuentesfidedignas.com.mx\\\/index.php\\\/2023\\\/09\\\/19\\\/lopez-obrador-encabeza-homenaje-a-victimas-de-los-sismos-de-1985-y-2017\\\/#primaryimage\"},\"thumbnailUrl\":\"https:\\\/\\\/fuentesfidedignas.com.mx\\\/wp-content\\\/uploads\\\/2023\\\/09\\\/izamiento-sismos-amlo-lopez-obrador.jpg\",\"articleSection\":[\"NOTICIAS NACIONALES\"],\"inLanguage\":\"es\",\"potentialAction\":[{\"@type\":\"CommentAction\",\"name\":\"Comment\",\"target\":[\"https:\\\/\\\/fuentesfidedignas.com.mx\\\/index.php\\\/2023\\\/09\\\/19\\\/lopez-obrador-encabeza-homenaje-a-victimas-de-los-sismos-de-1985-y-2017\\\/#respond\"]}]},{\"@type\":\"WebPage\",\"@id\":\"https:\\\/\\\/fuentesfidedignas.com.mx\\\/index.php\\\/2023\\\/09\\\/19\\\/lopez-obrador-encabeza-homenaje-a-victimas-de-los-sismos-de-1985-y-2017\\\/\",\"url\":\"https:\\\/\\\/fuentesfidedignas.com.mx\\\/index.php\\\/2023\\\/09\\\/19\\\/lopez-obrador-encabeza-homenaje-a-victimas-de-los-sismos-de-1985-y-2017\\\/\",\"name\":\"L\u00f3pez Obrador encabeza homenaje a v\u00edctimas de los sismos de 1985 y 2017 - Fuentes Fidedignas\",\"isPartOf\":{\"@id\":\"https:\\\/\\\/fuentesfidedignas.com.mx\\\/#website\"},\"primaryImageOfPage\":{\"@id\":\"https:\\\/\\\/fuentesfidedignas.com.mx\\\/index.php\\\/2023\\\/09\\\/19\\\/lopez-obrador-encabeza-homenaje-a-victimas-de-los-sismos-de-1985-y-2017\\\/#primaryimage\"},\"image\":{\"@id\":\"https:\\\/\\\/fuentesfidedignas.com.mx\\\/index.php\\\/2023\\\/09\\\/19\\\/lopez-obrador-encabeza-homenaje-a-victimas-de-los-sismos-de-1985-y-2017\\\/#primaryimage\"},\"thumbnailUrl\":\"https:\\\/\\\/fuentesfidedignas.com.mx\\\/wp-content\\\/uploads\\\/2023\\\/09\\\/izamiento-sismos-amlo-lopez-obrador.jpg\",\"datePublished\":\"2023-09-19T16:19:36+00:00\",\"dateModified\":\"2023-09-19T16:45:41+00:00\",\"breadcrumb\":{\"@id\":\"https:\\\/\\\/fuentesfidedignas.com.mx\\\/index.php\\\/2023\\\/09\\\/19\\\/lopez-obrador-encabeza-homenaje-a-victimas-de-los-sismos-de-1985-y-2017\\\/#breadcrumb\"},\"inLanguage\":\"es\",\"potentialAction\":[{\"@type\":\"ReadAction\",\"target\":[\"https:\\\/\\\/fuentesfidedignas.com.mx\\\/index.php\\\/2023\\\/09\\\/19\\\/lopez-obrador-encabeza-homenaje-a-victimas-de-los-sismos-de-1985-y-2017\\\/\"]}]},{\"@type\":\"ImageObject\",\"inLanguage\":\"es\",\"@id\":\"https:\\\/\\\/fuentesfidedignas.com.mx\\\/index.php\\\/2023\\\/09\\\/19\\\/lopez-obrador-encabeza-homenaje-a-victimas-de-los-sismos-de-1985-y-2017\\\/#primaryimage\",\"url\":\"https:\\\/\\\/fuentesfidedignas.com.mx\\\/wp-content\\\/uploads\\\/2023\\\/09\\\/izamiento-sismos-amlo-lopez-obrador.jpg\",\"contentUrl\":\"https:\\\/\\\/fuentesfidedignas.com.mx\\\/wp-content\\\/uploads\\\/2023\\\/09\\\/izamiento-sismos-amlo-lopez-obrador.jpg\",\"width\":1024,\"height\":683},{\"@type\":\"BreadcrumbList\",\"@id\":\"https:\\\/\\\/fuentesfidedignas.com.mx\\\/index.php\\\/2023\\\/09\\\/19\\\/lopez-obrador-encabeza-homenaje-a-victimas-de-los-sismos-de-1985-y-2017\\\/#breadcrumb\",\"itemListElement\":[{\"@type\":\"ListItem\",\"position\":1,\"name\":\"Inicio\",\"item\":\"https:\\\/\\\/fuentesfidedignas.com.mx\\\/\"},{\"@type\":\"ListItem\",\"position\":2,\"name\":\"L\u00f3pez Obrador encabeza homenaje a v\u00edctimas de los sismos de 1985 y 2017\"}]},{\"@type\":\"WebSite\",\"@id\":\"https:\\\/\\\/fuentesfidedignas.com.mx\\\/#website\",\"url\":\"https:\\\/\\\/fuentesfidedignas.com.mx\\\/\",\"name\":\"Fuentes Fidedignas\",\"description\":\"Otro sitio realizado con WordPress\",\"publisher\":{\"@id\":\"https:\\\/\\\/fuentesfidedignas.com.mx\\\/#organization\"},\"potentialAction\":[{\"@type\":\"SearchAction\",\"target\":{\"@type\":\"EntryPoint\",\"urlTemplate\":\"https:\\\/\\\/fuentesfidedignas.com.mx\\\/?s={search_term_string}\"},\"query-input\":{\"@type\":\"PropertyValueSpecification\",\"valueRequired\":true,\"valueName\":\"search_term_string\"}}],\"inLanguage\":\"es\"},{\"@type\":\"Organization\",\"@id\":\"https:\\\/\\\/fuentesfidedignas.com.mx\\\/#organization\",\"name\":\"Fuentes Fidedignas\",\"url\":\"https:\\\/\\\/fuentesfidedignas.com.mx\\\/\",\"logo\":{\"@type\":\"ImageObject\",\"inLanguage\":\"es\",\"@id\":\"https:\\\/\\\/fuentesfidedignas.com.mx\\\/#\\\/schema\\\/logo\\\/image\\\/\",\"url\":\"https:\\\/\\\/fuentesfidedignas.com.mx\\\/wp-content\\\/uploads\\\/2021\\\/04\\\/logo-retina.png\",\"contentUrl\":\"https:\\\/\\\/fuentesfidedignas.com.mx\\\/wp-content\\\/uploads\\\/2021\\\/04\\\/logo-retina.png\",\"width\":280,\"height\":51,\"caption\":\"Fuentes Fidedignas\"},\"image\":{\"@id\":\"https:\\\/\\\/fuentesfidedignas.com.mx\\\/#\\\/schema\\\/logo\\\/image\\\/\"},\"sameAs\":[\"https:\\\/\\\/www.facebook.com\\\/Fuentes-Fidedignas-368234489921644\",\"https:\\\/\\\/x.com\\\/fidedignas\"]},{\"@type\":\"Person\",\"@id\":\"https:\\\/\\\/fuentesfidedignas.com.mx\\\/#\\\/schema\\\/person\\\/67d852f0557c8509146a4b9ddebd543a\",\"name\":\"L\u00f3pez D\u00f3riga\",\"image\":{\"@type\":\"ImageObject\",\"inLanguage\":\"es\",\"@id\":\"https:\\\/\\\/secure.gravatar.com\\\/avatar\\\/e525b06574ca18b33cded59dfe5778d6c823b9513154eff47da551b0551bdd1e?s=96&d=mm&r=g\",\"url\":\"https:\\\/\\\/secure.gravatar.com\\\/avatar\\\/e525b06574ca18b33cded59dfe5778d6c823b9513154eff47da551b0551bdd1e?s=96&d=mm&r=g\",\"contentUrl\":\"https:\\\/\\\/secure.gravatar.com\\\/avatar\\\/e525b06574ca18b33cded59dfe5778d6c823b9513154eff47da551b0551bdd1e?s=96&d=mm&r=g\",\"caption\":\"L\u00f3pez D\u00f3riga\"},\"url\":\"https:\\\/\\\/fuentesfidedignas.com.mx\\\/index.php\\\/author\\\/doriga\\\/\"}]}<\/script>\n<!-- \/ Yoast SEO plugin. -->","yoast_head_json":{"title":"L\u00f3pez Obrador encabeza homenaje a v\u00edctimas de los sismos de 1985 y 2017 - Fuentes Fidedignas","robots":{"index":"index","follow":"follow","max-snippet":"max-snippet:-1","max-image-preview":"max-image-preview:large","max-video-preview":"max-video-preview:-1"},"canonical":"https:\/\/fuentesfidedignas.com.mx\/index.php\/2023\/09\/19\/lopez-obrador-encabeza-homenaje-a-victimas-de-los-sismos-de-1985-y-2017\/","og_locale":"es_MX","og_type":"article","og_title":"L\u00f3pez Obrador encabeza homenaje a v\u00edctimas de los sismos de 1985 y 2017 - Fuentes Fidedignas","og_description":"El presidente L\u00f3pez Obrador guard\u00f3 un minuto de silencio en memoria de las personas que murieron a causa de los sismos de 1985 y 2017 Ciudad de M\u00e9xico. Andr\u00e9s Manuel L\u00f3pez Obrador, presidente de M\u00e9xico, encabez\u00f3 este martes 19 de septiembre la ceremonia de izamiento de bandera en memoria de v\u00edctimas de los sismos de [&hellip;]","og_url":"https:\/\/fuentesfidedignas.com.mx\/index.php\/2023\/09\/19\/lopez-obrador-encabeza-homenaje-a-victimas-de-los-sismos-de-1985-y-2017\/","og_site_name":"Fuentes Fidedignas","article_publisher":"https:\/\/www.facebook.com\/Fuentes-Fidedignas-368234489921644","article_published_time":"2023-09-19T16:19:36+00:00","article_modified_time":"2023-09-19T16:45:41+00:00","og_image":[{"width":1024,"height":683,"url":"https:\/\/fuentesfidedignas.com.mx\/wp-content\/uploads\/2023\/09\/izamiento-sismos-amlo-lopez-obrador.jpg","type":"image\/jpeg"}],"author":"L\u00f3pez D\u00f3riga","twitter_card":"summary_large_image","twitter_creator":"@fidedignas","twitter_site":"@fidedignas","twitter_misc":{"Escrito por":"L\u00f3pez D\u00f3riga","Tiempo de lectura":"2 minutos"},"schema":{"@context":"https:\/\/schema.org","@graph":[{"@type":"Article","@id":"https:\/\/fuentesfidedignas.com.mx\/index.php\/2023\/09\/19\/lopez-obrador-encabeza-homenaje-a-victimas-de-los-sismos-de-1985-y-2017\/#article","isPartOf":{"@id":"https:\/\/fuentesfidedignas.com.mx\/index.php\/2023\/09\/19\/lopez-obrador-encabeza-homenaje-a-victimas-de-los-sismos-de-1985-y-2017\/"},"author":{"name":"L\u00f3pez D\u00f3riga","@id":"https:\/\/fuentesfidedignas.com.mx\/#\/schema\/person\/67d852f0557c8509146a4b9ddebd543a"},"headline":"L\u00f3pez Obrador encabeza homenaje a v\u00edctimas de los sismos de 1985 y 2017","datePublished":"2023-09-19T16:19:36+00:00","dateModified":"2023-09-19T16:45:41+00:00","mainEntityOfPage":{"@id":"https:\/\/fuentesfidedignas.com.mx\/index.php\/2023\/09\/19\/lopez-obrador-encabeza-homenaje-a-victimas-de-los-sismos-de-1985-y-2017\/"},"wordCount":374,"commentCount":0,"publisher":{"@id":"https:\/\/fuentesfidedignas.com.mx\/#organization"},"image":{"@id":"https:\/\/fuentesfidedignas.com.mx\/index.php\/2023\/09\/19\/lopez-obrador-encabeza-homenaje-a-victimas-de-los-sismos-de-1985-y-2017\/#primaryimage"},"thumbnailUrl":"https:\/\/fuentesfidedignas.com.mx\/wp-content\/uploads\/2023\/09\/izamiento-sismos-amlo-lopez-obrador.jpg","articleSection":["NOTICIAS NACIONALES"],"inLanguage":"es","potentialAction":[{"@type":"CommentAction","name":"Comment","target":["https:\/\/fuentesfidedignas.com.mx\/index.php\/2023\/09\/19\/lopez-obrador-encabeza-homenaje-a-victimas-de-los-sismos-de-1985-y-2017\/#respond"]}]},{"@type":"WebPage","@id":"https:\/\/fuentesfidedignas.com.mx\/index.php\/2023\/09\/19\/lopez-obrador-encabeza-homenaje-a-victimas-de-los-sismos-de-1985-y-2017\/","url":"https:\/\/fuentesfidedignas.com.mx\/index.php\/2023\/09\/19\/lopez-obrador-encabeza-homenaje-a-victimas-de-los-sismos-de-1985-y-2017\/","name":"L\u00f3pez Obrador encabeza homenaje a v\u00edctimas de los sismos de 1985 y 2017 - Fuentes Fidedignas","isPartOf":{"@id":"https:\/\/fuentesfidedignas.com.mx\/#website"},"primaryImageOfPage":{"@id":"https:\/\/fuentesfidedignas.com.mx\/index.php\/2023\/09\/19\/lopez-obrador-encabeza-homenaje-a-victimas-de-los-sismos-de-1985-y-2017\/#primaryimage"},"image":{"@id":"https:\/\/fuentesfidedignas.com.mx\/index.php\/2023\/09\/19\/lopez-obrador-encabeza-homenaje-a-victimas-de-los-sismos-de-1985-y-2017\/#primaryimage"},"thumbnailUrl":"https:\/\/fuentesfidedignas.com.mx\/wp-content\/uploads\/2023\/09\/izamiento-sismos-amlo-lopez-obrador.jpg","datePublished":"2023-09-19T16:19:36+00:00","dateModified":"2023-09-19T16:45:41+00:00","breadcrumb":{"@id":"https:\/\/fuentesfidedignas.com.mx\/index.php\/2023\/09\/19\/lopez-obrador-encabeza-homenaje-a-victimas-de-los-sismos-de-1985-y-2017\/#breadcrumb"},"inLanguage":"es","potentialAction":[{"@type":"ReadAction","target":["https:\/\/fuentesfidedignas.com.mx\/index.php\/2023\/09\/19\/lopez-obrador-encabeza-homenaje-a-victimas-de-los-sismos-de-1985-y-2017\/"]}]},{"@type":"ImageObject","inLanguage":"es","@id":"https:\/\/fuentesfidedignas.com.mx\/index.php\/2023\/09\/19\/lopez-obrador-encabeza-homenaje-a-victimas-de-los-sismos-de-1985-y-2017\/#primaryimage","url":"https:\/\/fuentesfidedignas.com.mx\/wp-content\/uploads\/2023\/09\/izamiento-sismos-amlo-lopez-obrador.jpg","contentUrl":"https:\/\/fuentesfidedignas.com.mx\/wp-content\/uploads\/2023\/09\/izamiento-sismos-amlo-lopez-obrador.jpg","width":1024,"height":683},{"@type":"BreadcrumbList","@id":"https:\/\/fuentesfidedignas.com.mx\/index.php\/2023\/09\/19\/lopez-obrador-encabeza-homenaje-a-victimas-de-los-sismos-de-1985-y-2017\/#breadcrumb","itemListElement":[{"@type":"ListItem","position":1,"name":"Inicio","item":"https:\/\/fuentesfidedignas.com.mx\/"},{"@type":"ListItem","position":2,"name":"L\u00f3pez Obrador encabeza homenaje a v\u00edctimas de los sismos de 1985 y 2017"}]},{"@type":"WebSite","@id":"https:\/\/fuentesfidedignas.com.mx\/#website","url":"https:\/\/fuentesfidedignas.com.mx\/","name":"Fuentes Fidedignas","description":"Otro sitio realizado con WordPress","publisher":{"@id":"https:\/\/fuentesfidedignas.com.mx\/#organization"},"potentialAction":[{"@type":"SearchAction","target":{"@type":"EntryPoint","urlTemplate":"https:\/\/fuentesfidedignas.com.mx\/?s={search_term_string}"},"query-input":{"@type":"PropertyValueSpecification","valueRequired":true,"valueName":"search_term_string"}}],"inLanguage":"es"},{"@type":"Organization","@id":"https:\/\/fuentesfidedignas.com.mx\/#organization","name":"Fuentes Fidedignas","url":"https:\/\/fuentesfidedignas.com.mx\/","logo":{"@type":"ImageObject","inLanguage":"es","@id":"https:\/\/fuentesfidedignas.com.mx\/#\/schema\/logo\/image\/","url":"https:\/\/fuentesfidedignas.com.mx\/wp-content\/uploads\/2021\/04\/logo-retina.png","contentUrl":"https:\/\/fuentesfidedignas.com.mx\/wp-content\/uploads\/2021\/04\/logo-retina.png","width":280,"height":51,"caption":"Fuentes Fidedignas"},"image":{"@id":"https:\/\/fuentesfidedignas.com.mx\/#\/schema\/logo\/image\/"},"sameAs":["https:\/\/www.facebook.com\/Fuentes-Fidedignas-368234489921644","https:\/\/x.com\/fidedignas"]},{"@type":"Person","@id":"https:\/\/fuentesfidedignas.com.mx\/#\/schema\/person\/67d852f0557c8509146a4b9ddebd543a","name":"L\u00f3pez D\u00f3riga","image":{"@type":"ImageObject","inLanguage":"es","@id":"https:\/\/secure.gravatar.com\/avatar\/e525b06574ca18b33cded59dfe5778d6c823b9513154eff47da551b0551bdd1e?s=96&d=mm&r=g","url":"https:\/\/secure.gravatar.com\/avatar\/e525b06574ca18b33cded59dfe5778d6c823b9513154eff47da551b0551bdd1e?s=96&d=mm&r=g","contentUrl":"https:\/\/secure.gravatar.com\/avatar\/e525b06574ca18b33cded59dfe5778d6c823b9513154eff47da551b0551bdd1e?s=96&d=mm&r=g","caption":"L\u00f3pez D\u00f3riga"},"url":"https:\/\/fuentesfidedignas.com.mx\/index.php\/author\/doriga\/"}]}},"_links":{"self":[{"href":"https:\/\/fuentesfidedignas.com.mx\/index.php\/wp-json\/wp\/v2\/posts\/59568","targetHints":{"allow":["GET"]}}],"collection":[{"href":"https:\/\/fuentesfidedignas.com.mx\/index.php\/wp-json\/wp\/v2\/posts"}],"about":[{"href":"https:\/\/fuentesfidedignas.com.mx\/index.php\/wp-json\/wp\/v2\/types\/post"}],"author":[{"embeddable":true,"href":"https:\/\/fuentesfidedignas.com.mx\/index.php\/wp-json\/wp\/v2\/users\/47"}],"replies":[{"embeddable":true,"href":"https:\/\/fuentesfidedignas.com.mx\/index.php\/wp-json\/wp\/v2\/comments?post=59568"}],"version-history":[{"count":1,"href":"https:\/\/fuentesfidedignas.com.mx\/index.php\/wp-json\/wp\/v2\/posts\/59568\/revisions"}],"predecessor-version":[{"id":59569,"href":"https:\/\/fuentesfidedignas.com.mx\/index.php\/wp-json\/wp\/v2\/posts\/59568\/revisions\/59569"}],"wp:featuredmedia":[{"embeddable":true,"href":"https:\/\/fuentesfidedignas.com.mx\/index.php\/wp-json\/wp\/v2\/media\/59570"}],"wp:attachment":[{"href":"https:\/\/fuentesfidedignas.com.mx\/index.php\/wp-json\/wp\/v2\/media?parent=59568"}],"wp:term":[{"taxonomy":"category","embeddable":true,"href":"https:\/\/fuentesfidedignas.com.mx\/index.php\/wp-json\/wp\/v2\/categories?post=59568"},{"taxonomy":"post_tag","embeddable":true,"href":"https:\/\/fuentesfidedignas.com.mx\/index.php\/wp-json\/wp\/v2\/tags?post=59568"}],"curies":[{"name":"wp","href":"https:\/\/api.w.org\/{rel}","templated":true}]}}