{"id":59487,"date":"2023-09-18T17:06:46","date_gmt":"2023-09-19T00:06:46","guid":{"rendered":"https:\/\/fuentesfidedignas.com.mx\/?p=59487"},"modified":"2023-09-18T17:07:42","modified_gmt":"2023-09-19T00:07:42","slug":"mi-gobierno-pasara-a-la-historia-como-el-mas-transparente-rocha","status":"publish","type":"post","link":"https:\/\/fuentesfidedignas.com.mx\/index.php\/2023\/09\/18\/mi-gobierno-pasara-a-la-historia-como-el-mas-transparente-rocha\/","title":{"rendered":"Mi gobierno pasar\u00e1 a la historia como el m\u00e1s transparente: Rocha"},"content":{"rendered":"\n<p><strong><em>El gobernador dio a conocer que se recibi\u00f3 una notificaci\u00f3n de la Auditor\u00eda Superior del Estado de observaciones por 3.2 millones de pesos, de un total auditado de 64 mil 500 millones de pesos en que consiste el presupuesto<\/em><\/strong><\/p>\n\n\n\n<p>Culiac\u00e1n, Sin.- El gobernador Rub\u00e9n Rocha Moya afirm\u00f3 que su gobierno pasar\u00e1 a la historia como el m\u00e1s transparente que haya tenido Sinaloa, con una cuenta p\u00fablica limpia, y con asignaciones de obra p\u00fablica sin lugar a corrupciones, sin las viejas pr\u00e1cticas que se deban en el pasado, donde el contratista para recibir obra ten\u00eda que pagar un \u201cmoche\u201d al gobierno.<\/p>\n\n\n\n<p>\u201cLa cuenta nuestra va a ser la cuenta m\u00e1s limpia de la historia, est\u00e1n observ\u00e1ndose los criterios de la compra, no tenemos problemas, ah\u00ed donde debe haber licitaci\u00f3n es muy probable que el porcentaje sea 70-30, porque las obras grandes se corresponden con el 30 por ciento pero el 70 por ciento es toda la obra chica, la peque\u00f1a obra\u201d, aclar\u00f3.<\/p>\n\n\n\n<p>Durante su Conferencia Semanera, el gobernador Rocha precis\u00f3 que la Ley de Licitaciones permite que la asignaci\u00f3n de la obra peque\u00f1a puede ser mediante adjudicaci\u00f3n directa o por invitaci\u00f3n, al ser menor a los 4 millones de pesos, la cual se ha otorgado de manera transparente, sin los viejos vicios del pasado donde al constructor se le exig\u00eda un determinado porcentaje del costo para recibir la asignaci\u00f3n del contrato, lo que coloquialmente se le conoce como \u201cmoche\u201d.<\/p>\n\n\n\n<p>\u201cUn testimonio que me traigan, que me digan que se les dimos la obra porque soltaron \u2018moche\u2019, y les hemos repartido a los peque\u00f1os, como se los dec\u00eda el otro d\u00eda a la peque\u00f1a empresa\u201d, ret\u00f3 el gobernador Rocha con la seguridad de que en su administraci\u00f3n no hay lugar para esas pr\u00e1cticas.<\/p>\n\n\n\n<p>A pregunta expresa de los medios de comunicaci\u00f3n, en el sentido de las recomendaciones emitidas por la Auditor\u00eda Superior del Estado, el subsecretario de Egresos, Jos\u00e9 Carlos Ca\u00f1as Fern\u00e1ndez, aclar\u00f3 que no se trata de la violaci\u00f3n de alguna norma, sino que es una sugerencia para llevar un mayor control.<\/p>\n\n\n\n<p>Inform\u00f3 que esta notificaci\u00f3n fue recibida el 8 de septiembre, y de acuerdo a lo que establece la ley, Gobierno del Estado tiene hasta 20 d\u00edas a partir de la fecha de notificaci\u00f3n para solventar las observaciones o lo que le pide la Auditor\u00eda, plazo que se cumple el 28 de septiembre, y \u00e9sta a su vez tendr\u00e1 hasta 30 d\u00edas para determinar si la observaci\u00f3n se solvent\u00f3 de manera correcta.<\/p>\n\n\n\n<p>\u201cTenemos hasta el 28 de septiembre para solventar ante la ASE y a su vez la ASE tiene 30 d\u00edas para ya rendir el informe final\u201d, explic\u00f3 el subsecretario.<\/p>\n\n\n\n<p>Respecto al monto observado, dio a conocer que son 3.2 millones de pesos que involucra a todo el Poder Ejecutivo, de un presupuesto superior a los 64 mil 500 millones de pesos aprobados por el Congreso del Estado para ejercerse.<\/p>\n","protected":false},"excerpt":{"rendered":"<p>El gobernador dio a conocer que se recibi\u00f3 una notificaci\u00f3n de la Auditor\u00eda Superior del Estado de observaciones por 3.2 millones de pesos, de un total auditado de 64 mil 500 millones de pesos en que consiste el presupuesto Culiac\u00e1n, Sin.- El gobernador Rub\u00e9n Rocha Moya afirm\u00f3 que su gobierno pasar\u00e1 a la historia como [&hellip;]<\/p>\n","protected":false},"author":4,"featured_media":59488,"comment_status":"open","ping_status":"open","sticky":false,"template":"","format":"standard","meta":{"tdm_status":"","tdm_grid_status":"","footnotes":""},"categories":[1],"tags":[],"class_list":{"0":"post-59487","1":"post","2":"type-post","3":"status-publish","4":"format-standard","5":"has-post-thumbnail","7":"category-sin-categoria"},"yoast_head":"<!-- This site is optimized with the Yoast SEO plugin v27.5 - https:\/\/yoast.com\/product\/yoast-seo-wordpress\/ -->\n<title>Mi gobierno pasar\u00e1 a la historia como el m\u00e1s transparente: Rocha - Fuentes Fidedignas<\/title>\n<meta name=\"robots\" content=\"index, follow, max-snippet:-1, max-image-preview:large, max-video-preview:-1\" \/>\n<link rel=\"canonical\" href=\"https:\/\/fuentesfidedignas.com.mx\/index.php\/2023\/09\/18\/mi-gobierno-pasara-a-la-historia-como-el-mas-transparente-rocha\/\" \/>\n<meta property=\"og:locale\" content=\"es_MX\" \/>\n<meta property=\"og:type\" content=\"article\" \/>\n<meta property=\"og:title\" content=\"Mi gobierno pasar\u00e1 a la historia como el m\u00e1s transparente: Rocha - Fuentes Fidedignas\" \/>\n<meta property=\"og:description\" content=\"El gobernador dio a conocer que se recibi\u00f3 una notificaci\u00f3n de la Auditor\u00eda Superior del Estado de observaciones por 3.2 millones de pesos, de un total auditado de 64 mil 500 millones de pesos en que consiste el presupuesto Culiac\u00e1n, Sin.- El gobernador Rub\u00e9n Rocha Moya afirm\u00f3 que su gobierno pasar\u00e1 a la historia como [&hellip;]\" \/>\n<meta property=\"og:url\" content=\"https:\/\/fuentesfidedignas.com.mx\/index.php\/2023\/09\/18\/mi-gobierno-pasara-a-la-historia-como-el-mas-transparente-rocha\/\" \/>\n<meta property=\"og:site_name\" content=\"Fuentes Fidedignas\" \/>\n<meta property=\"article:publisher\" content=\"https:\/\/www.facebook.com\/Fuentes-Fidedignas-368234489921644\" \/>\n<meta property=\"article:published_time\" content=\"2023-09-19T00:06:46+00:00\" \/>\n<meta property=\"article:modified_time\" content=\"2023-09-19T00:07:42+00:00\" \/>\n<meta property=\"og:image\" content=\"https:\/\/fuentesfidedignas.com.mx\/wp-content\/uploads\/2023\/09\/ruben-rocha-2.jpeg\" \/>\n\t<meta property=\"og:image:width\" content=\"1024\" \/>\n\t<meta property=\"og:image:height\" content=\"682\" \/>\n\t<meta property=\"og:image:type\" content=\"image\/jpeg\" \/>\n<meta name=\"author\" content=\"Redacci\u00f3n\" \/>\n<meta name=\"twitter:card\" content=\"summary_large_image\" \/>\n<meta name=\"twitter:creator\" content=\"@fidedignas\" \/>\n<meta name=\"twitter:site\" content=\"@fidedignas\" \/>\n<meta name=\"twitter:label1\" content=\"Escrito por\" \/>\n\t<meta name=\"twitter:data1\" content=\"Redacci\u00f3n\" \/>\n\t<meta name=\"twitter:label2\" content=\"Tiempo de lectura\" \/>\n\t<meta name=\"twitter:data2\" content=\"3 minutos\" \/>\n<script type=\"application\/ld+json\" class=\"yoast-schema-graph\">{\"@context\":\"https:\\\/\\\/schema.org\",\"@graph\":[{\"@type\":\"Article\",\"@id\":\"https:\\\/\\\/fuentesfidedignas.com.mx\\\/index.php\\\/2023\\\/09\\\/18\\\/mi-gobierno-pasara-a-la-historia-como-el-mas-transparente-rocha\\\/#article\",\"isPartOf\":{\"@id\":\"https:\\\/\\\/fuentesfidedignas.com.mx\\\/index.php\\\/2023\\\/09\\\/18\\\/mi-gobierno-pasara-a-la-historia-como-el-mas-transparente-rocha\\\/\"},\"author\":{\"name\":\"Redacci\u00f3n\",\"@id\":\"https:\\\/\\\/fuentesfidedignas.com.mx\\\/#\\\/schema\\\/person\\\/331be9283d37198e2acd5750279085b0\"},\"headline\":\"Mi gobierno pasar\u00e1 a la historia como el m\u00e1s transparente: Rocha\",\"datePublished\":\"2023-09-19T00:06:46+00:00\",\"dateModified\":\"2023-09-19T00:07:42+00:00\",\"mainEntityOfPage\":{\"@id\":\"https:\\\/\\\/fuentesfidedignas.com.mx\\\/index.php\\\/2023\\\/09\\\/18\\\/mi-gobierno-pasara-a-la-historia-como-el-mas-transparente-rocha\\\/\"},\"wordCount\":517,\"commentCount\":0,\"publisher\":{\"@id\":\"https:\\\/\\\/fuentesfidedignas.com.mx\\\/#organization\"},\"image\":{\"@id\":\"https:\\\/\\\/fuentesfidedignas.com.mx\\\/index.php\\\/2023\\\/09\\\/18\\\/mi-gobierno-pasara-a-la-historia-como-el-mas-transparente-rocha\\\/#primaryimage\"},\"thumbnailUrl\":\"https:\\\/\\\/fuentesfidedignas.com.mx\\\/wp-content\\\/uploads\\\/2023\\\/09\\\/ruben-rocha-2.jpeg\",\"inLanguage\":\"es\",\"potentialAction\":[{\"@type\":\"CommentAction\",\"name\":\"Comment\",\"target\":[\"https:\\\/\\\/fuentesfidedignas.com.mx\\\/index.php\\\/2023\\\/09\\\/18\\\/mi-gobierno-pasara-a-la-historia-como-el-mas-transparente-rocha\\\/#respond\"]}]},{\"@type\":\"WebPage\",\"@id\":\"https:\\\/\\\/fuentesfidedignas.com.mx\\\/index.php\\\/2023\\\/09\\\/18\\\/mi-gobierno-pasara-a-la-historia-como-el-mas-transparente-rocha\\\/\",\"url\":\"https:\\\/\\\/fuentesfidedignas.com.mx\\\/index.php\\\/2023\\\/09\\\/18\\\/mi-gobierno-pasara-a-la-historia-como-el-mas-transparente-rocha\\\/\",\"name\":\"Mi gobierno pasar\u00e1 a la historia como el m\u00e1s transparente: Rocha - Fuentes Fidedignas\",\"isPartOf\":{\"@id\":\"https:\\\/\\\/fuentesfidedignas.com.mx\\\/#website\"},\"primaryImageOfPage\":{\"@id\":\"https:\\\/\\\/fuentesfidedignas.com.mx\\\/index.php\\\/2023\\\/09\\\/18\\\/mi-gobierno-pasara-a-la-historia-como-el-mas-transparente-rocha\\\/#primaryimage\"},\"image\":{\"@id\":\"https:\\\/\\\/fuentesfidedignas.com.mx\\\/index.php\\\/2023\\\/09\\\/18\\\/mi-gobierno-pasara-a-la-historia-como-el-mas-transparente-rocha\\\/#primaryimage\"},\"thumbnailUrl\":\"https:\\\/\\\/fuentesfidedignas.com.mx\\\/wp-content\\\/uploads\\\/2023\\\/09\\\/ruben-rocha-2.jpeg\",\"datePublished\":\"2023-09-19T00:06:46+00:00\",\"dateModified\":\"2023-09-19T00:07:42+00:00\",\"breadcrumb\":{\"@id\":\"https:\\\/\\\/fuentesfidedignas.com.mx\\\/index.php\\\/2023\\\/09\\\/18\\\/mi-gobierno-pasara-a-la-historia-como-el-mas-transparente-rocha\\\/#breadcrumb\"},\"inLanguage\":\"es\",\"potentialAction\":[{\"@type\":\"ReadAction\",\"target\":[\"https:\\\/\\\/fuentesfidedignas.com.mx\\\/index.php\\\/2023\\\/09\\\/18\\\/mi-gobierno-pasara-a-la-historia-como-el-mas-transparente-rocha\\\/\"]}]},{\"@type\":\"ImageObject\",\"inLanguage\":\"es\",\"@id\":\"https:\\\/\\\/fuentesfidedignas.com.mx\\\/index.php\\\/2023\\\/09\\\/18\\\/mi-gobierno-pasara-a-la-historia-como-el-mas-transparente-rocha\\\/#primaryimage\",\"url\":\"https:\\\/\\\/fuentesfidedignas.com.mx\\\/wp-content\\\/uploads\\\/2023\\\/09\\\/ruben-rocha-2.jpeg\",\"contentUrl\":\"https:\\\/\\\/fuentesfidedignas.com.mx\\\/wp-content\\\/uploads\\\/2023\\\/09\\\/ruben-rocha-2.jpeg\",\"width\":1024,\"height\":682},{\"@type\":\"BreadcrumbList\",\"@id\":\"https:\\\/\\\/fuentesfidedignas.com.mx\\\/index.php\\\/2023\\\/09\\\/18\\\/mi-gobierno-pasara-a-la-historia-como-el-mas-transparente-rocha\\\/#breadcrumb\",\"itemListElement\":[{\"@type\":\"ListItem\",\"position\":1,\"name\":\"Inicio\",\"item\":\"https:\\\/\\\/fuentesfidedignas.com.mx\\\/\"},{\"@type\":\"ListItem\",\"position\":2,\"name\":\"Mi gobierno pasar\u00e1 a la historia como el m\u00e1s transparente: Rocha\"}]},{\"@type\":\"WebSite\",\"@id\":\"https:\\\/\\\/fuentesfidedignas.com.mx\\\/#website\",\"url\":\"https:\\\/\\\/fuentesfidedignas.com.mx\\\/\",\"name\":\"Fuentes Fidedignas\",\"description\":\"Otro sitio realizado con WordPress\",\"publisher\":{\"@id\":\"https:\\\/\\\/fuentesfidedignas.com.mx\\\/#organization\"},\"potentialAction\":[{\"@type\":\"SearchAction\",\"target\":{\"@type\":\"EntryPoint\",\"urlTemplate\":\"https:\\\/\\\/fuentesfidedignas.com.mx\\\/?s={search_term_string}\"},\"query-input\":{\"@type\":\"PropertyValueSpecification\",\"valueRequired\":true,\"valueName\":\"search_term_string\"}}],\"inLanguage\":\"es\"},{\"@type\":\"Organization\",\"@id\":\"https:\\\/\\\/fuentesfidedignas.com.mx\\\/#organization\",\"name\":\"Fuentes Fidedignas\",\"url\":\"https:\\\/\\\/fuentesfidedignas.com.mx\\\/\",\"logo\":{\"@type\":\"ImageObject\",\"inLanguage\":\"es\",\"@id\":\"https:\\\/\\\/fuentesfidedignas.com.mx\\\/#\\\/schema\\\/logo\\\/image\\\/\",\"url\":\"https:\\\/\\\/fuentesfidedignas.com.mx\\\/wp-content\\\/uploads\\\/2021\\\/04\\\/logo-retina.png\",\"contentUrl\":\"https:\\\/\\\/fuentesfidedignas.com.mx\\\/wp-content\\\/uploads\\\/2021\\\/04\\\/logo-retina.png\",\"width\":280,\"height\":51,\"caption\":\"Fuentes Fidedignas\"},\"image\":{\"@id\":\"https:\\\/\\\/fuentesfidedignas.com.mx\\\/#\\\/schema\\\/logo\\\/image\\\/\"},\"sameAs\":[\"https:\\\/\\\/www.facebook.com\\\/Fuentes-Fidedignas-368234489921644\",\"https:\\\/\\\/x.com\\\/fidedignas\"]},{\"@type\":\"Person\",\"@id\":\"https:\\\/\\\/fuentesfidedignas.com.mx\\\/#\\\/schema\\\/person\\\/331be9283d37198e2acd5750279085b0\",\"name\":\"Redacci\u00f3n\",\"image\":{\"@type\":\"ImageObject\",\"inLanguage\":\"es\",\"@id\":\"https:\\\/\\\/secure.gravatar.com\\\/avatar\\\/f6d8782c11d12b2d4ad3fbb6931aeab5309937a4d6cd2fc9cfaa28a6396a5aec?s=96&d=mm&r=g\",\"url\":\"https:\\\/\\\/secure.gravatar.com\\\/avatar\\\/f6d8782c11d12b2d4ad3fbb6931aeab5309937a4d6cd2fc9cfaa28a6396a5aec?s=96&d=mm&r=g\",\"contentUrl\":\"https:\\\/\\\/secure.gravatar.com\\\/avatar\\\/f6d8782c11d12b2d4ad3fbb6931aeab5309937a4d6cd2fc9cfaa28a6396a5aec?s=96&d=mm&r=g\",\"caption\":\"Redacci\u00f3n\"},\"url\":\"https:\\\/\\\/fuentesfidedignas.com.mx\\\/index.php\\\/author\\\/redaccion\\\/\"}]}<\/script>\n<!-- \/ Yoast SEO plugin. -->","yoast_head_json":{"title":"Mi gobierno pasar\u00e1 a la historia como el m\u00e1s transparente: Rocha - Fuentes Fidedignas","robots":{"index":"index","follow":"follow","max-snippet":"max-snippet:-1","max-image-preview":"max-image-preview:large","max-video-preview":"max-video-preview:-1"},"canonical":"https:\/\/fuentesfidedignas.com.mx\/index.php\/2023\/09\/18\/mi-gobierno-pasara-a-la-historia-como-el-mas-transparente-rocha\/","og_locale":"es_MX","og_type":"article","og_title":"Mi gobierno pasar\u00e1 a la historia como el m\u00e1s transparente: Rocha - Fuentes Fidedignas","og_description":"El gobernador dio a conocer que se recibi\u00f3 una notificaci\u00f3n de la Auditor\u00eda Superior del Estado de observaciones por 3.2 millones de pesos, de un total auditado de 64 mil 500 millones de pesos en que consiste el presupuesto Culiac\u00e1n, Sin.- El gobernador Rub\u00e9n Rocha Moya afirm\u00f3 que su gobierno pasar\u00e1 a la historia como [&hellip;]","og_url":"https:\/\/fuentesfidedignas.com.mx\/index.php\/2023\/09\/18\/mi-gobierno-pasara-a-la-historia-como-el-mas-transparente-rocha\/","og_site_name":"Fuentes Fidedignas","article_publisher":"https:\/\/www.facebook.com\/Fuentes-Fidedignas-368234489921644","article_published_time":"2023-09-19T00:06:46+00:00","article_modified_time":"2023-09-19T00:07:42+00:00","og_image":[{"width":1024,"height":682,"url":"https:\/\/fuentesfidedignas.com.mx\/wp-content\/uploads\/2023\/09\/ruben-rocha-2.jpeg","type":"image\/jpeg"}],"author":"Redacci\u00f3n","twitter_card":"summary_large_image","twitter_creator":"@fidedignas","twitter_site":"@fidedignas","twitter_misc":{"Escrito por":"Redacci\u00f3n","Tiempo de lectura":"3 minutos"},"schema":{"@context":"https:\/\/schema.org","@graph":[{"@type":"Article","@id":"https:\/\/fuentesfidedignas.com.mx\/index.php\/2023\/09\/18\/mi-gobierno-pasara-a-la-historia-como-el-mas-transparente-rocha\/#article","isPartOf":{"@id":"https:\/\/fuentesfidedignas.com.mx\/index.php\/2023\/09\/18\/mi-gobierno-pasara-a-la-historia-como-el-mas-transparente-rocha\/"},"author":{"name":"Redacci\u00f3n","@id":"https:\/\/fuentesfidedignas.com.mx\/#\/schema\/person\/331be9283d37198e2acd5750279085b0"},"headline":"Mi gobierno pasar\u00e1 a la historia como el m\u00e1s transparente: Rocha","datePublished":"2023-09-19T00:06:46+00:00","dateModified":"2023-09-19T00:07:42+00:00","mainEntityOfPage":{"@id":"https:\/\/fuentesfidedignas.com.mx\/index.php\/2023\/09\/18\/mi-gobierno-pasara-a-la-historia-como-el-mas-transparente-rocha\/"},"wordCount":517,"commentCount":0,"publisher":{"@id":"https:\/\/fuentesfidedignas.com.mx\/#organization"},"image":{"@id":"https:\/\/fuentesfidedignas.com.mx\/index.php\/2023\/09\/18\/mi-gobierno-pasara-a-la-historia-como-el-mas-transparente-rocha\/#primaryimage"},"thumbnailUrl":"https:\/\/fuentesfidedignas.com.mx\/wp-content\/uploads\/2023\/09\/ruben-rocha-2.jpeg","inLanguage":"es","potentialAction":[{"@type":"CommentAction","name":"Comment","target":["https:\/\/fuentesfidedignas.com.mx\/index.php\/2023\/09\/18\/mi-gobierno-pasara-a-la-historia-como-el-mas-transparente-rocha\/#respond"]}]},{"@type":"WebPage","@id":"https:\/\/fuentesfidedignas.com.mx\/index.php\/2023\/09\/18\/mi-gobierno-pasara-a-la-historia-como-el-mas-transparente-rocha\/","url":"https:\/\/fuentesfidedignas.com.mx\/index.php\/2023\/09\/18\/mi-gobierno-pasara-a-la-historia-como-el-mas-transparente-rocha\/","name":"Mi gobierno pasar\u00e1 a la historia como el m\u00e1s transparente: Rocha - Fuentes Fidedignas","isPartOf":{"@id":"https:\/\/fuentesfidedignas.com.mx\/#website"},"primaryImageOfPage":{"@id":"https:\/\/fuentesfidedignas.com.mx\/index.php\/2023\/09\/18\/mi-gobierno-pasara-a-la-historia-como-el-mas-transparente-rocha\/#primaryimage"},"image":{"@id":"https:\/\/fuentesfidedignas.com.mx\/index.php\/2023\/09\/18\/mi-gobierno-pasara-a-la-historia-como-el-mas-transparente-rocha\/#primaryimage"},"thumbnailUrl":"https:\/\/fuentesfidedignas.com.mx\/wp-content\/uploads\/2023\/09\/ruben-rocha-2.jpeg","datePublished":"2023-09-19T00:06:46+00:00","dateModified":"2023-09-19T00:07:42+00:00","breadcrumb":{"@id":"https:\/\/fuentesfidedignas.com.mx\/index.php\/2023\/09\/18\/mi-gobierno-pasara-a-la-historia-como-el-mas-transparente-rocha\/#breadcrumb"},"inLanguage":"es","potentialAction":[{"@type":"ReadAction","target":["https:\/\/fuentesfidedignas.com.mx\/index.php\/2023\/09\/18\/mi-gobierno-pasara-a-la-historia-como-el-mas-transparente-rocha\/"]}]},{"@type":"ImageObject","inLanguage":"es","@id":"https:\/\/fuentesfidedignas.com.mx\/index.php\/2023\/09\/18\/mi-gobierno-pasara-a-la-historia-como-el-mas-transparente-rocha\/#primaryimage","url":"https:\/\/fuentesfidedignas.com.mx\/wp-content\/uploads\/2023\/09\/ruben-rocha-2.jpeg","contentUrl":"https:\/\/fuentesfidedignas.com.mx\/wp-content\/uploads\/2023\/09\/ruben-rocha-2.jpeg","width":1024,"height":682},{"@type":"BreadcrumbList","@id":"https:\/\/fuentesfidedignas.com.mx\/index.php\/2023\/09\/18\/mi-gobierno-pasara-a-la-historia-como-el-mas-transparente-rocha\/#breadcrumb","itemListElement":[{"@type":"ListItem","position":1,"name":"Inicio","item":"https:\/\/fuentesfidedignas.com.mx\/"},{"@type":"ListItem","position":2,"name":"Mi gobierno pasar\u00e1 a la historia como el m\u00e1s transparente: Rocha"}]},{"@type":"WebSite","@id":"https:\/\/fuentesfidedignas.com.mx\/#website","url":"https:\/\/fuentesfidedignas.com.mx\/","name":"Fuentes Fidedignas","description":"Otro sitio realizado con WordPress","publisher":{"@id":"https:\/\/fuentesfidedignas.com.mx\/#organization"},"potentialAction":[{"@type":"SearchAction","target":{"@type":"EntryPoint","urlTemplate":"https:\/\/fuentesfidedignas.com.mx\/?s={search_term_string}"},"query-input":{"@type":"PropertyValueSpecification","valueRequired":true,"valueName":"search_term_string"}}],"inLanguage":"es"},{"@type":"Organization","@id":"https:\/\/fuentesfidedignas.com.mx\/#organization","name":"Fuentes Fidedignas","url":"https:\/\/fuentesfidedignas.com.mx\/","logo":{"@type":"ImageObject","inLanguage":"es","@id":"https:\/\/fuentesfidedignas.com.mx\/#\/schema\/logo\/image\/","url":"https:\/\/fuentesfidedignas.com.mx\/wp-content\/uploads\/2021\/04\/logo-retina.png","contentUrl":"https:\/\/fuentesfidedignas.com.mx\/wp-content\/uploads\/2021\/04\/logo-retina.png","width":280,"height":51,"caption":"Fuentes Fidedignas"},"image":{"@id":"https:\/\/fuentesfidedignas.com.mx\/#\/schema\/logo\/image\/"},"sameAs":["https:\/\/www.facebook.com\/Fuentes-Fidedignas-368234489921644","https:\/\/x.com\/fidedignas"]},{"@type":"Person","@id":"https:\/\/fuentesfidedignas.com.mx\/#\/schema\/person\/331be9283d37198e2acd5750279085b0","name":"Redacci\u00f3n","image":{"@type":"ImageObject","inLanguage":"es","@id":"https:\/\/secure.gravatar.com\/avatar\/f6d8782c11d12b2d4ad3fbb6931aeab5309937a4d6cd2fc9cfaa28a6396a5aec?s=96&d=mm&r=g","url":"https:\/\/secure.gravatar.com\/avatar\/f6d8782c11d12b2d4ad3fbb6931aeab5309937a4d6cd2fc9cfaa28a6396a5aec?s=96&d=mm&r=g","contentUrl":"https:\/\/secure.gravatar.com\/avatar\/f6d8782c11d12b2d4ad3fbb6931aeab5309937a4d6cd2fc9cfaa28a6396a5aec?s=96&d=mm&r=g","caption":"Redacci\u00f3n"},"url":"https:\/\/fuentesfidedignas.com.mx\/index.php\/author\/redaccion\/"}]}},"_links":{"self":[{"href":"https:\/\/fuentesfidedignas.com.mx\/index.php\/wp-json\/wp\/v2\/posts\/59487","targetHints":{"allow":["GET"]}}],"collection":[{"href":"https:\/\/fuentesfidedignas.com.mx\/index.php\/wp-json\/wp\/v2\/posts"}],"about":[{"href":"https:\/\/fuentesfidedignas.com.mx\/index.php\/wp-json\/wp\/v2\/types\/post"}],"author":[{"embeddable":true,"href":"https:\/\/fuentesfidedignas.com.mx\/index.php\/wp-json\/wp\/v2\/users\/4"}],"replies":[{"embeddable":true,"href":"https:\/\/fuentesfidedignas.com.mx\/index.php\/wp-json\/wp\/v2\/comments?post=59487"}],"version-history":[{"count":2,"href":"https:\/\/fuentesfidedignas.com.mx\/index.php\/wp-json\/wp\/v2\/posts\/59487\/revisions"}],"predecessor-version":[{"id":59490,"href":"https:\/\/fuentesfidedignas.com.mx\/index.php\/wp-json\/wp\/v2\/posts\/59487\/revisions\/59490"}],"wp:featuredmedia":[{"embeddable":true,"href":"https:\/\/fuentesfidedignas.com.mx\/index.php\/wp-json\/wp\/v2\/media\/59488"}],"wp:attachment":[{"href":"https:\/\/fuentesfidedignas.com.mx\/index.php\/wp-json\/wp\/v2\/media?parent=59487"}],"wp:term":[{"taxonomy":"category","embeddable":true,"href":"https:\/\/fuentesfidedignas.com.mx\/index.php\/wp-json\/wp\/v2\/categories?post=59487"},{"taxonomy":"post_tag","embeddable":true,"href":"https:\/\/fuentesfidedignas.com.mx\/index.php\/wp-json\/wp\/v2\/tags?post=59487"}],"curies":[{"name":"wp","href":"https:\/\/api.w.org\/{rel}","templated":true}]}}