{"id":59430,"date":"2023-09-18T11:15:59","date_gmt":"2023-09-18T18:15:59","guid":{"rendered":"https:\/\/fuentesfidedignas.com.mx\/?p=59430"},"modified":"2023-09-18T11:16:39","modified_gmt":"2023-09-18T18:16:39","slug":"sheinbaum-regresara-este-sabado-a-sinaloa-en-su-gira-nacional-la-esperanza","status":"publish","type":"post","link":"https:\/\/fuentesfidedignas.com.mx\/index.php\/2023\/09\/18\/sheinbaum-regresara-este-sabado-a-sinaloa-en-su-gira-nacional-la-esperanza\/","title":{"rendered":"Sheinbaum regresar\u00e1 este s\u00e1bado a Sinaloa en su gira nacional \u2018La Esperanza\u2019"},"content":{"rendered":"\n<p><strong><em>Aprovech\u00f3 el inicio de su gira para avisar que ella no buscar\u00e1 viejas pol\u00edticas en materia de seguridad que dejaron miles de muertos<\/em><\/strong><\/p>\n\n\n\n<p>CULIAC\u00c1N, Sin. Claudia Sheinbaum comenz\u00f3 su gira nacional como coordinadora de los Comit\u00e9s de Defensa de la Cuarta Transformaci\u00f3n, siendo ganadora de la encuesta realizada por Morena y aliados que la perfilar\u00e1n como candidata a la Presidencia por el oficialismo en 2024.<\/p>\n\n\n\n<p>En ese marco, la aspirante a la Presidencia de la Rep\u00fablica visitar\u00e1 Sinaloa el pr\u00f3ximo <strong>s\u00e1bado 23 de septiembre<\/strong>, para reunirse con la estructura del partido y sumar m\u00e1s afines, confirm\u00f3 el gobernador Rub\u00e9n Rocha Moya durante su conferencia de prensa &#8216;La Semanera&#8217;.<\/p>\n\n\n\n<p><strong>&#8220;Ese d\u00eda Claudia va a firmar un acuerdo con aquellas personalidades de otros partidos que desean pasar a Morena y formalizar inclusive su posibilidad de ser participantes en el proceso electoral en la b\u00fasqueda de alguna posici\u00f3n<\/strong>&#8220;, detall\u00f3 el mandatario.<\/p>\n\n\n\n<p>Se espera que tras el inicio del a\u00f1o electoral, la exjefa de Gobierno de la Ciudad de M\u00e9xico se acerque a la ciudadan\u00eda y a las militancias de Morena, PT y Verde a fin de terminar de solidificar su paso como candidata a suceder la Presidencia de Andr\u00e9s Manuel L\u00f3pez Obrador.<\/p>\n","protected":false},"excerpt":{"rendered":"<p>Aprovech\u00f3 el inicio de su gira para avisar que ella no buscar\u00e1 viejas pol\u00edticas en materia de seguridad que dejaron miles de muertos CULIAC\u00c1N, Sin. Claudia Sheinbaum comenz\u00f3 su gira nacional como coordinadora de los Comit\u00e9s de Defensa de la Cuarta Transformaci\u00f3n, siendo ganadora de la encuesta realizada por Morena y aliados que la perfilar\u00e1n [&hellip;]<\/p>\n","protected":false},"author":11,"featured_media":59432,"comment_status":"open","ping_status":"open","sticky":false,"template":"","format":"standard","meta":{"tdm_status":"","tdm_grid_status":"","footnotes":""},"categories":[37,1],"tags":[],"class_list":{"0":"post-59430","1":"post","2":"type-post","3":"status-publish","4":"format-standard","5":"has-post-thumbnail","7":"category-nota-principal","8":"category-sin-categoria"},"yoast_head":"<!-- This site is optimized with the Yoast SEO plugin v27.4 - https:\/\/yoast.com\/product\/yoast-seo-wordpress\/ -->\n<title>Sheinbaum regresar\u00e1 este s\u00e1bado a Sinaloa en su gira nacional \u2018La Esperanza\u2019 - Fuentes Fidedignas<\/title>\n<meta name=\"robots\" content=\"index, follow, max-snippet:-1, max-image-preview:large, max-video-preview:-1\" \/>\n<link rel=\"canonical\" href=\"https:\/\/fuentesfidedignas.com.mx\/index.php\/2023\/09\/18\/sheinbaum-regresara-este-sabado-a-sinaloa-en-su-gira-nacional-la-esperanza\/\" \/>\n<meta property=\"og:locale\" content=\"es_MX\" \/>\n<meta property=\"og:type\" content=\"article\" \/>\n<meta property=\"og:title\" content=\"Sheinbaum regresar\u00e1 este s\u00e1bado a Sinaloa en su gira nacional \u2018La Esperanza\u2019 - Fuentes Fidedignas\" \/>\n<meta property=\"og:description\" content=\"Aprovech\u00f3 el inicio de su gira para avisar que ella no buscar\u00e1 viejas pol\u00edticas en materia de seguridad que dejaron miles de muertos CULIAC\u00c1N, Sin. Claudia Sheinbaum comenz\u00f3 su gira nacional como coordinadora de los Comit\u00e9s de Defensa de la Cuarta Transformaci\u00f3n, siendo ganadora de la encuesta realizada por Morena y aliados que la perfilar\u00e1n [&hellip;]\" \/>\n<meta property=\"og:url\" content=\"https:\/\/fuentesfidedignas.com.mx\/index.php\/2023\/09\/18\/sheinbaum-regresara-este-sabado-a-sinaloa-en-su-gira-nacional-la-esperanza\/\" \/>\n<meta property=\"og:site_name\" content=\"Fuentes Fidedignas\" \/>\n<meta property=\"article:publisher\" content=\"https:\/\/www.facebook.com\/Fuentes-Fidedignas-368234489921644\" \/>\n<meta property=\"article:published_time\" content=\"2023-09-18T18:15:59+00:00\" \/>\n<meta property=\"article:modified_time\" content=\"2023-09-18T18:16:39+00:00\" \/>\n<meta property=\"og:image\" content=\"https:\/\/fuentesfidedignas.com.mx\/wp-content\/uploads\/2023\/09\/images-9.jpeg\" \/>\n\t<meta property=\"og:image:width\" content=\"701\" \/>\n\t<meta property=\"og:image:height\" content=\"438\" \/>\n\t<meta property=\"og:image:type\" content=\"image\/jpeg\" \/>\n<meta name=\"author\" content=\"Marissa Palafox\" \/>\n<meta name=\"twitter:card\" content=\"summary_large_image\" \/>\n<meta name=\"twitter:creator\" content=\"@fidedignas\" \/>\n<meta name=\"twitter:site\" content=\"@fidedignas\" \/>\n<meta name=\"twitter:label1\" content=\"Escrito por\" \/>\n\t<meta name=\"twitter:data1\" content=\"Marissa Palafox\" \/>\n\t<meta name=\"twitter:label2\" content=\"Tiempo de lectura\" \/>\n\t<meta name=\"twitter:data2\" content=\"1 minuto\" \/>\n<script type=\"application\/ld+json\" class=\"yoast-schema-graph\">{\"@context\":\"https:\\\/\\\/schema.org\",\"@graph\":[{\"@type\":\"Article\",\"@id\":\"https:\\\/\\\/fuentesfidedignas.com.mx\\\/index.php\\\/2023\\\/09\\\/18\\\/sheinbaum-regresara-este-sabado-a-sinaloa-en-su-gira-nacional-la-esperanza\\\/#article\",\"isPartOf\":{\"@id\":\"https:\\\/\\\/fuentesfidedignas.com.mx\\\/index.php\\\/2023\\\/09\\\/18\\\/sheinbaum-regresara-este-sabado-a-sinaloa-en-su-gira-nacional-la-esperanza\\\/\"},\"author\":{\"name\":\"Marissa Palafox\",\"@id\":\"https:\\\/\\\/fuentesfidedignas.com.mx\\\/#\\\/schema\\\/person\\\/2c10028b4a30078c05a056a215342ab9\"},\"headline\":\"Sheinbaum regresar\u00e1 este s\u00e1bado a Sinaloa en su gira nacional \u2018La Esperanza\u2019\",\"datePublished\":\"2023-09-18T18:15:59+00:00\",\"dateModified\":\"2023-09-18T18:16:39+00:00\",\"mainEntityOfPage\":{\"@id\":\"https:\\\/\\\/fuentesfidedignas.com.mx\\\/index.php\\\/2023\\\/09\\\/18\\\/sheinbaum-regresara-este-sabado-a-sinaloa-en-su-gira-nacional-la-esperanza\\\/\"},\"wordCount\":228,\"commentCount\":0,\"publisher\":{\"@id\":\"https:\\\/\\\/fuentesfidedignas.com.mx\\\/#organization\"},\"image\":{\"@id\":\"https:\\\/\\\/fuentesfidedignas.com.mx\\\/index.php\\\/2023\\\/09\\\/18\\\/sheinbaum-regresara-este-sabado-a-sinaloa-en-su-gira-nacional-la-esperanza\\\/#primaryimage\"},\"thumbnailUrl\":\"https:\\\/\\\/fuentesfidedignas.com.mx\\\/wp-content\\\/uploads\\\/2023\\\/09\\\/images-9.jpeg\",\"articleSection\":[\"NOTA PRINCIPAL\"],\"inLanguage\":\"es\",\"potentialAction\":[{\"@type\":\"CommentAction\",\"name\":\"Comment\",\"target\":[\"https:\\\/\\\/fuentesfidedignas.com.mx\\\/index.php\\\/2023\\\/09\\\/18\\\/sheinbaum-regresara-este-sabado-a-sinaloa-en-su-gira-nacional-la-esperanza\\\/#respond\"]}]},{\"@type\":\"WebPage\",\"@id\":\"https:\\\/\\\/fuentesfidedignas.com.mx\\\/index.php\\\/2023\\\/09\\\/18\\\/sheinbaum-regresara-este-sabado-a-sinaloa-en-su-gira-nacional-la-esperanza\\\/\",\"url\":\"https:\\\/\\\/fuentesfidedignas.com.mx\\\/index.php\\\/2023\\\/09\\\/18\\\/sheinbaum-regresara-este-sabado-a-sinaloa-en-su-gira-nacional-la-esperanza\\\/\",\"name\":\"Sheinbaum regresar\u00e1 este s\u00e1bado a Sinaloa en su gira nacional \u2018La Esperanza\u2019 - Fuentes Fidedignas\",\"isPartOf\":{\"@id\":\"https:\\\/\\\/fuentesfidedignas.com.mx\\\/#website\"},\"primaryImageOfPage\":{\"@id\":\"https:\\\/\\\/fuentesfidedignas.com.mx\\\/index.php\\\/2023\\\/09\\\/18\\\/sheinbaum-regresara-este-sabado-a-sinaloa-en-su-gira-nacional-la-esperanza\\\/#primaryimage\"},\"image\":{\"@id\":\"https:\\\/\\\/fuentesfidedignas.com.mx\\\/index.php\\\/2023\\\/09\\\/18\\\/sheinbaum-regresara-este-sabado-a-sinaloa-en-su-gira-nacional-la-esperanza\\\/#primaryimage\"},\"thumbnailUrl\":\"https:\\\/\\\/fuentesfidedignas.com.mx\\\/wp-content\\\/uploads\\\/2023\\\/09\\\/images-9.jpeg\",\"datePublished\":\"2023-09-18T18:15:59+00:00\",\"dateModified\":\"2023-09-18T18:16:39+00:00\",\"breadcrumb\":{\"@id\":\"https:\\\/\\\/fuentesfidedignas.com.mx\\\/index.php\\\/2023\\\/09\\\/18\\\/sheinbaum-regresara-este-sabado-a-sinaloa-en-su-gira-nacional-la-esperanza\\\/#breadcrumb\"},\"inLanguage\":\"es\",\"potentialAction\":[{\"@type\":\"ReadAction\",\"target\":[\"https:\\\/\\\/fuentesfidedignas.com.mx\\\/index.php\\\/2023\\\/09\\\/18\\\/sheinbaum-regresara-este-sabado-a-sinaloa-en-su-gira-nacional-la-esperanza\\\/\"]}]},{\"@type\":\"ImageObject\",\"inLanguage\":\"es\",\"@id\":\"https:\\\/\\\/fuentesfidedignas.com.mx\\\/index.php\\\/2023\\\/09\\\/18\\\/sheinbaum-regresara-este-sabado-a-sinaloa-en-su-gira-nacional-la-esperanza\\\/#primaryimage\",\"url\":\"https:\\\/\\\/fuentesfidedignas.com.mx\\\/wp-content\\\/uploads\\\/2023\\\/09\\\/images-9.jpeg\",\"contentUrl\":\"https:\\\/\\\/fuentesfidedignas.com.mx\\\/wp-content\\\/uploads\\\/2023\\\/09\\\/images-9.jpeg\",\"width\":701,\"height\":438},{\"@type\":\"BreadcrumbList\",\"@id\":\"https:\\\/\\\/fuentesfidedignas.com.mx\\\/index.php\\\/2023\\\/09\\\/18\\\/sheinbaum-regresara-este-sabado-a-sinaloa-en-su-gira-nacional-la-esperanza\\\/#breadcrumb\",\"itemListElement\":[{\"@type\":\"ListItem\",\"position\":1,\"name\":\"Inicio\",\"item\":\"https:\\\/\\\/fuentesfidedignas.com.mx\\\/\"},{\"@type\":\"ListItem\",\"position\":2,\"name\":\"Sheinbaum regresar\u00e1 este s\u00e1bado a Sinaloa en su gira nacional \u2018La Esperanza\u2019\"}]},{\"@type\":\"WebSite\",\"@id\":\"https:\\\/\\\/fuentesfidedignas.com.mx\\\/#website\",\"url\":\"https:\\\/\\\/fuentesfidedignas.com.mx\\\/\",\"name\":\"Fuentes Fidedignas\",\"description\":\"Otro sitio realizado con WordPress\",\"publisher\":{\"@id\":\"https:\\\/\\\/fuentesfidedignas.com.mx\\\/#organization\"},\"potentialAction\":[{\"@type\":\"SearchAction\",\"target\":{\"@type\":\"EntryPoint\",\"urlTemplate\":\"https:\\\/\\\/fuentesfidedignas.com.mx\\\/?s={search_term_string}\"},\"query-input\":{\"@type\":\"PropertyValueSpecification\",\"valueRequired\":true,\"valueName\":\"search_term_string\"}}],\"inLanguage\":\"es\"},{\"@type\":\"Organization\",\"@id\":\"https:\\\/\\\/fuentesfidedignas.com.mx\\\/#organization\",\"name\":\"Fuentes Fidedignas\",\"url\":\"https:\\\/\\\/fuentesfidedignas.com.mx\\\/\",\"logo\":{\"@type\":\"ImageObject\",\"inLanguage\":\"es\",\"@id\":\"https:\\\/\\\/fuentesfidedignas.com.mx\\\/#\\\/schema\\\/logo\\\/image\\\/\",\"url\":\"https:\\\/\\\/fuentesfidedignas.com.mx\\\/wp-content\\\/uploads\\\/2021\\\/04\\\/logo-retina.png\",\"contentUrl\":\"https:\\\/\\\/fuentesfidedignas.com.mx\\\/wp-content\\\/uploads\\\/2021\\\/04\\\/logo-retina.png\",\"width\":280,\"height\":51,\"caption\":\"Fuentes Fidedignas\"},\"image\":{\"@id\":\"https:\\\/\\\/fuentesfidedignas.com.mx\\\/#\\\/schema\\\/logo\\\/image\\\/\"},\"sameAs\":[\"https:\\\/\\\/www.facebook.com\\\/Fuentes-Fidedignas-368234489921644\",\"https:\\\/\\\/x.com\\\/fidedignas\"]},{\"@type\":\"Person\",\"@id\":\"https:\\\/\\\/fuentesfidedignas.com.mx\\\/#\\\/schema\\\/person\\\/2c10028b4a30078c05a056a215342ab9\",\"name\":\"Marissa Palafox\",\"image\":{\"@type\":\"ImageObject\",\"inLanguage\":\"es\",\"@id\":\"https:\\\/\\\/secure.gravatar.com\\\/avatar\\\/20a43bdb2f2db10f20b22d4e98b96eb027faf98f7f76d29854dc5fab46d1cf71?s=96&d=mm&r=g\",\"url\":\"https:\\\/\\\/secure.gravatar.com\\\/avatar\\\/20a43bdb2f2db10f20b22d4e98b96eb027faf98f7f76d29854dc5fab46d1cf71?s=96&d=mm&r=g\",\"contentUrl\":\"https:\\\/\\\/secure.gravatar.com\\\/avatar\\\/20a43bdb2f2db10f20b22d4e98b96eb027faf98f7f76d29854dc5fab46d1cf71?s=96&d=mm&r=g\",\"caption\":\"Marissa Palafox\"},\"url\":\"https:\\\/\\\/fuentesfidedignas.com.mx\\\/index.php\\\/author\\\/marissa\\\/\"}]}<\/script>\n<!-- \/ Yoast SEO plugin. -->","yoast_head_json":{"title":"Sheinbaum regresar\u00e1 este s\u00e1bado a Sinaloa en su gira nacional \u2018La Esperanza\u2019 - Fuentes Fidedignas","robots":{"index":"index","follow":"follow","max-snippet":"max-snippet:-1","max-image-preview":"max-image-preview:large","max-video-preview":"max-video-preview:-1"},"canonical":"https:\/\/fuentesfidedignas.com.mx\/index.php\/2023\/09\/18\/sheinbaum-regresara-este-sabado-a-sinaloa-en-su-gira-nacional-la-esperanza\/","og_locale":"es_MX","og_type":"article","og_title":"Sheinbaum regresar\u00e1 este s\u00e1bado a Sinaloa en su gira nacional \u2018La Esperanza\u2019 - Fuentes Fidedignas","og_description":"Aprovech\u00f3 el inicio de su gira para avisar que ella no buscar\u00e1 viejas pol\u00edticas en materia de seguridad que dejaron miles de muertos CULIAC\u00c1N, Sin. Claudia Sheinbaum comenz\u00f3 su gira nacional como coordinadora de los Comit\u00e9s de Defensa de la Cuarta Transformaci\u00f3n, siendo ganadora de la encuesta realizada por Morena y aliados que la perfilar\u00e1n [&hellip;]","og_url":"https:\/\/fuentesfidedignas.com.mx\/index.php\/2023\/09\/18\/sheinbaum-regresara-este-sabado-a-sinaloa-en-su-gira-nacional-la-esperanza\/","og_site_name":"Fuentes Fidedignas","article_publisher":"https:\/\/www.facebook.com\/Fuentes-Fidedignas-368234489921644","article_published_time":"2023-09-18T18:15:59+00:00","article_modified_time":"2023-09-18T18:16:39+00:00","og_image":[{"width":701,"height":438,"url":"https:\/\/fuentesfidedignas.com.mx\/wp-content\/uploads\/2023\/09\/images-9.jpeg","type":"image\/jpeg"}],"author":"Marissa Palafox","twitter_card":"summary_large_image","twitter_creator":"@fidedignas","twitter_site":"@fidedignas","twitter_misc":{"Escrito por":"Marissa Palafox","Tiempo de lectura":"1 minuto"},"schema":{"@context":"https:\/\/schema.org","@graph":[{"@type":"Article","@id":"https:\/\/fuentesfidedignas.com.mx\/index.php\/2023\/09\/18\/sheinbaum-regresara-este-sabado-a-sinaloa-en-su-gira-nacional-la-esperanza\/#article","isPartOf":{"@id":"https:\/\/fuentesfidedignas.com.mx\/index.php\/2023\/09\/18\/sheinbaum-regresara-este-sabado-a-sinaloa-en-su-gira-nacional-la-esperanza\/"},"author":{"name":"Marissa Palafox","@id":"https:\/\/fuentesfidedignas.com.mx\/#\/schema\/person\/2c10028b4a30078c05a056a215342ab9"},"headline":"Sheinbaum regresar\u00e1 este s\u00e1bado a Sinaloa en su gira nacional \u2018La Esperanza\u2019","datePublished":"2023-09-18T18:15:59+00:00","dateModified":"2023-09-18T18:16:39+00:00","mainEntityOfPage":{"@id":"https:\/\/fuentesfidedignas.com.mx\/index.php\/2023\/09\/18\/sheinbaum-regresara-este-sabado-a-sinaloa-en-su-gira-nacional-la-esperanza\/"},"wordCount":228,"commentCount":0,"publisher":{"@id":"https:\/\/fuentesfidedignas.com.mx\/#organization"},"image":{"@id":"https:\/\/fuentesfidedignas.com.mx\/index.php\/2023\/09\/18\/sheinbaum-regresara-este-sabado-a-sinaloa-en-su-gira-nacional-la-esperanza\/#primaryimage"},"thumbnailUrl":"https:\/\/fuentesfidedignas.com.mx\/wp-content\/uploads\/2023\/09\/images-9.jpeg","articleSection":["NOTA PRINCIPAL"],"inLanguage":"es","potentialAction":[{"@type":"CommentAction","name":"Comment","target":["https:\/\/fuentesfidedignas.com.mx\/index.php\/2023\/09\/18\/sheinbaum-regresara-este-sabado-a-sinaloa-en-su-gira-nacional-la-esperanza\/#respond"]}]},{"@type":"WebPage","@id":"https:\/\/fuentesfidedignas.com.mx\/index.php\/2023\/09\/18\/sheinbaum-regresara-este-sabado-a-sinaloa-en-su-gira-nacional-la-esperanza\/","url":"https:\/\/fuentesfidedignas.com.mx\/index.php\/2023\/09\/18\/sheinbaum-regresara-este-sabado-a-sinaloa-en-su-gira-nacional-la-esperanza\/","name":"Sheinbaum regresar\u00e1 este s\u00e1bado a Sinaloa en su gira nacional \u2018La Esperanza\u2019 - Fuentes Fidedignas","isPartOf":{"@id":"https:\/\/fuentesfidedignas.com.mx\/#website"},"primaryImageOfPage":{"@id":"https:\/\/fuentesfidedignas.com.mx\/index.php\/2023\/09\/18\/sheinbaum-regresara-este-sabado-a-sinaloa-en-su-gira-nacional-la-esperanza\/#primaryimage"},"image":{"@id":"https:\/\/fuentesfidedignas.com.mx\/index.php\/2023\/09\/18\/sheinbaum-regresara-este-sabado-a-sinaloa-en-su-gira-nacional-la-esperanza\/#primaryimage"},"thumbnailUrl":"https:\/\/fuentesfidedignas.com.mx\/wp-content\/uploads\/2023\/09\/images-9.jpeg","datePublished":"2023-09-18T18:15:59+00:00","dateModified":"2023-09-18T18:16:39+00:00","breadcrumb":{"@id":"https:\/\/fuentesfidedignas.com.mx\/index.php\/2023\/09\/18\/sheinbaum-regresara-este-sabado-a-sinaloa-en-su-gira-nacional-la-esperanza\/#breadcrumb"},"inLanguage":"es","potentialAction":[{"@type":"ReadAction","target":["https:\/\/fuentesfidedignas.com.mx\/index.php\/2023\/09\/18\/sheinbaum-regresara-este-sabado-a-sinaloa-en-su-gira-nacional-la-esperanza\/"]}]},{"@type":"ImageObject","inLanguage":"es","@id":"https:\/\/fuentesfidedignas.com.mx\/index.php\/2023\/09\/18\/sheinbaum-regresara-este-sabado-a-sinaloa-en-su-gira-nacional-la-esperanza\/#primaryimage","url":"https:\/\/fuentesfidedignas.com.mx\/wp-content\/uploads\/2023\/09\/images-9.jpeg","contentUrl":"https:\/\/fuentesfidedignas.com.mx\/wp-content\/uploads\/2023\/09\/images-9.jpeg","width":701,"height":438},{"@type":"BreadcrumbList","@id":"https:\/\/fuentesfidedignas.com.mx\/index.php\/2023\/09\/18\/sheinbaum-regresara-este-sabado-a-sinaloa-en-su-gira-nacional-la-esperanza\/#breadcrumb","itemListElement":[{"@type":"ListItem","position":1,"name":"Inicio","item":"https:\/\/fuentesfidedignas.com.mx\/"},{"@type":"ListItem","position":2,"name":"Sheinbaum regresar\u00e1 este s\u00e1bado a Sinaloa en su gira nacional \u2018La Esperanza\u2019"}]},{"@type":"WebSite","@id":"https:\/\/fuentesfidedignas.com.mx\/#website","url":"https:\/\/fuentesfidedignas.com.mx\/","name":"Fuentes Fidedignas","description":"Otro sitio realizado con WordPress","publisher":{"@id":"https:\/\/fuentesfidedignas.com.mx\/#organization"},"potentialAction":[{"@type":"SearchAction","target":{"@type":"EntryPoint","urlTemplate":"https:\/\/fuentesfidedignas.com.mx\/?s={search_term_string}"},"query-input":{"@type":"PropertyValueSpecification","valueRequired":true,"valueName":"search_term_string"}}],"inLanguage":"es"},{"@type":"Organization","@id":"https:\/\/fuentesfidedignas.com.mx\/#organization","name":"Fuentes Fidedignas","url":"https:\/\/fuentesfidedignas.com.mx\/","logo":{"@type":"ImageObject","inLanguage":"es","@id":"https:\/\/fuentesfidedignas.com.mx\/#\/schema\/logo\/image\/","url":"https:\/\/fuentesfidedignas.com.mx\/wp-content\/uploads\/2021\/04\/logo-retina.png","contentUrl":"https:\/\/fuentesfidedignas.com.mx\/wp-content\/uploads\/2021\/04\/logo-retina.png","width":280,"height":51,"caption":"Fuentes Fidedignas"},"image":{"@id":"https:\/\/fuentesfidedignas.com.mx\/#\/schema\/logo\/image\/"},"sameAs":["https:\/\/www.facebook.com\/Fuentes-Fidedignas-368234489921644","https:\/\/x.com\/fidedignas"]},{"@type":"Person","@id":"https:\/\/fuentesfidedignas.com.mx\/#\/schema\/person\/2c10028b4a30078c05a056a215342ab9","name":"Marissa Palafox","image":{"@type":"ImageObject","inLanguage":"es","@id":"https:\/\/secure.gravatar.com\/avatar\/20a43bdb2f2db10f20b22d4e98b96eb027faf98f7f76d29854dc5fab46d1cf71?s=96&d=mm&r=g","url":"https:\/\/secure.gravatar.com\/avatar\/20a43bdb2f2db10f20b22d4e98b96eb027faf98f7f76d29854dc5fab46d1cf71?s=96&d=mm&r=g","contentUrl":"https:\/\/secure.gravatar.com\/avatar\/20a43bdb2f2db10f20b22d4e98b96eb027faf98f7f76d29854dc5fab46d1cf71?s=96&d=mm&r=g","caption":"Marissa Palafox"},"url":"https:\/\/fuentesfidedignas.com.mx\/index.php\/author\/marissa\/"}]}},"_links":{"self":[{"href":"https:\/\/fuentesfidedignas.com.mx\/index.php\/wp-json\/wp\/v2\/posts\/59430","targetHints":{"allow":["GET"]}}],"collection":[{"href":"https:\/\/fuentesfidedignas.com.mx\/index.php\/wp-json\/wp\/v2\/posts"}],"about":[{"href":"https:\/\/fuentesfidedignas.com.mx\/index.php\/wp-json\/wp\/v2\/types\/post"}],"author":[{"embeddable":true,"href":"https:\/\/fuentesfidedignas.com.mx\/index.php\/wp-json\/wp\/v2\/users\/11"}],"replies":[{"embeddable":true,"href":"https:\/\/fuentesfidedignas.com.mx\/index.php\/wp-json\/wp\/v2\/comments?post=59430"}],"version-history":[{"count":1,"href":"https:\/\/fuentesfidedignas.com.mx\/index.php\/wp-json\/wp\/v2\/posts\/59430\/revisions"}],"predecessor-version":[{"id":59431,"href":"https:\/\/fuentesfidedignas.com.mx\/index.php\/wp-json\/wp\/v2\/posts\/59430\/revisions\/59431"}],"wp:featuredmedia":[{"embeddable":true,"href":"https:\/\/fuentesfidedignas.com.mx\/index.php\/wp-json\/wp\/v2\/media\/59432"}],"wp:attachment":[{"href":"https:\/\/fuentesfidedignas.com.mx\/index.php\/wp-json\/wp\/v2\/media?parent=59430"}],"wp:term":[{"taxonomy":"category","embeddable":true,"href":"https:\/\/fuentesfidedignas.com.mx\/index.php\/wp-json\/wp\/v2\/categories?post=59430"},{"taxonomy":"post_tag","embeddable":true,"href":"https:\/\/fuentesfidedignas.com.mx\/index.php\/wp-json\/wp\/v2\/tags?post=59430"}],"curies":[{"name":"wp","href":"https:\/\/api.w.org\/{rel}","templated":true}]}}