{"id":59215,"date":"2023-09-16T01:32:26","date_gmt":"2023-09-16T08:32:26","guid":{"rendered":"https:\/\/fuentesfidedignas.com.mx\/?p=59215"},"modified":"2023-09-15T17:32:46","modified_gmt":"2023-09-16T00:32:46","slug":"video-nino-se-maquilla-de-bandera-para-el-15-de-septiembre-pero-queda-aterrador","status":"publish","type":"post","link":"https:\/\/fuentesfidedignas.com.mx\/index.php\/2023\/09\/16\/video-nino-se-maquilla-de-bandera-para-el-15-de-septiembre-pero-queda-aterrador\/","title":{"rendered":"Video: Ni\u00f1o se maquilla de bandera para el 15 de septiembre, pero queda aterrador"},"content":{"rendered":"\n<p><strong><em>En Tiktok se volvi\u00f3 viral la graciosa forma de celebrar las fiestas patrias del 15 de septiembre, por parte de un ni\u00f1o, quien opt\u00f3 por maquillarse como la bandera de M\u00e9xico<\/em><\/strong><\/p>\n\n\n\n<p>La pasi\u00f3n de los mexicanos es algo imposible de igualar, especialmente cuando se trata de celebrar el 15 de septiembre. Un ejemplo de ello, fue el video viral de un ni\u00f1o que se maquill\u00f3 de los colores de la bandera de M\u00e9xico, pero m\u00e1s que verse patri\u00f3tico para las fiestas, termin\u00f3 con un aspecto aterrador, como si fuera tem\u00e1tica de Halloween.<\/p>\n\n\n\n<p>En Tiktok se volvi\u00f3 viral la graciosa forma de celebrar las fiestas patrias del 15 de septiembre, por parte de un ni\u00f1o, quien opt\u00f3 por maquillarse con los colores verde, blanco y rojo, como la bandera de M\u00e9xico. Sin embargo, unas decoraciones que se coloc\u00f3 en el rostro lo hizo lucir aterrador.<\/p>\n\n\n\n<p>En el video, se observa a un peque\u00f1o ni\u00f1o, sentado en el piso junto a la cama, con la cabeza agachada y pintando su cuerpo de los colores de la bandera de M\u00e9xico, para este 15 de septiembre; todo esto sin saber que lo grababan.<\/p>\n\n\n\n<p>Mientras sujetaba un pincel con el que pintaba su cuerpo de la bandera de M\u00e9xico, el peque\u00f1o not\u00f3 una presencia, por lo cual volte\u00f3 a la persona que lo estaba grabando. Sin embargo, el rostro del ni\u00f1o luc\u00eda un maquillaje aterrador que parec\u00eda de Halloween, pues en los ojos ten\u00eda unas sombras de color negro y en la boca hab\u00eda marcado una sonrisa de espantap\u00e1jaros.<\/p>\n\n\n\n<p><strong>Reacciones a ni\u00f1o que se pint\u00f3 de bandera de M\u00e9xico<\/strong><br>Ante el video del ni\u00f1o que se pint\u00f3 de la bandera de M\u00e9xico, pero parec\u00eda de Halloween, los internautas de Tiktok reaccionaron al maquillaje del infante, incluso tomaron de referencia la famosa canci\u00f3n de Luis Miguel que se suele reproducir en fiestas patrias, cada 15 de septiembre.<\/p>\n\n\n\n<p>\u201cEl verdadero \u2018M\u00e9xico en la piel\u2019\u201d, escribi\u00f3 una internauta.<\/p>\n\n\n\n<p>Por otra parte, otros internautas bromearon con la graciosa iniciativa del ni\u00f1o que se maquill\u00f3 como la bandera de M\u00e9xico, pero que termin\u00f3 luciendo aterrador, pues se imaginaron cu\u00e1l hubiera sido su reacci\u00f3n al saber que se habr\u00eda cancelado la celebraci\u00f3n de fiestas patrias del 15 de septiembre.<\/p>\n\n\n\n<p>\u201c\u2018G\u00fcey, ya no vengas, se cancel\u00f3 la fiesta mexicana\u2019. Yo:\u201d, escribi\u00f3 una usuaria de Tiktok.<\/p>\n\n\n\n<p>Sin duda, el video del ni\u00f1o que se maquill\u00f3 como la bandera de M\u00e9xico, luciendo aterrador, ha gustado a la comunidad de Tiktok que celebrar\u00e1 las fiestas patrias, el 15 de septiembre, pues actualmente cuenta con m\u00e1s de cinco millones de reproducciones y m\u00e1s de 900 mil \u2018me gusta\u2019.<\/p>\n","protected":false},"excerpt":{"rendered":"<p>En Tiktok se volvi\u00f3 viral la graciosa forma de celebrar las fiestas patrias del 15 de septiembre, por parte de un ni\u00f1o, quien opt\u00f3 por maquillarse como la bandera de M\u00e9xico La pasi\u00f3n de los mexicanos es algo imposible de igualar, especialmente cuando se trata de celebrar el 15 de septiembre. Un ejemplo de ello, [&hellip;]<\/p>\n","protected":false},"author":7,"featured_media":59216,"comment_status":"open","ping_status":"open","sticky":false,"template":"","format":"standard","meta":{"tdm_status":"","tdm_grid_status":"","footnotes":""},"categories":[40],"tags":[],"class_list":{"0":"post-59215","1":"post","2":"type-post","3":"status-publish","4":"format-standard","5":"has-post-thumbnail","7":"category-las-asombrosas"},"yoast_head":"<!-- This site is optimized with the Yoast SEO plugin v27.4 - https:\/\/yoast.com\/product\/yoast-seo-wordpress\/ -->\n<title>Video: Ni\u00f1o se maquilla de bandera para el 15 de septiembre, pero queda aterrador - Fuentes Fidedignas<\/title>\n<meta name=\"robots\" content=\"index, follow, max-snippet:-1, max-image-preview:large, max-video-preview:-1\" \/>\n<link rel=\"canonical\" href=\"https:\/\/fuentesfidedignas.com.mx\/index.php\/2023\/09\/16\/video-nino-se-maquilla-de-bandera-para-el-15-de-septiembre-pero-queda-aterrador\/\" \/>\n<meta property=\"og:locale\" content=\"es_MX\" \/>\n<meta property=\"og:type\" content=\"article\" \/>\n<meta property=\"og:title\" content=\"Video: Ni\u00f1o se maquilla de bandera para el 15 de septiembre, pero queda aterrador - Fuentes Fidedignas\" \/>\n<meta property=\"og:description\" content=\"En Tiktok se volvi\u00f3 viral la graciosa forma de celebrar las fiestas patrias del 15 de septiembre, por parte de un ni\u00f1o, quien opt\u00f3 por maquillarse como la bandera de M\u00e9xico La pasi\u00f3n de los mexicanos es algo imposible de igualar, especialmente cuando se trata de celebrar el 15 de septiembre. Un ejemplo de ello, [&hellip;]\" \/>\n<meta property=\"og:url\" content=\"https:\/\/fuentesfidedignas.com.mx\/index.php\/2023\/09\/16\/video-nino-se-maquilla-de-bandera-para-el-15-de-septiembre-pero-queda-aterrador\/\" \/>\n<meta property=\"og:site_name\" content=\"Fuentes Fidedignas\" \/>\n<meta property=\"article:publisher\" content=\"https:\/\/www.facebook.com\/Fuentes-Fidedignas-368234489921644\" \/>\n<meta property=\"article:published_time\" content=\"2023-09-16T08:32:26+00:00\" \/>\n<meta property=\"og:image\" content=\"https:\/\/fuentesfidedignas.com.mx\/wp-content\/uploads\/2023\/09\/NINO_BANDERA.jpg\" \/>\n\t<meta property=\"og:image:width\" content=\"800\" \/>\n\t<meta property=\"og:image:height\" content=\"600\" \/>\n\t<meta property=\"og:image:type\" content=\"image\/jpeg\" \/>\n<meta name=\"author\" content=\"Exc\u00e9lsior\" \/>\n<meta name=\"twitter:card\" content=\"summary_large_image\" \/>\n<meta name=\"twitter:creator\" content=\"@fidedignas\" \/>\n<meta name=\"twitter:site\" content=\"@fidedignas\" \/>\n<meta name=\"twitter:label1\" content=\"Escrito por\" \/>\n\t<meta name=\"twitter:data1\" content=\"Exc\u00e9lsior\" \/>\n\t<meta name=\"twitter:label2\" content=\"Tiempo de lectura\" \/>\n\t<meta name=\"twitter:data2\" content=\"2 minutos\" \/>\n<script type=\"application\/ld+json\" class=\"yoast-schema-graph\">{\"@context\":\"https:\\\/\\\/schema.org\",\"@graph\":[{\"@type\":\"Article\",\"@id\":\"https:\\\/\\\/fuentesfidedignas.com.mx\\\/index.php\\\/2023\\\/09\\\/16\\\/video-nino-se-maquilla-de-bandera-para-el-15-de-septiembre-pero-queda-aterrador\\\/#article\",\"isPartOf\":{\"@id\":\"https:\\\/\\\/fuentesfidedignas.com.mx\\\/index.php\\\/2023\\\/09\\\/16\\\/video-nino-se-maquilla-de-bandera-para-el-15-de-septiembre-pero-queda-aterrador\\\/\"},\"author\":{\"name\":\"Exc\u00e9lsior\",\"@id\":\"https:\\\/\\\/fuentesfidedignas.com.mx\\\/#\\\/schema\\\/person\\\/ec4edd1fbf5efa3e44fce34fe2787780\"},\"headline\":\"Video: Ni\u00f1o se maquilla de bandera para el 15 de septiembre, pero queda aterrador\",\"datePublished\":\"2023-09-16T08:32:26+00:00\",\"mainEntityOfPage\":{\"@id\":\"https:\\\/\\\/fuentesfidedignas.com.mx\\\/index.php\\\/2023\\\/09\\\/16\\\/video-nino-se-maquilla-de-bandera-para-el-15-de-septiembre-pero-queda-aterrador\\\/\"},\"wordCount\":477,\"commentCount\":0,\"publisher\":{\"@id\":\"https:\\\/\\\/fuentesfidedignas.com.mx\\\/#organization\"},\"image\":{\"@id\":\"https:\\\/\\\/fuentesfidedignas.com.mx\\\/index.php\\\/2023\\\/09\\\/16\\\/video-nino-se-maquilla-de-bandera-para-el-15-de-septiembre-pero-queda-aterrador\\\/#primaryimage\"},\"thumbnailUrl\":\"https:\\\/\\\/fuentesfidedignas.com.mx\\\/wp-content\\\/uploads\\\/2023\\\/09\\\/NINO_BANDERA.jpg\",\"articleSection\":[\"LAS ASOMBROSAS\"],\"inLanguage\":\"es\",\"potentialAction\":[{\"@type\":\"CommentAction\",\"name\":\"Comment\",\"target\":[\"https:\\\/\\\/fuentesfidedignas.com.mx\\\/index.php\\\/2023\\\/09\\\/16\\\/video-nino-se-maquilla-de-bandera-para-el-15-de-septiembre-pero-queda-aterrador\\\/#respond\"]}]},{\"@type\":\"WebPage\",\"@id\":\"https:\\\/\\\/fuentesfidedignas.com.mx\\\/index.php\\\/2023\\\/09\\\/16\\\/video-nino-se-maquilla-de-bandera-para-el-15-de-septiembre-pero-queda-aterrador\\\/\",\"url\":\"https:\\\/\\\/fuentesfidedignas.com.mx\\\/index.php\\\/2023\\\/09\\\/16\\\/video-nino-se-maquilla-de-bandera-para-el-15-de-septiembre-pero-queda-aterrador\\\/\",\"name\":\"Video: Ni\u00f1o se maquilla de bandera para el 15 de septiembre, pero queda aterrador - Fuentes Fidedignas\",\"isPartOf\":{\"@id\":\"https:\\\/\\\/fuentesfidedignas.com.mx\\\/#website\"},\"primaryImageOfPage\":{\"@id\":\"https:\\\/\\\/fuentesfidedignas.com.mx\\\/index.php\\\/2023\\\/09\\\/16\\\/video-nino-se-maquilla-de-bandera-para-el-15-de-septiembre-pero-queda-aterrador\\\/#primaryimage\"},\"image\":{\"@id\":\"https:\\\/\\\/fuentesfidedignas.com.mx\\\/index.php\\\/2023\\\/09\\\/16\\\/video-nino-se-maquilla-de-bandera-para-el-15-de-septiembre-pero-queda-aterrador\\\/#primaryimage\"},\"thumbnailUrl\":\"https:\\\/\\\/fuentesfidedignas.com.mx\\\/wp-content\\\/uploads\\\/2023\\\/09\\\/NINO_BANDERA.jpg\",\"datePublished\":\"2023-09-16T08:32:26+00:00\",\"breadcrumb\":{\"@id\":\"https:\\\/\\\/fuentesfidedignas.com.mx\\\/index.php\\\/2023\\\/09\\\/16\\\/video-nino-se-maquilla-de-bandera-para-el-15-de-septiembre-pero-queda-aterrador\\\/#breadcrumb\"},\"inLanguage\":\"es\",\"potentialAction\":[{\"@type\":\"ReadAction\",\"target\":[\"https:\\\/\\\/fuentesfidedignas.com.mx\\\/index.php\\\/2023\\\/09\\\/16\\\/video-nino-se-maquilla-de-bandera-para-el-15-de-septiembre-pero-queda-aterrador\\\/\"]}]},{\"@type\":\"ImageObject\",\"inLanguage\":\"es\",\"@id\":\"https:\\\/\\\/fuentesfidedignas.com.mx\\\/index.php\\\/2023\\\/09\\\/16\\\/video-nino-se-maquilla-de-bandera-para-el-15-de-septiembre-pero-queda-aterrador\\\/#primaryimage\",\"url\":\"https:\\\/\\\/fuentesfidedignas.com.mx\\\/wp-content\\\/uploads\\\/2023\\\/09\\\/NINO_BANDERA.jpg\",\"contentUrl\":\"https:\\\/\\\/fuentesfidedignas.com.mx\\\/wp-content\\\/uploads\\\/2023\\\/09\\\/NINO_BANDERA.jpg\",\"width\":800,\"height\":600},{\"@type\":\"BreadcrumbList\",\"@id\":\"https:\\\/\\\/fuentesfidedignas.com.mx\\\/index.php\\\/2023\\\/09\\\/16\\\/video-nino-se-maquilla-de-bandera-para-el-15-de-septiembre-pero-queda-aterrador\\\/#breadcrumb\",\"itemListElement\":[{\"@type\":\"ListItem\",\"position\":1,\"name\":\"Inicio\",\"item\":\"https:\\\/\\\/fuentesfidedignas.com.mx\\\/\"},{\"@type\":\"ListItem\",\"position\":2,\"name\":\"Video: Ni\u00f1o se maquilla de bandera para el 15 de septiembre, pero queda aterrador\"}]},{\"@type\":\"WebSite\",\"@id\":\"https:\\\/\\\/fuentesfidedignas.com.mx\\\/#website\",\"url\":\"https:\\\/\\\/fuentesfidedignas.com.mx\\\/\",\"name\":\"Fuentes Fidedignas\",\"description\":\"Otro sitio realizado con WordPress\",\"publisher\":{\"@id\":\"https:\\\/\\\/fuentesfidedignas.com.mx\\\/#organization\"},\"potentialAction\":[{\"@type\":\"SearchAction\",\"target\":{\"@type\":\"EntryPoint\",\"urlTemplate\":\"https:\\\/\\\/fuentesfidedignas.com.mx\\\/?s={search_term_string}\"},\"query-input\":{\"@type\":\"PropertyValueSpecification\",\"valueRequired\":true,\"valueName\":\"search_term_string\"}}],\"inLanguage\":\"es\"},{\"@type\":\"Organization\",\"@id\":\"https:\\\/\\\/fuentesfidedignas.com.mx\\\/#organization\",\"name\":\"Fuentes Fidedignas\",\"url\":\"https:\\\/\\\/fuentesfidedignas.com.mx\\\/\",\"logo\":{\"@type\":\"ImageObject\",\"inLanguage\":\"es\",\"@id\":\"https:\\\/\\\/fuentesfidedignas.com.mx\\\/#\\\/schema\\\/logo\\\/image\\\/\",\"url\":\"https:\\\/\\\/fuentesfidedignas.com.mx\\\/wp-content\\\/uploads\\\/2021\\\/04\\\/logo-retina.png\",\"contentUrl\":\"https:\\\/\\\/fuentesfidedignas.com.mx\\\/wp-content\\\/uploads\\\/2021\\\/04\\\/logo-retina.png\",\"width\":280,\"height\":51,\"caption\":\"Fuentes Fidedignas\"},\"image\":{\"@id\":\"https:\\\/\\\/fuentesfidedignas.com.mx\\\/#\\\/schema\\\/logo\\\/image\\\/\"},\"sameAs\":[\"https:\\\/\\\/www.facebook.com\\\/Fuentes-Fidedignas-368234489921644\",\"https:\\\/\\\/x.com\\\/fidedignas\"]},{\"@type\":\"Person\",\"@id\":\"https:\\\/\\\/fuentesfidedignas.com.mx\\\/#\\\/schema\\\/person\\\/ec4edd1fbf5efa3e44fce34fe2787780\",\"name\":\"Exc\u00e9lsior\",\"image\":{\"@type\":\"ImageObject\",\"inLanguage\":\"es\",\"@id\":\"https:\\\/\\\/secure.gravatar.com\\\/avatar\\\/4b7ee9206b48be08447852b3f0814dbc7c0f3b51541b164f1464a2725614020b?s=96&d=mm&r=g\",\"url\":\"https:\\\/\\\/secure.gravatar.com\\\/avatar\\\/4b7ee9206b48be08447852b3f0814dbc7c0f3b51541b164f1464a2725614020b?s=96&d=mm&r=g\",\"contentUrl\":\"https:\\\/\\\/secure.gravatar.com\\\/avatar\\\/4b7ee9206b48be08447852b3f0814dbc7c0f3b51541b164f1464a2725614020b?s=96&d=mm&r=g\",\"caption\":\"Exc\u00e9lsior\"},\"url\":\"https:\\\/\\\/fuentesfidedignas.com.mx\\\/index.php\\\/author\\\/excelsior\\\/\"}]}<\/script>\n<!-- \/ Yoast SEO plugin. -->","yoast_head_json":{"title":"Video: Ni\u00f1o se maquilla de bandera para el 15 de septiembre, pero queda aterrador - Fuentes Fidedignas","robots":{"index":"index","follow":"follow","max-snippet":"max-snippet:-1","max-image-preview":"max-image-preview:large","max-video-preview":"max-video-preview:-1"},"canonical":"https:\/\/fuentesfidedignas.com.mx\/index.php\/2023\/09\/16\/video-nino-se-maquilla-de-bandera-para-el-15-de-septiembre-pero-queda-aterrador\/","og_locale":"es_MX","og_type":"article","og_title":"Video: Ni\u00f1o se maquilla de bandera para el 15 de septiembre, pero queda aterrador - Fuentes Fidedignas","og_description":"En Tiktok se volvi\u00f3 viral la graciosa forma de celebrar las fiestas patrias del 15 de septiembre, por parte de un ni\u00f1o, quien opt\u00f3 por maquillarse como la bandera de M\u00e9xico La pasi\u00f3n de los mexicanos es algo imposible de igualar, especialmente cuando se trata de celebrar el 15 de septiembre. Un ejemplo de ello, [&hellip;]","og_url":"https:\/\/fuentesfidedignas.com.mx\/index.php\/2023\/09\/16\/video-nino-se-maquilla-de-bandera-para-el-15-de-septiembre-pero-queda-aterrador\/","og_site_name":"Fuentes Fidedignas","article_publisher":"https:\/\/www.facebook.com\/Fuentes-Fidedignas-368234489921644","article_published_time":"2023-09-16T08:32:26+00:00","og_image":[{"width":800,"height":600,"url":"https:\/\/fuentesfidedignas.com.mx\/wp-content\/uploads\/2023\/09\/NINO_BANDERA.jpg","type":"image\/jpeg"}],"author":"Exc\u00e9lsior","twitter_card":"summary_large_image","twitter_creator":"@fidedignas","twitter_site":"@fidedignas","twitter_misc":{"Escrito por":"Exc\u00e9lsior","Tiempo de lectura":"2 minutos"},"schema":{"@context":"https:\/\/schema.org","@graph":[{"@type":"Article","@id":"https:\/\/fuentesfidedignas.com.mx\/index.php\/2023\/09\/16\/video-nino-se-maquilla-de-bandera-para-el-15-de-septiembre-pero-queda-aterrador\/#article","isPartOf":{"@id":"https:\/\/fuentesfidedignas.com.mx\/index.php\/2023\/09\/16\/video-nino-se-maquilla-de-bandera-para-el-15-de-septiembre-pero-queda-aterrador\/"},"author":{"name":"Exc\u00e9lsior","@id":"https:\/\/fuentesfidedignas.com.mx\/#\/schema\/person\/ec4edd1fbf5efa3e44fce34fe2787780"},"headline":"Video: Ni\u00f1o se maquilla de bandera para el 15 de septiembre, pero queda aterrador","datePublished":"2023-09-16T08:32:26+00:00","mainEntityOfPage":{"@id":"https:\/\/fuentesfidedignas.com.mx\/index.php\/2023\/09\/16\/video-nino-se-maquilla-de-bandera-para-el-15-de-septiembre-pero-queda-aterrador\/"},"wordCount":477,"commentCount":0,"publisher":{"@id":"https:\/\/fuentesfidedignas.com.mx\/#organization"},"image":{"@id":"https:\/\/fuentesfidedignas.com.mx\/index.php\/2023\/09\/16\/video-nino-se-maquilla-de-bandera-para-el-15-de-septiembre-pero-queda-aterrador\/#primaryimage"},"thumbnailUrl":"https:\/\/fuentesfidedignas.com.mx\/wp-content\/uploads\/2023\/09\/NINO_BANDERA.jpg","articleSection":["LAS ASOMBROSAS"],"inLanguage":"es","potentialAction":[{"@type":"CommentAction","name":"Comment","target":["https:\/\/fuentesfidedignas.com.mx\/index.php\/2023\/09\/16\/video-nino-se-maquilla-de-bandera-para-el-15-de-septiembre-pero-queda-aterrador\/#respond"]}]},{"@type":"WebPage","@id":"https:\/\/fuentesfidedignas.com.mx\/index.php\/2023\/09\/16\/video-nino-se-maquilla-de-bandera-para-el-15-de-septiembre-pero-queda-aterrador\/","url":"https:\/\/fuentesfidedignas.com.mx\/index.php\/2023\/09\/16\/video-nino-se-maquilla-de-bandera-para-el-15-de-septiembre-pero-queda-aterrador\/","name":"Video: Ni\u00f1o se maquilla de bandera para el 15 de septiembre, pero queda aterrador - Fuentes Fidedignas","isPartOf":{"@id":"https:\/\/fuentesfidedignas.com.mx\/#website"},"primaryImageOfPage":{"@id":"https:\/\/fuentesfidedignas.com.mx\/index.php\/2023\/09\/16\/video-nino-se-maquilla-de-bandera-para-el-15-de-septiembre-pero-queda-aterrador\/#primaryimage"},"image":{"@id":"https:\/\/fuentesfidedignas.com.mx\/index.php\/2023\/09\/16\/video-nino-se-maquilla-de-bandera-para-el-15-de-septiembre-pero-queda-aterrador\/#primaryimage"},"thumbnailUrl":"https:\/\/fuentesfidedignas.com.mx\/wp-content\/uploads\/2023\/09\/NINO_BANDERA.jpg","datePublished":"2023-09-16T08:32:26+00:00","breadcrumb":{"@id":"https:\/\/fuentesfidedignas.com.mx\/index.php\/2023\/09\/16\/video-nino-se-maquilla-de-bandera-para-el-15-de-septiembre-pero-queda-aterrador\/#breadcrumb"},"inLanguage":"es","potentialAction":[{"@type":"ReadAction","target":["https:\/\/fuentesfidedignas.com.mx\/index.php\/2023\/09\/16\/video-nino-se-maquilla-de-bandera-para-el-15-de-septiembre-pero-queda-aterrador\/"]}]},{"@type":"ImageObject","inLanguage":"es","@id":"https:\/\/fuentesfidedignas.com.mx\/index.php\/2023\/09\/16\/video-nino-se-maquilla-de-bandera-para-el-15-de-septiembre-pero-queda-aterrador\/#primaryimage","url":"https:\/\/fuentesfidedignas.com.mx\/wp-content\/uploads\/2023\/09\/NINO_BANDERA.jpg","contentUrl":"https:\/\/fuentesfidedignas.com.mx\/wp-content\/uploads\/2023\/09\/NINO_BANDERA.jpg","width":800,"height":600},{"@type":"BreadcrumbList","@id":"https:\/\/fuentesfidedignas.com.mx\/index.php\/2023\/09\/16\/video-nino-se-maquilla-de-bandera-para-el-15-de-septiembre-pero-queda-aterrador\/#breadcrumb","itemListElement":[{"@type":"ListItem","position":1,"name":"Inicio","item":"https:\/\/fuentesfidedignas.com.mx\/"},{"@type":"ListItem","position":2,"name":"Video: Ni\u00f1o se maquilla de bandera para el 15 de septiembre, pero queda aterrador"}]},{"@type":"WebSite","@id":"https:\/\/fuentesfidedignas.com.mx\/#website","url":"https:\/\/fuentesfidedignas.com.mx\/","name":"Fuentes Fidedignas","description":"Otro sitio realizado con WordPress","publisher":{"@id":"https:\/\/fuentesfidedignas.com.mx\/#organization"},"potentialAction":[{"@type":"SearchAction","target":{"@type":"EntryPoint","urlTemplate":"https:\/\/fuentesfidedignas.com.mx\/?s={search_term_string}"},"query-input":{"@type":"PropertyValueSpecification","valueRequired":true,"valueName":"search_term_string"}}],"inLanguage":"es"},{"@type":"Organization","@id":"https:\/\/fuentesfidedignas.com.mx\/#organization","name":"Fuentes Fidedignas","url":"https:\/\/fuentesfidedignas.com.mx\/","logo":{"@type":"ImageObject","inLanguage":"es","@id":"https:\/\/fuentesfidedignas.com.mx\/#\/schema\/logo\/image\/","url":"https:\/\/fuentesfidedignas.com.mx\/wp-content\/uploads\/2021\/04\/logo-retina.png","contentUrl":"https:\/\/fuentesfidedignas.com.mx\/wp-content\/uploads\/2021\/04\/logo-retina.png","width":280,"height":51,"caption":"Fuentes Fidedignas"},"image":{"@id":"https:\/\/fuentesfidedignas.com.mx\/#\/schema\/logo\/image\/"},"sameAs":["https:\/\/www.facebook.com\/Fuentes-Fidedignas-368234489921644","https:\/\/x.com\/fidedignas"]},{"@type":"Person","@id":"https:\/\/fuentesfidedignas.com.mx\/#\/schema\/person\/ec4edd1fbf5efa3e44fce34fe2787780","name":"Exc\u00e9lsior","image":{"@type":"ImageObject","inLanguage":"es","@id":"https:\/\/secure.gravatar.com\/avatar\/4b7ee9206b48be08447852b3f0814dbc7c0f3b51541b164f1464a2725614020b?s=96&d=mm&r=g","url":"https:\/\/secure.gravatar.com\/avatar\/4b7ee9206b48be08447852b3f0814dbc7c0f3b51541b164f1464a2725614020b?s=96&d=mm&r=g","contentUrl":"https:\/\/secure.gravatar.com\/avatar\/4b7ee9206b48be08447852b3f0814dbc7c0f3b51541b164f1464a2725614020b?s=96&d=mm&r=g","caption":"Exc\u00e9lsior"},"url":"https:\/\/fuentesfidedignas.com.mx\/index.php\/author\/excelsior\/"}]}},"_links":{"self":[{"href":"https:\/\/fuentesfidedignas.com.mx\/index.php\/wp-json\/wp\/v2\/posts\/59215","targetHints":{"allow":["GET"]}}],"collection":[{"href":"https:\/\/fuentesfidedignas.com.mx\/index.php\/wp-json\/wp\/v2\/posts"}],"about":[{"href":"https:\/\/fuentesfidedignas.com.mx\/index.php\/wp-json\/wp\/v2\/types\/post"}],"author":[{"embeddable":true,"href":"https:\/\/fuentesfidedignas.com.mx\/index.php\/wp-json\/wp\/v2\/users\/7"}],"replies":[{"embeddable":true,"href":"https:\/\/fuentesfidedignas.com.mx\/index.php\/wp-json\/wp\/v2\/comments?post=59215"}],"version-history":[{"count":1,"href":"https:\/\/fuentesfidedignas.com.mx\/index.php\/wp-json\/wp\/v2\/posts\/59215\/revisions"}],"predecessor-version":[{"id":59217,"href":"https:\/\/fuentesfidedignas.com.mx\/index.php\/wp-json\/wp\/v2\/posts\/59215\/revisions\/59217"}],"wp:featuredmedia":[{"embeddable":true,"href":"https:\/\/fuentesfidedignas.com.mx\/index.php\/wp-json\/wp\/v2\/media\/59216"}],"wp:attachment":[{"href":"https:\/\/fuentesfidedignas.com.mx\/index.php\/wp-json\/wp\/v2\/media?parent=59215"}],"wp:term":[{"taxonomy":"category","embeddable":true,"href":"https:\/\/fuentesfidedignas.com.mx\/index.php\/wp-json\/wp\/v2\/categories?post=59215"},{"taxonomy":"post_tag","embeddable":true,"href":"https:\/\/fuentesfidedignas.com.mx\/index.php\/wp-json\/wp\/v2\/tags?post=59215"}],"curies":[{"name":"wp","href":"https:\/\/api.w.org\/{rel}","templated":true}]}}