{"id":5920,"date":"2021-06-25T13:28:43","date_gmt":"2021-06-25T20:28:43","guid":{"rendered":"https:\/\/fuentesfidedignas.com.mx\/?p=5920"},"modified":"2021-06-25T13:29:29","modified_gmt":"2021-06-25T20:29:29","slug":"expolicia-chauvin-es-sentenciado-a-22-5-anos-de-carcel-por-asesinato-de-george-floyd","status":"publish","type":"post","link":"https:\/\/fuentesfidedignas.com.mx\/index.php\/2021\/06\/25\/expolicia-chauvin-es-sentenciado-a-22-5-anos-de-carcel-por-asesinato-de-george-floyd\/","title":{"rendered":"Expolic\u00eda Chauvin es sentenciado a 22.5 a\u00f1os de c\u00e1rcel por asesinato de George Floyd"},"content":{"rendered":"\n<p><strong><em>Un jurado encontr\u00f3 a Chauvin, de 45 a\u00f1os, culpable de homicidio involuntario en segundo grado, asesinato en tercer grado y homicidio en segundo grado contra Floyd.<\/em><\/strong><\/p>\n\n\n\n<p>Ciudad de M\u00e9xico.- Un juez de Minnesota conden\u00f3 el viernes al exoficial de polic\u00eda Derek Chauvin a 22 a\u00f1os y medio de prisi\u00f3n por el asesinato de George Floyd durante un arresto en mayo de 2020 en una acera de Minneapolis, un crimen que fue grabado y cuyo video desat\u00f3 protestas alrededor del mundo.<\/p>\n\n\n\n<p>Un jurado encontr\u00f3 a Chauvin, de 45 a\u00f1os, culpable el 20 de abril de homicidio involuntario en segundo grado, asesinato en tercer grado y homicidio en segundo grado despu\u00e9s de un juicio que fue considerado como un momento decisivo en la historia de la polic\u00eda estadounidense.<\/p>\n\n\n\n<p>Los fiscales hab\u00edan pedido una sentencia de prisi\u00f3n de 30 a\u00f1os, el doble del l\u00edmite superior indicado en las pautas de sentencia para un infractor por primera vez. La defensa hab\u00eda pedido libertad condicional.<\/p>\n\n\n\n<p>El video de Chauvin, que es blanco, arrodillado sobre el cuello de Floyd, un hombre negro de 46 a\u00f1os esposado, durante m\u00e1s de nueve minutos provoc\u00f3 el mayor movimiento de protesta visto en Estados Unidos en d\u00e9cadas.<\/p>\n","protected":false},"excerpt":{"rendered":"<p>Un jurado encontr\u00f3 a Chauvin, de 45 a\u00f1os, culpable de homicidio involuntario en segundo grado, asesinato en tercer grado y homicidio en segundo grado contra Floyd. Ciudad de M\u00e9xico.- Un juez de Minnesota conden\u00f3 el viernes al exoficial de polic\u00eda Derek Chauvin a 22 a\u00f1os y medio de prisi\u00f3n por el asesinato de George Floyd [&hellip;]<\/p>\n","protected":false},"author":8,"featured_media":5921,"comment_status":"open","ping_status":"open","sticky":false,"template":"","format":"standard","meta":{"tdm_status":"","tdm_grid_status":"","footnotes":""},"categories":[39],"tags":[1112],"class_list":{"0":"post-5920","1":"post","2":"type-post","3":"status-publish","4":"format-standard","5":"has-post-thumbnail","7":"category-noticias-nacionales","8":"tag-george-floyd"},"yoast_head":"<!-- This site is optimized with the Yoast SEO plugin v27.4 - https:\/\/yoast.com\/product\/yoast-seo-wordpress\/ -->\n<title>Expolic\u00eda Chauvin es sentenciado a 22.5 a\u00f1os de c\u00e1rcel por asesinato de George Floyd - Fuentes Fidedignas<\/title>\n<meta name=\"robots\" content=\"index, follow, max-snippet:-1, max-image-preview:large, max-video-preview:-1\" \/>\n<link rel=\"canonical\" href=\"https:\/\/fuentesfidedignas.com.mx\/index.php\/2021\/06\/25\/expolicia-chauvin-es-sentenciado-a-22-5-anos-de-carcel-por-asesinato-de-george-floyd\/\" \/>\n<meta property=\"og:locale\" content=\"es_MX\" \/>\n<meta property=\"og:type\" content=\"article\" \/>\n<meta property=\"og:title\" content=\"Expolic\u00eda Chauvin es sentenciado a 22.5 a\u00f1os de c\u00e1rcel por asesinato de George Floyd - Fuentes Fidedignas\" \/>\n<meta property=\"og:description\" content=\"Un jurado encontr\u00f3 a Chauvin, de 45 a\u00f1os, culpable de homicidio involuntario en segundo grado, asesinato en tercer grado y homicidio en segundo grado contra Floyd. Ciudad de M\u00e9xico.- Un juez de Minnesota conden\u00f3 el viernes al exoficial de polic\u00eda Derek Chauvin a 22 a\u00f1os y medio de prisi\u00f3n por el asesinato de George Floyd [&hellip;]\" \/>\n<meta property=\"og:url\" content=\"https:\/\/fuentesfidedignas.com.mx\/index.php\/2021\/06\/25\/expolicia-chauvin-es-sentenciado-a-22-5-anos-de-carcel-por-asesinato-de-george-floyd\/\" \/>\n<meta property=\"og:site_name\" content=\"Fuentes Fidedignas\" \/>\n<meta property=\"article:publisher\" content=\"https:\/\/www.facebook.com\/Fuentes-Fidedignas-368234489921644\" \/>\n<meta property=\"article:published_time\" content=\"2021-06-25T20:28:43+00:00\" \/>\n<meta property=\"article:modified_time\" content=\"2021-06-25T20:29:29+00:00\" \/>\n<meta property=\"og:image\" content=\"https:\/\/fuentesfidedignas.com.mx\/wp-content\/uploads\/2021\/06\/DEREK_GF.jpeg\" \/>\n\t<meta property=\"og:image:width\" content=\"2200\" \/>\n\t<meta property=\"og:image:height\" content=\"1381\" \/>\n\t<meta property=\"og:image:type\" content=\"image\/jpeg\" \/>\n<meta name=\"author\" content=\"Reuters\" \/>\n<meta name=\"twitter:card\" content=\"summary_large_image\" \/>\n<meta name=\"twitter:creator\" content=\"@fidedignas\" \/>\n<meta name=\"twitter:site\" content=\"@fidedignas\" \/>\n<meta name=\"twitter:label1\" content=\"Escrito por\" \/>\n\t<meta name=\"twitter:data1\" content=\"Reuters\" \/>\n\t<meta name=\"twitter:label2\" content=\"Tiempo de lectura\" \/>\n\t<meta name=\"twitter:data2\" content=\"1 minuto\" \/>\n<script type=\"application\/ld+json\" class=\"yoast-schema-graph\">{\"@context\":\"https:\\\/\\\/schema.org\",\"@graph\":[{\"@type\":\"Article\",\"@id\":\"https:\\\/\\\/fuentesfidedignas.com.mx\\\/index.php\\\/2021\\\/06\\\/25\\\/expolicia-chauvin-es-sentenciado-a-22-5-anos-de-carcel-por-asesinato-de-george-floyd\\\/#article\",\"isPartOf\":{\"@id\":\"https:\\\/\\\/fuentesfidedignas.com.mx\\\/index.php\\\/2021\\\/06\\\/25\\\/expolicia-chauvin-es-sentenciado-a-22-5-anos-de-carcel-por-asesinato-de-george-floyd\\\/\"},\"author\":{\"name\":\"Reuters\",\"@id\":\"https:\\\/\\\/fuentesfidedignas.com.mx\\\/#\\\/schema\\\/person\\\/699c239076aac7aa88ecc3c15c72710f\"},\"headline\":\"Expolic\u00eda Chauvin es sentenciado a 22.5 a\u00f1os de c\u00e1rcel por asesinato de George Floyd\",\"datePublished\":\"2021-06-25T20:28:43+00:00\",\"dateModified\":\"2021-06-25T20:29:29+00:00\",\"mainEntityOfPage\":{\"@id\":\"https:\\\/\\\/fuentesfidedignas.com.mx\\\/index.php\\\/2021\\\/06\\\/25\\\/expolicia-chauvin-es-sentenciado-a-22-5-anos-de-carcel-por-asesinato-de-george-floyd\\\/\"},\"wordCount\":223,\"commentCount\":0,\"publisher\":{\"@id\":\"https:\\\/\\\/fuentesfidedignas.com.mx\\\/#organization\"},\"image\":{\"@id\":\"https:\\\/\\\/fuentesfidedignas.com.mx\\\/index.php\\\/2021\\\/06\\\/25\\\/expolicia-chauvin-es-sentenciado-a-22-5-anos-de-carcel-por-asesinato-de-george-floyd\\\/#primaryimage\"},\"thumbnailUrl\":\"https:\\\/\\\/fuentesfidedignas.com.mx\\\/wp-content\\\/uploads\\\/2021\\\/06\\\/DEREK_GF.jpeg\",\"keywords\":[\"George Floyd\"],\"articleSection\":[\"NOTICIAS NACIONALES\"],\"inLanguage\":\"es\",\"potentialAction\":[{\"@type\":\"CommentAction\",\"name\":\"Comment\",\"target\":[\"https:\\\/\\\/fuentesfidedignas.com.mx\\\/index.php\\\/2021\\\/06\\\/25\\\/expolicia-chauvin-es-sentenciado-a-22-5-anos-de-carcel-por-asesinato-de-george-floyd\\\/#respond\"]}]},{\"@type\":\"WebPage\",\"@id\":\"https:\\\/\\\/fuentesfidedignas.com.mx\\\/index.php\\\/2021\\\/06\\\/25\\\/expolicia-chauvin-es-sentenciado-a-22-5-anos-de-carcel-por-asesinato-de-george-floyd\\\/\",\"url\":\"https:\\\/\\\/fuentesfidedignas.com.mx\\\/index.php\\\/2021\\\/06\\\/25\\\/expolicia-chauvin-es-sentenciado-a-22-5-anos-de-carcel-por-asesinato-de-george-floyd\\\/\",\"name\":\"Expolic\u00eda Chauvin es sentenciado a 22.5 a\u00f1os de c\u00e1rcel por asesinato de George Floyd - Fuentes Fidedignas\",\"isPartOf\":{\"@id\":\"https:\\\/\\\/fuentesfidedignas.com.mx\\\/#website\"},\"primaryImageOfPage\":{\"@id\":\"https:\\\/\\\/fuentesfidedignas.com.mx\\\/index.php\\\/2021\\\/06\\\/25\\\/expolicia-chauvin-es-sentenciado-a-22-5-anos-de-carcel-por-asesinato-de-george-floyd\\\/#primaryimage\"},\"image\":{\"@id\":\"https:\\\/\\\/fuentesfidedignas.com.mx\\\/index.php\\\/2021\\\/06\\\/25\\\/expolicia-chauvin-es-sentenciado-a-22-5-anos-de-carcel-por-asesinato-de-george-floyd\\\/#primaryimage\"},\"thumbnailUrl\":\"https:\\\/\\\/fuentesfidedignas.com.mx\\\/wp-content\\\/uploads\\\/2021\\\/06\\\/DEREK_GF.jpeg\",\"datePublished\":\"2021-06-25T20:28:43+00:00\",\"dateModified\":\"2021-06-25T20:29:29+00:00\",\"breadcrumb\":{\"@id\":\"https:\\\/\\\/fuentesfidedignas.com.mx\\\/index.php\\\/2021\\\/06\\\/25\\\/expolicia-chauvin-es-sentenciado-a-22-5-anos-de-carcel-por-asesinato-de-george-floyd\\\/#breadcrumb\"},\"inLanguage\":\"es\",\"potentialAction\":[{\"@type\":\"ReadAction\",\"target\":[\"https:\\\/\\\/fuentesfidedignas.com.mx\\\/index.php\\\/2021\\\/06\\\/25\\\/expolicia-chauvin-es-sentenciado-a-22-5-anos-de-carcel-por-asesinato-de-george-floyd\\\/\"]}]},{\"@type\":\"ImageObject\",\"inLanguage\":\"es\",\"@id\":\"https:\\\/\\\/fuentesfidedignas.com.mx\\\/index.php\\\/2021\\\/06\\\/25\\\/expolicia-chauvin-es-sentenciado-a-22-5-anos-de-carcel-por-asesinato-de-george-floyd\\\/#primaryimage\",\"url\":\"https:\\\/\\\/fuentesfidedignas.com.mx\\\/wp-content\\\/uploads\\\/2021\\\/06\\\/DEREK_GF.jpeg\",\"contentUrl\":\"https:\\\/\\\/fuentesfidedignas.com.mx\\\/wp-content\\\/uploads\\\/2021\\\/06\\\/DEREK_GF.jpeg\",\"width\":2200,\"height\":1381},{\"@type\":\"BreadcrumbList\",\"@id\":\"https:\\\/\\\/fuentesfidedignas.com.mx\\\/index.php\\\/2021\\\/06\\\/25\\\/expolicia-chauvin-es-sentenciado-a-22-5-anos-de-carcel-por-asesinato-de-george-floyd\\\/#breadcrumb\",\"itemListElement\":[{\"@type\":\"ListItem\",\"position\":1,\"name\":\"Inicio\",\"item\":\"https:\\\/\\\/fuentesfidedignas.com.mx\\\/\"},{\"@type\":\"ListItem\",\"position\":2,\"name\":\"Expolic\u00eda Chauvin es sentenciado a 22.5 a\u00f1os de c\u00e1rcel por asesinato de George Floyd\"}]},{\"@type\":\"WebSite\",\"@id\":\"https:\\\/\\\/fuentesfidedignas.com.mx\\\/#website\",\"url\":\"https:\\\/\\\/fuentesfidedignas.com.mx\\\/\",\"name\":\"Fuentes Fidedignas\",\"description\":\"Otro sitio realizado con WordPress\",\"publisher\":{\"@id\":\"https:\\\/\\\/fuentesfidedignas.com.mx\\\/#organization\"},\"potentialAction\":[{\"@type\":\"SearchAction\",\"target\":{\"@type\":\"EntryPoint\",\"urlTemplate\":\"https:\\\/\\\/fuentesfidedignas.com.mx\\\/?s={search_term_string}\"},\"query-input\":{\"@type\":\"PropertyValueSpecification\",\"valueRequired\":true,\"valueName\":\"search_term_string\"}}],\"inLanguage\":\"es\"},{\"@type\":\"Organization\",\"@id\":\"https:\\\/\\\/fuentesfidedignas.com.mx\\\/#organization\",\"name\":\"Fuentes Fidedignas\",\"url\":\"https:\\\/\\\/fuentesfidedignas.com.mx\\\/\",\"logo\":{\"@type\":\"ImageObject\",\"inLanguage\":\"es\",\"@id\":\"https:\\\/\\\/fuentesfidedignas.com.mx\\\/#\\\/schema\\\/logo\\\/image\\\/\",\"url\":\"https:\\\/\\\/fuentesfidedignas.com.mx\\\/wp-content\\\/uploads\\\/2021\\\/04\\\/logo-retina.png\",\"contentUrl\":\"https:\\\/\\\/fuentesfidedignas.com.mx\\\/wp-content\\\/uploads\\\/2021\\\/04\\\/logo-retina.png\",\"width\":280,\"height\":51,\"caption\":\"Fuentes Fidedignas\"},\"image\":{\"@id\":\"https:\\\/\\\/fuentesfidedignas.com.mx\\\/#\\\/schema\\\/logo\\\/image\\\/\"},\"sameAs\":[\"https:\\\/\\\/www.facebook.com\\\/Fuentes-Fidedignas-368234489921644\",\"https:\\\/\\\/x.com\\\/fidedignas\"]},{\"@type\":\"Person\",\"@id\":\"https:\\\/\\\/fuentesfidedignas.com.mx\\\/#\\\/schema\\\/person\\\/699c239076aac7aa88ecc3c15c72710f\",\"name\":\"Reuters\",\"image\":{\"@type\":\"ImageObject\",\"inLanguage\":\"es\",\"@id\":\"https:\\\/\\\/secure.gravatar.com\\\/avatar\\\/06c46a9bb47e91c2e7c5aa85ad0855c43a11fd5a7b8dd6ec0e8fe8e471140a59?s=96&d=mm&r=g\",\"url\":\"https:\\\/\\\/secure.gravatar.com\\\/avatar\\\/06c46a9bb47e91c2e7c5aa85ad0855c43a11fd5a7b8dd6ec0e8fe8e471140a59?s=96&d=mm&r=g\",\"contentUrl\":\"https:\\\/\\\/secure.gravatar.com\\\/avatar\\\/06c46a9bb47e91c2e7c5aa85ad0855c43a11fd5a7b8dd6ec0e8fe8e471140a59?s=96&d=mm&r=g\",\"caption\":\"Reuters\"},\"url\":\"https:\\\/\\\/fuentesfidedignas.com.mx\\\/index.php\\\/author\\\/reuters\\\/\"}]}<\/script>\n<!-- \/ Yoast SEO plugin. -->","yoast_head_json":{"title":"Expolic\u00eda Chauvin es sentenciado a 22.5 a\u00f1os de c\u00e1rcel por asesinato de George Floyd - Fuentes Fidedignas","robots":{"index":"index","follow":"follow","max-snippet":"max-snippet:-1","max-image-preview":"max-image-preview:large","max-video-preview":"max-video-preview:-1"},"canonical":"https:\/\/fuentesfidedignas.com.mx\/index.php\/2021\/06\/25\/expolicia-chauvin-es-sentenciado-a-22-5-anos-de-carcel-por-asesinato-de-george-floyd\/","og_locale":"es_MX","og_type":"article","og_title":"Expolic\u00eda Chauvin es sentenciado a 22.5 a\u00f1os de c\u00e1rcel por asesinato de George Floyd - Fuentes Fidedignas","og_description":"Un jurado encontr\u00f3 a Chauvin, de 45 a\u00f1os, culpable de homicidio involuntario en segundo grado, asesinato en tercer grado y homicidio en segundo grado contra Floyd. Ciudad de M\u00e9xico.- Un juez de Minnesota conden\u00f3 el viernes al exoficial de polic\u00eda Derek Chauvin a 22 a\u00f1os y medio de prisi\u00f3n por el asesinato de George Floyd [&hellip;]","og_url":"https:\/\/fuentesfidedignas.com.mx\/index.php\/2021\/06\/25\/expolicia-chauvin-es-sentenciado-a-22-5-anos-de-carcel-por-asesinato-de-george-floyd\/","og_site_name":"Fuentes Fidedignas","article_publisher":"https:\/\/www.facebook.com\/Fuentes-Fidedignas-368234489921644","article_published_time":"2021-06-25T20:28:43+00:00","article_modified_time":"2021-06-25T20:29:29+00:00","og_image":[{"width":2200,"height":1381,"url":"https:\/\/fuentesfidedignas.com.mx\/wp-content\/uploads\/2021\/06\/DEREK_GF.jpeg","type":"image\/jpeg"}],"author":"Reuters","twitter_card":"summary_large_image","twitter_creator":"@fidedignas","twitter_site":"@fidedignas","twitter_misc":{"Escrito por":"Reuters","Tiempo de lectura":"1 minuto"},"schema":{"@context":"https:\/\/schema.org","@graph":[{"@type":"Article","@id":"https:\/\/fuentesfidedignas.com.mx\/index.php\/2021\/06\/25\/expolicia-chauvin-es-sentenciado-a-22-5-anos-de-carcel-por-asesinato-de-george-floyd\/#article","isPartOf":{"@id":"https:\/\/fuentesfidedignas.com.mx\/index.php\/2021\/06\/25\/expolicia-chauvin-es-sentenciado-a-22-5-anos-de-carcel-por-asesinato-de-george-floyd\/"},"author":{"name":"Reuters","@id":"https:\/\/fuentesfidedignas.com.mx\/#\/schema\/person\/699c239076aac7aa88ecc3c15c72710f"},"headline":"Expolic\u00eda Chauvin es sentenciado a 22.5 a\u00f1os de c\u00e1rcel por asesinato de George Floyd","datePublished":"2021-06-25T20:28:43+00:00","dateModified":"2021-06-25T20:29:29+00:00","mainEntityOfPage":{"@id":"https:\/\/fuentesfidedignas.com.mx\/index.php\/2021\/06\/25\/expolicia-chauvin-es-sentenciado-a-22-5-anos-de-carcel-por-asesinato-de-george-floyd\/"},"wordCount":223,"commentCount":0,"publisher":{"@id":"https:\/\/fuentesfidedignas.com.mx\/#organization"},"image":{"@id":"https:\/\/fuentesfidedignas.com.mx\/index.php\/2021\/06\/25\/expolicia-chauvin-es-sentenciado-a-22-5-anos-de-carcel-por-asesinato-de-george-floyd\/#primaryimage"},"thumbnailUrl":"https:\/\/fuentesfidedignas.com.mx\/wp-content\/uploads\/2021\/06\/DEREK_GF.jpeg","keywords":["George Floyd"],"articleSection":["NOTICIAS NACIONALES"],"inLanguage":"es","potentialAction":[{"@type":"CommentAction","name":"Comment","target":["https:\/\/fuentesfidedignas.com.mx\/index.php\/2021\/06\/25\/expolicia-chauvin-es-sentenciado-a-22-5-anos-de-carcel-por-asesinato-de-george-floyd\/#respond"]}]},{"@type":"WebPage","@id":"https:\/\/fuentesfidedignas.com.mx\/index.php\/2021\/06\/25\/expolicia-chauvin-es-sentenciado-a-22-5-anos-de-carcel-por-asesinato-de-george-floyd\/","url":"https:\/\/fuentesfidedignas.com.mx\/index.php\/2021\/06\/25\/expolicia-chauvin-es-sentenciado-a-22-5-anos-de-carcel-por-asesinato-de-george-floyd\/","name":"Expolic\u00eda Chauvin es sentenciado a 22.5 a\u00f1os de c\u00e1rcel por asesinato de George Floyd - Fuentes Fidedignas","isPartOf":{"@id":"https:\/\/fuentesfidedignas.com.mx\/#website"},"primaryImageOfPage":{"@id":"https:\/\/fuentesfidedignas.com.mx\/index.php\/2021\/06\/25\/expolicia-chauvin-es-sentenciado-a-22-5-anos-de-carcel-por-asesinato-de-george-floyd\/#primaryimage"},"image":{"@id":"https:\/\/fuentesfidedignas.com.mx\/index.php\/2021\/06\/25\/expolicia-chauvin-es-sentenciado-a-22-5-anos-de-carcel-por-asesinato-de-george-floyd\/#primaryimage"},"thumbnailUrl":"https:\/\/fuentesfidedignas.com.mx\/wp-content\/uploads\/2021\/06\/DEREK_GF.jpeg","datePublished":"2021-06-25T20:28:43+00:00","dateModified":"2021-06-25T20:29:29+00:00","breadcrumb":{"@id":"https:\/\/fuentesfidedignas.com.mx\/index.php\/2021\/06\/25\/expolicia-chauvin-es-sentenciado-a-22-5-anos-de-carcel-por-asesinato-de-george-floyd\/#breadcrumb"},"inLanguage":"es","potentialAction":[{"@type":"ReadAction","target":["https:\/\/fuentesfidedignas.com.mx\/index.php\/2021\/06\/25\/expolicia-chauvin-es-sentenciado-a-22-5-anos-de-carcel-por-asesinato-de-george-floyd\/"]}]},{"@type":"ImageObject","inLanguage":"es","@id":"https:\/\/fuentesfidedignas.com.mx\/index.php\/2021\/06\/25\/expolicia-chauvin-es-sentenciado-a-22-5-anos-de-carcel-por-asesinato-de-george-floyd\/#primaryimage","url":"https:\/\/fuentesfidedignas.com.mx\/wp-content\/uploads\/2021\/06\/DEREK_GF.jpeg","contentUrl":"https:\/\/fuentesfidedignas.com.mx\/wp-content\/uploads\/2021\/06\/DEREK_GF.jpeg","width":2200,"height":1381},{"@type":"BreadcrumbList","@id":"https:\/\/fuentesfidedignas.com.mx\/index.php\/2021\/06\/25\/expolicia-chauvin-es-sentenciado-a-22-5-anos-de-carcel-por-asesinato-de-george-floyd\/#breadcrumb","itemListElement":[{"@type":"ListItem","position":1,"name":"Inicio","item":"https:\/\/fuentesfidedignas.com.mx\/"},{"@type":"ListItem","position":2,"name":"Expolic\u00eda Chauvin es sentenciado a 22.5 a\u00f1os de c\u00e1rcel por asesinato de George Floyd"}]},{"@type":"WebSite","@id":"https:\/\/fuentesfidedignas.com.mx\/#website","url":"https:\/\/fuentesfidedignas.com.mx\/","name":"Fuentes Fidedignas","description":"Otro sitio realizado con WordPress","publisher":{"@id":"https:\/\/fuentesfidedignas.com.mx\/#organization"},"potentialAction":[{"@type":"SearchAction","target":{"@type":"EntryPoint","urlTemplate":"https:\/\/fuentesfidedignas.com.mx\/?s={search_term_string}"},"query-input":{"@type":"PropertyValueSpecification","valueRequired":true,"valueName":"search_term_string"}}],"inLanguage":"es"},{"@type":"Organization","@id":"https:\/\/fuentesfidedignas.com.mx\/#organization","name":"Fuentes Fidedignas","url":"https:\/\/fuentesfidedignas.com.mx\/","logo":{"@type":"ImageObject","inLanguage":"es","@id":"https:\/\/fuentesfidedignas.com.mx\/#\/schema\/logo\/image\/","url":"https:\/\/fuentesfidedignas.com.mx\/wp-content\/uploads\/2021\/04\/logo-retina.png","contentUrl":"https:\/\/fuentesfidedignas.com.mx\/wp-content\/uploads\/2021\/04\/logo-retina.png","width":280,"height":51,"caption":"Fuentes Fidedignas"},"image":{"@id":"https:\/\/fuentesfidedignas.com.mx\/#\/schema\/logo\/image\/"},"sameAs":["https:\/\/www.facebook.com\/Fuentes-Fidedignas-368234489921644","https:\/\/x.com\/fidedignas"]},{"@type":"Person","@id":"https:\/\/fuentesfidedignas.com.mx\/#\/schema\/person\/699c239076aac7aa88ecc3c15c72710f","name":"Reuters","image":{"@type":"ImageObject","inLanguage":"es","@id":"https:\/\/secure.gravatar.com\/avatar\/06c46a9bb47e91c2e7c5aa85ad0855c43a11fd5a7b8dd6ec0e8fe8e471140a59?s=96&d=mm&r=g","url":"https:\/\/secure.gravatar.com\/avatar\/06c46a9bb47e91c2e7c5aa85ad0855c43a11fd5a7b8dd6ec0e8fe8e471140a59?s=96&d=mm&r=g","contentUrl":"https:\/\/secure.gravatar.com\/avatar\/06c46a9bb47e91c2e7c5aa85ad0855c43a11fd5a7b8dd6ec0e8fe8e471140a59?s=96&d=mm&r=g","caption":"Reuters"},"url":"https:\/\/fuentesfidedignas.com.mx\/index.php\/author\/reuters\/"}]}},"_links":{"self":[{"href":"https:\/\/fuentesfidedignas.com.mx\/index.php\/wp-json\/wp\/v2\/posts\/5920","targetHints":{"allow":["GET"]}}],"collection":[{"href":"https:\/\/fuentesfidedignas.com.mx\/index.php\/wp-json\/wp\/v2\/posts"}],"about":[{"href":"https:\/\/fuentesfidedignas.com.mx\/index.php\/wp-json\/wp\/v2\/types\/post"}],"author":[{"embeddable":true,"href":"https:\/\/fuentesfidedignas.com.mx\/index.php\/wp-json\/wp\/v2\/users\/8"}],"replies":[{"embeddable":true,"href":"https:\/\/fuentesfidedignas.com.mx\/index.php\/wp-json\/wp\/v2\/comments?post=5920"}],"version-history":[{"count":1,"href":"https:\/\/fuentesfidedignas.com.mx\/index.php\/wp-json\/wp\/v2\/posts\/5920\/revisions"}],"predecessor-version":[{"id":5922,"href":"https:\/\/fuentesfidedignas.com.mx\/index.php\/wp-json\/wp\/v2\/posts\/5920\/revisions\/5922"}],"wp:featuredmedia":[{"embeddable":true,"href":"https:\/\/fuentesfidedignas.com.mx\/index.php\/wp-json\/wp\/v2\/media\/5921"}],"wp:attachment":[{"href":"https:\/\/fuentesfidedignas.com.mx\/index.php\/wp-json\/wp\/v2\/media?parent=5920"}],"wp:term":[{"taxonomy":"category","embeddable":true,"href":"https:\/\/fuentesfidedignas.com.mx\/index.php\/wp-json\/wp\/v2\/categories?post=5920"},{"taxonomy":"post_tag","embeddable":true,"href":"https:\/\/fuentesfidedignas.com.mx\/index.php\/wp-json\/wp\/v2\/tags?post=5920"}],"curies":[{"name":"wp","href":"https:\/\/api.w.org\/{rel}","templated":true}]}}