{"id":59192,"date":"2023-09-15T15:23:28","date_gmt":"2023-09-15T22:23:28","guid":{"rendered":"https:\/\/fuentesfidedignas.com.mx\/?p=59192"},"modified":"2023-09-15T15:24:31","modified_gmt":"2023-09-15T22:24:31","slug":"al-menos-cuatro-escuelas-en-sinaloa-reportan-casos-positivos-de-covid-19","status":"publish","type":"post","link":"https:\/\/fuentesfidedignas.com.mx\/index.php\/2023\/09\/15\/al-menos-cuatro-escuelas-en-sinaloa-reportan-casos-positivos-de-covid-19\/","title":{"rendered":"Al menos cuatro escuelas en Sinaloa reportan casos positivos de covid-19"},"content":{"rendered":"\n<p><br \/><em><strong>La Secretar\u00eda de Educaci\u00f3n P\u00fablica y Cultura indic\u00f3 que ya se est\u00e1 preparando un nuevo protocolo<\/strong><\/em><\/p>\n\n\n\n<p>Culiac\u00e1n, Sin. La\u00a0<strong>Secretar\u00eda de Educaci\u00f3n P\u00fablica y Cultura (SEPyC)<\/strong>\u00a0de Sinaloa confirm\u00f3 que se han reportado casos positivos de\u00a0<strong>Covid-19<\/strong>\u00a0en cuatro escuelas del estado, de manera que se han implementado protocolos de salud para prevenir la propagaci\u00f3n del virus en la comunidad educativa.<\/p>\n\n\n\n<p>La titular de la dependencia,&nbsp;<strong>Graciela Dom\u00ednguez Nava,<\/strong>&nbsp;fue quien hizo el comunicado y tambi\u00e9n dijo que en tres planteles&nbsp;<strong>se han cerrado grupos<\/strong>&nbsp;como medida de precauci\u00f3n, pero no ha sido necesario suspender por completo las actividades en todo el plantel.<\/p>\n\n\n\n<p><em>EMITE SECTOR SALUD RECOMENDACIONES PARA PREVENIR PROLIFERACI\u00d3N DE CONTAGIOS EN EL SECTOR EDUCATIVO<\/em><\/p>\n\n\n\n<p>Derivado de una reuni\u00f3n en la que participaron personal de las Secretar\u00edas de Educaci\u00f3n P\u00fablica y Salud, ambas del estado de Sinaloa, se acord\u00f3, de frente a una reciente ola de casos Covid y como una forma de prevenir posibles contagios, retomar medidas para evitar se afecte a la poblaci\u00f3n estudiantil.<\/p>\n\n\n\n<p>Mediante oficio, el secretario de Salud del Estado y Director General de los Servicios de Salud de Sinaloa, Dr. Cuitl\u00e1huac Gonz\u00e1lez Galindo, le informa luego de una reuni\u00f3n sostenida con expertos en enfermedades respiratorias, como parte de una estrategia de atenci\u00f3n y protecci\u00f3n de ni\u00f1as, ni\u00f1os y adolescentes, se plantean una serie de medidas para minimizar el riesgo de transmisi\u00f3n de Covid 19 dentro de los espacios educativos.<\/p>\n\n\n\n<p>Ante lo anterior, el secretario de Salud enumer\u00f3 las medidas a tomar en diferentes situaciones se\u00f1alando que las disposiciones en escuelas ante problemas respiratorios, se recomienda:<br \/>\u2022 Uso de cubreboca;<br \/>\u2022 Lavado de manos constantemente;<br \/>\u2022 Estornudo de etiqueta;<br \/>\u2022 Mantener espacios ventilados;<br \/>\u2022 Completar esquema de vacunaci\u00f3n contra Covid 19;<br \/>\u2022 Ante dudas, se recomienda consultar solo sitios de informaci\u00f3n oficial.<\/p>\n\n\n\n<p>De igual manera, se emiten disposiciones para las escuelas ante la presencia de casos sospechosos a infecciones respiratorias, siendo estas las siguientes:<br \/>\u2022 Si durante la jornada escolar alg\u00fan alumno presenta s\u00edntomas respiratorios, deber\u00e1 ser separado del grupo o \u00e1rea previamente designada. Se llamar\u00e1 a su madre, padre o tutor a quien se le dar\u00e1n las indicaciones a seguir para que sea llevado a su m\u00e9dico familiar o instituci\u00f3n de salud.<br \/>\u2022 El o la docente se considera como parte del grupo, por lo que de presentar s\u00edntomas respiratorios, se le indicar\u00e1 acudir a su m\u00e9dico familiar o instituci\u00f3n para su consulta correspondiente.<br \/>\u2022 Si despu\u00e9s de su valoraci\u00f3n m\u00e9dica no se sospecha Covid 19, podr\u00e1 incorporarse al plantel educativo en 24 horas de no haber presentado fiebre y haber mejorado los s\u00edntomas.<br \/>Y, respecto a disposiciones en escuelas ante presencia de casos confirmados de Covid 19, se emiten las siguientes recomendaciones:<br \/>\u2022 Mantener los filtros escolares con la participaci\u00f3n de docentes y personal a cargo del centro educativo.<br \/>\u2022 El caso confirmado, se deber\u00e1 aislar por 5 (cinco) d\u00edas a partir de inicio de s\u00edntomas.<br \/>\u2022 Cuando un miembro de una familia, madre, padre, hermano o tutor est\u00e1 confirmado positivo a Covid 19, la ni\u00f1a, ni\u00f1o o adolescente podr\u00e1 continuar con sus actividades normales bajo supervisi\u00f3n del personal docente del plantel educativo en el que se encuentra y deber\u00e1 usar cubreboca y en caso de presentar alguna sintomatolog\u00eda se tratar\u00e1 como caso sospechoso<br \/>Esta informaci\u00f3n, precisa el documento firmado por el secretario Gonz\u00e1lez Galindo y dirigido a la secretaria Dom\u00ednguez Nava, precisa que est\u00e1 sujeta al comportamiento de la variable de la enfermedad y las medidas pueden estar sujetas a cambio y, ante cualesquier duda o aclaraci\u00f3n, se notifica que la poblaci\u00f3n puede llamar a la l\u00ednea Covid al n\u00famero 6677 13 00 06.<\/p>\n","protected":false},"excerpt":{"rendered":"<p>La Secretar\u00eda de Educaci\u00f3n P\u00fablica y Cultura indic\u00f3 que ya se est\u00e1 preparando un nuevo protocolo Culiac\u00e1n, Sin. La\u00a0Secretar\u00eda de Educaci\u00f3n P\u00fablica y Cultura (SEPyC)\u00a0de Sinaloa confirm\u00f3 que se han reportado casos positivos de\u00a0Covid-19\u00a0en cuatro escuelas del estado, de manera que se han implementado protocolos de salud para prevenir la propagaci\u00f3n del virus en la [&hellip;]<\/p>\n","protected":false},"author":4,"featured_media":59194,"comment_status":"open","ping_status":"open","sticky":false,"template":"","format":"standard","meta":{"tdm_status":"","tdm_grid_status":"","footnotes":""},"categories":[37,1],"tags":[],"class_list":{"0":"post-59192","1":"post","2":"type-post","3":"status-publish","4":"format-standard","5":"has-post-thumbnail","7":"category-nota-principal","8":"category-sin-categoria"},"yoast_head":"<!-- This site is optimized with the Yoast SEO plugin v27.5 - https:\/\/yoast.com\/product\/yoast-seo-wordpress\/ -->\n<title>Al menos cuatro escuelas en Sinaloa reportan casos positivos de covid-19 - Fuentes Fidedignas<\/title>\n<meta name=\"robots\" content=\"index, follow, max-snippet:-1, max-image-preview:large, max-video-preview:-1\" \/>\n<link rel=\"canonical\" href=\"https:\/\/fuentesfidedignas.com.mx\/index.php\/2023\/09\/15\/al-menos-cuatro-escuelas-en-sinaloa-reportan-casos-positivos-de-covid-19\/\" \/>\n<meta property=\"og:locale\" content=\"es_MX\" \/>\n<meta property=\"og:type\" content=\"article\" \/>\n<meta property=\"og:title\" content=\"Al menos cuatro escuelas en Sinaloa reportan casos positivos de covid-19 - Fuentes Fidedignas\" \/>\n<meta property=\"og:description\" content=\"La Secretar\u00eda de Educaci\u00f3n P\u00fablica y Cultura indic\u00f3 que ya se est\u00e1 preparando un nuevo protocolo Culiac\u00e1n, Sin. La\u00a0Secretar\u00eda de Educaci\u00f3n P\u00fablica y Cultura (SEPyC)\u00a0de Sinaloa confirm\u00f3 que se han reportado casos positivos de\u00a0Covid-19\u00a0en cuatro escuelas del estado, de manera que se han implementado protocolos de salud para prevenir la propagaci\u00f3n del virus en la [&hellip;]\" \/>\n<meta property=\"og:url\" content=\"https:\/\/fuentesfidedignas.com.mx\/index.php\/2023\/09\/15\/al-menos-cuatro-escuelas-en-sinaloa-reportan-casos-positivos-de-covid-19\/\" \/>\n<meta property=\"og:site_name\" content=\"Fuentes Fidedignas\" \/>\n<meta property=\"article:publisher\" content=\"https:\/\/www.facebook.com\/Fuentes-Fidedignas-368234489921644\" \/>\n<meta property=\"article:published_time\" content=\"2023-09-15T22:23:28+00:00\" \/>\n<meta property=\"article:modified_time\" content=\"2023-09-15T22:24:31+00:00\" \/>\n<meta property=\"og:image\" content=\"https:\/\/fuentesfidedignas.com.mx\/wp-content\/uploads\/2023\/09\/images-7.jpeg\" \/>\n\t<meta property=\"og:image:width\" content=\"678\" \/>\n\t<meta property=\"og:image:height\" content=\"452\" \/>\n\t<meta property=\"og:image:type\" content=\"image\/jpeg\" \/>\n<meta name=\"author\" content=\"Redacci\u00f3n\" \/>\n<meta name=\"twitter:card\" content=\"summary_large_image\" \/>\n<meta name=\"twitter:creator\" content=\"@fidedignas\" \/>\n<meta name=\"twitter:site\" content=\"@fidedignas\" \/>\n<meta name=\"twitter:label1\" content=\"Escrito por\" \/>\n\t<meta name=\"twitter:data1\" content=\"Redacci\u00f3n\" \/>\n\t<meta name=\"twitter:label2\" content=\"Tiempo de lectura\" \/>\n\t<meta name=\"twitter:data2\" content=\"3 minutos\" \/>\n<script type=\"application\/ld+json\" class=\"yoast-schema-graph\">{\"@context\":\"https:\\\/\\\/schema.org\",\"@graph\":[{\"@type\":\"Article\",\"@id\":\"https:\\\/\\\/fuentesfidedignas.com.mx\\\/index.php\\\/2023\\\/09\\\/15\\\/al-menos-cuatro-escuelas-en-sinaloa-reportan-casos-positivos-de-covid-19\\\/#article\",\"isPartOf\":{\"@id\":\"https:\\\/\\\/fuentesfidedignas.com.mx\\\/index.php\\\/2023\\\/09\\\/15\\\/al-menos-cuatro-escuelas-en-sinaloa-reportan-casos-positivos-de-covid-19\\\/\"},\"author\":{\"name\":\"Redacci\u00f3n\",\"@id\":\"https:\\\/\\\/fuentesfidedignas.com.mx\\\/#\\\/schema\\\/person\\\/331be9283d37198e2acd5750279085b0\"},\"headline\":\"Al menos cuatro escuelas en Sinaloa reportan casos positivos de covid-19\",\"datePublished\":\"2023-09-15T22:23:28+00:00\",\"dateModified\":\"2023-09-15T22:24:31+00:00\",\"mainEntityOfPage\":{\"@id\":\"https:\\\/\\\/fuentesfidedignas.com.mx\\\/index.php\\\/2023\\\/09\\\/15\\\/al-menos-cuatro-escuelas-en-sinaloa-reportan-casos-positivos-de-covid-19\\\/\"},\"wordCount\":647,\"commentCount\":0,\"publisher\":{\"@id\":\"https:\\\/\\\/fuentesfidedignas.com.mx\\\/#organization\"},\"image\":{\"@id\":\"https:\\\/\\\/fuentesfidedignas.com.mx\\\/index.php\\\/2023\\\/09\\\/15\\\/al-menos-cuatro-escuelas-en-sinaloa-reportan-casos-positivos-de-covid-19\\\/#primaryimage\"},\"thumbnailUrl\":\"https:\\\/\\\/fuentesfidedignas.com.mx\\\/wp-content\\\/uploads\\\/2023\\\/09\\\/images-7.jpeg\",\"articleSection\":[\"NOTA PRINCIPAL\"],\"inLanguage\":\"es\",\"potentialAction\":[{\"@type\":\"CommentAction\",\"name\":\"Comment\",\"target\":[\"https:\\\/\\\/fuentesfidedignas.com.mx\\\/index.php\\\/2023\\\/09\\\/15\\\/al-menos-cuatro-escuelas-en-sinaloa-reportan-casos-positivos-de-covid-19\\\/#respond\"]}]},{\"@type\":\"WebPage\",\"@id\":\"https:\\\/\\\/fuentesfidedignas.com.mx\\\/index.php\\\/2023\\\/09\\\/15\\\/al-menos-cuatro-escuelas-en-sinaloa-reportan-casos-positivos-de-covid-19\\\/\",\"url\":\"https:\\\/\\\/fuentesfidedignas.com.mx\\\/index.php\\\/2023\\\/09\\\/15\\\/al-menos-cuatro-escuelas-en-sinaloa-reportan-casos-positivos-de-covid-19\\\/\",\"name\":\"Al menos cuatro escuelas en Sinaloa reportan casos positivos de covid-19 - Fuentes Fidedignas\",\"isPartOf\":{\"@id\":\"https:\\\/\\\/fuentesfidedignas.com.mx\\\/#website\"},\"primaryImageOfPage\":{\"@id\":\"https:\\\/\\\/fuentesfidedignas.com.mx\\\/index.php\\\/2023\\\/09\\\/15\\\/al-menos-cuatro-escuelas-en-sinaloa-reportan-casos-positivos-de-covid-19\\\/#primaryimage\"},\"image\":{\"@id\":\"https:\\\/\\\/fuentesfidedignas.com.mx\\\/index.php\\\/2023\\\/09\\\/15\\\/al-menos-cuatro-escuelas-en-sinaloa-reportan-casos-positivos-de-covid-19\\\/#primaryimage\"},\"thumbnailUrl\":\"https:\\\/\\\/fuentesfidedignas.com.mx\\\/wp-content\\\/uploads\\\/2023\\\/09\\\/images-7.jpeg\",\"datePublished\":\"2023-09-15T22:23:28+00:00\",\"dateModified\":\"2023-09-15T22:24:31+00:00\",\"breadcrumb\":{\"@id\":\"https:\\\/\\\/fuentesfidedignas.com.mx\\\/index.php\\\/2023\\\/09\\\/15\\\/al-menos-cuatro-escuelas-en-sinaloa-reportan-casos-positivos-de-covid-19\\\/#breadcrumb\"},\"inLanguage\":\"es\",\"potentialAction\":[{\"@type\":\"ReadAction\",\"target\":[\"https:\\\/\\\/fuentesfidedignas.com.mx\\\/index.php\\\/2023\\\/09\\\/15\\\/al-menos-cuatro-escuelas-en-sinaloa-reportan-casos-positivos-de-covid-19\\\/\"]}]},{\"@type\":\"ImageObject\",\"inLanguage\":\"es\",\"@id\":\"https:\\\/\\\/fuentesfidedignas.com.mx\\\/index.php\\\/2023\\\/09\\\/15\\\/al-menos-cuatro-escuelas-en-sinaloa-reportan-casos-positivos-de-covid-19\\\/#primaryimage\",\"url\":\"https:\\\/\\\/fuentesfidedignas.com.mx\\\/wp-content\\\/uploads\\\/2023\\\/09\\\/images-7.jpeg\",\"contentUrl\":\"https:\\\/\\\/fuentesfidedignas.com.mx\\\/wp-content\\\/uploads\\\/2023\\\/09\\\/images-7.jpeg\",\"width\":678,\"height\":452},{\"@type\":\"BreadcrumbList\",\"@id\":\"https:\\\/\\\/fuentesfidedignas.com.mx\\\/index.php\\\/2023\\\/09\\\/15\\\/al-menos-cuatro-escuelas-en-sinaloa-reportan-casos-positivos-de-covid-19\\\/#breadcrumb\",\"itemListElement\":[{\"@type\":\"ListItem\",\"position\":1,\"name\":\"Inicio\",\"item\":\"https:\\\/\\\/fuentesfidedignas.com.mx\\\/\"},{\"@type\":\"ListItem\",\"position\":2,\"name\":\"Al menos cuatro escuelas en Sinaloa reportan casos positivos de covid-19\"}]},{\"@type\":\"WebSite\",\"@id\":\"https:\\\/\\\/fuentesfidedignas.com.mx\\\/#website\",\"url\":\"https:\\\/\\\/fuentesfidedignas.com.mx\\\/\",\"name\":\"Fuentes Fidedignas\",\"description\":\"Otro sitio realizado con WordPress\",\"publisher\":{\"@id\":\"https:\\\/\\\/fuentesfidedignas.com.mx\\\/#organization\"},\"potentialAction\":[{\"@type\":\"SearchAction\",\"target\":{\"@type\":\"EntryPoint\",\"urlTemplate\":\"https:\\\/\\\/fuentesfidedignas.com.mx\\\/?s={search_term_string}\"},\"query-input\":{\"@type\":\"PropertyValueSpecification\",\"valueRequired\":true,\"valueName\":\"search_term_string\"}}],\"inLanguage\":\"es\"},{\"@type\":\"Organization\",\"@id\":\"https:\\\/\\\/fuentesfidedignas.com.mx\\\/#organization\",\"name\":\"Fuentes Fidedignas\",\"url\":\"https:\\\/\\\/fuentesfidedignas.com.mx\\\/\",\"logo\":{\"@type\":\"ImageObject\",\"inLanguage\":\"es\",\"@id\":\"https:\\\/\\\/fuentesfidedignas.com.mx\\\/#\\\/schema\\\/logo\\\/image\\\/\",\"url\":\"https:\\\/\\\/fuentesfidedignas.com.mx\\\/wp-content\\\/uploads\\\/2021\\\/04\\\/logo-retina.png\",\"contentUrl\":\"https:\\\/\\\/fuentesfidedignas.com.mx\\\/wp-content\\\/uploads\\\/2021\\\/04\\\/logo-retina.png\",\"width\":280,\"height\":51,\"caption\":\"Fuentes Fidedignas\"},\"image\":{\"@id\":\"https:\\\/\\\/fuentesfidedignas.com.mx\\\/#\\\/schema\\\/logo\\\/image\\\/\"},\"sameAs\":[\"https:\\\/\\\/www.facebook.com\\\/Fuentes-Fidedignas-368234489921644\",\"https:\\\/\\\/x.com\\\/fidedignas\"]},{\"@type\":\"Person\",\"@id\":\"https:\\\/\\\/fuentesfidedignas.com.mx\\\/#\\\/schema\\\/person\\\/331be9283d37198e2acd5750279085b0\",\"name\":\"Redacci\u00f3n\",\"image\":{\"@type\":\"ImageObject\",\"inLanguage\":\"es\",\"@id\":\"https:\\\/\\\/secure.gravatar.com\\\/avatar\\\/f6d8782c11d12b2d4ad3fbb6931aeab5309937a4d6cd2fc9cfaa28a6396a5aec?s=96&d=mm&r=g\",\"url\":\"https:\\\/\\\/secure.gravatar.com\\\/avatar\\\/f6d8782c11d12b2d4ad3fbb6931aeab5309937a4d6cd2fc9cfaa28a6396a5aec?s=96&d=mm&r=g\",\"contentUrl\":\"https:\\\/\\\/secure.gravatar.com\\\/avatar\\\/f6d8782c11d12b2d4ad3fbb6931aeab5309937a4d6cd2fc9cfaa28a6396a5aec?s=96&d=mm&r=g\",\"caption\":\"Redacci\u00f3n\"},\"url\":\"https:\\\/\\\/fuentesfidedignas.com.mx\\\/index.php\\\/author\\\/redaccion\\\/\"}]}<\/script>\n<!-- \/ Yoast SEO plugin. -->","yoast_head_json":{"title":"Al menos cuatro escuelas en Sinaloa reportan casos positivos de covid-19 - Fuentes Fidedignas","robots":{"index":"index","follow":"follow","max-snippet":"max-snippet:-1","max-image-preview":"max-image-preview:large","max-video-preview":"max-video-preview:-1"},"canonical":"https:\/\/fuentesfidedignas.com.mx\/index.php\/2023\/09\/15\/al-menos-cuatro-escuelas-en-sinaloa-reportan-casos-positivos-de-covid-19\/","og_locale":"es_MX","og_type":"article","og_title":"Al menos cuatro escuelas en Sinaloa reportan casos positivos de covid-19 - Fuentes Fidedignas","og_description":"La Secretar\u00eda de Educaci\u00f3n P\u00fablica y Cultura indic\u00f3 que ya se est\u00e1 preparando un nuevo protocolo Culiac\u00e1n, Sin. La\u00a0Secretar\u00eda de Educaci\u00f3n P\u00fablica y Cultura (SEPyC)\u00a0de Sinaloa confirm\u00f3 que se han reportado casos positivos de\u00a0Covid-19\u00a0en cuatro escuelas del estado, de manera que se han implementado protocolos de salud para prevenir la propagaci\u00f3n del virus en la [&hellip;]","og_url":"https:\/\/fuentesfidedignas.com.mx\/index.php\/2023\/09\/15\/al-menos-cuatro-escuelas-en-sinaloa-reportan-casos-positivos-de-covid-19\/","og_site_name":"Fuentes Fidedignas","article_publisher":"https:\/\/www.facebook.com\/Fuentes-Fidedignas-368234489921644","article_published_time":"2023-09-15T22:23:28+00:00","article_modified_time":"2023-09-15T22:24:31+00:00","og_image":[{"width":678,"height":452,"url":"https:\/\/fuentesfidedignas.com.mx\/wp-content\/uploads\/2023\/09\/images-7.jpeg","type":"image\/jpeg"}],"author":"Redacci\u00f3n","twitter_card":"summary_large_image","twitter_creator":"@fidedignas","twitter_site":"@fidedignas","twitter_misc":{"Escrito por":"Redacci\u00f3n","Tiempo de lectura":"3 minutos"},"schema":{"@context":"https:\/\/schema.org","@graph":[{"@type":"Article","@id":"https:\/\/fuentesfidedignas.com.mx\/index.php\/2023\/09\/15\/al-menos-cuatro-escuelas-en-sinaloa-reportan-casos-positivos-de-covid-19\/#article","isPartOf":{"@id":"https:\/\/fuentesfidedignas.com.mx\/index.php\/2023\/09\/15\/al-menos-cuatro-escuelas-en-sinaloa-reportan-casos-positivos-de-covid-19\/"},"author":{"name":"Redacci\u00f3n","@id":"https:\/\/fuentesfidedignas.com.mx\/#\/schema\/person\/331be9283d37198e2acd5750279085b0"},"headline":"Al menos cuatro escuelas en Sinaloa reportan casos positivos de covid-19","datePublished":"2023-09-15T22:23:28+00:00","dateModified":"2023-09-15T22:24:31+00:00","mainEntityOfPage":{"@id":"https:\/\/fuentesfidedignas.com.mx\/index.php\/2023\/09\/15\/al-menos-cuatro-escuelas-en-sinaloa-reportan-casos-positivos-de-covid-19\/"},"wordCount":647,"commentCount":0,"publisher":{"@id":"https:\/\/fuentesfidedignas.com.mx\/#organization"},"image":{"@id":"https:\/\/fuentesfidedignas.com.mx\/index.php\/2023\/09\/15\/al-menos-cuatro-escuelas-en-sinaloa-reportan-casos-positivos-de-covid-19\/#primaryimage"},"thumbnailUrl":"https:\/\/fuentesfidedignas.com.mx\/wp-content\/uploads\/2023\/09\/images-7.jpeg","articleSection":["NOTA PRINCIPAL"],"inLanguage":"es","potentialAction":[{"@type":"CommentAction","name":"Comment","target":["https:\/\/fuentesfidedignas.com.mx\/index.php\/2023\/09\/15\/al-menos-cuatro-escuelas-en-sinaloa-reportan-casos-positivos-de-covid-19\/#respond"]}]},{"@type":"WebPage","@id":"https:\/\/fuentesfidedignas.com.mx\/index.php\/2023\/09\/15\/al-menos-cuatro-escuelas-en-sinaloa-reportan-casos-positivos-de-covid-19\/","url":"https:\/\/fuentesfidedignas.com.mx\/index.php\/2023\/09\/15\/al-menos-cuatro-escuelas-en-sinaloa-reportan-casos-positivos-de-covid-19\/","name":"Al menos cuatro escuelas en Sinaloa reportan casos positivos de covid-19 - Fuentes Fidedignas","isPartOf":{"@id":"https:\/\/fuentesfidedignas.com.mx\/#website"},"primaryImageOfPage":{"@id":"https:\/\/fuentesfidedignas.com.mx\/index.php\/2023\/09\/15\/al-menos-cuatro-escuelas-en-sinaloa-reportan-casos-positivos-de-covid-19\/#primaryimage"},"image":{"@id":"https:\/\/fuentesfidedignas.com.mx\/index.php\/2023\/09\/15\/al-menos-cuatro-escuelas-en-sinaloa-reportan-casos-positivos-de-covid-19\/#primaryimage"},"thumbnailUrl":"https:\/\/fuentesfidedignas.com.mx\/wp-content\/uploads\/2023\/09\/images-7.jpeg","datePublished":"2023-09-15T22:23:28+00:00","dateModified":"2023-09-15T22:24:31+00:00","breadcrumb":{"@id":"https:\/\/fuentesfidedignas.com.mx\/index.php\/2023\/09\/15\/al-menos-cuatro-escuelas-en-sinaloa-reportan-casos-positivos-de-covid-19\/#breadcrumb"},"inLanguage":"es","potentialAction":[{"@type":"ReadAction","target":["https:\/\/fuentesfidedignas.com.mx\/index.php\/2023\/09\/15\/al-menos-cuatro-escuelas-en-sinaloa-reportan-casos-positivos-de-covid-19\/"]}]},{"@type":"ImageObject","inLanguage":"es","@id":"https:\/\/fuentesfidedignas.com.mx\/index.php\/2023\/09\/15\/al-menos-cuatro-escuelas-en-sinaloa-reportan-casos-positivos-de-covid-19\/#primaryimage","url":"https:\/\/fuentesfidedignas.com.mx\/wp-content\/uploads\/2023\/09\/images-7.jpeg","contentUrl":"https:\/\/fuentesfidedignas.com.mx\/wp-content\/uploads\/2023\/09\/images-7.jpeg","width":678,"height":452},{"@type":"BreadcrumbList","@id":"https:\/\/fuentesfidedignas.com.mx\/index.php\/2023\/09\/15\/al-menos-cuatro-escuelas-en-sinaloa-reportan-casos-positivos-de-covid-19\/#breadcrumb","itemListElement":[{"@type":"ListItem","position":1,"name":"Inicio","item":"https:\/\/fuentesfidedignas.com.mx\/"},{"@type":"ListItem","position":2,"name":"Al menos cuatro escuelas en Sinaloa reportan casos positivos de covid-19"}]},{"@type":"WebSite","@id":"https:\/\/fuentesfidedignas.com.mx\/#website","url":"https:\/\/fuentesfidedignas.com.mx\/","name":"Fuentes Fidedignas","description":"Otro sitio realizado con WordPress","publisher":{"@id":"https:\/\/fuentesfidedignas.com.mx\/#organization"},"potentialAction":[{"@type":"SearchAction","target":{"@type":"EntryPoint","urlTemplate":"https:\/\/fuentesfidedignas.com.mx\/?s={search_term_string}"},"query-input":{"@type":"PropertyValueSpecification","valueRequired":true,"valueName":"search_term_string"}}],"inLanguage":"es"},{"@type":"Organization","@id":"https:\/\/fuentesfidedignas.com.mx\/#organization","name":"Fuentes Fidedignas","url":"https:\/\/fuentesfidedignas.com.mx\/","logo":{"@type":"ImageObject","inLanguage":"es","@id":"https:\/\/fuentesfidedignas.com.mx\/#\/schema\/logo\/image\/","url":"https:\/\/fuentesfidedignas.com.mx\/wp-content\/uploads\/2021\/04\/logo-retina.png","contentUrl":"https:\/\/fuentesfidedignas.com.mx\/wp-content\/uploads\/2021\/04\/logo-retina.png","width":280,"height":51,"caption":"Fuentes Fidedignas"},"image":{"@id":"https:\/\/fuentesfidedignas.com.mx\/#\/schema\/logo\/image\/"},"sameAs":["https:\/\/www.facebook.com\/Fuentes-Fidedignas-368234489921644","https:\/\/x.com\/fidedignas"]},{"@type":"Person","@id":"https:\/\/fuentesfidedignas.com.mx\/#\/schema\/person\/331be9283d37198e2acd5750279085b0","name":"Redacci\u00f3n","image":{"@type":"ImageObject","inLanguage":"es","@id":"https:\/\/secure.gravatar.com\/avatar\/f6d8782c11d12b2d4ad3fbb6931aeab5309937a4d6cd2fc9cfaa28a6396a5aec?s=96&d=mm&r=g","url":"https:\/\/secure.gravatar.com\/avatar\/f6d8782c11d12b2d4ad3fbb6931aeab5309937a4d6cd2fc9cfaa28a6396a5aec?s=96&d=mm&r=g","contentUrl":"https:\/\/secure.gravatar.com\/avatar\/f6d8782c11d12b2d4ad3fbb6931aeab5309937a4d6cd2fc9cfaa28a6396a5aec?s=96&d=mm&r=g","caption":"Redacci\u00f3n"},"url":"https:\/\/fuentesfidedignas.com.mx\/index.php\/author\/redaccion\/"}]}},"_links":{"self":[{"href":"https:\/\/fuentesfidedignas.com.mx\/index.php\/wp-json\/wp\/v2\/posts\/59192","targetHints":{"allow":["GET"]}}],"collection":[{"href":"https:\/\/fuentesfidedignas.com.mx\/index.php\/wp-json\/wp\/v2\/posts"}],"about":[{"href":"https:\/\/fuentesfidedignas.com.mx\/index.php\/wp-json\/wp\/v2\/types\/post"}],"author":[{"embeddable":true,"href":"https:\/\/fuentesfidedignas.com.mx\/index.php\/wp-json\/wp\/v2\/users\/4"}],"replies":[{"embeddable":true,"href":"https:\/\/fuentesfidedignas.com.mx\/index.php\/wp-json\/wp\/v2\/comments?post=59192"}],"version-history":[{"count":2,"href":"https:\/\/fuentesfidedignas.com.mx\/index.php\/wp-json\/wp\/v2\/posts\/59192\/revisions"}],"predecessor-version":[{"id":59195,"href":"https:\/\/fuentesfidedignas.com.mx\/index.php\/wp-json\/wp\/v2\/posts\/59192\/revisions\/59195"}],"wp:featuredmedia":[{"embeddable":true,"href":"https:\/\/fuentesfidedignas.com.mx\/index.php\/wp-json\/wp\/v2\/media\/59194"}],"wp:attachment":[{"href":"https:\/\/fuentesfidedignas.com.mx\/index.php\/wp-json\/wp\/v2\/media?parent=59192"}],"wp:term":[{"taxonomy":"category","embeddable":true,"href":"https:\/\/fuentesfidedignas.com.mx\/index.php\/wp-json\/wp\/v2\/categories?post=59192"},{"taxonomy":"post_tag","embeddable":true,"href":"https:\/\/fuentesfidedignas.com.mx\/index.php\/wp-json\/wp\/v2\/tags?post=59192"}],"curies":[{"name":"wp","href":"https:\/\/api.w.org\/{rel}","templated":true}]}}