{"id":59164,"date":"2023-09-15T11:05:58","date_gmt":"2023-09-15T18:05:58","guid":{"rendered":"https:\/\/fuentesfidedignas.com.mx\/?p=59164"},"modified":"2023-09-15T11:06:00","modified_gmt":"2023-09-15T18:06:00","slug":"ine-ordena-a-amlo-bajar-publicaciones-de-entrega-de-baston-de-mando-a-sheinbaum","status":"publish","type":"post","link":"https:\/\/fuentesfidedignas.com.mx\/index.php\/2023\/09\/15\/ine-ordena-a-amlo-bajar-publicaciones-de-entrega-de-baston-de-mando-a-sheinbaum\/","title":{"rendered":"INE ordena a AMLO bajar publicaciones de entrega de bast\u00f3n de mando a Sheinbaum"},"content":{"rendered":"\n<p><em><strong><br>El pasado 7 de septiembre el presidente L\u00f3pez Obrador entreg\u00f3 el bast\u00f3n de mando a Claudia Sheinbaum en el restaurante \u2018El Mayor\u2019 del Centro Hist\u00f3rico<\/strong><\/em><\/p>\n\n\n\n<p>Ciudad de M\u00e9xico.- La Comisi\u00f3n de Quejas y Denuncias del Instituto Nacional Electoral (<strong>INE<\/strong>) orden\u00f3 al presidente\u00a0<strong>Andr\u00e9s Manuel L\u00f3pez Obrador<\/strong>\u00a0eliminar las publicaciones que hizo en sus redes sociales en donde presume la entrega del<strong>\u00a0bast\u00f3n de mando<\/strong>\u00a0a la Coordinadora Nacional de los Comit\u00e9s la Defensa de la Cuarta Transformaci\u00f3n,<strong>\u00a0Claudia Sheinbaum.<\/strong><\/p>\n\n\n\n<p>Durante una sesi\u00f3n, los consejeros del \u00f3rgano electoral resolvieron la querella impuesta por integrantes de los partidos de Movimiento Ciudadano (MC) y del Partido de la Revoluci\u00f3n Democr\u00e1tica (PRD), quienes alegaron que hab\u00eda actos anticipados de precampa\u00f1a y campa\u00f1a.<\/p>\n\n\n\n<p>Ante este hecho, el INE declar\u00f3 procedentes las medidas cautelares contra las&nbsp;<strong>publicaciones&nbsp;<\/strong>de L\u00f3pez Obrador, sin embargo, argumentaron que nada ten\u00eda que ver con el acto de la entrega, sino m\u00e1s bien por el uso de los&nbsp;<strong>recursos p\u00fablicos&nbsp;<\/strong>(p\u00e1ginas oficiales del Gobierno) para impulsar a una figura pol\u00edtica en espec\u00edfico, adem\u00e1s de que el evento tambi\u00e9n fue realizado en un d\u00eda h\u00e1bil (jueves).<\/p>\n\n\n\n<p>Por otro lado, los consejeros determinaron que no hubo infracciones por parte de los servidores p\u00fablicos que asistieron a la ceremonia al determinar que este asunto que tocar\u00e1 resolverlo al Tribunal Electoral del Poder Judicial de la Federaci\u00f3n (<strong>TEPJF<\/strong>), al igual que el tema de los recursos.<\/p>\n\n\n\n<p><img decoding=\"async\" alt=\"El presidente Andr\u00e9s Manuel L\u00f3pez Obrador entreg\u00f3 el bast\u00f3n de mando a Claudia Sheinbaum en el Centro Hist\u00f3rico.\n(@lopezobrador_)\" height=\"484\" width=\"547\" src=\"https:\/\/www.infobae.com\/new-resizer\/NCG9CDx9dhabkCQZm4PNzE_XgXI=\/arc-anglerfish-arc2-prod-infobae\/public\/CTTECWMZPRDKTG3XDFSMDQDPE4.jpg\" srcset=\"https:\/\/www.infobae.com\/new-resizer\/5dkEVcGgS1bUIYLA6xzKxSCnN0E=\/420x420\/filters:format(webp):quality(85)\/cloudfront-us-east-1.images.arcpublishing.com\/infobae\/CTTECWMZPRDKTG3XDFSMDQDPE4.jpg 420w,https:\/\/www.infobae.com\/new-resizer\/GA88pK_pt2URIPjOXNiQKNr0IQ4=\/768x768\/filters:format(webp):quality(85)\/cloudfront-us-east-1.images.arcpublishing.com\/infobae\/CTTECWMZPRDKTG3XDFSMDQDPE4.jpg 768w,https:\/\/www.infobae.com\/new-resizer\/mmsWx_xaa0VfsG8p-OC1V2HlGBg=\/992x992\/filters:format(webp):quality(85)\/cloudfront-us-east-1.images.arcpublishing.com\/infobae\/CTTECWMZPRDKTG3XDFSMDQDPE4.jpg 992w,https:\/\/www.infobae.com\/new-resizer\/AYITAR6rjg6pZOa6_v1VU0ghdNo=\/1200x1200\/filters:format(webp):quality(85)\/cloudfront-us-east-1.images.arcpublishing.com\/infobae\/CTTECWMZPRDKTG3XDFSMDQDPE4.jpg 1200w,https:\/\/www.infobae.com\/new-resizer\/x_1X8e54NeJAq_8-RRwQkJovY28=\/1440x1440\/filters:format(webp):quality(85)\/cloudfront-us-east-1.images.arcpublishing.com\/infobae\/CTTECWMZPRDKTG3XDFSMDQDPE4.jpg 1440w\">El presidente Andr\u00e9s Manuel L\u00f3pez Obrador entreg\u00f3 el bast\u00f3n de mando a Claudia Sheinbaum en el Centro Hist\u00f3rico. (@lopezobrador_)<\/p>\n\n\n\n<p>Asimismo, tampoco se concedi\u00f3 el ordenar al presidente Andr\u00e9s Manuel L\u00f3pez Obrador, a gobernadores afines a\u00a0<strong>Morena\u00a0<\/strong>y a la exjefa de Gobierno de la Ciudad de M\u00e9xico que no repitan este tipo de actos.<\/p>\n\n\n\n<p>En d\u00edas pasado, Morena tambi\u00e9n tuvo que eliminar dos publicaciones en las que se refer\u00edan a Sheinbaum Pardo con el hashtag de \u201c#Presidenta\u201d.<\/p>\n\n\n\n<p>Fue el pasado 7 de septiembre por la noche cuando el titular del Ejecutivo se reuni\u00f3 con Claudia Sheinbaum y algunos simpatizantes del Movimiento Regeneraci\u00f3n Nacional (Morena) para traspasar el bast\u00f3n de mando que \u00e9l mismo recibi\u00f3 de manos ind\u00edgenas cuando en el 2018 se convirti\u00f3 en el primer presidente de la izquierda en M\u00e9xico.<\/p>\n\n\n\n<p>\u201cAunque entrega el bast\u00f3n de mando, vamos a resguardar siempre su legado\u201d, dijo Sheinbaum a L\u00f3pez Obrador, durante el acto simb\u00f3lico en un restaurante vecino de Palacio Nacional.<\/p>\n\n\n\n<h2 class=\"wp-block-heading\">Tambi\u00e9n fueron contra Sheinbaum y X\u00f3chitl G\u00e1lvez<\/h2>\n\n\n\n<p>La Comisi\u00f3n de Quejas y Denuncias del INE tambi\u00e9n determin\u00f3 que debe ser removida la propaganda colocada en unidades del transporte p\u00fablico en el estado de Guerrero que promov\u00edan a Claudia Sheinbaum para contender por la Presidencia de la Rep\u00fablica.<\/p>\n\n\n\n<p>Tambi\u00e9n se orden\u00f3 la eliminaci\u00f3n de una&nbsp;<strong>pinta&nbsp;<\/strong>realizada en una barda en instalaciones de Sistemas de Aguas de la Ciudad de M\u00e9xico en donde se favorec\u00eda a la virtual candidata a las elecciones presidenciales de 2024.<\/p>\n\n\n\n<p><img decoding=\"async\" alt=\"Pintas en bardas a favor de Claudia Sheinbaum. (Captura de pantalla)\" height=\"498\" width=\"955\" src=\"https:\/\/www.infobae.com\/new-resizer\/pRFNL0r9vBKMxcRj0McmGIQk-HQ=\/arc-anglerfish-arc2-prod-infobae\/public\/JLE7UUKHVBGZHPMOT7AEPIW74A.png\" srcset=\"https:\/\/www.infobae.com\/new-resizer\/9v4bFit8jl3s7OkgPOX8GiQwGKU=\/420x236\/filters:format(webp):quality(85)\/cloudfront-us-east-1.images.arcpublishing.com\/infobae\/JLE7UUKHVBGZHPMOT7AEPIW74A.png 420w,https:\/\/www.infobae.com\/new-resizer\/cihEHnlOp1OjpC0vf-HV5CULXuk=\/768x432\/filters:format(webp):quality(85)\/cloudfront-us-east-1.images.arcpublishing.com\/infobae\/JLE7UUKHVBGZHPMOT7AEPIW74A.png 768w,https:\/\/www.infobae.com\/new-resizer\/lEx9PhLog80K79ZUfkOWKseqa_o=\/992x558\/filters:format(webp):quality(85)\/cloudfront-us-east-1.images.arcpublishing.com\/infobae\/JLE7UUKHVBGZHPMOT7AEPIW74A.png 992w,https:\/\/www.infobae.com\/new-resizer\/ZuR21EmWaFpOwR6R0IPRxLMqi6E=\/1200x675\/filters:format(webp):quality(85)\/cloudfront-us-east-1.images.arcpublishing.com\/infobae\/JLE7UUKHVBGZHPMOT7AEPIW74A.png 1200w,https:\/\/www.infobae.com\/new-resizer\/YEsgteTIqNvkwYugE2thsW2whjE=\/1440x810\/filters:format(webp):quality(85)\/cloudfront-us-east-1.images.arcpublishing.com\/infobae\/JLE7UUKHVBGZHPMOT7AEPIW74A.png 1440w\">Pintas en bardas a favor de Claudia Sheinbaum. (Captura de pantalla)<\/p>\n\n\n\n<p>Asimismo, se pidi\u00f3 a&nbsp;<strong>X\u00f3chitl G\u00e1lvez retirar dos publicaciones<\/strong>&nbsp;realizadas en su red social luego de que se identificara que el material compartido inclu\u00eda propuestas que van en contra de lineamientos establecidos por el Instituto.<\/p>\n\n\n\n<p>Sin embargo, los consejeros no concedieron las medidas a una participaci\u00f3n de X\u00f3chitl G\u00e1lvez en el Congreso de la Uni\u00f3n el la apertura del periodo de sesiones, en donde fij\u00f3 la postura que tendr\u00eda el Partido Acci\u00f3n Nacional (PAN).<\/p>\n\n\n\n<p>Por otro lado, no procedi\u00f3 el retiro de publicaciones alusivas a la presentaci\u00f3n de un libro sobre Ad\u00e1n Augusto L\u00f3pez Hern\u00e1ndez titulado \u201cEl hombre grande<strong>&nbsp;Ad\u00e1n Augusto L\u00f3pez<\/strong>&nbsp;un ensayo escrito con el decir de la gente\u201d; as\u00ed como videos de TikTok realizados por Marcelo Ebrard al ser considerados \u201cactos consumados\u201d.<\/p>\n\n\n\n<p>En otro asunto, luego de que el Partido Revolucionario Institucional (PRI) presentara una denuncia en contra de la gobernadora de Campeche,&nbsp;<strong>Layda Sansores<\/strong>, por la difusi\u00f3n en las redes sociales del programa \u00abMartes del Jaguar\u00bb del 25 de julio en donde aparentemente se promov\u00eda al partido Morena, el \u00f3rgano determin\u00f3 que esta queja era improcedente.<\/p>\n","protected":false},"excerpt":{"rendered":"<p>El pasado 7 de septiembre el presidente L\u00f3pez Obrador entreg\u00f3 el bast\u00f3n de mando a Claudia Sheinbaum en el restaurante \u2018El Mayor\u2019 del Centro Hist\u00f3rico Ciudad de M\u00e9xico.- La Comisi\u00f3n de Quejas y Denuncias del Instituto Nacional Electoral (INE) orden\u00f3 al presidente\u00a0Andr\u00e9s Manuel L\u00f3pez Obrador\u00a0eliminar las publicaciones que hizo en sus redes sociales en donde [&hellip;]<\/p>\n","protected":false},"author":41,"featured_media":59165,"comment_status":"open","ping_status":"open","sticky":false,"template":"","format":"standard","meta":{"tdm_status":"","tdm_grid_status":"","footnotes":""},"categories":[39],"tags":[],"class_list":{"0":"post-59164","1":"post","2":"type-post","3":"status-publish","4":"format-standard","5":"has-post-thumbnail","7":"category-noticias-nacionales"},"yoast_head":"<!-- This site is optimized with the Yoast SEO plugin v27.4 - https:\/\/yoast.com\/product\/yoast-seo-wordpress\/ -->\n<title>INE ordena a AMLO bajar publicaciones de entrega de bast\u00f3n de mando a Sheinbaum - Fuentes Fidedignas<\/title>\n<meta name=\"robots\" content=\"index, follow, max-snippet:-1, max-image-preview:large, max-video-preview:-1\" \/>\n<link rel=\"canonical\" href=\"https:\/\/fuentesfidedignas.com.mx\/index.php\/2023\/09\/15\/ine-ordena-a-amlo-bajar-publicaciones-de-entrega-de-baston-de-mando-a-sheinbaum\/\" \/>\n<meta property=\"og:locale\" content=\"es_MX\" \/>\n<meta property=\"og:type\" content=\"article\" \/>\n<meta property=\"og:title\" content=\"INE ordena a AMLO bajar publicaciones de entrega de bast\u00f3n de mando a Sheinbaum - Fuentes Fidedignas\" \/>\n<meta property=\"og:description\" content=\"El pasado 7 de septiembre el presidente L\u00f3pez Obrador entreg\u00f3 el bast\u00f3n de mando a Claudia Sheinbaum en el restaurante \u2018El Mayor\u2019 del Centro Hist\u00f3rico Ciudad de M\u00e9xico.- La Comisi\u00f3n de Quejas y Denuncias del Instituto Nacional Electoral (INE) orden\u00f3 al presidente\u00a0Andr\u00e9s Manuel L\u00f3pez Obrador\u00a0eliminar las publicaciones que hizo en sus redes sociales en donde [&hellip;]\" \/>\n<meta property=\"og:url\" content=\"https:\/\/fuentesfidedignas.com.mx\/index.php\/2023\/09\/15\/ine-ordena-a-amlo-bajar-publicaciones-de-entrega-de-baston-de-mando-a-sheinbaum\/\" \/>\n<meta property=\"og:site_name\" content=\"Fuentes Fidedignas\" \/>\n<meta property=\"article:publisher\" content=\"https:\/\/www.facebook.com\/Fuentes-Fidedignas-368234489921644\" \/>\n<meta property=\"article:published_time\" content=\"2023-09-15T18:05:58+00:00\" \/>\n<meta property=\"article:modified_time\" content=\"2023-09-15T18:06:00+00:00\" \/>\n<meta property=\"og:image\" content=\"https:\/\/fuentesfidedignas.com.mx\/wp-content\/uploads\/2023\/09\/baston-e1694801153980.jpg\" \/>\n\t<meta property=\"og:image:width\" content=\"600\" \/>\n\t<meta property=\"og:image:height\" content=\"399\" \/>\n\t<meta property=\"og:image:type\" content=\"image\/jpeg\" \/>\n<meta name=\"author\" content=\"Infobae\" \/>\n<meta name=\"twitter:card\" content=\"summary_large_image\" \/>\n<meta name=\"twitter:creator\" content=\"@fidedignas\" \/>\n<meta name=\"twitter:site\" content=\"@fidedignas\" \/>\n<meta name=\"twitter:label1\" content=\"Escrito por\" \/>\n\t<meta name=\"twitter:data1\" content=\"Infobae\" \/>\n\t<meta name=\"twitter:label2\" content=\"Tiempo de lectura\" \/>\n\t<meta name=\"twitter:data2\" content=\"4 minutos\" \/>\n<script type=\"application\/ld+json\" class=\"yoast-schema-graph\">{\"@context\":\"https:\\\/\\\/schema.org\",\"@graph\":[{\"@type\":\"Article\",\"@id\":\"https:\\\/\\\/fuentesfidedignas.com.mx\\\/index.php\\\/2023\\\/09\\\/15\\\/ine-ordena-a-amlo-bajar-publicaciones-de-entrega-de-baston-de-mando-a-sheinbaum\\\/#article\",\"isPartOf\":{\"@id\":\"https:\\\/\\\/fuentesfidedignas.com.mx\\\/index.php\\\/2023\\\/09\\\/15\\\/ine-ordena-a-amlo-bajar-publicaciones-de-entrega-de-baston-de-mando-a-sheinbaum\\\/\"},\"author\":{\"name\":\"Infobae\",\"@id\":\"https:\\\/\\\/fuentesfidedignas.com.mx\\\/#\\\/schema\\\/person\\\/8575896a7c1067d352f6c1cd6582c389\"},\"headline\":\"INE ordena a AMLO bajar publicaciones de entrega de bast\u00f3n de mando a Sheinbaum\",\"datePublished\":\"2023-09-15T18:05:58+00:00\",\"dateModified\":\"2023-09-15T18:06:00+00:00\",\"mainEntityOfPage\":{\"@id\":\"https:\\\/\\\/fuentesfidedignas.com.mx\\\/index.php\\\/2023\\\/09\\\/15\\\/ine-ordena-a-amlo-bajar-publicaciones-de-entrega-de-baston-de-mando-a-sheinbaum\\\/\"},\"wordCount\":762,\"commentCount\":0,\"publisher\":{\"@id\":\"https:\\\/\\\/fuentesfidedignas.com.mx\\\/#organization\"},\"image\":{\"@id\":\"https:\\\/\\\/fuentesfidedignas.com.mx\\\/index.php\\\/2023\\\/09\\\/15\\\/ine-ordena-a-amlo-bajar-publicaciones-de-entrega-de-baston-de-mando-a-sheinbaum\\\/#primaryimage\"},\"thumbnailUrl\":\"https:\\\/\\\/fuentesfidedignas.com.mx\\\/wp-content\\\/uploads\\\/2023\\\/09\\\/baston-e1694801153980.jpg\",\"articleSection\":[\"NOTICIAS NACIONALES\"],\"inLanguage\":\"es\",\"potentialAction\":[{\"@type\":\"CommentAction\",\"name\":\"Comment\",\"target\":[\"https:\\\/\\\/fuentesfidedignas.com.mx\\\/index.php\\\/2023\\\/09\\\/15\\\/ine-ordena-a-amlo-bajar-publicaciones-de-entrega-de-baston-de-mando-a-sheinbaum\\\/#respond\"]}]},{\"@type\":\"WebPage\",\"@id\":\"https:\\\/\\\/fuentesfidedignas.com.mx\\\/index.php\\\/2023\\\/09\\\/15\\\/ine-ordena-a-amlo-bajar-publicaciones-de-entrega-de-baston-de-mando-a-sheinbaum\\\/\",\"url\":\"https:\\\/\\\/fuentesfidedignas.com.mx\\\/index.php\\\/2023\\\/09\\\/15\\\/ine-ordena-a-amlo-bajar-publicaciones-de-entrega-de-baston-de-mando-a-sheinbaum\\\/\",\"name\":\"INE ordena a AMLO bajar publicaciones de entrega de bast\u00f3n de mando a Sheinbaum - Fuentes Fidedignas\",\"isPartOf\":{\"@id\":\"https:\\\/\\\/fuentesfidedignas.com.mx\\\/#website\"},\"primaryImageOfPage\":{\"@id\":\"https:\\\/\\\/fuentesfidedignas.com.mx\\\/index.php\\\/2023\\\/09\\\/15\\\/ine-ordena-a-amlo-bajar-publicaciones-de-entrega-de-baston-de-mando-a-sheinbaum\\\/#primaryimage\"},\"image\":{\"@id\":\"https:\\\/\\\/fuentesfidedignas.com.mx\\\/index.php\\\/2023\\\/09\\\/15\\\/ine-ordena-a-amlo-bajar-publicaciones-de-entrega-de-baston-de-mando-a-sheinbaum\\\/#primaryimage\"},\"thumbnailUrl\":\"https:\\\/\\\/fuentesfidedignas.com.mx\\\/wp-content\\\/uploads\\\/2023\\\/09\\\/baston-e1694801153980.jpg\",\"datePublished\":\"2023-09-15T18:05:58+00:00\",\"dateModified\":\"2023-09-15T18:06:00+00:00\",\"breadcrumb\":{\"@id\":\"https:\\\/\\\/fuentesfidedignas.com.mx\\\/index.php\\\/2023\\\/09\\\/15\\\/ine-ordena-a-amlo-bajar-publicaciones-de-entrega-de-baston-de-mando-a-sheinbaum\\\/#breadcrumb\"},\"inLanguage\":\"es\",\"potentialAction\":[{\"@type\":\"ReadAction\",\"target\":[\"https:\\\/\\\/fuentesfidedignas.com.mx\\\/index.php\\\/2023\\\/09\\\/15\\\/ine-ordena-a-amlo-bajar-publicaciones-de-entrega-de-baston-de-mando-a-sheinbaum\\\/\"]}]},{\"@type\":\"ImageObject\",\"inLanguage\":\"es\",\"@id\":\"https:\\\/\\\/fuentesfidedignas.com.mx\\\/index.php\\\/2023\\\/09\\\/15\\\/ine-ordena-a-amlo-bajar-publicaciones-de-entrega-de-baston-de-mando-a-sheinbaum\\\/#primaryimage\",\"url\":\"https:\\\/\\\/fuentesfidedignas.com.mx\\\/wp-content\\\/uploads\\\/2023\\\/09\\\/baston-e1694801153980.jpg\",\"contentUrl\":\"https:\\\/\\\/fuentesfidedignas.com.mx\\\/wp-content\\\/uploads\\\/2023\\\/09\\\/baston-e1694801153980.jpg\",\"width\":600,\"height\":399},{\"@type\":\"BreadcrumbList\",\"@id\":\"https:\\\/\\\/fuentesfidedignas.com.mx\\\/index.php\\\/2023\\\/09\\\/15\\\/ine-ordena-a-amlo-bajar-publicaciones-de-entrega-de-baston-de-mando-a-sheinbaum\\\/#breadcrumb\",\"itemListElement\":[{\"@type\":\"ListItem\",\"position\":1,\"name\":\"Inicio\",\"item\":\"https:\\\/\\\/fuentesfidedignas.com.mx\\\/\"},{\"@type\":\"ListItem\",\"position\":2,\"name\":\"INE ordena a AMLO bajar publicaciones de entrega de bast\u00f3n de mando a Sheinbaum\"}]},{\"@type\":\"WebSite\",\"@id\":\"https:\\\/\\\/fuentesfidedignas.com.mx\\\/#website\",\"url\":\"https:\\\/\\\/fuentesfidedignas.com.mx\\\/\",\"name\":\"Fuentes Fidedignas\",\"description\":\"Otro sitio realizado con WordPress\",\"publisher\":{\"@id\":\"https:\\\/\\\/fuentesfidedignas.com.mx\\\/#organization\"},\"potentialAction\":[{\"@type\":\"SearchAction\",\"target\":{\"@type\":\"EntryPoint\",\"urlTemplate\":\"https:\\\/\\\/fuentesfidedignas.com.mx\\\/?s={search_term_string}\"},\"query-input\":{\"@type\":\"PropertyValueSpecification\",\"valueRequired\":true,\"valueName\":\"search_term_string\"}}],\"inLanguage\":\"es\"},{\"@type\":\"Organization\",\"@id\":\"https:\\\/\\\/fuentesfidedignas.com.mx\\\/#organization\",\"name\":\"Fuentes Fidedignas\",\"url\":\"https:\\\/\\\/fuentesfidedignas.com.mx\\\/\",\"logo\":{\"@type\":\"ImageObject\",\"inLanguage\":\"es\",\"@id\":\"https:\\\/\\\/fuentesfidedignas.com.mx\\\/#\\\/schema\\\/logo\\\/image\\\/\",\"url\":\"https:\\\/\\\/fuentesfidedignas.com.mx\\\/wp-content\\\/uploads\\\/2021\\\/04\\\/logo-retina.png\",\"contentUrl\":\"https:\\\/\\\/fuentesfidedignas.com.mx\\\/wp-content\\\/uploads\\\/2021\\\/04\\\/logo-retina.png\",\"width\":280,\"height\":51,\"caption\":\"Fuentes Fidedignas\"},\"image\":{\"@id\":\"https:\\\/\\\/fuentesfidedignas.com.mx\\\/#\\\/schema\\\/logo\\\/image\\\/\"},\"sameAs\":[\"https:\\\/\\\/www.facebook.com\\\/Fuentes-Fidedignas-368234489921644\",\"https:\\\/\\\/x.com\\\/fidedignas\"]},{\"@type\":\"Person\",\"@id\":\"https:\\\/\\\/fuentesfidedignas.com.mx\\\/#\\\/schema\\\/person\\\/8575896a7c1067d352f6c1cd6582c389\",\"name\":\"Infobae\",\"image\":{\"@type\":\"ImageObject\",\"inLanguage\":\"es\",\"@id\":\"https:\\\/\\\/secure.gravatar.com\\\/avatar\\\/e4ec95706f8d1670343f6526fdcec45474bab17475a851434a64ca12b5acba1c?s=96&d=mm&r=g\",\"url\":\"https:\\\/\\\/secure.gravatar.com\\\/avatar\\\/e4ec95706f8d1670343f6526fdcec45474bab17475a851434a64ca12b5acba1c?s=96&d=mm&r=g\",\"contentUrl\":\"https:\\\/\\\/secure.gravatar.com\\\/avatar\\\/e4ec95706f8d1670343f6526fdcec45474bab17475a851434a64ca12b5acba1c?s=96&d=mm&r=g\",\"caption\":\"Infobae\"},\"url\":\"https:\\\/\\\/fuentesfidedignas.com.mx\\\/index.php\\\/author\\\/infobae\\\/\"}]}<\/script>\n<!-- \/ Yoast SEO plugin. -->","yoast_head_json":{"title":"INE ordena a AMLO bajar publicaciones de entrega de bast\u00f3n de mando a Sheinbaum - Fuentes Fidedignas","robots":{"index":"index","follow":"follow","max-snippet":"max-snippet:-1","max-image-preview":"max-image-preview:large","max-video-preview":"max-video-preview:-1"},"canonical":"https:\/\/fuentesfidedignas.com.mx\/index.php\/2023\/09\/15\/ine-ordena-a-amlo-bajar-publicaciones-de-entrega-de-baston-de-mando-a-sheinbaum\/","og_locale":"es_MX","og_type":"article","og_title":"INE ordena a AMLO bajar publicaciones de entrega de bast\u00f3n de mando a Sheinbaum - Fuentes Fidedignas","og_description":"El pasado 7 de septiembre el presidente L\u00f3pez Obrador entreg\u00f3 el bast\u00f3n de mando a Claudia Sheinbaum en el restaurante \u2018El Mayor\u2019 del Centro Hist\u00f3rico Ciudad de M\u00e9xico.- La Comisi\u00f3n de Quejas y Denuncias del Instituto Nacional Electoral (INE) orden\u00f3 al presidente\u00a0Andr\u00e9s Manuel L\u00f3pez Obrador\u00a0eliminar las publicaciones que hizo en sus redes sociales en donde [&hellip;]","og_url":"https:\/\/fuentesfidedignas.com.mx\/index.php\/2023\/09\/15\/ine-ordena-a-amlo-bajar-publicaciones-de-entrega-de-baston-de-mando-a-sheinbaum\/","og_site_name":"Fuentes Fidedignas","article_publisher":"https:\/\/www.facebook.com\/Fuentes-Fidedignas-368234489921644","article_published_time":"2023-09-15T18:05:58+00:00","article_modified_time":"2023-09-15T18:06:00+00:00","og_image":[{"width":600,"height":399,"url":"https:\/\/fuentesfidedignas.com.mx\/wp-content\/uploads\/2023\/09\/baston-e1694801153980.jpg","type":"image\/jpeg"}],"author":"Infobae","twitter_card":"summary_large_image","twitter_creator":"@fidedignas","twitter_site":"@fidedignas","twitter_misc":{"Escrito por":"Infobae","Tiempo de lectura":"4 minutos"},"schema":{"@context":"https:\/\/schema.org","@graph":[{"@type":"Article","@id":"https:\/\/fuentesfidedignas.com.mx\/index.php\/2023\/09\/15\/ine-ordena-a-amlo-bajar-publicaciones-de-entrega-de-baston-de-mando-a-sheinbaum\/#article","isPartOf":{"@id":"https:\/\/fuentesfidedignas.com.mx\/index.php\/2023\/09\/15\/ine-ordena-a-amlo-bajar-publicaciones-de-entrega-de-baston-de-mando-a-sheinbaum\/"},"author":{"name":"Infobae","@id":"https:\/\/fuentesfidedignas.com.mx\/#\/schema\/person\/8575896a7c1067d352f6c1cd6582c389"},"headline":"INE ordena a AMLO bajar publicaciones de entrega de bast\u00f3n de mando a Sheinbaum","datePublished":"2023-09-15T18:05:58+00:00","dateModified":"2023-09-15T18:06:00+00:00","mainEntityOfPage":{"@id":"https:\/\/fuentesfidedignas.com.mx\/index.php\/2023\/09\/15\/ine-ordena-a-amlo-bajar-publicaciones-de-entrega-de-baston-de-mando-a-sheinbaum\/"},"wordCount":762,"commentCount":0,"publisher":{"@id":"https:\/\/fuentesfidedignas.com.mx\/#organization"},"image":{"@id":"https:\/\/fuentesfidedignas.com.mx\/index.php\/2023\/09\/15\/ine-ordena-a-amlo-bajar-publicaciones-de-entrega-de-baston-de-mando-a-sheinbaum\/#primaryimage"},"thumbnailUrl":"https:\/\/fuentesfidedignas.com.mx\/wp-content\/uploads\/2023\/09\/baston-e1694801153980.jpg","articleSection":["NOTICIAS NACIONALES"],"inLanguage":"es","potentialAction":[{"@type":"CommentAction","name":"Comment","target":["https:\/\/fuentesfidedignas.com.mx\/index.php\/2023\/09\/15\/ine-ordena-a-amlo-bajar-publicaciones-de-entrega-de-baston-de-mando-a-sheinbaum\/#respond"]}]},{"@type":"WebPage","@id":"https:\/\/fuentesfidedignas.com.mx\/index.php\/2023\/09\/15\/ine-ordena-a-amlo-bajar-publicaciones-de-entrega-de-baston-de-mando-a-sheinbaum\/","url":"https:\/\/fuentesfidedignas.com.mx\/index.php\/2023\/09\/15\/ine-ordena-a-amlo-bajar-publicaciones-de-entrega-de-baston-de-mando-a-sheinbaum\/","name":"INE ordena a AMLO bajar publicaciones de entrega de bast\u00f3n de mando a Sheinbaum - Fuentes Fidedignas","isPartOf":{"@id":"https:\/\/fuentesfidedignas.com.mx\/#website"},"primaryImageOfPage":{"@id":"https:\/\/fuentesfidedignas.com.mx\/index.php\/2023\/09\/15\/ine-ordena-a-amlo-bajar-publicaciones-de-entrega-de-baston-de-mando-a-sheinbaum\/#primaryimage"},"image":{"@id":"https:\/\/fuentesfidedignas.com.mx\/index.php\/2023\/09\/15\/ine-ordena-a-amlo-bajar-publicaciones-de-entrega-de-baston-de-mando-a-sheinbaum\/#primaryimage"},"thumbnailUrl":"https:\/\/fuentesfidedignas.com.mx\/wp-content\/uploads\/2023\/09\/baston-e1694801153980.jpg","datePublished":"2023-09-15T18:05:58+00:00","dateModified":"2023-09-15T18:06:00+00:00","breadcrumb":{"@id":"https:\/\/fuentesfidedignas.com.mx\/index.php\/2023\/09\/15\/ine-ordena-a-amlo-bajar-publicaciones-de-entrega-de-baston-de-mando-a-sheinbaum\/#breadcrumb"},"inLanguage":"es","potentialAction":[{"@type":"ReadAction","target":["https:\/\/fuentesfidedignas.com.mx\/index.php\/2023\/09\/15\/ine-ordena-a-amlo-bajar-publicaciones-de-entrega-de-baston-de-mando-a-sheinbaum\/"]}]},{"@type":"ImageObject","inLanguage":"es","@id":"https:\/\/fuentesfidedignas.com.mx\/index.php\/2023\/09\/15\/ine-ordena-a-amlo-bajar-publicaciones-de-entrega-de-baston-de-mando-a-sheinbaum\/#primaryimage","url":"https:\/\/fuentesfidedignas.com.mx\/wp-content\/uploads\/2023\/09\/baston-e1694801153980.jpg","contentUrl":"https:\/\/fuentesfidedignas.com.mx\/wp-content\/uploads\/2023\/09\/baston-e1694801153980.jpg","width":600,"height":399},{"@type":"BreadcrumbList","@id":"https:\/\/fuentesfidedignas.com.mx\/index.php\/2023\/09\/15\/ine-ordena-a-amlo-bajar-publicaciones-de-entrega-de-baston-de-mando-a-sheinbaum\/#breadcrumb","itemListElement":[{"@type":"ListItem","position":1,"name":"Inicio","item":"https:\/\/fuentesfidedignas.com.mx\/"},{"@type":"ListItem","position":2,"name":"INE ordena a AMLO bajar publicaciones de entrega de bast\u00f3n de mando a Sheinbaum"}]},{"@type":"WebSite","@id":"https:\/\/fuentesfidedignas.com.mx\/#website","url":"https:\/\/fuentesfidedignas.com.mx\/","name":"Fuentes Fidedignas","description":"Otro sitio realizado con WordPress","publisher":{"@id":"https:\/\/fuentesfidedignas.com.mx\/#organization"},"potentialAction":[{"@type":"SearchAction","target":{"@type":"EntryPoint","urlTemplate":"https:\/\/fuentesfidedignas.com.mx\/?s={search_term_string}"},"query-input":{"@type":"PropertyValueSpecification","valueRequired":true,"valueName":"search_term_string"}}],"inLanguage":"es"},{"@type":"Organization","@id":"https:\/\/fuentesfidedignas.com.mx\/#organization","name":"Fuentes Fidedignas","url":"https:\/\/fuentesfidedignas.com.mx\/","logo":{"@type":"ImageObject","inLanguage":"es","@id":"https:\/\/fuentesfidedignas.com.mx\/#\/schema\/logo\/image\/","url":"https:\/\/fuentesfidedignas.com.mx\/wp-content\/uploads\/2021\/04\/logo-retina.png","contentUrl":"https:\/\/fuentesfidedignas.com.mx\/wp-content\/uploads\/2021\/04\/logo-retina.png","width":280,"height":51,"caption":"Fuentes Fidedignas"},"image":{"@id":"https:\/\/fuentesfidedignas.com.mx\/#\/schema\/logo\/image\/"},"sameAs":["https:\/\/www.facebook.com\/Fuentes-Fidedignas-368234489921644","https:\/\/x.com\/fidedignas"]},{"@type":"Person","@id":"https:\/\/fuentesfidedignas.com.mx\/#\/schema\/person\/8575896a7c1067d352f6c1cd6582c389","name":"Infobae","image":{"@type":"ImageObject","inLanguage":"es","@id":"https:\/\/secure.gravatar.com\/avatar\/e4ec95706f8d1670343f6526fdcec45474bab17475a851434a64ca12b5acba1c?s=96&d=mm&r=g","url":"https:\/\/secure.gravatar.com\/avatar\/e4ec95706f8d1670343f6526fdcec45474bab17475a851434a64ca12b5acba1c?s=96&d=mm&r=g","contentUrl":"https:\/\/secure.gravatar.com\/avatar\/e4ec95706f8d1670343f6526fdcec45474bab17475a851434a64ca12b5acba1c?s=96&d=mm&r=g","caption":"Infobae"},"url":"https:\/\/fuentesfidedignas.com.mx\/index.php\/author\/infobae\/"}]}},"_links":{"self":[{"href":"https:\/\/fuentesfidedignas.com.mx\/index.php\/wp-json\/wp\/v2\/posts\/59164","targetHints":{"allow":["GET"]}}],"collection":[{"href":"https:\/\/fuentesfidedignas.com.mx\/index.php\/wp-json\/wp\/v2\/posts"}],"about":[{"href":"https:\/\/fuentesfidedignas.com.mx\/index.php\/wp-json\/wp\/v2\/types\/post"}],"author":[{"embeddable":true,"href":"https:\/\/fuentesfidedignas.com.mx\/index.php\/wp-json\/wp\/v2\/users\/41"}],"replies":[{"embeddable":true,"href":"https:\/\/fuentesfidedignas.com.mx\/index.php\/wp-json\/wp\/v2\/comments?post=59164"}],"version-history":[{"count":1,"href":"https:\/\/fuentesfidedignas.com.mx\/index.php\/wp-json\/wp\/v2\/posts\/59164\/revisions"}],"predecessor-version":[{"id":59166,"href":"https:\/\/fuentesfidedignas.com.mx\/index.php\/wp-json\/wp\/v2\/posts\/59164\/revisions\/59166"}],"wp:featuredmedia":[{"embeddable":true,"href":"https:\/\/fuentesfidedignas.com.mx\/index.php\/wp-json\/wp\/v2\/media\/59165"}],"wp:attachment":[{"href":"https:\/\/fuentesfidedignas.com.mx\/index.php\/wp-json\/wp\/v2\/media?parent=59164"}],"wp:term":[{"taxonomy":"category","embeddable":true,"href":"https:\/\/fuentesfidedignas.com.mx\/index.php\/wp-json\/wp\/v2\/categories?post=59164"},{"taxonomy":"post_tag","embeddable":true,"href":"https:\/\/fuentesfidedignas.com.mx\/index.php\/wp-json\/wp\/v2\/tags?post=59164"}],"curies":[{"name":"wp","href":"https:\/\/api.w.org\/{rel}","templated":true}]}}