{"id":59155,"date":"2023-09-15T07:03:21","date_gmt":"2023-09-15T14:03:21","guid":{"rendered":"https:\/\/fuentesfidedignas.com.mx\/?p=59155"},"modified":"2023-09-15T07:03:50","modified_gmt":"2023-09-15T14:03:50","slug":"murio-fernando-botero-el-artista-colombiano-de-las-voluptuosas-esculturas","status":"publish","type":"post","link":"https:\/\/fuentesfidedignas.com.mx\/index.php\/2023\/09\/15\/murio-fernando-botero-el-artista-colombiano-de-las-voluptuosas-esculturas\/","title":{"rendered":"Muri\u00f3 Fernando Botero, el artista colombiano de las voluptuosas esculturas"},"content":{"rendered":"\n<p><strong><em>El pintor y escultor colombiano Fernando Botero muri\u00f3 este viernes a los 91 a\u00f1os de edad, informaron medios del pa\u00eds<\/em><\/strong><\/p>\n\n\n\n<p>COLOMBIA.- El pintor y escultor colombiano Fernando Botero, el artista colombiano m\u00e1s c\u00e9lebre conocido por sus esculturas de voluptuosas figuras, muri\u00f3 este viernes a los 91 a\u00f1os de edad, informaron medios locales y autoridades.<\/p>\n\n\n\n<p>El artista, nacido el 19 de abril de 1932 en Medell\u00edn, segu\u00eda pintando en su estudio hasta que sufri\u00f3 una neumon\u00eda por la que tuvo que ser ingresado, pero el jueves sali\u00f3 del hospital para recuperarse en casa.<\/p>\n\n\n\n<p>Su hija Lina Botero, en declaraciones a Caracol Radio, explic\u00f3 que falleci\u00f3 en M\u00f3naco esta ma\u00f1ana: \u201cLlevaba cinco d\u00edas bastante delicado de salud porque hab\u00eda desarrollado una neumon\u00eda\u201d.<\/p>\n\n\n\n<p>Muri\u00f3 con 91 a\u00f1os, tuvo una vida extraordinaria y se fue en el momento indicado\u201d, expres\u00f3 su hija, conmocionada, que le record\u00f3 como una persona \u201cque dedic\u00f3 su vida a su pa\u00eds, que fue el tema de su obra art\u00edstica\u201d.<\/p>\n\n\n\n<p>El pintor estudi\u00f3 en Colombia y en la Real Academia de Arte de San Fernando, en Madrid, y empez\u00f3 a exponer en la d\u00e9cada de 1960 en Estados Unidos, con una primera muestra en el Milwaukee Art Center donde comenz\u00f3 a mostrar su caracter\u00edstico estilo figurativo.<\/p>\n\n\n\n<p>Botero deja atr\u00e1s una larga obra art\u00edstica; desde su caracter\u00edstica y peculiar Mona Lisa a las parejas de gruesas formas bailando, pasando por sus esculturas que adornan los rincones del mundo, pero sobre todo su natal Medell\u00edn, a la que ha regalado decenas de obras.<\/p>\n\n\n\n<p>\u201cHa muerto Fernando Botero, el pintor de nuestras tradiciones y defectos, el pintor de nuestras virtudes. El pintor de nuestra violencia y de la paz. De la paloma mil veces desechada y mil veces puesta en su trono\u201d, manifest\u00f3 en redes sociales el presidente colombiano, Gustavo Petro, haciendo alusi\u00f3n a la paloma que se exhibe en la Casa Nari\u00f1o (sede presidencial) y que el artista regal\u00f3 para conmemorar el acuerdo con las FARC de 2016.<\/p>\n\n\n\n<blockquote class=\"twitter-tweet\"><p lang=\"es\" dir=\"ltr\">Ha muerto Fernando Botero, el pintor de nuestras tradiciones y defectos, el pintor de nuestras virtudes. El pintor de nuestra violencia y de la paz.<br><br>De la paloma mil veces desechada y mil veces puesta en su trono<\/p>&mdash; Gustavo Petro (@petrogustavo) <a href=\"https:\/\/twitter.com\/petrogustavo\/status\/1702669042522186184?ref_src=twsrc%5Etfw\">September 15, 2023<\/a><\/blockquote> <script async src=\"https:\/\/platform.twitter.com\/widgets.js\" charset=\"utf-8\"><\/script>\n\n\n\n<p>\u201cLamentamos profundamente la partida de Fernando Botero, uno de los m\u00e1s grandes artistas de Colombia y del mundo. Siempre generoso con su pa\u00eds, un gran amigo, y apasionado constructor de paz. Nuestras m\u00e1s sinceras condolencias a toda su familia\u201d, manifest\u00f3 en redes sociales el expresidente colombiano, Juan Manuel Santos.<\/p>\n\n\n\n<blockquote class=\"twitter-tweet\"><p lang=\"es\" dir=\"ltr\">Lamentamos profundamente la partida de Fernando Botero, uno de los m\u00e1s grandes artistas de Colombia y del mundo. Siempre generoso con su pa\u00eds, un gran amigo, y apasionado constructor de paz. Nuestras m\u00e1s sinceras condolencias a toda su familia.<\/p>&mdash; Juan Manuel Santos (@JuanManSantos) <a href=\"https:\/\/twitter.com\/JuanManSantos\/status\/1702665486633193817?ref_src=twsrc%5Etfw\">September 15, 2023<\/a><\/blockquote> <script async src=\"https:\/\/platform.twitter.com\/widgets.js\" charset=\"utf-8\"><\/script>\n","protected":false},"excerpt":{"rendered":"<p>El pintor y escultor colombiano Fernando Botero muri\u00f3 este viernes a los 91 a\u00f1os de edad, informaron medios del pa\u00eds COLOMBIA.- El pintor y escultor colombiano Fernando Botero, el artista colombiano m\u00e1s c\u00e9lebre conocido por sus esculturas de voluptuosas figuras, muri\u00f3 este viernes a los 91 a\u00f1os de edad, informaron medios locales y autoridades. El [&hellip;]<\/p>\n","protected":false},"author":47,"featured_media":59156,"comment_status":"open","ping_status":"open","sticky":false,"template":"","format":"standard","meta":{"tdm_status":"","tdm_grid_status":"","footnotes":""},"categories":[39],"tags":[],"class_list":{"0":"post-59155","1":"post","2":"type-post","3":"status-publish","4":"format-standard","5":"has-post-thumbnail","7":"category-noticias-nacionales"},"yoast_head":"<!-- This site is optimized with the Yoast SEO plugin v27.5 - https:\/\/yoast.com\/product\/yoast-seo-wordpress\/ -->\n<title>Muri\u00f3 Fernando Botero, el artista colombiano de las voluptuosas esculturas - Fuentes Fidedignas<\/title>\n<meta name=\"robots\" content=\"index, follow, max-snippet:-1, max-image-preview:large, max-video-preview:-1\" \/>\n<link rel=\"canonical\" href=\"https:\/\/fuentesfidedignas.com.mx\/index.php\/2023\/09\/15\/murio-fernando-botero-el-artista-colombiano-de-las-voluptuosas-esculturas\/\" \/>\n<meta property=\"og:locale\" content=\"es_MX\" \/>\n<meta property=\"og:type\" content=\"article\" \/>\n<meta property=\"og:title\" content=\"Muri\u00f3 Fernando Botero, el artista colombiano de las voluptuosas esculturas - Fuentes Fidedignas\" \/>\n<meta property=\"og:description\" content=\"El pintor y escultor colombiano Fernando Botero muri\u00f3 este viernes a los 91 a\u00f1os de edad, informaron medios del pa\u00eds COLOMBIA.- El pintor y escultor colombiano Fernando Botero, el artista colombiano m\u00e1s c\u00e9lebre conocido por sus esculturas de voluptuosas figuras, muri\u00f3 este viernes a los 91 a\u00f1os de edad, informaron medios locales y autoridades. El [&hellip;]\" \/>\n<meta property=\"og:url\" content=\"https:\/\/fuentesfidedignas.com.mx\/index.php\/2023\/09\/15\/murio-fernando-botero-el-artista-colombiano-de-las-voluptuosas-esculturas\/\" \/>\n<meta property=\"og:site_name\" content=\"Fuentes Fidedignas\" \/>\n<meta property=\"article:publisher\" content=\"https:\/\/www.facebook.com\/Fuentes-Fidedignas-368234489921644\" \/>\n<meta property=\"article:published_time\" content=\"2023-09-15T14:03:21+00:00\" \/>\n<meta property=\"article:modified_time\" content=\"2023-09-15T14:03:50+00:00\" \/>\n<meta property=\"og:image\" content=\"https:\/\/fuentesfidedignas.com.mx\/wp-content\/uploads\/2023\/09\/fernando-botero-1.jpg\" \/>\n\t<meta property=\"og:image:width\" content=\"750\" \/>\n\t<meta property=\"og:image:height\" content=\"500\" \/>\n\t<meta property=\"og:image:type\" content=\"image\/jpeg\" \/>\n<meta name=\"author\" content=\"L\u00f3pez D\u00f3riga\" \/>\n<meta name=\"twitter:card\" content=\"summary_large_image\" \/>\n<meta name=\"twitter:creator\" content=\"@fidedignas\" \/>\n<meta name=\"twitter:site\" content=\"@fidedignas\" \/>\n<meta name=\"twitter:label1\" content=\"Escrito por\" \/>\n\t<meta name=\"twitter:data1\" content=\"L\u00f3pez D\u00f3riga\" \/>\n\t<meta name=\"twitter:label2\" content=\"Tiempo de lectura\" \/>\n\t<meta name=\"twitter:data2\" content=\"2 minutos\" \/>\n<script type=\"application\/ld+json\" class=\"yoast-schema-graph\">{\"@context\":\"https:\\\/\\\/schema.org\",\"@graph\":[{\"@type\":\"Article\",\"@id\":\"https:\\\/\\\/fuentesfidedignas.com.mx\\\/index.php\\\/2023\\\/09\\\/15\\\/murio-fernando-botero-el-artista-colombiano-de-las-voluptuosas-esculturas\\\/#article\",\"isPartOf\":{\"@id\":\"https:\\\/\\\/fuentesfidedignas.com.mx\\\/index.php\\\/2023\\\/09\\\/15\\\/murio-fernando-botero-el-artista-colombiano-de-las-voluptuosas-esculturas\\\/\"},\"author\":{\"name\":\"L\u00f3pez D\u00f3riga\",\"@id\":\"https:\\\/\\\/fuentesfidedignas.com.mx\\\/#\\\/schema\\\/person\\\/67d852f0557c8509146a4b9ddebd543a\"},\"headline\":\"Muri\u00f3 Fernando Botero, el artista colombiano de las voluptuosas esculturas\",\"datePublished\":\"2023-09-15T14:03:21+00:00\",\"dateModified\":\"2023-09-15T14:03:50+00:00\",\"mainEntityOfPage\":{\"@id\":\"https:\\\/\\\/fuentesfidedignas.com.mx\\\/index.php\\\/2023\\\/09\\\/15\\\/murio-fernando-botero-el-artista-colombiano-de-las-voluptuosas-esculturas\\\/\"},\"wordCount\":497,\"commentCount\":0,\"publisher\":{\"@id\":\"https:\\\/\\\/fuentesfidedignas.com.mx\\\/#organization\"},\"image\":{\"@id\":\"https:\\\/\\\/fuentesfidedignas.com.mx\\\/index.php\\\/2023\\\/09\\\/15\\\/murio-fernando-botero-el-artista-colombiano-de-las-voluptuosas-esculturas\\\/#primaryimage\"},\"thumbnailUrl\":\"https:\\\/\\\/fuentesfidedignas.com.mx\\\/wp-content\\\/uploads\\\/2023\\\/09\\\/fernando-botero-1.jpg\",\"articleSection\":[\"NOTICIAS NACIONALES\"],\"inLanguage\":\"es\",\"potentialAction\":[{\"@type\":\"CommentAction\",\"name\":\"Comment\",\"target\":[\"https:\\\/\\\/fuentesfidedignas.com.mx\\\/index.php\\\/2023\\\/09\\\/15\\\/murio-fernando-botero-el-artista-colombiano-de-las-voluptuosas-esculturas\\\/#respond\"]}]},{\"@type\":\"WebPage\",\"@id\":\"https:\\\/\\\/fuentesfidedignas.com.mx\\\/index.php\\\/2023\\\/09\\\/15\\\/murio-fernando-botero-el-artista-colombiano-de-las-voluptuosas-esculturas\\\/\",\"url\":\"https:\\\/\\\/fuentesfidedignas.com.mx\\\/index.php\\\/2023\\\/09\\\/15\\\/murio-fernando-botero-el-artista-colombiano-de-las-voluptuosas-esculturas\\\/\",\"name\":\"Muri\u00f3 Fernando Botero, el artista colombiano de las voluptuosas esculturas - Fuentes Fidedignas\",\"isPartOf\":{\"@id\":\"https:\\\/\\\/fuentesfidedignas.com.mx\\\/#website\"},\"primaryImageOfPage\":{\"@id\":\"https:\\\/\\\/fuentesfidedignas.com.mx\\\/index.php\\\/2023\\\/09\\\/15\\\/murio-fernando-botero-el-artista-colombiano-de-las-voluptuosas-esculturas\\\/#primaryimage\"},\"image\":{\"@id\":\"https:\\\/\\\/fuentesfidedignas.com.mx\\\/index.php\\\/2023\\\/09\\\/15\\\/murio-fernando-botero-el-artista-colombiano-de-las-voluptuosas-esculturas\\\/#primaryimage\"},\"thumbnailUrl\":\"https:\\\/\\\/fuentesfidedignas.com.mx\\\/wp-content\\\/uploads\\\/2023\\\/09\\\/fernando-botero-1.jpg\",\"datePublished\":\"2023-09-15T14:03:21+00:00\",\"dateModified\":\"2023-09-15T14:03:50+00:00\",\"breadcrumb\":{\"@id\":\"https:\\\/\\\/fuentesfidedignas.com.mx\\\/index.php\\\/2023\\\/09\\\/15\\\/murio-fernando-botero-el-artista-colombiano-de-las-voluptuosas-esculturas\\\/#breadcrumb\"},\"inLanguage\":\"es\",\"potentialAction\":[{\"@type\":\"ReadAction\",\"target\":[\"https:\\\/\\\/fuentesfidedignas.com.mx\\\/index.php\\\/2023\\\/09\\\/15\\\/murio-fernando-botero-el-artista-colombiano-de-las-voluptuosas-esculturas\\\/\"]}]},{\"@type\":\"ImageObject\",\"inLanguage\":\"es\",\"@id\":\"https:\\\/\\\/fuentesfidedignas.com.mx\\\/index.php\\\/2023\\\/09\\\/15\\\/murio-fernando-botero-el-artista-colombiano-de-las-voluptuosas-esculturas\\\/#primaryimage\",\"url\":\"https:\\\/\\\/fuentesfidedignas.com.mx\\\/wp-content\\\/uploads\\\/2023\\\/09\\\/fernando-botero-1.jpg\",\"contentUrl\":\"https:\\\/\\\/fuentesfidedignas.com.mx\\\/wp-content\\\/uploads\\\/2023\\\/09\\\/fernando-botero-1.jpg\",\"width\":750,\"height\":500},{\"@type\":\"BreadcrumbList\",\"@id\":\"https:\\\/\\\/fuentesfidedignas.com.mx\\\/index.php\\\/2023\\\/09\\\/15\\\/murio-fernando-botero-el-artista-colombiano-de-las-voluptuosas-esculturas\\\/#breadcrumb\",\"itemListElement\":[{\"@type\":\"ListItem\",\"position\":1,\"name\":\"Inicio\",\"item\":\"https:\\\/\\\/fuentesfidedignas.com.mx\\\/\"},{\"@type\":\"ListItem\",\"position\":2,\"name\":\"Muri\u00f3 Fernando Botero, el artista colombiano de las voluptuosas esculturas\"}]},{\"@type\":\"WebSite\",\"@id\":\"https:\\\/\\\/fuentesfidedignas.com.mx\\\/#website\",\"url\":\"https:\\\/\\\/fuentesfidedignas.com.mx\\\/\",\"name\":\"Fuentes Fidedignas\",\"description\":\"Otro sitio realizado con WordPress\",\"publisher\":{\"@id\":\"https:\\\/\\\/fuentesfidedignas.com.mx\\\/#organization\"},\"potentialAction\":[{\"@type\":\"SearchAction\",\"target\":{\"@type\":\"EntryPoint\",\"urlTemplate\":\"https:\\\/\\\/fuentesfidedignas.com.mx\\\/?s={search_term_string}\"},\"query-input\":{\"@type\":\"PropertyValueSpecification\",\"valueRequired\":true,\"valueName\":\"search_term_string\"}}],\"inLanguage\":\"es\"},{\"@type\":\"Organization\",\"@id\":\"https:\\\/\\\/fuentesfidedignas.com.mx\\\/#organization\",\"name\":\"Fuentes Fidedignas\",\"url\":\"https:\\\/\\\/fuentesfidedignas.com.mx\\\/\",\"logo\":{\"@type\":\"ImageObject\",\"inLanguage\":\"es\",\"@id\":\"https:\\\/\\\/fuentesfidedignas.com.mx\\\/#\\\/schema\\\/logo\\\/image\\\/\",\"url\":\"https:\\\/\\\/fuentesfidedignas.com.mx\\\/wp-content\\\/uploads\\\/2021\\\/04\\\/logo-retina.png\",\"contentUrl\":\"https:\\\/\\\/fuentesfidedignas.com.mx\\\/wp-content\\\/uploads\\\/2021\\\/04\\\/logo-retina.png\",\"width\":280,\"height\":51,\"caption\":\"Fuentes Fidedignas\"},\"image\":{\"@id\":\"https:\\\/\\\/fuentesfidedignas.com.mx\\\/#\\\/schema\\\/logo\\\/image\\\/\"},\"sameAs\":[\"https:\\\/\\\/www.facebook.com\\\/Fuentes-Fidedignas-368234489921644\",\"https:\\\/\\\/x.com\\\/fidedignas\"]},{\"@type\":\"Person\",\"@id\":\"https:\\\/\\\/fuentesfidedignas.com.mx\\\/#\\\/schema\\\/person\\\/67d852f0557c8509146a4b9ddebd543a\",\"name\":\"L\u00f3pez D\u00f3riga\",\"image\":{\"@type\":\"ImageObject\",\"inLanguage\":\"es\",\"@id\":\"https:\\\/\\\/secure.gravatar.com\\\/avatar\\\/e525b06574ca18b33cded59dfe5778d6c823b9513154eff47da551b0551bdd1e?s=96&d=mm&r=g\",\"url\":\"https:\\\/\\\/secure.gravatar.com\\\/avatar\\\/e525b06574ca18b33cded59dfe5778d6c823b9513154eff47da551b0551bdd1e?s=96&d=mm&r=g\",\"contentUrl\":\"https:\\\/\\\/secure.gravatar.com\\\/avatar\\\/e525b06574ca18b33cded59dfe5778d6c823b9513154eff47da551b0551bdd1e?s=96&d=mm&r=g\",\"caption\":\"L\u00f3pez D\u00f3riga\"},\"url\":\"https:\\\/\\\/fuentesfidedignas.com.mx\\\/index.php\\\/author\\\/doriga\\\/\"}]}<\/script>\n<!-- \/ Yoast SEO plugin. -->","yoast_head_json":{"title":"Muri\u00f3 Fernando Botero, el artista colombiano de las voluptuosas esculturas - Fuentes Fidedignas","robots":{"index":"index","follow":"follow","max-snippet":"max-snippet:-1","max-image-preview":"max-image-preview:large","max-video-preview":"max-video-preview:-1"},"canonical":"https:\/\/fuentesfidedignas.com.mx\/index.php\/2023\/09\/15\/murio-fernando-botero-el-artista-colombiano-de-las-voluptuosas-esculturas\/","og_locale":"es_MX","og_type":"article","og_title":"Muri\u00f3 Fernando Botero, el artista colombiano de las voluptuosas esculturas - Fuentes Fidedignas","og_description":"El pintor y escultor colombiano Fernando Botero muri\u00f3 este viernes a los 91 a\u00f1os de edad, informaron medios del pa\u00eds COLOMBIA.- El pintor y escultor colombiano Fernando Botero, el artista colombiano m\u00e1s c\u00e9lebre conocido por sus esculturas de voluptuosas figuras, muri\u00f3 este viernes a los 91 a\u00f1os de edad, informaron medios locales y autoridades. El [&hellip;]","og_url":"https:\/\/fuentesfidedignas.com.mx\/index.php\/2023\/09\/15\/murio-fernando-botero-el-artista-colombiano-de-las-voluptuosas-esculturas\/","og_site_name":"Fuentes Fidedignas","article_publisher":"https:\/\/www.facebook.com\/Fuentes-Fidedignas-368234489921644","article_published_time":"2023-09-15T14:03:21+00:00","article_modified_time":"2023-09-15T14:03:50+00:00","og_image":[{"width":750,"height":500,"url":"https:\/\/fuentesfidedignas.com.mx\/wp-content\/uploads\/2023\/09\/fernando-botero-1.jpg","type":"image\/jpeg"}],"author":"L\u00f3pez D\u00f3riga","twitter_card":"summary_large_image","twitter_creator":"@fidedignas","twitter_site":"@fidedignas","twitter_misc":{"Escrito por":"L\u00f3pez D\u00f3riga","Tiempo de lectura":"2 minutos"},"schema":{"@context":"https:\/\/schema.org","@graph":[{"@type":"Article","@id":"https:\/\/fuentesfidedignas.com.mx\/index.php\/2023\/09\/15\/murio-fernando-botero-el-artista-colombiano-de-las-voluptuosas-esculturas\/#article","isPartOf":{"@id":"https:\/\/fuentesfidedignas.com.mx\/index.php\/2023\/09\/15\/murio-fernando-botero-el-artista-colombiano-de-las-voluptuosas-esculturas\/"},"author":{"name":"L\u00f3pez D\u00f3riga","@id":"https:\/\/fuentesfidedignas.com.mx\/#\/schema\/person\/67d852f0557c8509146a4b9ddebd543a"},"headline":"Muri\u00f3 Fernando Botero, el artista colombiano de las voluptuosas esculturas","datePublished":"2023-09-15T14:03:21+00:00","dateModified":"2023-09-15T14:03:50+00:00","mainEntityOfPage":{"@id":"https:\/\/fuentesfidedignas.com.mx\/index.php\/2023\/09\/15\/murio-fernando-botero-el-artista-colombiano-de-las-voluptuosas-esculturas\/"},"wordCount":497,"commentCount":0,"publisher":{"@id":"https:\/\/fuentesfidedignas.com.mx\/#organization"},"image":{"@id":"https:\/\/fuentesfidedignas.com.mx\/index.php\/2023\/09\/15\/murio-fernando-botero-el-artista-colombiano-de-las-voluptuosas-esculturas\/#primaryimage"},"thumbnailUrl":"https:\/\/fuentesfidedignas.com.mx\/wp-content\/uploads\/2023\/09\/fernando-botero-1.jpg","articleSection":["NOTICIAS NACIONALES"],"inLanguage":"es","potentialAction":[{"@type":"CommentAction","name":"Comment","target":["https:\/\/fuentesfidedignas.com.mx\/index.php\/2023\/09\/15\/murio-fernando-botero-el-artista-colombiano-de-las-voluptuosas-esculturas\/#respond"]}]},{"@type":"WebPage","@id":"https:\/\/fuentesfidedignas.com.mx\/index.php\/2023\/09\/15\/murio-fernando-botero-el-artista-colombiano-de-las-voluptuosas-esculturas\/","url":"https:\/\/fuentesfidedignas.com.mx\/index.php\/2023\/09\/15\/murio-fernando-botero-el-artista-colombiano-de-las-voluptuosas-esculturas\/","name":"Muri\u00f3 Fernando Botero, el artista colombiano de las voluptuosas esculturas - Fuentes Fidedignas","isPartOf":{"@id":"https:\/\/fuentesfidedignas.com.mx\/#website"},"primaryImageOfPage":{"@id":"https:\/\/fuentesfidedignas.com.mx\/index.php\/2023\/09\/15\/murio-fernando-botero-el-artista-colombiano-de-las-voluptuosas-esculturas\/#primaryimage"},"image":{"@id":"https:\/\/fuentesfidedignas.com.mx\/index.php\/2023\/09\/15\/murio-fernando-botero-el-artista-colombiano-de-las-voluptuosas-esculturas\/#primaryimage"},"thumbnailUrl":"https:\/\/fuentesfidedignas.com.mx\/wp-content\/uploads\/2023\/09\/fernando-botero-1.jpg","datePublished":"2023-09-15T14:03:21+00:00","dateModified":"2023-09-15T14:03:50+00:00","breadcrumb":{"@id":"https:\/\/fuentesfidedignas.com.mx\/index.php\/2023\/09\/15\/murio-fernando-botero-el-artista-colombiano-de-las-voluptuosas-esculturas\/#breadcrumb"},"inLanguage":"es","potentialAction":[{"@type":"ReadAction","target":["https:\/\/fuentesfidedignas.com.mx\/index.php\/2023\/09\/15\/murio-fernando-botero-el-artista-colombiano-de-las-voluptuosas-esculturas\/"]}]},{"@type":"ImageObject","inLanguage":"es","@id":"https:\/\/fuentesfidedignas.com.mx\/index.php\/2023\/09\/15\/murio-fernando-botero-el-artista-colombiano-de-las-voluptuosas-esculturas\/#primaryimage","url":"https:\/\/fuentesfidedignas.com.mx\/wp-content\/uploads\/2023\/09\/fernando-botero-1.jpg","contentUrl":"https:\/\/fuentesfidedignas.com.mx\/wp-content\/uploads\/2023\/09\/fernando-botero-1.jpg","width":750,"height":500},{"@type":"BreadcrumbList","@id":"https:\/\/fuentesfidedignas.com.mx\/index.php\/2023\/09\/15\/murio-fernando-botero-el-artista-colombiano-de-las-voluptuosas-esculturas\/#breadcrumb","itemListElement":[{"@type":"ListItem","position":1,"name":"Inicio","item":"https:\/\/fuentesfidedignas.com.mx\/"},{"@type":"ListItem","position":2,"name":"Muri\u00f3 Fernando Botero, el artista colombiano de las voluptuosas esculturas"}]},{"@type":"WebSite","@id":"https:\/\/fuentesfidedignas.com.mx\/#website","url":"https:\/\/fuentesfidedignas.com.mx\/","name":"Fuentes Fidedignas","description":"Otro sitio realizado con WordPress","publisher":{"@id":"https:\/\/fuentesfidedignas.com.mx\/#organization"},"potentialAction":[{"@type":"SearchAction","target":{"@type":"EntryPoint","urlTemplate":"https:\/\/fuentesfidedignas.com.mx\/?s={search_term_string}"},"query-input":{"@type":"PropertyValueSpecification","valueRequired":true,"valueName":"search_term_string"}}],"inLanguage":"es"},{"@type":"Organization","@id":"https:\/\/fuentesfidedignas.com.mx\/#organization","name":"Fuentes Fidedignas","url":"https:\/\/fuentesfidedignas.com.mx\/","logo":{"@type":"ImageObject","inLanguage":"es","@id":"https:\/\/fuentesfidedignas.com.mx\/#\/schema\/logo\/image\/","url":"https:\/\/fuentesfidedignas.com.mx\/wp-content\/uploads\/2021\/04\/logo-retina.png","contentUrl":"https:\/\/fuentesfidedignas.com.mx\/wp-content\/uploads\/2021\/04\/logo-retina.png","width":280,"height":51,"caption":"Fuentes Fidedignas"},"image":{"@id":"https:\/\/fuentesfidedignas.com.mx\/#\/schema\/logo\/image\/"},"sameAs":["https:\/\/www.facebook.com\/Fuentes-Fidedignas-368234489921644","https:\/\/x.com\/fidedignas"]},{"@type":"Person","@id":"https:\/\/fuentesfidedignas.com.mx\/#\/schema\/person\/67d852f0557c8509146a4b9ddebd543a","name":"L\u00f3pez D\u00f3riga","image":{"@type":"ImageObject","inLanguage":"es","@id":"https:\/\/secure.gravatar.com\/avatar\/e525b06574ca18b33cded59dfe5778d6c823b9513154eff47da551b0551bdd1e?s=96&d=mm&r=g","url":"https:\/\/secure.gravatar.com\/avatar\/e525b06574ca18b33cded59dfe5778d6c823b9513154eff47da551b0551bdd1e?s=96&d=mm&r=g","contentUrl":"https:\/\/secure.gravatar.com\/avatar\/e525b06574ca18b33cded59dfe5778d6c823b9513154eff47da551b0551bdd1e?s=96&d=mm&r=g","caption":"L\u00f3pez D\u00f3riga"},"url":"https:\/\/fuentesfidedignas.com.mx\/index.php\/author\/doriga\/"}]}},"_links":{"self":[{"href":"https:\/\/fuentesfidedignas.com.mx\/index.php\/wp-json\/wp\/v2\/posts\/59155","targetHints":{"allow":["GET"]}}],"collection":[{"href":"https:\/\/fuentesfidedignas.com.mx\/index.php\/wp-json\/wp\/v2\/posts"}],"about":[{"href":"https:\/\/fuentesfidedignas.com.mx\/index.php\/wp-json\/wp\/v2\/types\/post"}],"author":[{"embeddable":true,"href":"https:\/\/fuentesfidedignas.com.mx\/index.php\/wp-json\/wp\/v2\/users\/47"}],"replies":[{"embeddable":true,"href":"https:\/\/fuentesfidedignas.com.mx\/index.php\/wp-json\/wp\/v2\/comments?post=59155"}],"version-history":[{"count":1,"href":"https:\/\/fuentesfidedignas.com.mx\/index.php\/wp-json\/wp\/v2\/posts\/59155\/revisions"}],"predecessor-version":[{"id":59157,"href":"https:\/\/fuentesfidedignas.com.mx\/index.php\/wp-json\/wp\/v2\/posts\/59155\/revisions\/59157"}],"wp:featuredmedia":[{"embeddable":true,"href":"https:\/\/fuentesfidedignas.com.mx\/index.php\/wp-json\/wp\/v2\/media\/59156"}],"wp:attachment":[{"href":"https:\/\/fuentesfidedignas.com.mx\/index.php\/wp-json\/wp\/v2\/media?parent=59155"}],"wp:term":[{"taxonomy":"category","embeddable":true,"href":"https:\/\/fuentesfidedignas.com.mx\/index.php\/wp-json\/wp\/v2\/categories?post=59155"},{"taxonomy":"post_tag","embeddable":true,"href":"https:\/\/fuentesfidedignas.com.mx\/index.php\/wp-json\/wp\/v2\/tags?post=59155"}],"curies":[{"name":"wp","href":"https:\/\/api.w.org\/{rel}","templated":true}]}}