{"id":59072,"date":"2023-09-14T12:41:56","date_gmt":"2023-09-14T19:41:56","guid":{"rendered":"https:\/\/fuentesfidedignas.com.mx\/?p=59072"},"modified":"2023-09-14T12:42:55","modified_gmt":"2023-09-14T19:42:55","slug":"el-fuerte-realiza-acto-civico-por-el-210-aniversario-de-la-declaracion-de-los-sentimientos-de-la-nacion","status":"publish","type":"post","link":"https:\/\/fuentesfidedignas.com.mx\/index.php\/2023\/09\/14\/el-fuerte-realiza-acto-civico-por-el-210-aniversario-de-la-declaracion-de-los-sentimientos-de-la-nacion\/","title":{"rendered":"El Fuerte realiza acto c\u00edvico por el 210 Aniversario de la Declaraci\u00f3n de Los Sentimientos de La Naci\u00f3n"},"content":{"rendered":"\n<p><strong><em>El Jard\u00edn de Ni\u00f1os Genaro Estrada prepar\u00f3 un acto c\u00edvico para conmemorar esta importante fecha<\/em><\/strong><\/p>\n\n\n\n<p>El Fuerte, Sin.- El Alcalde Gildardo Leyva Ortega acudi\u00f3 al emotivo homenaje en honor al 210 Aniversario la Declaraci\u00f3n de Los Sentimientos de La Naci\u00f3n, en el cual participaron ni\u00f1as y ni\u00f1os del Jard\u00edn de Ni\u00f1os Genaro Estrada, como muestra de la importancia de inculcar los valores patrios desde la educaci\u00f3n inicial.<\/p>\n\n\n\n<figure class=\"wp-block-gallery has-nested-images columns-default is-cropped wp-block-gallery-1 is-layout-flex wp-block-gallery-is-layout-flex\">\n<figure class=\"wp-block-image size-large\"><img decoding=\"async\" width=\"1024\" height=\"682\" data-id=\"59073\" src=\"https:\/\/fuentesfidedignas.com.mx\/wp-content\/uploads\/2023\/09\/1000127333-1024x682.jpg\" alt=\"\" class=\"wp-image-59073\" srcset=\"https:\/\/fuentesfidedignas.com.mx\/wp-content\/uploads\/2023\/09\/1000127333-1024x682.jpg 1024w, https:\/\/fuentesfidedignas.com.mx\/wp-content\/uploads\/2023\/09\/1000127333-300x200.jpg 300w, https:\/\/fuentesfidedignas.com.mx\/wp-content\/uploads\/2023\/09\/1000127333-768x512.jpg 768w, https:\/\/fuentesfidedignas.com.mx\/wp-content\/uploads\/2023\/09\/1000127333-1536x1023.jpg 1536w, https:\/\/fuentesfidedignas.com.mx\/wp-content\/uploads\/2023\/09\/1000127333.jpg 1600w\" sizes=\"(max-width: 1024px) 100vw, 1024px\" \/><\/figure>\n\n\n\n<figure class=\"wp-block-image size-large\"><img decoding=\"async\" width=\"1024\" height=\"682\" data-id=\"59074\" src=\"https:\/\/fuentesfidedignas.com.mx\/wp-content\/uploads\/2023\/09\/1000127334-1024x682.jpg\" alt=\"\" class=\"wp-image-59074\" srcset=\"https:\/\/fuentesfidedignas.com.mx\/wp-content\/uploads\/2023\/09\/1000127334-1024x682.jpg 1024w, https:\/\/fuentesfidedignas.com.mx\/wp-content\/uploads\/2023\/09\/1000127334-300x200.jpg 300w, https:\/\/fuentesfidedignas.com.mx\/wp-content\/uploads\/2023\/09\/1000127334-768x512.jpg 768w, https:\/\/fuentesfidedignas.com.mx\/wp-content\/uploads\/2023\/09\/1000127334-1536x1023.jpg 1536w, https:\/\/fuentesfidedignas.com.mx\/wp-content\/uploads\/2023\/09\/1000127334.jpg 1600w\" sizes=\"(max-width: 1024px) 100vw, 1024px\" \/><\/figure>\n\n\n\n<figure class=\"wp-block-image size-large\"><img decoding=\"async\" width=\"1024\" height=\"682\" data-id=\"59075\" src=\"https:\/\/fuentesfidedignas.com.mx\/wp-content\/uploads\/2023\/09\/1000127335-1024x682.jpg\" alt=\"\" class=\"wp-image-59075\" srcset=\"https:\/\/fuentesfidedignas.com.mx\/wp-content\/uploads\/2023\/09\/1000127335-1024x682.jpg 1024w, https:\/\/fuentesfidedignas.com.mx\/wp-content\/uploads\/2023\/09\/1000127335-300x200.jpg 300w, https:\/\/fuentesfidedignas.com.mx\/wp-content\/uploads\/2023\/09\/1000127335-768x512.jpg 768w, https:\/\/fuentesfidedignas.com.mx\/wp-content\/uploads\/2023\/09\/1000127335-1536x1023.jpg 1536w, https:\/\/fuentesfidedignas.com.mx\/wp-content\/uploads\/2023\/09\/1000127335.jpg 1600w\" sizes=\"(max-width: 1024px) 100vw, 1024px\" \/><\/figure>\n<\/figure>\n\n\n\n<p>El discurso oficial del evento estuvo a cargo de la Directora de Educaci\u00f3n y Cultura, Miriam Sara\u00ed Hern\u00e1ndez Cota, quien expres\u00f3 los aspectos m\u00e1s importantes de esta declaraci\u00f3n, que marco un precedente a la formaci\u00f3n de la actual Constituci\u00f3n Pol\u00edtica de nuestro pa\u00eds, en el discurso promulgado en el Congreso de An\u00e1huac, el 14 de septiembre de 1813, por Jos\u00e9 Mar\u00eda Morelos y Pav\u00f3n.<\/p>\n\n\n\n<p>\u201c<strong>Fueron hombres valientes los que se animaron a luchar por m\u00e1s de 11 a\u00f1os, por un bien com\u00fan. La primera transformaci\u00f3n se dio con la independencia de M\u00e9xico, hoy estamos en la cuarta transformaci\u00f3n. Hoy gozamos de privilegios pero los tenemos que seguir defendiendo y tenemos que ir por mas, por eso nuestro presidente lucha por los programas sociales<\/strong>\u201d, manifest\u00f3.<\/p>\n\n\n\n<figure class=\"wp-block-gallery has-nested-images columns-default is-cropped wp-block-gallery-2 is-layout-flex wp-block-gallery-is-layout-flex\">\n<figure class=\"wp-block-image size-large\"><img decoding=\"async\" width=\"1024\" height=\"682\" data-id=\"59076\" src=\"https:\/\/fuentesfidedignas.com.mx\/wp-content\/uploads\/2023\/09\/1000127339-1024x682.jpg\" alt=\"\" class=\"wp-image-59076\" srcset=\"https:\/\/fuentesfidedignas.com.mx\/wp-content\/uploads\/2023\/09\/1000127339-1024x682.jpg 1024w, https:\/\/fuentesfidedignas.com.mx\/wp-content\/uploads\/2023\/09\/1000127339-300x200.jpg 300w, https:\/\/fuentesfidedignas.com.mx\/wp-content\/uploads\/2023\/09\/1000127339-768x512.jpg 768w, https:\/\/fuentesfidedignas.com.mx\/wp-content\/uploads\/2023\/09\/1000127339-1536x1023.jpg 1536w, https:\/\/fuentesfidedignas.com.mx\/wp-content\/uploads\/2023\/09\/1000127339.jpg 1600w\" sizes=\"(max-width: 1024px) 100vw, 1024px\" \/><\/figure>\n<\/figure>\n\n\n\n<p>En este evento se cont\u00f3 con las participaciones art\u00edsticas de los peque\u00f1os alumnos, con cuadros de danza y canto. De igual forma estuvieron presentes autoridades municipales y educativas del municipio. Sin duda estas festividades permiten conmemorar con orgullo y honor este mes patrio, reviviendo las haza\u00f1as m\u00e1s significativas de la historia y lucha del pa\u00eds, que inspiran a continuar en la b\u00fasqueda del bienestar social de las y los mexicanos.<\/p>\n\n\n\n<figure class=\"wp-block-gallery has-nested-images columns-default is-cropped wp-block-gallery-3 is-layout-flex wp-block-gallery-is-layout-flex\">\n<figure class=\"wp-block-image size-large\"><img decoding=\"async\" width=\"1024\" height=\"682\" data-id=\"59077\" src=\"https:\/\/fuentesfidedignas.com.mx\/wp-content\/uploads\/2023\/09\/1000127329-1024x682.jpg\" alt=\"\" class=\"wp-image-59077\" srcset=\"https:\/\/fuentesfidedignas.com.mx\/wp-content\/uploads\/2023\/09\/1000127329-1024x682.jpg 1024w, https:\/\/fuentesfidedignas.com.mx\/wp-content\/uploads\/2023\/09\/1000127329-300x200.jpg 300w, https:\/\/fuentesfidedignas.com.mx\/wp-content\/uploads\/2023\/09\/1000127329-768x512.jpg 768w, https:\/\/fuentesfidedignas.com.mx\/wp-content\/uploads\/2023\/09\/1000127329-1536x1023.jpg 1536w, https:\/\/fuentesfidedignas.com.mx\/wp-content\/uploads\/2023\/09\/1000127329.jpg 1600w\" sizes=\"(max-width: 1024px) 100vw, 1024px\" \/><\/figure>\n\n\n\n<figure class=\"wp-block-image size-large\"><img decoding=\"async\" width=\"1024\" height=\"682\" data-id=\"59079\" src=\"https:\/\/fuentesfidedignas.com.mx\/wp-content\/uploads\/2023\/09\/1000127336-1024x682.jpg\" alt=\"\" class=\"wp-image-59079\" srcset=\"https:\/\/fuentesfidedignas.com.mx\/wp-content\/uploads\/2023\/09\/1000127336-1024x682.jpg 1024w, https:\/\/fuentesfidedignas.com.mx\/wp-content\/uploads\/2023\/09\/1000127336-300x200.jpg 300w, https:\/\/fuentesfidedignas.com.mx\/wp-content\/uploads\/2023\/09\/1000127336-768x512.jpg 768w, https:\/\/fuentesfidedignas.com.mx\/wp-content\/uploads\/2023\/09\/1000127336-1536x1023.jpg 1536w, https:\/\/fuentesfidedignas.com.mx\/wp-content\/uploads\/2023\/09\/1000127336.jpg 1600w\" sizes=\"(max-width: 1024px) 100vw, 1024px\" \/><\/figure>\n\n\n\n<figure class=\"wp-block-image size-large\"><img decoding=\"async\" width=\"1024\" height=\"682\" data-id=\"59078\" src=\"https:\/\/fuentesfidedignas.com.mx\/wp-content\/uploads\/2023\/09\/1000127332-1024x682.jpg\" alt=\"\" class=\"wp-image-59078\" srcset=\"https:\/\/fuentesfidedignas.com.mx\/wp-content\/uploads\/2023\/09\/1000127332-1024x682.jpg 1024w, https:\/\/fuentesfidedignas.com.mx\/wp-content\/uploads\/2023\/09\/1000127332-300x200.jpg 300w, https:\/\/fuentesfidedignas.com.mx\/wp-content\/uploads\/2023\/09\/1000127332-768x512.jpg 768w, https:\/\/fuentesfidedignas.com.mx\/wp-content\/uploads\/2023\/09\/1000127332-1536x1023.jpg 1536w, https:\/\/fuentesfidedignas.com.mx\/wp-content\/uploads\/2023\/09\/1000127332.jpg 1600w\" sizes=\"(max-width: 1024px) 100vw, 1024px\" \/><\/figure>\n<\/figure>\n","protected":false},"excerpt":{"rendered":"<p>El Jard\u00edn de Ni\u00f1os Genaro Estrada prepar\u00f3 un acto c\u00edvico para conmemorar esta importante fecha El Fuerte, Sin.- El Alcalde Gildardo Leyva Ortega acudi\u00f3 al emotivo homenaje en honor al 210 Aniversario la Declaraci\u00f3n de Los Sentimientos de La Naci\u00f3n, en el cual participaron ni\u00f1as y ni\u00f1os del Jard\u00edn de Ni\u00f1os Genaro Estrada, como muestra [&hellip;]<\/p>\n","protected":false},"author":4,"featured_media":59081,"comment_status":"open","ping_status":"open","sticky":false,"template":"","format":"standard","meta":{"tdm_status":"","tdm_grid_status":"","footnotes":""},"categories":[1],"tags":[],"class_list":{"0":"post-59072","1":"post","2":"type-post","3":"status-publish","4":"format-standard","5":"has-post-thumbnail","7":"category-sin-categoria"},"yoast_head":"<!-- This site is optimized with the Yoast SEO plugin v27.5 - https:\/\/yoast.com\/product\/yoast-seo-wordpress\/ -->\n<title>El Fuerte realiza acto c\u00edvico por el 210 Aniversario de la Declaraci\u00f3n de Los Sentimientos de La Naci\u00f3n - Fuentes Fidedignas<\/title>\n<meta name=\"robots\" content=\"index, follow, max-snippet:-1, max-image-preview:large, max-video-preview:-1\" \/>\n<link rel=\"canonical\" href=\"https:\/\/fuentesfidedignas.com.mx\/index.php\/2023\/09\/14\/el-fuerte-realiza-acto-civico-por-el-210-aniversario-de-la-declaracion-de-los-sentimientos-de-la-nacion\/\" \/>\n<meta property=\"og:locale\" content=\"es_MX\" \/>\n<meta property=\"og:type\" content=\"article\" \/>\n<meta property=\"og:title\" content=\"El Fuerte realiza acto c\u00edvico por el 210 Aniversario de la Declaraci\u00f3n de Los Sentimientos de La Naci\u00f3n - Fuentes Fidedignas\" \/>\n<meta property=\"og:description\" content=\"El Jard\u00edn de Ni\u00f1os Genaro Estrada prepar\u00f3 un acto c\u00edvico para conmemorar esta importante fecha El Fuerte, Sin.- El Alcalde Gildardo Leyva Ortega acudi\u00f3 al emotivo homenaje en honor al 210 Aniversario la Declaraci\u00f3n de Los Sentimientos de La Naci\u00f3n, en el cual participaron ni\u00f1as y ni\u00f1os del Jard\u00edn de Ni\u00f1os Genaro Estrada, como muestra [&hellip;]\" \/>\n<meta property=\"og:url\" content=\"https:\/\/fuentesfidedignas.com.mx\/index.php\/2023\/09\/14\/el-fuerte-realiza-acto-civico-por-el-210-aniversario-de-la-declaracion-de-los-sentimientos-de-la-nacion\/\" \/>\n<meta property=\"og:site_name\" content=\"Fuentes Fidedignas\" \/>\n<meta property=\"article:publisher\" content=\"https:\/\/www.facebook.com\/Fuentes-Fidedignas-368234489921644\" \/>\n<meta property=\"article:published_time\" content=\"2023-09-14T19:41:56+00:00\" \/>\n<meta property=\"article:modified_time\" content=\"2023-09-14T19:42:55+00:00\" \/>\n<meta property=\"og:image\" content=\"https:\/\/fuentesfidedignas.com.mx\/wp-content\/uploads\/2023\/09\/IMG-20230914-WA0049.jpg\" \/>\n\t<meta property=\"og:image:width\" content=\"1600\" \/>\n\t<meta property=\"og:image:height\" content=\"1066\" \/>\n\t<meta property=\"og:image:type\" content=\"image\/jpeg\" \/>\n<meta name=\"author\" content=\"Redacci\u00f3n\" \/>\n<meta name=\"twitter:card\" content=\"summary_large_image\" \/>\n<meta name=\"twitter:creator\" content=\"@fidedignas\" \/>\n<meta name=\"twitter:site\" content=\"@fidedignas\" \/>\n<meta name=\"twitter:label1\" content=\"Escrito por\" \/>\n\t<meta name=\"twitter:data1\" content=\"Redacci\u00f3n\" \/>\n<script type=\"application\/ld+json\" class=\"yoast-schema-graph\">{\"@context\":\"https:\\\/\\\/schema.org\",\"@graph\":[{\"@type\":\"Article\",\"@id\":\"https:\\\/\\\/fuentesfidedignas.com.mx\\\/index.php\\\/2023\\\/09\\\/14\\\/el-fuerte-realiza-acto-civico-por-el-210-aniversario-de-la-declaracion-de-los-sentimientos-de-la-nacion\\\/#article\",\"isPartOf\":{\"@id\":\"https:\\\/\\\/fuentesfidedignas.com.mx\\\/index.php\\\/2023\\\/09\\\/14\\\/el-fuerte-realiza-acto-civico-por-el-210-aniversario-de-la-declaracion-de-los-sentimientos-de-la-nacion\\\/\"},\"author\":{\"name\":\"Redacci\u00f3n\",\"@id\":\"https:\\\/\\\/fuentesfidedignas.com.mx\\\/#\\\/schema\\\/person\\\/331be9283d37198e2acd5750279085b0\"},\"headline\":\"El Fuerte realiza acto c\u00edvico por el 210 Aniversario de la Declaraci\u00f3n de Los Sentimientos de La Naci\u00f3n\",\"datePublished\":\"2023-09-14T19:41:56+00:00\",\"dateModified\":\"2023-09-14T19:42:55+00:00\",\"mainEntityOfPage\":{\"@id\":\"https:\\\/\\\/fuentesfidedignas.com.mx\\\/index.php\\\/2023\\\/09\\\/14\\\/el-fuerte-realiza-acto-civico-por-el-210-aniversario-de-la-declaracion-de-los-sentimientos-de-la-nacion\\\/\"},\"wordCount\":311,\"commentCount\":0,\"publisher\":{\"@id\":\"https:\\\/\\\/fuentesfidedignas.com.mx\\\/#organization\"},\"image\":{\"@id\":\"https:\\\/\\\/fuentesfidedignas.com.mx\\\/index.php\\\/2023\\\/09\\\/14\\\/el-fuerte-realiza-acto-civico-por-el-210-aniversario-de-la-declaracion-de-los-sentimientos-de-la-nacion\\\/#primaryimage\"},\"thumbnailUrl\":\"https:\\\/\\\/fuentesfidedignas.com.mx\\\/wp-content\\\/uploads\\\/2023\\\/09\\\/IMG-20230914-WA0049.jpg\",\"inLanguage\":\"es\",\"potentialAction\":[{\"@type\":\"CommentAction\",\"name\":\"Comment\",\"target\":[\"https:\\\/\\\/fuentesfidedignas.com.mx\\\/index.php\\\/2023\\\/09\\\/14\\\/el-fuerte-realiza-acto-civico-por-el-210-aniversario-de-la-declaracion-de-los-sentimientos-de-la-nacion\\\/#respond\"]}]},{\"@type\":\"WebPage\",\"@id\":\"https:\\\/\\\/fuentesfidedignas.com.mx\\\/index.php\\\/2023\\\/09\\\/14\\\/el-fuerte-realiza-acto-civico-por-el-210-aniversario-de-la-declaracion-de-los-sentimientos-de-la-nacion\\\/\",\"url\":\"https:\\\/\\\/fuentesfidedignas.com.mx\\\/index.php\\\/2023\\\/09\\\/14\\\/el-fuerte-realiza-acto-civico-por-el-210-aniversario-de-la-declaracion-de-los-sentimientos-de-la-nacion\\\/\",\"name\":\"El Fuerte realiza acto c\u00edvico por el 210 Aniversario de la Declaraci\u00f3n de Los Sentimientos de La Naci\u00f3n - Fuentes Fidedignas\",\"isPartOf\":{\"@id\":\"https:\\\/\\\/fuentesfidedignas.com.mx\\\/#website\"},\"primaryImageOfPage\":{\"@id\":\"https:\\\/\\\/fuentesfidedignas.com.mx\\\/index.php\\\/2023\\\/09\\\/14\\\/el-fuerte-realiza-acto-civico-por-el-210-aniversario-de-la-declaracion-de-los-sentimientos-de-la-nacion\\\/#primaryimage\"},\"image\":{\"@id\":\"https:\\\/\\\/fuentesfidedignas.com.mx\\\/index.php\\\/2023\\\/09\\\/14\\\/el-fuerte-realiza-acto-civico-por-el-210-aniversario-de-la-declaracion-de-los-sentimientos-de-la-nacion\\\/#primaryimage\"},\"thumbnailUrl\":\"https:\\\/\\\/fuentesfidedignas.com.mx\\\/wp-content\\\/uploads\\\/2023\\\/09\\\/IMG-20230914-WA0049.jpg\",\"datePublished\":\"2023-09-14T19:41:56+00:00\",\"dateModified\":\"2023-09-14T19:42:55+00:00\",\"breadcrumb\":{\"@id\":\"https:\\\/\\\/fuentesfidedignas.com.mx\\\/index.php\\\/2023\\\/09\\\/14\\\/el-fuerte-realiza-acto-civico-por-el-210-aniversario-de-la-declaracion-de-los-sentimientos-de-la-nacion\\\/#breadcrumb\"},\"inLanguage\":\"es\",\"potentialAction\":[{\"@type\":\"ReadAction\",\"target\":[\"https:\\\/\\\/fuentesfidedignas.com.mx\\\/index.php\\\/2023\\\/09\\\/14\\\/el-fuerte-realiza-acto-civico-por-el-210-aniversario-de-la-declaracion-de-los-sentimientos-de-la-nacion\\\/\"]}]},{\"@type\":\"ImageObject\",\"inLanguage\":\"es\",\"@id\":\"https:\\\/\\\/fuentesfidedignas.com.mx\\\/index.php\\\/2023\\\/09\\\/14\\\/el-fuerte-realiza-acto-civico-por-el-210-aniversario-de-la-declaracion-de-los-sentimientos-de-la-nacion\\\/#primaryimage\",\"url\":\"https:\\\/\\\/fuentesfidedignas.com.mx\\\/wp-content\\\/uploads\\\/2023\\\/09\\\/IMG-20230914-WA0049.jpg\",\"contentUrl\":\"https:\\\/\\\/fuentesfidedignas.com.mx\\\/wp-content\\\/uploads\\\/2023\\\/09\\\/IMG-20230914-WA0049.jpg\",\"width\":1600,\"height\":1066},{\"@type\":\"BreadcrumbList\",\"@id\":\"https:\\\/\\\/fuentesfidedignas.com.mx\\\/index.php\\\/2023\\\/09\\\/14\\\/el-fuerte-realiza-acto-civico-por-el-210-aniversario-de-la-declaracion-de-los-sentimientos-de-la-nacion\\\/#breadcrumb\",\"itemListElement\":[{\"@type\":\"ListItem\",\"position\":1,\"name\":\"Inicio\",\"item\":\"https:\\\/\\\/fuentesfidedignas.com.mx\\\/\"},{\"@type\":\"ListItem\",\"position\":2,\"name\":\"El Fuerte realiza acto c\u00edvico por el 210 Aniversario de la Declaraci\u00f3n de Los Sentimientos de La Naci\u00f3n\"}]},{\"@type\":\"WebSite\",\"@id\":\"https:\\\/\\\/fuentesfidedignas.com.mx\\\/#website\",\"url\":\"https:\\\/\\\/fuentesfidedignas.com.mx\\\/\",\"name\":\"Fuentes Fidedignas\",\"description\":\"Otro sitio realizado con WordPress\",\"publisher\":{\"@id\":\"https:\\\/\\\/fuentesfidedignas.com.mx\\\/#organization\"},\"potentialAction\":[{\"@type\":\"SearchAction\",\"target\":{\"@type\":\"EntryPoint\",\"urlTemplate\":\"https:\\\/\\\/fuentesfidedignas.com.mx\\\/?s={search_term_string}\"},\"query-input\":{\"@type\":\"PropertyValueSpecification\",\"valueRequired\":true,\"valueName\":\"search_term_string\"}}],\"inLanguage\":\"es\"},{\"@type\":\"Organization\",\"@id\":\"https:\\\/\\\/fuentesfidedignas.com.mx\\\/#organization\",\"name\":\"Fuentes Fidedignas\",\"url\":\"https:\\\/\\\/fuentesfidedignas.com.mx\\\/\",\"logo\":{\"@type\":\"ImageObject\",\"inLanguage\":\"es\",\"@id\":\"https:\\\/\\\/fuentesfidedignas.com.mx\\\/#\\\/schema\\\/logo\\\/image\\\/\",\"url\":\"https:\\\/\\\/fuentesfidedignas.com.mx\\\/wp-content\\\/uploads\\\/2021\\\/04\\\/logo-retina.png\",\"contentUrl\":\"https:\\\/\\\/fuentesfidedignas.com.mx\\\/wp-content\\\/uploads\\\/2021\\\/04\\\/logo-retina.png\",\"width\":280,\"height\":51,\"caption\":\"Fuentes Fidedignas\"},\"image\":{\"@id\":\"https:\\\/\\\/fuentesfidedignas.com.mx\\\/#\\\/schema\\\/logo\\\/image\\\/\"},\"sameAs\":[\"https:\\\/\\\/www.facebook.com\\\/Fuentes-Fidedignas-368234489921644\",\"https:\\\/\\\/x.com\\\/fidedignas\"]},{\"@type\":\"Person\",\"@id\":\"https:\\\/\\\/fuentesfidedignas.com.mx\\\/#\\\/schema\\\/person\\\/331be9283d37198e2acd5750279085b0\",\"name\":\"Redacci\u00f3n\",\"image\":{\"@type\":\"ImageObject\",\"inLanguage\":\"es\",\"@id\":\"https:\\\/\\\/secure.gravatar.com\\\/avatar\\\/f6d8782c11d12b2d4ad3fbb6931aeab5309937a4d6cd2fc9cfaa28a6396a5aec?s=96&d=mm&r=g\",\"url\":\"https:\\\/\\\/secure.gravatar.com\\\/avatar\\\/f6d8782c11d12b2d4ad3fbb6931aeab5309937a4d6cd2fc9cfaa28a6396a5aec?s=96&d=mm&r=g\",\"contentUrl\":\"https:\\\/\\\/secure.gravatar.com\\\/avatar\\\/f6d8782c11d12b2d4ad3fbb6931aeab5309937a4d6cd2fc9cfaa28a6396a5aec?s=96&d=mm&r=g\",\"caption\":\"Redacci\u00f3n\"},\"url\":\"https:\\\/\\\/fuentesfidedignas.com.mx\\\/index.php\\\/author\\\/redaccion\\\/\"}]}<\/script>\n<!-- \/ Yoast SEO plugin. -->","yoast_head_json":{"title":"El Fuerte realiza acto c\u00edvico por el 210 Aniversario de la Declaraci\u00f3n de Los Sentimientos de La Naci\u00f3n - Fuentes Fidedignas","robots":{"index":"index","follow":"follow","max-snippet":"max-snippet:-1","max-image-preview":"max-image-preview:large","max-video-preview":"max-video-preview:-1"},"canonical":"https:\/\/fuentesfidedignas.com.mx\/index.php\/2023\/09\/14\/el-fuerte-realiza-acto-civico-por-el-210-aniversario-de-la-declaracion-de-los-sentimientos-de-la-nacion\/","og_locale":"es_MX","og_type":"article","og_title":"El Fuerte realiza acto c\u00edvico por el 210 Aniversario de la Declaraci\u00f3n de Los Sentimientos de La Naci\u00f3n - Fuentes Fidedignas","og_description":"El Jard\u00edn de Ni\u00f1os Genaro Estrada prepar\u00f3 un acto c\u00edvico para conmemorar esta importante fecha El Fuerte, Sin.- El Alcalde Gildardo Leyva Ortega acudi\u00f3 al emotivo homenaje en honor al 210 Aniversario la Declaraci\u00f3n de Los Sentimientos de La Naci\u00f3n, en el cual participaron ni\u00f1as y ni\u00f1os del Jard\u00edn de Ni\u00f1os Genaro Estrada, como muestra [&hellip;]","og_url":"https:\/\/fuentesfidedignas.com.mx\/index.php\/2023\/09\/14\/el-fuerte-realiza-acto-civico-por-el-210-aniversario-de-la-declaracion-de-los-sentimientos-de-la-nacion\/","og_site_name":"Fuentes Fidedignas","article_publisher":"https:\/\/www.facebook.com\/Fuentes-Fidedignas-368234489921644","article_published_time":"2023-09-14T19:41:56+00:00","article_modified_time":"2023-09-14T19:42:55+00:00","og_image":[{"width":1600,"height":1066,"url":"https:\/\/fuentesfidedignas.com.mx\/wp-content\/uploads\/2023\/09\/IMG-20230914-WA0049.jpg","type":"image\/jpeg"}],"author":"Redacci\u00f3n","twitter_card":"summary_large_image","twitter_creator":"@fidedignas","twitter_site":"@fidedignas","twitter_misc":{"Escrito por":"Redacci\u00f3n"},"schema":{"@context":"https:\/\/schema.org","@graph":[{"@type":"Article","@id":"https:\/\/fuentesfidedignas.com.mx\/index.php\/2023\/09\/14\/el-fuerte-realiza-acto-civico-por-el-210-aniversario-de-la-declaracion-de-los-sentimientos-de-la-nacion\/#article","isPartOf":{"@id":"https:\/\/fuentesfidedignas.com.mx\/index.php\/2023\/09\/14\/el-fuerte-realiza-acto-civico-por-el-210-aniversario-de-la-declaracion-de-los-sentimientos-de-la-nacion\/"},"author":{"name":"Redacci\u00f3n","@id":"https:\/\/fuentesfidedignas.com.mx\/#\/schema\/person\/331be9283d37198e2acd5750279085b0"},"headline":"El Fuerte realiza acto c\u00edvico por el 210 Aniversario de la Declaraci\u00f3n de Los Sentimientos de La Naci\u00f3n","datePublished":"2023-09-14T19:41:56+00:00","dateModified":"2023-09-14T19:42:55+00:00","mainEntityOfPage":{"@id":"https:\/\/fuentesfidedignas.com.mx\/index.php\/2023\/09\/14\/el-fuerte-realiza-acto-civico-por-el-210-aniversario-de-la-declaracion-de-los-sentimientos-de-la-nacion\/"},"wordCount":311,"commentCount":0,"publisher":{"@id":"https:\/\/fuentesfidedignas.com.mx\/#organization"},"image":{"@id":"https:\/\/fuentesfidedignas.com.mx\/index.php\/2023\/09\/14\/el-fuerte-realiza-acto-civico-por-el-210-aniversario-de-la-declaracion-de-los-sentimientos-de-la-nacion\/#primaryimage"},"thumbnailUrl":"https:\/\/fuentesfidedignas.com.mx\/wp-content\/uploads\/2023\/09\/IMG-20230914-WA0049.jpg","inLanguage":"es","potentialAction":[{"@type":"CommentAction","name":"Comment","target":["https:\/\/fuentesfidedignas.com.mx\/index.php\/2023\/09\/14\/el-fuerte-realiza-acto-civico-por-el-210-aniversario-de-la-declaracion-de-los-sentimientos-de-la-nacion\/#respond"]}]},{"@type":"WebPage","@id":"https:\/\/fuentesfidedignas.com.mx\/index.php\/2023\/09\/14\/el-fuerte-realiza-acto-civico-por-el-210-aniversario-de-la-declaracion-de-los-sentimientos-de-la-nacion\/","url":"https:\/\/fuentesfidedignas.com.mx\/index.php\/2023\/09\/14\/el-fuerte-realiza-acto-civico-por-el-210-aniversario-de-la-declaracion-de-los-sentimientos-de-la-nacion\/","name":"El Fuerte realiza acto c\u00edvico por el 210 Aniversario de la Declaraci\u00f3n de Los Sentimientos de La Naci\u00f3n - Fuentes Fidedignas","isPartOf":{"@id":"https:\/\/fuentesfidedignas.com.mx\/#website"},"primaryImageOfPage":{"@id":"https:\/\/fuentesfidedignas.com.mx\/index.php\/2023\/09\/14\/el-fuerte-realiza-acto-civico-por-el-210-aniversario-de-la-declaracion-de-los-sentimientos-de-la-nacion\/#primaryimage"},"image":{"@id":"https:\/\/fuentesfidedignas.com.mx\/index.php\/2023\/09\/14\/el-fuerte-realiza-acto-civico-por-el-210-aniversario-de-la-declaracion-de-los-sentimientos-de-la-nacion\/#primaryimage"},"thumbnailUrl":"https:\/\/fuentesfidedignas.com.mx\/wp-content\/uploads\/2023\/09\/IMG-20230914-WA0049.jpg","datePublished":"2023-09-14T19:41:56+00:00","dateModified":"2023-09-14T19:42:55+00:00","breadcrumb":{"@id":"https:\/\/fuentesfidedignas.com.mx\/index.php\/2023\/09\/14\/el-fuerte-realiza-acto-civico-por-el-210-aniversario-de-la-declaracion-de-los-sentimientos-de-la-nacion\/#breadcrumb"},"inLanguage":"es","potentialAction":[{"@type":"ReadAction","target":["https:\/\/fuentesfidedignas.com.mx\/index.php\/2023\/09\/14\/el-fuerte-realiza-acto-civico-por-el-210-aniversario-de-la-declaracion-de-los-sentimientos-de-la-nacion\/"]}]},{"@type":"ImageObject","inLanguage":"es","@id":"https:\/\/fuentesfidedignas.com.mx\/index.php\/2023\/09\/14\/el-fuerte-realiza-acto-civico-por-el-210-aniversario-de-la-declaracion-de-los-sentimientos-de-la-nacion\/#primaryimage","url":"https:\/\/fuentesfidedignas.com.mx\/wp-content\/uploads\/2023\/09\/IMG-20230914-WA0049.jpg","contentUrl":"https:\/\/fuentesfidedignas.com.mx\/wp-content\/uploads\/2023\/09\/IMG-20230914-WA0049.jpg","width":1600,"height":1066},{"@type":"BreadcrumbList","@id":"https:\/\/fuentesfidedignas.com.mx\/index.php\/2023\/09\/14\/el-fuerte-realiza-acto-civico-por-el-210-aniversario-de-la-declaracion-de-los-sentimientos-de-la-nacion\/#breadcrumb","itemListElement":[{"@type":"ListItem","position":1,"name":"Inicio","item":"https:\/\/fuentesfidedignas.com.mx\/"},{"@type":"ListItem","position":2,"name":"El Fuerte realiza acto c\u00edvico por el 210 Aniversario de la Declaraci\u00f3n de Los Sentimientos de La Naci\u00f3n"}]},{"@type":"WebSite","@id":"https:\/\/fuentesfidedignas.com.mx\/#website","url":"https:\/\/fuentesfidedignas.com.mx\/","name":"Fuentes Fidedignas","description":"Otro sitio realizado con WordPress","publisher":{"@id":"https:\/\/fuentesfidedignas.com.mx\/#organization"},"potentialAction":[{"@type":"SearchAction","target":{"@type":"EntryPoint","urlTemplate":"https:\/\/fuentesfidedignas.com.mx\/?s={search_term_string}"},"query-input":{"@type":"PropertyValueSpecification","valueRequired":true,"valueName":"search_term_string"}}],"inLanguage":"es"},{"@type":"Organization","@id":"https:\/\/fuentesfidedignas.com.mx\/#organization","name":"Fuentes Fidedignas","url":"https:\/\/fuentesfidedignas.com.mx\/","logo":{"@type":"ImageObject","inLanguage":"es","@id":"https:\/\/fuentesfidedignas.com.mx\/#\/schema\/logo\/image\/","url":"https:\/\/fuentesfidedignas.com.mx\/wp-content\/uploads\/2021\/04\/logo-retina.png","contentUrl":"https:\/\/fuentesfidedignas.com.mx\/wp-content\/uploads\/2021\/04\/logo-retina.png","width":280,"height":51,"caption":"Fuentes Fidedignas"},"image":{"@id":"https:\/\/fuentesfidedignas.com.mx\/#\/schema\/logo\/image\/"},"sameAs":["https:\/\/www.facebook.com\/Fuentes-Fidedignas-368234489921644","https:\/\/x.com\/fidedignas"]},{"@type":"Person","@id":"https:\/\/fuentesfidedignas.com.mx\/#\/schema\/person\/331be9283d37198e2acd5750279085b0","name":"Redacci\u00f3n","image":{"@type":"ImageObject","inLanguage":"es","@id":"https:\/\/secure.gravatar.com\/avatar\/f6d8782c11d12b2d4ad3fbb6931aeab5309937a4d6cd2fc9cfaa28a6396a5aec?s=96&d=mm&r=g","url":"https:\/\/secure.gravatar.com\/avatar\/f6d8782c11d12b2d4ad3fbb6931aeab5309937a4d6cd2fc9cfaa28a6396a5aec?s=96&d=mm&r=g","contentUrl":"https:\/\/secure.gravatar.com\/avatar\/f6d8782c11d12b2d4ad3fbb6931aeab5309937a4d6cd2fc9cfaa28a6396a5aec?s=96&d=mm&r=g","caption":"Redacci\u00f3n"},"url":"https:\/\/fuentesfidedignas.com.mx\/index.php\/author\/redaccion\/"}]}},"_links":{"self":[{"href":"https:\/\/fuentesfidedignas.com.mx\/index.php\/wp-json\/wp\/v2\/posts\/59072","targetHints":{"allow":["GET"]}}],"collection":[{"href":"https:\/\/fuentesfidedignas.com.mx\/index.php\/wp-json\/wp\/v2\/posts"}],"about":[{"href":"https:\/\/fuentesfidedignas.com.mx\/index.php\/wp-json\/wp\/v2\/types\/post"}],"author":[{"embeddable":true,"href":"https:\/\/fuentesfidedignas.com.mx\/index.php\/wp-json\/wp\/v2\/users\/4"}],"replies":[{"embeddable":true,"href":"https:\/\/fuentesfidedignas.com.mx\/index.php\/wp-json\/wp\/v2\/comments?post=59072"}],"version-history":[{"count":1,"href":"https:\/\/fuentesfidedignas.com.mx\/index.php\/wp-json\/wp\/v2\/posts\/59072\/revisions"}],"predecessor-version":[{"id":59080,"href":"https:\/\/fuentesfidedignas.com.mx\/index.php\/wp-json\/wp\/v2\/posts\/59072\/revisions\/59080"}],"wp:featuredmedia":[{"embeddable":true,"href":"https:\/\/fuentesfidedignas.com.mx\/index.php\/wp-json\/wp\/v2\/media\/59081"}],"wp:attachment":[{"href":"https:\/\/fuentesfidedignas.com.mx\/index.php\/wp-json\/wp\/v2\/media?parent=59072"}],"wp:term":[{"taxonomy":"category","embeddable":true,"href":"https:\/\/fuentesfidedignas.com.mx\/index.php\/wp-json\/wp\/v2\/categories?post=59072"},{"taxonomy":"post_tag","embeddable":true,"href":"https:\/\/fuentesfidedignas.com.mx\/index.php\/wp-json\/wp\/v2\/tags?post=59072"}],"curies":[{"name":"wp","href":"https:\/\/api.w.org\/{rel}","templated":true}]}}