{"id":59041,"date":"2023-09-14T10:29:00","date_gmt":"2023-09-14T17:29:00","guid":{"rendered":"https:\/\/fuentesfidedignas.com.mx\/?p=59041"},"modified":"2023-09-14T10:29:01","modified_gmt":"2023-09-14T17:29:01","slug":"es-oficial-mexico-recupera-categoria-1-en-seguridad-aerea-despues-de-dos-anos","status":"publish","type":"post","link":"https:\/\/fuentesfidedignas.com.mx\/index.php\/2023\/09\/14\/es-oficial-mexico-recupera-categoria-1-en-seguridad-aerea-despues-de-dos-anos\/","title":{"rendered":"Es oficial: M\u00e9xico recupera categor\u00eda 1 en seguridad a\u00e9rea despu\u00e9s de dos a\u00f1os"},"content":{"rendered":"\n<p><em><strong>La administraci\u00f3n del presidente Andr\u00e9s Manuel L\u00f3pez Obrador tardo m\u00e1s de dos a\u00f1os en recuperar la calificaci\u00f3n<\/strong><\/em><\/p>\n\n\n\n<p>Ciudad de M\u00e9xico.- Despu\u00e9s de 2 a\u00f1os, el titular de la Secretar\u00eda de Infraestructura, Comunicaciones y Transportes,\u00a0<strong>Jorge Nu\u00f1o<\/strong>, dio a conocer que M\u00e9xico hab\u00eda recuperado la\u00a0<em>Categor\u00eda 1<\/em>\u00a0en seguridad a\u00e9rea, esto despu\u00e9s de que la\u00a0<strong>FAA lanzara un comunicado donde devuelve la evaluaci\u00f3n<\/strong>.<\/p>\n\n\n\n<p>Por medio de un comunicado de prensa, la Administraci\u00f3n Federal de Aviaci\u00f3n de Estados Unidos inform\u00f3 que devolv\u00eda a M\u00e9xico&nbsp;<strong>la calificaci\u00f3n de seguridad a\u00e9rea al nivel m\u00e1s alto<\/strong>. Con ello, el pa\u00eds tendr\u00e1 la oportunidad de sumar nuevos servicios y rutas a Estados Unidos, asimismo los l<strong>as aerol\u00edneas estadounidenses pueden reanudar la comercializaci\u00f3n y venta de boletos<\/strong>&nbsp;con sus nombres y c\u00f3digos de designaci\u00f3n en vuelos operados por mexicanos.<\/p>\n\n\n\n<p>A trav\u00e9s del programa, Ciro G\u00f3mez Leyva por la Ma\u00f1ana, Jorge Nu\u00f1o coment\u00f3 que personal de la embajada de los Estados Unidos le entregaron la carta donde daba validez a lo antes informado,\u00a0<strong>reuni\u00f3n que quedo documentada en la cuenta oficial de la SICT<\/strong>.<\/p>\n\n\n\n<figure class=\"wp-block-image size-full\"><img decoding=\"async\" width=\"768\" height=\"768\" src=\"https:\/\/fuentesfidedignas.com.mx\/wp-content\/uploads\/2023\/09\/image-1.png\" alt=\"\" class=\"wp-image-59042\" srcset=\"https:\/\/fuentesfidedignas.com.mx\/wp-content\/uploads\/2023\/09\/image-1.png 768w, https:\/\/fuentesfidedignas.com.mx\/wp-content\/uploads\/2023\/09\/image-1-300x300.png 300w, https:\/\/fuentesfidedignas.com.mx\/wp-content\/uploads\/2023\/09\/image-1-150x150.png 150w, https:\/\/fuentesfidedignas.com.mx\/wp-content\/uploads\/2023\/09\/image-1-696x696.png 696w, https:\/\/fuentesfidedignas.com.mx\/wp-content\/uploads\/2023\/09\/image-1-420x420.png 420w\" sizes=\"(max-width: 768px) 100vw, 768px\" \/><\/figure>\n\n\n\n<p><span style=\"color: rgb(85, 85, 85); font-size: 16px; font-family: Roboto, sans-serif; white-space-collapse: collapse;\">Personal de la embajada de Estados Unidos entrega carta para avalar que M\u00e9xico vuelve a la Categor\u00eda 1 de seguridad a\u00e9rea (Captura de Pantalla)<\/span><\/p>\n\n\n\n<p>El secretario de la SICT coment\u00f3 que las aerol\u00edneas tienen programadas\u00a0casi 50 nuevas rutas a las que esperan sacar provecho\u00a0en la temporada de invierno que inicia en noviembre de este a\u00f1o, ello permitir\u00e1 incrementar la interconectividad que hay entre ambos pa\u00edses, dijo que las aerol\u00edneas que han solicitado estas rutas adicionales son las\u00a0tres m\u00e1s grandes dentro del mercado mexicano.<\/p>\n\n\n\n<p>Asimismo, el titular de la<strong>&nbsp;SICT envi\u00f3 un reconocimiento para los especialistas y autoridad nacional<\/strong>, la&nbsp;<em>Agencia Federal de Aviaci\u00f3n Civil<\/em>, que estuvo involucrada en los trabajos para garantizar las mejoras para que el pa\u00eds tuviera la Categor\u00eda 1.<\/p>\n\n\n\n<p>Al respecto sobre si hab\u00eda informado al presidente\u00a0<strong>L\u00f3pez Obrador sobre la decisi\u00f3n de las autoridades norteamericanas<\/strong>, Jorge Nu\u00f1o asegur\u00f3 que s\u00ed, que incluso hab\u00eda enviado felicitaciones al personal de la Secretar\u00eda y la Agencia.<\/p>\n\n\n\n<h2 class=\"wp-block-heading\">\u00bfCu\u00e1ndo perdi\u00f3 M\u00e9xico la Categor\u00eda 1?<\/h2>\n\n\n\n<p><strong>Fue en mayo de 2021<\/strong>, cuando M\u00e9xico perdi\u00f3 la calificaci\u00f3n m\u00e1s alta, y fue degradado a la\u00a0<em>Categor\u00eda 2<\/em>, esto provoc\u00f3 que durante los dos a\u00f1os en que las autoridades hicieron auditar\u00edas<strong>\u00a0no pudieran plantear nuevas rutas a Estados Unidos<\/strong>, al igual que no permit\u00edan sumar nuevas flotas para viajar al pa\u00eds del norte.<\/p>\n\n\n\n<p>Esta no fue la primera vez en que M\u00e9xico recib\u00eda una degradaci\u00f3n,\u00a0<strong>un mismo hecho ocurri\u00f3 en 2010<\/strong>, en la administraci\u00f3n de\u00a0<strong>Felipe Calder\u00f3n<\/strong>, sin embargo, las autoridades lograron recuperar la categor\u00eda al paso de varios meses.<\/p>\n\n\n\n<p><p class=\"paragraph\" data-mrf-recirculation=\"Links inline\" style=\"box-sizing: border-box; margin-block: 0px; margin: 0px 0px 24px; font-size: 22px; color: rgb(31, 31, 31); font-family: Roboto, sans-serif; white-space-collapse: collapse;\"><\/p><\/p>\n","protected":false},"excerpt":{"rendered":"<p>La administraci\u00f3n del presidente Andr\u00e9s Manuel L\u00f3pez Obrador tardo m\u00e1s de dos a\u00f1os en recuperar la calificaci\u00f3n Ciudad de M\u00e9xico.- Despu\u00e9s de 2 a\u00f1os, el titular de la Secretar\u00eda de Infraestructura, Comunicaciones y Transportes,\u00a0Jorge Nu\u00f1o, dio a conocer que M\u00e9xico hab\u00eda recuperado la\u00a0Categor\u00eda 1\u00a0en seguridad a\u00e9rea, esto despu\u00e9s de que la\u00a0FAA lanzara un comunicado donde [&hellip;]<\/p>\n","protected":false},"author":41,"featured_media":59043,"comment_status":"open","ping_status":"open","sticky":false,"template":"","format":"standard","meta":{"tdm_status":"","tdm_grid_status":"","footnotes":""},"categories":[39],"tags":[],"class_list":{"0":"post-59041","1":"post","2":"type-post","3":"status-publish","4":"format-standard","5":"has-post-thumbnail","7":"category-noticias-nacionales"},"yoast_head":"<!-- This site is optimized with the Yoast SEO plugin v27.4 - https:\/\/yoast.com\/product\/yoast-seo-wordpress\/ -->\n<title>Es oficial: M\u00e9xico recupera categor\u00eda 1 en seguridad a\u00e9rea despu\u00e9s de dos a\u00f1os - Fuentes Fidedignas<\/title>\n<meta name=\"robots\" content=\"index, follow, max-snippet:-1, max-image-preview:large, max-video-preview:-1\" \/>\n<link rel=\"canonical\" href=\"https:\/\/fuentesfidedignas.com.mx\/index.php\/2023\/09\/14\/es-oficial-mexico-recupera-categoria-1-en-seguridad-aerea-despues-de-dos-anos\/\" \/>\n<meta property=\"og:locale\" content=\"es_MX\" \/>\n<meta property=\"og:type\" content=\"article\" \/>\n<meta property=\"og:title\" content=\"Es oficial: M\u00e9xico recupera categor\u00eda 1 en seguridad a\u00e9rea despu\u00e9s de dos a\u00f1os - Fuentes Fidedignas\" \/>\n<meta property=\"og:description\" content=\"La administraci\u00f3n del presidente Andr\u00e9s Manuel L\u00f3pez Obrador tardo m\u00e1s de dos a\u00f1os en recuperar la calificaci\u00f3n Ciudad de M\u00e9xico.- Despu\u00e9s de 2 a\u00f1os, el titular de la Secretar\u00eda de Infraestructura, Comunicaciones y Transportes,\u00a0Jorge Nu\u00f1o, dio a conocer que M\u00e9xico hab\u00eda recuperado la\u00a0Categor\u00eda 1\u00a0en seguridad a\u00e9rea, esto despu\u00e9s de que la\u00a0FAA lanzara un comunicado donde [&hellip;]\" \/>\n<meta property=\"og:url\" content=\"https:\/\/fuentesfidedignas.com.mx\/index.php\/2023\/09\/14\/es-oficial-mexico-recupera-categoria-1-en-seguridad-aerea-despues-de-dos-anos\/\" \/>\n<meta property=\"og:site_name\" content=\"Fuentes Fidedignas\" \/>\n<meta property=\"article:publisher\" content=\"https:\/\/www.facebook.com\/Fuentes-Fidedignas-368234489921644\" \/>\n<meta property=\"article:published_time\" content=\"2023-09-14T17:29:00+00:00\" \/>\n<meta property=\"article:modified_time\" content=\"2023-09-14T17:29:01+00:00\" \/>\n<meta property=\"og:image\" content=\"https:\/\/fuentesfidedignas.com.mx\/wp-content\/uploads\/2023\/09\/estados-unidos-analiza-rebajar-calificacion-seguridad-aerea-mexico-e1694712536457.jpg\" \/>\n\t<meta property=\"og:image:width\" content=\"600\" \/>\n\t<meta property=\"og:image:height\" content=\"310\" \/>\n\t<meta property=\"og:image:type\" content=\"image\/jpeg\" \/>\n<meta name=\"author\" content=\"Infobae\" \/>\n<meta name=\"twitter:card\" content=\"summary_large_image\" \/>\n<meta name=\"twitter:creator\" content=\"@fidedignas\" \/>\n<meta name=\"twitter:site\" content=\"@fidedignas\" \/>\n<meta name=\"twitter:label1\" content=\"Escrito por\" \/>\n\t<meta name=\"twitter:data1\" content=\"Infobae\" \/>\n\t<meta name=\"twitter:label2\" content=\"Tiempo de lectura\" \/>\n\t<meta name=\"twitter:data2\" content=\"3 minutos\" \/>\n<script type=\"application\/ld+json\" class=\"yoast-schema-graph\">{\"@context\":\"https:\\\/\\\/schema.org\",\"@graph\":[{\"@type\":\"Article\",\"@id\":\"https:\\\/\\\/fuentesfidedignas.com.mx\\\/index.php\\\/2023\\\/09\\\/14\\\/es-oficial-mexico-recupera-categoria-1-en-seguridad-aerea-despues-de-dos-anos\\\/#article\",\"isPartOf\":{\"@id\":\"https:\\\/\\\/fuentesfidedignas.com.mx\\\/index.php\\\/2023\\\/09\\\/14\\\/es-oficial-mexico-recupera-categoria-1-en-seguridad-aerea-despues-de-dos-anos\\\/\"},\"author\":{\"name\":\"Infobae\",\"@id\":\"https:\\\/\\\/fuentesfidedignas.com.mx\\\/#\\\/schema\\\/person\\\/8575896a7c1067d352f6c1cd6582c389\"},\"headline\":\"Es oficial: M\u00e9xico recupera categor\u00eda 1 en seguridad a\u00e9rea despu\u00e9s de dos a\u00f1os\",\"datePublished\":\"2023-09-14T17:29:00+00:00\",\"dateModified\":\"2023-09-14T17:29:01+00:00\",\"mainEntityOfPage\":{\"@id\":\"https:\\\/\\\/fuentesfidedignas.com.mx\\\/index.php\\\/2023\\\/09\\\/14\\\/es-oficial-mexico-recupera-categoria-1-en-seguridad-aerea-despues-de-dos-anos\\\/\"},\"wordCount\":514,\"commentCount\":0,\"publisher\":{\"@id\":\"https:\\\/\\\/fuentesfidedignas.com.mx\\\/#organization\"},\"image\":{\"@id\":\"https:\\\/\\\/fuentesfidedignas.com.mx\\\/index.php\\\/2023\\\/09\\\/14\\\/es-oficial-mexico-recupera-categoria-1-en-seguridad-aerea-despues-de-dos-anos\\\/#primaryimage\"},\"thumbnailUrl\":\"https:\\\/\\\/fuentesfidedignas.com.mx\\\/wp-content\\\/uploads\\\/2023\\\/09\\\/estados-unidos-analiza-rebajar-calificacion-seguridad-aerea-mexico-e1694712536457.jpg\",\"articleSection\":[\"NOTICIAS NACIONALES\"],\"inLanguage\":\"es\",\"potentialAction\":[{\"@type\":\"CommentAction\",\"name\":\"Comment\",\"target\":[\"https:\\\/\\\/fuentesfidedignas.com.mx\\\/index.php\\\/2023\\\/09\\\/14\\\/es-oficial-mexico-recupera-categoria-1-en-seguridad-aerea-despues-de-dos-anos\\\/#respond\"]}]},{\"@type\":\"WebPage\",\"@id\":\"https:\\\/\\\/fuentesfidedignas.com.mx\\\/index.php\\\/2023\\\/09\\\/14\\\/es-oficial-mexico-recupera-categoria-1-en-seguridad-aerea-despues-de-dos-anos\\\/\",\"url\":\"https:\\\/\\\/fuentesfidedignas.com.mx\\\/index.php\\\/2023\\\/09\\\/14\\\/es-oficial-mexico-recupera-categoria-1-en-seguridad-aerea-despues-de-dos-anos\\\/\",\"name\":\"Es oficial: M\u00e9xico recupera categor\u00eda 1 en seguridad a\u00e9rea despu\u00e9s de dos a\u00f1os - Fuentes Fidedignas\",\"isPartOf\":{\"@id\":\"https:\\\/\\\/fuentesfidedignas.com.mx\\\/#website\"},\"primaryImageOfPage\":{\"@id\":\"https:\\\/\\\/fuentesfidedignas.com.mx\\\/index.php\\\/2023\\\/09\\\/14\\\/es-oficial-mexico-recupera-categoria-1-en-seguridad-aerea-despues-de-dos-anos\\\/#primaryimage\"},\"image\":{\"@id\":\"https:\\\/\\\/fuentesfidedignas.com.mx\\\/index.php\\\/2023\\\/09\\\/14\\\/es-oficial-mexico-recupera-categoria-1-en-seguridad-aerea-despues-de-dos-anos\\\/#primaryimage\"},\"thumbnailUrl\":\"https:\\\/\\\/fuentesfidedignas.com.mx\\\/wp-content\\\/uploads\\\/2023\\\/09\\\/estados-unidos-analiza-rebajar-calificacion-seguridad-aerea-mexico-e1694712536457.jpg\",\"datePublished\":\"2023-09-14T17:29:00+00:00\",\"dateModified\":\"2023-09-14T17:29:01+00:00\",\"breadcrumb\":{\"@id\":\"https:\\\/\\\/fuentesfidedignas.com.mx\\\/index.php\\\/2023\\\/09\\\/14\\\/es-oficial-mexico-recupera-categoria-1-en-seguridad-aerea-despues-de-dos-anos\\\/#breadcrumb\"},\"inLanguage\":\"es\",\"potentialAction\":[{\"@type\":\"ReadAction\",\"target\":[\"https:\\\/\\\/fuentesfidedignas.com.mx\\\/index.php\\\/2023\\\/09\\\/14\\\/es-oficial-mexico-recupera-categoria-1-en-seguridad-aerea-despues-de-dos-anos\\\/\"]}]},{\"@type\":\"ImageObject\",\"inLanguage\":\"es\",\"@id\":\"https:\\\/\\\/fuentesfidedignas.com.mx\\\/index.php\\\/2023\\\/09\\\/14\\\/es-oficial-mexico-recupera-categoria-1-en-seguridad-aerea-despues-de-dos-anos\\\/#primaryimage\",\"url\":\"https:\\\/\\\/fuentesfidedignas.com.mx\\\/wp-content\\\/uploads\\\/2023\\\/09\\\/estados-unidos-analiza-rebajar-calificacion-seguridad-aerea-mexico-e1694712536457.jpg\",\"contentUrl\":\"https:\\\/\\\/fuentesfidedignas.com.mx\\\/wp-content\\\/uploads\\\/2023\\\/09\\\/estados-unidos-analiza-rebajar-calificacion-seguridad-aerea-mexico-e1694712536457.jpg\",\"width\":600,\"height\":310,\"caption\":\"MEX050. CIUDAD DE M\u00c9XICO (M\u00c9XICO), 19\\\/09\\\/2019.- Fotograf\u00eda de aviones de la empresa Aeromexico el mi\u00e9rcoles 18 de septiembre de 2019, en Ciudad de M\u00e9xico (M\u00e9xico). Las multilatinas, empresas de origen latinoamericano que alcanzaron escala global, son hoy motores de la inversi\u00f3n y la productividad de una Latinoam\u00e9rica en la que varias de ellas han acrecentado su influencia bajo la sombra del poder pol\u00edtico. En 2018 M\u00e9xico ten\u00eda 28 multilatinas, siendo el pa\u00eds con el mayor n\u00famero de estas por encima de Brasil (26), cuyo volumen cay\u00f3 un 24 % frente a 2009, y Chile (18), seg\u00fan el Boston Consulting Group. EFE\\\/ S\u00e1shenka Guti\u00e9rrez\"},{\"@type\":\"BreadcrumbList\",\"@id\":\"https:\\\/\\\/fuentesfidedignas.com.mx\\\/index.php\\\/2023\\\/09\\\/14\\\/es-oficial-mexico-recupera-categoria-1-en-seguridad-aerea-despues-de-dos-anos\\\/#breadcrumb\",\"itemListElement\":[{\"@type\":\"ListItem\",\"position\":1,\"name\":\"Inicio\",\"item\":\"https:\\\/\\\/fuentesfidedignas.com.mx\\\/\"},{\"@type\":\"ListItem\",\"position\":2,\"name\":\"Es oficial: M\u00e9xico recupera categor\u00eda 1 en seguridad a\u00e9rea despu\u00e9s de dos a\u00f1os\"}]},{\"@type\":\"WebSite\",\"@id\":\"https:\\\/\\\/fuentesfidedignas.com.mx\\\/#website\",\"url\":\"https:\\\/\\\/fuentesfidedignas.com.mx\\\/\",\"name\":\"Fuentes Fidedignas\",\"description\":\"Otro sitio realizado con WordPress\",\"publisher\":{\"@id\":\"https:\\\/\\\/fuentesfidedignas.com.mx\\\/#organization\"},\"potentialAction\":[{\"@type\":\"SearchAction\",\"target\":{\"@type\":\"EntryPoint\",\"urlTemplate\":\"https:\\\/\\\/fuentesfidedignas.com.mx\\\/?s={search_term_string}\"},\"query-input\":{\"@type\":\"PropertyValueSpecification\",\"valueRequired\":true,\"valueName\":\"search_term_string\"}}],\"inLanguage\":\"es\"},{\"@type\":\"Organization\",\"@id\":\"https:\\\/\\\/fuentesfidedignas.com.mx\\\/#organization\",\"name\":\"Fuentes Fidedignas\",\"url\":\"https:\\\/\\\/fuentesfidedignas.com.mx\\\/\",\"logo\":{\"@type\":\"ImageObject\",\"inLanguage\":\"es\",\"@id\":\"https:\\\/\\\/fuentesfidedignas.com.mx\\\/#\\\/schema\\\/logo\\\/image\\\/\",\"url\":\"https:\\\/\\\/fuentesfidedignas.com.mx\\\/wp-content\\\/uploads\\\/2021\\\/04\\\/logo-retina.png\",\"contentUrl\":\"https:\\\/\\\/fuentesfidedignas.com.mx\\\/wp-content\\\/uploads\\\/2021\\\/04\\\/logo-retina.png\",\"width\":280,\"height\":51,\"caption\":\"Fuentes Fidedignas\"},\"image\":{\"@id\":\"https:\\\/\\\/fuentesfidedignas.com.mx\\\/#\\\/schema\\\/logo\\\/image\\\/\"},\"sameAs\":[\"https:\\\/\\\/www.facebook.com\\\/Fuentes-Fidedignas-368234489921644\",\"https:\\\/\\\/x.com\\\/fidedignas\"]},{\"@type\":\"Person\",\"@id\":\"https:\\\/\\\/fuentesfidedignas.com.mx\\\/#\\\/schema\\\/person\\\/8575896a7c1067d352f6c1cd6582c389\",\"name\":\"Infobae\",\"image\":{\"@type\":\"ImageObject\",\"inLanguage\":\"es\",\"@id\":\"https:\\\/\\\/secure.gravatar.com\\\/avatar\\\/e4ec95706f8d1670343f6526fdcec45474bab17475a851434a64ca12b5acba1c?s=96&d=mm&r=g\",\"url\":\"https:\\\/\\\/secure.gravatar.com\\\/avatar\\\/e4ec95706f8d1670343f6526fdcec45474bab17475a851434a64ca12b5acba1c?s=96&d=mm&r=g\",\"contentUrl\":\"https:\\\/\\\/secure.gravatar.com\\\/avatar\\\/e4ec95706f8d1670343f6526fdcec45474bab17475a851434a64ca12b5acba1c?s=96&d=mm&r=g\",\"caption\":\"Infobae\"},\"url\":\"https:\\\/\\\/fuentesfidedignas.com.mx\\\/index.php\\\/author\\\/infobae\\\/\"}]}<\/script>\n<!-- \/ Yoast SEO plugin. -->","yoast_head_json":{"title":"Es oficial: M\u00e9xico recupera categor\u00eda 1 en seguridad a\u00e9rea despu\u00e9s de dos a\u00f1os - Fuentes Fidedignas","robots":{"index":"index","follow":"follow","max-snippet":"max-snippet:-1","max-image-preview":"max-image-preview:large","max-video-preview":"max-video-preview:-1"},"canonical":"https:\/\/fuentesfidedignas.com.mx\/index.php\/2023\/09\/14\/es-oficial-mexico-recupera-categoria-1-en-seguridad-aerea-despues-de-dos-anos\/","og_locale":"es_MX","og_type":"article","og_title":"Es oficial: M\u00e9xico recupera categor\u00eda 1 en seguridad a\u00e9rea despu\u00e9s de dos a\u00f1os - Fuentes Fidedignas","og_description":"La administraci\u00f3n del presidente Andr\u00e9s Manuel L\u00f3pez Obrador tardo m\u00e1s de dos a\u00f1os en recuperar la calificaci\u00f3n Ciudad de M\u00e9xico.- Despu\u00e9s de 2 a\u00f1os, el titular de la Secretar\u00eda de Infraestructura, Comunicaciones y Transportes,\u00a0Jorge Nu\u00f1o, dio a conocer que M\u00e9xico hab\u00eda recuperado la\u00a0Categor\u00eda 1\u00a0en seguridad a\u00e9rea, esto despu\u00e9s de que la\u00a0FAA lanzara un comunicado donde [&hellip;]","og_url":"https:\/\/fuentesfidedignas.com.mx\/index.php\/2023\/09\/14\/es-oficial-mexico-recupera-categoria-1-en-seguridad-aerea-despues-de-dos-anos\/","og_site_name":"Fuentes Fidedignas","article_publisher":"https:\/\/www.facebook.com\/Fuentes-Fidedignas-368234489921644","article_published_time":"2023-09-14T17:29:00+00:00","article_modified_time":"2023-09-14T17:29:01+00:00","og_image":[{"width":600,"height":310,"url":"https:\/\/fuentesfidedignas.com.mx\/wp-content\/uploads\/2023\/09\/estados-unidos-analiza-rebajar-calificacion-seguridad-aerea-mexico-e1694712536457.jpg","type":"image\/jpeg"}],"author":"Infobae","twitter_card":"summary_large_image","twitter_creator":"@fidedignas","twitter_site":"@fidedignas","twitter_misc":{"Escrito por":"Infobae","Tiempo de lectura":"3 minutos"},"schema":{"@context":"https:\/\/schema.org","@graph":[{"@type":"Article","@id":"https:\/\/fuentesfidedignas.com.mx\/index.php\/2023\/09\/14\/es-oficial-mexico-recupera-categoria-1-en-seguridad-aerea-despues-de-dos-anos\/#article","isPartOf":{"@id":"https:\/\/fuentesfidedignas.com.mx\/index.php\/2023\/09\/14\/es-oficial-mexico-recupera-categoria-1-en-seguridad-aerea-despues-de-dos-anos\/"},"author":{"name":"Infobae","@id":"https:\/\/fuentesfidedignas.com.mx\/#\/schema\/person\/8575896a7c1067d352f6c1cd6582c389"},"headline":"Es oficial: M\u00e9xico recupera categor\u00eda 1 en seguridad a\u00e9rea despu\u00e9s de dos a\u00f1os","datePublished":"2023-09-14T17:29:00+00:00","dateModified":"2023-09-14T17:29:01+00:00","mainEntityOfPage":{"@id":"https:\/\/fuentesfidedignas.com.mx\/index.php\/2023\/09\/14\/es-oficial-mexico-recupera-categoria-1-en-seguridad-aerea-despues-de-dos-anos\/"},"wordCount":514,"commentCount":0,"publisher":{"@id":"https:\/\/fuentesfidedignas.com.mx\/#organization"},"image":{"@id":"https:\/\/fuentesfidedignas.com.mx\/index.php\/2023\/09\/14\/es-oficial-mexico-recupera-categoria-1-en-seguridad-aerea-despues-de-dos-anos\/#primaryimage"},"thumbnailUrl":"https:\/\/fuentesfidedignas.com.mx\/wp-content\/uploads\/2023\/09\/estados-unidos-analiza-rebajar-calificacion-seguridad-aerea-mexico-e1694712536457.jpg","articleSection":["NOTICIAS NACIONALES"],"inLanguage":"es","potentialAction":[{"@type":"CommentAction","name":"Comment","target":["https:\/\/fuentesfidedignas.com.mx\/index.php\/2023\/09\/14\/es-oficial-mexico-recupera-categoria-1-en-seguridad-aerea-despues-de-dos-anos\/#respond"]}]},{"@type":"WebPage","@id":"https:\/\/fuentesfidedignas.com.mx\/index.php\/2023\/09\/14\/es-oficial-mexico-recupera-categoria-1-en-seguridad-aerea-despues-de-dos-anos\/","url":"https:\/\/fuentesfidedignas.com.mx\/index.php\/2023\/09\/14\/es-oficial-mexico-recupera-categoria-1-en-seguridad-aerea-despues-de-dos-anos\/","name":"Es oficial: M\u00e9xico recupera categor\u00eda 1 en seguridad a\u00e9rea despu\u00e9s de dos a\u00f1os - Fuentes Fidedignas","isPartOf":{"@id":"https:\/\/fuentesfidedignas.com.mx\/#website"},"primaryImageOfPage":{"@id":"https:\/\/fuentesfidedignas.com.mx\/index.php\/2023\/09\/14\/es-oficial-mexico-recupera-categoria-1-en-seguridad-aerea-despues-de-dos-anos\/#primaryimage"},"image":{"@id":"https:\/\/fuentesfidedignas.com.mx\/index.php\/2023\/09\/14\/es-oficial-mexico-recupera-categoria-1-en-seguridad-aerea-despues-de-dos-anos\/#primaryimage"},"thumbnailUrl":"https:\/\/fuentesfidedignas.com.mx\/wp-content\/uploads\/2023\/09\/estados-unidos-analiza-rebajar-calificacion-seguridad-aerea-mexico-e1694712536457.jpg","datePublished":"2023-09-14T17:29:00+00:00","dateModified":"2023-09-14T17:29:01+00:00","breadcrumb":{"@id":"https:\/\/fuentesfidedignas.com.mx\/index.php\/2023\/09\/14\/es-oficial-mexico-recupera-categoria-1-en-seguridad-aerea-despues-de-dos-anos\/#breadcrumb"},"inLanguage":"es","potentialAction":[{"@type":"ReadAction","target":["https:\/\/fuentesfidedignas.com.mx\/index.php\/2023\/09\/14\/es-oficial-mexico-recupera-categoria-1-en-seguridad-aerea-despues-de-dos-anos\/"]}]},{"@type":"ImageObject","inLanguage":"es","@id":"https:\/\/fuentesfidedignas.com.mx\/index.php\/2023\/09\/14\/es-oficial-mexico-recupera-categoria-1-en-seguridad-aerea-despues-de-dos-anos\/#primaryimage","url":"https:\/\/fuentesfidedignas.com.mx\/wp-content\/uploads\/2023\/09\/estados-unidos-analiza-rebajar-calificacion-seguridad-aerea-mexico-e1694712536457.jpg","contentUrl":"https:\/\/fuentesfidedignas.com.mx\/wp-content\/uploads\/2023\/09\/estados-unidos-analiza-rebajar-calificacion-seguridad-aerea-mexico-e1694712536457.jpg","width":600,"height":310,"caption":"MEX050. CIUDAD DE M\u00c9XICO (M\u00c9XICO), 19\/09\/2019.- Fotograf\u00eda de aviones de la empresa Aeromexico el mi\u00e9rcoles 18 de septiembre de 2019, en Ciudad de M\u00e9xico (M\u00e9xico). Las multilatinas, empresas de origen latinoamericano que alcanzaron escala global, son hoy motores de la inversi\u00f3n y la productividad de una Latinoam\u00e9rica en la que varias de ellas han acrecentado su influencia bajo la sombra del poder pol\u00edtico. En 2018 M\u00e9xico ten\u00eda 28 multilatinas, siendo el pa\u00eds con el mayor n\u00famero de estas por encima de Brasil (26), cuyo volumen cay\u00f3 un 24 % frente a 2009, y Chile (18), seg\u00fan el Boston Consulting Group. EFE\/ S\u00e1shenka Guti\u00e9rrez"},{"@type":"BreadcrumbList","@id":"https:\/\/fuentesfidedignas.com.mx\/index.php\/2023\/09\/14\/es-oficial-mexico-recupera-categoria-1-en-seguridad-aerea-despues-de-dos-anos\/#breadcrumb","itemListElement":[{"@type":"ListItem","position":1,"name":"Inicio","item":"https:\/\/fuentesfidedignas.com.mx\/"},{"@type":"ListItem","position":2,"name":"Es oficial: M\u00e9xico recupera categor\u00eda 1 en seguridad a\u00e9rea despu\u00e9s de dos a\u00f1os"}]},{"@type":"WebSite","@id":"https:\/\/fuentesfidedignas.com.mx\/#website","url":"https:\/\/fuentesfidedignas.com.mx\/","name":"Fuentes Fidedignas","description":"Otro sitio realizado con WordPress","publisher":{"@id":"https:\/\/fuentesfidedignas.com.mx\/#organization"},"potentialAction":[{"@type":"SearchAction","target":{"@type":"EntryPoint","urlTemplate":"https:\/\/fuentesfidedignas.com.mx\/?s={search_term_string}"},"query-input":{"@type":"PropertyValueSpecification","valueRequired":true,"valueName":"search_term_string"}}],"inLanguage":"es"},{"@type":"Organization","@id":"https:\/\/fuentesfidedignas.com.mx\/#organization","name":"Fuentes Fidedignas","url":"https:\/\/fuentesfidedignas.com.mx\/","logo":{"@type":"ImageObject","inLanguage":"es","@id":"https:\/\/fuentesfidedignas.com.mx\/#\/schema\/logo\/image\/","url":"https:\/\/fuentesfidedignas.com.mx\/wp-content\/uploads\/2021\/04\/logo-retina.png","contentUrl":"https:\/\/fuentesfidedignas.com.mx\/wp-content\/uploads\/2021\/04\/logo-retina.png","width":280,"height":51,"caption":"Fuentes Fidedignas"},"image":{"@id":"https:\/\/fuentesfidedignas.com.mx\/#\/schema\/logo\/image\/"},"sameAs":["https:\/\/www.facebook.com\/Fuentes-Fidedignas-368234489921644","https:\/\/x.com\/fidedignas"]},{"@type":"Person","@id":"https:\/\/fuentesfidedignas.com.mx\/#\/schema\/person\/8575896a7c1067d352f6c1cd6582c389","name":"Infobae","image":{"@type":"ImageObject","inLanguage":"es","@id":"https:\/\/secure.gravatar.com\/avatar\/e4ec95706f8d1670343f6526fdcec45474bab17475a851434a64ca12b5acba1c?s=96&d=mm&r=g","url":"https:\/\/secure.gravatar.com\/avatar\/e4ec95706f8d1670343f6526fdcec45474bab17475a851434a64ca12b5acba1c?s=96&d=mm&r=g","contentUrl":"https:\/\/secure.gravatar.com\/avatar\/e4ec95706f8d1670343f6526fdcec45474bab17475a851434a64ca12b5acba1c?s=96&d=mm&r=g","caption":"Infobae"},"url":"https:\/\/fuentesfidedignas.com.mx\/index.php\/author\/infobae\/"}]}},"_links":{"self":[{"href":"https:\/\/fuentesfidedignas.com.mx\/index.php\/wp-json\/wp\/v2\/posts\/59041","targetHints":{"allow":["GET"]}}],"collection":[{"href":"https:\/\/fuentesfidedignas.com.mx\/index.php\/wp-json\/wp\/v2\/posts"}],"about":[{"href":"https:\/\/fuentesfidedignas.com.mx\/index.php\/wp-json\/wp\/v2\/types\/post"}],"author":[{"embeddable":true,"href":"https:\/\/fuentesfidedignas.com.mx\/index.php\/wp-json\/wp\/v2\/users\/41"}],"replies":[{"embeddable":true,"href":"https:\/\/fuentesfidedignas.com.mx\/index.php\/wp-json\/wp\/v2\/comments?post=59041"}],"version-history":[{"count":1,"href":"https:\/\/fuentesfidedignas.com.mx\/index.php\/wp-json\/wp\/v2\/posts\/59041\/revisions"}],"predecessor-version":[{"id":59044,"href":"https:\/\/fuentesfidedignas.com.mx\/index.php\/wp-json\/wp\/v2\/posts\/59041\/revisions\/59044"}],"wp:featuredmedia":[{"embeddable":true,"href":"https:\/\/fuentesfidedignas.com.mx\/index.php\/wp-json\/wp\/v2\/media\/59043"}],"wp:attachment":[{"href":"https:\/\/fuentesfidedignas.com.mx\/index.php\/wp-json\/wp\/v2\/media?parent=59041"}],"wp:term":[{"taxonomy":"category","embeddable":true,"href":"https:\/\/fuentesfidedignas.com.mx\/index.php\/wp-json\/wp\/v2\/categories?post=59041"},{"taxonomy":"post_tag","embeddable":true,"href":"https:\/\/fuentesfidedignas.com.mx\/index.php\/wp-json\/wp\/v2\/tags?post=59041"}],"curies":[{"name":"wp","href":"https:\/\/api.w.org\/{rel}","templated":true}]}}