{"id":58960,"date":"2023-09-13T15:59:31","date_gmt":"2023-09-13T22:59:31","guid":{"rendered":"https:\/\/fuentesfidedignas.com.mx\/?p=58960"},"modified":"2023-09-14T12:02:35","modified_gmt":"2023-09-14T19:02:35","slug":"todo-listo-manana-es-la-gran-kermes-mexicana-de-dif-sinaloa","status":"publish","type":"post","link":"https:\/\/fuentesfidedignas.com.mx\/index.php\/2023\/09\/13\/todo-listo-manana-es-la-gran-kermes-mexicana-de-dif-sinaloa\/","title":{"rendered":"\u00a1Todo listo! Ma\u00f1ana es la Gran Kerm\u00e9s Mexicana de  DIF Sinaloa"},"content":{"rendered":"\n<p><strong><em>Ser\u00e1 ma\u00f1ana jueves 14 de septiembre en el Patio Central de Palacio de Gobierno<\/em><\/strong><\/p>\n\n\n\n<p>Culiac\u00e1n, Sin.- En el Sistema DIF Sinaloa ya estamos listos para iniciar los festejos de la Independencia de M\u00e9xico en la \u201c<strong>Gran Kerm\u00e9s Mexicana<\/strong>\u201d, que en esta ocasi\u00f3n busca recaudar fondos para atender necesidades de los adultos mayores que se encuentran en el <strong>Centro Gerontol\u00f3gico Integral \u201cSan Jos\u00e9\u201d<\/strong>, el cual se encuentra ubicado en Culiac\u00e1n y el cual tiene una capacidad de atender a m\u00e1s 80 adultos mayores sin familia que se atienden en este Centro.<\/p>\n\n\n\n<p>La invitaci\u00f3n es para que todas y todos acudamos a degustar de los antojitos mexicanos que tendremos, la \u201c<strong>Gran Kerm\u00e9s Mexicana<\/strong>\u201d <strong>ser\u00e1 ma\u00f1ana jueves 14 de septiembre en el Patio Central de Palacio de Gobierno<\/strong>, estaremos atendiendo desde las 8 de la ma\u00f1ana, podr\u00e1s disfrutar de tacos de carne asada y al pastor, tamales con frijol, gorditas rellenas, tacos de guisos, rebanadas de pastel, donas, caf\u00e9, paletas, helados y aguas frescas.<\/p>\n\n\n\n<figure class=\"wp-block-image size-large\"><img decoding=\"async\" width=\"576\" height=\"1024\" src=\"https:\/\/fuentesfidedignas.com.mx\/wp-content\/uploads\/2023\/09\/WhatsApp-Image-2023-09-13-at-1.53.48-PM-576x1024.jpeg\" alt=\"\" class=\"wp-image-58962\" srcset=\"https:\/\/fuentesfidedignas.com.mx\/wp-content\/uploads\/2023\/09\/WhatsApp-Image-2023-09-13-at-1.53.48-PM-576x1024.jpeg 576w, https:\/\/fuentesfidedignas.com.mx\/wp-content\/uploads\/2023\/09\/WhatsApp-Image-2023-09-13-at-1.53.48-PM-169x300.jpeg 169w, https:\/\/fuentesfidedignas.com.mx\/wp-content\/uploads\/2023\/09\/WhatsApp-Image-2023-09-13-at-1.53.48-PM-768x1365.jpeg 768w, https:\/\/fuentesfidedignas.com.mx\/wp-content\/uploads\/2023\/09\/WhatsApp-Image-2023-09-13-at-1.53.48-PM-864x1536.jpeg 864w, https:\/\/fuentesfidedignas.com.mx\/wp-content\/uploads\/2023\/09\/WhatsApp-Image-2023-09-13-at-1.53.48-PM-696x1237.jpeg 696w, https:\/\/fuentesfidedignas.com.mx\/wp-content\/uploads\/2023\/09\/WhatsApp-Image-2023-09-13-at-1.53.48-PM-236x420.jpeg 236w, https:\/\/fuentesfidedignas.com.mx\/wp-content\/uploads\/2023\/09\/WhatsApp-Image-2023-09-13-at-1.53.48-PM.jpeg 900w\" sizes=\"(max-width: 576px) 100vw, 576px\" \/><\/figure>\n\n\n\n<p>No puede faltar el Festival Art\u00edstico Cultural a cargo de la Compa\u00f1\u00eda Folcl\u00f3rica Sinaloense del Instituto Sinaloense de Cultura que presentar\u00e1 el programa, \u201cM\u00e9xico, Alegr\u00eda y Tradici\u00f3n\u201d. Al Grito de \u00a1Viva M\u00e9xico!, convivamos y apoyemos a mejorar la infraestructura y equipamiento del Centro Gerontol\u00f3gico San Jos\u00e9 de DIF Sinaloa \u00a1Te esperamos en la Gran Kerm\u00e9s Mexicana!.<\/p>\n\n\n\n<p>Esta kerm\u00e9s es gracias al apoyo invaluable de las damas que integran el Voluntariado de DIF Sinaloa que con el coraz\u00f3n aportan los alimentos para recaudar los fondos que se riquieren para apoyar la causa que en esta ocasi\u00f3n nos convoca.<\/p>\n\n\n\n<p>En el Centro Gerontol\u00f3gico San Jos\u00e9, los adultos mayores se les brinda alimento, atenci\u00f3n m\u00e9dica, revisi\u00f3n diaria, atenci\u00f3n de enfermeras, cuentan con un \u00e1rea con camas de hospital, adem\u00e1s se tiene un programa de revisi\u00f3n mensual para que les elaboren su dieta por el departamento de nutrici\u00f3n, se les brinda acompa\u00f1amiento, se trabaja un programa de esparcimiento y acticidades l\u00fadicas c\u00f3mo son: clases de yoga, pintura, deportes y cuenta cuentos. Adem\u00e1s cada mes se celebran sus cumplea\u00f1os, festividades de navidad, d\u00eda de reyes, fiestas patrias, entre otras.<\/p>\n","protected":false},"excerpt":{"rendered":"<p>Ser\u00e1 ma\u00f1ana jueves 14 de septiembre en el Patio Central de Palacio de Gobierno Culiac\u00e1n, Sin.- En el Sistema DIF Sinaloa ya estamos listos para iniciar los festejos de la Independencia de M\u00e9xico en la \u201cGran Kerm\u00e9s Mexicana\u201d, que en esta ocasi\u00f3n busca recaudar fondos para atender necesidades de los adultos mayores que se encuentran [&hellip;]<\/p>\n","protected":false},"author":4,"featured_media":58961,"comment_status":"open","ping_status":"open","sticky":false,"template":"","format":"standard","meta":{"tdm_status":"","tdm_grid_status":"","footnotes":""},"categories":[1],"tags":[],"class_list":{"0":"post-58960","1":"post","2":"type-post","3":"status-publish","4":"format-standard","5":"has-post-thumbnail","7":"category-sin-categoria"},"yoast_head":"<!-- This site is optimized with the Yoast SEO plugin v27.5 - https:\/\/yoast.com\/product\/yoast-seo-wordpress\/ -->\n<title>\u00a1Todo listo! Ma\u00f1ana es la Gran Kerm\u00e9s Mexicana de DIF Sinaloa - Fuentes Fidedignas<\/title>\n<meta name=\"robots\" content=\"index, follow, max-snippet:-1, max-image-preview:large, max-video-preview:-1\" \/>\n<link rel=\"canonical\" href=\"https:\/\/fuentesfidedignas.com.mx\/index.php\/2023\/09\/13\/todo-listo-manana-es-la-gran-kermes-mexicana-de-dif-sinaloa\/\" \/>\n<meta property=\"og:locale\" content=\"es_MX\" \/>\n<meta property=\"og:type\" content=\"article\" \/>\n<meta property=\"og:title\" content=\"\u00a1Todo listo! Ma\u00f1ana es la Gran Kerm\u00e9s Mexicana de DIF Sinaloa - Fuentes Fidedignas\" \/>\n<meta property=\"og:description\" content=\"Ser\u00e1 ma\u00f1ana jueves 14 de septiembre en el Patio Central de Palacio de Gobierno Culiac\u00e1n, Sin.- En el Sistema DIF Sinaloa ya estamos listos para iniciar los festejos de la Independencia de M\u00e9xico en la \u201cGran Kerm\u00e9s Mexicana\u201d, que en esta ocasi\u00f3n busca recaudar fondos para atender necesidades de los adultos mayores que se encuentran [&hellip;]\" \/>\n<meta property=\"og:url\" content=\"https:\/\/fuentesfidedignas.com.mx\/index.php\/2023\/09\/13\/todo-listo-manana-es-la-gran-kermes-mexicana-de-dif-sinaloa\/\" \/>\n<meta property=\"og:site_name\" content=\"Fuentes Fidedignas\" \/>\n<meta property=\"article:publisher\" content=\"https:\/\/www.facebook.com\/Fuentes-Fidedignas-368234489921644\" \/>\n<meta property=\"article:published_time\" content=\"2023-09-13T22:59:31+00:00\" \/>\n<meta property=\"article:modified_time\" content=\"2023-09-14T19:02:35+00:00\" \/>\n<meta property=\"og:image\" content=\"https:\/\/fuentesfidedignas.com.mx\/wp-content\/uploads\/2023\/09\/WhatsApp-Image-2023-09-13-at-3.55.42-PM-e1694645953817.jpeg\" \/>\n\t<meta property=\"og:image:width\" content=\"600\" \/>\n\t<meta property=\"og:image:height\" content=\"399\" \/>\n\t<meta property=\"og:image:type\" content=\"image\/jpeg\" \/>\n<meta name=\"author\" content=\"Redacci\u00f3n\" \/>\n<meta name=\"twitter:card\" content=\"summary_large_image\" \/>\n<meta name=\"twitter:creator\" content=\"@fidedignas\" \/>\n<meta name=\"twitter:site\" content=\"@fidedignas\" \/>\n<meta name=\"twitter:label1\" content=\"Escrito por\" \/>\n\t<meta name=\"twitter:data1\" content=\"Redacci\u00f3n\" \/>\n\t<meta name=\"twitter:label2\" content=\"Tiempo de lectura\" \/>\n\t<meta name=\"twitter:data2\" content=\"2 minutos\" \/>\n<script type=\"application\/ld+json\" class=\"yoast-schema-graph\">{\"@context\":\"https:\\\/\\\/schema.org\",\"@graph\":[{\"@type\":\"Article\",\"@id\":\"https:\\\/\\\/fuentesfidedignas.com.mx\\\/index.php\\\/2023\\\/09\\\/13\\\/todo-listo-manana-es-la-gran-kermes-mexicana-de-dif-sinaloa\\\/#article\",\"isPartOf\":{\"@id\":\"https:\\\/\\\/fuentesfidedignas.com.mx\\\/index.php\\\/2023\\\/09\\\/13\\\/todo-listo-manana-es-la-gran-kermes-mexicana-de-dif-sinaloa\\\/\"},\"author\":{\"name\":\"Redacci\u00f3n\",\"@id\":\"https:\\\/\\\/fuentesfidedignas.com.mx\\\/#\\\/schema\\\/person\\\/331be9283d37198e2acd5750279085b0\"},\"headline\":\"\u00a1Todo listo! Ma\u00f1ana es la Gran Kerm\u00e9s Mexicana de DIF Sinaloa\",\"datePublished\":\"2023-09-13T22:59:31+00:00\",\"dateModified\":\"2023-09-14T19:02:35+00:00\",\"mainEntityOfPage\":{\"@id\":\"https:\\\/\\\/fuentesfidedignas.com.mx\\\/index.php\\\/2023\\\/09\\\/13\\\/todo-listo-manana-es-la-gran-kermes-mexicana-de-dif-sinaloa\\\/\"},\"wordCount\":394,\"commentCount\":0,\"publisher\":{\"@id\":\"https:\\\/\\\/fuentesfidedignas.com.mx\\\/#organization\"},\"image\":{\"@id\":\"https:\\\/\\\/fuentesfidedignas.com.mx\\\/index.php\\\/2023\\\/09\\\/13\\\/todo-listo-manana-es-la-gran-kermes-mexicana-de-dif-sinaloa\\\/#primaryimage\"},\"thumbnailUrl\":\"https:\\\/\\\/fuentesfidedignas.com.mx\\\/wp-content\\\/uploads\\\/2023\\\/09\\\/WhatsApp-Image-2023-09-13-at-3.55.42-PM-e1694645953817.jpeg\",\"inLanguage\":\"es\",\"potentialAction\":[{\"@type\":\"CommentAction\",\"name\":\"Comment\",\"target\":[\"https:\\\/\\\/fuentesfidedignas.com.mx\\\/index.php\\\/2023\\\/09\\\/13\\\/todo-listo-manana-es-la-gran-kermes-mexicana-de-dif-sinaloa\\\/#respond\"]}]},{\"@type\":\"WebPage\",\"@id\":\"https:\\\/\\\/fuentesfidedignas.com.mx\\\/index.php\\\/2023\\\/09\\\/13\\\/todo-listo-manana-es-la-gran-kermes-mexicana-de-dif-sinaloa\\\/\",\"url\":\"https:\\\/\\\/fuentesfidedignas.com.mx\\\/index.php\\\/2023\\\/09\\\/13\\\/todo-listo-manana-es-la-gran-kermes-mexicana-de-dif-sinaloa\\\/\",\"name\":\"\u00a1Todo listo! Ma\u00f1ana es la Gran Kerm\u00e9s Mexicana de DIF Sinaloa - Fuentes Fidedignas\",\"isPartOf\":{\"@id\":\"https:\\\/\\\/fuentesfidedignas.com.mx\\\/#website\"},\"primaryImageOfPage\":{\"@id\":\"https:\\\/\\\/fuentesfidedignas.com.mx\\\/index.php\\\/2023\\\/09\\\/13\\\/todo-listo-manana-es-la-gran-kermes-mexicana-de-dif-sinaloa\\\/#primaryimage\"},\"image\":{\"@id\":\"https:\\\/\\\/fuentesfidedignas.com.mx\\\/index.php\\\/2023\\\/09\\\/13\\\/todo-listo-manana-es-la-gran-kermes-mexicana-de-dif-sinaloa\\\/#primaryimage\"},\"thumbnailUrl\":\"https:\\\/\\\/fuentesfidedignas.com.mx\\\/wp-content\\\/uploads\\\/2023\\\/09\\\/WhatsApp-Image-2023-09-13-at-3.55.42-PM-e1694645953817.jpeg\",\"datePublished\":\"2023-09-13T22:59:31+00:00\",\"dateModified\":\"2023-09-14T19:02:35+00:00\",\"breadcrumb\":{\"@id\":\"https:\\\/\\\/fuentesfidedignas.com.mx\\\/index.php\\\/2023\\\/09\\\/13\\\/todo-listo-manana-es-la-gran-kermes-mexicana-de-dif-sinaloa\\\/#breadcrumb\"},\"inLanguage\":\"es\",\"potentialAction\":[{\"@type\":\"ReadAction\",\"target\":[\"https:\\\/\\\/fuentesfidedignas.com.mx\\\/index.php\\\/2023\\\/09\\\/13\\\/todo-listo-manana-es-la-gran-kermes-mexicana-de-dif-sinaloa\\\/\"]}]},{\"@type\":\"ImageObject\",\"inLanguage\":\"es\",\"@id\":\"https:\\\/\\\/fuentesfidedignas.com.mx\\\/index.php\\\/2023\\\/09\\\/13\\\/todo-listo-manana-es-la-gran-kermes-mexicana-de-dif-sinaloa\\\/#primaryimage\",\"url\":\"https:\\\/\\\/fuentesfidedignas.com.mx\\\/wp-content\\\/uploads\\\/2023\\\/09\\\/WhatsApp-Image-2023-09-13-at-3.55.42-PM-e1694645953817.jpeg\",\"contentUrl\":\"https:\\\/\\\/fuentesfidedignas.com.mx\\\/wp-content\\\/uploads\\\/2023\\\/09\\\/WhatsApp-Image-2023-09-13-at-3.55.42-PM-e1694645953817.jpeg\",\"width\":600,\"height\":399},{\"@type\":\"BreadcrumbList\",\"@id\":\"https:\\\/\\\/fuentesfidedignas.com.mx\\\/index.php\\\/2023\\\/09\\\/13\\\/todo-listo-manana-es-la-gran-kermes-mexicana-de-dif-sinaloa\\\/#breadcrumb\",\"itemListElement\":[{\"@type\":\"ListItem\",\"position\":1,\"name\":\"Inicio\",\"item\":\"https:\\\/\\\/fuentesfidedignas.com.mx\\\/\"},{\"@type\":\"ListItem\",\"position\":2,\"name\":\"\u00a1Todo listo! Ma\u00f1ana es la Gran Kerm\u00e9s Mexicana de DIF Sinaloa\"}]},{\"@type\":\"WebSite\",\"@id\":\"https:\\\/\\\/fuentesfidedignas.com.mx\\\/#website\",\"url\":\"https:\\\/\\\/fuentesfidedignas.com.mx\\\/\",\"name\":\"Fuentes Fidedignas\",\"description\":\"Otro sitio realizado con WordPress\",\"publisher\":{\"@id\":\"https:\\\/\\\/fuentesfidedignas.com.mx\\\/#organization\"},\"potentialAction\":[{\"@type\":\"SearchAction\",\"target\":{\"@type\":\"EntryPoint\",\"urlTemplate\":\"https:\\\/\\\/fuentesfidedignas.com.mx\\\/?s={search_term_string}\"},\"query-input\":{\"@type\":\"PropertyValueSpecification\",\"valueRequired\":true,\"valueName\":\"search_term_string\"}}],\"inLanguage\":\"es\"},{\"@type\":\"Organization\",\"@id\":\"https:\\\/\\\/fuentesfidedignas.com.mx\\\/#organization\",\"name\":\"Fuentes Fidedignas\",\"url\":\"https:\\\/\\\/fuentesfidedignas.com.mx\\\/\",\"logo\":{\"@type\":\"ImageObject\",\"inLanguage\":\"es\",\"@id\":\"https:\\\/\\\/fuentesfidedignas.com.mx\\\/#\\\/schema\\\/logo\\\/image\\\/\",\"url\":\"https:\\\/\\\/fuentesfidedignas.com.mx\\\/wp-content\\\/uploads\\\/2021\\\/04\\\/logo-retina.png\",\"contentUrl\":\"https:\\\/\\\/fuentesfidedignas.com.mx\\\/wp-content\\\/uploads\\\/2021\\\/04\\\/logo-retina.png\",\"width\":280,\"height\":51,\"caption\":\"Fuentes Fidedignas\"},\"image\":{\"@id\":\"https:\\\/\\\/fuentesfidedignas.com.mx\\\/#\\\/schema\\\/logo\\\/image\\\/\"},\"sameAs\":[\"https:\\\/\\\/www.facebook.com\\\/Fuentes-Fidedignas-368234489921644\",\"https:\\\/\\\/x.com\\\/fidedignas\"]},{\"@type\":\"Person\",\"@id\":\"https:\\\/\\\/fuentesfidedignas.com.mx\\\/#\\\/schema\\\/person\\\/331be9283d37198e2acd5750279085b0\",\"name\":\"Redacci\u00f3n\",\"image\":{\"@type\":\"ImageObject\",\"inLanguage\":\"es\",\"@id\":\"https:\\\/\\\/secure.gravatar.com\\\/avatar\\\/f6d8782c11d12b2d4ad3fbb6931aeab5309937a4d6cd2fc9cfaa28a6396a5aec?s=96&d=mm&r=g\",\"url\":\"https:\\\/\\\/secure.gravatar.com\\\/avatar\\\/f6d8782c11d12b2d4ad3fbb6931aeab5309937a4d6cd2fc9cfaa28a6396a5aec?s=96&d=mm&r=g\",\"contentUrl\":\"https:\\\/\\\/secure.gravatar.com\\\/avatar\\\/f6d8782c11d12b2d4ad3fbb6931aeab5309937a4d6cd2fc9cfaa28a6396a5aec?s=96&d=mm&r=g\",\"caption\":\"Redacci\u00f3n\"},\"url\":\"https:\\\/\\\/fuentesfidedignas.com.mx\\\/index.php\\\/author\\\/redaccion\\\/\"}]}<\/script>\n<!-- \/ Yoast SEO plugin. -->","yoast_head_json":{"title":"\u00a1Todo listo! Ma\u00f1ana es la Gran Kerm\u00e9s Mexicana de DIF Sinaloa - Fuentes Fidedignas","robots":{"index":"index","follow":"follow","max-snippet":"max-snippet:-1","max-image-preview":"max-image-preview:large","max-video-preview":"max-video-preview:-1"},"canonical":"https:\/\/fuentesfidedignas.com.mx\/index.php\/2023\/09\/13\/todo-listo-manana-es-la-gran-kermes-mexicana-de-dif-sinaloa\/","og_locale":"es_MX","og_type":"article","og_title":"\u00a1Todo listo! Ma\u00f1ana es la Gran Kerm\u00e9s Mexicana de DIF Sinaloa - Fuentes Fidedignas","og_description":"Ser\u00e1 ma\u00f1ana jueves 14 de septiembre en el Patio Central de Palacio de Gobierno Culiac\u00e1n, Sin.- En el Sistema DIF Sinaloa ya estamos listos para iniciar los festejos de la Independencia de M\u00e9xico en la \u201cGran Kerm\u00e9s Mexicana\u201d, que en esta ocasi\u00f3n busca recaudar fondos para atender necesidades de los adultos mayores que se encuentran [&hellip;]","og_url":"https:\/\/fuentesfidedignas.com.mx\/index.php\/2023\/09\/13\/todo-listo-manana-es-la-gran-kermes-mexicana-de-dif-sinaloa\/","og_site_name":"Fuentes Fidedignas","article_publisher":"https:\/\/www.facebook.com\/Fuentes-Fidedignas-368234489921644","article_published_time":"2023-09-13T22:59:31+00:00","article_modified_time":"2023-09-14T19:02:35+00:00","og_image":[{"width":600,"height":399,"url":"https:\/\/fuentesfidedignas.com.mx\/wp-content\/uploads\/2023\/09\/WhatsApp-Image-2023-09-13-at-3.55.42-PM-e1694645953817.jpeg","type":"image\/jpeg"}],"author":"Redacci\u00f3n","twitter_card":"summary_large_image","twitter_creator":"@fidedignas","twitter_site":"@fidedignas","twitter_misc":{"Escrito por":"Redacci\u00f3n","Tiempo de lectura":"2 minutos"},"schema":{"@context":"https:\/\/schema.org","@graph":[{"@type":"Article","@id":"https:\/\/fuentesfidedignas.com.mx\/index.php\/2023\/09\/13\/todo-listo-manana-es-la-gran-kermes-mexicana-de-dif-sinaloa\/#article","isPartOf":{"@id":"https:\/\/fuentesfidedignas.com.mx\/index.php\/2023\/09\/13\/todo-listo-manana-es-la-gran-kermes-mexicana-de-dif-sinaloa\/"},"author":{"name":"Redacci\u00f3n","@id":"https:\/\/fuentesfidedignas.com.mx\/#\/schema\/person\/331be9283d37198e2acd5750279085b0"},"headline":"\u00a1Todo listo! Ma\u00f1ana es la Gran Kerm\u00e9s Mexicana de DIF Sinaloa","datePublished":"2023-09-13T22:59:31+00:00","dateModified":"2023-09-14T19:02:35+00:00","mainEntityOfPage":{"@id":"https:\/\/fuentesfidedignas.com.mx\/index.php\/2023\/09\/13\/todo-listo-manana-es-la-gran-kermes-mexicana-de-dif-sinaloa\/"},"wordCount":394,"commentCount":0,"publisher":{"@id":"https:\/\/fuentesfidedignas.com.mx\/#organization"},"image":{"@id":"https:\/\/fuentesfidedignas.com.mx\/index.php\/2023\/09\/13\/todo-listo-manana-es-la-gran-kermes-mexicana-de-dif-sinaloa\/#primaryimage"},"thumbnailUrl":"https:\/\/fuentesfidedignas.com.mx\/wp-content\/uploads\/2023\/09\/WhatsApp-Image-2023-09-13-at-3.55.42-PM-e1694645953817.jpeg","inLanguage":"es","potentialAction":[{"@type":"CommentAction","name":"Comment","target":["https:\/\/fuentesfidedignas.com.mx\/index.php\/2023\/09\/13\/todo-listo-manana-es-la-gran-kermes-mexicana-de-dif-sinaloa\/#respond"]}]},{"@type":"WebPage","@id":"https:\/\/fuentesfidedignas.com.mx\/index.php\/2023\/09\/13\/todo-listo-manana-es-la-gran-kermes-mexicana-de-dif-sinaloa\/","url":"https:\/\/fuentesfidedignas.com.mx\/index.php\/2023\/09\/13\/todo-listo-manana-es-la-gran-kermes-mexicana-de-dif-sinaloa\/","name":"\u00a1Todo listo! Ma\u00f1ana es la Gran Kerm\u00e9s Mexicana de DIF Sinaloa - Fuentes Fidedignas","isPartOf":{"@id":"https:\/\/fuentesfidedignas.com.mx\/#website"},"primaryImageOfPage":{"@id":"https:\/\/fuentesfidedignas.com.mx\/index.php\/2023\/09\/13\/todo-listo-manana-es-la-gran-kermes-mexicana-de-dif-sinaloa\/#primaryimage"},"image":{"@id":"https:\/\/fuentesfidedignas.com.mx\/index.php\/2023\/09\/13\/todo-listo-manana-es-la-gran-kermes-mexicana-de-dif-sinaloa\/#primaryimage"},"thumbnailUrl":"https:\/\/fuentesfidedignas.com.mx\/wp-content\/uploads\/2023\/09\/WhatsApp-Image-2023-09-13-at-3.55.42-PM-e1694645953817.jpeg","datePublished":"2023-09-13T22:59:31+00:00","dateModified":"2023-09-14T19:02:35+00:00","breadcrumb":{"@id":"https:\/\/fuentesfidedignas.com.mx\/index.php\/2023\/09\/13\/todo-listo-manana-es-la-gran-kermes-mexicana-de-dif-sinaloa\/#breadcrumb"},"inLanguage":"es","potentialAction":[{"@type":"ReadAction","target":["https:\/\/fuentesfidedignas.com.mx\/index.php\/2023\/09\/13\/todo-listo-manana-es-la-gran-kermes-mexicana-de-dif-sinaloa\/"]}]},{"@type":"ImageObject","inLanguage":"es","@id":"https:\/\/fuentesfidedignas.com.mx\/index.php\/2023\/09\/13\/todo-listo-manana-es-la-gran-kermes-mexicana-de-dif-sinaloa\/#primaryimage","url":"https:\/\/fuentesfidedignas.com.mx\/wp-content\/uploads\/2023\/09\/WhatsApp-Image-2023-09-13-at-3.55.42-PM-e1694645953817.jpeg","contentUrl":"https:\/\/fuentesfidedignas.com.mx\/wp-content\/uploads\/2023\/09\/WhatsApp-Image-2023-09-13-at-3.55.42-PM-e1694645953817.jpeg","width":600,"height":399},{"@type":"BreadcrumbList","@id":"https:\/\/fuentesfidedignas.com.mx\/index.php\/2023\/09\/13\/todo-listo-manana-es-la-gran-kermes-mexicana-de-dif-sinaloa\/#breadcrumb","itemListElement":[{"@type":"ListItem","position":1,"name":"Inicio","item":"https:\/\/fuentesfidedignas.com.mx\/"},{"@type":"ListItem","position":2,"name":"\u00a1Todo listo! Ma\u00f1ana es la Gran Kerm\u00e9s Mexicana de DIF Sinaloa"}]},{"@type":"WebSite","@id":"https:\/\/fuentesfidedignas.com.mx\/#website","url":"https:\/\/fuentesfidedignas.com.mx\/","name":"Fuentes Fidedignas","description":"Otro sitio realizado con WordPress","publisher":{"@id":"https:\/\/fuentesfidedignas.com.mx\/#organization"},"potentialAction":[{"@type":"SearchAction","target":{"@type":"EntryPoint","urlTemplate":"https:\/\/fuentesfidedignas.com.mx\/?s={search_term_string}"},"query-input":{"@type":"PropertyValueSpecification","valueRequired":true,"valueName":"search_term_string"}}],"inLanguage":"es"},{"@type":"Organization","@id":"https:\/\/fuentesfidedignas.com.mx\/#organization","name":"Fuentes Fidedignas","url":"https:\/\/fuentesfidedignas.com.mx\/","logo":{"@type":"ImageObject","inLanguage":"es","@id":"https:\/\/fuentesfidedignas.com.mx\/#\/schema\/logo\/image\/","url":"https:\/\/fuentesfidedignas.com.mx\/wp-content\/uploads\/2021\/04\/logo-retina.png","contentUrl":"https:\/\/fuentesfidedignas.com.mx\/wp-content\/uploads\/2021\/04\/logo-retina.png","width":280,"height":51,"caption":"Fuentes Fidedignas"},"image":{"@id":"https:\/\/fuentesfidedignas.com.mx\/#\/schema\/logo\/image\/"},"sameAs":["https:\/\/www.facebook.com\/Fuentes-Fidedignas-368234489921644","https:\/\/x.com\/fidedignas"]},{"@type":"Person","@id":"https:\/\/fuentesfidedignas.com.mx\/#\/schema\/person\/331be9283d37198e2acd5750279085b0","name":"Redacci\u00f3n","image":{"@type":"ImageObject","inLanguage":"es","@id":"https:\/\/secure.gravatar.com\/avatar\/f6d8782c11d12b2d4ad3fbb6931aeab5309937a4d6cd2fc9cfaa28a6396a5aec?s=96&d=mm&r=g","url":"https:\/\/secure.gravatar.com\/avatar\/f6d8782c11d12b2d4ad3fbb6931aeab5309937a4d6cd2fc9cfaa28a6396a5aec?s=96&d=mm&r=g","contentUrl":"https:\/\/secure.gravatar.com\/avatar\/f6d8782c11d12b2d4ad3fbb6931aeab5309937a4d6cd2fc9cfaa28a6396a5aec?s=96&d=mm&r=g","caption":"Redacci\u00f3n"},"url":"https:\/\/fuentesfidedignas.com.mx\/index.php\/author\/redaccion\/"}]}},"_links":{"self":[{"href":"https:\/\/fuentesfidedignas.com.mx\/index.php\/wp-json\/wp\/v2\/posts\/58960","targetHints":{"allow":["GET"]}}],"collection":[{"href":"https:\/\/fuentesfidedignas.com.mx\/index.php\/wp-json\/wp\/v2\/posts"}],"about":[{"href":"https:\/\/fuentesfidedignas.com.mx\/index.php\/wp-json\/wp\/v2\/types\/post"}],"author":[{"embeddable":true,"href":"https:\/\/fuentesfidedignas.com.mx\/index.php\/wp-json\/wp\/v2\/users\/4"}],"replies":[{"embeddable":true,"href":"https:\/\/fuentesfidedignas.com.mx\/index.php\/wp-json\/wp\/v2\/comments?post=58960"}],"version-history":[{"count":2,"href":"https:\/\/fuentesfidedignas.com.mx\/index.php\/wp-json\/wp\/v2\/posts\/58960\/revisions"}],"predecessor-version":[{"id":58964,"href":"https:\/\/fuentesfidedignas.com.mx\/index.php\/wp-json\/wp\/v2\/posts\/58960\/revisions\/58964"}],"wp:featuredmedia":[{"embeddable":true,"href":"https:\/\/fuentesfidedignas.com.mx\/index.php\/wp-json\/wp\/v2\/media\/58961"}],"wp:attachment":[{"href":"https:\/\/fuentesfidedignas.com.mx\/index.php\/wp-json\/wp\/v2\/media?parent=58960"}],"wp:term":[{"taxonomy":"category","embeddable":true,"href":"https:\/\/fuentesfidedignas.com.mx\/index.php\/wp-json\/wp\/v2\/categories?post=58960"},{"taxonomy":"post_tag","embeddable":true,"href":"https:\/\/fuentesfidedignas.com.mx\/index.php\/wp-json\/wp\/v2\/tags?post=58960"}],"curies":[{"name":"wp","href":"https:\/\/api.w.org\/{rel}","templated":true}]}}