{"id":58885,"date":"2023-09-13T10:33:58","date_gmt":"2023-09-13T17:33:58","guid":{"rendered":"https:\/\/fuentesfidedignas.com.mx\/?p=58885"},"modified":"2023-09-13T10:58:03","modified_gmt":"2023-09-13T17:58:03","slug":"conmemoran-la-gesta-heroica-de-los-ninos-heroes-de-chapultepec","status":"publish","type":"post","link":"https:\/\/fuentesfidedignas.com.mx\/index.php\/2023\/09\/13\/conmemoran-la-gesta-heroica-de-los-ninos-heroes-de-chapultepec\/","title":{"rendered":"Conmemoran la Gesta Heroica de Los Ni\u00f1os H\u00e9roes de Chapultepec"},"content":{"rendered":"\n<p>\u2022 <em>Graciela Dom\u00ednguez llev\u00f3 la representaci\u00f3n del Poder Ejecutivo<\/em><\/p>\n\n\n\n<p><em>Culiac\u00e1n, Sin.-<\/em> La Secretaria de Educaci\u00f3n P\u00fablica y Cultura, Graciela Dom\u00ednguez Nava encabez\u00f3 el acto c\u00edvico en conmemoraci\u00f3n del 176 aniversario de la Gesta Heroica de Los Ni\u00f1os H\u00e9roes de Chapultepec.<\/p>\n\n\n\n<figure class=\"wp-block-gallery has-nested-images columns-default is-cropped wp-block-gallery-1 is-layout-flex wp-block-gallery-is-layout-flex\">\n<figure class=\"wp-block-image size-large\"><img decoding=\"async\" width=\"1024\" height=\"683\" data-id=\"58886\" src=\"https:\/\/fuentesfidedignas.com.mx\/wp-content\/uploads\/2023\/09\/1000126537.jpg\" alt=\"\" class=\"wp-image-58886\" srcset=\"https:\/\/fuentesfidedignas.com.mx\/wp-content\/uploads\/2023\/09\/1000126537.jpg 1024w, https:\/\/fuentesfidedignas.com.mx\/wp-content\/uploads\/2023\/09\/1000126537-300x200.jpg 300w, https:\/\/fuentesfidedignas.com.mx\/wp-content\/uploads\/2023\/09\/1000126537-768x512.jpg 768w\" sizes=\"(max-width: 1024px) 100vw, 1024px\" \/><\/figure>\n\n\n\n<figure class=\"wp-block-image size-large\"><img decoding=\"async\" width=\"1024\" height=\"660\" data-id=\"58887\" src=\"https:\/\/fuentesfidedignas.com.mx\/wp-content\/uploads\/2023\/09\/1000126526.jpg\" alt=\"\" class=\"wp-image-58887\" srcset=\"https:\/\/fuentesfidedignas.com.mx\/wp-content\/uploads\/2023\/09\/1000126526.jpg 1024w, https:\/\/fuentesfidedignas.com.mx\/wp-content\/uploads\/2023\/09\/1000126526-300x193.jpg 300w, https:\/\/fuentesfidedignas.com.mx\/wp-content\/uploads\/2023\/09\/1000126526-768x495.jpg 768w\" sizes=\"(max-width: 1024px) 100vw, 1024px\" \/><\/figure>\n\n\n\n<figure class=\"wp-block-image size-large\"><img decoding=\"async\" width=\"1024\" height=\"672\" data-id=\"58888\" src=\"https:\/\/fuentesfidedignas.com.mx\/wp-content\/uploads\/2023\/09\/1000126527.jpg\" alt=\"\" class=\"wp-image-58888\" srcset=\"https:\/\/fuentesfidedignas.com.mx\/wp-content\/uploads\/2023\/09\/1000126527.jpg 1024w, https:\/\/fuentesfidedignas.com.mx\/wp-content\/uploads\/2023\/09\/1000126527-300x197.jpg 300w, https:\/\/fuentesfidedignas.com.mx\/wp-content\/uploads\/2023\/09\/1000126527-768x504.jpg 768w\" sizes=\"(max-width: 1024px) 100vw, 1024px\" \/><\/figure>\n\n\n\n<figure class=\"wp-block-image size-large\"><img decoding=\"async\" width=\"1024\" height=\"775\" data-id=\"58890\" src=\"https:\/\/fuentesfidedignas.com.mx\/wp-content\/uploads\/2023\/09\/1000126528.jpg\" alt=\"\" class=\"wp-image-58890\" srcset=\"https:\/\/fuentesfidedignas.com.mx\/wp-content\/uploads\/2023\/09\/1000126528.jpg 1024w, https:\/\/fuentesfidedignas.com.mx\/wp-content\/uploads\/2023\/09\/1000126528-300x227.jpg 300w, https:\/\/fuentesfidedignas.com.mx\/wp-content\/uploads\/2023\/09\/1000126528-768x581.jpg 768w\" sizes=\"(max-width: 1024px) 100vw, 1024px\" \/><\/figure>\n\n\n\n<figure class=\"wp-block-image size-large\"><img decoding=\"async\" width=\"1024\" height=\"683\" data-id=\"58889\" src=\"https:\/\/fuentesfidedignas.com.mx\/wp-content\/uploads\/2023\/09\/1000126529.jpg\" alt=\"\" class=\"wp-image-58889\" srcset=\"https:\/\/fuentesfidedignas.com.mx\/wp-content\/uploads\/2023\/09\/1000126529.jpg 1024w, https:\/\/fuentesfidedignas.com.mx\/wp-content\/uploads\/2023\/09\/1000126529-300x200.jpg 300w, https:\/\/fuentesfidedignas.com.mx\/wp-content\/uploads\/2023\/09\/1000126529-768x512.jpg 768w\" sizes=\"(max-width: 1024px) 100vw, 1024px\" \/><\/figure>\n\n\n\n<figure class=\"wp-block-image size-large\"><img decoding=\"async\" width=\"1024\" height=\"683\" data-id=\"58891\" src=\"https:\/\/fuentesfidedignas.com.mx\/wp-content\/uploads\/2023\/09\/1000126530.jpg\" alt=\"\" class=\"wp-image-58891\" srcset=\"https:\/\/fuentesfidedignas.com.mx\/wp-content\/uploads\/2023\/09\/1000126530.jpg 1024w, https:\/\/fuentesfidedignas.com.mx\/wp-content\/uploads\/2023\/09\/1000126530-300x200.jpg 300w, https:\/\/fuentesfidedignas.com.mx\/wp-content\/uploads\/2023\/09\/1000126530-768x512.jpg 768w\" sizes=\"(max-width: 1024px) 100vw, 1024px\" \/><\/figure>\n<\/figure>\n\n\n\n<p>La funcionaria llev\u00f3 la representaci\u00f3n personal del Gobernador Rub\u00e9n Rocha Moya, l\u00edder del Poder Ejecutivo. Asimismo, en representaci\u00f3n del Poder Legislativo asisti\u00f3 la Diputada Cecilia Covarrubias Gonz\u00e1lez, Presidenta de la Comisi\u00f3n de Transparencia, Anticorrupci\u00f3n y Participaci\u00f3n Ciudadana; la representaci\u00f3n del Gobierno Municipal la llev\u00f3 la Lic. Mar\u00eda del Rosario Valdez P\u00e1ez, S\u00edndica Procuradora del Ayuntamiento de Culiac\u00e1n y en Representaci\u00f3n de la Base A\u00e9rea Militar No. 10 en Sinaloa, asisti\u00f3 el Coronel F.A.P.A.D.E.M.A J. Jes\u00fas Loyola S\u00e1nchez.<\/p>\n\n\n\n<p>El acto heorico se conmemor\u00f3 con izamiento a media asta para recordar la defensa del Castillo de Chapultepec que estaba siendo atacado por el ej\u00e9rcito de Estados Unidos, suceso acontecido el 13 de septiembre 1847, cuando los cadetes del Colegio Militar Juan Escutia, Agust\u00edn Melgar, Juan de la Barrera, Vicente Su\u00e1rez, Francisco M\u00e1rquez y Fernando Montes de Oca entregaron su vida en defensa de la Patria.<\/p>\n","protected":false},"excerpt":{"rendered":"<p>\u2022 Graciela Dom\u00ednguez llev\u00f3 la representaci\u00f3n del Poder Ejecutivo Culiac\u00e1n, Sin.- La Secretaria de Educaci\u00f3n P\u00fablica y Cultura, Graciela Dom\u00ednguez Nava encabez\u00f3 el acto c\u00edvico en conmemoraci\u00f3n del 176 aniversario de la Gesta Heroica de Los Ni\u00f1os H\u00e9roes de Chapultepec. La funcionaria llev\u00f3 la representaci\u00f3n personal del Gobernador Rub\u00e9n Rocha Moya, l\u00edder del Poder Ejecutivo. [&hellip;]<\/p>\n","protected":false},"author":4,"featured_media":58893,"comment_status":"open","ping_status":"open","sticky":false,"template":"","format":"standard","meta":{"tdm_status":"","tdm_grid_status":"","footnotes":""},"categories":[1],"tags":[],"class_list":{"0":"post-58885","1":"post","2":"type-post","3":"status-publish","4":"format-standard","5":"has-post-thumbnail","7":"category-sin-categoria"},"yoast_head":"<!-- This site is optimized with the Yoast SEO plugin v27.5 - https:\/\/yoast.com\/product\/yoast-seo-wordpress\/ -->\n<title>Conmemoran la Gesta Heroica de Los Ni\u00f1os H\u00e9roes de Chapultepec - Fuentes Fidedignas<\/title>\n<meta name=\"robots\" content=\"index, follow, max-snippet:-1, max-image-preview:large, max-video-preview:-1\" \/>\n<link rel=\"canonical\" href=\"https:\/\/fuentesfidedignas.com.mx\/index.php\/2023\/09\/13\/conmemoran-la-gesta-heroica-de-los-ninos-heroes-de-chapultepec\/\" \/>\n<meta property=\"og:locale\" content=\"es_MX\" \/>\n<meta property=\"og:type\" content=\"article\" \/>\n<meta property=\"og:title\" content=\"Conmemoran la Gesta Heroica de Los Ni\u00f1os H\u00e9roes de Chapultepec - Fuentes Fidedignas\" \/>\n<meta property=\"og:description\" content=\"\u2022 Graciela Dom\u00ednguez llev\u00f3 la representaci\u00f3n del Poder Ejecutivo Culiac\u00e1n, Sin.- La Secretaria de Educaci\u00f3n P\u00fablica y Cultura, Graciela Dom\u00ednguez Nava encabez\u00f3 el acto c\u00edvico en conmemoraci\u00f3n del 176 aniversario de la Gesta Heroica de Los Ni\u00f1os H\u00e9roes de Chapultepec. La funcionaria llev\u00f3 la representaci\u00f3n personal del Gobernador Rub\u00e9n Rocha Moya, l\u00edder del Poder Ejecutivo. [&hellip;]\" \/>\n<meta property=\"og:url\" content=\"https:\/\/fuentesfidedignas.com.mx\/index.php\/2023\/09\/13\/conmemoran-la-gesta-heroica-de-los-ninos-heroes-de-chapultepec\/\" \/>\n<meta property=\"og:site_name\" content=\"Fuentes Fidedignas\" \/>\n<meta property=\"article:publisher\" content=\"https:\/\/www.facebook.com\/Fuentes-Fidedignas-368234489921644\" \/>\n<meta property=\"article:published_time\" content=\"2023-09-13T17:33:58+00:00\" \/>\n<meta property=\"article:modified_time\" content=\"2023-09-13T17:58:03+00:00\" \/>\n<meta property=\"og:image\" content=\"https:\/\/fuentesfidedignas.com.mx\/wp-content\/uploads\/2023\/09\/IMG-20230913-WA0004.jpg\" \/>\n\t<meta property=\"og:image:width\" content=\"1024\" \/>\n\t<meta property=\"og:image:height\" content=\"857\" \/>\n\t<meta property=\"og:image:type\" content=\"image\/jpeg\" \/>\n<meta name=\"author\" content=\"Redacci\u00f3n\" \/>\n<meta name=\"twitter:card\" content=\"summary_large_image\" \/>\n<meta name=\"twitter:creator\" content=\"@fidedignas\" \/>\n<meta name=\"twitter:site\" content=\"@fidedignas\" \/>\n<meta name=\"twitter:label1\" content=\"Escrito por\" \/>\n\t<meta name=\"twitter:data1\" content=\"Redacci\u00f3n\" \/>\n\t<meta name=\"twitter:label2\" content=\"Tiempo de lectura\" \/>\n\t<meta name=\"twitter:data2\" content=\"3 minutos\" \/>\n<script type=\"application\/ld+json\" class=\"yoast-schema-graph\">{\"@context\":\"https:\\\/\\\/schema.org\",\"@graph\":[{\"@type\":\"Article\",\"@id\":\"https:\\\/\\\/fuentesfidedignas.com.mx\\\/index.php\\\/2023\\\/09\\\/13\\\/conmemoran-la-gesta-heroica-de-los-ninos-heroes-de-chapultepec\\\/#article\",\"isPartOf\":{\"@id\":\"https:\\\/\\\/fuentesfidedignas.com.mx\\\/index.php\\\/2023\\\/09\\\/13\\\/conmemoran-la-gesta-heroica-de-los-ninos-heroes-de-chapultepec\\\/\"},\"author\":{\"name\":\"Redacci\u00f3n\",\"@id\":\"https:\\\/\\\/fuentesfidedignas.com.mx\\\/#\\\/schema\\\/person\\\/331be9283d37198e2acd5750279085b0\"},\"headline\":\"Conmemoran la Gesta Heroica de Los Ni\u00f1os H\u00e9roes de Chapultepec\",\"datePublished\":\"2023-09-13T17:33:58+00:00\",\"dateModified\":\"2023-09-13T17:58:03+00:00\",\"mainEntityOfPage\":{\"@id\":\"https:\\\/\\\/fuentesfidedignas.com.mx\\\/index.php\\\/2023\\\/09\\\/13\\\/conmemoran-la-gesta-heroica-de-los-ninos-heroes-de-chapultepec\\\/\"},\"wordCount\":229,\"commentCount\":0,\"publisher\":{\"@id\":\"https:\\\/\\\/fuentesfidedignas.com.mx\\\/#organization\"},\"image\":{\"@id\":\"https:\\\/\\\/fuentesfidedignas.com.mx\\\/index.php\\\/2023\\\/09\\\/13\\\/conmemoran-la-gesta-heroica-de-los-ninos-heroes-de-chapultepec\\\/#primaryimage\"},\"thumbnailUrl\":\"https:\\\/\\\/fuentesfidedignas.com.mx\\\/wp-content\\\/uploads\\\/2023\\\/09\\\/IMG-20230913-WA0004.jpg\",\"inLanguage\":\"es\",\"potentialAction\":[{\"@type\":\"CommentAction\",\"name\":\"Comment\",\"target\":[\"https:\\\/\\\/fuentesfidedignas.com.mx\\\/index.php\\\/2023\\\/09\\\/13\\\/conmemoran-la-gesta-heroica-de-los-ninos-heroes-de-chapultepec\\\/#respond\"]}]},{\"@type\":\"WebPage\",\"@id\":\"https:\\\/\\\/fuentesfidedignas.com.mx\\\/index.php\\\/2023\\\/09\\\/13\\\/conmemoran-la-gesta-heroica-de-los-ninos-heroes-de-chapultepec\\\/\",\"url\":\"https:\\\/\\\/fuentesfidedignas.com.mx\\\/index.php\\\/2023\\\/09\\\/13\\\/conmemoran-la-gesta-heroica-de-los-ninos-heroes-de-chapultepec\\\/\",\"name\":\"Conmemoran la Gesta Heroica de Los Ni\u00f1os H\u00e9roes de Chapultepec - Fuentes Fidedignas\",\"isPartOf\":{\"@id\":\"https:\\\/\\\/fuentesfidedignas.com.mx\\\/#website\"},\"primaryImageOfPage\":{\"@id\":\"https:\\\/\\\/fuentesfidedignas.com.mx\\\/index.php\\\/2023\\\/09\\\/13\\\/conmemoran-la-gesta-heroica-de-los-ninos-heroes-de-chapultepec\\\/#primaryimage\"},\"image\":{\"@id\":\"https:\\\/\\\/fuentesfidedignas.com.mx\\\/index.php\\\/2023\\\/09\\\/13\\\/conmemoran-la-gesta-heroica-de-los-ninos-heroes-de-chapultepec\\\/#primaryimage\"},\"thumbnailUrl\":\"https:\\\/\\\/fuentesfidedignas.com.mx\\\/wp-content\\\/uploads\\\/2023\\\/09\\\/IMG-20230913-WA0004.jpg\",\"datePublished\":\"2023-09-13T17:33:58+00:00\",\"dateModified\":\"2023-09-13T17:58:03+00:00\",\"breadcrumb\":{\"@id\":\"https:\\\/\\\/fuentesfidedignas.com.mx\\\/index.php\\\/2023\\\/09\\\/13\\\/conmemoran-la-gesta-heroica-de-los-ninos-heroes-de-chapultepec\\\/#breadcrumb\"},\"inLanguage\":\"es\",\"potentialAction\":[{\"@type\":\"ReadAction\",\"target\":[\"https:\\\/\\\/fuentesfidedignas.com.mx\\\/index.php\\\/2023\\\/09\\\/13\\\/conmemoran-la-gesta-heroica-de-los-ninos-heroes-de-chapultepec\\\/\"]}]},{\"@type\":\"ImageObject\",\"inLanguage\":\"es\",\"@id\":\"https:\\\/\\\/fuentesfidedignas.com.mx\\\/index.php\\\/2023\\\/09\\\/13\\\/conmemoran-la-gesta-heroica-de-los-ninos-heroes-de-chapultepec\\\/#primaryimage\",\"url\":\"https:\\\/\\\/fuentesfidedignas.com.mx\\\/wp-content\\\/uploads\\\/2023\\\/09\\\/IMG-20230913-WA0004.jpg\",\"contentUrl\":\"https:\\\/\\\/fuentesfidedignas.com.mx\\\/wp-content\\\/uploads\\\/2023\\\/09\\\/IMG-20230913-WA0004.jpg\",\"width\":1024,\"height\":857},{\"@type\":\"BreadcrumbList\",\"@id\":\"https:\\\/\\\/fuentesfidedignas.com.mx\\\/index.php\\\/2023\\\/09\\\/13\\\/conmemoran-la-gesta-heroica-de-los-ninos-heroes-de-chapultepec\\\/#breadcrumb\",\"itemListElement\":[{\"@type\":\"ListItem\",\"position\":1,\"name\":\"Inicio\",\"item\":\"https:\\\/\\\/fuentesfidedignas.com.mx\\\/\"},{\"@type\":\"ListItem\",\"position\":2,\"name\":\"Conmemoran la Gesta Heroica de Los Ni\u00f1os H\u00e9roes de Chapultepec\"}]},{\"@type\":\"WebSite\",\"@id\":\"https:\\\/\\\/fuentesfidedignas.com.mx\\\/#website\",\"url\":\"https:\\\/\\\/fuentesfidedignas.com.mx\\\/\",\"name\":\"Fuentes Fidedignas\",\"description\":\"Otro sitio realizado con WordPress\",\"publisher\":{\"@id\":\"https:\\\/\\\/fuentesfidedignas.com.mx\\\/#organization\"},\"potentialAction\":[{\"@type\":\"SearchAction\",\"target\":{\"@type\":\"EntryPoint\",\"urlTemplate\":\"https:\\\/\\\/fuentesfidedignas.com.mx\\\/?s={search_term_string}\"},\"query-input\":{\"@type\":\"PropertyValueSpecification\",\"valueRequired\":true,\"valueName\":\"search_term_string\"}}],\"inLanguage\":\"es\"},{\"@type\":\"Organization\",\"@id\":\"https:\\\/\\\/fuentesfidedignas.com.mx\\\/#organization\",\"name\":\"Fuentes Fidedignas\",\"url\":\"https:\\\/\\\/fuentesfidedignas.com.mx\\\/\",\"logo\":{\"@type\":\"ImageObject\",\"inLanguage\":\"es\",\"@id\":\"https:\\\/\\\/fuentesfidedignas.com.mx\\\/#\\\/schema\\\/logo\\\/image\\\/\",\"url\":\"https:\\\/\\\/fuentesfidedignas.com.mx\\\/wp-content\\\/uploads\\\/2021\\\/04\\\/logo-retina.png\",\"contentUrl\":\"https:\\\/\\\/fuentesfidedignas.com.mx\\\/wp-content\\\/uploads\\\/2021\\\/04\\\/logo-retina.png\",\"width\":280,\"height\":51,\"caption\":\"Fuentes Fidedignas\"},\"image\":{\"@id\":\"https:\\\/\\\/fuentesfidedignas.com.mx\\\/#\\\/schema\\\/logo\\\/image\\\/\"},\"sameAs\":[\"https:\\\/\\\/www.facebook.com\\\/Fuentes-Fidedignas-368234489921644\",\"https:\\\/\\\/x.com\\\/fidedignas\"]},{\"@type\":\"Person\",\"@id\":\"https:\\\/\\\/fuentesfidedignas.com.mx\\\/#\\\/schema\\\/person\\\/331be9283d37198e2acd5750279085b0\",\"name\":\"Redacci\u00f3n\",\"image\":{\"@type\":\"ImageObject\",\"inLanguage\":\"es\",\"@id\":\"https:\\\/\\\/secure.gravatar.com\\\/avatar\\\/f6d8782c11d12b2d4ad3fbb6931aeab5309937a4d6cd2fc9cfaa28a6396a5aec?s=96&d=mm&r=g\",\"url\":\"https:\\\/\\\/secure.gravatar.com\\\/avatar\\\/f6d8782c11d12b2d4ad3fbb6931aeab5309937a4d6cd2fc9cfaa28a6396a5aec?s=96&d=mm&r=g\",\"contentUrl\":\"https:\\\/\\\/secure.gravatar.com\\\/avatar\\\/f6d8782c11d12b2d4ad3fbb6931aeab5309937a4d6cd2fc9cfaa28a6396a5aec?s=96&d=mm&r=g\",\"caption\":\"Redacci\u00f3n\"},\"url\":\"https:\\\/\\\/fuentesfidedignas.com.mx\\\/index.php\\\/author\\\/redaccion\\\/\"}]}<\/script>\n<!-- \/ Yoast SEO plugin. -->","yoast_head_json":{"title":"Conmemoran la Gesta Heroica de Los Ni\u00f1os H\u00e9roes de Chapultepec - Fuentes Fidedignas","robots":{"index":"index","follow":"follow","max-snippet":"max-snippet:-1","max-image-preview":"max-image-preview:large","max-video-preview":"max-video-preview:-1"},"canonical":"https:\/\/fuentesfidedignas.com.mx\/index.php\/2023\/09\/13\/conmemoran-la-gesta-heroica-de-los-ninos-heroes-de-chapultepec\/","og_locale":"es_MX","og_type":"article","og_title":"Conmemoran la Gesta Heroica de Los Ni\u00f1os H\u00e9roes de Chapultepec - Fuentes Fidedignas","og_description":"\u2022 Graciela Dom\u00ednguez llev\u00f3 la representaci\u00f3n del Poder Ejecutivo Culiac\u00e1n, Sin.- La Secretaria de Educaci\u00f3n P\u00fablica y Cultura, Graciela Dom\u00ednguez Nava encabez\u00f3 el acto c\u00edvico en conmemoraci\u00f3n del 176 aniversario de la Gesta Heroica de Los Ni\u00f1os H\u00e9roes de Chapultepec. La funcionaria llev\u00f3 la representaci\u00f3n personal del Gobernador Rub\u00e9n Rocha Moya, l\u00edder del Poder Ejecutivo. [&hellip;]","og_url":"https:\/\/fuentesfidedignas.com.mx\/index.php\/2023\/09\/13\/conmemoran-la-gesta-heroica-de-los-ninos-heroes-de-chapultepec\/","og_site_name":"Fuentes Fidedignas","article_publisher":"https:\/\/www.facebook.com\/Fuentes-Fidedignas-368234489921644","article_published_time":"2023-09-13T17:33:58+00:00","article_modified_time":"2023-09-13T17:58:03+00:00","og_image":[{"width":1024,"height":857,"url":"https:\/\/fuentesfidedignas.com.mx\/wp-content\/uploads\/2023\/09\/IMG-20230913-WA0004.jpg","type":"image\/jpeg"}],"author":"Redacci\u00f3n","twitter_card":"summary_large_image","twitter_creator":"@fidedignas","twitter_site":"@fidedignas","twitter_misc":{"Escrito por":"Redacci\u00f3n","Tiempo de lectura":"3 minutos"},"schema":{"@context":"https:\/\/schema.org","@graph":[{"@type":"Article","@id":"https:\/\/fuentesfidedignas.com.mx\/index.php\/2023\/09\/13\/conmemoran-la-gesta-heroica-de-los-ninos-heroes-de-chapultepec\/#article","isPartOf":{"@id":"https:\/\/fuentesfidedignas.com.mx\/index.php\/2023\/09\/13\/conmemoran-la-gesta-heroica-de-los-ninos-heroes-de-chapultepec\/"},"author":{"name":"Redacci\u00f3n","@id":"https:\/\/fuentesfidedignas.com.mx\/#\/schema\/person\/331be9283d37198e2acd5750279085b0"},"headline":"Conmemoran la Gesta Heroica de Los Ni\u00f1os H\u00e9roes de Chapultepec","datePublished":"2023-09-13T17:33:58+00:00","dateModified":"2023-09-13T17:58:03+00:00","mainEntityOfPage":{"@id":"https:\/\/fuentesfidedignas.com.mx\/index.php\/2023\/09\/13\/conmemoran-la-gesta-heroica-de-los-ninos-heroes-de-chapultepec\/"},"wordCount":229,"commentCount":0,"publisher":{"@id":"https:\/\/fuentesfidedignas.com.mx\/#organization"},"image":{"@id":"https:\/\/fuentesfidedignas.com.mx\/index.php\/2023\/09\/13\/conmemoran-la-gesta-heroica-de-los-ninos-heroes-de-chapultepec\/#primaryimage"},"thumbnailUrl":"https:\/\/fuentesfidedignas.com.mx\/wp-content\/uploads\/2023\/09\/IMG-20230913-WA0004.jpg","inLanguage":"es","potentialAction":[{"@type":"CommentAction","name":"Comment","target":["https:\/\/fuentesfidedignas.com.mx\/index.php\/2023\/09\/13\/conmemoran-la-gesta-heroica-de-los-ninos-heroes-de-chapultepec\/#respond"]}]},{"@type":"WebPage","@id":"https:\/\/fuentesfidedignas.com.mx\/index.php\/2023\/09\/13\/conmemoran-la-gesta-heroica-de-los-ninos-heroes-de-chapultepec\/","url":"https:\/\/fuentesfidedignas.com.mx\/index.php\/2023\/09\/13\/conmemoran-la-gesta-heroica-de-los-ninos-heroes-de-chapultepec\/","name":"Conmemoran la Gesta Heroica de Los Ni\u00f1os H\u00e9roes de Chapultepec - Fuentes Fidedignas","isPartOf":{"@id":"https:\/\/fuentesfidedignas.com.mx\/#website"},"primaryImageOfPage":{"@id":"https:\/\/fuentesfidedignas.com.mx\/index.php\/2023\/09\/13\/conmemoran-la-gesta-heroica-de-los-ninos-heroes-de-chapultepec\/#primaryimage"},"image":{"@id":"https:\/\/fuentesfidedignas.com.mx\/index.php\/2023\/09\/13\/conmemoran-la-gesta-heroica-de-los-ninos-heroes-de-chapultepec\/#primaryimage"},"thumbnailUrl":"https:\/\/fuentesfidedignas.com.mx\/wp-content\/uploads\/2023\/09\/IMG-20230913-WA0004.jpg","datePublished":"2023-09-13T17:33:58+00:00","dateModified":"2023-09-13T17:58:03+00:00","breadcrumb":{"@id":"https:\/\/fuentesfidedignas.com.mx\/index.php\/2023\/09\/13\/conmemoran-la-gesta-heroica-de-los-ninos-heroes-de-chapultepec\/#breadcrumb"},"inLanguage":"es","potentialAction":[{"@type":"ReadAction","target":["https:\/\/fuentesfidedignas.com.mx\/index.php\/2023\/09\/13\/conmemoran-la-gesta-heroica-de-los-ninos-heroes-de-chapultepec\/"]}]},{"@type":"ImageObject","inLanguage":"es","@id":"https:\/\/fuentesfidedignas.com.mx\/index.php\/2023\/09\/13\/conmemoran-la-gesta-heroica-de-los-ninos-heroes-de-chapultepec\/#primaryimage","url":"https:\/\/fuentesfidedignas.com.mx\/wp-content\/uploads\/2023\/09\/IMG-20230913-WA0004.jpg","contentUrl":"https:\/\/fuentesfidedignas.com.mx\/wp-content\/uploads\/2023\/09\/IMG-20230913-WA0004.jpg","width":1024,"height":857},{"@type":"BreadcrumbList","@id":"https:\/\/fuentesfidedignas.com.mx\/index.php\/2023\/09\/13\/conmemoran-la-gesta-heroica-de-los-ninos-heroes-de-chapultepec\/#breadcrumb","itemListElement":[{"@type":"ListItem","position":1,"name":"Inicio","item":"https:\/\/fuentesfidedignas.com.mx\/"},{"@type":"ListItem","position":2,"name":"Conmemoran la Gesta Heroica de Los Ni\u00f1os H\u00e9roes de Chapultepec"}]},{"@type":"WebSite","@id":"https:\/\/fuentesfidedignas.com.mx\/#website","url":"https:\/\/fuentesfidedignas.com.mx\/","name":"Fuentes Fidedignas","description":"Otro sitio realizado con WordPress","publisher":{"@id":"https:\/\/fuentesfidedignas.com.mx\/#organization"},"potentialAction":[{"@type":"SearchAction","target":{"@type":"EntryPoint","urlTemplate":"https:\/\/fuentesfidedignas.com.mx\/?s={search_term_string}"},"query-input":{"@type":"PropertyValueSpecification","valueRequired":true,"valueName":"search_term_string"}}],"inLanguage":"es"},{"@type":"Organization","@id":"https:\/\/fuentesfidedignas.com.mx\/#organization","name":"Fuentes Fidedignas","url":"https:\/\/fuentesfidedignas.com.mx\/","logo":{"@type":"ImageObject","inLanguage":"es","@id":"https:\/\/fuentesfidedignas.com.mx\/#\/schema\/logo\/image\/","url":"https:\/\/fuentesfidedignas.com.mx\/wp-content\/uploads\/2021\/04\/logo-retina.png","contentUrl":"https:\/\/fuentesfidedignas.com.mx\/wp-content\/uploads\/2021\/04\/logo-retina.png","width":280,"height":51,"caption":"Fuentes Fidedignas"},"image":{"@id":"https:\/\/fuentesfidedignas.com.mx\/#\/schema\/logo\/image\/"},"sameAs":["https:\/\/www.facebook.com\/Fuentes-Fidedignas-368234489921644","https:\/\/x.com\/fidedignas"]},{"@type":"Person","@id":"https:\/\/fuentesfidedignas.com.mx\/#\/schema\/person\/331be9283d37198e2acd5750279085b0","name":"Redacci\u00f3n","image":{"@type":"ImageObject","inLanguage":"es","@id":"https:\/\/secure.gravatar.com\/avatar\/f6d8782c11d12b2d4ad3fbb6931aeab5309937a4d6cd2fc9cfaa28a6396a5aec?s=96&d=mm&r=g","url":"https:\/\/secure.gravatar.com\/avatar\/f6d8782c11d12b2d4ad3fbb6931aeab5309937a4d6cd2fc9cfaa28a6396a5aec?s=96&d=mm&r=g","contentUrl":"https:\/\/secure.gravatar.com\/avatar\/f6d8782c11d12b2d4ad3fbb6931aeab5309937a4d6cd2fc9cfaa28a6396a5aec?s=96&d=mm&r=g","caption":"Redacci\u00f3n"},"url":"https:\/\/fuentesfidedignas.com.mx\/index.php\/author\/redaccion\/"}]}},"_links":{"self":[{"href":"https:\/\/fuentesfidedignas.com.mx\/index.php\/wp-json\/wp\/v2\/posts\/58885","targetHints":{"allow":["GET"]}}],"collection":[{"href":"https:\/\/fuentesfidedignas.com.mx\/index.php\/wp-json\/wp\/v2\/posts"}],"about":[{"href":"https:\/\/fuentesfidedignas.com.mx\/index.php\/wp-json\/wp\/v2\/types\/post"}],"author":[{"embeddable":true,"href":"https:\/\/fuentesfidedignas.com.mx\/index.php\/wp-json\/wp\/v2\/users\/4"}],"replies":[{"embeddable":true,"href":"https:\/\/fuentesfidedignas.com.mx\/index.php\/wp-json\/wp\/v2\/comments?post=58885"}],"version-history":[{"count":1,"href":"https:\/\/fuentesfidedignas.com.mx\/index.php\/wp-json\/wp\/v2\/posts\/58885\/revisions"}],"predecessor-version":[{"id":58892,"href":"https:\/\/fuentesfidedignas.com.mx\/index.php\/wp-json\/wp\/v2\/posts\/58885\/revisions\/58892"}],"wp:featuredmedia":[{"embeddable":true,"href":"https:\/\/fuentesfidedignas.com.mx\/index.php\/wp-json\/wp\/v2\/media\/58893"}],"wp:attachment":[{"href":"https:\/\/fuentesfidedignas.com.mx\/index.php\/wp-json\/wp\/v2\/media?parent=58885"}],"wp:term":[{"taxonomy":"category","embeddable":true,"href":"https:\/\/fuentesfidedignas.com.mx\/index.php\/wp-json\/wp\/v2\/categories?post=58885"},{"taxonomy":"post_tag","embeddable":true,"href":"https:\/\/fuentesfidedignas.com.mx\/index.php\/wp-json\/wp\/v2\/tags?post=58885"}],"curies":[{"name":"wp","href":"https:\/\/api.w.org\/{rel}","templated":true}]}}