{"id":58878,"date":"2023-09-13T09:07:57","date_gmt":"2023-09-13T16:07:57","guid":{"rendered":"https:\/\/fuentesfidedignas.com.mx\/?p=58878"},"modified":"2023-09-13T09:29:02","modified_gmt":"2023-09-13T16:29:02","slug":"colectivos-hallan-en-tijuana-seis-cadaveres-en-dos-fosas-clandestinas","status":"publish","type":"post","link":"https:\/\/fuentesfidedignas.com.mx\/index.php\/2023\/09\/13\/colectivos-hallan-en-tijuana-seis-cadaveres-en-dos-fosas-clandestinas\/","title":{"rendered":"Colectivos hallan en Tijuana seis cad\u00e1veres en dos fosas clandestinas"},"content":{"rendered":"\n<p><strong><em>Dos movilizaciones en Tijuana llevaron a colectivos que buscan personas desaparecidas a encontrar al menos seis cad\u00e1veres<\/em><\/strong><\/p>\n\n\n\n<p>Baja California.  Miembros de tres colectivos hallaron en\u00a0<strong>Tijuana<\/strong>\u00a0dos\u00a0<strong>fosas clandestinas<\/strong>\u00a0con al menos\u00a0<strong>seis<\/strong>\u00a0<strong>cad\u00e1veres<\/strong>.<\/p>\n\n\n\n<p>Familiares Unidos Buscando a Nuestros Desaparecidos, Buscando a Atolano y Hasta Regresarlos a Casa reportaron los hallazgos, si bien denunciaron que autoridades se negaban a levantar el reporte correspondiente.<\/p>\n\n\n\n<figure class=\"wp-block-image size-large\"><img decoding=\"async\" width=\"980\" height=\"1024\" src=\"https:\/\/fuentesfidedignas.com.mx\/wp-content\/uploads\/2023\/09\/1000126501-980x1024.jpg\" alt=\"\" class=\"wp-image-58879\" srcset=\"https:\/\/fuentesfidedignas.com.mx\/wp-content\/uploads\/2023\/09\/1000126501-980x1024.jpg 980w, https:\/\/fuentesfidedignas.com.mx\/wp-content\/uploads\/2023\/09\/1000126501-287x300.jpg 287w, https:\/\/fuentesfidedignas.com.mx\/wp-content\/uploads\/2023\/09\/1000126501-768x802.jpg 768w, https:\/\/fuentesfidedignas.com.mx\/wp-content\/uploads\/2023\/09\/1000126501.jpg 1080w\" sizes=\"(max-width: 980px) 100vw, 980px\" \/><\/figure>\n\n\n\n<p>En redes sociales informaron que derivado de una primera movilizaci\u00f3n encontraron cinco cuerpos, algunos incompletos.<\/p>\n\n\n\n<p>El hallazgo ocurri\u00f3 en la&nbsp;<strong>colonia Prado del \u00c1guila<\/strong>.<\/p>\n\n\n\n<p>Tambi\u00e9n reportaron parte de una dentadura y una INE. Sobre la identificaci\u00f3n los colectivos se\u00f1alaron que pertenece a una mujer v\u00edctima de un robo, pero que ella se encuentra bien.<\/p>\n\n\n\n<p>En la&nbsp;<strong>colonia Ejido Francisco Villa<\/strong>&nbsp;la detenci\u00f3n de un presunto narcomenudista llev\u00f3 a la localizaci\u00f3n de un cad\u00e1ver sepultado en un predio, mismo que qued\u00f3 asegurado.<\/p>\n","protected":false},"excerpt":{"rendered":"<p>Dos movilizaciones en Tijuana llevaron a colectivos que buscan personas desaparecidas a encontrar al menos seis cad\u00e1veres Baja California. Miembros de tres colectivos hallaron en\u00a0Tijuana\u00a0dos\u00a0fosas clandestinas\u00a0con al menos\u00a0seis\u00a0cad\u00e1veres. Familiares Unidos Buscando a Nuestros Desaparecidos, Buscando a Atolano y Hasta Regresarlos a Casa reportaron los hallazgos, si bien denunciaron que autoridades se negaban a levantar el [&hellip;]<\/p>\n","protected":false},"author":9,"featured_media":58881,"comment_status":"open","ping_status":"open","sticky":false,"template":"","format":"standard","meta":{"tdm_status":"","tdm_grid_status":"","footnotes":""},"categories":[39,1],"tags":[],"class_list":{"0":"post-58878","1":"post","2":"type-post","3":"status-publish","4":"format-standard","5":"has-post-thumbnail","7":"category-noticias-nacionales","8":"category-sin-categoria"},"yoast_head":"<!-- This site is optimized with the Yoast SEO plugin v27.5 - https:\/\/yoast.com\/product\/yoast-seo-wordpress\/ -->\n<title>Colectivos hallan en Tijuana seis cad\u00e1veres en dos fosas clandestinas - Fuentes Fidedignas<\/title>\n<meta name=\"robots\" content=\"index, follow, max-snippet:-1, max-image-preview:large, max-video-preview:-1\" \/>\n<link rel=\"canonical\" href=\"https:\/\/fuentesfidedignas.com.mx\/index.php\/2023\/09\/13\/colectivos-hallan-en-tijuana-seis-cadaveres-en-dos-fosas-clandestinas\/\" \/>\n<meta property=\"og:locale\" content=\"es_MX\" \/>\n<meta property=\"og:type\" content=\"article\" \/>\n<meta property=\"og:title\" content=\"Colectivos hallan en Tijuana seis cad\u00e1veres en dos fosas clandestinas - Fuentes Fidedignas\" \/>\n<meta property=\"og:description\" content=\"Dos movilizaciones en Tijuana llevaron a colectivos que buscan personas desaparecidas a encontrar al menos seis cad\u00e1veres Baja California. Miembros de tres colectivos hallaron en\u00a0Tijuana\u00a0dos\u00a0fosas clandestinas\u00a0con al menos\u00a0seis\u00a0cad\u00e1veres. Familiares Unidos Buscando a Nuestros Desaparecidos, Buscando a Atolano y Hasta Regresarlos a Casa reportaron los hallazgos, si bien denunciaron que autoridades se negaban a levantar el [&hellip;]\" \/>\n<meta property=\"og:url\" content=\"https:\/\/fuentesfidedignas.com.mx\/index.php\/2023\/09\/13\/colectivos-hallan-en-tijuana-seis-cadaveres-en-dos-fosas-clandestinas\/\" \/>\n<meta property=\"og:site_name\" content=\"Fuentes Fidedignas\" \/>\n<meta property=\"article:publisher\" content=\"https:\/\/www.facebook.com\/Fuentes-Fidedignas-368234489921644\" \/>\n<meta property=\"article:published_time\" content=\"2023-09-13T16:07:57+00:00\" \/>\n<meta property=\"article:modified_time\" content=\"2023-09-13T16:29:02+00:00\" \/>\n<meta property=\"og:image\" content=\"https:\/\/fuentesfidedignas.com.mx\/wp-content\/uploads\/2023\/09\/busqueda-de-fosas-clandestinas-en-tijuana.jpg\" \/>\n\t<meta property=\"og:image:width\" content=\"1024\" \/>\n\t<meta property=\"og:image:height\" content=\"576\" \/>\n\t<meta property=\"og:image:type\" content=\"image\/jpeg\" \/>\n<meta name=\"author\" content=\"Milenio\" \/>\n<meta name=\"twitter:card\" content=\"summary_large_image\" \/>\n<meta name=\"twitter:creator\" content=\"@fidedignas\" \/>\n<meta name=\"twitter:site\" content=\"@fidedignas\" \/>\n<meta name=\"twitter:label1\" content=\"Escrito por\" \/>\n\t<meta name=\"twitter:data1\" content=\"Milenio\" \/>\n\t<meta name=\"twitter:label2\" content=\"Tiempo de lectura\" \/>\n\t<meta name=\"twitter:data2\" content=\"1 minuto\" \/>\n<script type=\"application\/ld+json\" class=\"yoast-schema-graph\">{\"@context\":\"https:\\\/\\\/schema.org\",\"@graph\":[{\"@type\":\"Article\",\"@id\":\"https:\\\/\\\/fuentesfidedignas.com.mx\\\/index.php\\\/2023\\\/09\\\/13\\\/colectivos-hallan-en-tijuana-seis-cadaveres-en-dos-fosas-clandestinas\\\/#article\",\"isPartOf\":{\"@id\":\"https:\\\/\\\/fuentesfidedignas.com.mx\\\/index.php\\\/2023\\\/09\\\/13\\\/colectivos-hallan-en-tijuana-seis-cadaveres-en-dos-fosas-clandestinas\\\/\"},\"author\":{\"name\":\"Milenio\",\"@id\":\"https:\\\/\\\/fuentesfidedignas.com.mx\\\/#\\\/schema\\\/person\\\/47ec0135738f4b0c7495f06a77a2c976\"},\"headline\":\"Colectivos hallan en Tijuana seis cad\u00e1veres en dos fosas clandestinas\",\"datePublished\":\"2023-09-13T16:07:57+00:00\",\"dateModified\":\"2023-09-13T16:29:02+00:00\",\"mainEntityOfPage\":{\"@id\":\"https:\\\/\\\/fuentesfidedignas.com.mx\\\/index.php\\\/2023\\\/09\\\/13\\\/colectivos-hallan-en-tijuana-seis-cadaveres-en-dos-fosas-clandestinas\\\/\"},\"wordCount\":168,\"commentCount\":0,\"publisher\":{\"@id\":\"https:\\\/\\\/fuentesfidedignas.com.mx\\\/#organization\"},\"image\":{\"@id\":\"https:\\\/\\\/fuentesfidedignas.com.mx\\\/index.php\\\/2023\\\/09\\\/13\\\/colectivos-hallan-en-tijuana-seis-cadaveres-en-dos-fosas-clandestinas\\\/#primaryimage\"},\"thumbnailUrl\":\"https:\\\/\\\/fuentesfidedignas.com.mx\\\/wp-content\\\/uploads\\\/2023\\\/09\\\/busqueda-de-fosas-clandestinas-en-tijuana.jpg\",\"articleSection\":[\"NOTICIAS NACIONALES\"],\"inLanguage\":\"es\",\"potentialAction\":[{\"@type\":\"CommentAction\",\"name\":\"Comment\",\"target\":[\"https:\\\/\\\/fuentesfidedignas.com.mx\\\/index.php\\\/2023\\\/09\\\/13\\\/colectivos-hallan-en-tijuana-seis-cadaveres-en-dos-fosas-clandestinas\\\/#respond\"]}]},{\"@type\":\"WebPage\",\"@id\":\"https:\\\/\\\/fuentesfidedignas.com.mx\\\/index.php\\\/2023\\\/09\\\/13\\\/colectivos-hallan-en-tijuana-seis-cadaveres-en-dos-fosas-clandestinas\\\/\",\"url\":\"https:\\\/\\\/fuentesfidedignas.com.mx\\\/index.php\\\/2023\\\/09\\\/13\\\/colectivos-hallan-en-tijuana-seis-cadaveres-en-dos-fosas-clandestinas\\\/\",\"name\":\"Colectivos hallan en Tijuana seis cad\u00e1veres en dos fosas clandestinas - Fuentes Fidedignas\",\"isPartOf\":{\"@id\":\"https:\\\/\\\/fuentesfidedignas.com.mx\\\/#website\"},\"primaryImageOfPage\":{\"@id\":\"https:\\\/\\\/fuentesfidedignas.com.mx\\\/index.php\\\/2023\\\/09\\\/13\\\/colectivos-hallan-en-tijuana-seis-cadaveres-en-dos-fosas-clandestinas\\\/#primaryimage\"},\"image\":{\"@id\":\"https:\\\/\\\/fuentesfidedignas.com.mx\\\/index.php\\\/2023\\\/09\\\/13\\\/colectivos-hallan-en-tijuana-seis-cadaveres-en-dos-fosas-clandestinas\\\/#primaryimage\"},\"thumbnailUrl\":\"https:\\\/\\\/fuentesfidedignas.com.mx\\\/wp-content\\\/uploads\\\/2023\\\/09\\\/busqueda-de-fosas-clandestinas-en-tijuana.jpg\",\"datePublished\":\"2023-09-13T16:07:57+00:00\",\"dateModified\":\"2023-09-13T16:29:02+00:00\",\"breadcrumb\":{\"@id\":\"https:\\\/\\\/fuentesfidedignas.com.mx\\\/index.php\\\/2023\\\/09\\\/13\\\/colectivos-hallan-en-tijuana-seis-cadaveres-en-dos-fosas-clandestinas\\\/#breadcrumb\"},\"inLanguage\":\"es\",\"potentialAction\":[{\"@type\":\"ReadAction\",\"target\":[\"https:\\\/\\\/fuentesfidedignas.com.mx\\\/index.php\\\/2023\\\/09\\\/13\\\/colectivos-hallan-en-tijuana-seis-cadaveres-en-dos-fosas-clandestinas\\\/\"]}]},{\"@type\":\"ImageObject\",\"inLanguage\":\"es\",\"@id\":\"https:\\\/\\\/fuentesfidedignas.com.mx\\\/index.php\\\/2023\\\/09\\\/13\\\/colectivos-hallan-en-tijuana-seis-cadaveres-en-dos-fosas-clandestinas\\\/#primaryimage\",\"url\":\"https:\\\/\\\/fuentesfidedignas.com.mx\\\/wp-content\\\/uploads\\\/2023\\\/09\\\/busqueda-de-fosas-clandestinas-en-tijuana.jpg\",\"contentUrl\":\"https:\\\/\\\/fuentesfidedignas.com.mx\\\/wp-content\\\/uploads\\\/2023\\\/09\\\/busqueda-de-fosas-clandestinas-en-tijuana.jpg\",\"width\":1024,\"height\":576},{\"@type\":\"BreadcrumbList\",\"@id\":\"https:\\\/\\\/fuentesfidedignas.com.mx\\\/index.php\\\/2023\\\/09\\\/13\\\/colectivos-hallan-en-tijuana-seis-cadaveres-en-dos-fosas-clandestinas\\\/#breadcrumb\",\"itemListElement\":[{\"@type\":\"ListItem\",\"position\":1,\"name\":\"Inicio\",\"item\":\"https:\\\/\\\/fuentesfidedignas.com.mx\\\/\"},{\"@type\":\"ListItem\",\"position\":2,\"name\":\"Colectivos hallan en Tijuana seis cad\u00e1veres en dos fosas clandestinas\"}]},{\"@type\":\"WebSite\",\"@id\":\"https:\\\/\\\/fuentesfidedignas.com.mx\\\/#website\",\"url\":\"https:\\\/\\\/fuentesfidedignas.com.mx\\\/\",\"name\":\"Fuentes Fidedignas\",\"description\":\"Otro sitio realizado con WordPress\",\"publisher\":{\"@id\":\"https:\\\/\\\/fuentesfidedignas.com.mx\\\/#organization\"},\"potentialAction\":[{\"@type\":\"SearchAction\",\"target\":{\"@type\":\"EntryPoint\",\"urlTemplate\":\"https:\\\/\\\/fuentesfidedignas.com.mx\\\/?s={search_term_string}\"},\"query-input\":{\"@type\":\"PropertyValueSpecification\",\"valueRequired\":true,\"valueName\":\"search_term_string\"}}],\"inLanguage\":\"es\"},{\"@type\":\"Organization\",\"@id\":\"https:\\\/\\\/fuentesfidedignas.com.mx\\\/#organization\",\"name\":\"Fuentes Fidedignas\",\"url\":\"https:\\\/\\\/fuentesfidedignas.com.mx\\\/\",\"logo\":{\"@type\":\"ImageObject\",\"inLanguage\":\"es\",\"@id\":\"https:\\\/\\\/fuentesfidedignas.com.mx\\\/#\\\/schema\\\/logo\\\/image\\\/\",\"url\":\"https:\\\/\\\/fuentesfidedignas.com.mx\\\/wp-content\\\/uploads\\\/2021\\\/04\\\/logo-retina.png\",\"contentUrl\":\"https:\\\/\\\/fuentesfidedignas.com.mx\\\/wp-content\\\/uploads\\\/2021\\\/04\\\/logo-retina.png\",\"width\":280,\"height\":51,\"caption\":\"Fuentes Fidedignas\"},\"image\":{\"@id\":\"https:\\\/\\\/fuentesfidedignas.com.mx\\\/#\\\/schema\\\/logo\\\/image\\\/\"},\"sameAs\":[\"https:\\\/\\\/www.facebook.com\\\/Fuentes-Fidedignas-368234489921644\",\"https:\\\/\\\/x.com\\\/fidedignas\"]},{\"@type\":\"Person\",\"@id\":\"https:\\\/\\\/fuentesfidedignas.com.mx\\\/#\\\/schema\\\/person\\\/47ec0135738f4b0c7495f06a77a2c976\",\"name\":\"Milenio\",\"image\":{\"@type\":\"ImageObject\",\"inLanguage\":\"es\",\"@id\":\"https:\\\/\\\/secure.gravatar.com\\\/avatar\\\/acabf7b54753e51c2c76457954577c236b3b764789b19879565769739d1e4a75?s=96&d=mm&r=g\",\"url\":\"https:\\\/\\\/secure.gravatar.com\\\/avatar\\\/acabf7b54753e51c2c76457954577c236b3b764789b19879565769739d1e4a75?s=96&d=mm&r=g\",\"contentUrl\":\"https:\\\/\\\/secure.gravatar.com\\\/avatar\\\/acabf7b54753e51c2c76457954577c236b3b764789b19879565769739d1e4a75?s=96&d=mm&r=g\",\"caption\":\"Milenio\"},\"url\":\"https:\\\/\\\/fuentesfidedignas.com.mx\\\/index.php\\\/author\\\/milenio\\\/\"}]}<\/script>\n<!-- \/ Yoast SEO plugin. -->","yoast_head_json":{"title":"Colectivos hallan en Tijuana seis cad\u00e1veres en dos fosas clandestinas - Fuentes Fidedignas","robots":{"index":"index","follow":"follow","max-snippet":"max-snippet:-1","max-image-preview":"max-image-preview:large","max-video-preview":"max-video-preview:-1"},"canonical":"https:\/\/fuentesfidedignas.com.mx\/index.php\/2023\/09\/13\/colectivos-hallan-en-tijuana-seis-cadaveres-en-dos-fosas-clandestinas\/","og_locale":"es_MX","og_type":"article","og_title":"Colectivos hallan en Tijuana seis cad\u00e1veres en dos fosas clandestinas - Fuentes Fidedignas","og_description":"Dos movilizaciones en Tijuana llevaron a colectivos que buscan personas desaparecidas a encontrar al menos seis cad\u00e1veres Baja California. Miembros de tres colectivos hallaron en\u00a0Tijuana\u00a0dos\u00a0fosas clandestinas\u00a0con al menos\u00a0seis\u00a0cad\u00e1veres. Familiares Unidos Buscando a Nuestros Desaparecidos, Buscando a Atolano y Hasta Regresarlos a Casa reportaron los hallazgos, si bien denunciaron que autoridades se negaban a levantar el [&hellip;]","og_url":"https:\/\/fuentesfidedignas.com.mx\/index.php\/2023\/09\/13\/colectivos-hallan-en-tijuana-seis-cadaveres-en-dos-fosas-clandestinas\/","og_site_name":"Fuentes Fidedignas","article_publisher":"https:\/\/www.facebook.com\/Fuentes-Fidedignas-368234489921644","article_published_time":"2023-09-13T16:07:57+00:00","article_modified_time":"2023-09-13T16:29:02+00:00","og_image":[{"width":1024,"height":576,"url":"https:\/\/fuentesfidedignas.com.mx\/wp-content\/uploads\/2023\/09\/busqueda-de-fosas-clandestinas-en-tijuana.jpg","type":"image\/jpeg"}],"author":"Milenio","twitter_card":"summary_large_image","twitter_creator":"@fidedignas","twitter_site":"@fidedignas","twitter_misc":{"Escrito por":"Milenio","Tiempo de lectura":"1 minuto"},"schema":{"@context":"https:\/\/schema.org","@graph":[{"@type":"Article","@id":"https:\/\/fuentesfidedignas.com.mx\/index.php\/2023\/09\/13\/colectivos-hallan-en-tijuana-seis-cadaveres-en-dos-fosas-clandestinas\/#article","isPartOf":{"@id":"https:\/\/fuentesfidedignas.com.mx\/index.php\/2023\/09\/13\/colectivos-hallan-en-tijuana-seis-cadaveres-en-dos-fosas-clandestinas\/"},"author":{"name":"Milenio","@id":"https:\/\/fuentesfidedignas.com.mx\/#\/schema\/person\/47ec0135738f4b0c7495f06a77a2c976"},"headline":"Colectivos hallan en Tijuana seis cad\u00e1veres en dos fosas clandestinas","datePublished":"2023-09-13T16:07:57+00:00","dateModified":"2023-09-13T16:29:02+00:00","mainEntityOfPage":{"@id":"https:\/\/fuentesfidedignas.com.mx\/index.php\/2023\/09\/13\/colectivos-hallan-en-tijuana-seis-cadaveres-en-dos-fosas-clandestinas\/"},"wordCount":168,"commentCount":0,"publisher":{"@id":"https:\/\/fuentesfidedignas.com.mx\/#organization"},"image":{"@id":"https:\/\/fuentesfidedignas.com.mx\/index.php\/2023\/09\/13\/colectivos-hallan-en-tijuana-seis-cadaveres-en-dos-fosas-clandestinas\/#primaryimage"},"thumbnailUrl":"https:\/\/fuentesfidedignas.com.mx\/wp-content\/uploads\/2023\/09\/busqueda-de-fosas-clandestinas-en-tijuana.jpg","articleSection":["NOTICIAS NACIONALES"],"inLanguage":"es","potentialAction":[{"@type":"CommentAction","name":"Comment","target":["https:\/\/fuentesfidedignas.com.mx\/index.php\/2023\/09\/13\/colectivos-hallan-en-tijuana-seis-cadaveres-en-dos-fosas-clandestinas\/#respond"]}]},{"@type":"WebPage","@id":"https:\/\/fuentesfidedignas.com.mx\/index.php\/2023\/09\/13\/colectivos-hallan-en-tijuana-seis-cadaveres-en-dos-fosas-clandestinas\/","url":"https:\/\/fuentesfidedignas.com.mx\/index.php\/2023\/09\/13\/colectivos-hallan-en-tijuana-seis-cadaveres-en-dos-fosas-clandestinas\/","name":"Colectivos hallan en Tijuana seis cad\u00e1veres en dos fosas clandestinas - Fuentes Fidedignas","isPartOf":{"@id":"https:\/\/fuentesfidedignas.com.mx\/#website"},"primaryImageOfPage":{"@id":"https:\/\/fuentesfidedignas.com.mx\/index.php\/2023\/09\/13\/colectivos-hallan-en-tijuana-seis-cadaveres-en-dos-fosas-clandestinas\/#primaryimage"},"image":{"@id":"https:\/\/fuentesfidedignas.com.mx\/index.php\/2023\/09\/13\/colectivos-hallan-en-tijuana-seis-cadaveres-en-dos-fosas-clandestinas\/#primaryimage"},"thumbnailUrl":"https:\/\/fuentesfidedignas.com.mx\/wp-content\/uploads\/2023\/09\/busqueda-de-fosas-clandestinas-en-tijuana.jpg","datePublished":"2023-09-13T16:07:57+00:00","dateModified":"2023-09-13T16:29:02+00:00","breadcrumb":{"@id":"https:\/\/fuentesfidedignas.com.mx\/index.php\/2023\/09\/13\/colectivos-hallan-en-tijuana-seis-cadaveres-en-dos-fosas-clandestinas\/#breadcrumb"},"inLanguage":"es","potentialAction":[{"@type":"ReadAction","target":["https:\/\/fuentesfidedignas.com.mx\/index.php\/2023\/09\/13\/colectivos-hallan-en-tijuana-seis-cadaveres-en-dos-fosas-clandestinas\/"]}]},{"@type":"ImageObject","inLanguage":"es","@id":"https:\/\/fuentesfidedignas.com.mx\/index.php\/2023\/09\/13\/colectivos-hallan-en-tijuana-seis-cadaveres-en-dos-fosas-clandestinas\/#primaryimage","url":"https:\/\/fuentesfidedignas.com.mx\/wp-content\/uploads\/2023\/09\/busqueda-de-fosas-clandestinas-en-tijuana.jpg","contentUrl":"https:\/\/fuentesfidedignas.com.mx\/wp-content\/uploads\/2023\/09\/busqueda-de-fosas-clandestinas-en-tijuana.jpg","width":1024,"height":576},{"@type":"BreadcrumbList","@id":"https:\/\/fuentesfidedignas.com.mx\/index.php\/2023\/09\/13\/colectivos-hallan-en-tijuana-seis-cadaveres-en-dos-fosas-clandestinas\/#breadcrumb","itemListElement":[{"@type":"ListItem","position":1,"name":"Inicio","item":"https:\/\/fuentesfidedignas.com.mx\/"},{"@type":"ListItem","position":2,"name":"Colectivos hallan en Tijuana seis cad\u00e1veres en dos fosas clandestinas"}]},{"@type":"WebSite","@id":"https:\/\/fuentesfidedignas.com.mx\/#website","url":"https:\/\/fuentesfidedignas.com.mx\/","name":"Fuentes Fidedignas","description":"Otro sitio realizado con WordPress","publisher":{"@id":"https:\/\/fuentesfidedignas.com.mx\/#organization"},"potentialAction":[{"@type":"SearchAction","target":{"@type":"EntryPoint","urlTemplate":"https:\/\/fuentesfidedignas.com.mx\/?s={search_term_string}"},"query-input":{"@type":"PropertyValueSpecification","valueRequired":true,"valueName":"search_term_string"}}],"inLanguage":"es"},{"@type":"Organization","@id":"https:\/\/fuentesfidedignas.com.mx\/#organization","name":"Fuentes Fidedignas","url":"https:\/\/fuentesfidedignas.com.mx\/","logo":{"@type":"ImageObject","inLanguage":"es","@id":"https:\/\/fuentesfidedignas.com.mx\/#\/schema\/logo\/image\/","url":"https:\/\/fuentesfidedignas.com.mx\/wp-content\/uploads\/2021\/04\/logo-retina.png","contentUrl":"https:\/\/fuentesfidedignas.com.mx\/wp-content\/uploads\/2021\/04\/logo-retina.png","width":280,"height":51,"caption":"Fuentes Fidedignas"},"image":{"@id":"https:\/\/fuentesfidedignas.com.mx\/#\/schema\/logo\/image\/"},"sameAs":["https:\/\/www.facebook.com\/Fuentes-Fidedignas-368234489921644","https:\/\/x.com\/fidedignas"]},{"@type":"Person","@id":"https:\/\/fuentesfidedignas.com.mx\/#\/schema\/person\/47ec0135738f4b0c7495f06a77a2c976","name":"Milenio","image":{"@type":"ImageObject","inLanguage":"es","@id":"https:\/\/secure.gravatar.com\/avatar\/acabf7b54753e51c2c76457954577c236b3b764789b19879565769739d1e4a75?s=96&d=mm&r=g","url":"https:\/\/secure.gravatar.com\/avatar\/acabf7b54753e51c2c76457954577c236b3b764789b19879565769739d1e4a75?s=96&d=mm&r=g","contentUrl":"https:\/\/secure.gravatar.com\/avatar\/acabf7b54753e51c2c76457954577c236b3b764789b19879565769739d1e4a75?s=96&d=mm&r=g","caption":"Milenio"},"url":"https:\/\/fuentesfidedignas.com.mx\/index.php\/author\/milenio\/"}]}},"_links":{"self":[{"href":"https:\/\/fuentesfidedignas.com.mx\/index.php\/wp-json\/wp\/v2\/posts\/58878","targetHints":{"allow":["GET"]}}],"collection":[{"href":"https:\/\/fuentesfidedignas.com.mx\/index.php\/wp-json\/wp\/v2\/posts"}],"about":[{"href":"https:\/\/fuentesfidedignas.com.mx\/index.php\/wp-json\/wp\/v2\/types\/post"}],"author":[{"embeddable":true,"href":"https:\/\/fuentesfidedignas.com.mx\/index.php\/wp-json\/wp\/v2\/users\/9"}],"replies":[{"embeddable":true,"href":"https:\/\/fuentesfidedignas.com.mx\/index.php\/wp-json\/wp\/v2\/comments?post=58878"}],"version-history":[{"count":1,"href":"https:\/\/fuentesfidedignas.com.mx\/index.php\/wp-json\/wp\/v2\/posts\/58878\/revisions"}],"predecessor-version":[{"id":58880,"href":"https:\/\/fuentesfidedignas.com.mx\/index.php\/wp-json\/wp\/v2\/posts\/58878\/revisions\/58880"}],"wp:featuredmedia":[{"embeddable":true,"href":"https:\/\/fuentesfidedignas.com.mx\/index.php\/wp-json\/wp\/v2\/media\/58881"}],"wp:attachment":[{"href":"https:\/\/fuentesfidedignas.com.mx\/index.php\/wp-json\/wp\/v2\/media?parent=58878"}],"wp:term":[{"taxonomy":"category","embeddable":true,"href":"https:\/\/fuentesfidedignas.com.mx\/index.php\/wp-json\/wp\/v2\/categories?post=58878"},{"taxonomy":"post_tag","embeddable":true,"href":"https:\/\/fuentesfidedignas.com.mx\/index.php\/wp-json\/wp\/v2\/tags?post=58878"}],"curies":[{"name":"wp","href":"https:\/\/api.w.org\/{rel}","templated":true}]}}