{"id":58869,"date":"2023-09-13T07:13:18","date_gmt":"2023-09-13T14:13:18","guid":{"rendered":"https:\/\/fuentesfidedignas.com.mx\/?p=58869"},"modified":"2023-09-13T07:15:56","modified_gmt":"2023-09-13T14:15:56","slug":"no-estamos-solos-maussan-pide-a-diputados-legislar-para-reconocer-vida-extraterrestre","status":"publish","type":"post","link":"https:\/\/fuentesfidedignas.com.mx\/index.php\/2023\/09\/13\/no-estamos-solos-maussan-pide-a-diputados-legislar-para-reconocer-vida-extraterrestre\/","title":{"rendered":"\u2018No estamos solos\u2019: Maussan pide a diputados legislar para reconocer vida extraterrestre"},"content":{"rendered":"\n<p><strong><em>Jaime Maussan dice que en 2004 la Fuerza A\u00e9rea Mexicana identific\u00f3 11 Objetos An\u00f3malos no Identificados.<\/em><\/strong><\/p>\n\n\n\n<p>Ciudad de M\u00e9xico.- Jaime Maussan pidi\u00f3 a legisladores federales reformas para que se reconozca la existencia en el pa\u00eds de Fen\u00f3menos An\u00f3malos No identificados (FANI), t\u00e9rmino que sustituye al de Objetos Voladores no Identificados (OVNIS).<\/p>\n\n\n\n<p>\u201cResulta trascendental reconocer estos fen\u00f3menos en M\u00e9xico, convertir a nuestro pa\u00eds en uno de los primeros en aceptar la presencia de los no humanos en nuestro planeta\u201d, dijo durante su participaci\u00f3n en la Audiencia P\u00fablica M\u00e9xico Fen\u00f3menos An\u00f3malos No Identificados en la C\u00e1mara de Diputados.<\/p>\n\n\n\n<p>El tambi\u00e9n periodista y conductor de Tercer Milenio coment\u00f3 que tarde o temprano se tiene que reconocer la existencia de los Fen\u00f3menos An\u00f3malos No identificados (FANI) -que sustituye al termino ovni-, por lo que propuso a los legisladores modificar la Ley de Protecci\u00f3n del Espacio A\u00e9reo Mexicano para ello.<\/p>\n\n\n\n<p>\u201cEs inevitable, tarde o temprano lo tenemos que hacer. Aqu\u00ed la oportunidad para poder realizar una enmienda a la Ley de Protecci\u00f3n del Espacio A\u00e9reo Mexicano para reconocer al Fen\u00f3meno An\u00f3malo No Identificado\u201d, expuso.<\/p>\n\n\n\n<p>\u201cNuestro universo consta de trillones de galaxias. De acuerdo a los \u00faltimos c\u00e1lculos astron\u00f3micos (\u2026) nuestro universo puede estar formado por 100 sextillones de planetas. Las posibilidad de que exista vida, incluso, inteligente son indiscutibles; sin embargo, para la ciencia es dif\u00edcil de aceptar que la vida inteligente se pueda trasladar de un mundo a otro, porque las distancias son muy grandes, al menos, lo son para nosotros\u201d, a\u00f1adi\u00f3.<\/p>\n\n\n\n<p>A finales de julio, un subcomit\u00e9 del Congreso de Estados Unidos pidi\u00f3 al Gobierno de ese pa\u00eds que informe de los datos que tiene sobre OVNIS tras escuchar la declaraci\u00f3n de exmiembros del Ej\u00e9rcito, quienes aseguran haberlos visto y que tambi\u00e9n dicen que las autoridades guardan pruebas de ellos.<\/p>\n\n\n\n<p>Jaime Maussan indic\u00f3 que en marzo de 2004 un avi\u00f3n de la Fuerza A\u00e9rea Mexicana identific\u00f3 11 objetos catalogados como FANI a trav\u00e9s de una c\u00e1mara infla roja, pues no son f\u00e1ciles de observar.<\/p>\n\n\n\n<p>\u201cEste video fue el primer de su tiempo liberado por la fuerza a\u00e9rea de un pa\u00eds, me fue entregado por el secretario de la Defensa Nacional, Ricardo Clemente Vega Garc\u00eda (\u2026), nos encontramos ante un tema que nos une, no que nos separa. En M\u00e9xico este tema tampoco debe ser considerado el tema de un partido pol\u00edtico, es un tema de la humanidad, un tema que debe unirnos y no separarnos\u201d, dijo.<\/p>\n","protected":false},"excerpt":{"rendered":"<p>Jaime Maussan dice que en 2004 la Fuerza A\u00e9rea Mexicana identific\u00f3 11 Objetos An\u00f3malos no Identificados. Ciudad de M\u00e9xico.- Jaime Maussan pidi\u00f3 a legisladores federales reformas para que se reconozca la existencia en el pa\u00eds de Fen\u00f3menos An\u00f3malos No identificados (FANI), t\u00e9rmino que sustituye al de Objetos Voladores no Identificados (OVNIS). \u201cResulta trascendental reconocer estos [&hellip;]<\/p>\n","protected":false},"author":5,"featured_media":58870,"comment_status":"open","ping_status":"open","sticky":false,"template":"","format":"standard","meta":{"tdm_status":"","tdm_grid_status":"","footnotes":""},"categories":[39],"tags":[],"class_list":{"0":"post-58869","1":"post","2":"type-post","3":"status-publish","4":"format-standard","5":"has-post-thumbnail","7":"category-noticias-nacionales"},"yoast_head":"<!-- This site is optimized with the Yoast SEO plugin v27.4 - https:\/\/yoast.com\/product\/yoast-seo-wordpress\/ -->\n<title>\u2018No estamos solos\u2019: Maussan pide a diputados legislar para reconocer vida extraterrestre - Fuentes Fidedignas<\/title>\n<meta name=\"robots\" content=\"index, follow, max-snippet:-1, max-image-preview:large, max-video-preview:-1\" \/>\n<link rel=\"canonical\" href=\"https:\/\/fuentesfidedignas.com.mx\/index.php\/2023\/09\/13\/no-estamos-solos-maussan-pide-a-diputados-legislar-para-reconocer-vida-extraterrestre\/\" \/>\n<meta property=\"og:locale\" content=\"es_MX\" \/>\n<meta property=\"og:type\" content=\"article\" \/>\n<meta property=\"og:title\" content=\"\u2018No estamos solos\u2019: Maussan pide a diputados legislar para reconocer vida extraterrestre - Fuentes Fidedignas\" \/>\n<meta property=\"og:description\" content=\"Jaime Maussan dice que en 2004 la Fuerza A\u00e9rea Mexicana identific\u00f3 11 Objetos An\u00f3malos no Identificados. Ciudad de M\u00e9xico.- Jaime Maussan pidi\u00f3 a legisladores federales reformas para que se reconozca la existencia en el pa\u00eds de Fen\u00f3menos An\u00f3malos No identificados (FANI), t\u00e9rmino que sustituye al de Objetos Voladores no Identificados (OVNIS). \u201cResulta trascendental reconocer estos [&hellip;]\" \/>\n<meta property=\"og:url\" content=\"https:\/\/fuentesfidedignas.com.mx\/index.php\/2023\/09\/13\/no-estamos-solos-maussan-pide-a-diputados-legislar-para-reconocer-vida-extraterrestre\/\" \/>\n<meta property=\"og:site_name\" content=\"Fuentes Fidedignas\" \/>\n<meta property=\"article:publisher\" content=\"https:\/\/www.facebook.com\/Fuentes-Fidedignas-368234489921644\" \/>\n<meta property=\"article:published_time\" content=\"2023-09-13T14:13:18+00:00\" \/>\n<meta property=\"article:modified_time\" content=\"2023-09-13T14:15:56+00:00\" \/>\n<meta property=\"og:image\" content=\"https:\/\/fuentesfidedignas.com.mx\/wp-content\/uploads\/2023\/09\/MAUSSAN.jpg\" \/>\n\t<meta property=\"og:image:width\" content=\"1064\" \/>\n\t<meta property=\"og:image:height\" content=\"595\" \/>\n\t<meta property=\"og:image:type\" content=\"image\/jpeg\" \/>\n<meta name=\"author\" content=\"Forbes\" \/>\n<meta name=\"twitter:card\" content=\"summary_large_image\" \/>\n<meta name=\"twitter:creator\" content=\"@fidedignas\" \/>\n<meta name=\"twitter:site\" content=\"@fidedignas\" \/>\n<meta name=\"twitter:label1\" content=\"Escrito por\" \/>\n\t<meta name=\"twitter:data1\" content=\"Forbes\" \/>\n\t<meta name=\"twitter:label2\" content=\"Tiempo de lectura\" \/>\n\t<meta name=\"twitter:data2\" content=\"2 minutos\" \/>\n<script type=\"application\/ld+json\" class=\"yoast-schema-graph\">{\"@context\":\"https:\\\/\\\/schema.org\",\"@graph\":[{\"@type\":\"Article\",\"@id\":\"https:\\\/\\\/fuentesfidedignas.com.mx\\\/index.php\\\/2023\\\/09\\\/13\\\/no-estamos-solos-maussan-pide-a-diputados-legislar-para-reconocer-vida-extraterrestre\\\/#article\",\"isPartOf\":{\"@id\":\"https:\\\/\\\/fuentesfidedignas.com.mx\\\/index.php\\\/2023\\\/09\\\/13\\\/no-estamos-solos-maussan-pide-a-diputados-legislar-para-reconocer-vida-extraterrestre\\\/\"},\"author\":{\"name\":\"Forbes\",\"@id\":\"https:\\\/\\\/fuentesfidedignas.com.mx\\\/#\\\/schema\\\/person\\\/5623d53fe2e579d825b1679734abcc44\"},\"headline\":\"\u2018No estamos solos\u2019: Maussan pide a diputados legislar para reconocer vida extraterrestre\",\"datePublished\":\"2023-09-13T14:13:18+00:00\",\"dateModified\":\"2023-09-13T14:15:56+00:00\",\"mainEntityOfPage\":{\"@id\":\"https:\\\/\\\/fuentesfidedignas.com.mx\\\/index.php\\\/2023\\\/09\\\/13\\\/no-estamos-solos-maussan-pide-a-diputados-legislar-para-reconocer-vida-extraterrestre\\\/\"},\"wordCount\":452,\"commentCount\":0,\"publisher\":{\"@id\":\"https:\\\/\\\/fuentesfidedignas.com.mx\\\/#organization\"},\"image\":{\"@id\":\"https:\\\/\\\/fuentesfidedignas.com.mx\\\/index.php\\\/2023\\\/09\\\/13\\\/no-estamos-solos-maussan-pide-a-diputados-legislar-para-reconocer-vida-extraterrestre\\\/#primaryimage\"},\"thumbnailUrl\":\"https:\\\/\\\/fuentesfidedignas.com.mx\\\/wp-content\\\/uploads\\\/2023\\\/09\\\/MAUSSAN.jpg\",\"articleSection\":[\"NOTICIAS NACIONALES\"],\"inLanguage\":\"es\",\"potentialAction\":[{\"@type\":\"CommentAction\",\"name\":\"Comment\",\"target\":[\"https:\\\/\\\/fuentesfidedignas.com.mx\\\/index.php\\\/2023\\\/09\\\/13\\\/no-estamos-solos-maussan-pide-a-diputados-legislar-para-reconocer-vida-extraterrestre\\\/#respond\"]}]},{\"@type\":\"WebPage\",\"@id\":\"https:\\\/\\\/fuentesfidedignas.com.mx\\\/index.php\\\/2023\\\/09\\\/13\\\/no-estamos-solos-maussan-pide-a-diputados-legislar-para-reconocer-vida-extraterrestre\\\/\",\"url\":\"https:\\\/\\\/fuentesfidedignas.com.mx\\\/index.php\\\/2023\\\/09\\\/13\\\/no-estamos-solos-maussan-pide-a-diputados-legislar-para-reconocer-vida-extraterrestre\\\/\",\"name\":\"\u2018No estamos solos\u2019: Maussan pide a diputados legislar para reconocer vida extraterrestre - Fuentes Fidedignas\",\"isPartOf\":{\"@id\":\"https:\\\/\\\/fuentesfidedignas.com.mx\\\/#website\"},\"primaryImageOfPage\":{\"@id\":\"https:\\\/\\\/fuentesfidedignas.com.mx\\\/index.php\\\/2023\\\/09\\\/13\\\/no-estamos-solos-maussan-pide-a-diputados-legislar-para-reconocer-vida-extraterrestre\\\/#primaryimage\"},\"image\":{\"@id\":\"https:\\\/\\\/fuentesfidedignas.com.mx\\\/index.php\\\/2023\\\/09\\\/13\\\/no-estamos-solos-maussan-pide-a-diputados-legislar-para-reconocer-vida-extraterrestre\\\/#primaryimage\"},\"thumbnailUrl\":\"https:\\\/\\\/fuentesfidedignas.com.mx\\\/wp-content\\\/uploads\\\/2023\\\/09\\\/MAUSSAN.jpg\",\"datePublished\":\"2023-09-13T14:13:18+00:00\",\"dateModified\":\"2023-09-13T14:15:56+00:00\",\"breadcrumb\":{\"@id\":\"https:\\\/\\\/fuentesfidedignas.com.mx\\\/index.php\\\/2023\\\/09\\\/13\\\/no-estamos-solos-maussan-pide-a-diputados-legislar-para-reconocer-vida-extraterrestre\\\/#breadcrumb\"},\"inLanguage\":\"es\",\"potentialAction\":[{\"@type\":\"ReadAction\",\"target\":[\"https:\\\/\\\/fuentesfidedignas.com.mx\\\/index.php\\\/2023\\\/09\\\/13\\\/no-estamos-solos-maussan-pide-a-diputados-legislar-para-reconocer-vida-extraterrestre\\\/\"]}]},{\"@type\":\"ImageObject\",\"inLanguage\":\"es\",\"@id\":\"https:\\\/\\\/fuentesfidedignas.com.mx\\\/index.php\\\/2023\\\/09\\\/13\\\/no-estamos-solos-maussan-pide-a-diputados-legislar-para-reconocer-vida-extraterrestre\\\/#primaryimage\",\"url\":\"https:\\\/\\\/fuentesfidedignas.com.mx\\\/wp-content\\\/uploads\\\/2023\\\/09\\\/MAUSSAN.jpg\",\"contentUrl\":\"https:\\\/\\\/fuentesfidedignas.com.mx\\\/wp-content\\\/uploads\\\/2023\\\/09\\\/MAUSSAN.jpg\",\"width\":1064,\"height\":595},{\"@type\":\"BreadcrumbList\",\"@id\":\"https:\\\/\\\/fuentesfidedignas.com.mx\\\/index.php\\\/2023\\\/09\\\/13\\\/no-estamos-solos-maussan-pide-a-diputados-legislar-para-reconocer-vida-extraterrestre\\\/#breadcrumb\",\"itemListElement\":[{\"@type\":\"ListItem\",\"position\":1,\"name\":\"Inicio\",\"item\":\"https:\\\/\\\/fuentesfidedignas.com.mx\\\/\"},{\"@type\":\"ListItem\",\"position\":2,\"name\":\"\u2018No estamos solos\u2019: Maussan pide a diputados legislar para reconocer vida extraterrestre\"}]},{\"@type\":\"WebSite\",\"@id\":\"https:\\\/\\\/fuentesfidedignas.com.mx\\\/#website\",\"url\":\"https:\\\/\\\/fuentesfidedignas.com.mx\\\/\",\"name\":\"Fuentes Fidedignas\",\"description\":\"Otro sitio realizado con WordPress\",\"publisher\":{\"@id\":\"https:\\\/\\\/fuentesfidedignas.com.mx\\\/#organization\"},\"potentialAction\":[{\"@type\":\"SearchAction\",\"target\":{\"@type\":\"EntryPoint\",\"urlTemplate\":\"https:\\\/\\\/fuentesfidedignas.com.mx\\\/?s={search_term_string}\"},\"query-input\":{\"@type\":\"PropertyValueSpecification\",\"valueRequired\":true,\"valueName\":\"search_term_string\"}}],\"inLanguage\":\"es\"},{\"@type\":\"Organization\",\"@id\":\"https:\\\/\\\/fuentesfidedignas.com.mx\\\/#organization\",\"name\":\"Fuentes Fidedignas\",\"url\":\"https:\\\/\\\/fuentesfidedignas.com.mx\\\/\",\"logo\":{\"@type\":\"ImageObject\",\"inLanguage\":\"es\",\"@id\":\"https:\\\/\\\/fuentesfidedignas.com.mx\\\/#\\\/schema\\\/logo\\\/image\\\/\",\"url\":\"https:\\\/\\\/fuentesfidedignas.com.mx\\\/wp-content\\\/uploads\\\/2021\\\/04\\\/logo-retina.png\",\"contentUrl\":\"https:\\\/\\\/fuentesfidedignas.com.mx\\\/wp-content\\\/uploads\\\/2021\\\/04\\\/logo-retina.png\",\"width\":280,\"height\":51,\"caption\":\"Fuentes Fidedignas\"},\"image\":{\"@id\":\"https:\\\/\\\/fuentesfidedignas.com.mx\\\/#\\\/schema\\\/logo\\\/image\\\/\"},\"sameAs\":[\"https:\\\/\\\/www.facebook.com\\\/Fuentes-Fidedignas-368234489921644\",\"https:\\\/\\\/x.com\\\/fidedignas\"]},{\"@type\":\"Person\",\"@id\":\"https:\\\/\\\/fuentesfidedignas.com.mx\\\/#\\\/schema\\\/person\\\/5623d53fe2e579d825b1679734abcc44\",\"name\":\"Forbes\",\"image\":{\"@type\":\"ImageObject\",\"inLanguage\":\"es\",\"@id\":\"https:\\\/\\\/secure.gravatar.com\\\/avatar\\\/87ce3dd4e41e60c22a79c758614f01a6bc2469255fc936ec7b15efb9bb5cb66f?s=96&d=mm&r=g\",\"url\":\"https:\\\/\\\/secure.gravatar.com\\\/avatar\\\/87ce3dd4e41e60c22a79c758614f01a6bc2469255fc936ec7b15efb9bb5cb66f?s=96&d=mm&r=g\",\"contentUrl\":\"https:\\\/\\\/secure.gravatar.com\\\/avatar\\\/87ce3dd4e41e60c22a79c758614f01a6bc2469255fc936ec7b15efb9bb5cb66f?s=96&d=mm&r=g\",\"caption\":\"Forbes\"},\"url\":\"https:\\\/\\\/fuentesfidedignas.com.mx\\\/index.php\\\/author\\\/forbes\\\/\"}]}<\/script>\n<!-- \/ Yoast SEO plugin. -->","yoast_head_json":{"title":"\u2018No estamos solos\u2019: Maussan pide a diputados legislar para reconocer vida extraterrestre - Fuentes Fidedignas","robots":{"index":"index","follow":"follow","max-snippet":"max-snippet:-1","max-image-preview":"max-image-preview:large","max-video-preview":"max-video-preview:-1"},"canonical":"https:\/\/fuentesfidedignas.com.mx\/index.php\/2023\/09\/13\/no-estamos-solos-maussan-pide-a-diputados-legislar-para-reconocer-vida-extraterrestre\/","og_locale":"es_MX","og_type":"article","og_title":"\u2018No estamos solos\u2019: Maussan pide a diputados legislar para reconocer vida extraterrestre - Fuentes Fidedignas","og_description":"Jaime Maussan dice que en 2004 la Fuerza A\u00e9rea Mexicana identific\u00f3 11 Objetos An\u00f3malos no Identificados. Ciudad de M\u00e9xico.- Jaime Maussan pidi\u00f3 a legisladores federales reformas para que se reconozca la existencia en el pa\u00eds de Fen\u00f3menos An\u00f3malos No identificados (FANI), t\u00e9rmino que sustituye al de Objetos Voladores no Identificados (OVNIS). \u201cResulta trascendental reconocer estos [&hellip;]","og_url":"https:\/\/fuentesfidedignas.com.mx\/index.php\/2023\/09\/13\/no-estamos-solos-maussan-pide-a-diputados-legislar-para-reconocer-vida-extraterrestre\/","og_site_name":"Fuentes Fidedignas","article_publisher":"https:\/\/www.facebook.com\/Fuentes-Fidedignas-368234489921644","article_published_time":"2023-09-13T14:13:18+00:00","article_modified_time":"2023-09-13T14:15:56+00:00","og_image":[{"width":1064,"height":595,"url":"https:\/\/fuentesfidedignas.com.mx\/wp-content\/uploads\/2023\/09\/MAUSSAN.jpg","type":"image\/jpeg"}],"author":"Forbes","twitter_card":"summary_large_image","twitter_creator":"@fidedignas","twitter_site":"@fidedignas","twitter_misc":{"Escrito por":"Forbes","Tiempo de lectura":"2 minutos"},"schema":{"@context":"https:\/\/schema.org","@graph":[{"@type":"Article","@id":"https:\/\/fuentesfidedignas.com.mx\/index.php\/2023\/09\/13\/no-estamos-solos-maussan-pide-a-diputados-legislar-para-reconocer-vida-extraterrestre\/#article","isPartOf":{"@id":"https:\/\/fuentesfidedignas.com.mx\/index.php\/2023\/09\/13\/no-estamos-solos-maussan-pide-a-diputados-legislar-para-reconocer-vida-extraterrestre\/"},"author":{"name":"Forbes","@id":"https:\/\/fuentesfidedignas.com.mx\/#\/schema\/person\/5623d53fe2e579d825b1679734abcc44"},"headline":"\u2018No estamos solos\u2019: Maussan pide a diputados legislar para reconocer vida extraterrestre","datePublished":"2023-09-13T14:13:18+00:00","dateModified":"2023-09-13T14:15:56+00:00","mainEntityOfPage":{"@id":"https:\/\/fuentesfidedignas.com.mx\/index.php\/2023\/09\/13\/no-estamos-solos-maussan-pide-a-diputados-legislar-para-reconocer-vida-extraterrestre\/"},"wordCount":452,"commentCount":0,"publisher":{"@id":"https:\/\/fuentesfidedignas.com.mx\/#organization"},"image":{"@id":"https:\/\/fuentesfidedignas.com.mx\/index.php\/2023\/09\/13\/no-estamos-solos-maussan-pide-a-diputados-legislar-para-reconocer-vida-extraterrestre\/#primaryimage"},"thumbnailUrl":"https:\/\/fuentesfidedignas.com.mx\/wp-content\/uploads\/2023\/09\/MAUSSAN.jpg","articleSection":["NOTICIAS NACIONALES"],"inLanguage":"es","potentialAction":[{"@type":"CommentAction","name":"Comment","target":["https:\/\/fuentesfidedignas.com.mx\/index.php\/2023\/09\/13\/no-estamos-solos-maussan-pide-a-diputados-legislar-para-reconocer-vida-extraterrestre\/#respond"]}]},{"@type":"WebPage","@id":"https:\/\/fuentesfidedignas.com.mx\/index.php\/2023\/09\/13\/no-estamos-solos-maussan-pide-a-diputados-legislar-para-reconocer-vida-extraterrestre\/","url":"https:\/\/fuentesfidedignas.com.mx\/index.php\/2023\/09\/13\/no-estamos-solos-maussan-pide-a-diputados-legislar-para-reconocer-vida-extraterrestre\/","name":"\u2018No estamos solos\u2019: Maussan pide a diputados legislar para reconocer vida extraterrestre - Fuentes Fidedignas","isPartOf":{"@id":"https:\/\/fuentesfidedignas.com.mx\/#website"},"primaryImageOfPage":{"@id":"https:\/\/fuentesfidedignas.com.mx\/index.php\/2023\/09\/13\/no-estamos-solos-maussan-pide-a-diputados-legislar-para-reconocer-vida-extraterrestre\/#primaryimage"},"image":{"@id":"https:\/\/fuentesfidedignas.com.mx\/index.php\/2023\/09\/13\/no-estamos-solos-maussan-pide-a-diputados-legislar-para-reconocer-vida-extraterrestre\/#primaryimage"},"thumbnailUrl":"https:\/\/fuentesfidedignas.com.mx\/wp-content\/uploads\/2023\/09\/MAUSSAN.jpg","datePublished":"2023-09-13T14:13:18+00:00","dateModified":"2023-09-13T14:15:56+00:00","breadcrumb":{"@id":"https:\/\/fuentesfidedignas.com.mx\/index.php\/2023\/09\/13\/no-estamos-solos-maussan-pide-a-diputados-legislar-para-reconocer-vida-extraterrestre\/#breadcrumb"},"inLanguage":"es","potentialAction":[{"@type":"ReadAction","target":["https:\/\/fuentesfidedignas.com.mx\/index.php\/2023\/09\/13\/no-estamos-solos-maussan-pide-a-diputados-legislar-para-reconocer-vida-extraterrestre\/"]}]},{"@type":"ImageObject","inLanguage":"es","@id":"https:\/\/fuentesfidedignas.com.mx\/index.php\/2023\/09\/13\/no-estamos-solos-maussan-pide-a-diputados-legislar-para-reconocer-vida-extraterrestre\/#primaryimage","url":"https:\/\/fuentesfidedignas.com.mx\/wp-content\/uploads\/2023\/09\/MAUSSAN.jpg","contentUrl":"https:\/\/fuentesfidedignas.com.mx\/wp-content\/uploads\/2023\/09\/MAUSSAN.jpg","width":1064,"height":595},{"@type":"BreadcrumbList","@id":"https:\/\/fuentesfidedignas.com.mx\/index.php\/2023\/09\/13\/no-estamos-solos-maussan-pide-a-diputados-legislar-para-reconocer-vida-extraterrestre\/#breadcrumb","itemListElement":[{"@type":"ListItem","position":1,"name":"Inicio","item":"https:\/\/fuentesfidedignas.com.mx\/"},{"@type":"ListItem","position":2,"name":"\u2018No estamos solos\u2019: Maussan pide a diputados legislar para reconocer vida extraterrestre"}]},{"@type":"WebSite","@id":"https:\/\/fuentesfidedignas.com.mx\/#website","url":"https:\/\/fuentesfidedignas.com.mx\/","name":"Fuentes Fidedignas","description":"Otro sitio realizado con WordPress","publisher":{"@id":"https:\/\/fuentesfidedignas.com.mx\/#organization"},"potentialAction":[{"@type":"SearchAction","target":{"@type":"EntryPoint","urlTemplate":"https:\/\/fuentesfidedignas.com.mx\/?s={search_term_string}"},"query-input":{"@type":"PropertyValueSpecification","valueRequired":true,"valueName":"search_term_string"}}],"inLanguage":"es"},{"@type":"Organization","@id":"https:\/\/fuentesfidedignas.com.mx\/#organization","name":"Fuentes Fidedignas","url":"https:\/\/fuentesfidedignas.com.mx\/","logo":{"@type":"ImageObject","inLanguage":"es","@id":"https:\/\/fuentesfidedignas.com.mx\/#\/schema\/logo\/image\/","url":"https:\/\/fuentesfidedignas.com.mx\/wp-content\/uploads\/2021\/04\/logo-retina.png","contentUrl":"https:\/\/fuentesfidedignas.com.mx\/wp-content\/uploads\/2021\/04\/logo-retina.png","width":280,"height":51,"caption":"Fuentes Fidedignas"},"image":{"@id":"https:\/\/fuentesfidedignas.com.mx\/#\/schema\/logo\/image\/"},"sameAs":["https:\/\/www.facebook.com\/Fuentes-Fidedignas-368234489921644","https:\/\/x.com\/fidedignas"]},{"@type":"Person","@id":"https:\/\/fuentesfidedignas.com.mx\/#\/schema\/person\/5623d53fe2e579d825b1679734abcc44","name":"Forbes","image":{"@type":"ImageObject","inLanguage":"es","@id":"https:\/\/secure.gravatar.com\/avatar\/87ce3dd4e41e60c22a79c758614f01a6bc2469255fc936ec7b15efb9bb5cb66f?s=96&d=mm&r=g","url":"https:\/\/secure.gravatar.com\/avatar\/87ce3dd4e41e60c22a79c758614f01a6bc2469255fc936ec7b15efb9bb5cb66f?s=96&d=mm&r=g","contentUrl":"https:\/\/secure.gravatar.com\/avatar\/87ce3dd4e41e60c22a79c758614f01a6bc2469255fc936ec7b15efb9bb5cb66f?s=96&d=mm&r=g","caption":"Forbes"},"url":"https:\/\/fuentesfidedignas.com.mx\/index.php\/author\/forbes\/"}]}},"_links":{"self":[{"href":"https:\/\/fuentesfidedignas.com.mx\/index.php\/wp-json\/wp\/v2\/posts\/58869","targetHints":{"allow":["GET"]}}],"collection":[{"href":"https:\/\/fuentesfidedignas.com.mx\/index.php\/wp-json\/wp\/v2\/posts"}],"about":[{"href":"https:\/\/fuentesfidedignas.com.mx\/index.php\/wp-json\/wp\/v2\/types\/post"}],"author":[{"embeddable":true,"href":"https:\/\/fuentesfidedignas.com.mx\/index.php\/wp-json\/wp\/v2\/users\/5"}],"replies":[{"embeddable":true,"href":"https:\/\/fuentesfidedignas.com.mx\/index.php\/wp-json\/wp\/v2\/comments?post=58869"}],"version-history":[{"count":1,"href":"https:\/\/fuentesfidedignas.com.mx\/index.php\/wp-json\/wp\/v2\/posts\/58869\/revisions"}],"predecessor-version":[{"id":58871,"href":"https:\/\/fuentesfidedignas.com.mx\/index.php\/wp-json\/wp\/v2\/posts\/58869\/revisions\/58871"}],"wp:featuredmedia":[{"embeddable":true,"href":"https:\/\/fuentesfidedignas.com.mx\/index.php\/wp-json\/wp\/v2\/media\/58870"}],"wp:attachment":[{"href":"https:\/\/fuentesfidedignas.com.mx\/index.php\/wp-json\/wp\/v2\/media?parent=58869"}],"wp:term":[{"taxonomy":"category","embeddable":true,"href":"https:\/\/fuentesfidedignas.com.mx\/index.php\/wp-json\/wp\/v2\/categories?post=58869"},{"taxonomy":"post_tag","embeddable":true,"href":"https:\/\/fuentesfidedignas.com.mx\/index.php\/wp-json\/wp\/v2\/tags?post=58869"}],"curies":[{"name":"wp","href":"https:\/\/api.w.org\/{rel}","templated":true}]}}