{"id":588,"date":"2021-05-01T12:11:17","date_gmt":"2021-05-01T19:11:17","guid":{"rendered":"https:\/\/fuentesfidedignas.com.mx\/?p=588"},"modified":"2021-05-02T12:21:10","modified_gmt":"2021-05-02T19:21:10","slug":"ya-puedes-prender-el-aire-hoy-inicia-tarifa-electrica-de-verano","status":"publish","type":"post","link":"https:\/\/fuentesfidedignas.com.mx\/index.php\/2021\/05\/01\/ya-puedes-prender-el-aire-hoy-inicia-tarifa-electrica-de-verano\/","title":{"rendered":"\u00a1A prender los aires! Inicia tarifa el\u00e9ctrica de verano en Sinaloa"},"content":{"rendered":"\n<p><strong>La tarifa el\u00e9ctrica de verano contempla el subsidio en la aplicaci\u00f3n de la tarifa 1-F que abarca consumos mensuales en las viviendas de hasta dos mil 500 Watts<\/strong><\/p>\n\n\n\n<p>Culiac\u00e1n, Sin.- Hoy entr\u00f3 en vigor la tarifa de verano para el servicio de electricidad en el estado, con lo que los usuarios obtendr\u00e1n un subsidio por los siguientes seis meses.<\/p>\n\n\n\n<p>Negociaciones de Gobierno del Estado con la Secretar\u00eda de Hacienda y Cr\u00e9dito P\u00fablico (SHCP), a cargo de su titular, Arturo Herrera, rindieron frutos, por lo que a partir del este d\u00eda los sinaloenses podr\u00e1n contar con el subsidio en las tarifas de energ\u00eda el\u00e9ctrica. En a\u00f1os anteriores dicho subsidio le ha redituado al estado un descuento cercano a los 360 millones de pesos.<\/p>\n\n\n\n<p>La tarifa el\u00e9ctrica de verano contempla el subsidio en la aplicaci\u00f3n de la tarifa 1-F que abarca consumos mensuales en las viviendas de hasta dos mil 500 Watts.<\/p>\n\n\n\n<p><strong>Contin\u00faan las gestiones con CFE para tarifa preferencial<\/strong><br><\/p>\n\n\n\n<p style=\"margin-bottom:-10px\">Las gestiones para obtener el subsidio tienen como objetivo apoyar tanto a hogares como empresas, debido a la llegada de la \u00e9poca de calor extremo en el estado, situaci\u00f3n que hace indispensable la utilizaci\u00f3n de climas artificiales, ventiladores y los refrigeradores para mantener en buen estado los alimentos, ante esa situaci\u00f3n los recibos suelen llegar con pagos elevados y por esa raz\u00f3n se gestiona el beneficio.<\/p>\n","protected":false},"excerpt":{"rendered":"<p>La tarifa el\u00e9ctrica de verano contempla el subsidio en la aplicaci\u00f3n de la tarifa 1-F que abarca consumos mensuales en las viviendas de hasta dos mil 500 Watts Culiac\u00e1n, Sin.- Hoy entr\u00f3 en vigor la tarifa de verano para el servicio de electricidad en el estado, con lo que los usuarios obtendr\u00e1n un subsidio por [&hellip;]<\/p>\n","protected":false},"author":4,"featured_media":589,"comment_status":"open","ping_status":"open","sticky":false,"template":"","format":"standard","meta":{"tdm_status":"","tdm_grid_status":"","footnotes":""},"categories":[37,38],"tags":[],"class_list":{"0":"post-588","1":"post","2":"type-post","3":"status-publish","4":"format-standard","5":"has-post-thumbnail","7":"category-nota-principal","8":"category-noticias-locales"},"yoast_head":"<!-- This site is optimized with the Yoast SEO plugin v27.5 - https:\/\/yoast.com\/product\/yoast-seo-wordpress\/ -->\n<title>\u00a1A prender los aires! Inicia tarifa el\u00e9ctrica de verano en Sinaloa - Fuentes Fidedignas<\/title>\n<meta name=\"robots\" content=\"index, follow, max-snippet:-1, max-image-preview:large, max-video-preview:-1\" \/>\n<link rel=\"canonical\" href=\"https:\/\/fuentesfidedignas.com.mx\/index.php\/2021\/05\/01\/ya-puedes-prender-el-aire-hoy-inicia-tarifa-electrica-de-verano\/\" \/>\n<meta property=\"og:locale\" content=\"es_MX\" \/>\n<meta property=\"og:type\" content=\"article\" \/>\n<meta property=\"og:title\" content=\"\u00a1A prender los aires! Inicia tarifa el\u00e9ctrica de verano en Sinaloa - Fuentes Fidedignas\" \/>\n<meta property=\"og:description\" content=\"La tarifa el\u00e9ctrica de verano contempla el subsidio en la aplicaci\u00f3n de la tarifa 1-F que abarca consumos mensuales en las viviendas de hasta dos mil 500 Watts Culiac\u00e1n, Sin.- Hoy entr\u00f3 en vigor la tarifa de verano para el servicio de electricidad en el estado, con lo que los usuarios obtendr\u00e1n un subsidio por [&hellip;]\" \/>\n<meta property=\"og:url\" content=\"https:\/\/fuentesfidedignas.com.mx\/index.php\/2021\/05\/01\/ya-puedes-prender-el-aire-hoy-inicia-tarifa-electrica-de-verano\/\" \/>\n<meta property=\"og:site_name\" content=\"Fuentes Fidedignas\" \/>\n<meta property=\"article:publisher\" content=\"https:\/\/www.facebook.com\/Fuentes-Fidedignas-368234489921644\" \/>\n<meta property=\"article:published_time\" content=\"2021-05-01T19:11:17+00:00\" \/>\n<meta property=\"article:modified_time\" content=\"2021-05-02T19:21:10+00:00\" \/>\n<meta property=\"og:image\" content=\"https:\/\/fuentesfidedignas.com.mx\/wp-content\/uploads\/2021\/05\/f608x342-351915_381638_0.jpg\" \/>\n\t<meta property=\"og:image:width\" content=\"608\" \/>\n\t<meta property=\"og:image:height\" content=\"342\" \/>\n\t<meta property=\"og:image:type\" content=\"image\/jpeg\" \/>\n<meta name=\"author\" content=\"Redacci\u00f3n\" \/>\n<meta name=\"twitter:card\" content=\"summary_large_image\" \/>\n<meta name=\"twitter:creator\" content=\"@fidedignas\" \/>\n<meta name=\"twitter:site\" content=\"@fidedignas\" \/>\n<meta name=\"twitter:label1\" content=\"Escrito por\" \/>\n\t<meta name=\"twitter:data1\" content=\"Redacci\u00f3n\" \/>\n\t<meta name=\"twitter:label2\" content=\"Tiempo de lectura\" \/>\n\t<meta name=\"twitter:data2\" content=\"1 minuto\" \/>\n<script type=\"application\/ld+json\" class=\"yoast-schema-graph\">{\"@context\":\"https:\\\/\\\/schema.org\",\"@graph\":[{\"@type\":\"Article\",\"@id\":\"https:\\\/\\\/fuentesfidedignas.com.mx\\\/index.php\\\/2021\\\/05\\\/01\\\/ya-puedes-prender-el-aire-hoy-inicia-tarifa-electrica-de-verano\\\/#article\",\"isPartOf\":{\"@id\":\"https:\\\/\\\/fuentesfidedignas.com.mx\\\/index.php\\\/2021\\\/05\\\/01\\\/ya-puedes-prender-el-aire-hoy-inicia-tarifa-electrica-de-verano\\\/\"},\"author\":{\"name\":\"Redacci\u00f3n\",\"@id\":\"https:\\\/\\\/fuentesfidedignas.com.mx\\\/#\\\/schema\\\/person\\\/331be9283d37198e2acd5750279085b0\"},\"headline\":\"\u00a1A prender los aires! Inicia tarifa el\u00e9ctrica de verano en Sinaloa\",\"datePublished\":\"2021-05-01T19:11:17+00:00\",\"dateModified\":\"2021-05-02T19:21:10+00:00\",\"mainEntityOfPage\":{\"@id\":\"https:\\\/\\\/fuentesfidedignas.com.mx\\\/index.php\\\/2021\\\/05\\\/01\\\/ya-puedes-prender-el-aire-hoy-inicia-tarifa-electrica-de-verano\\\/\"},\"wordCount\":253,\"commentCount\":0,\"publisher\":{\"@id\":\"https:\\\/\\\/fuentesfidedignas.com.mx\\\/#organization\"},\"image\":{\"@id\":\"https:\\\/\\\/fuentesfidedignas.com.mx\\\/index.php\\\/2021\\\/05\\\/01\\\/ya-puedes-prender-el-aire-hoy-inicia-tarifa-electrica-de-verano\\\/#primaryimage\"},\"thumbnailUrl\":\"https:\\\/\\\/fuentesfidedignas.com.mx\\\/wp-content\\\/uploads\\\/2021\\\/05\\\/f608x342-351915_381638_0.jpg\",\"articleSection\":[\"NOTA PRINCIPAL\",\"NOTICIAS LOCALES\"],\"inLanguage\":\"es\",\"potentialAction\":[{\"@type\":\"CommentAction\",\"name\":\"Comment\",\"target\":[\"https:\\\/\\\/fuentesfidedignas.com.mx\\\/index.php\\\/2021\\\/05\\\/01\\\/ya-puedes-prender-el-aire-hoy-inicia-tarifa-electrica-de-verano\\\/#respond\"]}]},{\"@type\":\"WebPage\",\"@id\":\"https:\\\/\\\/fuentesfidedignas.com.mx\\\/index.php\\\/2021\\\/05\\\/01\\\/ya-puedes-prender-el-aire-hoy-inicia-tarifa-electrica-de-verano\\\/\",\"url\":\"https:\\\/\\\/fuentesfidedignas.com.mx\\\/index.php\\\/2021\\\/05\\\/01\\\/ya-puedes-prender-el-aire-hoy-inicia-tarifa-electrica-de-verano\\\/\",\"name\":\"\u00a1A prender los aires! Inicia tarifa el\u00e9ctrica de verano en Sinaloa - Fuentes Fidedignas\",\"isPartOf\":{\"@id\":\"https:\\\/\\\/fuentesfidedignas.com.mx\\\/#website\"},\"primaryImageOfPage\":{\"@id\":\"https:\\\/\\\/fuentesfidedignas.com.mx\\\/index.php\\\/2021\\\/05\\\/01\\\/ya-puedes-prender-el-aire-hoy-inicia-tarifa-electrica-de-verano\\\/#primaryimage\"},\"image\":{\"@id\":\"https:\\\/\\\/fuentesfidedignas.com.mx\\\/index.php\\\/2021\\\/05\\\/01\\\/ya-puedes-prender-el-aire-hoy-inicia-tarifa-electrica-de-verano\\\/#primaryimage\"},\"thumbnailUrl\":\"https:\\\/\\\/fuentesfidedignas.com.mx\\\/wp-content\\\/uploads\\\/2021\\\/05\\\/f608x342-351915_381638_0.jpg\",\"datePublished\":\"2021-05-01T19:11:17+00:00\",\"dateModified\":\"2021-05-02T19:21:10+00:00\",\"breadcrumb\":{\"@id\":\"https:\\\/\\\/fuentesfidedignas.com.mx\\\/index.php\\\/2021\\\/05\\\/01\\\/ya-puedes-prender-el-aire-hoy-inicia-tarifa-electrica-de-verano\\\/#breadcrumb\"},\"inLanguage\":\"es\",\"potentialAction\":[{\"@type\":\"ReadAction\",\"target\":[\"https:\\\/\\\/fuentesfidedignas.com.mx\\\/index.php\\\/2021\\\/05\\\/01\\\/ya-puedes-prender-el-aire-hoy-inicia-tarifa-electrica-de-verano\\\/\"]}]},{\"@type\":\"ImageObject\",\"inLanguage\":\"es\",\"@id\":\"https:\\\/\\\/fuentesfidedignas.com.mx\\\/index.php\\\/2021\\\/05\\\/01\\\/ya-puedes-prender-el-aire-hoy-inicia-tarifa-electrica-de-verano\\\/#primaryimage\",\"url\":\"https:\\\/\\\/fuentesfidedignas.com.mx\\\/wp-content\\\/uploads\\\/2021\\\/05\\\/f608x342-351915_381638_0.jpg\",\"contentUrl\":\"https:\\\/\\\/fuentesfidedignas.com.mx\\\/wp-content\\\/uploads\\\/2021\\\/05\\\/f608x342-351915_381638_0.jpg\",\"width\":608,\"height\":342},{\"@type\":\"BreadcrumbList\",\"@id\":\"https:\\\/\\\/fuentesfidedignas.com.mx\\\/index.php\\\/2021\\\/05\\\/01\\\/ya-puedes-prender-el-aire-hoy-inicia-tarifa-electrica-de-verano\\\/#breadcrumb\",\"itemListElement\":[{\"@type\":\"ListItem\",\"position\":1,\"name\":\"Inicio\",\"item\":\"https:\\\/\\\/fuentesfidedignas.com.mx\\\/\"},{\"@type\":\"ListItem\",\"position\":2,\"name\":\"\u00a1A prender los aires! Inicia tarifa el\u00e9ctrica de verano en Sinaloa\"}]},{\"@type\":\"WebSite\",\"@id\":\"https:\\\/\\\/fuentesfidedignas.com.mx\\\/#website\",\"url\":\"https:\\\/\\\/fuentesfidedignas.com.mx\\\/\",\"name\":\"Fuentes Fidedignas\",\"description\":\"Otro sitio realizado con WordPress\",\"publisher\":{\"@id\":\"https:\\\/\\\/fuentesfidedignas.com.mx\\\/#organization\"},\"potentialAction\":[{\"@type\":\"SearchAction\",\"target\":{\"@type\":\"EntryPoint\",\"urlTemplate\":\"https:\\\/\\\/fuentesfidedignas.com.mx\\\/?s={search_term_string}\"},\"query-input\":{\"@type\":\"PropertyValueSpecification\",\"valueRequired\":true,\"valueName\":\"search_term_string\"}}],\"inLanguage\":\"es\"},{\"@type\":\"Organization\",\"@id\":\"https:\\\/\\\/fuentesfidedignas.com.mx\\\/#organization\",\"name\":\"Fuentes Fidedignas\",\"url\":\"https:\\\/\\\/fuentesfidedignas.com.mx\\\/\",\"logo\":{\"@type\":\"ImageObject\",\"inLanguage\":\"es\",\"@id\":\"https:\\\/\\\/fuentesfidedignas.com.mx\\\/#\\\/schema\\\/logo\\\/image\\\/\",\"url\":\"https:\\\/\\\/fuentesfidedignas.com.mx\\\/wp-content\\\/uploads\\\/2021\\\/04\\\/logo-retina.png\",\"contentUrl\":\"https:\\\/\\\/fuentesfidedignas.com.mx\\\/wp-content\\\/uploads\\\/2021\\\/04\\\/logo-retina.png\",\"width\":280,\"height\":51,\"caption\":\"Fuentes Fidedignas\"},\"image\":{\"@id\":\"https:\\\/\\\/fuentesfidedignas.com.mx\\\/#\\\/schema\\\/logo\\\/image\\\/\"},\"sameAs\":[\"https:\\\/\\\/www.facebook.com\\\/Fuentes-Fidedignas-368234489921644\",\"https:\\\/\\\/x.com\\\/fidedignas\"]},{\"@type\":\"Person\",\"@id\":\"https:\\\/\\\/fuentesfidedignas.com.mx\\\/#\\\/schema\\\/person\\\/331be9283d37198e2acd5750279085b0\",\"name\":\"Redacci\u00f3n\",\"image\":{\"@type\":\"ImageObject\",\"inLanguage\":\"es\",\"@id\":\"https:\\\/\\\/secure.gravatar.com\\\/avatar\\\/f6d8782c11d12b2d4ad3fbb6931aeab5309937a4d6cd2fc9cfaa28a6396a5aec?s=96&d=mm&r=g\",\"url\":\"https:\\\/\\\/secure.gravatar.com\\\/avatar\\\/f6d8782c11d12b2d4ad3fbb6931aeab5309937a4d6cd2fc9cfaa28a6396a5aec?s=96&d=mm&r=g\",\"contentUrl\":\"https:\\\/\\\/secure.gravatar.com\\\/avatar\\\/f6d8782c11d12b2d4ad3fbb6931aeab5309937a4d6cd2fc9cfaa28a6396a5aec?s=96&d=mm&r=g\",\"caption\":\"Redacci\u00f3n\"},\"url\":\"https:\\\/\\\/fuentesfidedignas.com.mx\\\/index.php\\\/author\\\/redaccion\\\/\"}]}<\/script>\n<!-- \/ Yoast SEO plugin. -->","yoast_head_json":{"title":"\u00a1A prender los aires! Inicia tarifa el\u00e9ctrica de verano en Sinaloa - Fuentes Fidedignas","robots":{"index":"index","follow":"follow","max-snippet":"max-snippet:-1","max-image-preview":"max-image-preview:large","max-video-preview":"max-video-preview:-1"},"canonical":"https:\/\/fuentesfidedignas.com.mx\/index.php\/2021\/05\/01\/ya-puedes-prender-el-aire-hoy-inicia-tarifa-electrica-de-verano\/","og_locale":"es_MX","og_type":"article","og_title":"\u00a1A prender los aires! Inicia tarifa el\u00e9ctrica de verano en Sinaloa - Fuentes Fidedignas","og_description":"La tarifa el\u00e9ctrica de verano contempla el subsidio en la aplicaci\u00f3n de la tarifa 1-F que abarca consumos mensuales en las viviendas de hasta dos mil 500 Watts Culiac\u00e1n, Sin.- Hoy entr\u00f3 en vigor la tarifa de verano para el servicio de electricidad en el estado, con lo que los usuarios obtendr\u00e1n un subsidio por [&hellip;]","og_url":"https:\/\/fuentesfidedignas.com.mx\/index.php\/2021\/05\/01\/ya-puedes-prender-el-aire-hoy-inicia-tarifa-electrica-de-verano\/","og_site_name":"Fuentes Fidedignas","article_publisher":"https:\/\/www.facebook.com\/Fuentes-Fidedignas-368234489921644","article_published_time":"2021-05-01T19:11:17+00:00","article_modified_time":"2021-05-02T19:21:10+00:00","og_image":[{"width":608,"height":342,"url":"https:\/\/fuentesfidedignas.com.mx\/wp-content\/uploads\/2021\/05\/f608x342-351915_381638_0.jpg","type":"image\/jpeg"}],"author":"Redacci\u00f3n","twitter_card":"summary_large_image","twitter_creator":"@fidedignas","twitter_site":"@fidedignas","twitter_misc":{"Escrito por":"Redacci\u00f3n","Tiempo de lectura":"1 minuto"},"schema":{"@context":"https:\/\/schema.org","@graph":[{"@type":"Article","@id":"https:\/\/fuentesfidedignas.com.mx\/index.php\/2021\/05\/01\/ya-puedes-prender-el-aire-hoy-inicia-tarifa-electrica-de-verano\/#article","isPartOf":{"@id":"https:\/\/fuentesfidedignas.com.mx\/index.php\/2021\/05\/01\/ya-puedes-prender-el-aire-hoy-inicia-tarifa-electrica-de-verano\/"},"author":{"name":"Redacci\u00f3n","@id":"https:\/\/fuentesfidedignas.com.mx\/#\/schema\/person\/331be9283d37198e2acd5750279085b0"},"headline":"\u00a1A prender los aires! Inicia tarifa el\u00e9ctrica de verano en Sinaloa","datePublished":"2021-05-01T19:11:17+00:00","dateModified":"2021-05-02T19:21:10+00:00","mainEntityOfPage":{"@id":"https:\/\/fuentesfidedignas.com.mx\/index.php\/2021\/05\/01\/ya-puedes-prender-el-aire-hoy-inicia-tarifa-electrica-de-verano\/"},"wordCount":253,"commentCount":0,"publisher":{"@id":"https:\/\/fuentesfidedignas.com.mx\/#organization"},"image":{"@id":"https:\/\/fuentesfidedignas.com.mx\/index.php\/2021\/05\/01\/ya-puedes-prender-el-aire-hoy-inicia-tarifa-electrica-de-verano\/#primaryimage"},"thumbnailUrl":"https:\/\/fuentesfidedignas.com.mx\/wp-content\/uploads\/2021\/05\/f608x342-351915_381638_0.jpg","articleSection":["NOTA PRINCIPAL","NOTICIAS LOCALES"],"inLanguage":"es","potentialAction":[{"@type":"CommentAction","name":"Comment","target":["https:\/\/fuentesfidedignas.com.mx\/index.php\/2021\/05\/01\/ya-puedes-prender-el-aire-hoy-inicia-tarifa-electrica-de-verano\/#respond"]}]},{"@type":"WebPage","@id":"https:\/\/fuentesfidedignas.com.mx\/index.php\/2021\/05\/01\/ya-puedes-prender-el-aire-hoy-inicia-tarifa-electrica-de-verano\/","url":"https:\/\/fuentesfidedignas.com.mx\/index.php\/2021\/05\/01\/ya-puedes-prender-el-aire-hoy-inicia-tarifa-electrica-de-verano\/","name":"\u00a1A prender los aires! Inicia tarifa el\u00e9ctrica de verano en Sinaloa - Fuentes Fidedignas","isPartOf":{"@id":"https:\/\/fuentesfidedignas.com.mx\/#website"},"primaryImageOfPage":{"@id":"https:\/\/fuentesfidedignas.com.mx\/index.php\/2021\/05\/01\/ya-puedes-prender-el-aire-hoy-inicia-tarifa-electrica-de-verano\/#primaryimage"},"image":{"@id":"https:\/\/fuentesfidedignas.com.mx\/index.php\/2021\/05\/01\/ya-puedes-prender-el-aire-hoy-inicia-tarifa-electrica-de-verano\/#primaryimage"},"thumbnailUrl":"https:\/\/fuentesfidedignas.com.mx\/wp-content\/uploads\/2021\/05\/f608x342-351915_381638_0.jpg","datePublished":"2021-05-01T19:11:17+00:00","dateModified":"2021-05-02T19:21:10+00:00","breadcrumb":{"@id":"https:\/\/fuentesfidedignas.com.mx\/index.php\/2021\/05\/01\/ya-puedes-prender-el-aire-hoy-inicia-tarifa-electrica-de-verano\/#breadcrumb"},"inLanguage":"es","potentialAction":[{"@type":"ReadAction","target":["https:\/\/fuentesfidedignas.com.mx\/index.php\/2021\/05\/01\/ya-puedes-prender-el-aire-hoy-inicia-tarifa-electrica-de-verano\/"]}]},{"@type":"ImageObject","inLanguage":"es","@id":"https:\/\/fuentesfidedignas.com.mx\/index.php\/2021\/05\/01\/ya-puedes-prender-el-aire-hoy-inicia-tarifa-electrica-de-verano\/#primaryimage","url":"https:\/\/fuentesfidedignas.com.mx\/wp-content\/uploads\/2021\/05\/f608x342-351915_381638_0.jpg","contentUrl":"https:\/\/fuentesfidedignas.com.mx\/wp-content\/uploads\/2021\/05\/f608x342-351915_381638_0.jpg","width":608,"height":342},{"@type":"BreadcrumbList","@id":"https:\/\/fuentesfidedignas.com.mx\/index.php\/2021\/05\/01\/ya-puedes-prender-el-aire-hoy-inicia-tarifa-electrica-de-verano\/#breadcrumb","itemListElement":[{"@type":"ListItem","position":1,"name":"Inicio","item":"https:\/\/fuentesfidedignas.com.mx\/"},{"@type":"ListItem","position":2,"name":"\u00a1A prender los aires! Inicia tarifa el\u00e9ctrica de verano en Sinaloa"}]},{"@type":"WebSite","@id":"https:\/\/fuentesfidedignas.com.mx\/#website","url":"https:\/\/fuentesfidedignas.com.mx\/","name":"Fuentes Fidedignas","description":"Otro sitio realizado con WordPress","publisher":{"@id":"https:\/\/fuentesfidedignas.com.mx\/#organization"},"potentialAction":[{"@type":"SearchAction","target":{"@type":"EntryPoint","urlTemplate":"https:\/\/fuentesfidedignas.com.mx\/?s={search_term_string}"},"query-input":{"@type":"PropertyValueSpecification","valueRequired":true,"valueName":"search_term_string"}}],"inLanguage":"es"},{"@type":"Organization","@id":"https:\/\/fuentesfidedignas.com.mx\/#organization","name":"Fuentes Fidedignas","url":"https:\/\/fuentesfidedignas.com.mx\/","logo":{"@type":"ImageObject","inLanguage":"es","@id":"https:\/\/fuentesfidedignas.com.mx\/#\/schema\/logo\/image\/","url":"https:\/\/fuentesfidedignas.com.mx\/wp-content\/uploads\/2021\/04\/logo-retina.png","contentUrl":"https:\/\/fuentesfidedignas.com.mx\/wp-content\/uploads\/2021\/04\/logo-retina.png","width":280,"height":51,"caption":"Fuentes Fidedignas"},"image":{"@id":"https:\/\/fuentesfidedignas.com.mx\/#\/schema\/logo\/image\/"},"sameAs":["https:\/\/www.facebook.com\/Fuentes-Fidedignas-368234489921644","https:\/\/x.com\/fidedignas"]},{"@type":"Person","@id":"https:\/\/fuentesfidedignas.com.mx\/#\/schema\/person\/331be9283d37198e2acd5750279085b0","name":"Redacci\u00f3n","image":{"@type":"ImageObject","inLanguage":"es","@id":"https:\/\/secure.gravatar.com\/avatar\/f6d8782c11d12b2d4ad3fbb6931aeab5309937a4d6cd2fc9cfaa28a6396a5aec?s=96&d=mm&r=g","url":"https:\/\/secure.gravatar.com\/avatar\/f6d8782c11d12b2d4ad3fbb6931aeab5309937a4d6cd2fc9cfaa28a6396a5aec?s=96&d=mm&r=g","contentUrl":"https:\/\/secure.gravatar.com\/avatar\/f6d8782c11d12b2d4ad3fbb6931aeab5309937a4d6cd2fc9cfaa28a6396a5aec?s=96&d=mm&r=g","caption":"Redacci\u00f3n"},"url":"https:\/\/fuentesfidedignas.com.mx\/index.php\/author\/redaccion\/"}]}},"_links":{"self":[{"href":"https:\/\/fuentesfidedignas.com.mx\/index.php\/wp-json\/wp\/v2\/posts\/588","targetHints":{"allow":["GET"]}}],"collection":[{"href":"https:\/\/fuentesfidedignas.com.mx\/index.php\/wp-json\/wp\/v2\/posts"}],"about":[{"href":"https:\/\/fuentesfidedignas.com.mx\/index.php\/wp-json\/wp\/v2\/types\/post"}],"author":[{"embeddable":true,"href":"https:\/\/fuentesfidedignas.com.mx\/index.php\/wp-json\/wp\/v2\/users\/4"}],"replies":[{"embeddable":true,"href":"https:\/\/fuentesfidedignas.com.mx\/index.php\/wp-json\/wp\/v2\/comments?post=588"}],"version-history":[{"count":4,"href":"https:\/\/fuentesfidedignas.com.mx\/index.php\/wp-json\/wp\/v2\/posts\/588\/revisions"}],"predecessor-version":[{"id":645,"href":"https:\/\/fuentesfidedignas.com.mx\/index.php\/wp-json\/wp\/v2\/posts\/588\/revisions\/645"}],"wp:featuredmedia":[{"embeddable":true,"href":"https:\/\/fuentesfidedignas.com.mx\/index.php\/wp-json\/wp\/v2\/media\/589"}],"wp:attachment":[{"href":"https:\/\/fuentesfidedignas.com.mx\/index.php\/wp-json\/wp\/v2\/media?parent=588"}],"wp:term":[{"taxonomy":"category","embeddable":true,"href":"https:\/\/fuentesfidedignas.com.mx\/index.php\/wp-json\/wp\/v2\/categories?post=588"},{"taxonomy":"post_tag","embeddable":true,"href":"https:\/\/fuentesfidedignas.com.mx\/index.php\/wp-json\/wp\/v2\/tags?post=588"}],"curies":[{"name":"wp","href":"https:\/\/api.w.org\/{rel}","templated":true}]}}