{"id":5879,"date":"2021-06-25T07:56:59","date_gmt":"2021-06-25T14:56:59","guid":{"rendered":"https:\/\/fuentesfidedignas.com.mx\/?p=5879"},"modified":"2021-06-25T07:57:01","modified_gmt":"2021-06-25T14:57:01","slug":"concluyen-trabajos-de-mantenimiento-en-pasos-deprimidos-lola-beltran-y-pedro-infante","status":"publish","type":"post","link":"https:\/\/fuentesfidedignas.com.mx\/index.php\/2021\/06\/25\/concluyen-trabajos-de-mantenimiento-en-pasos-deprimidos-lola-beltran-y-pedro-infante\/","title":{"rendered":"Concluyen trabajos de mantenimiento en pasos deprimidos Lola Beltr\u00e1n y Pedro Infante"},"content":{"rendered":"\n<p><strong><em>En dichas vialidades se realizaron acciones de mantenimiento preventivo de los sistemas de energ\u00eda el\u00e9ctrica, bombas y c\u00e1rcamo<\/em><\/strong><\/p>\n\n\n\n<p>Culiac\u00e1n, Sin.- Por segundo d\u00eda consecutivo personal de Alumbrado P\u00fablico y Eficiencia Energ\u00e9tica en conjunto con JAPAC, Secretar\u00eda de Obras P\u00fablicas y el apoyo de la Secretar\u00eda de Seguridad P\u00fablica Municipal, realizaron trabajos de mantenimiento sobre los t\u00faneles de los pasos deprimidos Lola Beltr\u00e1n y Pedro Infante.<\/p>\n\n\n\n<p>En dichas vialidades se realizaron acciones de mantenimiento preventivo de los sistemas de energ\u00eda el\u00e9ctrica, bombas y c\u00e1rcamo los cuales deben estar en \u00f3ptimas condiciones para evitar inundaciones en el interior durante la temporada de lluvias.<\/p>\n\n\n\n<p>Como ocurri\u00f3 en el paso deprimido Gas Valle, los t\u00faneles Pedro Infante y Lola Beltr\u00e1n registraban robo de cableado y da\u00f1os en el sistema de iluminaci\u00f3n interior, por ello fue necesario la rehabilitaci\u00f3n de este sistema.<br>Asimismo, el \u00e1rea del c\u00e1rcamo y bombas fue desazolvado debido al gran volumen de residuos de agua y basura almacenado en su interior permitiendo de esta forma su funcionamiento correcto.<\/p>\n\n\n\n<p>En ambos sitios se cont\u00f3 con el apoyo de la unidad vactor y el equipo t\u00e9cnico para retirar basura y agua acumulada, adem\u00e1s de una cuadrilla de Alumbrado P\u00fablico Municipal.<\/p>\n\n\n\n<p>Tras la implementaci\u00f3n de estas actividades, el Gobierno de Culiac\u00e1n encabezado por el alcalde Lic. Jes\u00fas Estrada Ferreiro, contin\u00faa desarrollando los programas de prevenci\u00f3n para reducir riesgos y afectaciones para esta temporada de lluvias.<\/p>\n","protected":false},"excerpt":{"rendered":"<p>En dichas vialidades se realizaron acciones de mantenimiento preventivo de los sistemas de energ\u00eda el\u00e9ctrica, bombas y c\u00e1rcamo Culiac\u00e1n, Sin.- Por segundo d\u00eda consecutivo personal de Alumbrado P\u00fablico y Eficiencia Energ\u00e9tica en conjunto con JAPAC, Secretar\u00eda de Obras P\u00fablicas y el apoyo de la Secretar\u00eda de Seguridad P\u00fablica Municipal, realizaron trabajos de mantenimiento sobre los [&hellip;]<\/p>\n","protected":false},"author":4,"featured_media":5880,"comment_status":"open","ping_status":"open","sticky":false,"template":"","format":"standard","meta":{"tdm_status":"","tdm_grid_status":"","footnotes":""},"categories":[38],"tags":[],"class_list":{"0":"post-5879","1":"post","2":"type-post","3":"status-publish","4":"format-standard","5":"has-post-thumbnail","7":"category-noticias-locales"},"yoast_head":"<!-- This site is optimized with the Yoast SEO plugin v27.5 - https:\/\/yoast.com\/product\/yoast-seo-wordpress\/ -->\n<title>Concluyen trabajos de mantenimiento en pasos deprimidos Lola Beltr\u00e1n y Pedro Infante - Fuentes Fidedignas<\/title>\n<meta name=\"robots\" content=\"index, follow, max-snippet:-1, max-image-preview:large, max-video-preview:-1\" \/>\n<link rel=\"canonical\" href=\"https:\/\/fuentesfidedignas.com.mx\/index.php\/2021\/06\/25\/concluyen-trabajos-de-mantenimiento-en-pasos-deprimidos-lola-beltran-y-pedro-infante\/\" \/>\n<meta property=\"og:locale\" content=\"es_MX\" \/>\n<meta property=\"og:type\" content=\"article\" \/>\n<meta property=\"og:title\" content=\"Concluyen trabajos de mantenimiento en pasos deprimidos Lola Beltr\u00e1n y Pedro Infante - Fuentes Fidedignas\" \/>\n<meta property=\"og:description\" content=\"En dichas vialidades se realizaron acciones de mantenimiento preventivo de los sistemas de energ\u00eda el\u00e9ctrica, bombas y c\u00e1rcamo Culiac\u00e1n, Sin.- Por segundo d\u00eda consecutivo personal de Alumbrado P\u00fablico y Eficiencia Energ\u00e9tica en conjunto con JAPAC, Secretar\u00eda de Obras P\u00fablicas y el apoyo de la Secretar\u00eda de Seguridad P\u00fablica Municipal, realizaron trabajos de mantenimiento sobre los [&hellip;]\" \/>\n<meta property=\"og:url\" content=\"https:\/\/fuentesfidedignas.com.mx\/index.php\/2021\/06\/25\/concluyen-trabajos-de-mantenimiento-en-pasos-deprimidos-lola-beltran-y-pedro-infante\/\" \/>\n<meta property=\"og:site_name\" content=\"Fuentes Fidedignas\" \/>\n<meta property=\"article:publisher\" content=\"https:\/\/www.facebook.com\/Fuentes-Fidedignas-368234489921644\" \/>\n<meta property=\"article:published_time\" content=\"2021-06-25T14:56:59+00:00\" \/>\n<meta property=\"article:modified_time\" content=\"2021-06-25T14:57:01+00:00\" \/>\n<meta property=\"og:image\" content=\"https:\/\/fuentesfidedignas.com.mx\/wp-content\/uploads\/2021\/06\/IMG-20210625-WA0000.jpg\" \/>\n\t<meta property=\"og:image:width\" content=\"1280\" \/>\n\t<meta property=\"og:image:height\" content=\"854\" \/>\n\t<meta property=\"og:image:type\" content=\"image\/jpeg\" \/>\n<meta name=\"author\" content=\"Redacci\u00f3n\" \/>\n<meta name=\"twitter:card\" content=\"summary_large_image\" \/>\n<meta name=\"twitter:creator\" content=\"@fidedignas\" \/>\n<meta name=\"twitter:site\" content=\"@fidedignas\" \/>\n<meta name=\"twitter:label1\" content=\"Escrito por\" \/>\n\t<meta name=\"twitter:data1\" content=\"Redacci\u00f3n\" \/>\n\t<meta name=\"twitter:label2\" content=\"Tiempo de lectura\" \/>\n\t<meta name=\"twitter:data2\" content=\"2 minutos\" \/>\n<script type=\"application\/ld+json\" class=\"yoast-schema-graph\">{\"@context\":\"https:\\\/\\\/schema.org\",\"@graph\":[{\"@type\":\"Article\",\"@id\":\"https:\\\/\\\/fuentesfidedignas.com.mx\\\/index.php\\\/2021\\\/06\\\/25\\\/concluyen-trabajos-de-mantenimiento-en-pasos-deprimidos-lola-beltran-y-pedro-infante\\\/#article\",\"isPartOf\":{\"@id\":\"https:\\\/\\\/fuentesfidedignas.com.mx\\\/index.php\\\/2021\\\/06\\\/25\\\/concluyen-trabajos-de-mantenimiento-en-pasos-deprimidos-lola-beltran-y-pedro-infante\\\/\"},\"author\":{\"name\":\"Redacci\u00f3n\",\"@id\":\"https:\\\/\\\/fuentesfidedignas.com.mx\\\/#\\\/schema\\\/person\\\/331be9283d37198e2acd5750279085b0\"},\"headline\":\"Concluyen trabajos de mantenimiento en pasos deprimidos Lola Beltr\u00e1n y Pedro Infante\",\"datePublished\":\"2021-06-25T14:56:59+00:00\",\"dateModified\":\"2021-06-25T14:57:01+00:00\",\"mainEntityOfPage\":{\"@id\":\"https:\\\/\\\/fuentesfidedignas.com.mx\\\/index.php\\\/2021\\\/06\\\/25\\\/concluyen-trabajos-de-mantenimiento-en-pasos-deprimidos-lola-beltran-y-pedro-infante\\\/\"},\"wordCount\":275,\"commentCount\":0,\"publisher\":{\"@id\":\"https:\\\/\\\/fuentesfidedignas.com.mx\\\/#organization\"},\"image\":{\"@id\":\"https:\\\/\\\/fuentesfidedignas.com.mx\\\/index.php\\\/2021\\\/06\\\/25\\\/concluyen-trabajos-de-mantenimiento-en-pasos-deprimidos-lola-beltran-y-pedro-infante\\\/#primaryimage\"},\"thumbnailUrl\":\"https:\\\/\\\/fuentesfidedignas.com.mx\\\/wp-content\\\/uploads\\\/2021\\\/06\\\/IMG-20210625-WA0000.jpg\",\"articleSection\":[\"NOTICIAS LOCALES\"],\"inLanguage\":\"es\",\"potentialAction\":[{\"@type\":\"CommentAction\",\"name\":\"Comment\",\"target\":[\"https:\\\/\\\/fuentesfidedignas.com.mx\\\/index.php\\\/2021\\\/06\\\/25\\\/concluyen-trabajos-de-mantenimiento-en-pasos-deprimidos-lola-beltran-y-pedro-infante\\\/#respond\"]}]},{\"@type\":\"WebPage\",\"@id\":\"https:\\\/\\\/fuentesfidedignas.com.mx\\\/index.php\\\/2021\\\/06\\\/25\\\/concluyen-trabajos-de-mantenimiento-en-pasos-deprimidos-lola-beltran-y-pedro-infante\\\/\",\"url\":\"https:\\\/\\\/fuentesfidedignas.com.mx\\\/index.php\\\/2021\\\/06\\\/25\\\/concluyen-trabajos-de-mantenimiento-en-pasos-deprimidos-lola-beltran-y-pedro-infante\\\/\",\"name\":\"Concluyen trabajos de mantenimiento en pasos deprimidos Lola Beltr\u00e1n y Pedro Infante - Fuentes Fidedignas\",\"isPartOf\":{\"@id\":\"https:\\\/\\\/fuentesfidedignas.com.mx\\\/#website\"},\"primaryImageOfPage\":{\"@id\":\"https:\\\/\\\/fuentesfidedignas.com.mx\\\/index.php\\\/2021\\\/06\\\/25\\\/concluyen-trabajos-de-mantenimiento-en-pasos-deprimidos-lola-beltran-y-pedro-infante\\\/#primaryimage\"},\"image\":{\"@id\":\"https:\\\/\\\/fuentesfidedignas.com.mx\\\/index.php\\\/2021\\\/06\\\/25\\\/concluyen-trabajos-de-mantenimiento-en-pasos-deprimidos-lola-beltran-y-pedro-infante\\\/#primaryimage\"},\"thumbnailUrl\":\"https:\\\/\\\/fuentesfidedignas.com.mx\\\/wp-content\\\/uploads\\\/2021\\\/06\\\/IMG-20210625-WA0000.jpg\",\"datePublished\":\"2021-06-25T14:56:59+00:00\",\"dateModified\":\"2021-06-25T14:57:01+00:00\",\"breadcrumb\":{\"@id\":\"https:\\\/\\\/fuentesfidedignas.com.mx\\\/index.php\\\/2021\\\/06\\\/25\\\/concluyen-trabajos-de-mantenimiento-en-pasos-deprimidos-lola-beltran-y-pedro-infante\\\/#breadcrumb\"},\"inLanguage\":\"es\",\"potentialAction\":[{\"@type\":\"ReadAction\",\"target\":[\"https:\\\/\\\/fuentesfidedignas.com.mx\\\/index.php\\\/2021\\\/06\\\/25\\\/concluyen-trabajos-de-mantenimiento-en-pasos-deprimidos-lola-beltran-y-pedro-infante\\\/\"]}]},{\"@type\":\"ImageObject\",\"inLanguage\":\"es\",\"@id\":\"https:\\\/\\\/fuentesfidedignas.com.mx\\\/index.php\\\/2021\\\/06\\\/25\\\/concluyen-trabajos-de-mantenimiento-en-pasos-deprimidos-lola-beltran-y-pedro-infante\\\/#primaryimage\",\"url\":\"https:\\\/\\\/fuentesfidedignas.com.mx\\\/wp-content\\\/uploads\\\/2021\\\/06\\\/IMG-20210625-WA0000.jpg\",\"contentUrl\":\"https:\\\/\\\/fuentesfidedignas.com.mx\\\/wp-content\\\/uploads\\\/2021\\\/06\\\/IMG-20210625-WA0000.jpg\",\"width\":1280,\"height\":854},{\"@type\":\"BreadcrumbList\",\"@id\":\"https:\\\/\\\/fuentesfidedignas.com.mx\\\/index.php\\\/2021\\\/06\\\/25\\\/concluyen-trabajos-de-mantenimiento-en-pasos-deprimidos-lola-beltran-y-pedro-infante\\\/#breadcrumb\",\"itemListElement\":[{\"@type\":\"ListItem\",\"position\":1,\"name\":\"Inicio\",\"item\":\"https:\\\/\\\/fuentesfidedignas.com.mx\\\/\"},{\"@type\":\"ListItem\",\"position\":2,\"name\":\"Concluyen trabajos de mantenimiento en pasos deprimidos Lola Beltr\u00e1n y Pedro Infante\"}]},{\"@type\":\"WebSite\",\"@id\":\"https:\\\/\\\/fuentesfidedignas.com.mx\\\/#website\",\"url\":\"https:\\\/\\\/fuentesfidedignas.com.mx\\\/\",\"name\":\"Fuentes Fidedignas\",\"description\":\"Otro sitio realizado con WordPress\",\"publisher\":{\"@id\":\"https:\\\/\\\/fuentesfidedignas.com.mx\\\/#organization\"},\"potentialAction\":[{\"@type\":\"SearchAction\",\"target\":{\"@type\":\"EntryPoint\",\"urlTemplate\":\"https:\\\/\\\/fuentesfidedignas.com.mx\\\/?s={search_term_string}\"},\"query-input\":{\"@type\":\"PropertyValueSpecification\",\"valueRequired\":true,\"valueName\":\"search_term_string\"}}],\"inLanguage\":\"es\"},{\"@type\":\"Organization\",\"@id\":\"https:\\\/\\\/fuentesfidedignas.com.mx\\\/#organization\",\"name\":\"Fuentes Fidedignas\",\"url\":\"https:\\\/\\\/fuentesfidedignas.com.mx\\\/\",\"logo\":{\"@type\":\"ImageObject\",\"inLanguage\":\"es\",\"@id\":\"https:\\\/\\\/fuentesfidedignas.com.mx\\\/#\\\/schema\\\/logo\\\/image\\\/\",\"url\":\"https:\\\/\\\/fuentesfidedignas.com.mx\\\/wp-content\\\/uploads\\\/2021\\\/04\\\/logo-retina.png\",\"contentUrl\":\"https:\\\/\\\/fuentesfidedignas.com.mx\\\/wp-content\\\/uploads\\\/2021\\\/04\\\/logo-retina.png\",\"width\":280,\"height\":51,\"caption\":\"Fuentes Fidedignas\"},\"image\":{\"@id\":\"https:\\\/\\\/fuentesfidedignas.com.mx\\\/#\\\/schema\\\/logo\\\/image\\\/\"},\"sameAs\":[\"https:\\\/\\\/www.facebook.com\\\/Fuentes-Fidedignas-368234489921644\",\"https:\\\/\\\/x.com\\\/fidedignas\"]},{\"@type\":\"Person\",\"@id\":\"https:\\\/\\\/fuentesfidedignas.com.mx\\\/#\\\/schema\\\/person\\\/331be9283d37198e2acd5750279085b0\",\"name\":\"Redacci\u00f3n\",\"image\":{\"@type\":\"ImageObject\",\"inLanguage\":\"es\",\"@id\":\"https:\\\/\\\/secure.gravatar.com\\\/avatar\\\/f6d8782c11d12b2d4ad3fbb6931aeab5309937a4d6cd2fc9cfaa28a6396a5aec?s=96&d=mm&r=g\",\"url\":\"https:\\\/\\\/secure.gravatar.com\\\/avatar\\\/f6d8782c11d12b2d4ad3fbb6931aeab5309937a4d6cd2fc9cfaa28a6396a5aec?s=96&d=mm&r=g\",\"contentUrl\":\"https:\\\/\\\/secure.gravatar.com\\\/avatar\\\/f6d8782c11d12b2d4ad3fbb6931aeab5309937a4d6cd2fc9cfaa28a6396a5aec?s=96&d=mm&r=g\",\"caption\":\"Redacci\u00f3n\"},\"url\":\"https:\\\/\\\/fuentesfidedignas.com.mx\\\/index.php\\\/author\\\/redaccion\\\/\"}]}<\/script>\n<!-- \/ Yoast SEO plugin. -->","yoast_head_json":{"title":"Concluyen trabajos de mantenimiento en pasos deprimidos Lola Beltr\u00e1n y Pedro Infante - Fuentes Fidedignas","robots":{"index":"index","follow":"follow","max-snippet":"max-snippet:-1","max-image-preview":"max-image-preview:large","max-video-preview":"max-video-preview:-1"},"canonical":"https:\/\/fuentesfidedignas.com.mx\/index.php\/2021\/06\/25\/concluyen-trabajos-de-mantenimiento-en-pasos-deprimidos-lola-beltran-y-pedro-infante\/","og_locale":"es_MX","og_type":"article","og_title":"Concluyen trabajos de mantenimiento en pasos deprimidos Lola Beltr\u00e1n y Pedro Infante - Fuentes Fidedignas","og_description":"En dichas vialidades se realizaron acciones de mantenimiento preventivo de los sistemas de energ\u00eda el\u00e9ctrica, bombas y c\u00e1rcamo Culiac\u00e1n, Sin.- Por segundo d\u00eda consecutivo personal de Alumbrado P\u00fablico y Eficiencia Energ\u00e9tica en conjunto con JAPAC, Secretar\u00eda de Obras P\u00fablicas y el apoyo de la Secretar\u00eda de Seguridad P\u00fablica Municipal, realizaron trabajos de mantenimiento sobre los [&hellip;]","og_url":"https:\/\/fuentesfidedignas.com.mx\/index.php\/2021\/06\/25\/concluyen-trabajos-de-mantenimiento-en-pasos-deprimidos-lola-beltran-y-pedro-infante\/","og_site_name":"Fuentes Fidedignas","article_publisher":"https:\/\/www.facebook.com\/Fuentes-Fidedignas-368234489921644","article_published_time":"2021-06-25T14:56:59+00:00","article_modified_time":"2021-06-25T14:57:01+00:00","og_image":[{"width":1280,"height":854,"url":"https:\/\/fuentesfidedignas.com.mx\/wp-content\/uploads\/2021\/06\/IMG-20210625-WA0000.jpg","type":"image\/jpeg"}],"author":"Redacci\u00f3n","twitter_card":"summary_large_image","twitter_creator":"@fidedignas","twitter_site":"@fidedignas","twitter_misc":{"Escrito por":"Redacci\u00f3n","Tiempo de lectura":"2 minutos"},"schema":{"@context":"https:\/\/schema.org","@graph":[{"@type":"Article","@id":"https:\/\/fuentesfidedignas.com.mx\/index.php\/2021\/06\/25\/concluyen-trabajos-de-mantenimiento-en-pasos-deprimidos-lola-beltran-y-pedro-infante\/#article","isPartOf":{"@id":"https:\/\/fuentesfidedignas.com.mx\/index.php\/2021\/06\/25\/concluyen-trabajos-de-mantenimiento-en-pasos-deprimidos-lola-beltran-y-pedro-infante\/"},"author":{"name":"Redacci\u00f3n","@id":"https:\/\/fuentesfidedignas.com.mx\/#\/schema\/person\/331be9283d37198e2acd5750279085b0"},"headline":"Concluyen trabajos de mantenimiento en pasos deprimidos Lola Beltr\u00e1n y Pedro Infante","datePublished":"2021-06-25T14:56:59+00:00","dateModified":"2021-06-25T14:57:01+00:00","mainEntityOfPage":{"@id":"https:\/\/fuentesfidedignas.com.mx\/index.php\/2021\/06\/25\/concluyen-trabajos-de-mantenimiento-en-pasos-deprimidos-lola-beltran-y-pedro-infante\/"},"wordCount":275,"commentCount":0,"publisher":{"@id":"https:\/\/fuentesfidedignas.com.mx\/#organization"},"image":{"@id":"https:\/\/fuentesfidedignas.com.mx\/index.php\/2021\/06\/25\/concluyen-trabajos-de-mantenimiento-en-pasos-deprimidos-lola-beltran-y-pedro-infante\/#primaryimage"},"thumbnailUrl":"https:\/\/fuentesfidedignas.com.mx\/wp-content\/uploads\/2021\/06\/IMG-20210625-WA0000.jpg","articleSection":["NOTICIAS LOCALES"],"inLanguage":"es","potentialAction":[{"@type":"CommentAction","name":"Comment","target":["https:\/\/fuentesfidedignas.com.mx\/index.php\/2021\/06\/25\/concluyen-trabajos-de-mantenimiento-en-pasos-deprimidos-lola-beltran-y-pedro-infante\/#respond"]}]},{"@type":"WebPage","@id":"https:\/\/fuentesfidedignas.com.mx\/index.php\/2021\/06\/25\/concluyen-trabajos-de-mantenimiento-en-pasos-deprimidos-lola-beltran-y-pedro-infante\/","url":"https:\/\/fuentesfidedignas.com.mx\/index.php\/2021\/06\/25\/concluyen-trabajos-de-mantenimiento-en-pasos-deprimidos-lola-beltran-y-pedro-infante\/","name":"Concluyen trabajos de mantenimiento en pasos deprimidos Lola Beltr\u00e1n y Pedro Infante - Fuentes Fidedignas","isPartOf":{"@id":"https:\/\/fuentesfidedignas.com.mx\/#website"},"primaryImageOfPage":{"@id":"https:\/\/fuentesfidedignas.com.mx\/index.php\/2021\/06\/25\/concluyen-trabajos-de-mantenimiento-en-pasos-deprimidos-lola-beltran-y-pedro-infante\/#primaryimage"},"image":{"@id":"https:\/\/fuentesfidedignas.com.mx\/index.php\/2021\/06\/25\/concluyen-trabajos-de-mantenimiento-en-pasos-deprimidos-lola-beltran-y-pedro-infante\/#primaryimage"},"thumbnailUrl":"https:\/\/fuentesfidedignas.com.mx\/wp-content\/uploads\/2021\/06\/IMG-20210625-WA0000.jpg","datePublished":"2021-06-25T14:56:59+00:00","dateModified":"2021-06-25T14:57:01+00:00","breadcrumb":{"@id":"https:\/\/fuentesfidedignas.com.mx\/index.php\/2021\/06\/25\/concluyen-trabajos-de-mantenimiento-en-pasos-deprimidos-lola-beltran-y-pedro-infante\/#breadcrumb"},"inLanguage":"es","potentialAction":[{"@type":"ReadAction","target":["https:\/\/fuentesfidedignas.com.mx\/index.php\/2021\/06\/25\/concluyen-trabajos-de-mantenimiento-en-pasos-deprimidos-lola-beltran-y-pedro-infante\/"]}]},{"@type":"ImageObject","inLanguage":"es","@id":"https:\/\/fuentesfidedignas.com.mx\/index.php\/2021\/06\/25\/concluyen-trabajos-de-mantenimiento-en-pasos-deprimidos-lola-beltran-y-pedro-infante\/#primaryimage","url":"https:\/\/fuentesfidedignas.com.mx\/wp-content\/uploads\/2021\/06\/IMG-20210625-WA0000.jpg","contentUrl":"https:\/\/fuentesfidedignas.com.mx\/wp-content\/uploads\/2021\/06\/IMG-20210625-WA0000.jpg","width":1280,"height":854},{"@type":"BreadcrumbList","@id":"https:\/\/fuentesfidedignas.com.mx\/index.php\/2021\/06\/25\/concluyen-trabajos-de-mantenimiento-en-pasos-deprimidos-lola-beltran-y-pedro-infante\/#breadcrumb","itemListElement":[{"@type":"ListItem","position":1,"name":"Inicio","item":"https:\/\/fuentesfidedignas.com.mx\/"},{"@type":"ListItem","position":2,"name":"Concluyen trabajos de mantenimiento en pasos deprimidos Lola Beltr\u00e1n y Pedro Infante"}]},{"@type":"WebSite","@id":"https:\/\/fuentesfidedignas.com.mx\/#website","url":"https:\/\/fuentesfidedignas.com.mx\/","name":"Fuentes Fidedignas","description":"Otro sitio realizado con WordPress","publisher":{"@id":"https:\/\/fuentesfidedignas.com.mx\/#organization"},"potentialAction":[{"@type":"SearchAction","target":{"@type":"EntryPoint","urlTemplate":"https:\/\/fuentesfidedignas.com.mx\/?s={search_term_string}"},"query-input":{"@type":"PropertyValueSpecification","valueRequired":true,"valueName":"search_term_string"}}],"inLanguage":"es"},{"@type":"Organization","@id":"https:\/\/fuentesfidedignas.com.mx\/#organization","name":"Fuentes Fidedignas","url":"https:\/\/fuentesfidedignas.com.mx\/","logo":{"@type":"ImageObject","inLanguage":"es","@id":"https:\/\/fuentesfidedignas.com.mx\/#\/schema\/logo\/image\/","url":"https:\/\/fuentesfidedignas.com.mx\/wp-content\/uploads\/2021\/04\/logo-retina.png","contentUrl":"https:\/\/fuentesfidedignas.com.mx\/wp-content\/uploads\/2021\/04\/logo-retina.png","width":280,"height":51,"caption":"Fuentes Fidedignas"},"image":{"@id":"https:\/\/fuentesfidedignas.com.mx\/#\/schema\/logo\/image\/"},"sameAs":["https:\/\/www.facebook.com\/Fuentes-Fidedignas-368234489921644","https:\/\/x.com\/fidedignas"]},{"@type":"Person","@id":"https:\/\/fuentesfidedignas.com.mx\/#\/schema\/person\/331be9283d37198e2acd5750279085b0","name":"Redacci\u00f3n","image":{"@type":"ImageObject","inLanguage":"es","@id":"https:\/\/secure.gravatar.com\/avatar\/f6d8782c11d12b2d4ad3fbb6931aeab5309937a4d6cd2fc9cfaa28a6396a5aec?s=96&d=mm&r=g","url":"https:\/\/secure.gravatar.com\/avatar\/f6d8782c11d12b2d4ad3fbb6931aeab5309937a4d6cd2fc9cfaa28a6396a5aec?s=96&d=mm&r=g","contentUrl":"https:\/\/secure.gravatar.com\/avatar\/f6d8782c11d12b2d4ad3fbb6931aeab5309937a4d6cd2fc9cfaa28a6396a5aec?s=96&d=mm&r=g","caption":"Redacci\u00f3n"},"url":"https:\/\/fuentesfidedignas.com.mx\/index.php\/author\/redaccion\/"}]}},"_links":{"self":[{"href":"https:\/\/fuentesfidedignas.com.mx\/index.php\/wp-json\/wp\/v2\/posts\/5879","targetHints":{"allow":["GET"]}}],"collection":[{"href":"https:\/\/fuentesfidedignas.com.mx\/index.php\/wp-json\/wp\/v2\/posts"}],"about":[{"href":"https:\/\/fuentesfidedignas.com.mx\/index.php\/wp-json\/wp\/v2\/types\/post"}],"author":[{"embeddable":true,"href":"https:\/\/fuentesfidedignas.com.mx\/index.php\/wp-json\/wp\/v2\/users\/4"}],"replies":[{"embeddable":true,"href":"https:\/\/fuentesfidedignas.com.mx\/index.php\/wp-json\/wp\/v2\/comments?post=5879"}],"version-history":[{"count":1,"href":"https:\/\/fuentesfidedignas.com.mx\/index.php\/wp-json\/wp\/v2\/posts\/5879\/revisions"}],"predecessor-version":[{"id":5881,"href":"https:\/\/fuentesfidedignas.com.mx\/index.php\/wp-json\/wp\/v2\/posts\/5879\/revisions\/5881"}],"wp:featuredmedia":[{"embeddable":true,"href":"https:\/\/fuentesfidedignas.com.mx\/index.php\/wp-json\/wp\/v2\/media\/5880"}],"wp:attachment":[{"href":"https:\/\/fuentesfidedignas.com.mx\/index.php\/wp-json\/wp\/v2\/media?parent=5879"}],"wp:term":[{"taxonomy":"category","embeddable":true,"href":"https:\/\/fuentesfidedignas.com.mx\/index.php\/wp-json\/wp\/v2\/categories?post=5879"},{"taxonomy":"post_tag","embeddable":true,"href":"https:\/\/fuentesfidedignas.com.mx\/index.php\/wp-json\/wp\/v2\/tags?post=5879"}],"curies":[{"name":"wp","href":"https:\/\/api.w.org\/{rel}","templated":true}]}}