{"id":58757,"date":"2023-09-12T14:21:54","date_gmt":"2023-09-12T21:21:54","guid":{"rendered":"https:\/\/fuentesfidedignas.com.mx\/?p=58757"},"modified":"2023-09-12T14:27:22","modified_gmt":"2023-09-12T21:27:22","slug":"protestas-y-cambios-en-la-uas-son-maniobras-politicas-del-rector-feliciano-castro","status":"publish","type":"post","link":"https:\/\/fuentesfidedignas.com.mx\/index.php\/2023\/09\/12\/protestas-y-cambios-en-la-uas-son-maniobras-politicas-del-rector-feliciano-castro\/","title":{"rendered":"Protestas y cambios en la UAS son &#8220;maniobras pol\u00edticas&#8221; del rector: Feliciano Castro"},"content":{"rendered":"\n<p><strong><em>Una vez m\u00e1s se est\u00e1 manipulando a la universidad para defender una responsabilidad estrictamente personal, critic\u00f3 el presidente de la JUCOPO<\/em><\/strong><\/p>\n\n\n\n<p>Culiac\u00e1n, Sin.- El reciente <a href=\"https:\/\/fuentesfidedignas.com.mx\/index.php\/2023\/09\/12\/renuncia-gerardo-alapizco-de-la-secretaria-general-de-la-uas-toma-su-cargo-robespierre-lizarraga\/\">cambio de secretario general<\/a> de la <strong>Universidad Aut\u00f3noma de Sinaloa <\/strong>y las <a href=\"https:\/\/fuentesfidedignas.com.mx\/index.php\/2023\/09\/12\/borrador-uas\/\">diversas manifestaciones<\/a> que se han presentado por parte de sus trabajadores, &#8220;s<em>on parte de las maniobras pol\u00edticas<\/em>&#8221; que ha estado implementando su rector, asegur\u00f3 el diputado <strong>Feliciano Castro Mel\u00e9ndrez<\/strong>.<\/p>\n\n\n\n<p>&#8220;<em>Es decisi\u00f3n de ellos, son parte de las maniobras pol\u00edticas que el rector est\u00e1 asumiendo y un agravio m\u00e1s de c\u00f3mo est\u00e1n instrumentando a la universidad, para defender una responsabilidad estrictamente personal. La autonom\u00eda de la universidad no est\u00e1 en riesgo, lo que est\u00e1 en riesgo es la universidad que se sigan presentando m\u00e1s casos de presunta corrupci\u00f3n<\/em>&#8220;, detall\u00f3. <\/p>\n\n\n\n<p>El presidente de la Junta de Coordinaci\u00f3n Pol\u00edtica, se\u00f1al\u00f3 que quienes protestaron a las afueras del Congreso del Estado la ma\u00f1ana de este martes, est\u00e1n en su derecho de expresarse; sin embargo, recalc\u00f3 que no existe persecuci\u00f3n pol\u00edtica, ya que se trata de un proceso judicial y personal contra algunas de las autoridades educativas. <\/p>\n\n\n\n<p>&#8220;<strong>Est\u00e1n en libertad de hacerlo (manifestarse), pueden hacerlo. Reiterar que no hay perecuaci\u00f3n pol\u00edtica, es una situaci\u00f3n de presunta corrupci\u00f3n al interior de la universidad, que ha cometido la autoridad universitaria y algunos funcionaros<\/strong>. <strong>El tema se sigue en un juzgado, es de car\u00e1cter penal, lo dem\u00e1s es manipulaci\u00f3n<\/strong>&#8220;, respondi\u00f3 el legislador ante los se\u00f1alamientos de los manifestantes de atentar contra la autonom\u00eda del UAS.<\/p>\n\n\n\n<iframe loading=\"lazy\" src=\"https:\/\/www.facebook.com\/plugins\/video.php?height=314&#038;href=https%3A%2F%2Fwww.facebook.com%2F100050497569358%2Fvideos%2F231939262809695%2F&#038;show_text=false&#038;width=560&#038;t=0\" width=\"560\" height=\"314\" style=\"border:none;overflow:hidden\" scrolling=\"no\" frameborder=\"0\" allowfullscreen=\"true\" allow=\"autoplay; clipboard-write; encrypted-media; picture-in-picture; web-share\" allowFullScreen=\"true\"><\/iframe>\n\n\n\n<p>Asimismo, lament\u00f3 que a algunos estudiantes que han se\u00f1alado abusos dentro de la universidad, se les hostigue y no se les d\u00e9 el derecho a la libre expresi\u00f3n: &#8220;<strong>Es evidente la manipulaci\u00f3n, la mentira. Aqu\u00ed el proceso es muy obvio, por ejemplo la represi\u00f3n a la expresi\u00f3n de los universitarios<\/strong>&#8220;.<\/p>\n\n\n\n<p>Para finalizar, Feliciano Castro asever\u00f3 que los trabajadores universitarios no tienen de qu\u00e9 preocuparse, ya que el Estado entregar\u00e1 en forma el recurso a la Casa Rosalina para el pago de su n\u00f3mina y prestaciones como lo es el aguinaldo.<\/p>\n","protected":false},"excerpt":{"rendered":"<p>Una vez m\u00e1s se est\u00e1 manipulando a la universidad para defender una responsabilidad estrictamente personal, critic\u00f3 el presidente de la JUCOPO Culiac\u00e1n, Sin.- El reciente cambio de secretario general de la Universidad Aut\u00f3noma de Sinaloa y las diversas manifestaciones que se han presentado por parte de sus trabajadores, &#8220;son parte de las maniobras pol\u00edticas&#8221; que [&hellip;]<\/p>\n","protected":false},"author":11,"featured_media":58760,"comment_status":"open","ping_status":"open","sticky":false,"template":"","format":"standard","meta":{"tdm_status":"","tdm_grid_status":"","footnotes":""},"categories":[37],"tags":[],"class_list":{"0":"post-58757","1":"post","2":"type-post","3":"status-publish","4":"format-standard","5":"has-post-thumbnail","7":"category-nota-principal"},"yoast_head":"<!-- This site is optimized with the Yoast SEO plugin v27.4 - https:\/\/yoast.com\/product\/yoast-seo-wordpress\/ -->\n<title>Protestas y cambios en la UAS son &quot;maniobras pol\u00edticas&quot; del rector: Feliciano Castro - Fuentes Fidedignas<\/title>\n<meta name=\"robots\" content=\"index, follow, max-snippet:-1, max-image-preview:large, max-video-preview:-1\" \/>\n<link rel=\"canonical\" href=\"https:\/\/fuentesfidedignas.com.mx\/index.php\/2023\/09\/12\/protestas-y-cambios-en-la-uas-son-maniobras-politicas-del-rector-feliciano-castro\/\" \/>\n<meta property=\"og:locale\" content=\"es_MX\" \/>\n<meta property=\"og:type\" content=\"article\" \/>\n<meta property=\"og:title\" content=\"Protestas y cambios en la UAS son &quot;maniobras pol\u00edticas&quot; del rector: Feliciano Castro - Fuentes Fidedignas\" \/>\n<meta property=\"og:description\" content=\"Una vez m\u00e1s se est\u00e1 manipulando a la universidad para defender una responsabilidad estrictamente personal, critic\u00f3 el presidente de la JUCOPO Culiac\u00e1n, Sin.- El reciente cambio de secretario general de la Universidad Aut\u00f3noma de Sinaloa y las diversas manifestaciones que se han presentado por parte de sus trabajadores, &#8220;son parte de las maniobras pol\u00edticas&#8221; que [&hellip;]\" \/>\n<meta property=\"og:url\" content=\"https:\/\/fuentesfidedignas.com.mx\/index.php\/2023\/09\/12\/protestas-y-cambios-en-la-uas-son-maniobras-politicas-del-rector-feliciano-castro\/\" \/>\n<meta property=\"og:site_name\" content=\"Fuentes Fidedignas\" \/>\n<meta property=\"article:publisher\" content=\"https:\/\/www.facebook.com\/Fuentes-Fidedignas-368234489921644\" \/>\n<meta property=\"article:published_time\" content=\"2023-09-12T21:21:54+00:00\" \/>\n<meta property=\"article:modified_time\" content=\"2023-09-12T21:27:22+00:00\" \/>\n<meta property=\"og:image\" content=\"https:\/\/fuentesfidedignas.com.mx\/wp-content\/uploads\/2023\/09\/feliciano-ff.jpeg\" \/>\n\t<meta property=\"og:image:width\" content=\"640\" \/>\n\t<meta property=\"og:image:height\" content=\"445\" \/>\n\t<meta property=\"og:image:type\" content=\"image\/jpeg\" \/>\n<meta name=\"author\" content=\"Marissa Palafox\" \/>\n<meta name=\"twitter:card\" content=\"summary_large_image\" \/>\n<meta name=\"twitter:creator\" content=\"@fidedignas\" \/>\n<meta name=\"twitter:site\" content=\"@fidedignas\" \/>\n<meta name=\"twitter:label1\" content=\"Escrito por\" \/>\n\t<meta name=\"twitter:data1\" content=\"Marissa Palafox\" \/>\n\t<meta name=\"twitter:label2\" content=\"Tiempo de lectura\" \/>\n\t<meta name=\"twitter:data2\" content=\"2 minutos\" \/>\n<script type=\"application\/ld+json\" class=\"yoast-schema-graph\">{\"@context\":\"https:\\\/\\\/schema.org\",\"@graph\":[{\"@type\":\"Article\",\"@id\":\"https:\\\/\\\/fuentesfidedignas.com.mx\\\/index.php\\\/2023\\\/09\\\/12\\\/protestas-y-cambios-en-la-uas-son-maniobras-politicas-del-rector-feliciano-castro\\\/#article\",\"isPartOf\":{\"@id\":\"https:\\\/\\\/fuentesfidedignas.com.mx\\\/index.php\\\/2023\\\/09\\\/12\\\/protestas-y-cambios-en-la-uas-son-maniobras-politicas-del-rector-feliciano-castro\\\/\"},\"author\":{\"name\":\"Marissa Palafox\",\"@id\":\"https:\\\/\\\/fuentesfidedignas.com.mx\\\/#\\\/schema\\\/person\\\/2c10028b4a30078c05a056a215342ab9\"},\"headline\":\"Protestas y cambios en la UAS son &#8220;maniobras pol\u00edticas&#8221; del rector: Feliciano Castro\",\"datePublished\":\"2023-09-12T21:21:54+00:00\",\"dateModified\":\"2023-09-12T21:27:22+00:00\",\"mainEntityOfPage\":{\"@id\":\"https:\\\/\\\/fuentesfidedignas.com.mx\\\/index.php\\\/2023\\\/09\\\/12\\\/protestas-y-cambios-en-la-uas-son-maniobras-politicas-del-rector-feliciano-castro\\\/\"},\"wordCount\":385,\"commentCount\":0,\"publisher\":{\"@id\":\"https:\\\/\\\/fuentesfidedignas.com.mx\\\/#organization\"},\"image\":{\"@id\":\"https:\\\/\\\/fuentesfidedignas.com.mx\\\/index.php\\\/2023\\\/09\\\/12\\\/protestas-y-cambios-en-la-uas-son-maniobras-politicas-del-rector-feliciano-castro\\\/#primaryimage\"},\"thumbnailUrl\":\"https:\\\/\\\/fuentesfidedignas.com.mx\\\/wp-content\\\/uploads\\\/2023\\\/09\\\/feliciano-ff.jpeg\",\"articleSection\":[\"NOTA PRINCIPAL\"],\"inLanguage\":\"es\",\"potentialAction\":[{\"@type\":\"CommentAction\",\"name\":\"Comment\",\"target\":[\"https:\\\/\\\/fuentesfidedignas.com.mx\\\/index.php\\\/2023\\\/09\\\/12\\\/protestas-y-cambios-en-la-uas-son-maniobras-politicas-del-rector-feliciano-castro\\\/#respond\"]}]},{\"@type\":\"WebPage\",\"@id\":\"https:\\\/\\\/fuentesfidedignas.com.mx\\\/index.php\\\/2023\\\/09\\\/12\\\/protestas-y-cambios-en-la-uas-son-maniobras-politicas-del-rector-feliciano-castro\\\/\",\"url\":\"https:\\\/\\\/fuentesfidedignas.com.mx\\\/index.php\\\/2023\\\/09\\\/12\\\/protestas-y-cambios-en-la-uas-son-maniobras-politicas-del-rector-feliciano-castro\\\/\",\"name\":\"Protestas y cambios en la UAS son \\\"maniobras pol\u00edticas\\\" del rector: Feliciano Castro - Fuentes Fidedignas\",\"isPartOf\":{\"@id\":\"https:\\\/\\\/fuentesfidedignas.com.mx\\\/#website\"},\"primaryImageOfPage\":{\"@id\":\"https:\\\/\\\/fuentesfidedignas.com.mx\\\/index.php\\\/2023\\\/09\\\/12\\\/protestas-y-cambios-en-la-uas-son-maniobras-politicas-del-rector-feliciano-castro\\\/#primaryimage\"},\"image\":{\"@id\":\"https:\\\/\\\/fuentesfidedignas.com.mx\\\/index.php\\\/2023\\\/09\\\/12\\\/protestas-y-cambios-en-la-uas-son-maniobras-politicas-del-rector-feliciano-castro\\\/#primaryimage\"},\"thumbnailUrl\":\"https:\\\/\\\/fuentesfidedignas.com.mx\\\/wp-content\\\/uploads\\\/2023\\\/09\\\/feliciano-ff.jpeg\",\"datePublished\":\"2023-09-12T21:21:54+00:00\",\"dateModified\":\"2023-09-12T21:27:22+00:00\",\"breadcrumb\":{\"@id\":\"https:\\\/\\\/fuentesfidedignas.com.mx\\\/index.php\\\/2023\\\/09\\\/12\\\/protestas-y-cambios-en-la-uas-son-maniobras-politicas-del-rector-feliciano-castro\\\/#breadcrumb\"},\"inLanguage\":\"es\",\"potentialAction\":[{\"@type\":\"ReadAction\",\"target\":[\"https:\\\/\\\/fuentesfidedignas.com.mx\\\/index.php\\\/2023\\\/09\\\/12\\\/protestas-y-cambios-en-la-uas-son-maniobras-politicas-del-rector-feliciano-castro\\\/\"]}]},{\"@type\":\"ImageObject\",\"inLanguage\":\"es\",\"@id\":\"https:\\\/\\\/fuentesfidedignas.com.mx\\\/index.php\\\/2023\\\/09\\\/12\\\/protestas-y-cambios-en-la-uas-son-maniobras-politicas-del-rector-feliciano-castro\\\/#primaryimage\",\"url\":\"https:\\\/\\\/fuentesfidedignas.com.mx\\\/wp-content\\\/uploads\\\/2023\\\/09\\\/feliciano-ff.jpeg\",\"contentUrl\":\"https:\\\/\\\/fuentesfidedignas.com.mx\\\/wp-content\\\/uploads\\\/2023\\\/09\\\/feliciano-ff.jpeg\",\"width\":640,\"height\":445},{\"@type\":\"BreadcrumbList\",\"@id\":\"https:\\\/\\\/fuentesfidedignas.com.mx\\\/index.php\\\/2023\\\/09\\\/12\\\/protestas-y-cambios-en-la-uas-son-maniobras-politicas-del-rector-feliciano-castro\\\/#breadcrumb\",\"itemListElement\":[{\"@type\":\"ListItem\",\"position\":1,\"name\":\"Inicio\",\"item\":\"https:\\\/\\\/fuentesfidedignas.com.mx\\\/\"},{\"@type\":\"ListItem\",\"position\":2,\"name\":\"Protestas y cambios en la UAS son &#8220;maniobras pol\u00edticas&#8221; del rector: Feliciano Castro\"}]},{\"@type\":\"WebSite\",\"@id\":\"https:\\\/\\\/fuentesfidedignas.com.mx\\\/#website\",\"url\":\"https:\\\/\\\/fuentesfidedignas.com.mx\\\/\",\"name\":\"Fuentes Fidedignas\",\"description\":\"Otro sitio realizado con WordPress\",\"publisher\":{\"@id\":\"https:\\\/\\\/fuentesfidedignas.com.mx\\\/#organization\"},\"potentialAction\":[{\"@type\":\"SearchAction\",\"target\":{\"@type\":\"EntryPoint\",\"urlTemplate\":\"https:\\\/\\\/fuentesfidedignas.com.mx\\\/?s={search_term_string}\"},\"query-input\":{\"@type\":\"PropertyValueSpecification\",\"valueRequired\":true,\"valueName\":\"search_term_string\"}}],\"inLanguage\":\"es\"},{\"@type\":\"Organization\",\"@id\":\"https:\\\/\\\/fuentesfidedignas.com.mx\\\/#organization\",\"name\":\"Fuentes Fidedignas\",\"url\":\"https:\\\/\\\/fuentesfidedignas.com.mx\\\/\",\"logo\":{\"@type\":\"ImageObject\",\"inLanguage\":\"es\",\"@id\":\"https:\\\/\\\/fuentesfidedignas.com.mx\\\/#\\\/schema\\\/logo\\\/image\\\/\",\"url\":\"https:\\\/\\\/fuentesfidedignas.com.mx\\\/wp-content\\\/uploads\\\/2021\\\/04\\\/logo-retina.png\",\"contentUrl\":\"https:\\\/\\\/fuentesfidedignas.com.mx\\\/wp-content\\\/uploads\\\/2021\\\/04\\\/logo-retina.png\",\"width\":280,\"height\":51,\"caption\":\"Fuentes Fidedignas\"},\"image\":{\"@id\":\"https:\\\/\\\/fuentesfidedignas.com.mx\\\/#\\\/schema\\\/logo\\\/image\\\/\"},\"sameAs\":[\"https:\\\/\\\/www.facebook.com\\\/Fuentes-Fidedignas-368234489921644\",\"https:\\\/\\\/x.com\\\/fidedignas\"]},{\"@type\":\"Person\",\"@id\":\"https:\\\/\\\/fuentesfidedignas.com.mx\\\/#\\\/schema\\\/person\\\/2c10028b4a30078c05a056a215342ab9\",\"name\":\"Marissa Palafox\",\"image\":{\"@type\":\"ImageObject\",\"inLanguage\":\"es\",\"@id\":\"https:\\\/\\\/secure.gravatar.com\\\/avatar\\\/20a43bdb2f2db10f20b22d4e98b96eb027faf98f7f76d29854dc5fab46d1cf71?s=96&d=mm&r=g\",\"url\":\"https:\\\/\\\/secure.gravatar.com\\\/avatar\\\/20a43bdb2f2db10f20b22d4e98b96eb027faf98f7f76d29854dc5fab46d1cf71?s=96&d=mm&r=g\",\"contentUrl\":\"https:\\\/\\\/secure.gravatar.com\\\/avatar\\\/20a43bdb2f2db10f20b22d4e98b96eb027faf98f7f76d29854dc5fab46d1cf71?s=96&d=mm&r=g\",\"caption\":\"Marissa Palafox\"},\"url\":\"https:\\\/\\\/fuentesfidedignas.com.mx\\\/index.php\\\/author\\\/marissa\\\/\"}]}<\/script>\n<!-- \/ Yoast SEO plugin. -->","yoast_head_json":{"title":"Protestas y cambios en la UAS son \"maniobras pol\u00edticas\" del rector: Feliciano Castro - Fuentes Fidedignas","robots":{"index":"index","follow":"follow","max-snippet":"max-snippet:-1","max-image-preview":"max-image-preview:large","max-video-preview":"max-video-preview:-1"},"canonical":"https:\/\/fuentesfidedignas.com.mx\/index.php\/2023\/09\/12\/protestas-y-cambios-en-la-uas-son-maniobras-politicas-del-rector-feliciano-castro\/","og_locale":"es_MX","og_type":"article","og_title":"Protestas y cambios en la UAS son \"maniobras pol\u00edticas\" del rector: Feliciano Castro - Fuentes Fidedignas","og_description":"Una vez m\u00e1s se est\u00e1 manipulando a la universidad para defender una responsabilidad estrictamente personal, critic\u00f3 el presidente de la JUCOPO Culiac\u00e1n, Sin.- El reciente cambio de secretario general de la Universidad Aut\u00f3noma de Sinaloa y las diversas manifestaciones que se han presentado por parte de sus trabajadores, &#8220;son parte de las maniobras pol\u00edticas&#8221; que [&hellip;]","og_url":"https:\/\/fuentesfidedignas.com.mx\/index.php\/2023\/09\/12\/protestas-y-cambios-en-la-uas-son-maniobras-politicas-del-rector-feliciano-castro\/","og_site_name":"Fuentes Fidedignas","article_publisher":"https:\/\/www.facebook.com\/Fuentes-Fidedignas-368234489921644","article_published_time":"2023-09-12T21:21:54+00:00","article_modified_time":"2023-09-12T21:27:22+00:00","og_image":[{"width":640,"height":445,"url":"https:\/\/fuentesfidedignas.com.mx\/wp-content\/uploads\/2023\/09\/feliciano-ff.jpeg","type":"image\/jpeg"}],"author":"Marissa Palafox","twitter_card":"summary_large_image","twitter_creator":"@fidedignas","twitter_site":"@fidedignas","twitter_misc":{"Escrito por":"Marissa Palafox","Tiempo de lectura":"2 minutos"},"schema":{"@context":"https:\/\/schema.org","@graph":[{"@type":"Article","@id":"https:\/\/fuentesfidedignas.com.mx\/index.php\/2023\/09\/12\/protestas-y-cambios-en-la-uas-son-maniobras-politicas-del-rector-feliciano-castro\/#article","isPartOf":{"@id":"https:\/\/fuentesfidedignas.com.mx\/index.php\/2023\/09\/12\/protestas-y-cambios-en-la-uas-son-maniobras-politicas-del-rector-feliciano-castro\/"},"author":{"name":"Marissa Palafox","@id":"https:\/\/fuentesfidedignas.com.mx\/#\/schema\/person\/2c10028b4a30078c05a056a215342ab9"},"headline":"Protestas y cambios en la UAS son &#8220;maniobras pol\u00edticas&#8221; del rector: Feliciano Castro","datePublished":"2023-09-12T21:21:54+00:00","dateModified":"2023-09-12T21:27:22+00:00","mainEntityOfPage":{"@id":"https:\/\/fuentesfidedignas.com.mx\/index.php\/2023\/09\/12\/protestas-y-cambios-en-la-uas-son-maniobras-politicas-del-rector-feliciano-castro\/"},"wordCount":385,"commentCount":0,"publisher":{"@id":"https:\/\/fuentesfidedignas.com.mx\/#organization"},"image":{"@id":"https:\/\/fuentesfidedignas.com.mx\/index.php\/2023\/09\/12\/protestas-y-cambios-en-la-uas-son-maniobras-politicas-del-rector-feliciano-castro\/#primaryimage"},"thumbnailUrl":"https:\/\/fuentesfidedignas.com.mx\/wp-content\/uploads\/2023\/09\/feliciano-ff.jpeg","articleSection":["NOTA PRINCIPAL"],"inLanguage":"es","potentialAction":[{"@type":"CommentAction","name":"Comment","target":["https:\/\/fuentesfidedignas.com.mx\/index.php\/2023\/09\/12\/protestas-y-cambios-en-la-uas-son-maniobras-politicas-del-rector-feliciano-castro\/#respond"]}]},{"@type":"WebPage","@id":"https:\/\/fuentesfidedignas.com.mx\/index.php\/2023\/09\/12\/protestas-y-cambios-en-la-uas-son-maniobras-politicas-del-rector-feliciano-castro\/","url":"https:\/\/fuentesfidedignas.com.mx\/index.php\/2023\/09\/12\/protestas-y-cambios-en-la-uas-son-maniobras-politicas-del-rector-feliciano-castro\/","name":"Protestas y cambios en la UAS son \"maniobras pol\u00edticas\" del rector: Feliciano Castro - Fuentes Fidedignas","isPartOf":{"@id":"https:\/\/fuentesfidedignas.com.mx\/#website"},"primaryImageOfPage":{"@id":"https:\/\/fuentesfidedignas.com.mx\/index.php\/2023\/09\/12\/protestas-y-cambios-en-la-uas-son-maniobras-politicas-del-rector-feliciano-castro\/#primaryimage"},"image":{"@id":"https:\/\/fuentesfidedignas.com.mx\/index.php\/2023\/09\/12\/protestas-y-cambios-en-la-uas-son-maniobras-politicas-del-rector-feliciano-castro\/#primaryimage"},"thumbnailUrl":"https:\/\/fuentesfidedignas.com.mx\/wp-content\/uploads\/2023\/09\/feliciano-ff.jpeg","datePublished":"2023-09-12T21:21:54+00:00","dateModified":"2023-09-12T21:27:22+00:00","breadcrumb":{"@id":"https:\/\/fuentesfidedignas.com.mx\/index.php\/2023\/09\/12\/protestas-y-cambios-en-la-uas-son-maniobras-politicas-del-rector-feliciano-castro\/#breadcrumb"},"inLanguage":"es","potentialAction":[{"@type":"ReadAction","target":["https:\/\/fuentesfidedignas.com.mx\/index.php\/2023\/09\/12\/protestas-y-cambios-en-la-uas-son-maniobras-politicas-del-rector-feliciano-castro\/"]}]},{"@type":"ImageObject","inLanguage":"es","@id":"https:\/\/fuentesfidedignas.com.mx\/index.php\/2023\/09\/12\/protestas-y-cambios-en-la-uas-son-maniobras-politicas-del-rector-feliciano-castro\/#primaryimage","url":"https:\/\/fuentesfidedignas.com.mx\/wp-content\/uploads\/2023\/09\/feliciano-ff.jpeg","contentUrl":"https:\/\/fuentesfidedignas.com.mx\/wp-content\/uploads\/2023\/09\/feliciano-ff.jpeg","width":640,"height":445},{"@type":"BreadcrumbList","@id":"https:\/\/fuentesfidedignas.com.mx\/index.php\/2023\/09\/12\/protestas-y-cambios-en-la-uas-son-maniobras-politicas-del-rector-feliciano-castro\/#breadcrumb","itemListElement":[{"@type":"ListItem","position":1,"name":"Inicio","item":"https:\/\/fuentesfidedignas.com.mx\/"},{"@type":"ListItem","position":2,"name":"Protestas y cambios en la UAS son &#8220;maniobras pol\u00edticas&#8221; del rector: Feliciano Castro"}]},{"@type":"WebSite","@id":"https:\/\/fuentesfidedignas.com.mx\/#website","url":"https:\/\/fuentesfidedignas.com.mx\/","name":"Fuentes Fidedignas","description":"Otro sitio realizado con WordPress","publisher":{"@id":"https:\/\/fuentesfidedignas.com.mx\/#organization"},"potentialAction":[{"@type":"SearchAction","target":{"@type":"EntryPoint","urlTemplate":"https:\/\/fuentesfidedignas.com.mx\/?s={search_term_string}"},"query-input":{"@type":"PropertyValueSpecification","valueRequired":true,"valueName":"search_term_string"}}],"inLanguage":"es"},{"@type":"Organization","@id":"https:\/\/fuentesfidedignas.com.mx\/#organization","name":"Fuentes Fidedignas","url":"https:\/\/fuentesfidedignas.com.mx\/","logo":{"@type":"ImageObject","inLanguage":"es","@id":"https:\/\/fuentesfidedignas.com.mx\/#\/schema\/logo\/image\/","url":"https:\/\/fuentesfidedignas.com.mx\/wp-content\/uploads\/2021\/04\/logo-retina.png","contentUrl":"https:\/\/fuentesfidedignas.com.mx\/wp-content\/uploads\/2021\/04\/logo-retina.png","width":280,"height":51,"caption":"Fuentes Fidedignas"},"image":{"@id":"https:\/\/fuentesfidedignas.com.mx\/#\/schema\/logo\/image\/"},"sameAs":["https:\/\/www.facebook.com\/Fuentes-Fidedignas-368234489921644","https:\/\/x.com\/fidedignas"]},{"@type":"Person","@id":"https:\/\/fuentesfidedignas.com.mx\/#\/schema\/person\/2c10028b4a30078c05a056a215342ab9","name":"Marissa Palafox","image":{"@type":"ImageObject","inLanguage":"es","@id":"https:\/\/secure.gravatar.com\/avatar\/20a43bdb2f2db10f20b22d4e98b96eb027faf98f7f76d29854dc5fab46d1cf71?s=96&d=mm&r=g","url":"https:\/\/secure.gravatar.com\/avatar\/20a43bdb2f2db10f20b22d4e98b96eb027faf98f7f76d29854dc5fab46d1cf71?s=96&d=mm&r=g","contentUrl":"https:\/\/secure.gravatar.com\/avatar\/20a43bdb2f2db10f20b22d4e98b96eb027faf98f7f76d29854dc5fab46d1cf71?s=96&d=mm&r=g","caption":"Marissa Palafox"},"url":"https:\/\/fuentesfidedignas.com.mx\/index.php\/author\/marissa\/"}]}},"_links":{"self":[{"href":"https:\/\/fuentesfidedignas.com.mx\/index.php\/wp-json\/wp\/v2\/posts\/58757","targetHints":{"allow":["GET"]}}],"collection":[{"href":"https:\/\/fuentesfidedignas.com.mx\/index.php\/wp-json\/wp\/v2\/posts"}],"about":[{"href":"https:\/\/fuentesfidedignas.com.mx\/index.php\/wp-json\/wp\/v2\/types\/post"}],"author":[{"embeddable":true,"href":"https:\/\/fuentesfidedignas.com.mx\/index.php\/wp-json\/wp\/v2\/users\/11"}],"replies":[{"embeddable":true,"href":"https:\/\/fuentesfidedignas.com.mx\/index.php\/wp-json\/wp\/v2\/comments?post=58757"}],"version-history":[{"count":2,"href":"https:\/\/fuentesfidedignas.com.mx\/index.php\/wp-json\/wp\/v2\/posts\/58757\/revisions"}],"predecessor-version":[{"id":58765,"href":"https:\/\/fuentesfidedignas.com.mx\/index.php\/wp-json\/wp\/v2\/posts\/58757\/revisions\/58765"}],"wp:featuredmedia":[{"embeddable":true,"href":"https:\/\/fuentesfidedignas.com.mx\/index.php\/wp-json\/wp\/v2\/media\/58760"}],"wp:attachment":[{"href":"https:\/\/fuentesfidedignas.com.mx\/index.php\/wp-json\/wp\/v2\/media?parent=58757"}],"wp:term":[{"taxonomy":"category","embeddable":true,"href":"https:\/\/fuentesfidedignas.com.mx\/index.php\/wp-json\/wp\/v2\/categories?post=58757"},{"taxonomy":"post_tag","embeddable":true,"href":"https:\/\/fuentesfidedignas.com.mx\/index.php\/wp-json\/wp\/v2\/tags?post=58757"}],"curies":[{"name":"wp","href":"https:\/\/api.w.org\/{rel}","templated":true}]}}