{"id":58752,"date":"2023-09-12T13:46:33","date_gmt":"2023-09-12T20:46:33","guid":{"rendered":"https:\/\/fuentesfidedignas.com.mx\/?p=58752"},"modified":"2023-09-12T13:53:22","modified_gmt":"2023-09-12T20:53:22","slug":"elige-jurado-calificador-a-5-ganadoras-y-ganadores-del-premio-al-merito-juvenil-2023","status":"publish","type":"post","link":"https:\/\/fuentesfidedignas.com.mx\/index.php\/2023\/09\/12\/elige-jurado-calificador-a-5-ganadoras-y-ganadores-del-premio-al-merito-juvenil-2023\/","title":{"rendered":"Elige Jurado Calificador a 5 ganadoras y ganadores del Premio al M\u00e9rito Juvenil 2023"},"content":{"rendered":"\n<p><strong><em>Los ganadores de este Premio recibir\u00e1n un diploma alusivo, un tejo de oro pendiente de una cinta de seda, y en una de sus caras tiene el Escudo de Sinaloa y en la otra el Escudo del Congreso del Estado y una cantidad en efectivo de 25 mil pesos.<\/em><\/strong><\/p>\n\n\n\n<p>Culiac\u00e1n, Sin.- El Jurado Calificador del Premio al M\u00e9rito Juvenil 2023 que otorga anualmente el Congreso del Estado, eligi\u00f3 este martes a los ganadores en cada una de las cinco categor\u00edas, a quienes les ser\u00e1 entregado en Sesi\u00f3n Solemne el jueves 21 de septiembre.<\/p>\n\n\n\n<p>El presidente del Jurado Calificador, Feliciano Castro Mel\u00e9ndrez, y tambi\u00e9n presidente de la Junta de Coordinaci\u00f3n Pol\u00edtica, instruy\u00f3 que los resultados de la elecci\u00f3n se informen a las ganadoras y ganadores.<\/p>\n\n\n\n<p>Mediante una votaci\u00f3n secreta, a trav\u00e9s de urnas y c\u00e9dulas, las diputadas y diputados integrantes del Jurado Calificador revisaron los 49 expedientes de igual n\u00famero de j\u00f3venes registrados, mismos que fueron separados por categor\u00eda, y emitieron sus votos.<\/p>\n\n\n\n<p>Las y los j\u00f3venes que recibieron mayor\u00eda de votos en las correspondientes categor\u00edas son:<\/p>\n\n\n\n<p>*Acad\u00e9mica, Cient\u00edfica y tecnol\u00f3gica: Natalia Quetzali Mart\u00ednez Gonz\u00e1lez.<\/p>\n\n\n\n<p>*C\u00edvico o Social: Ram\u00f3n Alejandro D\u00edaz Coss\u00edo.<\/p>\n\n\n\n<p>*Deportiva: M\u00e9lanie Esmeralda Villavicencio Gonz\u00e1lez.<\/p>\n\n\n\n<p>*Art\u00edstica: Kevin Guillermo Rivera Sauceda.<\/p>\n\n\n\n<p>*Empresarial: David Ransferi Liz\u00e1rraga Lazcano.<\/p>\n\n\n\n<p>El diputado Feliciano Castro Mel\u00e9ndrez explic\u00f3 que el Poder Legislativo entrega anualmente este Premio como una forma de reconocer e impulsar las actividades fundamentales para el desarrollo integral de los individuos y por lo cual deben ser fomentados ampliamente.<\/p>\n\n\n\n<p>Precis\u00f3 que las y los ganadores de este Premio recibir\u00e1n un diploma alusivo, un tejo de oro pendiente de una cinta de seda, y en una de sus caras tiene el Escudo de Sinaloa y en la otra el Escudo del Congreso del Estado y una cantidad en efectivo de 25 mil pesos.<\/p>\n\n\n\n<p>Como integrantes del Jurado Calificador, participaron los integrantes de la Junta de Coordinaci\u00f3n Pol\u00edtica, as\u00ed como de las Comisiones de Educaci\u00f3n, Ciencia y Tecnolog\u00eda, de Juventud, Cultura F\u00edsica y Deporte y la Desarrollo Econ\u00f3mico.<\/p>\n","protected":false},"excerpt":{"rendered":"<p>Los ganadores de este Premio recibir\u00e1n un diploma alusivo, un tejo de oro pendiente de una cinta de seda, y en una de sus caras tiene el Escudo de Sinaloa y en la otra el Escudo del Congreso del Estado y una cantidad en efectivo de 25 mil pesos. Culiac\u00e1n, Sin.- El Jurado Calificador del [&hellip;]<\/p>\n","protected":false},"author":4,"featured_media":58758,"comment_status":"open","ping_status":"open","sticky":false,"template":"","format":"standard","meta":{"tdm_status":"","tdm_grid_status":"","footnotes":""},"categories":[1],"tags":[],"class_list":{"0":"post-58752","1":"post","2":"type-post","3":"status-publish","4":"format-standard","5":"has-post-thumbnail","7":"category-sin-categoria"},"yoast_head":"<!-- This site is optimized with the Yoast SEO plugin v27.5 - https:\/\/yoast.com\/product\/yoast-seo-wordpress\/ -->\n<title>Elige Jurado Calificador a 5 ganadoras y ganadores del Premio al M\u00e9rito Juvenil 2023 - Fuentes Fidedignas<\/title>\n<meta name=\"robots\" content=\"index, follow, max-snippet:-1, max-image-preview:large, max-video-preview:-1\" \/>\n<link rel=\"canonical\" href=\"https:\/\/fuentesfidedignas.com.mx\/index.php\/2023\/09\/12\/elige-jurado-calificador-a-5-ganadoras-y-ganadores-del-premio-al-merito-juvenil-2023\/\" \/>\n<meta property=\"og:locale\" content=\"es_MX\" \/>\n<meta property=\"og:type\" content=\"article\" \/>\n<meta property=\"og:title\" content=\"Elige Jurado Calificador a 5 ganadoras y ganadores del Premio al M\u00e9rito Juvenil 2023 - Fuentes Fidedignas\" \/>\n<meta property=\"og:description\" content=\"Los ganadores de este Premio recibir\u00e1n un diploma alusivo, un tejo de oro pendiente de una cinta de seda, y en una de sus caras tiene el Escudo de Sinaloa y en la otra el Escudo del Congreso del Estado y una cantidad en efectivo de 25 mil pesos. Culiac\u00e1n, Sin.- El Jurado Calificador del [&hellip;]\" \/>\n<meta property=\"og:url\" content=\"https:\/\/fuentesfidedignas.com.mx\/index.php\/2023\/09\/12\/elige-jurado-calificador-a-5-ganadoras-y-ganadores-del-premio-al-merito-juvenil-2023\/\" \/>\n<meta property=\"og:site_name\" content=\"Fuentes Fidedignas\" \/>\n<meta property=\"article:publisher\" content=\"https:\/\/www.facebook.com\/Fuentes-Fidedignas-368234489921644\" \/>\n<meta property=\"article:published_time\" content=\"2023-09-12T20:46:33+00:00\" \/>\n<meta property=\"article:modified_time\" content=\"2023-09-12T20:53:22+00:00\" \/>\n<meta property=\"og:image\" content=\"https:\/\/fuentesfidedignas.com.mx\/wp-content\/uploads\/2023\/09\/ELECCION_GANADORES_P_JVENIL.jpeg\" \/>\n\t<meta property=\"og:image:width\" content=\"1024\" \/>\n\t<meta property=\"og:image:height\" content=\"684\" \/>\n\t<meta property=\"og:image:type\" content=\"image\/jpeg\" \/>\n<meta name=\"author\" content=\"Redacci\u00f3n\" \/>\n<meta name=\"twitter:card\" content=\"summary_large_image\" \/>\n<meta name=\"twitter:creator\" content=\"@fidedignas\" \/>\n<meta name=\"twitter:site\" content=\"@fidedignas\" \/>\n<meta name=\"twitter:label1\" content=\"Escrito por\" \/>\n\t<meta name=\"twitter:data1\" content=\"Redacci\u00f3n\" \/>\n\t<meta name=\"twitter:label2\" content=\"Tiempo de lectura\" \/>\n\t<meta name=\"twitter:data2\" content=\"2 minutos\" \/>\n<script type=\"application\/ld+json\" class=\"yoast-schema-graph\">{\"@context\":\"https:\\\/\\\/schema.org\",\"@graph\":[{\"@type\":\"Article\",\"@id\":\"https:\\\/\\\/fuentesfidedignas.com.mx\\\/index.php\\\/2023\\\/09\\\/12\\\/elige-jurado-calificador-a-5-ganadoras-y-ganadores-del-premio-al-merito-juvenil-2023\\\/#article\",\"isPartOf\":{\"@id\":\"https:\\\/\\\/fuentesfidedignas.com.mx\\\/index.php\\\/2023\\\/09\\\/12\\\/elige-jurado-calificador-a-5-ganadoras-y-ganadores-del-premio-al-merito-juvenil-2023\\\/\"},\"author\":{\"name\":\"Redacci\u00f3n\",\"@id\":\"https:\\\/\\\/fuentesfidedignas.com.mx\\\/#\\\/schema\\\/person\\\/331be9283d37198e2acd5750279085b0\"},\"headline\":\"Elige Jurado Calificador a 5 ganadoras y ganadores del Premio al M\u00e9rito Juvenil 2023\",\"datePublished\":\"2023-09-12T20:46:33+00:00\",\"dateModified\":\"2023-09-12T20:53:22+00:00\",\"mainEntityOfPage\":{\"@id\":\"https:\\\/\\\/fuentesfidedignas.com.mx\\\/index.php\\\/2023\\\/09\\\/12\\\/elige-jurado-calificador-a-5-ganadoras-y-ganadores-del-premio-al-merito-juvenil-2023\\\/\"},\"wordCount\":381,\"commentCount\":0,\"publisher\":{\"@id\":\"https:\\\/\\\/fuentesfidedignas.com.mx\\\/#organization\"},\"image\":{\"@id\":\"https:\\\/\\\/fuentesfidedignas.com.mx\\\/index.php\\\/2023\\\/09\\\/12\\\/elige-jurado-calificador-a-5-ganadoras-y-ganadores-del-premio-al-merito-juvenil-2023\\\/#primaryimage\"},\"thumbnailUrl\":\"https:\\\/\\\/fuentesfidedignas.com.mx\\\/wp-content\\\/uploads\\\/2023\\\/09\\\/ELECCION_GANADORES_P_JVENIL.jpeg\",\"inLanguage\":\"es\",\"potentialAction\":[{\"@type\":\"CommentAction\",\"name\":\"Comment\",\"target\":[\"https:\\\/\\\/fuentesfidedignas.com.mx\\\/index.php\\\/2023\\\/09\\\/12\\\/elige-jurado-calificador-a-5-ganadoras-y-ganadores-del-premio-al-merito-juvenil-2023\\\/#respond\"]}]},{\"@type\":\"WebPage\",\"@id\":\"https:\\\/\\\/fuentesfidedignas.com.mx\\\/index.php\\\/2023\\\/09\\\/12\\\/elige-jurado-calificador-a-5-ganadoras-y-ganadores-del-premio-al-merito-juvenil-2023\\\/\",\"url\":\"https:\\\/\\\/fuentesfidedignas.com.mx\\\/index.php\\\/2023\\\/09\\\/12\\\/elige-jurado-calificador-a-5-ganadoras-y-ganadores-del-premio-al-merito-juvenil-2023\\\/\",\"name\":\"Elige Jurado Calificador a 5 ganadoras y ganadores del Premio al M\u00e9rito Juvenil 2023 - Fuentes Fidedignas\",\"isPartOf\":{\"@id\":\"https:\\\/\\\/fuentesfidedignas.com.mx\\\/#website\"},\"primaryImageOfPage\":{\"@id\":\"https:\\\/\\\/fuentesfidedignas.com.mx\\\/index.php\\\/2023\\\/09\\\/12\\\/elige-jurado-calificador-a-5-ganadoras-y-ganadores-del-premio-al-merito-juvenil-2023\\\/#primaryimage\"},\"image\":{\"@id\":\"https:\\\/\\\/fuentesfidedignas.com.mx\\\/index.php\\\/2023\\\/09\\\/12\\\/elige-jurado-calificador-a-5-ganadoras-y-ganadores-del-premio-al-merito-juvenil-2023\\\/#primaryimage\"},\"thumbnailUrl\":\"https:\\\/\\\/fuentesfidedignas.com.mx\\\/wp-content\\\/uploads\\\/2023\\\/09\\\/ELECCION_GANADORES_P_JVENIL.jpeg\",\"datePublished\":\"2023-09-12T20:46:33+00:00\",\"dateModified\":\"2023-09-12T20:53:22+00:00\",\"breadcrumb\":{\"@id\":\"https:\\\/\\\/fuentesfidedignas.com.mx\\\/index.php\\\/2023\\\/09\\\/12\\\/elige-jurado-calificador-a-5-ganadoras-y-ganadores-del-premio-al-merito-juvenil-2023\\\/#breadcrumb\"},\"inLanguage\":\"es\",\"potentialAction\":[{\"@type\":\"ReadAction\",\"target\":[\"https:\\\/\\\/fuentesfidedignas.com.mx\\\/index.php\\\/2023\\\/09\\\/12\\\/elige-jurado-calificador-a-5-ganadoras-y-ganadores-del-premio-al-merito-juvenil-2023\\\/\"]}]},{\"@type\":\"ImageObject\",\"inLanguage\":\"es\",\"@id\":\"https:\\\/\\\/fuentesfidedignas.com.mx\\\/index.php\\\/2023\\\/09\\\/12\\\/elige-jurado-calificador-a-5-ganadoras-y-ganadores-del-premio-al-merito-juvenil-2023\\\/#primaryimage\",\"url\":\"https:\\\/\\\/fuentesfidedignas.com.mx\\\/wp-content\\\/uploads\\\/2023\\\/09\\\/ELECCION_GANADORES_P_JVENIL.jpeg\",\"contentUrl\":\"https:\\\/\\\/fuentesfidedignas.com.mx\\\/wp-content\\\/uploads\\\/2023\\\/09\\\/ELECCION_GANADORES_P_JVENIL.jpeg\",\"width\":1024,\"height\":684},{\"@type\":\"BreadcrumbList\",\"@id\":\"https:\\\/\\\/fuentesfidedignas.com.mx\\\/index.php\\\/2023\\\/09\\\/12\\\/elige-jurado-calificador-a-5-ganadoras-y-ganadores-del-premio-al-merito-juvenil-2023\\\/#breadcrumb\",\"itemListElement\":[{\"@type\":\"ListItem\",\"position\":1,\"name\":\"Inicio\",\"item\":\"https:\\\/\\\/fuentesfidedignas.com.mx\\\/\"},{\"@type\":\"ListItem\",\"position\":2,\"name\":\"Elige Jurado Calificador a 5 ganadoras y ganadores del Premio al M\u00e9rito Juvenil 2023\"}]},{\"@type\":\"WebSite\",\"@id\":\"https:\\\/\\\/fuentesfidedignas.com.mx\\\/#website\",\"url\":\"https:\\\/\\\/fuentesfidedignas.com.mx\\\/\",\"name\":\"Fuentes Fidedignas\",\"description\":\"Otro sitio realizado con WordPress\",\"publisher\":{\"@id\":\"https:\\\/\\\/fuentesfidedignas.com.mx\\\/#organization\"},\"potentialAction\":[{\"@type\":\"SearchAction\",\"target\":{\"@type\":\"EntryPoint\",\"urlTemplate\":\"https:\\\/\\\/fuentesfidedignas.com.mx\\\/?s={search_term_string}\"},\"query-input\":{\"@type\":\"PropertyValueSpecification\",\"valueRequired\":true,\"valueName\":\"search_term_string\"}}],\"inLanguage\":\"es\"},{\"@type\":\"Organization\",\"@id\":\"https:\\\/\\\/fuentesfidedignas.com.mx\\\/#organization\",\"name\":\"Fuentes Fidedignas\",\"url\":\"https:\\\/\\\/fuentesfidedignas.com.mx\\\/\",\"logo\":{\"@type\":\"ImageObject\",\"inLanguage\":\"es\",\"@id\":\"https:\\\/\\\/fuentesfidedignas.com.mx\\\/#\\\/schema\\\/logo\\\/image\\\/\",\"url\":\"https:\\\/\\\/fuentesfidedignas.com.mx\\\/wp-content\\\/uploads\\\/2021\\\/04\\\/logo-retina.png\",\"contentUrl\":\"https:\\\/\\\/fuentesfidedignas.com.mx\\\/wp-content\\\/uploads\\\/2021\\\/04\\\/logo-retina.png\",\"width\":280,\"height\":51,\"caption\":\"Fuentes Fidedignas\"},\"image\":{\"@id\":\"https:\\\/\\\/fuentesfidedignas.com.mx\\\/#\\\/schema\\\/logo\\\/image\\\/\"},\"sameAs\":[\"https:\\\/\\\/www.facebook.com\\\/Fuentes-Fidedignas-368234489921644\",\"https:\\\/\\\/x.com\\\/fidedignas\"]},{\"@type\":\"Person\",\"@id\":\"https:\\\/\\\/fuentesfidedignas.com.mx\\\/#\\\/schema\\\/person\\\/331be9283d37198e2acd5750279085b0\",\"name\":\"Redacci\u00f3n\",\"image\":{\"@type\":\"ImageObject\",\"inLanguage\":\"es\",\"@id\":\"https:\\\/\\\/secure.gravatar.com\\\/avatar\\\/f6d8782c11d12b2d4ad3fbb6931aeab5309937a4d6cd2fc9cfaa28a6396a5aec?s=96&d=mm&r=g\",\"url\":\"https:\\\/\\\/secure.gravatar.com\\\/avatar\\\/f6d8782c11d12b2d4ad3fbb6931aeab5309937a4d6cd2fc9cfaa28a6396a5aec?s=96&d=mm&r=g\",\"contentUrl\":\"https:\\\/\\\/secure.gravatar.com\\\/avatar\\\/f6d8782c11d12b2d4ad3fbb6931aeab5309937a4d6cd2fc9cfaa28a6396a5aec?s=96&d=mm&r=g\",\"caption\":\"Redacci\u00f3n\"},\"url\":\"https:\\\/\\\/fuentesfidedignas.com.mx\\\/index.php\\\/author\\\/redaccion\\\/\"}]}<\/script>\n<!-- \/ Yoast SEO plugin. -->","yoast_head_json":{"title":"Elige Jurado Calificador a 5 ganadoras y ganadores del Premio al M\u00e9rito Juvenil 2023 - Fuentes Fidedignas","robots":{"index":"index","follow":"follow","max-snippet":"max-snippet:-1","max-image-preview":"max-image-preview:large","max-video-preview":"max-video-preview:-1"},"canonical":"https:\/\/fuentesfidedignas.com.mx\/index.php\/2023\/09\/12\/elige-jurado-calificador-a-5-ganadoras-y-ganadores-del-premio-al-merito-juvenil-2023\/","og_locale":"es_MX","og_type":"article","og_title":"Elige Jurado Calificador a 5 ganadoras y ganadores del Premio al M\u00e9rito Juvenil 2023 - Fuentes Fidedignas","og_description":"Los ganadores de este Premio recibir\u00e1n un diploma alusivo, un tejo de oro pendiente de una cinta de seda, y en una de sus caras tiene el Escudo de Sinaloa y en la otra el Escudo del Congreso del Estado y una cantidad en efectivo de 25 mil pesos. Culiac\u00e1n, Sin.- El Jurado Calificador del [&hellip;]","og_url":"https:\/\/fuentesfidedignas.com.mx\/index.php\/2023\/09\/12\/elige-jurado-calificador-a-5-ganadoras-y-ganadores-del-premio-al-merito-juvenil-2023\/","og_site_name":"Fuentes Fidedignas","article_publisher":"https:\/\/www.facebook.com\/Fuentes-Fidedignas-368234489921644","article_published_time":"2023-09-12T20:46:33+00:00","article_modified_time":"2023-09-12T20:53:22+00:00","og_image":[{"width":1024,"height":684,"url":"https:\/\/fuentesfidedignas.com.mx\/wp-content\/uploads\/2023\/09\/ELECCION_GANADORES_P_JVENIL.jpeg","type":"image\/jpeg"}],"author":"Redacci\u00f3n","twitter_card":"summary_large_image","twitter_creator":"@fidedignas","twitter_site":"@fidedignas","twitter_misc":{"Escrito por":"Redacci\u00f3n","Tiempo de lectura":"2 minutos"},"schema":{"@context":"https:\/\/schema.org","@graph":[{"@type":"Article","@id":"https:\/\/fuentesfidedignas.com.mx\/index.php\/2023\/09\/12\/elige-jurado-calificador-a-5-ganadoras-y-ganadores-del-premio-al-merito-juvenil-2023\/#article","isPartOf":{"@id":"https:\/\/fuentesfidedignas.com.mx\/index.php\/2023\/09\/12\/elige-jurado-calificador-a-5-ganadoras-y-ganadores-del-premio-al-merito-juvenil-2023\/"},"author":{"name":"Redacci\u00f3n","@id":"https:\/\/fuentesfidedignas.com.mx\/#\/schema\/person\/331be9283d37198e2acd5750279085b0"},"headline":"Elige Jurado Calificador a 5 ganadoras y ganadores del Premio al M\u00e9rito Juvenil 2023","datePublished":"2023-09-12T20:46:33+00:00","dateModified":"2023-09-12T20:53:22+00:00","mainEntityOfPage":{"@id":"https:\/\/fuentesfidedignas.com.mx\/index.php\/2023\/09\/12\/elige-jurado-calificador-a-5-ganadoras-y-ganadores-del-premio-al-merito-juvenil-2023\/"},"wordCount":381,"commentCount":0,"publisher":{"@id":"https:\/\/fuentesfidedignas.com.mx\/#organization"},"image":{"@id":"https:\/\/fuentesfidedignas.com.mx\/index.php\/2023\/09\/12\/elige-jurado-calificador-a-5-ganadoras-y-ganadores-del-premio-al-merito-juvenil-2023\/#primaryimage"},"thumbnailUrl":"https:\/\/fuentesfidedignas.com.mx\/wp-content\/uploads\/2023\/09\/ELECCION_GANADORES_P_JVENIL.jpeg","inLanguage":"es","potentialAction":[{"@type":"CommentAction","name":"Comment","target":["https:\/\/fuentesfidedignas.com.mx\/index.php\/2023\/09\/12\/elige-jurado-calificador-a-5-ganadoras-y-ganadores-del-premio-al-merito-juvenil-2023\/#respond"]}]},{"@type":"WebPage","@id":"https:\/\/fuentesfidedignas.com.mx\/index.php\/2023\/09\/12\/elige-jurado-calificador-a-5-ganadoras-y-ganadores-del-premio-al-merito-juvenil-2023\/","url":"https:\/\/fuentesfidedignas.com.mx\/index.php\/2023\/09\/12\/elige-jurado-calificador-a-5-ganadoras-y-ganadores-del-premio-al-merito-juvenil-2023\/","name":"Elige Jurado Calificador a 5 ganadoras y ganadores del Premio al M\u00e9rito Juvenil 2023 - Fuentes Fidedignas","isPartOf":{"@id":"https:\/\/fuentesfidedignas.com.mx\/#website"},"primaryImageOfPage":{"@id":"https:\/\/fuentesfidedignas.com.mx\/index.php\/2023\/09\/12\/elige-jurado-calificador-a-5-ganadoras-y-ganadores-del-premio-al-merito-juvenil-2023\/#primaryimage"},"image":{"@id":"https:\/\/fuentesfidedignas.com.mx\/index.php\/2023\/09\/12\/elige-jurado-calificador-a-5-ganadoras-y-ganadores-del-premio-al-merito-juvenil-2023\/#primaryimage"},"thumbnailUrl":"https:\/\/fuentesfidedignas.com.mx\/wp-content\/uploads\/2023\/09\/ELECCION_GANADORES_P_JVENIL.jpeg","datePublished":"2023-09-12T20:46:33+00:00","dateModified":"2023-09-12T20:53:22+00:00","breadcrumb":{"@id":"https:\/\/fuentesfidedignas.com.mx\/index.php\/2023\/09\/12\/elige-jurado-calificador-a-5-ganadoras-y-ganadores-del-premio-al-merito-juvenil-2023\/#breadcrumb"},"inLanguage":"es","potentialAction":[{"@type":"ReadAction","target":["https:\/\/fuentesfidedignas.com.mx\/index.php\/2023\/09\/12\/elige-jurado-calificador-a-5-ganadoras-y-ganadores-del-premio-al-merito-juvenil-2023\/"]}]},{"@type":"ImageObject","inLanguage":"es","@id":"https:\/\/fuentesfidedignas.com.mx\/index.php\/2023\/09\/12\/elige-jurado-calificador-a-5-ganadoras-y-ganadores-del-premio-al-merito-juvenil-2023\/#primaryimage","url":"https:\/\/fuentesfidedignas.com.mx\/wp-content\/uploads\/2023\/09\/ELECCION_GANADORES_P_JVENIL.jpeg","contentUrl":"https:\/\/fuentesfidedignas.com.mx\/wp-content\/uploads\/2023\/09\/ELECCION_GANADORES_P_JVENIL.jpeg","width":1024,"height":684},{"@type":"BreadcrumbList","@id":"https:\/\/fuentesfidedignas.com.mx\/index.php\/2023\/09\/12\/elige-jurado-calificador-a-5-ganadoras-y-ganadores-del-premio-al-merito-juvenil-2023\/#breadcrumb","itemListElement":[{"@type":"ListItem","position":1,"name":"Inicio","item":"https:\/\/fuentesfidedignas.com.mx\/"},{"@type":"ListItem","position":2,"name":"Elige Jurado Calificador a 5 ganadoras y ganadores del Premio al M\u00e9rito Juvenil 2023"}]},{"@type":"WebSite","@id":"https:\/\/fuentesfidedignas.com.mx\/#website","url":"https:\/\/fuentesfidedignas.com.mx\/","name":"Fuentes Fidedignas","description":"Otro sitio realizado con WordPress","publisher":{"@id":"https:\/\/fuentesfidedignas.com.mx\/#organization"},"potentialAction":[{"@type":"SearchAction","target":{"@type":"EntryPoint","urlTemplate":"https:\/\/fuentesfidedignas.com.mx\/?s={search_term_string}"},"query-input":{"@type":"PropertyValueSpecification","valueRequired":true,"valueName":"search_term_string"}}],"inLanguage":"es"},{"@type":"Organization","@id":"https:\/\/fuentesfidedignas.com.mx\/#organization","name":"Fuentes Fidedignas","url":"https:\/\/fuentesfidedignas.com.mx\/","logo":{"@type":"ImageObject","inLanguage":"es","@id":"https:\/\/fuentesfidedignas.com.mx\/#\/schema\/logo\/image\/","url":"https:\/\/fuentesfidedignas.com.mx\/wp-content\/uploads\/2021\/04\/logo-retina.png","contentUrl":"https:\/\/fuentesfidedignas.com.mx\/wp-content\/uploads\/2021\/04\/logo-retina.png","width":280,"height":51,"caption":"Fuentes Fidedignas"},"image":{"@id":"https:\/\/fuentesfidedignas.com.mx\/#\/schema\/logo\/image\/"},"sameAs":["https:\/\/www.facebook.com\/Fuentes-Fidedignas-368234489921644","https:\/\/x.com\/fidedignas"]},{"@type":"Person","@id":"https:\/\/fuentesfidedignas.com.mx\/#\/schema\/person\/331be9283d37198e2acd5750279085b0","name":"Redacci\u00f3n","image":{"@type":"ImageObject","inLanguage":"es","@id":"https:\/\/secure.gravatar.com\/avatar\/f6d8782c11d12b2d4ad3fbb6931aeab5309937a4d6cd2fc9cfaa28a6396a5aec?s=96&d=mm&r=g","url":"https:\/\/secure.gravatar.com\/avatar\/f6d8782c11d12b2d4ad3fbb6931aeab5309937a4d6cd2fc9cfaa28a6396a5aec?s=96&d=mm&r=g","contentUrl":"https:\/\/secure.gravatar.com\/avatar\/f6d8782c11d12b2d4ad3fbb6931aeab5309937a4d6cd2fc9cfaa28a6396a5aec?s=96&d=mm&r=g","caption":"Redacci\u00f3n"},"url":"https:\/\/fuentesfidedignas.com.mx\/index.php\/author\/redaccion\/"}]}},"_links":{"self":[{"href":"https:\/\/fuentesfidedignas.com.mx\/index.php\/wp-json\/wp\/v2\/posts\/58752","targetHints":{"allow":["GET"]}}],"collection":[{"href":"https:\/\/fuentesfidedignas.com.mx\/index.php\/wp-json\/wp\/v2\/posts"}],"about":[{"href":"https:\/\/fuentesfidedignas.com.mx\/index.php\/wp-json\/wp\/v2\/types\/post"}],"author":[{"embeddable":true,"href":"https:\/\/fuentesfidedignas.com.mx\/index.php\/wp-json\/wp\/v2\/users\/4"}],"replies":[{"embeddable":true,"href":"https:\/\/fuentesfidedignas.com.mx\/index.php\/wp-json\/wp\/v2\/comments?post=58752"}],"version-history":[{"count":2,"href":"https:\/\/fuentesfidedignas.com.mx\/index.php\/wp-json\/wp\/v2\/posts\/58752\/revisions"}],"predecessor-version":[{"id":58761,"href":"https:\/\/fuentesfidedignas.com.mx\/index.php\/wp-json\/wp\/v2\/posts\/58752\/revisions\/58761"}],"wp:featuredmedia":[{"embeddable":true,"href":"https:\/\/fuentesfidedignas.com.mx\/index.php\/wp-json\/wp\/v2\/media\/58758"}],"wp:attachment":[{"href":"https:\/\/fuentesfidedignas.com.mx\/index.php\/wp-json\/wp\/v2\/media?parent=58752"}],"wp:term":[{"taxonomy":"category","embeddable":true,"href":"https:\/\/fuentesfidedignas.com.mx\/index.php\/wp-json\/wp\/v2\/categories?post=58752"},{"taxonomy":"post_tag","embeddable":true,"href":"https:\/\/fuentesfidedignas.com.mx\/index.php\/wp-json\/wp\/v2\/tags?post=58752"}],"curies":[{"name":"wp","href":"https:\/\/api.w.org\/{rel}","templated":true}]}}