{"id":58697,"date":"2023-09-12T11:10:00","date_gmt":"2023-09-12T18:10:00","guid":{"rendered":"https:\/\/fuentesfidedignas.com.mx\/?p=58697"},"modified":"2023-09-12T14:13:50","modified_gmt":"2023-09-12T21:13:50","slug":"renuncia-gerardo-alapizco-de-la-secretaria-general-de-la-uas-toma-su-cargo-robespierre-lizarraga","status":"publish","type":"post","link":"https:\/\/fuentesfidedignas.com.mx\/index.php\/2023\/09\/12\/renuncia-gerardo-alapizco-de-la-secretaria-general-de-la-uas-toma-su-cargo-robespierre-lizarraga\/","title":{"rendered":"Renuncia Gerardo Alapizco a la Secretar\u00eda General de la UAS; toma su cargo Robespierre Liz\u00e1rraga"},"content":{"rendered":"\n<p><strong><em>Jes\u00fas Madue\u00f1a Molina, se\u00f1al\u00f3 que en la calidad que le permite la Ley Org\u00e1nica y el Estatuto General de la UAS tom\u00f3 la decisi\u00f3n de colocar al nuevo secretario general<\/em><\/strong><\/p>\n\n\n\n<p>Culiac\u00e1n, Sin.- El rector de la Universidad Aut\u00f3noma de Sinaloa (UAS), Jes\u00fas Madue\u00f1a Molina inform\u00f3 esta ma\u00f1ana que Gerardo Alapizco por razones personales se separaba de la Secretar\u00eda General de la instituci\u00f3n acad\u00e9mica.<\/p>\n\n\n\n<p>Lo anterior, lo dio a conocer durante una transmisi\u00f3n en vivo a trav\u00e9s de sus redes sociales en donde se puede observar rodeado de parte de la universidad.<\/p>\n\n\n\n<p>&#8220;Primero agradecer al doctor Gerardo Alapizco, por ese gran trabajo que ha realizado a lo largo de estos 29 a\u00f1os en la UAS, tanto de profesor de la Facultad de Medicina, como director de la misma, y ahora como secretario general&#8221;, dijo.<\/p>\n\n\n\n<p>Madue\u00f1a Molina mencion\u00f3 que con la decisi\u00f3n que tom\u00f3 el ahora exsecretario no le quedan cerradas las puertas en la universidad, sino lo contrario, conf\u00edan en que pronto estar\u00e1 de de regreso con ellos pues la batalla por defender la autonom\u00eda de la UAS sigue en sus planes.<\/p>\n\n\n\n<p>Se\u00f1al\u00f3 que en la calidad que le permite la Ley Org\u00e1nica y el Estatuto General tom\u00f3 la decisi\u00f3n de que el Robespierre Liz\u00e1rraga Otero ocupe el puesto de secretario General de la UAS, pues en estos momentos de percusi\u00f3n pol\u00edtica deben estar bien integrados para poder  hacerle frente a un poder totalitario en el estado.<\/p>\n\n\n\n<p>&#8220;Conf\u00edo en Robespierre como gran abogado que es, lo ha demostrado en estos \u00faltimos meses de persecuci\u00f3n pol\u00edtica, c\u00f3mo ha estado al frente del \u00e1rea de Recursos Jur\u00eddicos, y ha estado haciendo un trabajo extraordinario en defensa de la universidad, no se a amedrentado por la ASE ni por la Fiscal\u00eda&#8221;, resalt\u00f3.<\/p>\n\n\n\n<p>El rector indic\u00f3 que en los pr\u00f3ximos d\u00edas convocar\u00e1 al Consejo Universitario con la finalidad de presentar de manera oficial a Liz\u00e1rraga Otero como secretario general de la M\u00e1xima Casa de Estudios.<\/p>\n\n\n\n<p>&#8220;Las facultades me las da la Ley para nombrarlo y \u00fanicamente ser\u00eda presentarlo al consejo porque \u00e9l se convierte a falta del rector se queda como encargado de la oficina en cuanto el rector retorna de alg\u00fan tema que tenga, pues as\u00ed lo marca la Ley de la UAS&#8221;, explic\u00f3.<\/p>\n\n\n\n<p>Por \u00faltimo hizo un llamado a toda la comunidad universitaria a mandarle sus mejores deseos y que todo salga bien con el problema que enfrenta Gerardo Alpizco junto a su esposa, que Dios los acompa\u00f1e y los tenga siempre resguardados.<\/p>\n\n\n\n<p><\/p>\n\n\n\n<iframe loading=\"lazy\" src=\"https:\/\/www.facebook.com\/plugins\/video.php?height=314&#038;href=https%3A%2F%2Fwww.facebook.com%2FUASoficial%2Fvideos%2F665682185494726%2F&#038;show_text=false&#038;width=560&#038;t=0\" width=\"560\" height=\"314\" style=\"border:none;overflow:hidden\" scrolling=\"no\" frameborder=\"0\" allowfullscreen=\"true\" allow=\"autoplay; clipboard-write; encrypted-media; picture-in-picture; web-share\" allowFullScreen=\"true\"><\/iframe>\n\n\n\n<p><\/p>\n","protected":false},"excerpt":{"rendered":"<p>Jes\u00fas Madue\u00f1a Molina, se\u00f1al\u00f3 que en la calidad que le permite la Ley Org\u00e1nica y el Estatuto General de la UAS tom\u00f3 la decisi\u00f3n de colocar al nuevo secretario general Culiac\u00e1n, Sin.- El rector de la Universidad Aut\u00f3noma de Sinaloa (UAS), Jes\u00fas Madue\u00f1a Molina inform\u00f3 esta ma\u00f1ana que Gerardo Alapizco por razones personales se separaba [&hellip;]<\/p>\n","protected":false},"author":4,"featured_media":58763,"comment_status":"open","ping_status":"open","sticky":false,"template":"","format":"standard","meta":{"tdm_status":"","tdm_grid_status":"","footnotes":""},"categories":[37],"tags":[],"class_list":{"0":"post-58697","1":"post","2":"type-post","3":"status-publish","4":"format-standard","5":"has-post-thumbnail","7":"category-nota-principal"},"yoast_head":"<!-- This site is optimized with the Yoast SEO plugin v27.4 - https:\/\/yoast.com\/product\/yoast-seo-wordpress\/ -->\n<title>Renuncia Gerardo Alapizco a la Secretar\u00eda General de la UAS; toma su cargo Robespierre Liz\u00e1rraga - Fuentes Fidedignas<\/title>\n<meta name=\"robots\" content=\"index, follow, max-snippet:-1, max-image-preview:large, max-video-preview:-1\" \/>\n<link rel=\"canonical\" href=\"https:\/\/fuentesfidedignas.com.mx\/index.php\/2023\/09\/12\/renuncia-gerardo-alapizco-de-la-secretaria-general-de-la-uas-toma-su-cargo-robespierre-lizarraga\/\" \/>\n<meta property=\"og:locale\" content=\"es_MX\" \/>\n<meta property=\"og:type\" content=\"article\" \/>\n<meta property=\"og:title\" content=\"Renuncia Gerardo Alapizco a la Secretar\u00eda General de la UAS; toma su cargo Robespierre Liz\u00e1rraga - Fuentes Fidedignas\" \/>\n<meta property=\"og:description\" content=\"Jes\u00fas Madue\u00f1a Molina, se\u00f1al\u00f3 que en la calidad que le permite la Ley Org\u00e1nica y el Estatuto General de la UAS tom\u00f3 la decisi\u00f3n de colocar al nuevo secretario general Culiac\u00e1n, Sin.- El rector de la Universidad Aut\u00f3noma de Sinaloa (UAS), Jes\u00fas Madue\u00f1a Molina inform\u00f3 esta ma\u00f1ana que Gerardo Alapizco por razones personales se separaba [&hellip;]\" \/>\n<meta property=\"og:url\" content=\"https:\/\/fuentesfidedignas.com.mx\/index.php\/2023\/09\/12\/renuncia-gerardo-alapizco-de-la-secretaria-general-de-la-uas-toma-su-cargo-robespierre-lizarraga\/\" \/>\n<meta property=\"og:site_name\" content=\"Fuentes Fidedignas\" \/>\n<meta property=\"article:publisher\" content=\"https:\/\/www.facebook.com\/Fuentes-Fidedignas-368234489921644\" \/>\n<meta property=\"article:published_time\" content=\"2023-09-12T18:10:00+00:00\" \/>\n<meta property=\"article:modified_time\" content=\"2023-09-12T21:13:50+00:00\" \/>\n<meta property=\"og:image\" content=\"https:\/\/fuentesfidedignas.com.mx\/wp-content\/uploads\/2023\/09\/WhatsApp-Image-2023-09-12-at-12.55.43-2.jpeg\" \/>\n\t<meta property=\"og:image:width\" content=\"1024\" \/>\n\t<meta property=\"og:image:height\" content=\"768\" \/>\n\t<meta property=\"og:image:type\" content=\"image\/jpeg\" \/>\n<meta name=\"author\" content=\"Redacci\u00f3n\" \/>\n<meta name=\"twitter:card\" content=\"summary_large_image\" \/>\n<meta name=\"twitter:creator\" content=\"@fidedignas\" \/>\n<meta name=\"twitter:site\" content=\"@fidedignas\" \/>\n<meta name=\"twitter:label1\" content=\"Escrito por\" \/>\n\t<meta name=\"twitter:data1\" content=\"Redacci\u00f3n\" \/>\n\t<meta name=\"twitter:label2\" content=\"Tiempo de lectura\" \/>\n\t<meta name=\"twitter:data2\" content=\"2 minutos\" \/>\n<script type=\"application\/ld+json\" class=\"yoast-schema-graph\">{\"@context\":\"https:\\\/\\\/schema.org\",\"@graph\":[{\"@type\":\"Article\",\"@id\":\"https:\\\/\\\/fuentesfidedignas.com.mx\\\/index.php\\\/2023\\\/09\\\/12\\\/renuncia-gerardo-alapizco-de-la-secretaria-general-de-la-uas-toma-su-cargo-robespierre-lizarraga\\\/#article\",\"isPartOf\":{\"@id\":\"https:\\\/\\\/fuentesfidedignas.com.mx\\\/index.php\\\/2023\\\/09\\\/12\\\/renuncia-gerardo-alapizco-de-la-secretaria-general-de-la-uas-toma-su-cargo-robespierre-lizarraga\\\/\"},\"author\":{\"name\":\"Redacci\u00f3n\",\"@id\":\"https:\\\/\\\/fuentesfidedignas.com.mx\\\/#\\\/schema\\\/person\\\/331be9283d37198e2acd5750279085b0\"},\"headline\":\"Renuncia Gerardo Alapizco a la Secretar\u00eda General de la UAS; toma su cargo Robespierre Liz\u00e1rraga\",\"datePublished\":\"2023-09-12T18:10:00+00:00\",\"dateModified\":\"2023-09-12T21:13:50+00:00\",\"mainEntityOfPage\":{\"@id\":\"https:\\\/\\\/fuentesfidedignas.com.mx\\\/index.php\\\/2023\\\/09\\\/12\\\/renuncia-gerardo-alapizco-de-la-secretaria-general-de-la-uas-toma-su-cargo-robespierre-lizarraga\\\/\"},\"wordCount\":466,\"commentCount\":0,\"publisher\":{\"@id\":\"https:\\\/\\\/fuentesfidedignas.com.mx\\\/#organization\"},\"image\":{\"@id\":\"https:\\\/\\\/fuentesfidedignas.com.mx\\\/index.php\\\/2023\\\/09\\\/12\\\/renuncia-gerardo-alapizco-de-la-secretaria-general-de-la-uas-toma-su-cargo-robespierre-lizarraga\\\/#primaryimage\"},\"thumbnailUrl\":\"https:\\\/\\\/fuentesfidedignas.com.mx\\\/wp-content\\\/uploads\\\/2023\\\/09\\\/WhatsApp-Image-2023-09-12-at-12.55.43-2.jpeg\",\"articleSection\":[\"NOTA PRINCIPAL\"],\"inLanguage\":\"es\",\"potentialAction\":[{\"@type\":\"CommentAction\",\"name\":\"Comment\",\"target\":[\"https:\\\/\\\/fuentesfidedignas.com.mx\\\/index.php\\\/2023\\\/09\\\/12\\\/renuncia-gerardo-alapizco-de-la-secretaria-general-de-la-uas-toma-su-cargo-robespierre-lizarraga\\\/#respond\"]}]},{\"@type\":\"WebPage\",\"@id\":\"https:\\\/\\\/fuentesfidedignas.com.mx\\\/index.php\\\/2023\\\/09\\\/12\\\/renuncia-gerardo-alapizco-de-la-secretaria-general-de-la-uas-toma-su-cargo-robespierre-lizarraga\\\/\",\"url\":\"https:\\\/\\\/fuentesfidedignas.com.mx\\\/index.php\\\/2023\\\/09\\\/12\\\/renuncia-gerardo-alapizco-de-la-secretaria-general-de-la-uas-toma-su-cargo-robespierre-lizarraga\\\/\",\"name\":\"Renuncia Gerardo Alapizco a la Secretar\u00eda General de la UAS; toma su cargo Robespierre Liz\u00e1rraga - Fuentes Fidedignas\",\"isPartOf\":{\"@id\":\"https:\\\/\\\/fuentesfidedignas.com.mx\\\/#website\"},\"primaryImageOfPage\":{\"@id\":\"https:\\\/\\\/fuentesfidedignas.com.mx\\\/index.php\\\/2023\\\/09\\\/12\\\/renuncia-gerardo-alapizco-de-la-secretaria-general-de-la-uas-toma-su-cargo-robespierre-lizarraga\\\/#primaryimage\"},\"image\":{\"@id\":\"https:\\\/\\\/fuentesfidedignas.com.mx\\\/index.php\\\/2023\\\/09\\\/12\\\/renuncia-gerardo-alapizco-de-la-secretaria-general-de-la-uas-toma-su-cargo-robespierre-lizarraga\\\/#primaryimage\"},\"thumbnailUrl\":\"https:\\\/\\\/fuentesfidedignas.com.mx\\\/wp-content\\\/uploads\\\/2023\\\/09\\\/WhatsApp-Image-2023-09-12-at-12.55.43-2.jpeg\",\"datePublished\":\"2023-09-12T18:10:00+00:00\",\"dateModified\":\"2023-09-12T21:13:50+00:00\",\"breadcrumb\":{\"@id\":\"https:\\\/\\\/fuentesfidedignas.com.mx\\\/index.php\\\/2023\\\/09\\\/12\\\/renuncia-gerardo-alapizco-de-la-secretaria-general-de-la-uas-toma-su-cargo-robespierre-lizarraga\\\/#breadcrumb\"},\"inLanguage\":\"es\",\"potentialAction\":[{\"@type\":\"ReadAction\",\"target\":[\"https:\\\/\\\/fuentesfidedignas.com.mx\\\/index.php\\\/2023\\\/09\\\/12\\\/renuncia-gerardo-alapizco-de-la-secretaria-general-de-la-uas-toma-su-cargo-robespierre-lizarraga\\\/\"]}]},{\"@type\":\"ImageObject\",\"inLanguage\":\"es\",\"@id\":\"https:\\\/\\\/fuentesfidedignas.com.mx\\\/index.php\\\/2023\\\/09\\\/12\\\/renuncia-gerardo-alapizco-de-la-secretaria-general-de-la-uas-toma-su-cargo-robespierre-lizarraga\\\/#primaryimage\",\"url\":\"https:\\\/\\\/fuentesfidedignas.com.mx\\\/wp-content\\\/uploads\\\/2023\\\/09\\\/WhatsApp-Image-2023-09-12-at-12.55.43-2.jpeg\",\"contentUrl\":\"https:\\\/\\\/fuentesfidedignas.com.mx\\\/wp-content\\\/uploads\\\/2023\\\/09\\\/WhatsApp-Image-2023-09-12-at-12.55.43-2.jpeg\",\"width\":1024,\"height\":768},{\"@type\":\"BreadcrumbList\",\"@id\":\"https:\\\/\\\/fuentesfidedignas.com.mx\\\/index.php\\\/2023\\\/09\\\/12\\\/renuncia-gerardo-alapizco-de-la-secretaria-general-de-la-uas-toma-su-cargo-robespierre-lizarraga\\\/#breadcrumb\",\"itemListElement\":[{\"@type\":\"ListItem\",\"position\":1,\"name\":\"Inicio\",\"item\":\"https:\\\/\\\/fuentesfidedignas.com.mx\\\/\"},{\"@type\":\"ListItem\",\"position\":2,\"name\":\"Renuncia Gerardo Alapizco a la Secretar\u00eda General de la UAS; toma su cargo Robespierre Liz\u00e1rraga\"}]},{\"@type\":\"WebSite\",\"@id\":\"https:\\\/\\\/fuentesfidedignas.com.mx\\\/#website\",\"url\":\"https:\\\/\\\/fuentesfidedignas.com.mx\\\/\",\"name\":\"Fuentes Fidedignas\",\"description\":\"Otro sitio realizado con WordPress\",\"publisher\":{\"@id\":\"https:\\\/\\\/fuentesfidedignas.com.mx\\\/#organization\"},\"potentialAction\":[{\"@type\":\"SearchAction\",\"target\":{\"@type\":\"EntryPoint\",\"urlTemplate\":\"https:\\\/\\\/fuentesfidedignas.com.mx\\\/?s={search_term_string}\"},\"query-input\":{\"@type\":\"PropertyValueSpecification\",\"valueRequired\":true,\"valueName\":\"search_term_string\"}}],\"inLanguage\":\"es\"},{\"@type\":\"Organization\",\"@id\":\"https:\\\/\\\/fuentesfidedignas.com.mx\\\/#organization\",\"name\":\"Fuentes Fidedignas\",\"url\":\"https:\\\/\\\/fuentesfidedignas.com.mx\\\/\",\"logo\":{\"@type\":\"ImageObject\",\"inLanguage\":\"es\",\"@id\":\"https:\\\/\\\/fuentesfidedignas.com.mx\\\/#\\\/schema\\\/logo\\\/image\\\/\",\"url\":\"https:\\\/\\\/fuentesfidedignas.com.mx\\\/wp-content\\\/uploads\\\/2021\\\/04\\\/logo-retina.png\",\"contentUrl\":\"https:\\\/\\\/fuentesfidedignas.com.mx\\\/wp-content\\\/uploads\\\/2021\\\/04\\\/logo-retina.png\",\"width\":280,\"height\":51,\"caption\":\"Fuentes Fidedignas\"},\"image\":{\"@id\":\"https:\\\/\\\/fuentesfidedignas.com.mx\\\/#\\\/schema\\\/logo\\\/image\\\/\"},\"sameAs\":[\"https:\\\/\\\/www.facebook.com\\\/Fuentes-Fidedignas-368234489921644\",\"https:\\\/\\\/x.com\\\/fidedignas\"]},{\"@type\":\"Person\",\"@id\":\"https:\\\/\\\/fuentesfidedignas.com.mx\\\/#\\\/schema\\\/person\\\/331be9283d37198e2acd5750279085b0\",\"name\":\"Redacci\u00f3n\",\"image\":{\"@type\":\"ImageObject\",\"inLanguage\":\"es\",\"@id\":\"https:\\\/\\\/secure.gravatar.com\\\/avatar\\\/f6d8782c11d12b2d4ad3fbb6931aeab5309937a4d6cd2fc9cfaa28a6396a5aec?s=96&d=mm&r=g\",\"url\":\"https:\\\/\\\/secure.gravatar.com\\\/avatar\\\/f6d8782c11d12b2d4ad3fbb6931aeab5309937a4d6cd2fc9cfaa28a6396a5aec?s=96&d=mm&r=g\",\"contentUrl\":\"https:\\\/\\\/secure.gravatar.com\\\/avatar\\\/f6d8782c11d12b2d4ad3fbb6931aeab5309937a4d6cd2fc9cfaa28a6396a5aec?s=96&d=mm&r=g\",\"caption\":\"Redacci\u00f3n\"},\"url\":\"https:\\\/\\\/fuentesfidedignas.com.mx\\\/index.php\\\/author\\\/redaccion\\\/\"}]}<\/script>\n<!-- \/ Yoast SEO plugin. -->","yoast_head_json":{"title":"Renuncia Gerardo Alapizco a la Secretar\u00eda General de la UAS; toma su cargo Robespierre Liz\u00e1rraga - Fuentes Fidedignas","robots":{"index":"index","follow":"follow","max-snippet":"max-snippet:-1","max-image-preview":"max-image-preview:large","max-video-preview":"max-video-preview:-1"},"canonical":"https:\/\/fuentesfidedignas.com.mx\/index.php\/2023\/09\/12\/renuncia-gerardo-alapizco-de-la-secretaria-general-de-la-uas-toma-su-cargo-robespierre-lizarraga\/","og_locale":"es_MX","og_type":"article","og_title":"Renuncia Gerardo Alapizco a la Secretar\u00eda General de la UAS; toma su cargo Robespierre Liz\u00e1rraga - Fuentes Fidedignas","og_description":"Jes\u00fas Madue\u00f1a Molina, se\u00f1al\u00f3 que en la calidad que le permite la Ley Org\u00e1nica y el Estatuto General de la UAS tom\u00f3 la decisi\u00f3n de colocar al nuevo secretario general Culiac\u00e1n, Sin.- El rector de la Universidad Aut\u00f3noma de Sinaloa (UAS), Jes\u00fas Madue\u00f1a Molina inform\u00f3 esta ma\u00f1ana que Gerardo Alapizco por razones personales se separaba [&hellip;]","og_url":"https:\/\/fuentesfidedignas.com.mx\/index.php\/2023\/09\/12\/renuncia-gerardo-alapizco-de-la-secretaria-general-de-la-uas-toma-su-cargo-robespierre-lizarraga\/","og_site_name":"Fuentes Fidedignas","article_publisher":"https:\/\/www.facebook.com\/Fuentes-Fidedignas-368234489921644","article_published_time":"2023-09-12T18:10:00+00:00","article_modified_time":"2023-09-12T21:13:50+00:00","og_image":[{"width":1024,"height":768,"url":"https:\/\/fuentesfidedignas.com.mx\/wp-content\/uploads\/2023\/09\/WhatsApp-Image-2023-09-12-at-12.55.43-2.jpeg","type":"image\/jpeg"}],"author":"Redacci\u00f3n","twitter_card":"summary_large_image","twitter_creator":"@fidedignas","twitter_site":"@fidedignas","twitter_misc":{"Escrito por":"Redacci\u00f3n","Tiempo de lectura":"2 minutos"},"schema":{"@context":"https:\/\/schema.org","@graph":[{"@type":"Article","@id":"https:\/\/fuentesfidedignas.com.mx\/index.php\/2023\/09\/12\/renuncia-gerardo-alapizco-de-la-secretaria-general-de-la-uas-toma-su-cargo-robespierre-lizarraga\/#article","isPartOf":{"@id":"https:\/\/fuentesfidedignas.com.mx\/index.php\/2023\/09\/12\/renuncia-gerardo-alapizco-de-la-secretaria-general-de-la-uas-toma-su-cargo-robespierre-lizarraga\/"},"author":{"name":"Redacci\u00f3n","@id":"https:\/\/fuentesfidedignas.com.mx\/#\/schema\/person\/331be9283d37198e2acd5750279085b0"},"headline":"Renuncia Gerardo Alapizco a la Secretar\u00eda General de la UAS; toma su cargo Robespierre Liz\u00e1rraga","datePublished":"2023-09-12T18:10:00+00:00","dateModified":"2023-09-12T21:13:50+00:00","mainEntityOfPage":{"@id":"https:\/\/fuentesfidedignas.com.mx\/index.php\/2023\/09\/12\/renuncia-gerardo-alapizco-de-la-secretaria-general-de-la-uas-toma-su-cargo-robespierre-lizarraga\/"},"wordCount":466,"commentCount":0,"publisher":{"@id":"https:\/\/fuentesfidedignas.com.mx\/#organization"},"image":{"@id":"https:\/\/fuentesfidedignas.com.mx\/index.php\/2023\/09\/12\/renuncia-gerardo-alapizco-de-la-secretaria-general-de-la-uas-toma-su-cargo-robespierre-lizarraga\/#primaryimage"},"thumbnailUrl":"https:\/\/fuentesfidedignas.com.mx\/wp-content\/uploads\/2023\/09\/WhatsApp-Image-2023-09-12-at-12.55.43-2.jpeg","articleSection":["NOTA PRINCIPAL"],"inLanguage":"es","potentialAction":[{"@type":"CommentAction","name":"Comment","target":["https:\/\/fuentesfidedignas.com.mx\/index.php\/2023\/09\/12\/renuncia-gerardo-alapizco-de-la-secretaria-general-de-la-uas-toma-su-cargo-robespierre-lizarraga\/#respond"]}]},{"@type":"WebPage","@id":"https:\/\/fuentesfidedignas.com.mx\/index.php\/2023\/09\/12\/renuncia-gerardo-alapizco-de-la-secretaria-general-de-la-uas-toma-su-cargo-robespierre-lizarraga\/","url":"https:\/\/fuentesfidedignas.com.mx\/index.php\/2023\/09\/12\/renuncia-gerardo-alapizco-de-la-secretaria-general-de-la-uas-toma-su-cargo-robespierre-lizarraga\/","name":"Renuncia Gerardo Alapizco a la Secretar\u00eda General de la UAS; toma su cargo Robespierre Liz\u00e1rraga - Fuentes Fidedignas","isPartOf":{"@id":"https:\/\/fuentesfidedignas.com.mx\/#website"},"primaryImageOfPage":{"@id":"https:\/\/fuentesfidedignas.com.mx\/index.php\/2023\/09\/12\/renuncia-gerardo-alapizco-de-la-secretaria-general-de-la-uas-toma-su-cargo-robespierre-lizarraga\/#primaryimage"},"image":{"@id":"https:\/\/fuentesfidedignas.com.mx\/index.php\/2023\/09\/12\/renuncia-gerardo-alapizco-de-la-secretaria-general-de-la-uas-toma-su-cargo-robespierre-lizarraga\/#primaryimage"},"thumbnailUrl":"https:\/\/fuentesfidedignas.com.mx\/wp-content\/uploads\/2023\/09\/WhatsApp-Image-2023-09-12-at-12.55.43-2.jpeg","datePublished":"2023-09-12T18:10:00+00:00","dateModified":"2023-09-12T21:13:50+00:00","breadcrumb":{"@id":"https:\/\/fuentesfidedignas.com.mx\/index.php\/2023\/09\/12\/renuncia-gerardo-alapizco-de-la-secretaria-general-de-la-uas-toma-su-cargo-robespierre-lizarraga\/#breadcrumb"},"inLanguage":"es","potentialAction":[{"@type":"ReadAction","target":["https:\/\/fuentesfidedignas.com.mx\/index.php\/2023\/09\/12\/renuncia-gerardo-alapizco-de-la-secretaria-general-de-la-uas-toma-su-cargo-robespierre-lizarraga\/"]}]},{"@type":"ImageObject","inLanguage":"es","@id":"https:\/\/fuentesfidedignas.com.mx\/index.php\/2023\/09\/12\/renuncia-gerardo-alapizco-de-la-secretaria-general-de-la-uas-toma-su-cargo-robespierre-lizarraga\/#primaryimage","url":"https:\/\/fuentesfidedignas.com.mx\/wp-content\/uploads\/2023\/09\/WhatsApp-Image-2023-09-12-at-12.55.43-2.jpeg","contentUrl":"https:\/\/fuentesfidedignas.com.mx\/wp-content\/uploads\/2023\/09\/WhatsApp-Image-2023-09-12-at-12.55.43-2.jpeg","width":1024,"height":768},{"@type":"BreadcrumbList","@id":"https:\/\/fuentesfidedignas.com.mx\/index.php\/2023\/09\/12\/renuncia-gerardo-alapizco-de-la-secretaria-general-de-la-uas-toma-su-cargo-robespierre-lizarraga\/#breadcrumb","itemListElement":[{"@type":"ListItem","position":1,"name":"Inicio","item":"https:\/\/fuentesfidedignas.com.mx\/"},{"@type":"ListItem","position":2,"name":"Renuncia Gerardo Alapizco a la Secretar\u00eda General de la UAS; toma su cargo Robespierre Liz\u00e1rraga"}]},{"@type":"WebSite","@id":"https:\/\/fuentesfidedignas.com.mx\/#website","url":"https:\/\/fuentesfidedignas.com.mx\/","name":"Fuentes Fidedignas","description":"Otro sitio realizado con WordPress","publisher":{"@id":"https:\/\/fuentesfidedignas.com.mx\/#organization"},"potentialAction":[{"@type":"SearchAction","target":{"@type":"EntryPoint","urlTemplate":"https:\/\/fuentesfidedignas.com.mx\/?s={search_term_string}"},"query-input":{"@type":"PropertyValueSpecification","valueRequired":true,"valueName":"search_term_string"}}],"inLanguage":"es"},{"@type":"Organization","@id":"https:\/\/fuentesfidedignas.com.mx\/#organization","name":"Fuentes Fidedignas","url":"https:\/\/fuentesfidedignas.com.mx\/","logo":{"@type":"ImageObject","inLanguage":"es","@id":"https:\/\/fuentesfidedignas.com.mx\/#\/schema\/logo\/image\/","url":"https:\/\/fuentesfidedignas.com.mx\/wp-content\/uploads\/2021\/04\/logo-retina.png","contentUrl":"https:\/\/fuentesfidedignas.com.mx\/wp-content\/uploads\/2021\/04\/logo-retina.png","width":280,"height":51,"caption":"Fuentes Fidedignas"},"image":{"@id":"https:\/\/fuentesfidedignas.com.mx\/#\/schema\/logo\/image\/"},"sameAs":["https:\/\/www.facebook.com\/Fuentes-Fidedignas-368234489921644","https:\/\/x.com\/fidedignas"]},{"@type":"Person","@id":"https:\/\/fuentesfidedignas.com.mx\/#\/schema\/person\/331be9283d37198e2acd5750279085b0","name":"Redacci\u00f3n","image":{"@type":"ImageObject","inLanguage":"es","@id":"https:\/\/secure.gravatar.com\/avatar\/f6d8782c11d12b2d4ad3fbb6931aeab5309937a4d6cd2fc9cfaa28a6396a5aec?s=96&d=mm&r=g","url":"https:\/\/secure.gravatar.com\/avatar\/f6d8782c11d12b2d4ad3fbb6931aeab5309937a4d6cd2fc9cfaa28a6396a5aec?s=96&d=mm&r=g","contentUrl":"https:\/\/secure.gravatar.com\/avatar\/f6d8782c11d12b2d4ad3fbb6931aeab5309937a4d6cd2fc9cfaa28a6396a5aec?s=96&d=mm&r=g","caption":"Redacci\u00f3n"},"url":"https:\/\/fuentesfidedignas.com.mx\/index.php\/author\/redaccion\/"}]}},"_links":{"self":[{"href":"https:\/\/fuentesfidedignas.com.mx\/index.php\/wp-json\/wp\/v2\/posts\/58697","targetHints":{"allow":["GET"]}}],"collection":[{"href":"https:\/\/fuentesfidedignas.com.mx\/index.php\/wp-json\/wp\/v2\/posts"}],"about":[{"href":"https:\/\/fuentesfidedignas.com.mx\/index.php\/wp-json\/wp\/v2\/types\/post"}],"author":[{"embeddable":true,"href":"https:\/\/fuentesfidedignas.com.mx\/index.php\/wp-json\/wp\/v2\/users\/4"}],"replies":[{"embeddable":true,"href":"https:\/\/fuentesfidedignas.com.mx\/index.php\/wp-json\/wp\/v2\/comments?post=58697"}],"version-history":[{"count":10,"href":"https:\/\/fuentesfidedignas.com.mx\/index.php\/wp-json\/wp\/v2\/posts\/58697\/revisions"}],"predecessor-version":[{"id":58726,"href":"https:\/\/fuentesfidedignas.com.mx\/index.php\/wp-json\/wp\/v2\/posts\/58697\/revisions\/58726"}],"wp:featuredmedia":[{"embeddable":true,"href":"https:\/\/fuentesfidedignas.com.mx\/index.php\/wp-json\/wp\/v2\/media\/58763"}],"wp:attachment":[{"href":"https:\/\/fuentesfidedignas.com.mx\/index.php\/wp-json\/wp\/v2\/media?parent=58697"}],"wp:term":[{"taxonomy":"category","embeddable":true,"href":"https:\/\/fuentesfidedignas.com.mx\/index.php\/wp-json\/wp\/v2\/categories?post=58697"},{"taxonomy":"post_tag","embeddable":true,"href":"https:\/\/fuentesfidedignas.com.mx\/index.php\/wp-json\/wp\/v2\/tags?post=58697"}],"curies":[{"name":"wp","href":"https:\/\/api.w.org\/{rel}","templated":true}]}}