{"id":58623,"date":"2023-09-11T16:42:59","date_gmt":"2023-09-11T23:42:59","guid":{"rendered":"https:\/\/fuentesfidedignas.com.mx\/?p=58623"},"modified":"2023-09-11T16:43:18","modified_gmt":"2023-09-11T23:43:18","slug":"toman-protesta-a-directores-de-servicios-de-proteccion-y-servicios-de-apoyo","status":"publish","type":"post","link":"https:\/\/fuentesfidedignas.com.mx\/index.php\/2023\/09\/11\/toman-protesta-a-directores-de-servicios-de-proteccion-y-servicios-de-apoyo\/","title":{"rendered":"Toman protesta a directores de Servicios de Protecci\u00f3n y Servicios de Apoyo"},"content":{"rendered":"\n<p><strong><em>Jes\u00fas Manuel Gastelo Hermosillo y X\u00f3chitl F\u00e9lix Cuadras fueron designados en dichas \u00e1reas<\/em><\/strong><\/p>\n\n\n\n<p>Culiac\u00e1n, Sin.- El secretario de Seguridad P\u00fablica en Sinaloa, Gerardo M\u00e9rida S\u00e1nchez, tom\u00f3 protesta como director de Servicios de Protecci\u00f3n a Jes\u00fas Manuel Gastelo Hermosillo, a quien exhort\u00f3 a desempe\u00f1ar dicho cargo con responsabilidad.<\/p>\n\n\n\n<p>Acompa\u00f1ado por la subsecretaria de Estudios Proyectos y Desarrollo, Yeraldine Bonilla Valverde, y por el subsecretario de Seguridad, Prevenci\u00f3n y Reinserci\u00f3n Social, Leoncio Pedro Garc\u00eda Alatorre, el titular de la dependencia encabez\u00f3 el acto protocolario en las instalaciones de dicha Direcci\u00f3n, teniendo como testigo al personal que ah\u00ed labora.<\/p>\n\n\n\n<p>Al aceptar el nombramiento, Gastelo Hermosillo se comprometi\u00f3 a trabajar en apego a la normatividad y en respeto a los derechos de las y los trabajadores del \u00e1rea.<\/p>\n\n\n\n<p>Asimismo, el secretario de Seguridad en la entidad, tambi\u00e9n tom\u00f3 protesta a X\u00f3chitl F\u00e9lix Cuadras como directora de Servicios de Apoyo quien tambi\u00e9n se comprometi\u00f3 a trabajar de manera eficaz y transparente al interior de la dependencia.<\/p>\n","protected":false},"excerpt":{"rendered":"<p>Jes\u00fas Manuel Gastelo Hermosillo y X\u00f3chitl F\u00e9lix Cuadras fueron designados en dichas \u00e1reas Culiac\u00e1n, Sin.- El secretario de Seguridad P\u00fablica en Sinaloa, Gerardo M\u00e9rida S\u00e1nchez, tom\u00f3 protesta como director de Servicios de Protecci\u00f3n a Jes\u00fas Manuel Gastelo Hermosillo, a quien exhort\u00f3 a desempe\u00f1ar dicho cargo con responsabilidad. Acompa\u00f1ado por la subsecretaria de Estudios Proyectos y [&hellip;]<\/p>\n","protected":false},"author":4,"featured_media":58626,"comment_status":"open","ping_status":"open","sticky":false,"template":"","format":"standard","meta":{"tdm_status":"","tdm_grid_status":"","footnotes":""},"categories":[1],"tags":[],"class_list":{"0":"post-58623","1":"post","2":"type-post","3":"status-publish","4":"format-standard","5":"has-post-thumbnail","7":"category-sin-categoria"},"yoast_head":"<!-- This site is optimized with the Yoast SEO plugin v27.5 - https:\/\/yoast.com\/product\/yoast-seo-wordpress\/ -->\n<title>Toman protesta a directores de Servicios de Protecci\u00f3n y Servicios de Apoyo - Fuentes Fidedignas<\/title>\n<meta name=\"robots\" content=\"index, follow, max-snippet:-1, max-image-preview:large, max-video-preview:-1\" \/>\n<link rel=\"canonical\" href=\"https:\/\/fuentesfidedignas.com.mx\/index.php\/2023\/09\/11\/toman-protesta-a-directores-de-servicios-de-proteccion-y-servicios-de-apoyo\/\" \/>\n<meta property=\"og:locale\" content=\"es_MX\" \/>\n<meta property=\"og:type\" content=\"article\" \/>\n<meta property=\"og:title\" content=\"Toman protesta a directores de Servicios de Protecci\u00f3n y Servicios de Apoyo - Fuentes Fidedignas\" \/>\n<meta property=\"og:description\" content=\"Jes\u00fas Manuel Gastelo Hermosillo y X\u00f3chitl F\u00e9lix Cuadras fueron designados en dichas \u00e1reas Culiac\u00e1n, Sin.- El secretario de Seguridad P\u00fablica en Sinaloa, Gerardo M\u00e9rida S\u00e1nchez, tom\u00f3 protesta como director de Servicios de Protecci\u00f3n a Jes\u00fas Manuel Gastelo Hermosillo, a quien exhort\u00f3 a desempe\u00f1ar dicho cargo con responsabilidad. Acompa\u00f1ado por la subsecretaria de Estudios Proyectos y [&hellip;]\" \/>\n<meta property=\"og:url\" content=\"https:\/\/fuentesfidedignas.com.mx\/index.php\/2023\/09\/11\/toman-protesta-a-directores-de-servicios-de-proteccion-y-servicios-de-apoyo\/\" \/>\n<meta property=\"og:site_name\" content=\"Fuentes Fidedignas\" \/>\n<meta property=\"article:publisher\" content=\"https:\/\/www.facebook.com\/Fuentes-Fidedignas-368234489921644\" \/>\n<meta property=\"article:published_time\" content=\"2023-09-11T23:42:59+00:00\" \/>\n<meta property=\"article:modified_time\" content=\"2023-09-11T23:43:18+00:00\" \/>\n<meta property=\"og:image\" content=\"https:\/\/fuentesfidedignas.com.mx\/wp-content\/uploads\/2023\/09\/TOMA-DE-PROTESTA-2.jpeg\" \/>\n\t<meta property=\"og:image:width\" content=\"1280\" \/>\n\t<meta property=\"og:image:height\" content=\"720\" \/>\n\t<meta property=\"og:image:type\" content=\"image\/jpeg\" \/>\n<meta name=\"author\" content=\"Redacci\u00f3n\" \/>\n<meta name=\"twitter:card\" content=\"summary_large_image\" \/>\n<meta name=\"twitter:creator\" content=\"@fidedignas\" \/>\n<meta name=\"twitter:site\" content=\"@fidedignas\" \/>\n<meta name=\"twitter:label1\" content=\"Escrito por\" \/>\n\t<meta name=\"twitter:data1\" content=\"Redacci\u00f3n\" \/>\n\t<meta name=\"twitter:label2\" content=\"Tiempo de lectura\" \/>\n\t<meta name=\"twitter:data2\" content=\"1 minuto\" \/>\n<script type=\"application\/ld+json\" class=\"yoast-schema-graph\">{\"@context\":\"https:\\\/\\\/schema.org\",\"@graph\":[{\"@type\":\"Article\",\"@id\":\"https:\\\/\\\/fuentesfidedignas.com.mx\\\/index.php\\\/2023\\\/09\\\/11\\\/toman-protesta-a-directores-de-servicios-de-proteccion-y-servicios-de-apoyo\\\/#article\",\"isPartOf\":{\"@id\":\"https:\\\/\\\/fuentesfidedignas.com.mx\\\/index.php\\\/2023\\\/09\\\/11\\\/toman-protesta-a-directores-de-servicios-de-proteccion-y-servicios-de-apoyo\\\/\"},\"author\":{\"name\":\"Redacci\u00f3n\",\"@id\":\"https:\\\/\\\/fuentesfidedignas.com.mx\\\/#\\\/schema\\\/person\\\/331be9283d37198e2acd5750279085b0\"},\"headline\":\"Toman protesta a directores de Servicios de Protecci\u00f3n y Servicios de Apoyo\",\"datePublished\":\"2023-09-11T23:42:59+00:00\",\"dateModified\":\"2023-09-11T23:43:18+00:00\",\"mainEntityOfPage\":{\"@id\":\"https:\\\/\\\/fuentesfidedignas.com.mx\\\/index.php\\\/2023\\\/09\\\/11\\\/toman-protesta-a-directores-de-servicios-de-proteccion-y-servicios-de-apoyo\\\/\"},\"wordCount\":194,\"commentCount\":0,\"publisher\":{\"@id\":\"https:\\\/\\\/fuentesfidedignas.com.mx\\\/#organization\"},\"image\":{\"@id\":\"https:\\\/\\\/fuentesfidedignas.com.mx\\\/index.php\\\/2023\\\/09\\\/11\\\/toman-protesta-a-directores-de-servicios-de-proteccion-y-servicios-de-apoyo\\\/#primaryimage\"},\"thumbnailUrl\":\"https:\\\/\\\/fuentesfidedignas.com.mx\\\/wp-content\\\/uploads\\\/2023\\\/09\\\/TOMA-DE-PROTESTA-2.jpeg\",\"inLanguage\":\"es\",\"potentialAction\":[{\"@type\":\"CommentAction\",\"name\":\"Comment\",\"target\":[\"https:\\\/\\\/fuentesfidedignas.com.mx\\\/index.php\\\/2023\\\/09\\\/11\\\/toman-protesta-a-directores-de-servicios-de-proteccion-y-servicios-de-apoyo\\\/#respond\"]}]},{\"@type\":\"WebPage\",\"@id\":\"https:\\\/\\\/fuentesfidedignas.com.mx\\\/index.php\\\/2023\\\/09\\\/11\\\/toman-protesta-a-directores-de-servicios-de-proteccion-y-servicios-de-apoyo\\\/\",\"url\":\"https:\\\/\\\/fuentesfidedignas.com.mx\\\/index.php\\\/2023\\\/09\\\/11\\\/toman-protesta-a-directores-de-servicios-de-proteccion-y-servicios-de-apoyo\\\/\",\"name\":\"Toman protesta a directores de Servicios de Protecci\u00f3n y Servicios de Apoyo - Fuentes Fidedignas\",\"isPartOf\":{\"@id\":\"https:\\\/\\\/fuentesfidedignas.com.mx\\\/#website\"},\"primaryImageOfPage\":{\"@id\":\"https:\\\/\\\/fuentesfidedignas.com.mx\\\/index.php\\\/2023\\\/09\\\/11\\\/toman-protesta-a-directores-de-servicios-de-proteccion-y-servicios-de-apoyo\\\/#primaryimage\"},\"image\":{\"@id\":\"https:\\\/\\\/fuentesfidedignas.com.mx\\\/index.php\\\/2023\\\/09\\\/11\\\/toman-protesta-a-directores-de-servicios-de-proteccion-y-servicios-de-apoyo\\\/#primaryimage\"},\"thumbnailUrl\":\"https:\\\/\\\/fuentesfidedignas.com.mx\\\/wp-content\\\/uploads\\\/2023\\\/09\\\/TOMA-DE-PROTESTA-2.jpeg\",\"datePublished\":\"2023-09-11T23:42:59+00:00\",\"dateModified\":\"2023-09-11T23:43:18+00:00\",\"breadcrumb\":{\"@id\":\"https:\\\/\\\/fuentesfidedignas.com.mx\\\/index.php\\\/2023\\\/09\\\/11\\\/toman-protesta-a-directores-de-servicios-de-proteccion-y-servicios-de-apoyo\\\/#breadcrumb\"},\"inLanguage\":\"es\",\"potentialAction\":[{\"@type\":\"ReadAction\",\"target\":[\"https:\\\/\\\/fuentesfidedignas.com.mx\\\/index.php\\\/2023\\\/09\\\/11\\\/toman-protesta-a-directores-de-servicios-de-proteccion-y-servicios-de-apoyo\\\/\"]}]},{\"@type\":\"ImageObject\",\"inLanguage\":\"es\",\"@id\":\"https:\\\/\\\/fuentesfidedignas.com.mx\\\/index.php\\\/2023\\\/09\\\/11\\\/toman-protesta-a-directores-de-servicios-de-proteccion-y-servicios-de-apoyo\\\/#primaryimage\",\"url\":\"https:\\\/\\\/fuentesfidedignas.com.mx\\\/wp-content\\\/uploads\\\/2023\\\/09\\\/TOMA-DE-PROTESTA-2.jpeg\",\"contentUrl\":\"https:\\\/\\\/fuentesfidedignas.com.mx\\\/wp-content\\\/uploads\\\/2023\\\/09\\\/TOMA-DE-PROTESTA-2.jpeg\",\"width\":1280,\"height\":720},{\"@type\":\"BreadcrumbList\",\"@id\":\"https:\\\/\\\/fuentesfidedignas.com.mx\\\/index.php\\\/2023\\\/09\\\/11\\\/toman-protesta-a-directores-de-servicios-de-proteccion-y-servicios-de-apoyo\\\/#breadcrumb\",\"itemListElement\":[{\"@type\":\"ListItem\",\"position\":1,\"name\":\"Inicio\",\"item\":\"https:\\\/\\\/fuentesfidedignas.com.mx\\\/\"},{\"@type\":\"ListItem\",\"position\":2,\"name\":\"Toman protesta a directores de Servicios de Protecci\u00f3n y Servicios de Apoyo\"}]},{\"@type\":\"WebSite\",\"@id\":\"https:\\\/\\\/fuentesfidedignas.com.mx\\\/#website\",\"url\":\"https:\\\/\\\/fuentesfidedignas.com.mx\\\/\",\"name\":\"Fuentes Fidedignas\",\"description\":\"Otro sitio realizado con WordPress\",\"publisher\":{\"@id\":\"https:\\\/\\\/fuentesfidedignas.com.mx\\\/#organization\"},\"potentialAction\":[{\"@type\":\"SearchAction\",\"target\":{\"@type\":\"EntryPoint\",\"urlTemplate\":\"https:\\\/\\\/fuentesfidedignas.com.mx\\\/?s={search_term_string}\"},\"query-input\":{\"@type\":\"PropertyValueSpecification\",\"valueRequired\":true,\"valueName\":\"search_term_string\"}}],\"inLanguage\":\"es\"},{\"@type\":\"Organization\",\"@id\":\"https:\\\/\\\/fuentesfidedignas.com.mx\\\/#organization\",\"name\":\"Fuentes Fidedignas\",\"url\":\"https:\\\/\\\/fuentesfidedignas.com.mx\\\/\",\"logo\":{\"@type\":\"ImageObject\",\"inLanguage\":\"es\",\"@id\":\"https:\\\/\\\/fuentesfidedignas.com.mx\\\/#\\\/schema\\\/logo\\\/image\\\/\",\"url\":\"https:\\\/\\\/fuentesfidedignas.com.mx\\\/wp-content\\\/uploads\\\/2021\\\/04\\\/logo-retina.png\",\"contentUrl\":\"https:\\\/\\\/fuentesfidedignas.com.mx\\\/wp-content\\\/uploads\\\/2021\\\/04\\\/logo-retina.png\",\"width\":280,\"height\":51,\"caption\":\"Fuentes Fidedignas\"},\"image\":{\"@id\":\"https:\\\/\\\/fuentesfidedignas.com.mx\\\/#\\\/schema\\\/logo\\\/image\\\/\"},\"sameAs\":[\"https:\\\/\\\/www.facebook.com\\\/Fuentes-Fidedignas-368234489921644\",\"https:\\\/\\\/x.com\\\/fidedignas\"]},{\"@type\":\"Person\",\"@id\":\"https:\\\/\\\/fuentesfidedignas.com.mx\\\/#\\\/schema\\\/person\\\/331be9283d37198e2acd5750279085b0\",\"name\":\"Redacci\u00f3n\",\"image\":{\"@type\":\"ImageObject\",\"inLanguage\":\"es\",\"@id\":\"https:\\\/\\\/secure.gravatar.com\\\/avatar\\\/f6d8782c11d12b2d4ad3fbb6931aeab5309937a4d6cd2fc9cfaa28a6396a5aec?s=96&d=mm&r=g\",\"url\":\"https:\\\/\\\/secure.gravatar.com\\\/avatar\\\/f6d8782c11d12b2d4ad3fbb6931aeab5309937a4d6cd2fc9cfaa28a6396a5aec?s=96&d=mm&r=g\",\"contentUrl\":\"https:\\\/\\\/secure.gravatar.com\\\/avatar\\\/f6d8782c11d12b2d4ad3fbb6931aeab5309937a4d6cd2fc9cfaa28a6396a5aec?s=96&d=mm&r=g\",\"caption\":\"Redacci\u00f3n\"},\"url\":\"https:\\\/\\\/fuentesfidedignas.com.mx\\\/index.php\\\/author\\\/redaccion\\\/\"}]}<\/script>\n<!-- \/ Yoast SEO plugin. -->","yoast_head_json":{"title":"Toman protesta a directores de Servicios de Protecci\u00f3n y Servicios de Apoyo - Fuentes Fidedignas","robots":{"index":"index","follow":"follow","max-snippet":"max-snippet:-1","max-image-preview":"max-image-preview:large","max-video-preview":"max-video-preview:-1"},"canonical":"https:\/\/fuentesfidedignas.com.mx\/index.php\/2023\/09\/11\/toman-protesta-a-directores-de-servicios-de-proteccion-y-servicios-de-apoyo\/","og_locale":"es_MX","og_type":"article","og_title":"Toman protesta a directores de Servicios de Protecci\u00f3n y Servicios de Apoyo - Fuentes Fidedignas","og_description":"Jes\u00fas Manuel Gastelo Hermosillo y X\u00f3chitl F\u00e9lix Cuadras fueron designados en dichas \u00e1reas Culiac\u00e1n, Sin.- El secretario de Seguridad P\u00fablica en Sinaloa, Gerardo M\u00e9rida S\u00e1nchez, tom\u00f3 protesta como director de Servicios de Protecci\u00f3n a Jes\u00fas Manuel Gastelo Hermosillo, a quien exhort\u00f3 a desempe\u00f1ar dicho cargo con responsabilidad. Acompa\u00f1ado por la subsecretaria de Estudios Proyectos y [&hellip;]","og_url":"https:\/\/fuentesfidedignas.com.mx\/index.php\/2023\/09\/11\/toman-protesta-a-directores-de-servicios-de-proteccion-y-servicios-de-apoyo\/","og_site_name":"Fuentes Fidedignas","article_publisher":"https:\/\/www.facebook.com\/Fuentes-Fidedignas-368234489921644","article_published_time":"2023-09-11T23:42:59+00:00","article_modified_time":"2023-09-11T23:43:18+00:00","og_image":[{"width":1280,"height":720,"url":"https:\/\/fuentesfidedignas.com.mx\/wp-content\/uploads\/2023\/09\/TOMA-DE-PROTESTA-2.jpeg","type":"image\/jpeg"}],"author":"Redacci\u00f3n","twitter_card":"summary_large_image","twitter_creator":"@fidedignas","twitter_site":"@fidedignas","twitter_misc":{"Escrito por":"Redacci\u00f3n","Tiempo de lectura":"1 minuto"},"schema":{"@context":"https:\/\/schema.org","@graph":[{"@type":"Article","@id":"https:\/\/fuentesfidedignas.com.mx\/index.php\/2023\/09\/11\/toman-protesta-a-directores-de-servicios-de-proteccion-y-servicios-de-apoyo\/#article","isPartOf":{"@id":"https:\/\/fuentesfidedignas.com.mx\/index.php\/2023\/09\/11\/toman-protesta-a-directores-de-servicios-de-proteccion-y-servicios-de-apoyo\/"},"author":{"name":"Redacci\u00f3n","@id":"https:\/\/fuentesfidedignas.com.mx\/#\/schema\/person\/331be9283d37198e2acd5750279085b0"},"headline":"Toman protesta a directores de Servicios de Protecci\u00f3n y Servicios de Apoyo","datePublished":"2023-09-11T23:42:59+00:00","dateModified":"2023-09-11T23:43:18+00:00","mainEntityOfPage":{"@id":"https:\/\/fuentesfidedignas.com.mx\/index.php\/2023\/09\/11\/toman-protesta-a-directores-de-servicios-de-proteccion-y-servicios-de-apoyo\/"},"wordCount":194,"commentCount":0,"publisher":{"@id":"https:\/\/fuentesfidedignas.com.mx\/#organization"},"image":{"@id":"https:\/\/fuentesfidedignas.com.mx\/index.php\/2023\/09\/11\/toman-protesta-a-directores-de-servicios-de-proteccion-y-servicios-de-apoyo\/#primaryimage"},"thumbnailUrl":"https:\/\/fuentesfidedignas.com.mx\/wp-content\/uploads\/2023\/09\/TOMA-DE-PROTESTA-2.jpeg","inLanguage":"es","potentialAction":[{"@type":"CommentAction","name":"Comment","target":["https:\/\/fuentesfidedignas.com.mx\/index.php\/2023\/09\/11\/toman-protesta-a-directores-de-servicios-de-proteccion-y-servicios-de-apoyo\/#respond"]}]},{"@type":"WebPage","@id":"https:\/\/fuentesfidedignas.com.mx\/index.php\/2023\/09\/11\/toman-protesta-a-directores-de-servicios-de-proteccion-y-servicios-de-apoyo\/","url":"https:\/\/fuentesfidedignas.com.mx\/index.php\/2023\/09\/11\/toman-protesta-a-directores-de-servicios-de-proteccion-y-servicios-de-apoyo\/","name":"Toman protesta a directores de Servicios de Protecci\u00f3n y Servicios de Apoyo - Fuentes Fidedignas","isPartOf":{"@id":"https:\/\/fuentesfidedignas.com.mx\/#website"},"primaryImageOfPage":{"@id":"https:\/\/fuentesfidedignas.com.mx\/index.php\/2023\/09\/11\/toman-protesta-a-directores-de-servicios-de-proteccion-y-servicios-de-apoyo\/#primaryimage"},"image":{"@id":"https:\/\/fuentesfidedignas.com.mx\/index.php\/2023\/09\/11\/toman-protesta-a-directores-de-servicios-de-proteccion-y-servicios-de-apoyo\/#primaryimage"},"thumbnailUrl":"https:\/\/fuentesfidedignas.com.mx\/wp-content\/uploads\/2023\/09\/TOMA-DE-PROTESTA-2.jpeg","datePublished":"2023-09-11T23:42:59+00:00","dateModified":"2023-09-11T23:43:18+00:00","breadcrumb":{"@id":"https:\/\/fuentesfidedignas.com.mx\/index.php\/2023\/09\/11\/toman-protesta-a-directores-de-servicios-de-proteccion-y-servicios-de-apoyo\/#breadcrumb"},"inLanguage":"es","potentialAction":[{"@type":"ReadAction","target":["https:\/\/fuentesfidedignas.com.mx\/index.php\/2023\/09\/11\/toman-protesta-a-directores-de-servicios-de-proteccion-y-servicios-de-apoyo\/"]}]},{"@type":"ImageObject","inLanguage":"es","@id":"https:\/\/fuentesfidedignas.com.mx\/index.php\/2023\/09\/11\/toman-protesta-a-directores-de-servicios-de-proteccion-y-servicios-de-apoyo\/#primaryimage","url":"https:\/\/fuentesfidedignas.com.mx\/wp-content\/uploads\/2023\/09\/TOMA-DE-PROTESTA-2.jpeg","contentUrl":"https:\/\/fuentesfidedignas.com.mx\/wp-content\/uploads\/2023\/09\/TOMA-DE-PROTESTA-2.jpeg","width":1280,"height":720},{"@type":"BreadcrumbList","@id":"https:\/\/fuentesfidedignas.com.mx\/index.php\/2023\/09\/11\/toman-protesta-a-directores-de-servicios-de-proteccion-y-servicios-de-apoyo\/#breadcrumb","itemListElement":[{"@type":"ListItem","position":1,"name":"Inicio","item":"https:\/\/fuentesfidedignas.com.mx\/"},{"@type":"ListItem","position":2,"name":"Toman protesta a directores de Servicios de Protecci\u00f3n y Servicios de Apoyo"}]},{"@type":"WebSite","@id":"https:\/\/fuentesfidedignas.com.mx\/#website","url":"https:\/\/fuentesfidedignas.com.mx\/","name":"Fuentes Fidedignas","description":"Otro sitio realizado con WordPress","publisher":{"@id":"https:\/\/fuentesfidedignas.com.mx\/#organization"},"potentialAction":[{"@type":"SearchAction","target":{"@type":"EntryPoint","urlTemplate":"https:\/\/fuentesfidedignas.com.mx\/?s={search_term_string}"},"query-input":{"@type":"PropertyValueSpecification","valueRequired":true,"valueName":"search_term_string"}}],"inLanguage":"es"},{"@type":"Organization","@id":"https:\/\/fuentesfidedignas.com.mx\/#organization","name":"Fuentes Fidedignas","url":"https:\/\/fuentesfidedignas.com.mx\/","logo":{"@type":"ImageObject","inLanguage":"es","@id":"https:\/\/fuentesfidedignas.com.mx\/#\/schema\/logo\/image\/","url":"https:\/\/fuentesfidedignas.com.mx\/wp-content\/uploads\/2021\/04\/logo-retina.png","contentUrl":"https:\/\/fuentesfidedignas.com.mx\/wp-content\/uploads\/2021\/04\/logo-retina.png","width":280,"height":51,"caption":"Fuentes Fidedignas"},"image":{"@id":"https:\/\/fuentesfidedignas.com.mx\/#\/schema\/logo\/image\/"},"sameAs":["https:\/\/www.facebook.com\/Fuentes-Fidedignas-368234489921644","https:\/\/x.com\/fidedignas"]},{"@type":"Person","@id":"https:\/\/fuentesfidedignas.com.mx\/#\/schema\/person\/331be9283d37198e2acd5750279085b0","name":"Redacci\u00f3n","image":{"@type":"ImageObject","inLanguage":"es","@id":"https:\/\/secure.gravatar.com\/avatar\/f6d8782c11d12b2d4ad3fbb6931aeab5309937a4d6cd2fc9cfaa28a6396a5aec?s=96&d=mm&r=g","url":"https:\/\/secure.gravatar.com\/avatar\/f6d8782c11d12b2d4ad3fbb6931aeab5309937a4d6cd2fc9cfaa28a6396a5aec?s=96&d=mm&r=g","contentUrl":"https:\/\/secure.gravatar.com\/avatar\/f6d8782c11d12b2d4ad3fbb6931aeab5309937a4d6cd2fc9cfaa28a6396a5aec?s=96&d=mm&r=g","caption":"Redacci\u00f3n"},"url":"https:\/\/fuentesfidedignas.com.mx\/index.php\/author\/redaccion\/"}]}},"_links":{"self":[{"href":"https:\/\/fuentesfidedignas.com.mx\/index.php\/wp-json\/wp\/v2\/posts\/58623","targetHints":{"allow":["GET"]}}],"collection":[{"href":"https:\/\/fuentesfidedignas.com.mx\/index.php\/wp-json\/wp\/v2\/posts"}],"about":[{"href":"https:\/\/fuentesfidedignas.com.mx\/index.php\/wp-json\/wp\/v2\/types\/post"}],"author":[{"embeddable":true,"href":"https:\/\/fuentesfidedignas.com.mx\/index.php\/wp-json\/wp\/v2\/users\/4"}],"replies":[{"embeddable":true,"href":"https:\/\/fuentesfidedignas.com.mx\/index.php\/wp-json\/wp\/v2\/comments?post=58623"}],"version-history":[{"count":1,"href":"https:\/\/fuentesfidedignas.com.mx\/index.php\/wp-json\/wp\/v2\/posts\/58623\/revisions"}],"predecessor-version":[{"id":58627,"href":"https:\/\/fuentesfidedignas.com.mx\/index.php\/wp-json\/wp\/v2\/posts\/58623\/revisions\/58627"}],"wp:featuredmedia":[{"embeddable":true,"href":"https:\/\/fuentesfidedignas.com.mx\/index.php\/wp-json\/wp\/v2\/media\/58626"}],"wp:attachment":[{"href":"https:\/\/fuentesfidedignas.com.mx\/index.php\/wp-json\/wp\/v2\/media?parent=58623"}],"wp:term":[{"taxonomy":"category","embeddable":true,"href":"https:\/\/fuentesfidedignas.com.mx\/index.php\/wp-json\/wp\/v2\/categories?post=58623"},{"taxonomy":"post_tag","embeddable":true,"href":"https:\/\/fuentesfidedignas.com.mx\/index.php\/wp-json\/wp\/v2\/tags?post=58623"}],"curies":[{"name":"wp","href":"https:\/\/api.w.org\/{rel}","templated":true}]}}