{"id":58612,"date":"2023-09-11T16:28:15","date_gmt":"2023-09-11T23:28:15","guid":{"rendered":"https:\/\/fuentesfidedignas.com.mx\/?p=58612"},"modified":"2023-09-11T16:30:23","modified_gmt":"2023-09-11T23:30:23","slug":"universitarios-protestan-en-la-fiscalia-estatal-advierten-un-paro-si-se-resuelve-destituir-al-rector-de-la-uas","status":"publish","type":"post","link":"https:\/\/fuentesfidedignas.com.mx\/index.php\/2023\/09\/11\/universitarios-protestan-en-la-fiscalia-estatal-advierten-un-paro-si-se-resuelve-destituir-al-rector-de-la-uas\/","title":{"rendered":"Universitarios protestan en la Fiscal\u00eda; advierten con paro si destituyen al rector de la UAS"},"content":{"rendered":"\n<p><strong><em>Desde las 8:00 horas ya se notaba la presencia de los universitarios que fueron encabezados por los l\u00edderes sindicales del SUNTUAS Acad\u00e9micos y Administrativos y de Intendencia<\/em><\/strong><\/p>\n\n\n\n<p>Culiac\u00e1n, Sin.- Ante la parcialidad y las inconsistencias que se han presentado durante las audiencias en contra del Rector de la Universidad Aut\u00f3noma de Sinaloa (UAS), Jes\u00fas Madue\u00f1a Molina y funcionarios universitarios, cientos de trabajadores de la Casa Rosalina realizaron una manifestaci\u00f3n pac\u00edfica y en\u00e9rgica frente a la Fiscal\u00eda General del Estado (FGE) y simult\u00e1nea en las cuatro unidades regionales y advirtieron que si en la pr\u00f3xima audiencia en contra del Rector se resuelve destituirlo de su cargo se paralizar\u00e1 todo el estado.<\/p>\n\n\n\n<p>Desde las 8:00 horas ya se notaba la presencia de los universitarios que fueron encabezados por los l\u00edderes sindicales del SUNTUAS Acad\u00e9micos y Administrativos y de Intendencia, maestros Jos\u00e9 Carlos Aceves Tamayo y Maricela Guadalupe P\u00e9rez Carrillo, \u00e9stos entregaron un documento dirigido a la Fiscal, Sara Bruna Qui\u00f1\u00f3nez, para manifestarle un \u201cextra\u00f1amiento\u201d a la dependencia que dirige por las conductas que lesionan a la instituci\u00f3n a trav\u00e9s de integrar \u201ccarpetas de investigaci\u00f3n que no cumplen con los principios de imparcialidad, confiabilidad, de lealtad y buena fe en la procuraci\u00f3n de justicia\u201d.<\/p>\n\n\n\n<p>\u201cLe solicitamos de forma pac\u00edfica, pero en\u00e9rgica, abstenerse de realizar manifestaciones contra funcionarios de la UAS, de manera particular del Rector, doctor Jes\u00fas Madue\u00f1a Molina, las cuales est\u00e1n fuera de lugar y muestran una intencionalidad que afecta el correcto Estado de Derecho\u201d, ley\u00f3 Aceves Tamayo despu\u00e9s de entregar el oficio.<\/p>\n\n\n\n<figure class=\"wp-block-gallery has-nested-images columns-default is-cropped wp-block-gallery-1 is-layout-flex wp-block-gallery-is-layout-flex\">\n<figure class=\"wp-block-image size-large\"><img decoding=\"async\" width=\"1024\" height=\"683\" data-id=\"58616\" src=\"https:\/\/fuentesfidedignas.com.mx\/wp-content\/uploads\/2023\/09\/11-SEPTIEMBRE-ENTEGA-DE-DOCUMENTO-A-LA-FISCALIA-69-min-1024x683.jpg\" alt=\"\" class=\"wp-image-58616\" srcset=\"https:\/\/fuentesfidedignas.com.mx\/wp-content\/uploads\/2023\/09\/11-SEPTIEMBRE-ENTEGA-DE-DOCUMENTO-A-LA-FISCALIA-69-min-1024x683.jpg 1024w, https:\/\/fuentesfidedignas.com.mx\/wp-content\/uploads\/2023\/09\/11-SEPTIEMBRE-ENTEGA-DE-DOCUMENTO-A-LA-FISCALIA-69-min-300x200.jpg 300w, https:\/\/fuentesfidedignas.com.mx\/wp-content\/uploads\/2023\/09\/11-SEPTIEMBRE-ENTEGA-DE-DOCUMENTO-A-LA-FISCALIA-69-min-768x512.jpg 768w, https:\/\/fuentesfidedignas.com.mx\/wp-content\/uploads\/2023\/09\/11-SEPTIEMBRE-ENTEGA-DE-DOCUMENTO-A-LA-FISCALIA-69-min-1536x1024.jpg 1536w, https:\/\/fuentesfidedignas.com.mx\/wp-content\/uploads\/2023\/09\/11-SEPTIEMBRE-ENTEGA-DE-DOCUMENTO-A-LA-FISCALIA-69-min-2048x1365.jpg 2048w, https:\/\/fuentesfidedignas.com.mx\/wp-content\/uploads\/2023\/09\/11-SEPTIEMBRE-ENTEGA-DE-DOCUMENTO-A-LA-FISCALIA-69-min-696x464.jpg 696w, https:\/\/fuentesfidedignas.com.mx\/wp-content\/uploads\/2023\/09\/11-SEPTIEMBRE-ENTEGA-DE-DOCUMENTO-A-LA-FISCALIA-69-min-1068x712.jpg 1068w, https:\/\/fuentesfidedignas.com.mx\/wp-content\/uploads\/2023\/09\/11-SEPTIEMBRE-ENTEGA-DE-DOCUMENTO-A-LA-FISCALIA-69-min-1920x1280.jpg 1920w, https:\/\/fuentesfidedignas.com.mx\/wp-content\/uploads\/2023\/09\/11-SEPTIEMBRE-ENTEGA-DE-DOCUMENTO-A-LA-FISCALIA-69-min-630x420.jpg 630w\" sizes=\"(max-width: 1024px) 100vw, 1024px\" \/><\/figure>\n\n\n\n<figure class=\"wp-block-image size-large\"><img decoding=\"async\" width=\"1024\" height=\"683\" data-id=\"58619\" src=\"https:\/\/fuentesfidedignas.com.mx\/wp-content\/uploads\/2023\/09\/11-SEPTIEMBRE-ENTEGA-DE-DOCUMENTO-A-LA-FISCALIA-63-min-1024x683.jpg\" alt=\"\" class=\"wp-image-58619\" srcset=\"https:\/\/fuentesfidedignas.com.mx\/wp-content\/uploads\/2023\/09\/11-SEPTIEMBRE-ENTEGA-DE-DOCUMENTO-A-LA-FISCALIA-63-min-1024x683.jpg 1024w, https:\/\/fuentesfidedignas.com.mx\/wp-content\/uploads\/2023\/09\/11-SEPTIEMBRE-ENTEGA-DE-DOCUMENTO-A-LA-FISCALIA-63-min-300x200.jpg 300w, https:\/\/fuentesfidedignas.com.mx\/wp-content\/uploads\/2023\/09\/11-SEPTIEMBRE-ENTEGA-DE-DOCUMENTO-A-LA-FISCALIA-63-min-768x512.jpg 768w, https:\/\/fuentesfidedignas.com.mx\/wp-content\/uploads\/2023\/09\/11-SEPTIEMBRE-ENTEGA-DE-DOCUMENTO-A-LA-FISCALIA-63-min-1536x1024.jpg 1536w, https:\/\/fuentesfidedignas.com.mx\/wp-content\/uploads\/2023\/09\/11-SEPTIEMBRE-ENTEGA-DE-DOCUMENTO-A-LA-FISCALIA-63-min-2048x1365.jpg 2048w, https:\/\/fuentesfidedignas.com.mx\/wp-content\/uploads\/2023\/09\/11-SEPTIEMBRE-ENTEGA-DE-DOCUMENTO-A-LA-FISCALIA-63-min-696x464.jpg 696w, https:\/\/fuentesfidedignas.com.mx\/wp-content\/uploads\/2023\/09\/11-SEPTIEMBRE-ENTEGA-DE-DOCUMENTO-A-LA-FISCALIA-63-min-1068x712.jpg 1068w, https:\/\/fuentesfidedignas.com.mx\/wp-content\/uploads\/2023\/09\/11-SEPTIEMBRE-ENTEGA-DE-DOCUMENTO-A-LA-FISCALIA-63-min-1920x1280.jpg 1920w, https:\/\/fuentesfidedignas.com.mx\/wp-content\/uploads\/2023\/09\/11-SEPTIEMBRE-ENTEGA-DE-DOCUMENTO-A-LA-FISCALIA-63-min-630x420.jpg 630w\" sizes=\"(max-width: 1024px) 100vw, 1024px\" \/><\/figure>\n\n\n\n<figure class=\"wp-block-image size-large\"><img decoding=\"async\" width=\"1024\" height=\"683\" data-id=\"58613\" src=\"https:\/\/fuentesfidedignas.com.mx\/wp-content\/uploads\/2023\/09\/11-SEPTIEMBRE-ENTEGA-DE-DOCUMENTO-A-LA-FISCALIA-23-min-1024x683.jpg\" alt=\"\" class=\"wp-image-58613\" srcset=\"https:\/\/fuentesfidedignas.com.mx\/wp-content\/uploads\/2023\/09\/11-SEPTIEMBRE-ENTEGA-DE-DOCUMENTO-A-LA-FISCALIA-23-min-1024x683.jpg 1024w, https:\/\/fuentesfidedignas.com.mx\/wp-content\/uploads\/2023\/09\/11-SEPTIEMBRE-ENTEGA-DE-DOCUMENTO-A-LA-FISCALIA-23-min-300x200.jpg 300w, https:\/\/fuentesfidedignas.com.mx\/wp-content\/uploads\/2023\/09\/11-SEPTIEMBRE-ENTEGA-DE-DOCUMENTO-A-LA-FISCALIA-23-min-768x512.jpg 768w, https:\/\/fuentesfidedignas.com.mx\/wp-content\/uploads\/2023\/09\/11-SEPTIEMBRE-ENTEGA-DE-DOCUMENTO-A-LA-FISCALIA-23-min-1536x1024.jpg 1536w, https:\/\/fuentesfidedignas.com.mx\/wp-content\/uploads\/2023\/09\/11-SEPTIEMBRE-ENTEGA-DE-DOCUMENTO-A-LA-FISCALIA-23-min-2048x1365.jpg 2048w, https:\/\/fuentesfidedignas.com.mx\/wp-content\/uploads\/2023\/09\/11-SEPTIEMBRE-ENTEGA-DE-DOCUMENTO-A-LA-FISCALIA-23-min-696x464.jpg 696w, https:\/\/fuentesfidedignas.com.mx\/wp-content\/uploads\/2023\/09\/11-SEPTIEMBRE-ENTEGA-DE-DOCUMENTO-A-LA-FISCALIA-23-min-1068x712.jpg 1068w, https:\/\/fuentesfidedignas.com.mx\/wp-content\/uploads\/2023\/09\/11-SEPTIEMBRE-ENTEGA-DE-DOCUMENTO-A-LA-FISCALIA-23-min-1920x1280.jpg 1920w, https:\/\/fuentesfidedignas.com.mx\/wp-content\/uploads\/2023\/09\/11-SEPTIEMBRE-ENTEGA-DE-DOCUMENTO-A-LA-FISCALIA-23-min-630x420.jpg 630w\" sizes=\"(max-width: 1024px) 100vw, 1024px\" \/><\/figure>\n<\/figure>\n\n\n\n<p>Pidieron que las denuncias, que son prioridad en la agenda de la Fiscal\u00eda, \u201cse realicen apegadas a la realidad material y jur\u00eddica\u201d, que se apeguen a derecho y se deje por fuera todo inter\u00e9s pol\u00edtico ajeno a la educaci\u00f3n p\u00fablica.<\/p>\n\n\n\n<p>Aceves Tamayo al salir agradeci\u00f3 a los universitarios su presencia y apoyo para que la movilizaci\u00f3n fuera contundente y enfatiz\u00f3 que han sido respetuosos hasta el exceso, pero tristemente lo que se est\u00e1 fomentando en el Estado de Sinaloa y la funci\u00f3n de la Fiscal est\u00e1 presionando y hostigando a universitarios distinguidos por lo que pidi\u00f3 que est\u00e9n listos para lo que venga, sobre todo el d\u00eda 13 de agosto en la audiencia contra el Rector y Comit\u00e9 de Adquisiciones.<\/p>\n\n\n\n<p>As\u00ed mismo lament\u00f3 que tanto los estudiantes como los trabajadores de la UAS y la sociedad en general sean los afectados en esta problem\u00e1tica que es pol\u00edtica y no educativa, y precis\u00f3 que, con esta manifestaci\u00f3n, que se extendi\u00f3 hasta las 9:45 horas y con la cual se bloque\u00f3 la circulaci\u00f3n en ambos sentidos del Boulevard Enrique S\u00e1nchez Alonso por poco m\u00e1s de una hora, no se interrumpieron ni clases ni labores administrativas.<\/p>\n\n\n\n<p>Expuso que ven con extra\u00f1eza que, a partir de quererse implementar la Ley de Educaci\u00f3n Superior del Estado de Sinaloa, la cual violenta principios de la Autonom\u00eda Universitaria y que ya fue se\u00f1alado as\u00ed por Jueces de Distrito se viene una embestida en contra de la UAS, ya que est\u00e1n alterando la estabilidad y el buen funcionamiento de una instituci\u00f3n tan grande que s\u00ed es auditada.<\/p>\n\n\n\n<p>\u201cSi el d\u00eda mi\u00e9rcoles en la audiencia que tiene el Rector y algunos funcionarios se atreven a solicitar como Fiscal\u00eda una medida cautelar para retirar de funciones a nuestro Rector (\u2026) nosotros sabremos defender porque no estamos defendiendo s\u00f3lo los intereses del Rector estamos defendiendo a toda la comunidad, a toda la juventud sinaloense y a la sociedad en general\u201d, dijo, al agregar que se est\u00e1 en buen momento para seguir buscando el di\u00e1logo y encontrar puntos de acuerdo y para que no prevalezca el abuso de poder por parte de Gobierno del Estado.<\/p>\n\n\n\n<figure class=\"wp-block-gallery has-nested-images columns-default is-cropped wp-block-gallery-2 is-layout-flex wp-block-gallery-is-layout-flex\">\n<figure class=\"wp-block-image size-large\"><img decoding=\"async\" width=\"1024\" height=\"683\" data-id=\"58618\" src=\"https:\/\/fuentesfidedignas.com.mx\/wp-content\/uploads\/2023\/09\/11-SEPTIEMBRE-ENTEGA-DE-DOCUMENTO-A-LA-FISCALIA-42-min-1024x683.jpg\" alt=\"\" class=\"wp-image-58618\" srcset=\"https:\/\/fuentesfidedignas.com.mx\/wp-content\/uploads\/2023\/09\/11-SEPTIEMBRE-ENTEGA-DE-DOCUMENTO-A-LA-FISCALIA-42-min-1024x683.jpg 1024w, https:\/\/fuentesfidedignas.com.mx\/wp-content\/uploads\/2023\/09\/11-SEPTIEMBRE-ENTEGA-DE-DOCUMENTO-A-LA-FISCALIA-42-min-300x200.jpg 300w, https:\/\/fuentesfidedignas.com.mx\/wp-content\/uploads\/2023\/09\/11-SEPTIEMBRE-ENTEGA-DE-DOCUMENTO-A-LA-FISCALIA-42-min-768x512.jpg 768w, https:\/\/fuentesfidedignas.com.mx\/wp-content\/uploads\/2023\/09\/11-SEPTIEMBRE-ENTEGA-DE-DOCUMENTO-A-LA-FISCALIA-42-min-1536x1024.jpg 1536w, https:\/\/fuentesfidedignas.com.mx\/wp-content\/uploads\/2023\/09\/11-SEPTIEMBRE-ENTEGA-DE-DOCUMENTO-A-LA-FISCALIA-42-min-2048x1365.jpg 2048w, https:\/\/fuentesfidedignas.com.mx\/wp-content\/uploads\/2023\/09\/11-SEPTIEMBRE-ENTEGA-DE-DOCUMENTO-A-LA-FISCALIA-42-min-696x464.jpg 696w, https:\/\/fuentesfidedignas.com.mx\/wp-content\/uploads\/2023\/09\/11-SEPTIEMBRE-ENTEGA-DE-DOCUMENTO-A-LA-FISCALIA-42-min-1068x712.jpg 1068w, https:\/\/fuentesfidedignas.com.mx\/wp-content\/uploads\/2023\/09\/11-SEPTIEMBRE-ENTEGA-DE-DOCUMENTO-A-LA-FISCALIA-42-min-1920x1280.jpg 1920w, https:\/\/fuentesfidedignas.com.mx\/wp-content\/uploads\/2023\/09\/11-SEPTIEMBRE-ENTEGA-DE-DOCUMENTO-A-LA-FISCALIA-42-min-630x420.jpg 630w\" sizes=\"(max-width: 1024px) 100vw, 1024px\" \/><\/figure>\n\n\n\n<figure class=\"wp-block-image size-large\"><img decoding=\"async\" width=\"1024\" height=\"683\" data-id=\"58617\" src=\"https:\/\/fuentesfidedignas.com.mx\/wp-content\/uploads\/2023\/09\/11-SEPTIEMBRE-ENTEGA-DE-DOCUMENTO-A-LA-FISCALIA-32-min-1-1024x683.jpg\" alt=\"\" class=\"wp-image-58617\" srcset=\"https:\/\/fuentesfidedignas.com.mx\/wp-content\/uploads\/2023\/09\/11-SEPTIEMBRE-ENTEGA-DE-DOCUMENTO-A-LA-FISCALIA-32-min-1-1024x683.jpg 1024w, https:\/\/fuentesfidedignas.com.mx\/wp-content\/uploads\/2023\/09\/11-SEPTIEMBRE-ENTEGA-DE-DOCUMENTO-A-LA-FISCALIA-32-min-1-300x200.jpg 300w, https:\/\/fuentesfidedignas.com.mx\/wp-content\/uploads\/2023\/09\/11-SEPTIEMBRE-ENTEGA-DE-DOCUMENTO-A-LA-FISCALIA-32-min-1-768x512.jpg 768w, https:\/\/fuentesfidedignas.com.mx\/wp-content\/uploads\/2023\/09\/11-SEPTIEMBRE-ENTEGA-DE-DOCUMENTO-A-LA-FISCALIA-32-min-1-1536x1024.jpg 1536w, https:\/\/fuentesfidedignas.com.mx\/wp-content\/uploads\/2023\/09\/11-SEPTIEMBRE-ENTEGA-DE-DOCUMENTO-A-LA-FISCALIA-32-min-1-2048x1365.jpg 2048w, https:\/\/fuentesfidedignas.com.mx\/wp-content\/uploads\/2023\/09\/11-SEPTIEMBRE-ENTEGA-DE-DOCUMENTO-A-LA-FISCALIA-32-min-1-696x464.jpg 696w, https:\/\/fuentesfidedignas.com.mx\/wp-content\/uploads\/2023\/09\/11-SEPTIEMBRE-ENTEGA-DE-DOCUMENTO-A-LA-FISCALIA-32-min-1-1068x712.jpg 1068w, https:\/\/fuentesfidedignas.com.mx\/wp-content\/uploads\/2023\/09\/11-SEPTIEMBRE-ENTEGA-DE-DOCUMENTO-A-LA-FISCALIA-32-min-1-1920x1280.jpg 1920w, https:\/\/fuentesfidedignas.com.mx\/wp-content\/uploads\/2023\/09\/11-SEPTIEMBRE-ENTEGA-DE-DOCUMENTO-A-LA-FISCALIA-32-min-1-630x420.jpg 630w\" sizes=\"(max-width: 1024px) 100vw, 1024px\" \/><\/figure>\n<\/figure>\n","protected":false},"excerpt":{"rendered":"<p>Desde las 8:00 horas ya se notaba la presencia de los universitarios que fueron encabezados por los l\u00edderes sindicales del SUNTUAS Acad\u00e9micos y Administrativos y de Intendencia Culiac\u00e1n, Sin.- Ante la parcialidad y las inconsistencias que se han presentado durante las audiencias en contra del Rector de la Universidad Aut\u00f3noma de Sinaloa (UAS), Jes\u00fas Madue\u00f1a [&hellip;]<\/p>\n","protected":false},"author":4,"featured_media":58615,"comment_status":"open","ping_status":"open","sticky":false,"template":"","format":"standard","meta":{"tdm_status":"","tdm_grid_status":"","footnotes":""},"categories":[38],"tags":[],"class_list":{"0":"post-58612","1":"post","2":"type-post","3":"status-publish","4":"format-standard","5":"has-post-thumbnail","7":"category-noticias-locales"},"yoast_head":"<!-- This site is optimized with the Yoast SEO plugin v27.4 - https:\/\/yoast.com\/product\/yoast-seo-wordpress\/ -->\n<title>Universitarios protestan en la Fiscal\u00eda; advierten con paro si destituyen al rector de la UAS - Fuentes Fidedignas<\/title>\n<meta name=\"robots\" content=\"index, follow, max-snippet:-1, max-image-preview:large, max-video-preview:-1\" \/>\n<link rel=\"canonical\" href=\"https:\/\/fuentesfidedignas.com.mx\/index.php\/2023\/09\/11\/universitarios-protestan-en-la-fiscalia-estatal-advierten-un-paro-si-se-resuelve-destituir-al-rector-de-la-uas\/\" \/>\n<meta property=\"og:locale\" content=\"es_MX\" \/>\n<meta property=\"og:type\" content=\"article\" \/>\n<meta property=\"og:title\" content=\"Universitarios protestan en la Fiscal\u00eda; advierten con paro si destituyen al rector de la UAS - Fuentes Fidedignas\" \/>\n<meta property=\"og:description\" content=\"Desde las 8:00 horas ya se notaba la presencia de los universitarios que fueron encabezados por los l\u00edderes sindicales del SUNTUAS Acad\u00e9micos y Administrativos y de Intendencia Culiac\u00e1n, Sin.- Ante la parcialidad y las inconsistencias que se han presentado durante las audiencias en contra del Rector de la Universidad Aut\u00f3noma de Sinaloa (UAS), Jes\u00fas Madue\u00f1a [&hellip;]\" \/>\n<meta property=\"og:url\" content=\"https:\/\/fuentesfidedignas.com.mx\/index.php\/2023\/09\/11\/universitarios-protestan-en-la-fiscalia-estatal-advierten-un-paro-si-se-resuelve-destituir-al-rector-de-la-uas\/\" \/>\n<meta property=\"og:site_name\" content=\"Fuentes Fidedignas\" \/>\n<meta property=\"article:publisher\" content=\"https:\/\/www.facebook.com\/Fuentes-Fidedignas-368234489921644\" \/>\n<meta property=\"article:published_time\" content=\"2023-09-11T23:28:15+00:00\" \/>\n<meta property=\"article:modified_time\" content=\"2023-09-11T23:30:23+00:00\" \/>\n<meta property=\"og:image\" content=\"https:\/\/fuentesfidedignas.com.mx\/wp-content\/uploads\/2023\/09\/11-SEPTIEMBRE-ENTEGA-DE-DOCUMENTO-A-LA-FISCALIA-60-min-scaled.jpg\" \/>\n\t<meta property=\"og:image:width\" content=\"2560\" \/>\n\t<meta property=\"og:image:height\" content=\"1707\" \/>\n\t<meta property=\"og:image:type\" content=\"image\/jpeg\" \/>\n<meta name=\"author\" content=\"Redacci\u00f3n\" \/>\n<meta name=\"twitter:card\" content=\"summary_large_image\" \/>\n<meta name=\"twitter:creator\" content=\"@fidedignas\" \/>\n<meta name=\"twitter:site\" content=\"@fidedignas\" \/>\n<meta name=\"twitter:label1\" content=\"Escrito por\" \/>\n\t<meta name=\"twitter:data1\" content=\"Redacci\u00f3n\" \/>\n\t<meta name=\"twitter:label2\" content=\"Tiempo de lectura\" \/>\n\t<meta name=\"twitter:data2\" content=\"4 minutos\" \/>\n<script type=\"application\/ld+json\" class=\"yoast-schema-graph\">{\"@context\":\"https:\\\/\\\/schema.org\",\"@graph\":[{\"@type\":\"Article\",\"@id\":\"https:\\\/\\\/fuentesfidedignas.com.mx\\\/index.php\\\/2023\\\/09\\\/11\\\/universitarios-protestan-en-la-fiscalia-estatal-advierten-un-paro-si-se-resuelve-destituir-al-rector-de-la-uas\\\/#article\",\"isPartOf\":{\"@id\":\"https:\\\/\\\/fuentesfidedignas.com.mx\\\/index.php\\\/2023\\\/09\\\/11\\\/universitarios-protestan-en-la-fiscalia-estatal-advierten-un-paro-si-se-resuelve-destituir-al-rector-de-la-uas\\\/\"},\"author\":{\"name\":\"Redacci\u00f3n\",\"@id\":\"https:\\\/\\\/fuentesfidedignas.com.mx\\\/#\\\/schema\\\/person\\\/331be9283d37198e2acd5750279085b0\"},\"headline\":\"Universitarios protestan en la Fiscal\u00eda; advierten con paro si destituyen al rector de la UAS\",\"datePublished\":\"2023-09-11T23:28:15+00:00\",\"dateModified\":\"2023-09-11T23:30:23+00:00\",\"mainEntityOfPage\":{\"@id\":\"https:\\\/\\\/fuentesfidedignas.com.mx\\\/index.php\\\/2023\\\/09\\\/11\\\/universitarios-protestan-en-la-fiscalia-estatal-advierten-un-paro-si-se-resuelve-destituir-al-rector-de-la-uas\\\/\"},\"wordCount\":670,\"commentCount\":0,\"publisher\":{\"@id\":\"https:\\\/\\\/fuentesfidedignas.com.mx\\\/#organization\"},\"image\":{\"@id\":\"https:\\\/\\\/fuentesfidedignas.com.mx\\\/index.php\\\/2023\\\/09\\\/11\\\/universitarios-protestan-en-la-fiscalia-estatal-advierten-un-paro-si-se-resuelve-destituir-al-rector-de-la-uas\\\/#primaryimage\"},\"thumbnailUrl\":\"https:\\\/\\\/fuentesfidedignas.com.mx\\\/wp-content\\\/uploads\\\/2023\\\/09\\\/11-SEPTIEMBRE-ENTEGA-DE-DOCUMENTO-A-LA-FISCALIA-60-min-scaled.jpg\",\"articleSection\":[\"NOTICIAS LOCALES\"],\"inLanguage\":\"es\",\"potentialAction\":[{\"@type\":\"CommentAction\",\"name\":\"Comment\",\"target\":[\"https:\\\/\\\/fuentesfidedignas.com.mx\\\/index.php\\\/2023\\\/09\\\/11\\\/universitarios-protestan-en-la-fiscalia-estatal-advierten-un-paro-si-se-resuelve-destituir-al-rector-de-la-uas\\\/#respond\"]}]},{\"@type\":\"WebPage\",\"@id\":\"https:\\\/\\\/fuentesfidedignas.com.mx\\\/index.php\\\/2023\\\/09\\\/11\\\/universitarios-protestan-en-la-fiscalia-estatal-advierten-un-paro-si-se-resuelve-destituir-al-rector-de-la-uas\\\/\",\"url\":\"https:\\\/\\\/fuentesfidedignas.com.mx\\\/index.php\\\/2023\\\/09\\\/11\\\/universitarios-protestan-en-la-fiscalia-estatal-advierten-un-paro-si-se-resuelve-destituir-al-rector-de-la-uas\\\/\",\"name\":\"Universitarios protestan en la Fiscal\u00eda; advierten con paro si destituyen al rector de la UAS - Fuentes Fidedignas\",\"isPartOf\":{\"@id\":\"https:\\\/\\\/fuentesfidedignas.com.mx\\\/#website\"},\"primaryImageOfPage\":{\"@id\":\"https:\\\/\\\/fuentesfidedignas.com.mx\\\/index.php\\\/2023\\\/09\\\/11\\\/universitarios-protestan-en-la-fiscalia-estatal-advierten-un-paro-si-se-resuelve-destituir-al-rector-de-la-uas\\\/#primaryimage\"},\"image\":{\"@id\":\"https:\\\/\\\/fuentesfidedignas.com.mx\\\/index.php\\\/2023\\\/09\\\/11\\\/universitarios-protestan-en-la-fiscalia-estatal-advierten-un-paro-si-se-resuelve-destituir-al-rector-de-la-uas\\\/#primaryimage\"},\"thumbnailUrl\":\"https:\\\/\\\/fuentesfidedignas.com.mx\\\/wp-content\\\/uploads\\\/2023\\\/09\\\/11-SEPTIEMBRE-ENTEGA-DE-DOCUMENTO-A-LA-FISCALIA-60-min-scaled.jpg\",\"datePublished\":\"2023-09-11T23:28:15+00:00\",\"dateModified\":\"2023-09-11T23:30:23+00:00\",\"breadcrumb\":{\"@id\":\"https:\\\/\\\/fuentesfidedignas.com.mx\\\/index.php\\\/2023\\\/09\\\/11\\\/universitarios-protestan-en-la-fiscalia-estatal-advierten-un-paro-si-se-resuelve-destituir-al-rector-de-la-uas\\\/#breadcrumb\"},\"inLanguage\":\"es\",\"potentialAction\":[{\"@type\":\"ReadAction\",\"target\":[\"https:\\\/\\\/fuentesfidedignas.com.mx\\\/index.php\\\/2023\\\/09\\\/11\\\/universitarios-protestan-en-la-fiscalia-estatal-advierten-un-paro-si-se-resuelve-destituir-al-rector-de-la-uas\\\/\"]}]},{\"@type\":\"ImageObject\",\"inLanguage\":\"es\",\"@id\":\"https:\\\/\\\/fuentesfidedignas.com.mx\\\/index.php\\\/2023\\\/09\\\/11\\\/universitarios-protestan-en-la-fiscalia-estatal-advierten-un-paro-si-se-resuelve-destituir-al-rector-de-la-uas\\\/#primaryimage\",\"url\":\"https:\\\/\\\/fuentesfidedignas.com.mx\\\/wp-content\\\/uploads\\\/2023\\\/09\\\/11-SEPTIEMBRE-ENTEGA-DE-DOCUMENTO-A-LA-FISCALIA-60-min-scaled.jpg\",\"contentUrl\":\"https:\\\/\\\/fuentesfidedignas.com.mx\\\/wp-content\\\/uploads\\\/2023\\\/09\\\/11-SEPTIEMBRE-ENTEGA-DE-DOCUMENTO-A-LA-FISCALIA-60-min-scaled.jpg\",\"width\":2560,\"height\":1707},{\"@type\":\"BreadcrumbList\",\"@id\":\"https:\\\/\\\/fuentesfidedignas.com.mx\\\/index.php\\\/2023\\\/09\\\/11\\\/universitarios-protestan-en-la-fiscalia-estatal-advierten-un-paro-si-se-resuelve-destituir-al-rector-de-la-uas\\\/#breadcrumb\",\"itemListElement\":[{\"@type\":\"ListItem\",\"position\":1,\"name\":\"Inicio\",\"item\":\"https:\\\/\\\/fuentesfidedignas.com.mx\\\/\"},{\"@type\":\"ListItem\",\"position\":2,\"name\":\"Universitarios protestan en la Fiscal\u00eda; advierten con paro si destituyen al rector de la UAS\"}]},{\"@type\":\"WebSite\",\"@id\":\"https:\\\/\\\/fuentesfidedignas.com.mx\\\/#website\",\"url\":\"https:\\\/\\\/fuentesfidedignas.com.mx\\\/\",\"name\":\"Fuentes Fidedignas\",\"description\":\"Otro sitio realizado con WordPress\",\"publisher\":{\"@id\":\"https:\\\/\\\/fuentesfidedignas.com.mx\\\/#organization\"},\"potentialAction\":[{\"@type\":\"SearchAction\",\"target\":{\"@type\":\"EntryPoint\",\"urlTemplate\":\"https:\\\/\\\/fuentesfidedignas.com.mx\\\/?s={search_term_string}\"},\"query-input\":{\"@type\":\"PropertyValueSpecification\",\"valueRequired\":true,\"valueName\":\"search_term_string\"}}],\"inLanguage\":\"es\"},{\"@type\":\"Organization\",\"@id\":\"https:\\\/\\\/fuentesfidedignas.com.mx\\\/#organization\",\"name\":\"Fuentes Fidedignas\",\"url\":\"https:\\\/\\\/fuentesfidedignas.com.mx\\\/\",\"logo\":{\"@type\":\"ImageObject\",\"inLanguage\":\"es\",\"@id\":\"https:\\\/\\\/fuentesfidedignas.com.mx\\\/#\\\/schema\\\/logo\\\/image\\\/\",\"url\":\"https:\\\/\\\/fuentesfidedignas.com.mx\\\/wp-content\\\/uploads\\\/2021\\\/04\\\/logo-retina.png\",\"contentUrl\":\"https:\\\/\\\/fuentesfidedignas.com.mx\\\/wp-content\\\/uploads\\\/2021\\\/04\\\/logo-retina.png\",\"width\":280,\"height\":51,\"caption\":\"Fuentes Fidedignas\"},\"image\":{\"@id\":\"https:\\\/\\\/fuentesfidedignas.com.mx\\\/#\\\/schema\\\/logo\\\/image\\\/\"},\"sameAs\":[\"https:\\\/\\\/www.facebook.com\\\/Fuentes-Fidedignas-368234489921644\",\"https:\\\/\\\/x.com\\\/fidedignas\"]},{\"@type\":\"Person\",\"@id\":\"https:\\\/\\\/fuentesfidedignas.com.mx\\\/#\\\/schema\\\/person\\\/331be9283d37198e2acd5750279085b0\",\"name\":\"Redacci\u00f3n\",\"image\":{\"@type\":\"ImageObject\",\"inLanguage\":\"es\",\"@id\":\"https:\\\/\\\/secure.gravatar.com\\\/avatar\\\/f6d8782c11d12b2d4ad3fbb6931aeab5309937a4d6cd2fc9cfaa28a6396a5aec?s=96&d=mm&r=g\",\"url\":\"https:\\\/\\\/secure.gravatar.com\\\/avatar\\\/f6d8782c11d12b2d4ad3fbb6931aeab5309937a4d6cd2fc9cfaa28a6396a5aec?s=96&d=mm&r=g\",\"contentUrl\":\"https:\\\/\\\/secure.gravatar.com\\\/avatar\\\/f6d8782c11d12b2d4ad3fbb6931aeab5309937a4d6cd2fc9cfaa28a6396a5aec?s=96&d=mm&r=g\",\"caption\":\"Redacci\u00f3n\"},\"url\":\"https:\\\/\\\/fuentesfidedignas.com.mx\\\/index.php\\\/author\\\/redaccion\\\/\"}]}<\/script>\n<!-- \/ Yoast SEO plugin. -->","yoast_head_json":{"title":"Universitarios protestan en la Fiscal\u00eda; advierten con paro si destituyen al rector de la UAS - Fuentes Fidedignas","robots":{"index":"index","follow":"follow","max-snippet":"max-snippet:-1","max-image-preview":"max-image-preview:large","max-video-preview":"max-video-preview:-1"},"canonical":"https:\/\/fuentesfidedignas.com.mx\/index.php\/2023\/09\/11\/universitarios-protestan-en-la-fiscalia-estatal-advierten-un-paro-si-se-resuelve-destituir-al-rector-de-la-uas\/","og_locale":"es_MX","og_type":"article","og_title":"Universitarios protestan en la Fiscal\u00eda; advierten con paro si destituyen al rector de la UAS - Fuentes Fidedignas","og_description":"Desde las 8:00 horas ya se notaba la presencia de los universitarios que fueron encabezados por los l\u00edderes sindicales del SUNTUAS Acad\u00e9micos y Administrativos y de Intendencia Culiac\u00e1n, Sin.- Ante la parcialidad y las inconsistencias que se han presentado durante las audiencias en contra del Rector de la Universidad Aut\u00f3noma de Sinaloa (UAS), Jes\u00fas Madue\u00f1a [&hellip;]","og_url":"https:\/\/fuentesfidedignas.com.mx\/index.php\/2023\/09\/11\/universitarios-protestan-en-la-fiscalia-estatal-advierten-un-paro-si-se-resuelve-destituir-al-rector-de-la-uas\/","og_site_name":"Fuentes Fidedignas","article_publisher":"https:\/\/www.facebook.com\/Fuentes-Fidedignas-368234489921644","article_published_time":"2023-09-11T23:28:15+00:00","article_modified_time":"2023-09-11T23:30:23+00:00","og_image":[{"width":2560,"height":1707,"url":"https:\/\/fuentesfidedignas.com.mx\/wp-content\/uploads\/2023\/09\/11-SEPTIEMBRE-ENTEGA-DE-DOCUMENTO-A-LA-FISCALIA-60-min-scaled.jpg","type":"image\/jpeg"}],"author":"Redacci\u00f3n","twitter_card":"summary_large_image","twitter_creator":"@fidedignas","twitter_site":"@fidedignas","twitter_misc":{"Escrito por":"Redacci\u00f3n","Tiempo de lectura":"4 minutos"},"schema":{"@context":"https:\/\/schema.org","@graph":[{"@type":"Article","@id":"https:\/\/fuentesfidedignas.com.mx\/index.php\/2023\/09\/11\/universitarios-protestan-en-la-fiscalia-estatal-advierten-un-paro-si-se-resuelve-destituir-al-rector-de-la-uas\/#article","isPartOf":{"@id":"https:\/\/fuentesfidedignas.com.mx\/index.php\/2023\/09\/11\/universitarios-protestan-en-la-fiscalia-estatal-advierten-un-paro-si-se-resuelve-destituir-al-rector-de-la-uas\/"},"author":{"name":"Redacci\u00f3n","@id":"https:\/\/fuentesfidedignas.com.mx\/#\/schema\/person\/331be9283d37198e2acd5750279085b0"},"headline":"Universitarios protestan en la Fiscal\u00eda; advierten con paro si destituyen al rector de la UAS","datePublished":"2023-09-11T23:28:15+00:00","dateModified":"2023-09-11T23:30:23+00:00","mainEntityOfPage":{"@id":"https:\/\/fuentesfidedignas.com.mx\/index.php\/2023\/09\/11\/universitarios-protestan-en-la-fiscalia-estatal-advierten-un-paro-si-se-resuelve-destituir-al-rector-de-la-uas\/"},"wordCount":670,"commentCount":0,"publisher":{"@id":"https:\/\/fuentesfidedignas.com.mx\/#organization"},"image":{"@id":"https:\/\/fuentesfidedignas.com.mx\/index.php\/2023\/09\/11\/universitarios-protestan-en-la-fiscalia-estatal-advierten-un-paro-si-se-resuelve-destituir-al-rector-de-la-uas\/#primaryimage"},"thumbnailUrl":"https:\/\/fuentesfidedignas.com.mx\/wp-content\/uploads\/2023\/09\/11-SEPTIEMBRE-ENTEGA-DE-DOCUMENTO-A-LA-FISCALIA-60-min-scaled.jpg","articleSection":["NOTICIAS LOCALES"],"inLanguage":"es","potentialAction":[{"@type":"CommentAction","name":"Comment","target":["https:\/\/fuentesfidedignas.com.mx\/index.php\/2023\/09\/11\/universitarios-protestan-en-la-fiscalia-estatal-advierten-un-paro-si-se-resuelve-destituir-al-rector-de-la-uas\/#respond"]}]},{"@type":"WebPage","@id":"https:\/\/fuentesfidedignas.com.mx\/index.php\/2023\/09\/11\/universitarios-protestan-en-la-fiscalia-estatal-advierten-un-paro-si-se-resuelve-destituir-al-rector-de-la-uas\/","url":"https:\/\/fuentesfidedignas.com.mx\/index.php\/2023\/09\/11\/universitarios-protestan-en-la-fiscalia-estatal-advierten-un-paro-si-se-resuelve-destituir-al-rector-de-la-uas\/","name":"Universitarios protestan en la Fiscal\u00eda; advierten con paro si destituyen al rector de la UAS - Fuentes Fidedignas","isPartOf":{"@id":"https:\/\/fuentesfidedignas.com.mx\/#website"},"primaryImageOfPage":{"@id":"https:\/\/fuentesfidedignas.com.mx\/index.php\/2023\/09\/11\/universitarios-protestan-en-la-fiscalia-estatal-advierten-un-paro-si-se-resuelve-destituir-al-rector-de-la-uas\/#primaryimage"},"image":{"@id":"https:\/\/fuentesfidedignas.com.mx\/index.php\/2023\/09\/11\/universitarios-protestan-en-la-fiscalia-estatal-advierten-un-paro-si-se-resuelve-destituir-al-rector-de-la-uas\/#primaryimage"},"thumbnailUrl":"https:\/\/fuentesfidedignas.com.mx\/wp-content\/uploads\/2023\/09\/11-SEPTIEMBRE-ENTEGA-DE-DOCUMENTO-A-LA-FISCALIA-60-min-scaled.jpg","datePublished":"2023-09-11T23:28:15+00:00","dateModified":"2023-09-11T23:30:23+00:00","breadcrumb":{"@id":"https:\/\/fuentesfidedignas.com.mx\/index.php\/2023\/09\/11\/universitarios-protestan-en-la-fiscalia-estatal-advierten-un-paro-si-se-resuelve-destituir-al-rector-de-la-uas\/#breadcrumb"},"inLanguage":"es","potentialAction":[{"@type":"ReadAction","target":["https:\/\/fuentesfidedignas.com.mx\/index.php\/2023\/09\/11\/universitarios-protestan-en-la-fiscalia-estatal-advierten-un-paro-si-se-resuelve-destituir-al-rector-de-la-uas\/"]}]},{"@type":"ImageObject","inLanguage":"es","@id":"https:\/\/fuentesfidedignas.com.mx\/index.php\/2023\/09\/11\/universitarios-protestan-en-la-fiscalia-estatal-advierten-un-paro-si-se-resuelve-destituir-al-rector-de-la-uas\/#primaryimage","url":"https:\/\/fuentesfidedignas.com.mx\/wp-content\/uploads\/2023\/09\/11-SEPTIEMBRE-ENTEGA-DE-DOCUMENTO-A-LA-FISCALIA-60-min-scaled.jpg","contentUrl":"https:\/\/fuentesfidedignas.com.mx\/wp-content\/uploads\/2023\/09\/11-SEPTIEMBRE-ENTEGA-DE-DOCUMENTO-A-LA-FISCALIA-60-min-scaled.jpg","width":2560,"height":1707},{"@type":"BreadcrumbList","@id":"https:\/\/fuentesfidedignas.com.mx\/index.php\/2023\/09\/11\/universitarios-protestan-en-la-fiscalia-estatal-advierten-un-paro-si-se-resuelve-destituir-al-rector-de-la-uas\/#breadcrumb","itemListElement":[{"@type":"ListItem","position":1,"name":"Inicio","item":"https:\/\/fuentesfidedignas.com.mx\/"},{"@type":"ListItem","position":2,"name":"Universitarios protestan en la Fiscal\u00eda; advierten con paro si destituyen al rector de la UAS"}]},{"@type":"WebSite","@id":"https:\/\/fuentesfidedignas.com.mx\/#website","url":"https:\/\/fuentesfidedignas.com.mx\/","name":"Fuentes Fidedignas","description":"Otro sitio realizado con WordPress","publisher":{"@id":"https:\/\/fuentesfidedignas.com.mx\/#organization"},"potentialAction":[{"@type":"SearchAction","target":{"@type":"EntryPoint","urlTemplate":"https:\/\/fuentesfidedignas.com.mx\/?s={search_term_string}"},"query-input":{"@type":"PropertyValueSpecification","valueRequired":true,"valueName":"search_term_string"}}],"inLanguage":"es"},{"@type":"Organization","@id":"https:\/\/fuentesfidedignas.com.mx\/#organization","name":"Fuentes Fidedignas","url":"https:\/\/fuentesfidedignas.com.mx\/","logo":{"@type":"ImageObject","inLanguage":"es","@id":"https:\/\/fuentesfidedignas.com.mx\/#\/schema\/logo\/image\/","url":"https:\/\/fuentesfidedignas.com.mx\/wp-content\/uploads\/2021\/04\/logo-retina.png","contentUrl":"https:\/\/fuentesfidedignas.com.mx\/wp-content\/uploads\/2021\/04\/logo-retina.png","width":280,"height":51,"caption":"Fuentes Fidedignas"},"image":{"@id":"https:\/\/fuentesfidedignas.com.mx\/#\/schema\/logo\/image\/"},"sameAs":["https:\/\/www.facebook.com\/Fuentes-Fidedignas-368234489921644","https:\/\/x.com\/fidedignas"]},{"@type":"Person","@id":"https:\/\/fuentesfidedignas.com.mx\/#\/schema\/person\/331be9283d37198e2acd5750279085b0","name":"Redacci\u00f3n","image":{"@type":"ImageObject","inLanguage":"es","@id":"https:\/\/secure.gravatar.com\/avatar\/f6d8782c11d12b2d4ad3fbb6931aeab5309937a4d6cd2fc9cfaa28a6396a5aec?s=96&d=mm&r=g","url":"https:\/\/secure.gravatar.com\/avatar\/f6d8782c11d12b2d4ad3fbb6931aeab5309937a4d6cd2fc9cfaa28a6396a5aec?s=96&d=mm&r=g","contentUrl":"https:\/\/secure.gravatar.com\/avatar\/f6d8782c11d12b2d4ad3fbb6931aeab5309937a4d6cd2fc9cfaa28a6396a5aec?s=96&d=mm&r=g","caption":"Redacci\u00f3n"},"url":"https:\/\/fuentesfidedignas.com.mx\/index.php\/author\/redaccion\/"}]}},"_links":{"self":[{"href":"https:\/\/fuentesfidedignas.com.mx\/index.php\/wp-json\/wp\/v2\/posts\/58612","targetHints":{"allow":["GET"]}}],"collection":[{"href":"https:\/\/fuentesfidedignas.com.mx\/index.php\/wp-json\/wp\/v2\/posts"}],"about":[{"href":"https:\/\/fuentesfidedignas.com.mx\/index.php\/wp-json\/wp\/v2\/types\/post"}],"author":[{"embeddable":true,"href":"https:\/\/fuentesfidedignas.com.mx\/index.php\/wp-json\/wp\/v2\/users\/4"}],"replies":[{"embeddable":true,"href":"https:\/\/fuentesfidedignas.com.mx\/index.php\/wp-json\/wp\/v2\/comments?post=58612"}],"version-history":[{"count":3,"href":"https:\/\/fuentesfidedignas.com.mx\/index.php\/wp-json\/wp\/v2\/posts\/58612\/revisions"}],"predecessor-version":[{"id":58622,"href":"https:\/\/fuentesfidedignas.com.mx\/index.php\/wp-json\/wp\/v2\/posts\/58612\/revisions\/58622"}],"wp:featuredmedia":[{"embeddable":true,"href":"https:\/\/fuentesfidedignas.com.mx\/index.php\/wp-json\/wp\/v2\/media\/58615"}],"wp:attachment":[{"href":"https:\/\/fuentesfidedignas.com.mx\/index.php\/wp-json\/wp\/v2\/media?parent=58612"}],"wp:term":[{"taxonomy":"category","embeddable":true,"href":"https:\/\/fuentesfidedignas.com.mx\/index.php\/wp-json\/wp\/v2\/categories?post=58612"},{"taxonomy":"post_tag","embeddable":true,"href":"https:\/\/fuentesfidedignas.com.mx\/index.php\/wp-json\/wp\/v2\/tags?post=58612"}],"curies":[{"name":"wp","href":"https:\/\/api.w.org\/{rel}","templated":true}]}}