{"id":58605,"date":"2023-09-12T01:50:29","date_gmt":"2023-09-12T08:50:29","guid":{"rendered":"https:\/\/fuentesfidedignas.com.mx\/?p=58605"},"modified":"2023-09-11T15:51:32","modified_gmt":"2023-09-11T22:51:32","slug":"trio-poliamoroso-en-brasil-celebra-que-su-hijo-llevara-los-3-apellidos","status":"publish","type":"post","link":"https:\/\/fuentesfidedignas.com.mx\/index.php\/2023\/09\/12\/trio-poliamoroso-en-brasil-celebra-que-su-hijo-llevara-los-3-apellidos\/","title":{"rendered":"Tr\u00edo poliamoroso en Brasil celebra que su hijo llevar\u00e1 los 3 apellidos"},"content":{"rendered":"\n<p><strong><em>Hace m\u00e1s de 10 a\u00f1os que Denis Ordov\u00e1s y su esposa Let\u00edcia, iniciaron una relaci\u00f3n poliamorosa con Keterlin, qui\u00e9n hace unos meses qued\u00f3 embarazada de un ni\u00f1o.<\/em><\/strong><\/p>\n\n\n\n<p>El poliamor es una de las formas de relaciones interpersonales que cada vez toma m\u00e1s fuerza y que muchas personas practican al asegurar que ha ayudado a mejorar la relaci\u00f3n con su primera pareja y darles un interesante giro a sus vidas.<\/p>\n\n\n\n<p>Justo eso ocurri\u00f3 en Brasil, en donde una relaci\u00f3n poliamorosa fue m\u00e1s all\u00e1 luego de que un tr\u00edo se consolid\u00f3 como una familia.<\/p>\n\n\n\n<p>Las cosas ocurrieron as\u00ed, Denis Ordov\u00e1s y Let\u00edcia, una pareja con 10 a\u00f1os de matrimonio, decidi\u00f3 abrir su relaci\u00f3n a una tercera persona, Keterlin Kaefer, la nueva integrante se adapt\u00f3 tan bien que entre los tres ya esperan a su primer hijo.<\/p>\n\n\n\n<p>Tras un tiempo de convivencia y amor compartido, el tr\u00edo obtuvo el fallo del Juzgado de Familia y Sucesiones de Novo Hamburgo, en la Regi\u00f3n Metropolitana de Porto Alegre con el que se reconoce su relaci\u00f3n poliamorosa y garantiza que su futuro hijo, Yan, pueda llevar los apellidos de los tres padres.<\/p>\n\n\n\n<figure class=\"wp-block-image size-large\"><img decoding=\"async\" width=\"1024\" height=\"768\" src=\"https:\/\/fuentesfidedignas.com.mx\/wp-content\/uploads\/2023\/09\/image-1024x768.png\" alt=\"\" class=\"wp-image-58606\" srcset=\"https:\/\/fuentesfidedignas.com.mx\/wp-content\/uploads\/2023\/09\/image-1024x768.png 1024w, https:\/\/fuentesfidedignas.com.mx\/wp-content\/uploads\/2023\/09\/image-300x225.png 300w, https:\/\/fuentesfidedignas.com.mx\/wp-content\/uploads\/2023\/09\/image-768x576.png 768w, https:\/\/fuentesfidedignas.com.mx\/wp-content\/uploads\/2023\/09\/image-696x522.png 696w, https:\/\/fuentesfidedignas.com.mx\/wp-content\/uploads\/2023\/09\/image-1068x801.png 1068w, https:\/\/fuentesfidedignas.com.mx\/wp-content\/uploads\/2023\/09\/image-560x420.png 560w, https:\/\/fuentesfidedignas.com.mx\/wp-content\/uploads\/2023\/09\/image-80x60.png 80w, https:\/\/fuentesfidedignas.com.mx\/wp-content\/uploads\/2023\/09\/image-265x198.png 265w, https:\/\/fuentesfidedignas.com.mx\/wp-content\/uploads\/2023\/09\/image.png 1200w\" sizes=\"(max-width: 1024px) 100vw, 1024px\" \/><\/figure>\n\n\n\n<p>Se espera que el beb\u00e9 nazca el pr\u00f3ximo 13 de octubre y, gracias a esta decisi\u00f3n, el ni\u00f1o tendr\u00e1 todos los derechos legales como hijo de Denis, Let\u00edcia y Keterlin.<\/p>\n\n\n\n<p>\u201cLas familias est\u00e1n cambiando, y ya era hora de que estas relaciones se vieran, est\u00e1bamos muy contentos con la decisi\u00f3n; despu\u00e9s de todo, han pasado diez a\u00f1os. Muchas relaciones \u2018normales\u2019 ni siquiera llegan a ese punto\u201d, dijo el tr\u00edo.<\/p>\n\n\n\n<p>Estos futuros padres dijeron adem\u00e1s que siempre hab\u00edan planeado tener hijos y que, al enterarse del embarazo, decidieron llevar su caso a los tribunales.<\/p>\n","protected":false},"excerpt":{"rendered":"<p>Hace m\u00e1s de 10 a\u00f1os que Denis Ordov\u00e1s y su esposa Let\u00edcia, iniciaron una relaci\u00f3n poliamorosa con Keterlin, qui\u00e9n hace unos meses qued\u00f3 embarazada de un ni\u00f1o. El poliamor es una de las formas de relaciones interpersonales que cada vez toma m\u00e1s fuerza y que muchas personas practican al asegurar que ha ayudado a mejorar [&hellip;]<\/p>\n","protected":false},"author":7,"featured_media":58607,"comment_status":"open","ping_status":"open","sticky":false,"template":"","format":"standard","meta":{"tdm_status":"","tdm_grid_status":"","footnotes":""},"categories":[40],"tags":[],"class_list":{"0":"post-58605","1":"post","2":"type-post","3":"status-publish","4":"format-standard","5":"has-post-thumbnail","7":"category-las-asombrosas"},"yoast_head":"<!-- This site is optimized with the Yoast SEO plugin v27.4 - https:\/\/yoast.com\/product\/yoast-seo-wordpress\/ -->\n<title>Tr\u00edo poliamoroso en Brasil celebra que su hijo llevar\u00e1 los 3 apellidos - Fuentes Fidedignas<\/title>\n<meta name=\"robots\" content=\"index, follow, max-snippet:-1, max-image-preview:large, max-video-preview:-1\" \/>\n<link rel=\"canonical\" href=\"https:\/\/fuentesfidedignas.com.mx\/index.php\/2023\/09\/12\/trio-poliamoroso-en-brasil-celebra-que-su-hijo-llevara-los-3-apellidos\/\" \/>\n<meta property=\"og:locale\" content=\"es_MX\" \/>\n<meta property=\"og:type\" content=\"article\" \/>\n<meta property=\"og:title\" content=\"Tr\u00edo poliamoroso en Brasil celebra que su hijo llevar\u00e1 los 3 apellidos - Fuentes Fidedignas\" \/>\n<meta property=\"og:description\" content=\"Hace m\u00e1s de 10 a\u00f1os que Denis Ordov\u00e1s y su esposa Let\u00edcia, iniciaron una relaci\u00f3n poliamorosa con Keterlin, qui\u00e9n hace unos meses qued\u00f3 embarazada de un ni\u00f1o. El poliamor es una de las formas de relaciones interpersonales que cada vez toma m\u00e1s fuerza y que muchas personas practican al asegurar que ha ayudado a mejorar [&hellip;]\" \/>\n<meta property=\"og:url\" content=\"https:\/\/fuentesfidedignas.com.mx\/index.php\/2023\/09\/12\/trio-poliamoroso-en-brasil-celebra-que-su-hijo-llevara-los-3-apellidos\/\" \/>\n<meta property=\"og:site_name\" content=\"Fuentes Fidedignas\" \/>\n<meta property=\"article:publisher\" content=\"https:\/\/www.facebook.com\/Fuentes-Fidedignas-368234489921644\" \/>\n<meta property=\"article:published_time\" content=\"2023-09-12T08:50:29+00:00\" \/>\n<meta property=\"og:image\" content=\"https:\/\/fuentesfidedignas.com.mx\/wp-content\/uploads\/2023\/09\/POLIAMOR.jpg\" \/>\n\t<meta property=\"og:image:width\" content=\"800\" \/>\n\t<meta property=\"og:image:height\" content=\"600\" \/>\n\t<meta property=\"og:image:type\" content=\"image\/jpeg\" \/>\n<meta name=\"author\" content=\"Exc\u00e9lsior\" \/>\n<meta name=\"twitter:card\" content=\"summary_large_image\" \/>\n<meta name=\"twitter:creator\" content=\"@fidedignas\" \/>\n<meta name=\"twitter:site\" content=\"@fidedignas\" \/>\n<meta name=\"twitter:label1\" content=\"Escrito por\" \/>\n\t<meta name=\"twitter:data1\" content=\"Exc\u00e9lsior\" \/>\n\t<meta name=\"twitter:label2\" content=\"Tiempo de lectura\" \/>\n\t<meta name=\"twitter:data2\" content=\"2 minutos\" \/>\n<script type=\"application\/ld+json\" class=\"yoast-schema-graph\">{\"@context\":\"https:\\\/\\\/schema.org\",\"@graph\":[{\"@type\":\"Article\",\"@id\":\"https:\\\/\\\/fuentesfidedignas.com.mx\\\/index.php\\\/2023\\\/09\\\/12\\\/trio-poliamoroso-en-brasil-celebra-que-su-hijo-llevara-los-3-apellidos\\\/#article\",\"isPartOf\":{\"@id\":\"https:\\\/\\\/fuentesfidedignas.com.mx\\\/index.php\\\/2023\\\/09\\\/12\\\/trio-poliamoroso-en-brasil-celebra-que-su-hijo-llevara-los-3-apellidos\\\/\"},\"author\":{\"name\":\"Exc\u00e9lsior\",\"@id\":\"https:\\\/\\\/fuentesfidedignas.com.mx\\\/#\\\/schema\\\/person\\\/ec4edd1fbf5efa3e44fce34fe2787780\"},\"headline\":\"Tr\u00edo poliamoroso en Brasil celebra que su hijo llevar\u00e1 los 3 apellidos\",\"datePublished\":\"2023-09-12T08:50:29+00:00\",\"mainEntityOfPage\":{\"@id\":\"https:\\\/\\\/fuentesfidedignas.com.mx\\\/index.php\\\/2023\\\/09\\\/12\\\/trio-poliamoroso-en-brasil-celebra-que-su-hijo-llevara-los-3-apellidos\\\/\"},\"wordCount\":319,\"commentCount\":0,\"publisher\":{\"@id\":\"https:\\\/\\\/fuentesfidedignas.com.mx\\\/#organization\"},\"image\":{\"@id\":\"https:\\\/\\\/fuentesfidedignas.com.mx\\\/index.php\\\/2023\\\/09\\\/12\\\/trio-poliamoroso-en-brasil-celebra-que-su-hijo-llevara-los-3-apellidos\\\/#primaryimage\"},\"thumbnailUrl\":\"https:\\\/\\\/fuentesfidedignas.com.mx\\\/wp-content\\\/uploads\\\/2023\\\/09\\\/POLIAMOR.jpg\",\"articleSection\":[\"LAS ASOMBROSAS\"],\"inLanguage\":\"es\",\"potentialAction\":[{\"@type\":\"CommentAction\",\"name\":\"Comment\",\"target\":[\"https:\\\/\\\/fuentesfidedignas.com.mx\\\/index.php\\\/2023\\\/09\\\/12\\\/trio-poliamoroso-en-brasil-celebra-que-su-hijo-llevara-los-3-apellidos\\\/#respond\"]}]},{\"@type\":\"WebPage\",\"@id\":\"https:\\\/\\\/fuentesfidedignas.com.mx\\\/index.php\\\/2023\\\/09\\\/12\\\/trio-poliamoroso-en-brasil-celebra-que-su-hijo-llevara-los-3-apellidos\\\/\",\"url\":\"https:\\\/\\\/fuentesfidedignas.com.mx\\\/index.php\\\/2023\\\/09\\\/12\\\/trio-poliamoroso-en-brasil-celebra-que-su-hijo-llevara-los-3-apellidos\\\/\",\"name\":\"Tr\u00edo poliamoroso en Brasil celebra que su hijo llevar\u00e1 los 3 apellidos - Fuentes Fidedignas\",\"isPartOf\":{\"@id\":\"https:\\\/\\\/fuentesfidedignas.com.mx\\\/#website\"},\"primaryImageOfPage\":{\"@id\":\"https:\\\/\\\/fuentesfidedignas.com.mx\\\/index.php\\\/2023\\\/09\\\/12\\\/trio-poliamoroso-en-brasil-celebra-que-su-hijo-llevara-los-3-apellidos\\\/#primaryimage\"},\"image\":{\"@id\":\"https:\\\/\\\/fuentesfidedignas.com.mx\\\/index.php\\\/2023\\\/09\\\/12\\\/trio-poliamoroso-en-brasil-celebra-que-su-hijo-llevara-los-3-apellidos\\\/#primaryimage\"},\"thumbnailUrl\":\"https:\\\/\\\/fuentesfidedignas.com.mx\\\/wp-content\\\/uploads\\\/2023\\\/09\\\/POLIAMOR.jpg\",\"datePublished\":\"2023-09-12T08:50:29+00:00\",\"breadcrumb\":{\"@id\":\"https:\\\/\\\/fuentesfidedignas.com.mx\\\/index.php\\\/2023\\\/09\\\/12\\\/trio-poliamoroso-en-brasil-celebra-que-su-hijo-llevara-los-3-apellidos\\\/#breadcrumb\"},\"inLanguage\":\"es\",\"potentialAction\":[{\"@type\":\"ReadAction\",\"target\":[\"https:\\\/\\\/fuentesfidedignas.com.mx\\\/index.php\\\/2023\\\/09\\\/12\\\/trio-poliamoroso-en-brasil-celebra-que-su-hijo-llevara-los-3-apellidos\\\/\"]}]},{\"@type\":\"ImageObject\",\"inLanguage\":\"es\",\"@id\":\"https:\\\/\\\/fuentesfidedignas.com.mx\\\/index.php\\\/2023\\\/09\\\/12\\\/trio-poliamoroso-en-brasil-celebra-que-su-hijo-llevara-los-3-apellidos\\\/#primaryimage\",\"url\":\"https:\\\/\\\/fuentesfidedignas.com.mx\\\/wp-content\\\/uploads\\\/2023\\\/09\\\/POLIAMOR.jpg\",\"contentUrl\":\"https:\\\/\\\/fuentesfidedignas.com.mx\\\/wp-content\\\/uploads\\\/2023\\\/09\\\/POLIAMOR.jpg\",\"width\":800,\"height\":600},{\"@type\":\"BreadcrumbList\",\"@id\":\"https:\\\/\\\/fuentesfidedignas.com.mx\\\/index.php\\\/2023\\\/09\\\/12\\\/trio-poliamoroso-en-brasil-celebra-que-su-hijo-llevara-los-3-apellidos\\\/#breadcrumb\",\"itemListElement\":[{\"@type\":\"ListItem\",\"position\":1,\"name\":\"Inicio\",\"item\":\"https:\\\/\\\/fuentesfidedignas.com.mx\\\/\"},{\"@type\":\"ListItem\",\"position\":2,\"name\":\"Tr\u00edo poliamoroso en Brasil celebra que su hijo llevar\u00e1 los 3 apellidos\"}]},{\"@type\":\"WebSite\",\"@id\":\"https:\\\/\\\/fuentesfidedignas.com.mx\\\/#website\",\"url\":\"https:\\\/\\\/fuentesfidedignas.com.mx\\\/\",\"name\":\"Fuentes Fidedignas\",\"description\":\"Otro sitio realizado con WordPress\",\"publisher\":{\"@id\":\"https:\\\/\\\/fuentesfidedignas.com.mx\\\/#organization\"},\"potentialAction\":[{\"@type\":\"SearchAction\",\"target\":{\"@type\":\"EntryPoint\",\"urlTemplate\":\"https:\\\/\\\/fuentesfidedignas.com.mx\\\/?s={search_term_string}\"},\"query-input\":{\"@type\":\"PropertyValueSpecification\",\"valueRequired\":true,\"valueName\":\"search_term_string\"}}],\"inLanguage\":\"es\"},{\"@type\":\"Organization\",\"@id\":\"https:\\\/\\\/fuentesfidedignas.com.mx\\\/#organization\",\"name\":\"Fuentes Fidedignas\",\"url\":\"https:\\\/\\\/fuentesfidedignas.com.mx\\\/\",\"logo\":{\"@type\":\"ImageObject\",\"inLanguage\":\"es\",\"@id\":\"https:\\\/\\\/fuentesfidedignas.com.mx\\\/#\\\/schema\\\/logo\\\/image\\\/\",\"url\":\"https:\\\/\\\/fuentesfidedignas.com.mx\\\/wp-content\\\/uploads\\\/2021\\\/04\\\/logo-retina.png\",\"contentUrl\":\"https:\\\/\\\/fuentesfidedignas.com.mx\\\/wp-content\\\/uploads\\\/2021\\\/04\\\/logo-retina.png\",\"width\":280,\"height\":51,\"caption\":\"Fuentes Fidedignas\"},\"image\":{\"@id\":\"https:\\\/\\\/fuentesfidedignas.com.mx\\\/#\\\/schema\\\/logo\\\/image\\\/\"},\"sameAs\":[\"https:\\\/\\\/www.facebook.com\\\/Fuentes-Fidedignas-368234489921644\",\"https:\\\/\\\/x.com\\\/fidedignas\"]},{\"@type\":\"Person\",\"@id\":\"https:\\\/\\\/fuentesfidedignas.com.mx\\\/#\\\/schema\\\/person\\\/ec4edd1fbf5efa3e44fce34fe2787780\",\"name\":\"Exc\u00e9lsior\",\"image\":{\"@type\":\"ImageObject\",\"inLanguage\":\"es\",\"@id\":\"https:\\\/\\\/secure.gravatar.com\\\/avatar\\\/4b7ee9206b48be08447852b3f0814dbc7c0f3b51541b164f1464a2725614020b?s=96&d=mm&r=g\",\"url\":\"https:\\\/\\\/secure.gravatar.com\\\/avatar\\\/4b7ee9206b48be08447852b3f0814dbc7c0f3b51541b164f1464a2725614020b?s=96&d=mm&r=g\",\"contentUrl\":\"https:\\\/\\\/secure.gravatar.com\\\/avatar\\\/4b7ee9206b48be08447852b3f0814dbc7c0f3b51541b164f1464a2725614020b?s=96&d=mm&r=g\",\"caption\":\"Exc\u00e9lsior\"},\"url\":\"https:\\\/\\\/fuentesfidedignas.com.mx\\\/index.php\\\/author\\\/excelsior\\\/\"}]}<\/script>\n<!-- \/ Yoast SEO plugin. -->","yoast_head_json":{"title":"Tr\u00edo poliamoroso en Brasil celebra que su hijo llevar\u00e1 los 3 apellidos - Fuentes Fidedignas","robots":{"index":"index","follow":"follow","max-snippet":"max-snippet:-1","max-image-preview":"max-image-preview:large","max-video-preview":"max-video-preview:-1"},"canonical":"https:\/\/fuentesfidedignas.com.mx\/index.php\/2023\/09\/12\/trio-poliamoroso-en-brasil-celebra-que-su-hijo-llevara-los-3-apellidos\/","og_locale":"es_MX","og_type":"article","og_title":"Tr\u00edo poliamoroso en Brasil celebra que su hijo llevar\u00e1 los 3 apellidos - Fuentes Fidedignas","og_description":"Hace m\u00e1s de 10 a\u00f1os que Denis Ordov\u00e1s y su esposa Let\u00edcia, iniciaron una relaci\u00f3n poliamorosa con Keterlin, qui\u00e9n hace unos meses qued\u00f3 embarazada de un ni\u00f1o. El poliamor es una de las formas de relaciones interpersonales que cada vez toma m\u00e1s fuerza y que muchas personas practican al asegurar que ha ayudado a mejorar [&hellip;]","og_url":"https:\/\/fuentesfidedignas.com.mx\/index.php\/2023\/09\/12\/trio-poliamoroso-en-brasil-celebra-que-su-hijo-llevara-los-3-apellidos\/","og_site_name":"Fuentes Fidedignas","article_publisher":"https:\/\/www.facebook.com\/Fuentes-Fidedignas-368234489921644","article_published_time":"2023-09-12T08:50:29+00:00","og_image":[{"width":800,"height":600,"url":"https:\/\/fuentesfidedignas.com.mx\/wp-content\/uploads\/2023\/09\/POLIAMOR.jpg","type":"image\/jpeg"}],"author":"Exc\u00e9lsior","twitter_card":"summary_large_image","twitter_creator":"@fidedignas","twitter_site":"@fidedignas","twitter_misc":{"Escrito por":"Exc\u00e9lsior","Tiempo de lectura":"2 minutos"},"schema":{"@context":"https:\/\/schema.org","@graph":[{"@type":"Article","@id":"https:\/\/fuentesfidedignas.com.mx\/index.php\/2023\/09\/12\/trio-poliamoroso-en-brasil-celebra-que-su-hijo-llevara-los-3-apellidos\/#article","isPartOf":{"@id":"https:\/\/fuentesfidedignas.com.mx\/index.php\/2023\/09\/12\/trio-poliamoroso-en-brasil-celebra-que-su-hijo-llevara-los-3-apellidos\/"},"author":{"name":"Exc\u00e9lsior","@id":"https:\/\/fuentesfidedignas.com.mx\/#\/schema\/person\/ec4edd1fbf5efa3e44fce34fe2787780"},"headline":"Tr\u00edo poliamoroso en Brasil celebra que su hijo llevar\u00e1 los 3 apellidos","datePublished":"2023-09-12T08:50:29+00:00","mainEntityOfPage":{"@id":"https:\/\/fuentesfidedignas.com.mx\/index.php\/2023\/09\/12\/trio-poliamoroso-en-brasil-celebra-que-su-hijo-llevara-los-3-apellidos\/"},"wordCount":319,"commentCount":0,"publisher":{"@id":"https:\/\/fuentesfidedignas.com.mx\/#organization"},"image":{"@id":"https:\/\/fuentesfidedignas.com.mx\/index.php\/2023\/09\/12\/trio-poliamoroso-en-brasil-celebra-que-su-hijo-llevara-los-3-apellidos\/#primaryimage"},"thumbnailUrl":"https:\/\/fuentesfidedignas.com.mx\/wp-content\/uploads\/2023\/09\/POLIAMOR.jpg","articleSection":["LAS ASOMBROSAS"],"inLanguage":"es","potentialAction":[{"@type":"CommentAction","name":"Comment","target":["https:\/\/fuentesfidedignas.com.mx\/index.php\/2023\/09\/12\/trio-poliamoroso-en-brasil-celebra-que-su-hijo-llevara-los-3-apellidos\/#respond"]}]},{"@type":"WebPage","@id":"https:\/\/fuentesfidedignas.com.mx\/index.php\/2023\/09\/12\/trio-poliamoroso-en-brasil-celebra-que-su-hijo-llevara-los-3-apellidos\/","url":"https:\/\/fuentesfidedignas.com.mx\/index.php\/2023\/09\/12\/trio-poliamoroso-en-brasil-celebra-que-su-hijo-llevara-los-3-apellidos\/","name":"Tr\u00edo poliamoroso en Brasil celebra que su hijo llevar\u00e1 los 3 apellidos - Fuentes Fidedignas","isPartOf":{"@id":"https:\/\/fuentesfidedignas.com.mx\/#website"},"primaryImageOfPage":{"@id":"https:\/\/fuentesfidedignas.com.mx\/index.php\/2023\/09\/12\/trio-poliamoroso-en-brasil-celebra-que-su-hijo-llevara-los-3-apellidos\/#primaryimage"},"image":{"@id":"https:\/\/fuentesfidedignas.com.mx\/index.php\/2023\/09\/12\/trio-poliamoroso-en-brasil-celebra-que-su-hijo-llevara-los-3-apellidos\/#primaryimage"},"thumbnailUrl":"https:\/\/fuentesfidedignas.com.mx\/wp-content\/uploads\/2023\/09\/POLIAMOR.jpg","datePublished":"2023-09-12T08:50:29+00:00","breadcrumb":{"@id":"https:\/\/fuentesfidedignas.com.mx\/index.php\/2023\/09\/12\/trio-poliamoroso-en-brasil-celebra-que-su-hijo-llevara-los-3-apellidos\/#breadcrumb"},"inLanguage":"es","potentialAction":[{"@type":"ReadAction","target":["https:\/\/fuentesfidedignas.com.mx\/index.php\/2023\/09\/12\/trio-poliamoroso-en-brasil-celebra-que-su-hijo-llevara-los-3-apellidos\/"]}]},{"@type":"ImageObject","inLanguage":"es","@id":"https:\/\/fuentesfidedignas.com.mx\/index.php\/2023\/09\/12\/trio-poliamoroso-en-brasil-celebra-que-su-hijo-llevara-los-3-apellidos\/#primaryimage","url":"https:\/\/fuentesfidedignas.com.mx\/wp-content\/uploads\/2023\/09\/POLIAMOR.jpg","contentUrl":"https:\/\/fuentesfidedignas.com.mx\/wp-content\/uploads\/2023\/09\/POLIAMOR.jpg","width":800,"height":600},{"@type":"BreadcrumbList","@id":"https:\/\/fuentesfidedignas.com.mx\/index.php\/2023\/09\/12\/trio-poliamoroso-en-brasil-celebra-que-su-hijo-llevara-los-3-apellidos\/#breadcrumb","itemListElement":[{"@type":"ListItem","position":1,"name":"Inicio","item":"https:\/\/fuentesfidedignas.com.mx\/"},{"@type":"ListItem","position":2,"name":"Tr\u00edo poliamoroso en Brasil celebra que su hijo llevar\u00e1 los 3 apellidos"}]},{"@type":"WebSite","@id":"https:\/\/fuentesfidedignas.com.mx\/#website","url":"https:\/\/fuentesfidedignas.com.mx\/","name":"Fuentes Fidedignas","description":"Otro sitio realizado con WordPress","publisher":{"@id":"https:\/\/fuentesfidedignas.com.mx\/#organization"},"potentialAction":[{"@type":"SearchAction","target":{"@type":"EntryPoint","urlTemplate":"https:\/\/fuentesfidedignas.com.mx\/?s={search_term_string}"},"query-input":{"@type":"PropertyValueSpecification","valueRequired":true,"valueName":"search_term_string"}}],"inLanguage":"es"},{"@type":"Organization","@id":"https:\/\/fuentesfidedignas.com.mx\/#organization","name":"Fuentes Fidedignas","url":"https:\/\/fuentesfidedignas.com.mx\/","logo":{"@type":"ImageObject","inLanguage":"es","@id":"https:\/\/fuentesfidedignas.com.mx\/#\/schema\/logo\/image\/","url":"https:\/\/fuentesfidedignas.com.mx\/wp-content\/uploads\/2021\/04\/logo-retina.png","contentUrl":"https:\/\/fuentesfidedignas.com.mx\/wp-content\/uploads\/2021\/04\/logo-retina.png","width":280,"height":51,"caption":"Fuentes Fidedignas"},"image":{"@id":"https:\/\/fuentesfidedignas.com.mx\/#\/schema\/logo\/image\/"},"sameAs":["https:\/\/www.facebook.com\/Fuentes-Fidedignas-368234489921644","https:\/\/x.com\/fidedignas"]},{"@type":"Person","@id":"https:\/\/fuentesfidedignas.com.mx\/#\/schema\/person\/ec4edd1fbf5efa3e44fce34fe2787780","name":"Exc\u00e9lsior","image":{"@type":"ImageObject","inLanguage":"es","@id":"https:\/\/secure.gravatar.com\/avatar\/4b7ee9206b48be08447852b3f0814dbc7c0f3b51541b164f1464a2725614020b?s=96&d=mm&r=g","url":"https:\/\/secure.gravatar.com\/avatar\/4b7ee9206b48be08447852b3f0814dbc7c0f3b51541b164f1464a2725614020b?s=96&d=mm&r=g","contentUrl":"https:\/\/secure.gravatar.com\/avatar\/4b7ee9206b48be08447852b3f0814dbc7c0f3b51541b164f1464a2725614020b?s=96&d=mm&r=g","caption":"Exc\u00e9lsior"},"url":"https:\/\/fuentesfidedignas.com.mx\/index.php\/author\/excelsior\/"}]}},"_links":{"self":[{"href":"https:\/\/fuentesfidedignas.com.mx\/index.php\/wp-json\/wp\/v2\/posts\/58605","targetHints":{"allow":["GET"]}}],"collection":[{"href":"https:\/\/fuentesfidedignas.com.mx\/index.php\/wp-json\/wp\/v2\/posts"}],"about":[{"href":"https:\/\/fuentesfidedignas.com.mx\/index.php\/wp-json\/wp\/v2\/types\/post"}],"author":[{"embeddable":true,"href":"https:\/\/fuentesfidedignas.com.mx\/index.php\/wp-json\/wp\/v2\/users\/7"}],"replies":[{"embeddable":true,"href":"https:\/\/fuentesfidedignas.com.mx\/index.php\/wp-json\/wp\/v2\/comments?post=58605"}],"version-history":[{"count":1,"href":"https:\/\/fuentesfidedignas.com.mx\/index.php\/wp-json\/wp\/v2\/posts\/58605\/revisions"}],"predecessor-version":[{"id":58608,"href":"https:\/\/fuentesfidedignas.com.mx\/index.php\/wp-json\/wp\/v2\/posts\/58605\/revisions\/58608"}],"wp:featuredmedia":[{"embeddable":true,"href":"https:\/\/fuentesfidedignas.com.mx\/index.php\/wp-json\/wp\/v2\/media\/58607"}],"wp:attachment":[{"href":"https:\/\/fuentesfidedignas.com.mx\/index.php\/wp-json\/wp\/v2\/media?parent=58605"}],"wp:term":[{"taxonomy":"category","embeddable":true,"href":"https:\/\/fuentesfidedignas.com.mx\/index.php\/wp-json\/wp\/v2\/categories?post=58605"},{"taxonomy":"post_tag","embeddable":true,"href":"https:\/\/fuentesfidedignas.com.mx\/index.php\/wp-json\/wp\/v2\/tags?post=58605"}],"curies":[{"name":"wp","href":"https:\/\/api.w.org\/{rel}","templated":true}]}}