{"id":5860,"date":"2021-06-24T18:05:22","date_gmt":"2021-06-25T01:05:22","guid":{"rendered":"https:\/\/fuentesfidedignas.com.mx\/?p=5860"},"modified":"2021-06-24T18:05:23","modified_gmt":"2021-06-25T01:05:23","slug":"obras-trascendentales-para-sinaloa-compromete-amlo-a-gestion-de-rocha","status":"publish","type":"post","link":"https:\/\/fuentesfidedignas.com.mx\/index.php\/2021\/06\/24\/obras-trascendentales-para-sinaloa-compromete-amlo-a-gestion-de-rocha\/","title":{"rendered":"Obras trascendentales para Sinaloa compromete AMLO a gesti\u00f3n de Rocha"},"content":{"rendered":"\n<p><strong><em>El pr\u00f3ximo gobernador del estado se\u00f1al\u00f3 que L\u00f3pez Obrador refrend\u00f3 su apoyo a agricultores y pescadores, y total disposici\u00f3n para ampliar programas sociales<\/em><\/strong><\/p>\n\n\n\n<p>Ciudad de M\u00e9xico.- Al salir de la comida que ofreci\u00f3 el presidente Andr\u00e9s Manuel L\u00f3pez Obrador en Palacio Nacional a los 11 gobernadores electos de Morena y sus aliados, Rub\u00e9n Rocha Moya comparti\u00f3 que el mandatario nacional puso sobre la mesa un amplio \u201cmen\u00fa\u201d de apoyos para Sinaloa.<\/p>\n\n\n\n<p>\u201cEn la reuni\u00f3n con el presidente tuvimos la oportunidad cada quien de plantear las cosas, yo plante\u00e9 Sinaloa: el tema de las presas Picachos y Santa Mar\u00eda en el sur del estado; el presidente me dijo que las vamos a sacar adelante con todo y canales de riego, durante el sexenio\u201d, revel\u00f3.<\/p>\n\n\n\n<p>Quien a partir del 1 de noviembre gobernar\u00e1 Sinaloa, resalt\u00f3 que en la conversaci\u00f3n de sobremesa el presidente le expuso una estrategia para apoyar a los pescadores, y garantiz\u00f3 que se respaldar\u00e1 a los productores agr\u00edcolas para que no tengan problemas de comercializaci\u00f3n.<\/p>\n\n\n\n<p>\u201cHablamos de la terminaci\u00f3n de las dos carreteras troncales: Badiraguato-Chihuahua, que est\u00e1 en proceso, y el puente de la presa Huites, que est\u00e1 en el troncal Topolobampo-Ojinaga; ya me dio indicaciones para ver al secretario de Comunicaciones y Transportes; se va a concesionar, vamos a sacar adelante ese puente\u201d, detall\u00f3.<\/p>\n\n\n\n<p>\u201cSe van a ampliar los programas sociales, vamos a platicar de eso, quedamos que \u00e9l nos va a apoyar a todos los gobernadores electos y que nosotros le pongamos tambi\u00e9n una parte en nuestro estado\u201d.<\/p>\n\n\n\n<p>Tal y como lo adelant\u00f3 el presidente en su conferencia ma\u00f1anera, el men\u00fa que degustaron consisti\u00f3 en platillos t\u00edpicos del sureste de M\u00e9xico, de donde es originario L\u00f3pez Obrador, como tamales de chipil\u00edn, puchero, frijol con puerco, tostones, torrejas y agua de matal\u00ed.<\/p>\n\n\n\n<p>Junto con Rub\u00e9n Rocha Moya, estuvieron con el presidente Andr\u00e9s Manuel L\u00f3pez Obrador, las y los gobernadores electos: Marina del Pilar, de Baja California; V\u00edctor Castro, de Baja California Sur; Indira Vizca\u00edno, Colima; Layda Sansores, Campeche; Evelyn Salgado, Guerrero; Lorena Cu\u00e9llar, Tlaxcala; Miguel Navarro, Nayarit; Alfredo Ram\u00edrez, Michoac\u00e1n; Alfonso Durazo, Sonora; y David Monreal, de Zacatecas.<\/p>\n","protected":false},"excerpt":{"rendered":"<p>El pr\u00f3ximo gobernador del estado se\u00f1al\u00f3 que L\u00f3pez Obrador refrend\u00f3 su apoyo a agricultores y pescadores, y total disposici\u00f3n para ampliar programas sociales Ciudad de M\u00e9xico.- Al salir de la comida que ofreci\u00f3 el presidente Andr\u00e9s Manuel L\u00f3pez Obrador en Palacio Nacional a los 11 gobernadores electos de Morena y sus aliados, Rub\u00e9n Rocha Moya [&hellip;]<\/p>\n","protected":false},"author":4,"featured_media":5861,"comment_status":"open","ping_status":"open","sticky":false,"template":"","format":"standard","meta":{"tdm_status":"","tdm_grid_status":"","footnotes":""},"categories":[37],"tags":[247,297,1003,52],"class_list":{"0":"post-5860","1":"post","2":"type-post","3":"status-publish","4":"format-standard","5":"has-post-thumbnail","7":"category-nota-principal","8":"tag-amlo","9":"tag-andres-manuel-lopez-obrador","10":"tag-gobernador-electo","11":"tag-ruben-rocha-moya"},"yoast_head":"<!-- This site is optimized with the Yoast SEO plugin v27.4 - https:\/\/yoast.com\/product\/yoast-seo-wordpress\/ -->\n<title>Obras trascendentales para Sinaloa compromete AMLO a gesti\u00f3n de Rocha - Fuentes Fidedignas<\/title>\n<meta name=\"robots\" content=\"index, follow, max-snippet:-1, max-image-preview:large, max-video-preview:-1\" \/>\n<link rel=\"canonical\" href=\"https:\/\/fuentesfidedignas.com.mx\/index.php\/2021\/06\/24\/obras-trascendentales-para-sinaloa-compromete-amlo-a-gestion-de-rocha\/\" \/>\n<meta property=\"og:locale\" content=\"es_MX\" \/>\n<meta property=\"og:type\" content=\"article\" \/>\n<meta property=\"og:title\" content=\"Obras trascendentales para Sinaloa compromete AMLO a gesti\u00f3n de Rocha - Fuentes Fidedignas\" \/>\n<meta property=\"og:description\" content=\"El pr\u00f3ximo gobernador del estado se\u00f1al\u00f3 que L\u00f3pez Obrador refrend\u00f3 su apoyo a agricultores y pescadores, y total disposici\u00f3n para ampliar programas sociales Ciudad de M\u00e9xico.- Al salir de la comida que ofreci\u00f3 el presidente Andr\u00e9s Manuel L\u00f3pez Obrador en Palacio Nacional a los 11 gobernadores electos de Morena y sus aliados, Rub\u00e9n Rocha Moya [&hellip;]\" \/>\n<meta property=\"og:url\" content=\"https:\/\/fuentesfidedignas.com.mx\/index.php\/2021\/06\/24\/obras-trascendentales-para-sinaloa-compromete-amlo-a-gestion-de-rocha\/\" \/>\n<meta property=\"og:site_name\" content=\"Fuentes Fidedignas\" \/>\n<meta property=\"article:publisher\" content=\"https:\/\/www.facebook.com\/Fuentes-Fidedignas-368234489921644\" \/>\n<meta property=\"article:published_time\" content=\"2021-06-25T01:05:22+00:00\" \/>\n<meta property=\"article:modified_time\" content=\"2021-06-25T01:05:23+00:00\" \/>\n<meta property=\"og:image\" content=\"https:\/\/fuentesfidedignas.com.mx\/wp-content\/uploads\/2021\/06\/WhatsApp-Image-2021-06-24-at-7.01.36-PM.jpeg\" \/>\n\t<meta property=\"og:image:width\" content=\"1280\" \/>\n\t<meta property=\"og:image:height\" content=\"853\" \/>\n\t<meta property=\"og:image:type\" content=\"image\/jpeg\" \/>\n<meta name=\"author\" content=\"Redacci\u00f3n\" \/>\n<meta name=\"twitter:card\" content=\"summary_large_image\" \/>\n<meta name=\"twitter:creator\" content=\"@fidedignas\" \/>\n<meta name=\"twitter:site\" content=\"@fidedignas\" \/>\n<meta name=\"twitter:label1\" content=\"Escrito por\" \/>\n\t<meta name=\"twitter:data1\" content=\"Redacci\u00f3n\" \/>\n\t<meta name=\"twitter:label2\" content=\"Tiempo de lectura\" \/>\n\t<meta name=\"twitter:data2\" content=\"2 minutos\" \/>\n<script type=\"application\/ld+json\" class=\"yoast-schema-graph\">{\"@context\":\"https:\\\/\\\/schema.org\",\"@graph\":[{\"@type\":\"Article\",\"@id\":\"https:\\\/\\\/fuentesfidedignas.com.mx\\\/index.php\\\/2021\\\/06\\\/24\\\/obras-trascendentales-para-sinaloa-compromete-amlo-a-gestion-de-rocha\\\/#article\",\"isPartOf\":{\"@id\":\"https:\\\/\\\/fuentesfidedignas.com.mx\\\/index.php\\\/2021\\\/06\\\/24\\\/obras-trascendentales-para-sinaloa-compromete-amlo-a-gestion-de-rocha\\\/\"},\"author\":{\"name\":\"Redacci\u00f3n\",\"@id\":\"https:\\\/\\\/fuentesfidedignas.com.mx\\\/#\\\/schema\\\/person\\\/331be9283d37198e2acd5750279085b0\"},\"headline\":\"Obras trascendentales para Sinaloa compromete AMLO a gesti\u00f3n de Rocha\",\"datePublished\":\"2021-06-25T01:05:22+00:00\",\"dateModified\":\"2021-06-25T01:05:23+00:00\",\"mainEntityOfPage\":{\"@id\":\"https:\\\/\\\/fuentesfidedignas.com.mx\\\/index.php\\\/2021\\\/06\\\/24\\\/obras-trascendentales-para-sinaloa-compromete-amlo-a-gestion-de-rocha\\\/\"},\"wordCount\":388,\"commentCount\":0,\"publisher\":{\"@id\":\"https:\\\/\\\/fuentesfidedignas.com.mx\\\/#organization\"},\"image\":{\"@id\":\"https:\\\/\\\/fuentesfidedignas.com.mx\\\/index.php\\\/2021\\\/06\\\/24\\\/obras-trascendentales-para-sinaloa-compromete-amlo-a-gestion-de-rocha\\\/#primaryimage\"},\"thumbnailUrl\":\"https:\\\/\\\/fuentesfidedignas.com.mx\\\/wp-content\\\/uploads\\\/2021\\\/06\\\/WhatsApp-Image-2021-06-24-at-7.01.36-PM.jpeg\",\"keywords\":[\"AMLO\",\"Andr\u00e9s Manuel L\u00f3pez Obrador\",\"Gobernador electo\",\"Rub\u00e9n Rocha Moya\"],\"articleSection\":[\"NOTA PRINCIPAL\"],\"inLanguage\":\"es\",\"potentialAction\":[{\"@type\":\"CommentAction\",\"name\":\"Comment\",\"target\":[\"https:\\\/\\\/fuentesfidedignas.com.mx\\\/index.php\\\/2021\\\/06\\\/24\\\/obras-trascendentales-para-sinaloa-compromete-amlo-a-gestion-de-rocha\\\/#respond\"]}]},{\"@type\":\"WebPage\",\"@id\":\"https:\\\/\\\/fuentesfidedignas.com.mx\\\/index.php\\\/2021\\\/06\\\/24\\\/obras-trascendentales-para-sinaloa-compromete-amlo-a-gestion-de-rocha\\\/\",\"url\":\"https:\\\/\\\/fuentesfidedignas.com.mx\\\/index.php\\\/2021\\\/06\\\/24\\\/obras-trascendentales-para-sinaloa-compromete-amlo-a-gestion-de-rocha\\\/\",\"name\":\"Obras trascendentales para Sinaloa compromete AMLO a gesti\u00f3n de Rocha - Fuentes Fidedignas\",\"isPartOf\":{\"@id\":\"https:\\\/\\\/fuentesfidedignas.com.mx\\\/#website\"},\"primaryImageOfPage\":{\"@id\":\"https:\\\/\\\/fuentesfidedignas.com.mx\\\/index.php\\\/2021\\\/06\\\/24\\\/obras-trascendentales-para-sinaloa-compromete-amlo-a-gestion-de-rocha\\\/#primaryimage\"},\"image\":{\"@id\":\"https:\\\/\\\/fuentesfidedignas.com.mx\\\/index.php\\\/2021\\\/06\\\/24\\\/obras-trascendentales-para-sinaloa-compromete-amlo-a-gestion-de-rocha\\\/#primaryimage\"},\"thumbnailUrl\":\"https:\\\/\\\/fuentesfidedignas.com.mx\\\/wp-content\\\/uploads\\\/2021\\\/06\\\/WhatsApp-Image-2021-06-24-at-7.01.36-PM.jpeg\",\"datePublished\":\"2021-06-25T01:05:22+00:00\",\"dateModified\":\"2021-06-25T01:05:23+00:00\",\"breadcrumb\":{\"@id\":\"https:\\\/\\\/fuentesfidedignas.com.mx\\\/index.php\\\/2021\\\/06\\\/24\\\/obras-trascendentales-para-sinaloa-compromete-amlo-a-gestion-de-rocha\\\/#breadcrumb\"},\"inLanguage\":\"es\",\"potentialAction\":[{\"@type\":\"ReadAction\",\"target\":[\"https:\\\/\\\/fuentesfidedignas.com.mx\\\/index.php\\\/2021\\\/06\\\/24\\\/obras-trascendentales-para-sinaloa-compromete-amlo-a-gestion-de-rocha\\\/\"]}]},{\"@type\":\"ImageObject\",\"inLanguage\":\"es\",\"@id\":\"https:\\\/\\\/fuentesfidedignas.com.mx\\\/index.php\\\/2021\\\/06\\\/24\\\/obras-trascendentales-para-sinaloa-compromete-amlo-a-gestion-de-rocha\\\/#primaryimage\",\"url\":\"https:\\\/\\\/fuentesfidedignas.com.mx\\\/wp-content\\\/uploads\\\/2021\\\/06\\\/WhatsApp-Image-2021-06-24-at-7.01.36-PM.jpeg\",\"contentUrl\":\"https:\\\/\\\/fuentesfidedignas.com.mx\\\/wp-content\\\/uploads\\\/2021\\\/06\\\/WhatsApp-Image-2021-06-24-at-7.01.36-PM.jpeg\",\"width\":1280,\"height\":853},{\"@type\":\"BreadcrumbList\",\"@id\":\"https:\\\/\\\/fuentesfidedignas.com.mx\\\/index.php\\\/2021\\\/06\\\/24\\\/obras-trascendentales-para-sinaloa-compromete-amlo-a-gestion-de-rocha\\\/#breadcrumb\",\"itemListElement\":[{\"@type\":\"ListItem\",\"position\":1,\"name\":\"Inicio\",\"item\":\"https:\\\/\\\/fuentesfidedignas.com.mx\\\/\"},{\"@type\":\"ListItem\",\"position\":2,\"name\":\"Obras trascendentales para Sinaloa compromete AMLO a gesti\u00f3n de Rocha\"}]},{\"@type\":\"WebSite\",\"@id\":\"https:\\\/\\\/fuentesfidedignas.com.mx\\\/#website\",\"url\":\"https:\\\/\\\/fuentesfidedignas.com.mx\\\/\",\"name\":\"Fuentes Fidedignas\",\"description\":\"Otro sitio realizado con WordPress\",\"publisher\":{\"@id\":\"https:\\\/\\\/fuentesfidedignas.com.mx\\\/#organization\"},\"potentialAction\":[{\"@type\":\"SearchAction\",\"target\":{\"@type\":\"EntryPoint\",\"urlTemplate\":\"https:\\\/\\\/fuentesfidedignas.com.mx\\\/?s={search_term_string}\"},\"query-input\":{\"@type\":\"PropertyValueSpecification\",\"valueRequired\":true,\"valueName\":\"search_term_string\"}}],\"inLanguage\":\"es\"},{\"@type\":\"Organization\",\"@id\":\"https:\\\/\\\/fuentesfidedignas.com.mx\\\/#organization\",\"name\":\"Fuentes Fidedignas\",\"url\":\"https:\\\/\\\/fuentesfidedignas.com.mx\\\/\",\"logo\":{\"@type\":\"ImageObject\",\"inLanguage\":\"es\",\"@id\":\"https:\\\/\\\/fuentesfidedignas.com.mx\\\/#\\\/schema\\\/logo\\\/image\\\/\",\"url\":\"https:\\\/\\\/fuentesfidedignas.com.mx\\\/wp-content\\\/uploads\\\/2021\\\/04\\\/logo-retina.png\",\"contentUrl\":\"https:\\\/\\\/fuentesfidedignas.com.mx\\\/wp-content\\\/uploads\\\/2021\\\/04\\\/logo-retina.png\",\"width\":280,\"height\":51,\"caption\":\"Fuentes Fidedignas\"},\"image\":{\"@id\":\"https:\\\/\\\/fuentesfidedignas.com.mx\\\/#\\\/schema\\\/logo\\\/image\\\/\"},\"sameAs\":[\"https:\\\/\\\/www.facebook.com\\\/Fuentes-Fidedignas-368234489921644\",\"https:\\\/\\\/x.com\\\/fidedignas\"]},{\"@type\":\"Person\",\"@id\":\"https:\\\/\\\/fuentesfidedignas.com.mx\\\/#\\\/schema\\\/person\\\/331be9283d37198e2acd5750279085b0\",\"name\":\"Redacci\u00f3n\",\"image\":{\"@type\":\"ImageObject\",\"inLanguage\":\"es\",\"@id\":\"https:\\\/\\\/secure.gravatar.com\\\/avatar\\\/f6d8782c11d12b2d4ad3fbb6931aeab5309937a4d6cd2fc9cfaa28a6396a5aec?s=96&d=mm&r=g\",\"url\":\"https:\\\/\\\/secure.gravatar.com\\\/avatar\\\/f6d8782c11d12b2d4ad3fbb6931aeab5309937a4d6cd2fc9cfaa28a6396a5aec?s=96&d=mm&r=g\",\"contentUrl\":\"https:\\\/\\\/secure.gravatar.com\\\/avatar\\\/f6d8782c11d12b2d4ad3fbb6931aeab5309937a4d6cd2fc9cfaa28a6396a5aec?s=96&d=mm&r=g\",\"caption\":\"Redacci\u00f3n\"},\"url\":\"https:\\\/\\\/fuentesfidedignas.com.mx\\\/index.php\\\/author\\\/redaccion\\\/\"}]}<\/script>\n<!-- \/ Yoast SEO plugin. -->","yoast_head_json":{"title":"Obras trascendentales para Sinaloa compromete AMLO a gesti\u00f3n de Rocha - Fuentes Fidedignas","robots":{"index":"index","follow":"follow","max-snippet":"max-snippet:-1","max-image-preview":"max-image-preview:large","max-video-preview":"max-video-preview:-1"},"canonical":"https:\/\/fuentesfidedignas.com.mx\/index.php\/2021\/06\/24\/obras-trascendentales-para-sinaloa-compromete-amlo-a-gestion-de-rocha\/","og_locale":"es_MX","og_type":"article","og_title":"Obras trascendentales para Sinaloa compromete AMLO a gesti\u00f3n de Rocha - Fuentes Fidedignas","og_description":"El pr\u00f3ximo gobernador del estado se\u00f1al\u00f3 que L\u00f3pez Obrador refrend\u00f3 su apoyo a agricultores y pescadores, y total disposici\u00f3n para ampliar programas sociales Ciudad de M\u00e9xico.- Al salir de la comida que ofreci\u00f3 el presidente Andr\u00e9s Manuel L\u00f3pez Obrador en Palacio Nacional a los 11 gobernadores electos de Morena y sus aliados, Rub\u00e9n Rocha Moya [&hellip;]","og_url":"https:\/\/fuentesfidedignas.com.mx\/index.php\/2021\/06\/24\/obras-trascendentales-para-sinaloa-compromete-amlo-a-gestion-de-rocha\/","og_site_name":"Fuentes Fidedignas","article_publisher":"https:\/\/www.facebook.com\/Fuentes-Fidedignas-368234489921644","article_published_time":"2021-06-25T01:05:22+00:00","article_modified_time":"2021-06-25T01:05:23+00:00","og_image":[{"width":1280,"height":853,"url":"https:\/\/fuentesfidedignas.com.mx\/wp-content\/uploads\/2021\/06\/WhatsApp-Image-2021-06-24-at-7.01.36-PM.jpeg","type":"image\/jpeg"}],"author":"Redacci\u00f3n","twitter_card":"summary_large_image","twitter_creator":"@fidedignas","twitter_site":"@fidedignas","twitter_misc":{"Escrito por":"Redacci\u00f3n","Tiempo de lectura":"2 minutos"},"schema":{"@context":"https:\/\/schema.org","@graph":[{"@type":"Article","@id":"https:\/\/fuentesfidedignas.com.mx\/index.php\/2021\/06\/24\/obras-trascendentales-para-sinaloa-compromete-amlo-a-gestion-de-rocha\/#article","isPartOf":{"@id":"https:\/\/fuentesfidedignas.com.mx\/index.php\/2021\/06\/24\/obras-trascendentales-para-sinaloa-compromete-amlo-a-gestion-de-rocha\/"},"author":{"name":"Redacci\u00f3n","@id":"https:\/\/fuentesfidedignas.com.mx\/#\/schema\/person\/331be9283d37198e2acd5750279085b0"},"headline":"Obras trascendentales para Sinaloa compromete AMLO a gesti\u00f3n de Rocha","datePublished":"2021-06-25T01:05:22+00:00","dateModified":"2021-06-25T01:05:23+00:00","mainEntityOfPage":{"@id":"https:\/\/fuentesfidedignas.com.mx\/index.php\/2021\/06\/24\/obras-trascendentales-para-sinaloa-compromete-amlo-a-gestion-de-rocha\/"},"wordCount":388,"commentCount":0,"publisher":{"@id":"https:\/\/fuentesfidedignas.com.mx\/#organization"},"image":{"@id":"https:\/\/fuentesfidedignas.com.mx\/index.php\/2021\/06\/24\/obras-trascendentales-para-sinaloa-compromete-amlo-a-gestion-de-rocha\/#primaryimage"},"thumbnailUrl":"https:\/\/fuentesfidedignas.com.mx\/wp-content\/uploads\/2021\/06\/WhatsApp-Image-2021-06-24-at-7.01.36-PM.jpeg","keywords":["AMLO","Andr\u00e9s Manuel L\u00f3pez Obrador","Gobernador electo","Rub\u00e9n Rocha Moya"],"articleSection":["NOTA PRINCIPAL"],"inLanguage":"es","potentialAction":[{"@type":"CommentAction","name":"Comment","target":["https:\/\/fuentesfidedignas.com.mx\/index.php\/2021\/06\/24\/obras-trascendentales-para-sinaloa-compromete-amlo-a-gestion-de-rocha\/#respond"]}]},{"@type":"WebPage","@id":"https:\/\/fuentesfidedignas.com.mx\/index.php\/2021\/06\/24\/obras-trascendentales-para-sinaloa-compromete-amlo-a-gestion-de-rocha\/","url":"https:\/\/fuentesfidedignas.com.mx\/index.php\/2021\/06\/24\/obras-trascendentales-para-sinaloa-compromete-amlo-a-gestion-de-rocha\/","name":"Obras trascendentales para Sinaloa compromete AMLO a gesti\u00f3n de Rocha - Fuentes Fidedignas","isPartOf":{"@id":"https:\/\/fuentesfidedignas.com.mx\/#website"},"primaryImageOfPage":{"@id":"https:\/\/fuentesfidedignas.com.mx\/index.php\/2021\/06\/24\/obras-trascendentales-para-sinaloa-compromete-amlo-a-gestion-de-rocha\/#primaryimage"},"image":{"@id":"https:\/\/fuentesfidedignas.com.mx\/index.php\/2021\/06\/24\/obras-trascendentales-para-sinaloa-compromete-amlo-a-gestion-de-rocha\/#primaryimage"},"thumbnailUrl":"https:\/\/fuentesfidedignas.com.mx\/wp-content\/uploads\/2021\/06\/WhatsApp-Image-2021-06-24-at-7.01.36-PM.jpeg","datePublished":"2021-06-25T01:05:22+00:00","dateModified":"2021-06-25T01:05:23+00:00","breadcrumb":{"@id":"https:\/\/fuentesfidedignas.com.mx\/index.php\/2021\/06\/24\/obras-trascendentales-para-sinaloa-compromete-amlo-a-gestion-de-rocha\/#breadcrumb"},"inLanguage":"es","potentialAction":[{"@type":"ReadAction","target":["https:\/\/fuentesfidedignas.com.mx\/index.php\/2021\/06\/24\/obras-trascendentales-para-sinaloa-compromete-amlo-a-gestion-de-rocha\/"]}]},{"@type":"ImageObject","inLanguage":"es","@id":"https:\/\/fuentesfidedignas.com.mx\/index.php\/2021\/06\/24\/obras-trascendentales-para-sinaloa-compromete-amlo-a-gestion-de-rocha\/#primaryimage","url":"https:\/\/fuentesfidedignas.com.mx\/wp-content\/uploads\/2021\/06\/WhatsApp-Image-2021-06-24-at-7.01.36-PM.jpeg","contentUrl":"https:\/\/fuentesfidedignas.com.mx\/wp-content\/uploads\/2021\/06\/WhatsApp-Image-2021-06-24-at-7.01.36-PM.jpeg","width":1280,"height":853},{"@type":"BreadcrumbList","@id":"https:\/\/fuentesfidedignas.com.mx\/index.php\/2021\/06\/24\/obras-trascendentales-para-sinaloa-compromete-amlo-a-gestion-de-rocha\/#breadcrumb","itemListElement":[{"@type":"ListItem","position":1,"name":"Inicio","item":"https:\/\/fuentesfidedignas.com.mx\/"},{"@type":"ListItem","position":2,"name":"Obras trascendentales para Sinaloa compromete AMLO a gesti\u00f3n de Rocha"}]},{"@type":"WebSite","@id":"https:\/\/fuentesfidedignas.com.mx\/#website","url":"https:\/\/fuentesfidedignas.com.mx\/","name":"Fuentes Fidedignas","description":"Otro sitio realizado con WordPress","publisher":{"@id":"https:\/\/fuentesfidedignas.com.mx\/#organization"},"potentialAction":[{"@type":"SearchAction","target":{"@type":"EntryPoint","urlTemplate":"https:\/\/fuentesfidedignas.com.mx\/?s={search_term_string}"},"query-input":{"@type":"PropertyValueSpecification","valueRequired":true,"valueName":"search_term_string"}}],"inLanguage":"es"},{"@type":"Organization","@id":"https:\/\/fuentesfidedignas.com.mx\/#organization","name":"Fuentes Fidedignas","url":"https:\/\/fuentesfidedignas.com.mx\/","logo":{"@type":"ImageObject","inLanguage":"es","@id":"https:\/\/fuentesfidedignas.com.mx\/#\/schema\/logo\/image\/","url":"https:\/\/fuentesfidedignas.com.mx\/wp-content\/uploads\/2021\/04\/logo-retina.png","contentUrl":"https:\/\/fuentesfidedignas.com.mx\/wp-content\/uploads\/2021\/04\/logo-retina.png","width":280,"height":51,"caption":"Fuentes Fidedignas"},"image":{"@id":"https:\/\/fuentesfidedignas.com.mx\/#\/schema\/logo\/image\/"},"sameAs":["https:\/\/www.facebook.com\/Fuentes-Fidedignas-368234489921644","https:\/\/x.com\/fidedignas"]},{"@type":"Person","@id":"https:\/\/fuentesfidedignas.com.mx\/#\/schema\/person\/331be9283d37198e2acd5750279085b0","name":"Redacci\u00f3n","image":{"@type":"ImageObject","inLanguage":"es","@id":"https:\/\/secure.gravatar.com\/avatar\/f6d8782c11d12b2d4ad3fbb6931aeab5309937a4d6cd2fc9cfaa28a6396a5aec?s=96&d=mm&r=g","url":"https:\/\/secure.gravatar.com\/avatar\/f6d8782c11d12b2d4ad3fbb6931aeab5309937a4d6cd2fc9cfaa28a6396a5aec?s=96&d=mm&r=g","contentUrl":"https:\/\/secure.gravatar.com\/avatar\/f6d8782c11d12b2d4ad3fbb6931aeab5309937a4d6cd2fc9cfaa28a6396a5aec?s=96&d=mm&r=g","caption":"Redacci\u00f3n"},"url":"https:\/\/fuentesfidedignas.com.mx\/index.php\/author\/redaccion\/"}]}},"_links":{"self":[{"href":"https:\/\/fuentesfidedignas.com.mx\/index.php\/wp-json\/wp\/v2\/posts\/5860","targetHints":{"allow":["GET"]}}],"collection":[{"href":"https:\/\/fuentesfidedignas.com.mx\/index.php\/wp-json\/wp\/v2\/posts"}],"about":[{"href":"https:\/\/fuentesfidedignas.com.mx\/index.php\/wp-json\/wp\/v2\/types\/post"}],"author":[{"embeddable":true,"href":"https:\/\/fuentesfidedignas.com.mx\/index.php\/wp-json\/wp\/v2\/users\/4"}],"replies":[{"embeddable":true,"href":"https:\/\/fuentesfidedignas.com.mx\/index.php\/wp-json\/wp\/v2\/comments?post=5860"}],"version-history":[{"count":1,"href":"https:\/\/fuentesfidedignas.com.mx\/index.php\/wp-json\/wp\/v2\/posts\/5860\/revisions"}],"predecessor-version":[{"id":5862,"href":"https:\/\/fuentesfidedignas.com.mx\/index.php\/wp-json\/wp\/v2\/posts\/5860\/revisions\/5862"}],"wp:featuredmedia":[{"embeddable":true,"href":"https:\/\/fuentesfidedignas.com.mx\/index.php\/wp-json\/wp\/v2\/media\/5861"}],"wp:attachment":[{"href":"https:\/\/fuentesfidedignas.com.mx\/index.php\/wp-json\/wp\/v2\/media?parent=5860"}],"wp:term":[{"taxonomy":"category","embeddable":true,"href":"https:\/\/fuentesfidedignas.com.mx\/index.php\/wp-json\/wp\/v2\/categories?post=5860"},{"taxonomy":"post_tag","embeddable":true,"href":"https:\/\/fuentesfidedignas.com.mx\/index.php\/wp-json\/wp\/v2\/tags?post=5860"}],"curies":[{"name":"wp","href":"https:\/\/api.w.org\/{rel}","templated":true}]}}