{"id":58563,"date":"2023-09-11T12:11:33","date_gmt":"2023-09-11T19:11:33","guid":{"rendered":"https:\/\/fuentesfidedignas.com.mx\/?p=58563"},"modified":"2023-09-11T12:11:35","modified_gmt":"2023-09-11T19:11:35","slug":"roberto-zazueta-convirtio-a-la-japac-en-un-fracaso-total-paola-garate","status":"publish","type":"post","link":"https:\/\/fuentesfidedignas.com.mx\/index.php\/2023\/09\/11\/roberto-zazueta-convirtio-a-la-japac-en-un-fracaso-total-paola-garate\/","title":{"rendered":"Roberto Zazueta convirti\u00f3 a la JAPAC en un fracaso total: Paola G\u00e1rate"},"content":{"rendered":"\n<p><strong><em>Lament\u00f3 que las fallas en el servicio de agua potable y los problemas en el drenaje y alcantarillado de la ciudad capital se han convertido en algo habitual<\/em><\/strong><\/p>\n\n\n\n<p>Culiac\u00e1n, Sin.- La presidenta del Comit\u00e9 Directivo Estatal del PRI en Sinaloa, Paola Iveth G\u00e1rate Valenzuela calific\u00f3 a Roberto Alfonso Zazueta Tapia como \u201c<strong>inservible e in\u00fatil<\/strong>\u201d, al se\u00f1alarlo como responsable del deficiente servicio de la Junta Municipal de Agua potable y Alcantarillado de Culiac\u00e1n, la cual de ser un ejemplo a nivel nacional pas\u00f3 a ser un fracaso total.<\/p>\n\n\n\n<p>Tras lamentar que las fallas en el servicio de agua potable y los problemas en el drenaje y alcantarillado de la ciudad capital se han convertido en algo habitual, conden\u00f3 que varias colonias de Culiac\u00e1n se encuentran actualmente sin el vital l\u00edquido, con las consecuentes incomodidades y dificultades sanitarias.<\/p>\n\n\n\n<p><strong>\u201cEl sello de Morena es destrucci\u00f3n y poner al frente de \u00e1reas estrat\u00e9gicas a gente in\u00fatil\u201d<\/strong>, conden\u00f3.<\/p>\n\n\n\n<p>Dijo que el gobernador Rub\u00e9n Rocha Moya y su ahijado Juan de Dios G\u00e1mez Mend\u00edvil, como presidente municipal de Culiac\u00e1n, es una nulidad para atender las necesidades de la poblaci\u00f3n porque anda en campa\u00f1a y Sinaloa y la ciudad capital carecen de gobernantes.<br>\u201c<strong>Son unos ineptos<\/strong>\u201d, dijo al afirmar que no tienen cultura de la prevenci\u00f3n ni criterio para reparar baches, al hacerlo en \u201c<em>horas pico\u201d<\/em>.<\/p>\n\n\n\n<p>Critic\u00f3 al gobernador <strong>Rub\u00e9n Rocha <\/strong>quien pidi\u00f3 a los padres de familia que no paguen cuotas escolares voluntarias pero no se echa una vuelta a las escuelas al ver el deplorable estado en que se encuentran las escuelas en Sinaloa, con m\u00faltiples deficiencias y carencias.<\/p>\n\n\n\n<p>Finalmente, sostuvo que mientras los funcionarios de <strong>Morena<\/strong> se dedican a andar en campa\u00f1a en lugar de atender sus obligaciones, descuidando a la ciudadan\u00eda, advirti\u00f3 que el colmo son los libros de texto est\u00e1n cargados de ideolog\u00edas y atrocidades.<\/p>\n","protected":false},"excerpt":{"rendered":"<p>Lament\u00f3 que las fallas en el servicio de agua potable y los problemas en el drenaje y alcantarillado de la ciudad capital se han convertido en algo habitual Culiac\u00e1n, Sin.- La presidenta del Comit\u00e9 Directivo Estatal del PRI en Sinaloa, Paola Iveth G\u00e1rate Valenzuela calific\u00f3 a Roberto Alfonso Zazueta Tapia como \u201cinservible e in\u00fatil\u201d, al [&hellip;]<\/p>\n","protected":false},"author":112,"featured_media":53626,"comment_status":"open","ping_status":"open","sticky":false,"template":"","format":"standard","meta":{"tdm_status":"","tdm_grid_status":"","footnotes":""},"categories":[37],"tags":[],"class_list":{"0":"post-58563","1":"post","2":"type-post","3":"status-publish","4":"format-standard","5":"has-post-thumbnail","7":"category-nota-principal"},"yoast_head":"<!-- This site is optimized with the Yoast SEO plugin v27.4 - https:\/\/yoast.com\/product\/yoast-seo-wordpress\/ -->\n<title>Roberto Zazueta convirti\u00f3 a la JAPAC en un fracaso total: Paola G\u00e1rate - Fuentes Fidedignas<\/title>\n<meta name=\"robots\" content=\"index, follow, max-snippet:-1, max-image-preview:large, max-video-preview:-1\" \/>\n<link rel=\"canonical\" href=\"https:\/\/fuentesfidedignas.com.mx\/index.php\/2023\/09\/11\/roberto-zazueta-convirtio-a-la-japac-en-un-fracaso-total-paola-garate\/\" \/>\n<meta property=\"og:locale\" content=\"es_MX\" \/>\n<meta property=\"og:type\" content=\"article\" \/>\n<meta property=\"og:title\" content=\"Roberto Zazueta convirti\u00f3 a la JAPAC en un fracaso total: Paola G\u00e1rate - Fuentes Fidedignas\" \/>\n<meta property=\"og:description\" content=\"Lament\u00f3 que las fallas en el servicio de agua potable y los problemas en el drenaje y alcantarillado de la ciudad capital se han convertido en algo habitual Culiac\u00e1n, Sin.- La presidenta del Comit\u00e9 Directivo Estatal del PRI en Sinaloa, Paola Iveth G\u00e1rate Valenzuela calific\u00f3 a Roberto Alfonso Zazueta Tapia como \u201cinservible e in\u00fatil\u201d, al [&hellip;]\" \/>\n<meta property=\"og:url\" content=\"https:\/\/fuentesfidedignas.com.mx\/index.php\/2023\/09\/11\/roberto-zazueta-convirtio-a-la-japac-en-un-fracaso-total-paola-garate\/\" \/>\n<meta property=\"og:site_name\" content=\"Fuentes Fidedignas\" \/>\n<meta property=\"article:publisher\" content=\"https:\/\/www.facebook.com\/Fuentes-Fidedignas-368234489921644\" \/>\n<meta property=\"article:published_time\" content=\"2023-09-11T19:11:33+00:00\" \/>\n<meta property=\"article:modified_time\" content=\"2023-09-11T19:11:35+00:00\" \/>\n<meta property=\"og:image\" content=\"https:\/\/fuentesfidedignas.com.mx\/wp-content\/uploads\/2023\/07\/PAOLA-GARATE.jpg\" \/>\n\t<meta property=\"og:image:width\" content=\"600\" \/>\n\t<meta property=\"og:image:height\" content=\"468\" \/>\n\t<meta property=\"og:image:type\" content=\"image\/jpeg\" \/>\n<meta name=\"author\" content=\"Leonardo Gutierrez\" \/>\n<meta name=\"twitter:card\" content=\"summary_large_image\" \/>\n<meta name=\"twitter:creator\" content=\"@fidedignas\" \/>\n<meta name=\"twitter:site\" content=\"@fidedignas\" \/>\n<meta name=\"twitter:label1\" content=\"Escrito por\" \/>\n\t<meta name=\"twitter:data1\" content=\"Leonardo Gutierrez\" \/>\n\t<meta name=\"twitter:label2\" content=\"Tiempo de lectura\" \/>\n\t<meta name=\"twitter:data2\" content=\"2 minutos\" \/>\n<script type=\"application\/ld+json\" class=\"yoast-schema-graph\">{\"@context\":\"https:\\\/\\\/schema.org\",\"@graph\":[{\"@type\":\"Article\",\"@id\":\"https:\\\/\\\/fuentesfidedignas.com.mx\\\/index.php\\\/2023\\\/09\\\/11\\\/roberto-zazueta-convirtio-a-la-japac-en-un-fracaso-total-paola-garate\\\/#article\",\"isPartOf\":{\"@id\":\"https:\\\/\\\/fuentesfidedignas.com.mx\\\/index.php\\\/2023\\\/09\\\/11\\\/roberto-zazueta-convirtio-a-la-japac-en-un-fracaso-total-paola-garate\\\/\"},\"author\":{\"name\":\"Leonardo Gutierrez\",\"@id\":\"https:\\\/\\\/fuentesfidedignas.com.mx\\\/#\\\/schema\\\/person\\\/c77df25c00baae1d4fdc0340db6f364c\"},\"headline\":\"Roberto Zazueta convirti\u00f3 a la JAPAC en un fracaso total: Paola G\u00e1rate\",\"datePublished\":\"2023-09-11T19:11:33+00:00\",\"dateModified\":\"2023-09-11T19:11:35+00:00\",\"mainEntityOfPage\":{\"@id\":\"https:\\\/\\\/fuentesfidedignas.com.mx\\\/index.php\\\/2023\\\/09\\\/11\\\/roberto-zazueta-convirtio-a-la-japac-en-un-fracaso-total-paola-garate\\\/\"},\"wordCount\":340,\"commentCount\":0,\"publisher\":{\"@id\":\"https:\\\/\\\/fuentesfidedignas.com.mx\\\/#organization\"},\"image\":{\"@id\":\"https:\\\/\\\/fuentesfidedignas.com.mx\\\/index.php\\\/2023\\\/09\\\/11\\\/roberto-zazueta-convirtio-a-la-japac-en-un-fracaso-total-paola-garate\\\/#primaryimage\"},\"thumbnailUrl\":\"https:\\\/\\\/fuentesfidedignas.com.mx\\\/wp-content\\\/uploads\\\/2023\\\/07\\\/PAOLA-GARATE.jpg\",\"articleSection\":[\"NOTA PRINCIPAL\"],\"inLanguage\":\"es\",\"potentialAction\":[{\"@type\":\"CommentAction\",\"name\":\"Comment\",\"target\":[\"https:\\\/\\\/fuentesfidedignas.com.mx\\\/index.php\\\/2023\\\/09\\\/11\\\/roberto-zazueta-convirtio-a-la-japac-en-un-fracaso-total-paola-garate\\\/#respond\"]}]},{\"@type\":\"WebPage\",\"@id\":\"https:\\\/\\\/fuentesfidedignas.com.mx\\\/index.php\\\/2023\\\/09\\\/11\\\/roberto-zazueta-convirtio-a-la-japac-en-un-fracaso-total-paola-garate\\\/\",\"url\":\"https:\\\/\\\/fuentesfidedignas.com.mx\\\/index.php\\\/2023\\\/09\\\/11\\\/roberto-zazueta-convirtio-a-la-japac-en-un-fracaso-total-paola-garate\\\/\",\"name\":\"Roberto Zazueta convirti\u00f3 a la JAPAC en un fracaso total: Paola G\u00e1rate - Fuentes Fidedignas\",\"isPartOf\":{\"@id\":\"https:\\\/\\\/fuentesfidedignas.com.mx\\\/#website\"},\"primaryImageOfPage\":{\"@id\":\"https:\\\/\\\/fuentesfidedignas.com.mx\\\/index.php\\\/2023\\\/09\\\/11\\\/roberto-zazueta-convirtio-a-la-japac-en-un-fracaso-total-paola-garate\\\/#primaryimage\"},\"image\":{\"@id\":\"https:\\\/\\\/fuentesfidedignas.com.mx\\\/index.php\\\/2023\\\/09\\\/11\\\/roberto-zazueta-convirtio-a-la-japac-en-un-fracaso-total-paola-garate\\\/#primaryimage\"},\"thumbnailUrl\":\"https:\\\/\\\/fuentesfidedignas.com.mx\\\/wp-content\\\/uploads\\\/2023\\\/07\\\/PAOLA-GARATE.jpg\",\"datePublished\":\"2023-09-11T19:11:33+00:00\",\"dateModified\":\"2023-09-11T19:11:35+00:00\",\"breadcrumb\":{\"@id\":\"https:\\\/\\\/fuentesfidedignas.com.mx\\\/index.php\\\/2023\\\/09\\\/11\\\/roberto-zazueta-convirtio-a-la-japac-en-un-fracaso-total-paola-garate\\\/#breadcrumb\"},\"inLanguage\":\"es\",\"potentialAction\":[{\"@type\":\"ReadAction\",\"target\":[\"https:\\\/\\\/fuentesfidedignas.com.mx\\\/index.php\\\/2023\\\/09\\\/11\\\/roberto-zazueta-convirtio-a-la-japac-en-un-fracaso-total-paola-garate\\\/\"]}]},{\"@type\":\"ImageObject\",\"inLanguage\":\"es\",\"@id\":\"https:\\\/\\\/fuentesfidedignas.com.mx\\\/index.php\\\/2023\\\/09\\\/11\\\/roberto-zazueta-convirtio-a-la-japac-en-un-fracaso-total-paola-garate\\\/#primaryimage\",\"url\":\"https:\\\/\\\/fuentesfidedignas.com.mx\\\/wp-content\\\/uploads\\\/2023\\\/07\\\/PAOLA-GARATE.jpg\",\"contentUrl\":\"https:\\\/\\\/fuentesfidedignas.com.mx\\\/wp-content\\\/uploads\\\/2023\\\/07\\\/PAOLA-GARATE.jpg\",\"width\":600,\"height\":468},{\"@type\":\"BreadcrumbList\",\"@id\":\"https:\\\/\\\/fuentesfidedignas.com.mx\\\/index.php\\\/2023\\\/09\\\/11\\\/roberto-zazueta-convirtio-a-la-japac-en-un-fracaso-total-paola-garate\\\/#breadcrumb\",\"itemListElement\":[{\"@type\":\"ListItem\",\"position\":1,\"name\":\"Inicio\",\"item\":\"https:\\\/\\\/fuentesfidedignas.com.mx\\\/\"},{\"@type\":\"ListItem\",\"position\":2,\"name\":\"Roberto Zazueta convirti\u00f3 a la JAPAC en un fracaso total: Paola G\u00e1rate\"}]},{\"@type\":\"WebSite\",\"@id\":\"https:\\\/\\\/fuentesfidedignas.com.mx\\\/#website\",\"url\":\"https:\\\/\\\/fuentesfidedignas.com.mx\\\/\",\"name\":\"Fuentes Fidedignas\",\"description\":\"Otro sitio realizado con WordPress\",\"publisher\":{\"@id\":\"https:\\\/\\\/fuentesfidedignas.com.mx\\\/#organization\"},\"potentialAction\":[{\"@type\":\"SearchAction\",\"target\":{\"@type\":\"EntryPoint\",\"urlTemplate\":\"https:\\\/\\\/fuentesfidedignas.com.mx\\\/?s={search_term_string}\"},\"query-input\":{\"@type\":\"PropertyValueSpecification\",\"valueRequired\":true,\"valueName\":\"search_term_string\"}}],\"inLanguage\":\"es\"},{\"@type\":\"Organization\",\"@id\":\"https:\\\/\\\/fuentesfidedignas.com.mx\\\/#organization\",\"name\":\"Fuentes Fidedignas\",\"url\":\"https:\\\/\\\/fuentesfidedignas.com.mx\\\/\",\"logo\":{\"@type\":\"ImageObject\",\"inLanguage\":\"es\",\"@id\":\"https:\\\/\\\/fuentesfidedignas.com.mx\\\/#\\\/schema\\\/logo\\\/image\\\/\",\"url\":\"https:\\\/\\\/fuentesfidedignas.com.mx\\\/wp-content\\\/uploads\\\/2021\\\/04\\\/logo-retina.png\",\"contentUrl\":\"https:\\\/\\\/fuentesfidedignas.com.mx\\\/wp-content\\\/uploads\\\/2021\\\/04\\\/logo-retina.png\",\"width\":280,\"height\":51,\"caption\":\"Fuentes Fidedignas\"},\"image\":{\"@id\":\"https:\\\/\\\/fuentesfidedignas.com.mx\\\/#\\\/schema\\\/logo\\\/image\\\/\"},\"sameAs\":[\"https:\\\/\\\/www.facebook.com\\\/Fuentes-Fidedignas-368234489921644\",\"https:\\\/\\\/x.com\\\/fidedignas\"]},{\"@type\":\"Person\",\"@id\":\"https:\\\/\\\/fuentesfidedignas.com.mx\\\/#\\\/schema\\\/person\\\/c77df25c00baae1d4fdc0340db6f364c\",\"name\":\"Leonardo Gutierrez\",\"image\":{\"@type\":\"ImageObject\",\"inLanguage\":\"es\",\"@id\":\"https:\\\/\\\/secure.gravatar.com\\\/avatar\\\/17b13a7a986cc98ca4d7337340bcac5945cbae677961c354aefb3c7962c8cc1f?s=96&d=mm&r=g\",\"url\":\"https:\\\/\\\/secure.gravatar.com\\\/avatar\\\/17b13a7a986cc98ca4d7337340bcac5945cbae677961c354aefb3c7962c8cc1f?s=96&d=mm&r=g\",\"contentUrl\":\"https:\\\/\\\/secure.gravatar.com\\\/avatar\\\/17b13a7a986cc98ca4d7337340bcac5945cbae677961c354aefb3c7962c8cc1f?s=96&d=mm&r=g\",\"caption\":\"Leonardo Gutierrez\"},\"url\":\"https:\\\/\\\/fuentesfidedignas.com.mx\\\/index.php\\\/author\\\/leonardogut\\\/\"}]}<\/script>\n<!-- \/ Yoast SEO plugin. -->","yoast_head_json":{"title":"Roberto Zazueta convirti\u00f3 a la JAPAC en un fracaso total: Paola G\u00e1rate - Fuentes Fidedignas","robots":{"index":"index","follow":"follow","max-snippet":"max-snippet:-1","max-image-preview":"max-image-preview:large","max-video-preview":"max-video-preview:-1"},"canonical":"https:\/\/fuentesfidedignas.com.mx\/index.php\/2023\/09\/11\/roberto-zazueta-convirtio-a-la-japac-en-un-fracaso-total-paola-garate\/","og_locale":"es_MX","og_type":"article","og_title":"Roberto Zazueta convirti\u00f3 a la JAPAC en un fracaso total: Paola G\u00e1rate - Fuentes Fidedignas","og_description":"Lament\u00f3 que las fallas en el servicio de agua potable y los problemas en el drenaje y alcantarillado de la ciudad capital se han convertido en algo habitual Culiac\u00e1n, Sin.- La presidenta del Comit\u00e9 Directivo Estatal del PRI en Sinaloa, Paola Iveth G\u00e1rate Valenzuela calific\u00f3 a Roberto Alfonso Zazueta Tapia como \u201cinservible e in\u00fatil\u201d, al [&hellip;]","og_url":"https:\/\/fuentesfidedignas.com.mx\/index.php\/2023\/09\/11\/roberto-zazueta-convirtio-a-la-japac-en-un-fracaso-total-paola-garate\/","og_site_name":"Fuentes Fidedignas","article_publisher":"https:\/\/www.facebook.com\/Fuentes-Fidedignas-368234489921644","article_published_time":"2023-09-11T19:11:33+00:00","article_modified_time":"2023-09-11T19:11:35+00:00","og_image":[{"width":600,"height":468,"url":"https:\/\/fuentesfidedignas.com.mx\/wp-content\/uploads\/2023\/07\/PAOLA-GARATE.jpg","type":"image\/jpeg"}],"author":"Leonardo Gutierrez","twitter_card":"summary_large_image","twitter_creator":"@fidedignas","twitter_site":"@fidedignas","twitter_misc":{"Escrito por":"Leonardo Gutierrez","Tiempo de lectura":"2 minutos"},"schema":{"@context":"https:\/\/schema.org","@graph":[{"@type":"Article","@id":"https:\/\/fuentesfidedignas.com.mx\/index.php\/2023\/09\/11\/roberto-zazueta-convirtio-a-la-japac-en-un-fracaso-total-paola-garate\/#article","isPartOf":{"@id":"https:\/\/fuentesfidedignas.com.mx\/index.php\/2023\/09\/11\/roberto-zazueta-convirtio-a-la-japac-en-un-fracaso-total-paola-garate\/"},"author":{"name":"Leonardo Gutierrez","@id":"https:\/\/fuentesfidedignas.com.mx\/#\/schema\/person\/c77df25c00baae1d4fdc0340db6f364c"},"headline":"Roberto Zazueta convirti\u00f3 a la JAPAC en un fracaso total: Paola G\u00e1rate","datePublished":"2023-09-11T19:11:33+00:00","dateModified":"2023-09-11T19:11:35+00:00","mainEntityOfPage":{"@id":"https:\/\/fuentesfidedignas.com.mx\/index.php\/2023\/09\/11\/roberto-zazueta-convirtio-a-la-japac-en-un-fracaso-total-paola-garate\/"},"wordCount":340,"commentCount":0,"publisher":{"@id":"https:\/\/fuentesfidedignas.com.mx\/#organization"},"image":{"@id":"https:\/\/fuentesfidedignas.com.mx\/index.php\/2023\/09\/11\/roberto-zazueta-convirtio-a-la-japac-en-un-fracaso-total-paola-garate\/#primaryimage"},"thumbnailUrl":"https:\/\/fuentesfidedignas.com.mx\/wp-content\/uploads\/2023\/07\/PAOLA-GARATE.jpg","articleSection":["NOTA PRINCIPAL"],"inLanguage":"es","potentialAction":[{"@type":"CommentAction","name":"Comment","target":["https:\/\/fuentesfidedignas.com.mx\/index.php\/2023\/09\/11\/roberto-zazueta-convirtio-a-la-japac-en-un-fracaso-total-paola-garate\/#respond"]}]},{"@type":"WebPage","@id":"https:\/\/fuentesfidedignas.com.mx\/index.php\/2023\/09\/11\/roberto-zazueta-convirtio-a-la-japac-en-un-fracaso-total-paola-garate\/","url":"https:\/\/fuentesfidedignas.com.mx\/index.php\/2023\/09\/11\/roberto-zazueta-convirtio-a-la-japac-en-un-fracaso-total-paola-garate\/","name":"Roberto Zazueta convirti\u00f3 a la JAPAC en un fracaso total: Paola G\u00e1rate - Fuentes Fidedignas","isPartOf":{"@id":"https:\/\/fuentesfidedignas.com.mx\/#website"},"primaryImageOfPage":{"@id":"https:\/\/fuentesfidedignas.com.mx\/index.php\/2023\/09\/11\/roberto-zazueta-convirtio-a-la-japac-en-un-fracaso-total-paola-garate\/#primaryimage"},"image":{"@id":"https:\/\/fuentesfidedignas.com.mx\/index.php\/2023\/09\/11\/roberto-zazueta-convirtio-a-la-japac-en-un-fracaso-total-paola-garate\/#primaryimage"},"thumbnailUrl":"https:\/\/fuentesfidedignas.com.mx\/wp-content\/uploads\/2023\/07\/PAOLA-GARATE.jpg","datePublished":"2023-09-11T19:11:33+00:00","dateModified":"2023-09-11T19:11:35+00:00","breadcrumb":{"@id":"https:\/\/fuentesfidedignas.com.mx\/index.php\/2023\/09\/11\/roberto-zazueta-convirtio-a-la-japac-en-un-fracaso-total-paola-garate\/#breadcrumb"},"inLanguage":"es","potentialAction":[{"@type":"ReadAction","target":["https:\/\/fuentesfidedignas.com.mx\/index.php\/2023\/09\/11\/roberto-zazueta-convirtio-a-la-japac-en-un-fracaso-total-paola-garate\/"]}]},{"@type":"ImageObject","inLanguage":"es","@id":"https:\/\/fuentesfidedignas.com.mx\/index.php\/2023\/09\/11\/roberto-zazueta-convirtio-a-la-japac-en-un-fracaso-total-paola-garate\/#primaryimage","url":"https:\/\/fuentesfidedignas.com.mx\/wp-content\/uploads\/2023\/07\/PAOLA-GARATE.jpg","contentUrl":"https:\/\/fuentesfidedignas.com.mx\/wp-content\/uploads\/2023\/07\/PAOLA-GARATE.jpg","width":600,"height":468},{"@type":"BreadcrumbList","@id":"https:\/\/fuentesfidedignas.com.mx\/index.php\/2023\/09\/11\/roberto-zazueta-convirtio-a-la-japac-en-un-fracaso-total-paola-garate\/#breadcrumb","itemListElement":[{"@type":"ListItem","position":1,"name":"Inicio","item":"https:\/\/fuentesfidedignas.com.mx\/"},{"@type":"ListItem","position":2,"name":"Roberto Zazueta convirti\u00f3 a la JAPAC en un fracaso total: Paola G\u00e1rate"}]},{"@type":"WebSite","@id":"https:\/\/fuentesfidedignas.com.mx\/#website","url":"https:\/\/fuentesfidedignas.com.mx\/","name":"Fuentes Fidedignas","description":"Otro sitio realizado con WordPress","publisher":{"@id":"https:\/\/fuentesfidedignas.com.mx\/#organization"},"potentialAction":[{"@type":"SearchAction","target":{"@type":"EntryPoint","urlTemplate":"https:\/\/fuentesfidedignas.com.mx\/?s={search_term_string}"},"query-input":{"@type":"PropertyValueSpecification","valueRequired":true,"valueName":"search_term_string"}}],"inLanguage":"es"},{"@type":"Organization","@id":"https:\/\/fuentesfidedignas.com.mx\/#organization","name":"Fuentes Fidedignas","url":"https:\/\/fuentesfidedignas.com.mx\/","logo":{"@type":"ImageObject","inLanguage":"es","@id":"https:\/\/fuentesfidedignas.com.mx\/#\/schema\/logo\/image\/","url":"https:\/\/fuentesfidedignas.com.mx\/wp-content\/uploads\/2021\/04\/logo-retina.png","contentUrl":"https:\/\/fuentesfidedignas.com.mx\/wp-content\/uploads\/2021\/04\/logo-retina.png","width":280,"height":51,"caption":"Fuentes Fidedignas"},"image":{"@id":"https:\/\/fuentesfidedignas.com.mx\/#\/schema\/logo\/image\/"},"sameAs":["https:\/\/www.facebook.com\/Fuentes-Fidedignas-368234489921644","https:\/\/x.com\/fidedignas"]},{"@type":"Person","@id":"https:\/\/fuentesfidedignas.com.mx\/#\/schema\/person\/c77df25c00baae1d4fdc0340db6f364c","name":"Leonardo Gutierrez","image":{"@type":"ImageObject","inLanguage":"es","@id":"https:\/\/secure.gravatar.com\/avatar\/17b13a7a986cc98ca4d7337340bcac5945cbae677961c354aefb3c7962c8cc1f?s=96&d=mm&r=g","url":"https:\/\/secure.gravatar.com\/avatar\/17b13a7a986cc98ca4d7337340bcac5945cbae677961c354aefb3c7962c8cc1f?s=96&d=mm&r=g","contentUrl":"https:\/\/secure.gravatar.com\/avatar\/17b13a7a986cc98ca4d7337340bcac5945cbae677961c354aefb3c7962c8cc1f?s=96&d=mm&r=g","caption":"Leonardo Gutierrez"},"url":"https:\/\/fuentesfidedignas.com.mx\/index.php\/author\/leonardogut\/"}]}},"_links":{"self":[{"href":"https:\/\/fuentesfidedignas.com.mx\/index.php\/wp-json\/wp\/v2\/posts\/58563","targetHints":{"allow":["GET"]}}],"collection":[{"href":"https:\/\/fuentesfidedignas.com.mx\/index.php\/wp-json\/wp\/v2\/posts"}],"about":[{"href":"https:\/\/fuentesfidedignas.com.mx\/index.php\/wp-json\/wp\/v2\/types\/post"}],"author":[{"embeddable":true,"href":"https:\/\/fuentesfidedignas.com.mx\/index.php\/wp-json\/wp\/v2\/users\/112"}],"replies":[{"embeddable":true,"href":"https:\/\/fuentesfidedignas.com.mx\/index.php\/wp-json\/wp\/v2\/comments?post=58563"}],"version-history":[{"count":1,"href":"https:\/\/fuentesfidedignas.com.mx\/index.php\/wp-json\/wp\/v2\/posts\/58563\/revisions"}],"predecessor-version":[{"id":58564,"href":"https:\/\/fuentesfidedignas.com.mx\/index.php\/wp-json\/wp\/v2\/posts\/58563\/revisions\/58564"}],"wp:featuredmedia":[{"embeddable":true,"href":"https:\/\/fuentesfidedignas.com.mx\/index.php\/wp-json\/wp\/v2\/media\/53626"}],"wp:attachment":[{"href":"https:\/\/fuentesfidedignas.com.mx\/index.php\/wp-json\/wp\/v2\/media?parent=58563"}],"wp:term":[{"taxonomy":"category","embeddable":true,"href":"https:\/\/fuentesfidedignas.com.mx\/index.php\/wp-json\/wp\/v2\/categories?post=58563"},{"taxonomy":"post_tag","embeddable":true,"href":"https:\/\/fuentesfidedignas.com.mx\/index.php\/wp-json\/wp\/v2\/tags?post=58563"}],"curies":[{"name":"wp","href":"https:\/\/api.w.org\/{rel}","templated":true}]}}