{"id":58533,"date":"2023-09-11T00:07:00","date_gmt":"2023-09-11T07:07:00","guid":{"rendered":"https:\/\/fuentesfidedignas.com.mx\/?p=58533"},"modified":"2023-09-11T13:03:19","modified_gmt":"2023-09-11T20:03:19","slug":"hoy-comparece-la-auditora-superior-del-estado-ante-el-congreso-para-rendir-informe-2022","status":"publish","type":"post","link":"https:\/\/fuentesfidedignas.com.mx\/index.php\/2023\/09\/11\/hoy-comparece-la-auditora-superior-del-estado-ante-el-congreso-para-rendir-informe-2022\/","title":{"rendered":"#EnVivo Comparece la Auditora Superior del Estado ante el Congreso para rendir informe 2022"},"content":{"rendered":"\n<p><strong><em>Aparecen como temas centrales observaciones a la UAS y a los municipios de Culiac\u00e1n y Mazatl\u00e1n<\/em><\/strong><\/p>\n\n\n\n<p>Culiac\u00e1n, Sin.- Este lunes se abre el d\u00e9cimo <strong>Per\u00edodo Extraordinario de Sesiones<\/strong> en el Sal\u00f3n Constituyentes de 1917 con la comparecencia de la <strong>Auditora Superior del Estado<\/strong>, Emma Guadalupe F\u00e9lix Rivera. Se espera una comparecencia larga pues el a\u00f1o pasado dur\u00f3 m\u00e1s de cinco horas.<\/p>\n\n\n\n<p>Se contempla una marat\u00f3nica comparecencia, para la que el presidente de la Comisi\u00f3n de Fiscalizaci\u00f3n, diputado <strong>Sergio Mario Arredondo Salas<\/strong>, ya anticip\u00f3 que para la UAS no existe extraterritorialidad ni excepci\u00f3n del orden jur\u00eddico con el argumento de la autonom\u00eda.<\/p>\n\n\n\n<figure class=\"wp-block-embed is-type-video is-provider-youtube wp-block-embed-youtube wp-embed-aspect-4-3 wp-has-aspect-ratio\"><div class=\"wp-block-embed__wrapper\">\n<div class=\"youtube-embed\" data-video_id=\"ScGUfSIk-tE\"><iframe loading=\"lazy\" title=\"Sesi\u00f3n P\u00fablica Extraordinaria, Comparecencia de la Titular de la ASE, Lic. Emma Gpe. F\u00e9lix Rivera.\" width=\"696\" height=\"522\" src=\"https:\/\/www.youtube.com\/embed\/ScGUfSIk-tE?feature=oembed&#038;enablejsapi=1\" frameborder=\"0\" allow=\"accelerometer; autoplay; clipboard-write; encrypted-media; gyroscope; picture-in-picture; web-share\" allowfullscreen><\/iframe><\/div>\n<\/div><\/figure>\n\n\n\n<p>Posterior a la comparecencia, por la tarde, dar\u00e1 inicio el an\u00e1lisis del Informe General presentado por la Auditora Superior del Estado sobre las cuentas p\u00fablicas de 2022, en el que destaca el tema de las observaciones a la<strong> Universidad Aut\u00f3noma de Sinaloa<\/strong> y a los municipios de Culiac\u00e1n y Mazatl\u00e1n.<\/p>\n\n\n\n<p>En la mira los equipos de <strong>Jes\u00fas Madue\u00f1a Molina<\/strong>, rector de la UAS y los presidentes municipales separados de sus cargos en Culiac\u00e1n y Mazatl\u00e1n, Luis Guillermo Ben\u00edtez Torres y Jes\u00fas Estrada Ferreiro.<\/p>\n\n\n\n<p>La Universidad Aut\u00f3noma de Sinaloa solicita al Congreso 2 mil 660 millones de pesos para el presupuesto 2024, y la auditor\u00eda revela observaciones en 2022 por un monto de 466 millones de pesos.<\/p>\n","protected":false},"excerpt":{"rendered":"<p>Aparecen como temas centrales observaciones a la UAS y a los municipios de Culiac\u00e1n y Mazatl\u00e1n Culiac\u00e1n, Sin.- Este lunes se abre el d\u00e9cimo Per\u00edodo Extraordinario de Sesiones en el Sal\u00f3n Constituyentes de 1917 con la comparecencia de la Auditora Superior del Estado, Emma Guadalupe F\u00e9lix Rivera. Se espera una comparecencia larga pues el a\u00f1o [&hellip;]<\/p>\n","protected":false},"author":112,"featured_media":58534,"comment_status":"open","ping_status":"open","sticky":false,"template":"","format":"standard","meta":{"tdm_status":"","tdm_grid_status":"","footnotes":""},"categories":[38],"tags":[],"class_list":{"0":"post-58533","1":"post","2":"type-post","3":"status-publish","4":"format-standard","5":"has-post-thumbnail","7":"category-noticias-locales"},"yoast_head":"<!-- This site is optimized with the Yoast SEO plugin v27.4 - https:\/\/yoast.com\/product\/yoast-seo-wordpress\/ -->\n<title>#EnVivo Comparece la Auditora Superior del Estado ante el Congreso para rendir informe 2022 - Fuentes Fidedignas<\/title>\n<meta name=\"robots\" content=\"index, follow, max-snippet:-1, max-image-preview:large, max-video-preview:-1\" \/>\n<link rel=\"canonical\" href=\"https:\/\/fuentesfidedignas.com.mx\/index.php\/2023\/09\/11\/hoy-comparece-la-auditora-superior-del-estado-ante-el-congreso-para-rendir-informe-2022\/\" \/>\n<meta property=\"og:locale\" content=\"es_MX\" \/>\n<meta property=\"og:type\" content=\"article\" \/>\n<meta property=\"og:title\" content=\"#EnVivo Comparece la Auditora Superior del Estado ante el Congreso para rendir informe 2022 - Fuentes Fidedignas\" \/>\n<meta property=\"og:description\" content=\"Aparecen como temas centrales observaciones a la UAS y a los municipios de Culiac\u00e1n y Mazatl\u00e1n Culiac\u00e1n, Sin.- Este lunes se abre el d\u00e9cimo Per\u00edodo Extraordinario de Sesiones en el Sal\u00f3n Constituyentes de 1917 con la comparecencia de la Auditora Superior del Estado, Emma Guadalupe F\u00e9lix Rivera. Se espera una comparecencia larga pues el a\u00f1o [&hellip;]\" \/>\n<meta property=\"og:url\" content=\"https:\/\/fuentesfidedignas.com.mx\/index.php\/2023\/09\/11\/hoy-comparece-la-auditora-superior-del-estado-ante-el-congreso-para-rendir-informe-2022\/\" \/>\n<meta property=\"og:site_name\" content=\"Fuentes Fidedignas\" \/>\n<meta property=\"article:publisher\" content=\"https:\/\/www.facebook.com\/Fuentes-Fidedignas-368234489921644\" \/>\n<meta property=\"article:published_time\" content=\"2023-09-11T07:07:00+00:00\" \/>\n<meta property=\"article:modified_time\" content=\"2023-09-11T20:03:19+00:00\" \/>\n<meta property=\"og:image\" content=\"https:\/\/fuentesfidedignas.com.mx\/wp-content\/uploads\/2023\/09\/congreso-sin.jpg\" \/>\n\t<meta property=\"og:image:width\" content=\"1400\" \/>\n\t<meta property=\"og:image:height\" content=\"561\" \/>\n\t<meta property=\"og:image:type\" content=\"image\/jpeg\" \/>\n<meta name=\"author\" content=\"Leonardo Gutierrez\" \/>\n<meta name=\"twitter:card\" content=\"summary_large_image\" \/>\n<meta name=\"twitter:creator\" content=\"@fidedignas\" \/>\n<meta name=\"twitter:site\" content=\"@fidedignas\" \/>\n<meta name=\"twitter:label1\" content=\"Escrito por\" \/>\n\t<meta name=\"twitter:data1\" content=\"Leonardo Gutierrez\" \/>\n\t<meta name=\"twitter:label2\" content=\"Tiempo de lectura\" \/>\n\t<meta name=\"twitter:data2\" content=\"1 minuto\" \/>\n<script type=\"application\/ld+json\" class=\"yoast-schema-graph\">{\"@context\":\"https:\\\/\\\/schema.org\",\"@graph\":[{\"@type\":\"Article\",\"@id\":\"https:\\\/\\\/fuentesfidedignas.com.mx\\\/index.php\\\/2023\\\/09\\\/11\\\/hoy-comparece-la-auditora-superior-del-estado-ante-el-congreso-para-rendir-informe-2022\\\/#article\",\"isPartOf\":{\"@id\":\"https:\\\/\\\/fuentesfidedignas.com.mx\\\/index.php\\\/2023\\\/09\\\/11\\\/hoy-comparece-la-auditora-superior-del-estado-ante-el-congreso-para-rendir-informe-2022\\\/\"},\"author\":{\"name\":\"Leonardo Gutierrez\",\"@id\":\"https:\\\/\\\/fuentesfidedignas.com.mx\\\/#\\\/schema\\\/person\\\/c77df25c00baae1d4fdc0340db6f364c\"},\"headline\":\"#EnVivo Comparece la Auditora Superior del Estado ante el Congreso para rendir informe 2022\",\"datePublished\":\"2023-09-11T07:07:00+00:00\",\"dateModified\":\"2023-09-11T20:03:19+00:00\",\"mainEntityOfPage\":{\"@id\":\"https:\\\/\\\/fuentesfidedignas.com.mx\\\/index.php\\\/2023\\\/09\\\/11\\\/hoy-comparece-la-auditora-superior-del-estado-ante-el-congreso-para-rendir-informe-2022\\\/\"},\"wordCount\":259,\"commentCount\":0,\"publisher\":{\"@id\":\"https:\\\/\\\/fuentesfidedignas.com.mx\\\/#organization\"},\"image\":{\"@id\":\"https:\\\/\\\/fuentesfidedignas.com.mx\\\/index.php\\\/2023\\\/09\\\/11\\\/hoy-comparece-la-auditora-superior-del-estado-ante-el-congreso-para-rendir-informe-2022\\\/#primaryimage\"},\"thumbnailUrl\":\"https:\\\/\\\/fuentesfidedignas.com.mx\\\/wp-content\\\/uploads\\\/2023\\\/09\\\/congreso-sin.jpg\",\"articleSection\":[\"NOTICIAS LOCALES\"],\"inLanguage\":\"es\",\"potentialAction\":[{\"@type\":\"CommentAction\",\"name\":\"Comment\",\"target\":[\"https:\\\/\\\/fuentesfidedignas.com.mx\\\/index.php\\\/2023\\\/09\\\/11\\\/hoy-comparece-la-auditora-superior-del-estado-ante-el-congreso-para-rendir-informe-2022\\\/#respond\"]}]},{\"@type\":\"WebPage\",\"@id\":\"https:\\\/\\\/fuentesfidedignas.com.mx\\\/index.php\\\/2023\\\/09\\\/11\\\/hoy-comparece-la-auditora-superior-del-estado-ante-el-congreso-para-rendir-informe-2022\\\/\",\"url\":\"https:\\\/\\\/fuentesfidedignas.com.mx\\\/index.php\\\/2023\\\/09\\\/11\\\/hoy-comparece-la-auditora-superior-del-estado-ante-el-congreso-para-rendir-informe-2022\\\/\",\"name\":\"#EnVivo Comparece la Auditora Superior del Estado ante el Congreso para rendir informe 2022 - Fuentes Fidedignas\",\"isPartOf\":{\"@id\":\"https:\\\/\\\/fuentesfidedignas.com.mx\\\/#website\"},\"primaryImageOfPage\":{\"@id\":\"https:\\\/\\\/fuentesfidedignas.com.mx\\\/index.php\\\/2023\\\/09\\\/11\\\/hoy-comparece-la-auditora-superior-del-estado-ante-el-congreso-para-rendir-informe-2022\\\/#primaryimage\"},\"image\":{\"@id\":\"https:\\\/\\\/fuentesfidedignas.com.mx\\\/index.php\\\/2023\\\/09\\\/11\\\/hoy-comparece-la-auditora-superior-del-estado-ante-el-congreso-para-rendir-informe-2022\\\/#primaryimage\"},\"thumbnailUrl\":\"https:\\\/\\\/fuentesfidedignas.com.mx\\\/wp-content\\\/uploads\\\/2023\\\/09\\\/congreso-sin.jpg\",\"datePublished\":\"2023-09-11T07:07:00+00:00\",\"dateModified\":\"2023-09-11T20:03:19+00:00\",\"breadcrumb\":{\"@id\":\"https:\\\/\\\/fuentesfidedignas.com.mx\\\/index.php\\\/2023\\\/09\\\/11\\\/hoy-comparece-la-auditora-superior-del-estado-ante-el-congreso-para-rendir-informe-2022\\\/#breadcrumb\"},\"inLanguage\":\"es\",\"potentialAction\":[{\"@type\":\"ReadAction\",\"target\":[\"https:\\\/\\\/fuentesfidedignas.com.mx\\\/index.php\\\/2023\\\/09\\\/11\\\/hoy-comparece-la-auditora-superior-del-estado-ante-el-congreso-para-rendir-informe-2022\\\/\"]}]},{\"@type\":\"ImageObject\",\"inLanguage\":\"es\",\"@id\":\"https:\\\/\\\/fuentesfidedignas.com.mx\\\/index.php\\\/2023\\\/09\\\/11\\\/hoy-comparece-la-auditora-superior-del-estado-ante-el-congreso-para-rendir-informe-2022\\\/#primaryimage\",\"url\":\"https:\\\/\\\/fuentesfidedignas.com.mx\\\/wp-content\\\/uploads\\\/2023\\\/09\\\/congreso-sin.jpg\",\"contentUrl\":\"https:\\\/\\\/fuentesfidedignas.com.mx\\\/wp-content\\\/uploads\\\/2023\\\/09\\\/congreso-sin.jpg\",\"width\":1400,\"height\":561},{\"@type\":\"BreadcrumbList\",\"@id\":\"https:\\\/\\\/fuentesfidedignas.com.mx\\\/index.php\\\/2023\\\/09\\\/11\\\/hoy-comparece-la-auditora-superior-del-estado-ante-el-congreso-para-rendir-informe-2022\\\/#breadcrumb\",\"itemListElement\":[{\"@type\":\"ListItem\",\"position\":1,\"name\":\"Inicio\",\"item\":\"https:\\\/\\\/fuentesfidedignas.com.mx\\\/\"},{\"@type\":\"ListItem\",\"position\":2,\"name\":\"#EnVivo Comparece la Auditora Superior del Estado ante el Congreso para rendir informe 2022\"}]},{\"@type\":\"WebSite\",\"@id\":\"https:\\\/\\\/fuentesfidedignas.com.mx\\\/#website\",\"url\":\"https:\\\/\\\/fuentesfidedignas.com.mx\\\/\",\"name\":\"Fuentes Fidedignas\",\"description\":\"Otro sitio realizado con WordPress\",\"publisher\":{\"@id\":\"https:\\\/\\\/fuentesfidedignas.com.mx\\\/#organization\"},\"potentialAction\":[{\"@type\":\"SearchAction\",\"target\":{\"@type\":\"EntryPoint\",\"urlTemplate\":\"https:\\\/\\\/fuentesfidedignas.com.mx\\\/?s={search_term_string}\"},\"query-input\":{\"@type\":\"PropertyValueSpecification\",\"valueRequired\":true,\"valueName\":\"search_term_string\"}}],\"inLanguage\":\"es\"},{\"@type\":\"Organization\",\"@id\":\"https:\\\/\\\/fuentesfidedignas.com.mx\\\/#organization\",\"name\":\"Fuentes Fidedignas\",\"url\":\"https:\\\/\\\/fuentesfidedignas.com.mx\\\/\",\"logo\":{\"@type\":\"ImageObject\",\"inLanguage\":\"es\",\"@id\":\"https:\\\/\\\/fuentesfidedignas.com.mx\\\/#\\\/schema\\\/logo\\\/image\\\/\",\"url\":\"https:\\\/\\\/fuentesfidedignas.com.mx\\\/wp-content\\\/uploads\\\/2021\\\/04\\\/logo-retina.png\",\"contentUrl\":\"https:\\\/\\\/fuentesfidedignas.com.mx\\\/wp-content\\\/uploads\\\/2021\\\/04\\\/logo-retina.png\",\"width\":280,\"height\":51,\"caption\":\"Fuentes Fidedignas\"},\"image\":{\"@id\":\"https:\\\/\\\/fuentesfidedignas.com.mx\\\/#\\\/schema\\\/logo\\\/image\\\/\"},\"sameAs\":[\"https:\\\/\\\/www.facebook.com\\\/Fuentes-Fidedignas-368234489921644\",\"https:\\\/\\\/x.com\\\/fidedignas\"]},{\"@type\":\"Person\",\"@id\":\"https:\\\/\\\/fuentesfidedignas.com.mx\\\/#\\\/schema\\\/person\\\/c77df25c00baae1d4fdc0340db6f364c\",\"name\":\"Leonardo Gutierrez\",\"image\":{\"@type\":\"ImageObject\",\"inLanguage\":\"es\",\"@id\":\"https:\\\/\\\/secure.gravatar.com\\\/avatar\\\/17b13a7a986cc98ca4d7337340bcac5945cbae677961c354aefb3c7962c8cc1f?s=96&d=mm&r=g\",\"url\":\"https:\\\/\\\/secure.gravatar.com\\\/avatar\\\/17b13a7a986cc98ca4d7337340bcac5945cbae677961c354aefb3c7962c8cc1f?s=96&d=mm&r=g\",\"contentUrl\":\"https:\\\/\\\/secure.gravatar.com\\\/avatar\\\/17b13a7a986cc98ca4d7337340bcac5945cbae677961c354aefb3c7962c8cc1f?s=96&d=mm&r=g\",\"caption\":\"Leonardo Gutierrez\"},\"url\":\"https:\\\/\\\/fuentesfidedignas.com.mx\\\/index.php\\\/author\\\/leonardogut\\\/\"}]}<\/script>\n<!-- \/ Yoast SEO plugin. -->","yoast_head_json":{"title":"#EnVivo Comparece la Auditora Superior del Estado ante el Congreso para rendir informe 2022 - Fuentes Fidedignas","robots":{"index":"index","follow":"follow","max-snippet":"max-snippet:-1","max-image-preview":"max-image-preview:large","max-video-preview":"max-video-preview:-1"},"canonical":"https:\/\/fuentesfidedignas.com.mx\/index.php\/2023\/09\/11\/hoy-comparece-la-auditora-superior-del-estado-ante-el-congreso-para-rendir-informe-2022\/","og_locale":"es_MX","og_type":"article","og_title":"#EnVivo Comparece la Auditora Superior del Estado ante el Congreso para rendir informe 2022 - Fuentes Fidedignas","og_description":"Aparecen como temas centrales observaciones a la UAS y a los municipios de Culiac\u00e1n y Mazatl\u00e1n Culiac\u00e1n, Sin.- Este lunes se abre el d\u00e9cimo Per\u00edodo Extraordinario de Sesiones en el Sal\u00f3n Constituyentes de 1917 con la comparecencia de la Auditora Superior del Estado, Emma Guadalupe F\u00e9lix Rivera. Se espera una comparecencia larga pues el a\u00f1o [&hellip;]","og_url":"https:\/\/fuentesfidedignas.com.mx\/index.php\/2023\/09\/11\/hoy-comparece-la-auditora-superior-del-estado-ante-el-congreso-para-rendir-informe-2022\/","og_site_name":"Fuentes Fidedignas","article_publisher":"https:\/\/www.facebook.com\/Fuentes-Fidedignas-368234489921644","article_published_time":"2023-09-11T07:07:00+00:00","article_modified_time":"2023-09-11T20:03:19+00:00","og_image":[{"width":1400,"height":561,"url":"https:\/\/fuentesfidedignas.com.mx\/wp-content\/uploads\/2023\/09\/congreso-sin.jpg","type":"image\/jpeg"}],"author":"Leonardo Gutierrez","twitter_card":"summary_large_image","twitter_creator":"@fidedignas","twitter_site":"@fidedignas","twitter_misc":{"Escrito por":"Leonardo Gutierrez","Tiempo de lectura":"1 minuto"},"schema":{"@context":"https:\/\/schema.org","@graph":[{"@type":"Article","@id":"https:\/\/fuentesfidedignas.com.mx\/index.php\/2023\/09\/11\/hoy-comparece-la-auditora-superior-del-estado-ante-el-congreso-para-rendir-informe-2022\/#article","isPartOf":{"@id":"https:\/\/fuentesfidedignas.com.mx\/index.php\/2023\/09\/11\/hoy-comparece-la-auditora-superior-del-estado-ante-el-congreso-para-rendir-informe-2022\/"},"author":{"name":"Leonardo Gutierrez","@id":"https:\/\/fuentesfidedignas.com.mx\/#\/schema\/person\/c77df25c00baae1d4fdc0340db6f364c"},"headline":"#EnVivo Comparece la Auditora Superior del Estado ante el Congreso para rendir informe 2022","datePublished":"2023-09-11T07:07:00+00:00","dateModified":"2023-09-11T20:03:19+00:00","mainEntityOfPage":{"@id":"https:\/\/fuentesfidedignas.com.mx\/index.php\/2023\/09\/11\/hoy-comparece-la-auditora-superior-del-estado-ante-el-congreso-para-rendir-informe-2022\/"},"wordCount":259,"commentCount":0,"publisher":{"@id":"https:\/\/fuentesfidedignas.com.mx\/#organization"},"image":{"@id":"https:\/\/fuentesfidedignas.com.mx\/index.php\/2023\/09\/11\/hoy-comparece-la-auditora-superior-del-estado-ante-el-congreso-para-rendir-informe-2022\/#primaryimage"},"thumbnailUrl":"https:\/\/fuentesfidedignas.com.mx\/wp-content\/uploads\/2023\/09\/congreso-sin.jpg","articleSection":["NOTICIAS LOCALES"],"inLanguage":"es","potentialAction":[{"@type":"CommentAction","name":"Comment","target":["https:\/\/fuentesfidedignas.com.mx\/index.php\/2023\/09\/11\/hoy-comparece-la-auditora-superior-del-estado-ante-el-congreso-para-rendir-informe-2022\/#respond"]}]},{"@type":"WebPage","@id":"https:\/\/fuentesfidedignas.com.mx\/index.php\/2023\/09\/11\/hoy-comparece-la-auditora-superior-del-estado-ante-el-congreso-para-rendir-informe-2022\/","url":"https:\/\/fuentesfidedignas.com.mx\/index.php\/2023\/09\/11\/hoy-comparece-la-auditora-superior-del-estado-ante-el-congreso-para-rendir-informe-2022\/","name":"#EnVivo Comparece la Auditora Superior del Estado ante el Congreso para rendir informe 2022 - Fuentes Fidedignas","isPartOf":{"@id":"https:\/\/fuentesfidedignas.com.mx\/#website"},"primaryImageOfPage":{"@id":"https:\/\/fuentesfidedignas.com.mx\/index.php\/2023\/09\/11\/hoy-comparece-la-auditora-superior-del-estado-ante-el-congreso-para-rendir-informe-2022\/#primaryimage"},"image":{"@id":"https:\/\/fuentesfidedignas.com.mx\/index.php\/2023\/09\/11\/hoy-comparece-la-auditora-superior-del-estado-ante-el-congreso-para-rendir-informe-2022\/#primaryimage"},"thumbnailUrl":"https:\/\/fuentesfidedignas.com.mx\/wp-content\/uploads\/2023\/09\/congreso-sin.jpg","datePublished":"2023-09-11T07:07:00+00:00","dateModified":"2023-09-11T20:03:19+00:00","breadcrumb":{"@id":"https:\/\/fuentesfidedignas.com.mx\/index.php\/2023\/09\/11\/hoy-comparece-la-auditora-superior-del-estado-ante-el-congreso-para-rendir-informe-2022\/#breadcrumb"},"inLanguage":"es","potentialAction":[{"@type":"ReadAction","target":["https:\/\/fuentesfidedignas.com.mx\/index.php\/2023\/09\/11\/hoy-comparece-la-auditora-superior-del-estado-ante-el-congreso-para-rendir-informe-2022\/"]}]},{"@type":"ImageObject","inLanguage":"es","@id":"https:\/\/fuentesfidedignas.com.mx\/index.php\/2023\/09\/11\/hoy-comparece-la-auditora-superior-del-estado-ante-el-congreso-para-rendir-informe-2022\/#primaryimage","url":"https:\/\/fuentesfidedignas.com.mx\/wp-content\/uploads\/2023\/09\/congreso-sin.jpg","contentUrl":"https:\/\/fuentesfidedignas.com.mx\/wp-content\/uploads\/2023\/09\/congreso-sin.jpg","width":1400,"height":561},{"@type":"BreadcrumbList","@id":"https:\/\/fuentesfidedignas.com.mx\/index.php\/2023\/09\/11\/hoy-comparece-la-auditora-superior-del-estado-ante-el-congreso-para-rendir-informe-2022\/#breadcrumb","itemListElement":[{"@type":"ListItem","position":1,"name":"Inicio","item":"https:\/\/fuentesfidedignas.com.mx\/"},{"@type":"ListItem","position":2,"name":"#EnVivo Comparece la Auditora Superior del Estado ante el Congreso para rendir informe 2022"}]},{"@type":"WebSite","@id":"https:\/\/fuentesfidedignas.com.mx\/#website","url":"https:\/\/fuentesfidedignas.com.mx\/","name":"Fuentes Fidedignas","description":"Otro sitio realizado con WordPress","publisher":{"@id":"https:\/\/fuentesfidedignas.com.mx\/#organization"},"potentialAction":[{"@type":"SearchAction","target":{"@type":"EntryPoint","urlTemplate":"https:\/\/fuentesfidedignas.com.mx\/?s={search_term_string}"},"query-input":{"@type":"PropertyValueSpecification","valueRequired":true,"valueName":"search_term_string"}}],"inLanguage":"es"},{"@type":"Organization","@id":"https:\/\/fuentesfidedignas.com.mx\/#organization","name":"Fuentes Fidedignas","url":"https:\/\/fuentesfidedignas.com.mx\/","logo":{"@type":"ImageObject","inLanguage":"es","@id":"https:\/\/fuentesfidedignas.com.mx\/#\/schema\/logo\/image\/","url":"https:\/\/fuentesfidedignas.com.mx\/wp-content\/uploads\/2021\/04\/logo-retina.png","contentUrl":"https:\/\/fuentesfidedignas.com.mx\/wp-content\/uploads\/2021\/04\/logo-retina.png","width":280,"height":51,"caption":"Fuentes Fidedignas"},"image":{"@id":"https:\/\/fuentesfidedignas.com.mx\/#\/schema\/logo\/image\/"},"sameAs":["https:\/\/www.facebook.com\/Fuentes-Fidedignas-368234489921644","https:\/\/x.com\/fidedignas"]},{"@type":"Person","@id":"https:\/\/fuentesfidedignas.com.mx\/#\/schema\/person\/c77df25c00baae1d4fdc0340db6f364c","name":"Leonardo Gutierrez","image":{"@type":"ImageObject","inLanguage":"es","@id":"https:\/\/secure.gravatar.com\/avatar\/17b13a7a986cc98ca4d7337340bcac5945cbae677961c354aefb3c7962c8cc1f?s=96&d=mm&r=g","url":"https:\/\/secure.gravatar.com\/avatar\/17b13a7a986cc98ca4d7337340bcac5945cbae677961c354aefb3c7962c8cc1f?s=96&d=mm&r=g","contentUrl":"https:\/\/secure.gravatar.com\/avatar\/17b13a7a986cc98ca4d7337340bcac5945cbae677961c354aefb3c7962c8cc1f?s=96&d=mm&r=g","caption":"Leonardo Gutierrez"},"url":"https:\/\/fuentesfidedignas.com.mx\/index.php\/author\/leonardogut\/"}]}},"_links":{"self":[{"href":"https:\/\/fuentesfidedignas.com.mx\/index.php\/wp-json\/wp\/v2\/posts\/58533","targetHints":{"allow":["GET"]}}],"collection":[{"href":"https:\/\/fuentesfidedignas.com.mx\/index.php\/wp-json\/wp\/v2\/posts"}],"about":[{"href":"https:\/\/fuentesfidedignas.com.mx\/index.php\/wp-json\/wp\/v2\/types\/post"}],"author":[{"embeddable":true,"href":"https:\/\/fuentesfidedignas.com.mx\/index.php\/wp-json\/wp\/v2\/users\/112"}],"replies":[{"embeddable":true,"href":"https:\/\/fuentesfidedignas.com.mx\/index.php\/wp-json\/wp\/v2\/comments?post=58533"}],"version-history":[{"count":5,"href":"https:\/\/fuentesfidedignas.com.mx\/index.php\/wp-json\/wp\/v2\/posts\/58533\/revisions"}],"predecessor-version":[{"id":58580,"href":"https:\/\/fuentesfidedignas.com.mx\/index.php\/wp-json\/wp\/v2\/posts\/58533\/revisions\/58580"}],"wp:featuredmedia":[{"embeddable":true,"href":"https:\/\/fuentesfidedignas.com.mx\/index.php\/wp-json\/wp\/v2\/media\/58534"}],"wp:attachment":[{"href":"https:\/\/fuentesfidedignas.com.mx\/index.php\/wp-json\/wp\/v2\/media?parent=58533"}],"wp:term":[{"taxonomy":"category","embeddable":true,"href":"https:\/\/fuentesfidedignas.com.mx\/index.php\/wp-json\/wp\/v2\/categories?post=58533"},{"taxonomy":"post_tag","embeddable":true,"href":"https:\/\/fuentesfidedignas.com.mx\/index.php\/wp-json\/wp\/v2\/tags?post=58533"}],"curies":[{"name":"wp","href":"https:\/\/api.w.org\/{rel}","templated":true}]}}