{"id":58515,"date":"2023-09-10T17:11:04","date_gmt":"2023-09-11T00:11:04","guid":{"rendered":"https:\/\/fuentesfidedignas.com.mx\/?p=58515"},"modified":"2023-09-10T17:11:06","modified_gmt":"2023-09-11T00:11:06","slug":"celulares-que-se-quedaran-sin-el-servicio-de-whatsapp-a-partir-del-24-de-octubre","status":"publish","type":"post","link":"https:\/\/fuentesfidedignas.com.mx\/index.php\/2023\/09\/10\/celulares-que-se-quedaran-sin-el-servicio-de-whatsapp-a-partir-del-24-de-octubre\/","title":{"rendered":"Celulares que se quedar\u00e1n sin el servicio de WhatsApp a partir del 24 de octubre"},"content":{"rendered":"\n<p>Los desarrolladores de la aplicaci\u00f3n informaron que esta herramienta ya no funcionar\u00e1 en tel\u00e9fonos que usen Android 4.1 y iOS 12<\/p>\n\n\n\n<p><strong>WhatsApp<\/strong>\u00a0es la aplicaci\u00f3n de mensajer\u00eda instant\u00e1nea l\u00edder y est\u00e1 instalada en los tel\u00e9fonos de millones de usuarios en todo el mundo. Sin embargo, la aplicaci\u00f3n propiedad de\u00a0<strong>Meta<\/strong>\u00a0se est\u00e1 actualizando constantemente para ofrecer mejores funciones, seguridad y buen servicio a sus usuarios; provocando que los dispositivos m\u00e1s antiguos se vuelvan incompatibles con las nuevas versiones.<\/p>\n\n\n\n<p>Cabe aclarar que la famosa \u201clista de tel\u00e9fonos que se quedar\u00e1n sin WhatsApp\u201d que se viraliza desde hace varios a\u00f1os se caracteriza por dejar fuera a varios equipos con base en su<strong>\u00a0sistema operativo<\/strong>\u00a0y no por modelos o marcas en espec\u00edfico.<\/p>\n\n\n\n<p>Generalmente, los desarrolladores eligen los modelos de celulares que funcionan con softwares muy antiguos para dejar de darles soporte. En este caso, aquellos que funcionan con\u00a0<strong>Android 4.1<\/strong>\u00a0o\u00a0<strong>iOS 12\u00a0<\/strong>se quedar\u00e1n sin WhatsApp a partir del 24 de octubre, seg\u00fan informaron los desarrolladores de la aplicaci\u00f3n en su blog oficial.<\/p>\n\n\n\n<p>Por lo que los tel\u00e9fonos inteligentes que se quedar\u00e1n sin este servicio son:<\/p>\n\n\n\n<p>&#8211; Samsung Galaxy Core<\/p>\n\n\n\n<p>&#8211; Samsung Galaxy Trend Lite<\/p>\n\n\n\n<p>&#8211; Samsung Galaxy Ace 2<\/p>\n\n\n\n<p>&#8211; Samsung Galaxy S3 mini<\/p>\n\n\n\n<p>&#8211; Samsung Galaxy Trend II<\/p>\n\n\n\n<p>&#8211; Samsung Galaxy X cover 2<\/p>\n\n\n\n<p>&#8211; LG Optimus L3 II Dual<\/p>\n\n\n\n<p>&#8211; LG Optimus L5 II<\/p>\n\n\n\n<p>&#8211; LG Optimus F5<\/p>\n\n\n\n<p>&#8211; LG Optimus L3 II<\/p>\n\n\n\n<p>&#8211; LG Optimus L7II<\/p>\n\n\n\n<p>&#8211; LG Optimus L5 Dual<\/p>\n\n\n\n<p>&#8211; LG Optimus L7 Dual<\/p>\n\n\n\n<p>&#8211; LG Optimus F3<\/p>\n\n\n\n<p>&#8211; LG Optimus F3Q<\/p>\n\n\n\n<p>&#8211; LG Optimus L2 II<\/p>\n\n\n\n<p>&#8211; LG Optimus L4 II<\/p>\n\n\n\n<p>&#8211; LG Optimus F6<\/p>\n\n\n\n<p>&#8211; LG Enact<\/p>\n\n\n\n<p>&#8211; LG Lucid 2<\/p>\n\n\n\n<p>&#8211; LG Optimus F7<\/p>\n\n\n\n<p>&#8211; Huawei Ascend Mate<\/p>\n\n\n\n<p>&#8211; Huawei Ascend G740<\/p>\n\n\n\n<p>&#8211; Huawei Ascend D2<\/p>\n\n\n\n<p>&#8211; Sony Xperia M<\/p>\n\n\n\n<p>&#8211; Lenovo A820<\/p>\n\n\n\n<p>&#8211; ZTE V956 \u2013 UMI X2<\/p>\n\n\n\n<p>&#8211; ZTE Grand S Flex<\/p>\n\n\n\n<p>&#8211; ZTE Grand Memo<\/p>\n\n\n\n<p>&#8211; Faea F1THL W8<\/p>\n\n\n\n<p>&#8211; Wiko Cink Five<\/p>\n\n\n\n<p>&#8211; Winko Darknight<\/p>\n\n\n\n<p>&#8211; Archos 53 Platinum<\/p>\n\n\n\n<p>&#8211; iPhone 6s<\/p>\n\n\n\n<p>&#8211; iPhone 6s Plus<\/p>\n\n\n\n<p>&#8211; iPhone SE de primera generaci\u00f3n<\/p>\n\n\n\n<p><\/p>\n\n\n\n<p>Los dispositivos y el software cambian con frecuencia, de modo que se revisan peri\u00f3dicamente los sistemas operativos admitidos y se hacen las actualizaciones correspondientes.<\/p>\n\n\n\n<p>Adem\u00e1s, se identifican cu\u00e1les son los dispositivos m\u00e1s desactualizados y los que tienen menor cantidad de usuarios para decidir cu\u00e1les se dejan de admitir.<\/p>\n\n\n\n<p>Tambi\u00e9n es posible que esos dispositivos no cuenten con las actualizaciones de seguridad m\u00e1s recientes o la funcionalidad requerida para ejecutar WhatsApp.<\/p>\n\n\n\n<h2 class=\"wp-block-heading\">Cu\u00e1les iPhone quedar\u00e1n \u2018obsoletos\u2019 en 2023<\/h2>\n\n\n\n<p>Con el lanzamiento del nuevo sistema operativo iOS 17, algunos modelos de iPhone podr\u00edan empezar a perder acceso a algunas apps o funciones.<\/p>\n\n\n\n<p>De acuerdo con Forbes, los dispositivos que comenzaron con su comercializaci\u00f3n en 2017 dejar\u00e1n de funcionar y estos son:<\/p>\n\n\n\n<p>&#8211; iPhone 8<\/p>\n\n\n\n<p>&#8211; iPhone 8 Plus<\/p>\n\n\n\n<p>&#8211; iPhone X<\/p>\n\n\n\n<h2 class=\"wp-block-heading\">Qu\u00e9 modelos recibir\u00e1n actualizaci\u00f3n a iOS 17<\/h2>\n\n\n\n<p>Por otro lado, se encuentran los dispositivos m\u00e1s recientes que recibir\u00e1n la nueva actualizaci\u00f3n para iOS 17, la cual ser\u00e1 presentada en los siguientes d\u00edas. Por lo que los propietarios de los siguientes dispositivos podr\u00e1n estar tranquilos de momento:<\/p>\n\n\n\n<p>&#8211; iPhone 14<\/p>\n\n\n\n<p>&#8211; iPhone 14 Plus<\/p>\n\n\n\n<p>&#8211; iPhone 14 Pro<\/p>\n\n\n\n<p>&#8211; iPhone 14 Pro Max<\/p>\n\n\n\n<p>&#8211; iPhone 13<\/p>\n\n\n\n<p>&#8211; iPhone 13 mini<\/p>\n\n\n\n<p>&#8211; iPhone 13 Pro<\/p>\n\n\n\n<p>&#8211; iPhone 13 Pro Max<\/p>\n\n\n\n<p>&#8211; iPhone 12<\/p>\n\n\n\n<p>&#8211; iPhone 12 mini<\/p>\n\n\n\n<p>&#8211; iPhone 12 Pro<\/p>\n\n\n\n<p>&#8211; iPhone 12 Pro Max<\/p>\n\n\n\n<p>&#8211; iPhone 11<\/p>\n\n\n\n<p>&#8211; iPhone 11 Pro<\/p>\n\n\n\n<p>&#8211; iPhone 11 Pro Max<\/p>\n\n\n\n<p>&#8211; iPhone XS<\/p>\n\n\n\n<p>&#8211; iPhone XS Max<\/p>\n\n\n\n<p>&#8211; iPhone XR<\/p>\n\n\n\n<p>&#8211; iPhone SE (segunda generaci\u00f3n o posterior)<\/p>\n\n\n\n<p><a href=\"https:\/\/www.infobae.com\/tecno\/2023\/09\/10\/facebook-e-instagram-sin-publicidad-estos-son-sus-planes-de-pago\/\" target=\"_blank\" rel=\"noreferrer noopener\"><\/a><\/p>\n","protected":false},"excerpt":{"rendered":"<p>Los desarrolladores de la aplicaci\u00f3n informaron que esta herramienta ya no funcionar\u00e1 en tel\u00e9fonos que usen Android 4.1 y iOS 12 WhatsApp\u00a0es la aplicaci\u00f3n de mensajer\u00eda instant\u00e1nea l\u00edder y est\u00e1 instalada en los tel\u00e9fonos de millones de usuarios en todo el mundo. Sin embargo, la aplicaci\u00f3n propiedad de\u00a0Meta\u00a0se est\u00e1 actualizando constantemente para ofrecer mejores funciones, [&hellip;]<\/p>\n","protected":false},"author":41,"featured_media":58516,"comment_status":"open","ping_status":"open","sticky":false,"template":"","format":"standard","meta":{"tdm_status":"","tdm_grid_status":"","footnotes":""},"categories":[39],"tags":[],"class_list":{"0":"post-58515","1":"post","2":"type-post","3":"status-publish","4":"format-standard","5":"has-post-thumbnail","7":"category-noticias-nacionales"},"yoast_head":"<!-- This site is optimized with the Yoast SEO plugin v27.4 - https:\/\/yoast.com\/product\/yoast-seo-wordpress\/ -->\n<title>Celulares que se quedar\u00e1n sin el servicio de WhatsApp a partir del 24 de octubre - Fuentes Fidedignas<\/title>\n<meta name=\"robots\" content=\"index, follow, max-snippet:-1, max-image-preview:large, max-video-preview:-1\" \/>\n<link rel=\"canonical\" href=\"https:\/\/fuentesfidedignas.com.mx\/index.php\/2023\/09\/10\/celulares-que-se-quedaran-sin-el-servicio-de-whatsapp-a-partir-del-24-de-octubre\/\" \/>\n<meta property=\"og:locale\" content=\"es_MX\" \/>\n<meta property=\"og:type\" content=\"article\" \/>\n<meta property=\"og:title\" content=\"Celulares que se quedar\u00e1n sin el servicio de WhatsApp a partir del 24 de octubre - Fuentes Fidedignas\" \/>\n<meta property=\"og:description\" content=\"Los desarrolladores de la aplicaci\u00f3n informaron que esta herramienta ya no funcionar\u00e1 en tel\u00e9fonos que usen Android 4.1 y iOS 12 WhatsApp\u00a0es la aplicaci\u00f3n de mensajer\u00eda instant\u00e1nea l\u00edder y est\u00e1 instalada en los tel\u00e9fonos de millones de usuarios en todo el mundo. Sin embargo, la aplicaci\u00f3n propiedad de\u00a0Meta\u00a0se est\u00e1 actualizando constantemente para ofrecer mejores funciones, [&hellip;]\" \/>\n<meta property=\"og:url\" content=\"https:\/\/fuentesfidedignas.com.mx\/index.php\/2023\/09\/10\/celulares-que-se-quedaran-sin-el-servicio-de-whatsapp-a-partir-del-24-de-octubre\/\" \/>\n<meta property=\"og:site_name\" content=\"Fuentes Fidedignas\" \/>\n<meta property=\"article:publisher\" content=\"https:\/\/www.facebook.com\/Fuentes-Fidedignas-368234489921644\" \/>\n<meta property=\"article:published_time\" content=\"2023-09-11T00:11:04+00:00\" \/>\n<meta property=\"article:modified_time\" content=\"2023-09-11T00:11:06+00:00\" \/>\n<meta property=\"og:image\" content=\"https:\/\/fuentesfidedignas.com.mx\/wp-content\/uploads\/2023\/09\/1-whatsapp-1024x648.png\" \/>\n\t<meta property=\"og:image:width\" content=\"1024\" \/>\n\t<meta property=\"og:image:height\" content=\"648\" \/>\n\t<meta property=\"og:image:type\" content=\"image\/png\" \/>\n<meta name=\"author\" content=\"Infobae\" \/>\n<meta name=\"twitter:card\" content=\"summary_large_image\" \/>\n<meta name=\"twitter:creator\" content=\"@fidedignas\" \/>\n<meta name=\"twitter:site\" content=\"@fidedignas\" \/>\n<meta name=\"twitter:label1\" content=\"Escrito por\" \/>\n\t<meta name=\"twitter:data1\" content=\"Infobae\" \/>\n\t<meta name=\"twitter:label2\" content=\"Tiempo de lectura\" \/>\n\t<meta name=\"twitter:data2\" content=\"3 minutos\" \/>\n<script type=\"application\/ld+json\" class=\"yoast-schema-graph\">{\"@context\":\"https:\\\/\\\/schema.org\",\"@graph\":[{\"@type\":\"Article\",\"@id\":\"https:\\\/\\\/fuentesfidedignas.com.mx\\\/index.php\\\/2023\\\/09\\\/10\\\/celulares-que-se-quedaran-sin-el-servicio-de-whatsapp-a-partir-del-24-de-octubre\\\/#article\",\"isPartOf\":{\"@id\":\"https:\\\/\\\/fuentesfidedignas.com.mx\\\/index.php\\\/2023\\\/09\\\/10\\\/celulares-que-se-quedaran-sin-el-servicio-de-whatsapp-a-partir-del-24-de-octubre\\\/\"},\"author\":{\"name\":\"Infobae\",\"@id\":\"https:\\\/\\\/fuentesfidedignas.com.mx\\\/#\\\/schema\\\/person\\\/8575896a7c1067d352f6c1cd6582c389\"},\"headline\":\"Celulares que se quedar\u00e1n sin el servicio de WhatsApp a partir del 24 de octubre\",\"datePublished\":\"2023-09-11T00:11:04+00:00\",\"dateModified\":\"2023-09-11T00:11:06+00:00\",\"mainEntityOfPage\":{\"@id\":\"https:\\\/\\\/fuentesfidedignas.com.mx\\\/index.php\\\/2023\\\/09\\\/10\\\/celulares-que-se-quedaran-sin-el-servicio-de-whatsapp-a-partir-del-24-de-octubre\\\/\"},\"wordCount\":620,\"commentCount\":0,\"publisher\":{\"@id\":\"https:\\\/\\\/fuentesfidedignas.com.mx\\\/#organization\"},\"image\":{\"@id\":\"https:\\\/\\\/fuentesfidedignas.com.mx\\\/index.php\\\/2023\\\/09\\\/10\\\/celulares-que-se-quedaran-sin-el-servicio-de-whatsapp-a-partir-del-24-de-octubre\\\/#primaryimage\"},\"thumbnailUrl\":\"https:\\\/\\\/fuentesfidedignas.com.mx\\\/wp-content\\\/uploads\\\/2023\\\/09\\\/1-whatsapp.png\",\"articleSection\":[\"NOTICIAS NACIONALES\"],\"inLanguage\":\"es\",\"potentialAction\":[{\"@type\":\"CommentAction\",\"name\":\"Comment\",\"target\":[\"https:\\\/\\\/fuentesfidedignas.com.mx\\\/index.php\\\/2023\\\/09\\\/10\\\/celulares-que-se-quedaran-sin-el-servicio-de-whatsapp-a-partir-del-24-de-octubre\\\/#respond\"]}]},{\"@type\":\"WebPage\",\"@id\":\"https:\\\/\\\/fuentesfidedignas.com.mx\\\/index.php\\\/2023\\\/09\\\/10\\\/celulares-que-se-quedaran-sin-el-servicio-de-whatsapp-a-partir-del-24-de-octubre\\\/\",\"url\":\"https:\\\/\\\/fuentesfidedignas.com.mx\\\/index.php\\\/2023\\\/09\\\/10\\\/celulares-que-se-quedaran-sin-el-servicio-de-whatsapp-a-partir-del-24-de-octubre\\\/\",\"name\":\"Celulares que se quedar\u00e1n sin el servicio de WhatsApp a partir del 24 de octubre - Fuentes Fidedignas\",\"isPartOf\":{\"@id\":\"https:\\\/\\\/fuentesfidedignas.com.mx\\\/#website\"},\"primaryImageOfPage\":{\"@id\":\"https:\\\/\\\/fuentesfidedignas.com.mx\\\/index.php\\\/2023\\\/09\\\/10\\\/celulares-que-se-quedaran-sin-el-servicio-de-whatsapp-a-partir-del-24-de-octubre\\\/#primaryimage\"},\"image\":{\"@id\":\"https:\\\/\\\/fuentesfidedignas.com.mx\\\/index.php\\\/2023\\\/09\\\/10\\\/celulares-que-se-quedaran-sin-el-servicio-de-whatsapp-a-partir-del-24-de-octubre\\\/#primaryimage\"},\"thumbnailUrl\":\"https:\\\/\\\/fuentesfidedignas.com.mx\\\/wp-content\\\/uploads\\\/2023\\\/09\\\/1-whatsapp.png\",\"datePublished\":\"2023-09-11T00:11:04+00:00\",\"dateModified\":\"2023-09-11T00:11:06+00:00\",\"breadcrumb\":{\"@id\":\"https:\\\/\\\/fuentesfidedignas.com.mx\\\/index.php\\\/2023\\\/09\\\/10\\\/celulares-que-se-quedaran-sin-el-servicio-de-whatsapp-a-partir-del-24-de-octubre\\\/#breadcrumb\"},\"inLanguage\":\"es\",\"potentialAction\":[{\"@type\":\"ReadAction\",\"target\":[\"https:\\\/\\\/fuentesfidedignas.com.mx\\\/index.php\\\/2023\\\/09\\\/10\\\/celulares-que-se-quedaran-sin-el-servicio-de-whatsapp-a-partir-del-24-de-octubre\\\/\"]}]},{\"@type\":\"ImageObject\",\"inLanguage\":\"es\",\"@id\":\"https:\\\/\\\/fuentesfidedignas.com.mx\\\/index.php\\\/2023\\\/09\\\/10\\\/celulares-que-se-quedaran-sin-el-servicio-de-whatsapp-a-partir-del-24-de-octubre\\\/#primaryimage\",\"url\":\"https:\\\/\\\/fuentesfidedignas.com.mx\\\/wp-content\\\/uploads\\\/2023\\\/09\\\/1-whatsapp.png\",\"contentUrl\":\"https:\\\/\\\/fuentesfidedignas.com.mx\\\/wp-content\\\/uploads\\\/2023\\\/09\\\/1-whatsapp.png\",\"width\":1362,\"height\":862},{\"@type\":\"BreadcrumbList\",\"@id\":\"https:\\\/\\\/fuentesfidedignas.com.mx\\\/index.php\\\/2023\\\/09\\\/10\\\/celulares-que-se-quedaran-sin-el-servicio-de-whatsapp-a-partir-del-24-de-octubre\\\/#breadcrumb\",\"itemListElement\":[{\"@type\":\"ListItem\",\"position\":1,\"name\":\"Inicio\",\"item\":\"https:\\\/\\\/fuentesfidedignas.com.mx\\\/\"},{\"@type\":\"ListItem\",\"position\":2,\"name\":\"Celulares que se quedar\u00e1n sin el servicio de WhatsApp a partir del 24 de octubre\"}]},{\"@type\":\"WebSite\",\"@id\":\"https:\\\/\\\/fuentesfidedignas.com.mx\\\/#website\",\"url\":\"https:\\\/\\\/fuentesfidedignas.com.mx\\\/\",\"name\":\"Fuentes Fidedignas\",\"description\":\"Otro sitio realizado con WordPress\",\"publisher\":{\"@id\":\"https:\\\/\\\/fuentesfidedignas.com.mx\\\/#organization\"},\"potentialAction\":[{\"@type\":\"SearchAction\",\"target\":{\"@type\":\"EntryPoint\",\"urlTemplate\":\"https:\\\/\\\/fuentesfidedignas.com.mx\\\/?s={search_term_string}\"},\"query-input\":{\"@type\":\"PropertyValueSpecification\",\"valueRequired\":true,\"valueName\":\"search_term_string\"}}],\"inLanguage\":\"es\"},{\"@type\":\"Organization\",\"@id\":\"https:\\\/\\\/fuentesfidedignas.com.mx\\\/#organization\",\"name\":\"Fuentes Fidedignas\",\"url\":\"https:\\\/\\\/fuentesfidedignas.com.mx\\\/\",\"logo\":{\"@type\":\"ImageObject\",\"inLanguage\":\"es\",\"@id\":\"https:\\\/\\\/fuentesfidedignas.com.mx\\\/#\\\/schema\\\/logo\\\/image\\\/\",\"url\":\"https:\\\/\\\/fuentesfidedignas.com.mx\\\/wp-content\\\/uploads\\\/2021\\\/04\\\/logo-retina.png\",\"contentUrl\":\"https:\\\/\\\/fuentesfidedignas.com.mx\\\/wp-content\\\/uploads\\\/2021\\\/04\\\/logo-retina.png\",\"width\":280,\"height\":51,\"caption\":\"Fuentes Fidedignas\"},\"image\":{\"@id\":\"https:\\\/\\\/fuentesfidedignas.com.mx\\\/#\\\/schema\\\/logo\\\/image\\\/\"},\"sameAs\":[\"https:\\\/\\\/www.facebook.com\\\/Fuentes-Fidedignas-368234489921644\",\"https:\\\/\\\/x.com\\\/fidedignas\"]},{\"@type\":\"Person\",\"@id\":\"https:\\\/\\\/fuentesfidedignas.com.mx\\\/#\\\/schema\\\/person\\\/8575896a7c1067d352f6c1cd6582c389\",\"name\":\"Infobae\",\"image\":{\"@type\":\"ImageObject\",\"inLanguage\":\"es\",\"@id\":\"https:\\\/\\\/secure.gravatar.com\\\/avatar\\\/e4ec95706f8d1670343f6526fdcec45474bab17475a851434a64ca12b5acba1c?s=96&d=mm&r=g\",\"url\":\"https:\\\/\\\/secure.gravatar.com\\\/avatar\\\/e4ec95706f8d1670343f6526fdcec45474bab17475a851434a64ca12b5acba1c?s=96&d=mm&r=g\",\"contentUrl\":\"https:\\\/\\\/secure.gravatar.com\\\/avatar\\\/e4ec95706f8d1670343f6526fdcec45474bab17475a851434a64ca12b5acba1c?s=96&d=mm&r=g\",\"caption\":\"Infobae\"},\"url\":\"https:\\\/\\\/fuentesfidedignas.com.mx\\\/index.php\\\/author\\\/infobae\\\/\"}]}<\/script>\n<!-- \/ Yoast SEO plugin. -->","yoast_head_json":{"title":"Celulares que se quedar\u00e1n sin el servicio de WhatsApp a partir del 24 de octubre - Fuentes Fidedignas","robots":{"index":"index","follow":"follow","max-snippet":"max-snippet:-1","max-image-preview":"max-image-preview:large","max-video-preview":"max-video-preview:-1"},"canonical":"https:\/\/fuentesfidedignas.com.mx\/index.php\/2023\/09\/10\/celulares-que-se-quedaran-sin-el-servicio-de-whatsapp-a-partir-del-24-de-octubre\/","og_locale":"es_MX","og_type":"article","og_title":"Celulares que se quedar\u00e1n sin el servicio de WhatsApp a partir del 24 de octubre - Fuentes Fidedignas","og_description":"Los desarrolladores de la aplicaci\u00f3n informaron que esta herramienta ya no funcionar\u00e1 en tel\u00e9fonos que usen Android 4.1 y iOS 12 WhatsApp\u00a0es la aplicaci\u00f3n de mensajer\u00eda instant\u00e1nea l\u00edder y est\u00e1 instalada en los tel\u00e9fonos de millones de usuarios en todo el mundo. Sin embargo, la aplicaci\u00f3n propiedad de\u00a0Meta\u00a0se est\u00e1 actualizando constantemente para ofrecer mejores funciones, [&hellip;]","og_url":"https:\/\/fuentesfidedignas.com.mx\/index.php\/2023\/09\/10\/celulares-que-se-quedaran-sin-el-servicio-de-whatsapp-a-partir-del-24-de-octubre\/","og_site_name":"Fuentes Fidedignas","article_publisher":"https:\/\/www.facebook.com\/Fuentes-Fidedignas-368234489921644","article_published_time":"2023-09-11T00:11:04+00:00","article_modified_time":"2023-09-11T00:11:06+00:00","og_image":[{"width":1024,"height":648,"url":"https:\/\/fuentesfidedignas.com.mx\/wp-content\/uploads\/2023\/09\/1-whatsapp-1024x648.png","type":"image\/png"}],"author":"Infobae","twitter_card":"summary_large_image","twitter_creator":"@fidedignas","twitter_site":"@fidedignas","twitter_misc":{"Escrito por":"Infobae","Tiempo de lectura":"3 minutos"},"schema":{"@context":"https:\/\/schema.org","@graph":[{"@type":"Article","@id":"https:\/\/fuentesfidedignas.com.mx\/index.php\/2023\/09\/10\/celulares-que-se-quedaran-sin-el-servicio-de-whatsapp-a-partir-del-24-de-octubre\/#article","isPartOf":{"@id":"https:\/\/fuentesfidedignas.com.mx\/index.php\/2023\/09\/10\/celulares-que-se-quedaran-sin-el-servicio-de-whatsapp-a-partir-del-24-de-octubre\/"},"author":{"name":"Infobae","@id":"https:\/\/fuentesfidedignas.com.mx\/#\/schema\/person\/8575896a7c1067d352f6c1cd6582c389"},"headline":"Celulares que se quedar\u00e1n sin el servicio de WhatsApp a partir del 24 de octubre","datePublished":"2023-09-11T00:11:04+00:00","dateModified":"2023-09-11T00:11:06+00:00","mainEntityOfPage":{"@id":"https:\/\/fuentesfidedignas.com.mx\/index.php\/2023\/09\/10\/celulares-que-se-quedaran-sin-el-servicio-de-whatsapp-a-partir-del-24-de-octubre\/"},"wordCount":620,"commentCount":0,"publisher":{"@id":"https:\/\/fuentesfidedignas.com.mx\/#organization"},"image":{"@id":"https:\/\/fuentesfidedignas.com.mx\/index.php\/2023\/09\/10\/celulares-que-se-quedaran-sin-el-servicio-de-whatsapp-a-partir-del-24-de-octubre\/#primaryimage"},"thumbnailUrl":"https:\/\/fuentesfidedignas.com.mx\/wp-content\/uploads\/2023\/09\/1-whatsapp.png","articleSection":["NOTICIAS NACIONALES"],"inLanguage":"es","potentialAction":[{"@type":"CommentAction","name":"Comment","target":["https:\/\/fuentesfidedignas.com.mx\/index.php\/2023\/09\/10\/celulares-que-se-quedaran-sin-el-servicio-de-whatsapp-a-partir-del-24-de-octubre\/#respond"]}]},{"@type":"WebPage","@id":"https:\/\/fuentesfidedignas.com.mx\/index.php\/2023\/09\/10\/celulares-que-se-quedaran-sin-el-servicio-de-whatsapp-a-partir-del-24-de-octubre\/","url":"https:\/\/fuentesfidedignas.com.mx\/index.php\/2023\/09\/10\/celulares-que-se-quedaran-sin-el-servicio-de-whatsapp-a-partir-del-24-de-octubre\/","name":"Celulares que se quedar\u00e1n sin el servicio de WhatsApp a partir del 24 de octubre - Fuentes Fidedignas","isPartOf":{"@id":"https:\/\/fuentesfidedignas.com.mx\/#website"},"primaryImageOfPage":{"@id":"https:\/\/fuentesfidedignas.com.mx\/index.php\/2023\/09\/10\/celulares-que-se-quedaran-sin-el-servicio-de-whatsapp-a-partir-del-24-de-octubre\/#primaryimage"},"image":{"@id":"https:\/\/fuentesfidedignas.com.mx\/index.php\/2023\/09\/10\/celulares-que-se-quedaran-sin-el-servicio-de-whatsapp-a-partir-del-24-de-octubre\/#primaryimage"},"thumbnailUrl":"https:\/\/fuentesfidedignas.com.mx\/wp-content\/uploads\/2023\/09\/1-whatsapp.png","datePublished":"2023-09-11T00:11:04+00:00","dateModified":"2023-09-11T00:11:06+00:00","breadcrumb":{"@id":"https:\/\/fuentesfidedignas.com.mx\/index.php\/2023\/09\/10\/celulares-que-se-quedaran-sin-el-servicio-de-whatsapp-a-partir-del-24-de-octubre\/#breadcrumb"},"inLanguage":"es","potentialAction":[{"@type":"ReadAction","target":["https:\/\/fuentesfidedignas.com.mx\/index.php\/2023\/09\/10\/celulares-que-se-quedaran-sin-el-servicio-de-whatsapp-a-partir-del-24-de-octubre\/"]}]},{"@type":"ImageObject","inLanguage":"es","@id":"https:\/\/fuentesfidedignas.com.mx\/index.php\/2023\/09\/10\/celulares-que-se-quedaran-sin-el-servicio-de-whatsapp-a-partir-del-24-de-octubre\/#primaryimage","url":"https:\/\/fuentesfidedignas.com.mx\/wp-content\/uploads\/2023\/09\/1-whatsapp.png","contentUrl":"https:\/\/fuentesfidedignas.com.mx\/wp-content\/uploads\/2023\/09\/1-whatsapp.png","width":1362,"height":862},{"@type":"BreadcrumbList","@id":"https:\/\/fuentesfidedignas.com.mx\/index.php\/2023\/09\/10\/celulares-que-se-quedaran-sin-el-servicio-de-whatsapp-a-partir-del-24-de-octubre\/#breadcrumb","itemListElement":[{"@type":"ListItem","position":1,"name":"Inicio","item":"https:\/\/fuentesfidedignas.com.mx\/"},{"@type":"ListItem","position":2,"name":"Celulares que se quedar\u00e1n sin el servicio de WhatsApp a partir del 24 de octubre"}]},{"@type":"WebSite","@id":"https:\/\/fuentesfidedignas.com.mx\/#website","url":"https:\/\/fuentesfidedignas.com.mx\/","name":"Fuentes Fidedignas","description":"Otro sitio realizado con WordPress","publisher":{"@id":"https:\/\/fuentesfidedignas.com.mx\/#organization"},"potentialAction":[{"@type":"SearchAction","target":{"@type":"EntryPoint","urlTemplate":"https:\/\/fuentesfidedignas.com.mx\/?s={search_term_string}"},"query-input":{"@type":"PropertyValueSpecification","valueRequired":true,"valueName":"search_term_string"}}],"inLanguage":"es"},{"@type":"Organization","@id":"https:\/\/fuentesfidedignas.com.mx\/#organization","name":"Fuentes Fidedignas","url":"https:\/\/fuentesfidedignas.com.mx\/","logo":{"@type":"ImageObject","inLanguage":"es","@id":"https:\/\/fuentesfidedignas.com.mx\/#\/schema\/logo\/image\/","url":"https:\/\/fuentesfidedignas.com.mx\/wp-content\/uploads\/2021\/04\/logo-retina.png","contentUrl":"https:\/\/fuentesfidedignas.com.mx\/wp-content\/uploads\/2021\/04\/logo-retina.png","width":280,"height":51,"caption":"Fuentes Fidedignas"},"image":{"@id":"https:\/\/fuentesfidedignas.com.mx\/#\/schema\/logo\/image\/"},"sameAs":["https:\/\/www.facebook.com\/Fuentes-Fidedignas-368234489921644","https:\/\/x.com\/fidedignas"]},{"@type":"Person","@id":"https:\/\/fuentesfidedignas.com.mx\/#\/schema\/person\/8575896a7c1067d352f6c1cd6582c389","name":"Infobae","image":{"@type":"ImageObject","inLanguage":"es","@id":"https:\/\/secure.gravatar.com\/avatar\/e4ec95706f8d1670343f6526fdcec45474bab17475a851434a64ca12b5acba1c?s=96&d=mm&r=g","url":"https:\/\/secure.gravatar.com\/avatar\/e4ec95706f8d1670343f6526fdcec45474bab17475a851434a64ca12b5acba1c?s=96&d=mm&r=g","contentUrl":"https:\/\/secure.gravatar.com\/avatar\/e4ec95706f8d1670343f6526fdcec45474bab17475a851434a64ca12b5acba1c?s=96&d=mm&r=g","caption":"Infobae"},"url":"https:\/\/fuentesfidedignas.com.mx\/index.php\/author\/infobae\/"}]}},"_links":{"self":[{"href":"https:\/\/fuentesfidedignas.com.mx\/index.php\/wp-json\/wp\/v2\/posts\/58515","targetHints":{"allow":["GET"]}}],"collection":[{"href":"https:\/\/fuentesfidedignas.com.mx\/index.php\/wp-json\/wp\/v2\/posts"}],"about":[{"href":"https:\/\/fuentesfidedignas.com.mx\/index.php\/wp-json\/wp\/v2\/types\/post"}],"author":[{"embeddable":true,"href":"https:\/\/fuentesfidedignas.com.mx\/index.php\/wp-json\/wp\/v2\/users\/41"}],"replies":[{"embeddable":true,"href":"https:\/\/fuentesfidedignas.com.mx\/index.php\/wp-json\/wp\/v2\/comments?post=58515"}],"version-history":[{"count":1,"href":"https:\/\/fuentesfidedignas.com.mx\/index.php\/wp-json\/wp\/v2\/posts\/58515\/revisions"}],"predecessor-version":[{"id":58517,"href":"https:\/\/fuentesfidedignas.com.mx\/index.php\/wp-json\/wp\/v2\/posts\/58515\/revisions\/58517"}],"wp:featuredmedia":[{"embeddable":true,"href":"https:\/\/fuentesfidedignas.com.mx\/index.php\/wp-json\/wp\/v2\/media\/58516"}],"wp:attachment":[{"href":"https:\/\/fuentesfidedignas.com.mx\/index.php\/wp-json\/wp\/v2\/media?parent=58515"}],"wp:term":[{"taxonomy":"category","embeddable":true,"href":"https:\/\/fuentesfidedignas.com.mx\/index.php\/wp-json\/wp\/v2\/categories?post=58515"},{"taxonomy":"post_tag","embeddable":true,"href":"https:\/\/fuentesfidedignas.com.mx\/index.php\/wp-json\/wp\/v2\/tags?post=58515"}],"curies":[{"name":"wp","href":"https:\/\/api.w.org\/{rel}","templated":true}]}}