{"id":58365,"date":"2023-09-08T18:02:12","date_gmt":"2023-09-09T01:02:12","guid":{"rendered":"https:\/\/fuentesfidedignas.com.mx\/?p=58365"},"modified":"2023-09-08T18:14:33","modified_gmt":"2023-09-09T01:14:33","slug":"instituto-altum-reanudara-clases-presenciales-el-proximo-lunes-pc-da-luz-verde-director-general","status":"publish","type":"post","link":"https:\/\/fuentesfidedignas.com.mx\/index.php\/2023\/09\/08\/instituto-altum-reanudara-clases-presenciales-el-proximo-lunes-pc-da-luz-verde-director-general\/","title":{"rendered":"Instituto Altum reanudar\u00e1 clases presenciales el pr\u00f3ximo lunes; PC da luz verde: director general"},"content":{"rendered":"\n<p><strong><em>Luego de revisar la instalaci\u00f3n el\u00e9ctrica del todo el plantel educativo se dictamin\u00f3 que todo est\u00e1 en orden para que los alumnos regresen a sus aulas.<\/em><\/strong><\/p>\n\n\n\n<p>Culiac\u00e1n, Sin.- Ser\u00e1 el pr\u00f3ximo lunes cuando se reanuden las clases presenciales en el Instituto Altum, luego de que estas estuvieran suspendidas desde el pasado 4 de septiembre debido a un incidente que se present\u00f3 con una alumna en una de sus aulas.<\/p>\n\n\n\n<p>&#8220;Una alumna tent\u00f3 una parte del sal\u00f3n con el antebrazo y sufri\u00f3 un peque\u00f1o calambre, se detect\u00f3 que hab\u00eda all\u00ed una peque\u00f1a energ\u00eda, un toque como le llaman, m\u00ednimo, de hecho la ni\u00f1a manifest\u00f3 que le dio un calambre&#8221;, explic\u00f3 Luis Manuel \u00c1ngulo Castro, director general de Grupo Altum.<\/p>\n\n\n\n<p>Mencion\u00f3 que una vez que esto sucedi\u00f3 llevaron a la peque\u00f1a a una revisi\u00f3n m\u00e9dica, suspendieron las clases presenciales y las pasaron a en l\u00ednea, esto con la finalidad de permitir a especialistas en la materia revisaran la causa del problema en el plantel.<\/p>\n\n\n\n<p>&#8220;Protecci\u00f3n Civil viene al plantel, nos hace una revisi\u00f3n en toda la escuela, efectivamente en un contacto del aula donde sucedi\u00f3 el evento hab\u00eda esa situaci\u00f3n ,eso se corrigi\u00f3 inmediatamente y nos hicieron la sugerencia de que hici\u00e9ramos una revisi\u00f3n de toda la instalaci\u00f3n el\u00e9ctrica de la escuela, para bien de todos, misma revisi\u00f3n que se hizo sin alumnos&#8221;, detall\u00f3.<\/p>\n\n\n\n<p>\u00c1ngulo Castro destac\u00f3 que es algo que nunca hab\u00eda pasado en el plantel, mismo que tiene casi 20 a\u00f1os operando como escuela en el Sector La Conquista de la capital sinaloense.<\/p>\n\n\n\n<p>&#8220;El pap\u00e1 de la ni\u00f1a vino y chec\u00f3, y s\u00ed de hecho hab\u00eda una peque\u00f1a fuga o falso contacto que no representa mayor peligro, puede ser una peladura de un cable, o un roedor, alg\u00fan animal, algo. Nunca nos hab\u00eda pasado&#8221;, dijo.<\/p>\n\n\n\n<p>Por \u00faltimo, destac\u00f3 que fue hasta hoy viernes cuando ya cuentan con un dictamen emitido por un verificador certificado por la Comisi\u00f3n Federal de Electricidad de que todo est\u00e1 en orden y que se pueden reanudar las clases presenciales.<\/p>\n\n\n\n<figure class=\"wp-block-gallery has-nested-images columns-default is-cropped wp-block-gallery-1 is-layout-flex wp-block-gallery-is-layout-flex\">\n<figure class=\"wp-block-image size-large is-style-default\"><img decoding=\"async\" width=\"1024\" height=\"768\" data-id=\"58374\" src=\"https:\/\/fuentesfidedignas.com.mx\/wp-content\/uploads\/2023\/09\/altum1.jpg\" alt=\"\" class=\"wp-image-58374\" srcset=\"https:\/\/fuentesfidedignas.com.mx\/wp-content\/uploads\/2023\/09\/altum1.jpg 1024w, https:\/\/fuentesfidedignas.com.mx\/wp-content\/uploads\/2023\/09\/altum1-300x225.jpg 300w, https:\/\/fuentesfidedignas.com.mx\/wp-content\/uploads\/2023\/09\/altum1-768x576.jpg 768w, https:\/\/fuentesfidedignas.com.mx\/wp-content\/uploads\/2023\/09\/altum1-696x522.jpg 696w, https:\/\/fuentesfidedignas.com.mx\/wp-content\/uploads\/2023\/09\/altum1-560x420.jpg 560w, https:\/\/fuentesfidedignas.com.mx\/wp-content\/uploads\/2023\/09\/altum1-80x60.jpg 80w, https:\/\/fuentesfidedignas.com.mx\/wp-content\/uploads\/2023\/09\/altum1-265x198.jpg 265w\" sizes=\"(max-width: 1024px) 100vw, 1024px\" \/><\/figure>\n\n\n\n<figure class=\"wp-block-image size-large\"><img decoding=\"async\" width=\"1024\" height=\"768\" data-id=\"58375\" src=\"https:\/\/fuentesfidedignas.com.mx\/wp-content\/uploads\/2023\/09\/altum2.jpg\" alt=\"\" class=\"wp-image-58375\" srcset=\"https:\/\/fuentesfidedignas.com.mx\/wp-content\/uploads\/2023\/09\/altum2.jpg 1024w, https:\/\/fuentesfidedignas.com.mx\/wp-content\/uploads\/2023\/09\/altum2-300x225.jpg 300w, https:\/\/fuentesfidedignas.com.mx\/wp-content\/uploads\/2023\/09\/altum2-768x576.jpg 768w, https:\/\/fuentesfidedignas.com.mx\/wp-content\/uploads\/2023\/09\/altum2-696x522.jpg 696w, https:\/\/fuentesfidedignas.com.mx\/wp-content\/uploads\/2023\/09\/altum2-560x420.jpg 560w, https:\/\/fuentesfidedignas.com.mx\/wp-content\/uploads\/2023\/09\/altum2-80x60.jpg 80w, https:\/\/fuentesfidedignas.com.mx\/wp-content\/uploads\/2023\/09\/altum2-265x198.jpg 265w\" sizes=\"(max-width: 1024px) 100vw, 1024px\" \/><\/figure>\n\n\n\n<figure class=\"wp-block-image size-large\"><img decoding=\"async\" width=\"1024\" height=\"768\" data-id=\"58366\" src=\"https:\/\/fuentesfidedignas.com.mx\/wp-content\/uploads\/2023\/09\/proteccioon-civil.jpg\" alt=\"\" class=\"wp-image-58366\" srcset=\"https:\/\/fuentesfidedignas.com.mx\/wp-content\/uploads\/2023\/09\/proteccioon-civil.jpg 1024w, https:\/\/fuentesfidedignas.com.mx\/wp-content\/uploads\/2023\/09\/proteccioon-civil-300x225.jpg 300w, https:\/\/fuentesfidedignas.com.mx\/wp-content\/uploads\/2023\/09\/proteccioon-civil-768x576.jpg 768w, https:\/\/fuentesfidedignas.com.mx\/wp-content\/uploads\/2023\/09\/proteccioon-civil-696x522.jpg 696w, https:\/\/fuentesfidedignas.com.mx\/wp-content\/uploads\/2023\/09\/proteccioon-civil-560x420.jpg 560w, https:\/\/fuentesfidedignas.com.mx\/wp-content\/uploads\/2023\/09\/proteccioon-civil-80x60.jpg 80w, https:\/\/fuentesfidedignas.com.mx\/wp-content\/uploads\/2023\/09\/proteccioon-civil-265x198.jpg 265w\" sizes=\"(max-width: 1024px) 100vw, 1024px\" \/><\/figure>\n<\/figure>\n","protected":false},"excerpt":{"rendered":"<p>Luego de revisar la instalaci\u00f3n el\u00e9ctrica del todo el plantel educativo se dictamin\u00f3 que todo est\u00e1 en orden para que los alumnos regresen a sus aulas. Culiac\u00e1n, Sin.- Ser\u00e1 el pr\u00f3ximo lunes cuando se reanuden las clases presenciales en el Instituto Altum, luego de que estas estuvieran suspendidas desde el pasado 4 de septiembre debido [&hellip;]<\/p>\n","protected":false},"author":112,"featured_media":58370,"comment_status":"open","ping_status":"open","sticky":false,"template":"","format":"standard","meta":{"tdm_status":"","tdm_grid_status":"","footnotes":""},"categories":[38],"tags":[],"class_list":{"0":"post-58365","1":"post","2":"type-post","3":"status-publish","4":"format-standard","5":"has-post-thumbnail","7":"category-noticias-locales"},"yoast_head":"<!-- This site is optimized with the Yoast SEO plugin v27.4 - https:\/\/yoast.com\/product\/yoast-seo-wordpress\/ -->\n<title>Instituto Altum reanudar\u00e1 clases presenciales el pr\u00f3ximo lunes; PC da luz verde: director general - Fuentes Fidedignas<\/title>\n<meta name=\"robots\" content=\"index, follow, max-snippet:-1, max-image-preview:large, max-video-preview:-1\" \/>\n<link rel=\"canonical\" href=\"https:\/\/fuentesfidedignas.com.mx\/index.php\/2023\/09\/08\/instituto-altum-reanudara-clases-presenciales-el-proximo-lunes-pc-da-luz-verde-director-general\/\" \/>\n<meta property=\"og:locale\" content=\"es_MX\" \/>\n<meta property=\"og:type\" content=\"article\" \/>\n<meta property=\"og:title\" content=\"Instituto Altum reanudar\u00e1 clases presenciales el pr\u00f3ximo lunes; PC da luz verde: director general - Fuentes Fidedignas\" \/>\n<meta property=\"og:description\" content=\"Luego de revisar la instalaci\u00f3n el\u00e9ctrica del todo el plantel educativo se dictamin\u00f3 que todo est\u00e1 en orden para que los alumnos regresen a sus aulas. Culiac\u00e1n, Sin.- Ser\u00e1 el pr\u00f3ximo lunes cuando se reanuden las clases presenciales en el Instituto Altum, luego de que estas estuvieran suspendidas desde el pasado 4 de septiembre debido [&hellip;]\" \/>\n<meta property=\"og:url\" content=\"https:\/\/fuentesfidedignas.com.mx\/index.php\/2023\/09\/08\/instituto-altum-reanudara-clases-presenciales-el-proximo-lunes-pc-da-luz-verde-director-general\/\" \/>\n<meta property=\"og:site_name\" content=\"Fuentes Fidedignas\" \/>\n<meta property=\"article:publisher\" content=\"https:\/\/www.facebook.com\/Fuentes-Fidedignas-368234489921644\" \/>\n<meta property=\"article:published_time\" content=\"2023-09-09T01:02:12+00:00\" \/>\n<meta property=\"article:modified_time\" content=\"2023-09-09T01:14:33+00:00\" \/>\n<meta property=\"og:image\" content=\"https:\/\/fuentesfidedignas.com.mx\/wp-content\/uploads\/2023\/09\/WhatsApp-Image-2023-09-08-at-4.38.51-PM.jpeg\" \/>\n\t<meta property=\"og:image:width\" content=\"1024\" \/>\n\t<meta property=\"og:image:height\" content=\"768\" \/>\n\t<meta property=\"og:image:type\" content=\"image\/jpeg\" \/>\n<meta name=\"author\" content=\"Leonardo Gutierrez\" \/>\n<meta name=\"twitter:card\" content=\"summary_large_image\" \/>\n<meta name=\"twitter:creator\" content=\"@fidedignas\" \/>\n<meta name=\"twitter:site\" content=\"@fidedignas\" \/>\n<meta name=\"twitter:label1\" content=\"Escrito por\" \/>\n\t<meta name=\"twitter:data1\" content=\"Leonardo Gutierrez\" \/>\n\t<meta name=\"twitter:label2\" content=\"Tiempo de lectura\" \/>\n\t<meta name=\"twitter:data2\" content=\"3 minutos\" \/>\n<script type=\"application\/ld+json\" class=\"yoast-schema-graph\">{\"@context\":\"https:\\\/\\\/schema.org\",\"@graph\":[{\"@type\":\"Article\",\"@id\":\"https:\\\/\\\/fuentesfidedignas.com.mx\\\/index.php\\\/2023\\\/09\\\/08\\\/instituto-altum-reanudara-clases-presenciales-el-proximo-lunes-pc-da-luz-verde-director-general\\\/#article\",\"isPartOf\":{\"@id\":\"https:\\\/\\\/fuentesfidedignas.com.mx\\\/index.php\\\/2023\\\/09\\\/08\\\/instituto-altum-reanudara-clases-presenciales-el-proximo-lunes-pc-da-luz-verde-director-general\\\/\"},\"author\":{\"name\":\"Leonardo Gutierrez\",\"@id\":\"https:\\\/\\\/fuentesfidedignas.com.mx\\\/#\\\/schema\\\/person\\\/c77df25c00baae1d4fdc0340db6f364c\"},\"headline\":\"Instituto Altum reanudar\u00e1 clases presenciales el pr\u00f3ximo lunes; PC da luz verde: director general\",\"datePublished\":\"2023-09-09T01:02:12+00:00\",\"dateModified\":\"2023-09-09T01:14:33+00:00\",\"mainEntityOfPage\":{\"@id\":\"https:\\\/\\\/fuentesfidedignas.com.mx\\\/index.php\\\/2023\\\/09\\\/08\\\/instituto-altum-reanudara-clases-presenciales-el-proximo-lunes-pc-da-luz-verde-director-general\\\/\"},\"wordCount\":380,\"commentCount\":0,\"publisher\":{\"@id\":\"https:\\\/\\\/fuentesfidedignas.com.mx\\\/#organization\"},\"image\":{\"@id\":\"https:\\\/\\\/fuentesfidedignas.com.mx\\\/index.php\\\/2023\\\/09\\\/08\\\/instituto-altum-reanudara-clases-presenciales-el-proximo-lunes-pc-da-luz-verde-director-general\\\/#primaryimage\"},\"thumbnailUrl\":\"https:\\\/\\\/fuentesfidedignas.com.mx\\\/wp-content\\\/uploads\\\/2023\\\/09\\\/WhatsApp-Image-2023-09-08-at-4.38.51-PM.jpeg\",\"articleSection\":[\"NOTICIAS LOCALES\"],\"inLanguage\":\"es\",\"potentialAction\":[{\"@type\":\"CommentAction\",\"name\":\"Comment\",\"target\":[\"https:\\\/\\\/fuentesfidedignas.com.mx\\\/index.php\\\/2023\\\/09\\\/08\\\/instituto-altum-reanudara-clases-presenciales-el-proximo-lunes-pc-da-luz-verde-director-general\\\/#respond\"]}]},{\"@type\":\"WebPage\",\"@id\":\"https:\\\/\\\/fuentesfidedignas.com.mx\\\/index.php\\\/2023\\\/09\\\/08\\\/instituto-altum-reanudara-clases-presenciales-el-proximo-lunes-pc-da-luz-verde-director-general\\\/\",\"url\":\"https:\\\/\\\/fuentesfidedignas.com.mx\\\/index.php\\\/2023\\\/09\\\/08\\\/instituto-altum-reanudara-clases-presenciales-el-proximo-lunes-pc-da-luz-verde-director-general\\\/\",\"name\":\"Instituto Altum reanudar\u00e1 clases presenciales el pr\u00f3ximo lunes; PC da luz verde: director general - Fuentes Fidedignas\",\"isPartOf\":{\"@id\":\"https:\\\/\\\/fuentesfidedignas.com.mx\\\/#website\"},\"primaryImageOfPage\":{\"@id\":\"https:\\\/\\\/fuentesfidedignas.com.mx\\\/index.php\\\/2023\\\/09\\\/08\\\/instituto-altum-reanudara-clases-presenciales-el-proximo-lunes-pc-da-luz-verde-director-general\\\/#primaryimage\"},\"image\":{\"@id\":\"https:\\\/\\\/fuentesfidedignas.com.mx\\\/index.php\\\/2023\\\/09\\\/08\\\/instituto-altum-reanudara-clases-presenciales-el-proximo-lunes-pc-da-luz-verde-director-general\\\/#primaryimage\"},\"thumbnailUrl\":\"https:\\\/\\\/fuentesfidedignas.com.mx\\\/wp-content\\\/uploads\\\/2023\\\/09\\\/WhatsApp-Image-2023-09-08-at-4.38.51-PM.jpeg\",\"datePublished\":\"2023-09-09T01:02:12+00:00\",\"dateModified\":\"2023-09-09T01:14:33+00:00\",\"breadcrumb\":{\"@id\":\"https:\\\/\\\/fuentesfidedignas.com.mx\\\/index.php\\\/2023\\\/09\\\/08\\\/instituto-altum-reanudara-clases-presenciales-el-proximo-lunes-pc-da-luz-verde-director-general\\\/#breadcrumb\"},\"inLanguage\":\"es\",\"potentialAction\":[{\"@type\":\"ReadAction\",\"target\":[\"https:\\\/\\\/fuentesfidedignas.com.mx\\\/index.php\\\/2023\\\/09\\\/08\\\/instituto-altum-reanudara-clases-presenciales-el-proximo-lunes-pc-da-luz-verde-director-general\\\/\"]}]},{\"@type\":\"ImageObject\",\"inLanguage\":\"es\",\"@id\":\"https:\\\/\\\/fuentesfidedignas.com.mx\\\/index.php\\\/2023\\\/09\\\/08\\\/instituto-altum-reanudara-clases-presenciales-el-proximo-lunes-pc-da-luz-verde-director-general\\\/#primaryimage\",\"url\":\"https:\\\/\\\/fuentesfidedignas.com.mx\\\/wp-content\\\/uploads\\\/2023\\\/09\\\/WhatsApp-Image-2023-09-08-at-4.38.51-PM.jpeg\",\"contentUrl\":\"https:\\\/\\\/fuentesfidedignas.com.mx\\\/wp-content\\\/uploads\\\/2023\\\/09\\\/WhatsApp-Image-2023-09-08-at-4.38.51-PM.jpeg\",\"width\":1024,\"height\":768},{\"@type\":\"BreadcrumbList\",\"@id\":\"https:\\\/\\\/fuentesfidedignas.com.mx\\\/index.php\\\/2023\\\/09\\\/08\\\/instituto-altum-reanudara-clases-presenciales-el-proximo-lunes-pc-da-luz-verde-director-general\\\/#breadcrumb\",\"itemListElement\":[{\"@type\":\"ListItem\",\"position\":1,\"name\":\"Inicio\",\"item\":\"https:\\\/\\\/fuentesfidedignas.com.mx\\\/\"},{\"@type\":\"ListItem\",\"position\":2,\"name\":\"Instituto Altum reanudar\u00e1 clases presenciales el pr\u00f3ximo lunes; PC da luz verde: director general\"}]},{\"@type\":\"WebSite\",\"@id\":\"https:\\\/\\\/fuentesfidedignas.com.mx\\\/#website\",\"url\":\"https:\\\/\\\/fuentesfidedignas.com.mx\\\/\",\"name\":\"Fuentes Fidedignas\",\"description\":\"Otro sitio realizado con WordPress\",\"publisher\":{\"@id\":\"https:\\\/\\\/fuentesfidedignas.com.mx\\\/#organization\"},\"potentialAction\":[{\"@type\":\"SearchAction\",\"target\":{\"@type\":\"EntryPoint\",\"urlTemplate\":\"https:\\\/\\\/fuentesfidedignas.com.mx\\\/?s={search_term_string}\"},\"query-input\":{\"@type\":\"PropertyValueSpecification\",\"valueRequired\":true,\"valueName\":\"search_term_string\"}}],\"inLanguage\":\"es\"},{\"@type\":\"Organization\",\"@id\":\"https:\\\/\\\/fuentesfidedignas.com.mx\\\/#organization\",\"name\":\"Fuentes Fidedignas\",\"url\":\"https:\\\/\\\/fuentesfidedignas.com.mx\\\/\",\"logo\":{\"@type\":\"ImageObject\",\"inLanguage\":\"es\",\"@id\":\"https:\\\/\\\/fuentesfidedignas.com.mx\\\/#\\\/schema\\\/logo\\\/image\\\/\",\"url\":\"https:\\\/\\\/fuentesfidedignas.com.mx\\\/wp-content\\\/uploads\\\/2021\\\/04\\\/logo-retina.png\",\"contentUrl\":\"https:\\\/\\\/fuentesfidedignas.com.mx\\\/wp-content\\\/uploads\\\/2021\\\/04\\\/logo-retina.png\",\"width\":280,\"height\":51,\"caption\":\"Fuentes Fidedignas\"},\"image\":{\"@id\":\"https:\\\/\\\/fuentesfidedignas.com.mx\\\/#\\\/schema\\\/logo\\\/image\\\/\"},\"sameAs\":[\"https:\\\/\\\/www.facebook.com\\\/Fuentes-Fidedignas-368234489921644\",\"https:\\\/\\\/x.com\\\/fidedignas\"]},{\"@type\":\"Person\",\"@id\":\"https:\\\/\\\/fuentesfidedignas.com.mx\\\/#\\\/schema\\\/person\\\/c77df25c00baae1d4fdc0340db6f364c\",\"name\":\"Leonardo Gutierrez\",\"image\":{\"@type\":\"ImageObject\",\"inLanguage\":\"es\",\"@id\":\"https:\\\/\\\/secure.gravatar.com\\\/avatar\\\/17b13a7a986cc98ca4d7337340bcac5945cbae677961c354aefb3c7962c8cc1f?s=96&d=mm&r=g\",\"url\":\"https:\\\/\\\/secure.gravatar.com\\\/avatar\\\/17b13a7a986cc98ca4d7337340bcac5945cbae677961c354aefb3c7962c8cc1f?s=96&d=mm&r=g\",\"contentUrl\":\"https:\\\/\\\/secure.gravatar.com\\\/avatar\\\/17b13a7a986cc98ca4d7337340bcac5945cbae677961c354aefb3c7962c8cc1f?s=96&d=mm&r=g\",\"caption\":\"Leonardo Gutierrez\"},\"url\":\"https:\\\/\\\/fuentesfidedignas.com.mx\\\/index.php\\\/author\\\/leonardogut\\\/\"}]}<\/script>\n<!-- \/ Yoast SEO plugin. -->","yoast_head_json":{"title":"Instituto Altum reanudar\u00e1 clases presenciales el pr\u00f3ximo lunes; PC da luz verde: director general - Fuentes Fidedignas","robots":{"index":"index","follow":"follow","max-snippet":"max-snippet:-1","max-image-preview":"max-image-preview:large","max-video-preview":"max-video-preview:-1"},"canonical":"https:\/\/fuentesfidedignas.com.mx\/index.php\/2023\/09\/08\/instituto-altum-reanudara-clases-presenciales-el-proximo-lunes-pc-da-luz-verde-director-general\/","og_locale":"es_MX","og_type":"article","og_title":"Instituto Altum reanudar\u00e1 clases presenciales el pr\u00f3ximo lunes; PC da luz verde: director general - Fuentes Fidedignas","og_description":"Luego de revisar la instalaci\u00f3n el\u00e9ctrica del todo el plantel educativo se dictamin\u00f3 que todo est\u00e1 en orden para que los alumnos regresen a sus aulas. Culiac\u00e1n, Sin.- Ser\u00e1 el pr\u00f3ximo lunes cuando se reanuden las clases presenciales en el Instituto Altum, luego de que estas estuvieran suspendidas desde el pasado 4 de septiembre debido [&hellip;]","og_url":"https:\/\/fuentesfidedignas.com.mx\/index.php\/2023\/09\/08\/instituto-altum-reanudara-clases-presenciales-el-proximo-lunes-pc-da-luz-verde-director-general\/","og_site_name":"Fuentes Fidedignas","article_publisher":"https:\/\/www.facebook.com\/Fuentes-Fidedignas-368234489921644","article_published_time":"2023-09-09T01:02:12+00:00","article_modified_time":"2023-09-09T01:14:33+00:00","og_image":[{"width":1024,"height":768,"url":"https:\/\/fuentesfidedignas.com.mx\/wp-content\/uploads\/2023\/09\/WhatsApp-Image-2023-09-08-at-4.38.51-PM.jpeg","type":"image\/jpeg"}],"author":"Leonardo Gutierrez","twitter_card":"summary_large_image","twitter_creator":"@fidedignas","twitter_site":"@fidedignas","twitter_misc":{"Escrito por":"Leonardo Gutierrez","Tiempo de lectura":"3 minutos"},"schema":{"@context":"https:\/\/schema.org","@graph":[{"@type":"Article","@id":"https:\/\/fuentesfidedignas.com.mx\/index.php\/2023\/09\/08\/instituto-altum-reanudara-clases-presenciales-el-proximo-lunes-pc-da-luz-verde-director-general\/#article","isPartOf":{"@id":"https:\/\/fuentesfidedignas.com.mx\/index.php\/2023\/09\/08\/instituto-altum-reanudara-clases-presenciales-el-proximo-lunes-pc-da-luz-verde-director-general\/"},"author":{"name":"Leonardo Gutierrez","@id":"https:\/\/fuentesfidedignas.com.mx\/#\/schema\/person\/c77df25c00baae1d4fdc0340db6f364c"},"headline":"Instituto Altum reanudar\u00e1 clases presenciales el pr\u00f3ximo lunes; PC da luz verde: director general","datePublished":"2023-09-09T01:02:12+00:00","dateModified":"2023-09-09T01:14:33+00:00","mainEntityOfPage":{"@id":"https:\/\/fuentesfidedignas.com.mx\/index.php\/2023\/09\/08\/instituto-altum-reanudara-clases-presenciales-el-proximo-lunes-pc-da-luz-verde-director-general\/"},"wordCount":380,"commentCount":0,"publisher":{"@id":"https:\/\/fuentesfidedignas.com.mx\/#organization"},"image":{"@id":"https:\/\/fuentesfidedignas.com.mx\/index.php\/2023\/09\/08\/instituto-altum-reanudara-clases-presenciales-el-proximo-lunes-pc-da-luz-verde-director-general\/#primaryimage"},"thumbnailUrl":"https:\/\/fuentesfidedignas.com.mx\/wp-content\/uploads\/2023\/09\/WhatsApp-Image-2023-09-08-at-4.38.51-PM.jpeg","articleSection":["NOTICIAS LOCALES"],"inLanguage":"es","potentialAction":[{"@type":"CommentAction","name":"Comment","target":["https:\/\/fuentesfidedignas.com.mx\/index.php\/2023\/09\/08\/instituto-altum-reanudara-clases-presenciales-el-proximo-lunes-pc-da-luz-verde-director-general\/#respond"]}]},{"@type":"WebPage","@id":"https:\/\/fuentesfidedignas.com.mx\/index.php\/2023\/09\/08\/instituto-altum-reanudara-clases-presenciales-el-proximo-lunes-pc-da-luz-verde-director-general\/","url":"https:\/\/fuentesfidedignas.com.mx\/index.php\/2023\/09\/08\/instituto-altum-reanudara-clases-presenciales-el-proximo-lunes-pc-da-luz-verde-director-general\/","name":"Instituto Altum reanudar\u00e1 clases presenciales el pr\u00f3ximo lunes; PC da luz verde: director general - Fuentes Fidedignas","isPartOf":{"@id":"https:\/\/fuentesfidedignas.com.mx\/#website"},"primaryImageOfPage":{"@id":"https:\/\/fuentesfidedignas.com.mx\/index.php\/2023\/09\/08\/instituto-altum-reanudara-clases-presenciales-el-proximo-lunes-pc-da-luz-verde-director-general\/#primaryimage"},"image":{"@id":"https:\/\/fuentesfidedignas.com.mx\/index.php\/2023\/09\/08\/instituto-altum-reanudara-clases-presenciales-el-proximo-lunes-pc-da-luz-verde-director-general\/#primaryimage"},"thumbnailUrl":"https:\/\/fuentesfidedignas.com.mx\/wp-content\/uploads\/2023\/09\/WhatsApp-Image-2023-09-08-at-4.38.51-PM.jpeg","datePublished":"2023-09-09T01:02:12+00:00","dateModified":"2023-09-09T01:14:33+00:00","breadcrumb":{"@id":"https:\/\/fuentesfidedignas.com.mx\/index.php\/2023\/09\/08\/instituto-altum-reanudara-clases-presenciales-el-proximo-lunes-pc-da-luz-verde-director-general\/#breadcrumb"},"inLanguage":"es","potentialAction":[{"@type":"ReadAction","target":["https:\/\/fuentesfidedignas.com.mx\/index.php\/2023\/09\/08\/instituto-altum-reanudara-clases-presenciales-el-proximo-lunes-pc-da-luz-verde-director-general\/"]}]},{"@type":"ImageObject","inLanguage":"es","@id":"https:\/\/fuentesfidedignas.com.mx\/index.php\/2023\/09\/08\/instituto-altum-reanudara-clases-presenciales-el-proximo-lunes-pc-da-luz-verde-director-general\/#primaryimage","url":"https:\/\/fuentesfidedignas.com.mx\/wp-content\/uploads\/2023\/09\/WhatsApp-Image-2023-09-08-at-4.38.51-PM.jpeg","contentUrl":"https:\/\/fuentesfidedignas.com.mx\/wp-content\/uploads\/2023\/09\/WhatsApp-Image-2023-09-08-at-4.38.51-PM.jpeg","width":1024,"height":768},{"@type":"BreadcrumbList","@id":"https:\/\/fuentesfidedignas.com.mx\/index.php\/2023\/09\/08\/instituto-altum-reanudara-clases-presenciales-el-proximo-lunes-pc-da-luz-verde-director-general\/#breadcrumb","itemListElement":[{"@type":"ListItem","position":1,"name":"Inicio","item":"https:\/\/fuentesfidedignas.com.mx\/"},{"@type":"ListItem","position":2,"name":"Instituto Altum reanudar\u00e1 clases presenciales el pr\u00f3ximo lunes; PC da luz verde: director general"}]},{"@type":"WebSite","@id":"https:\/\/fuentesfidedignas.com.mx\/#website","url":"https:\/\/fuentesfidedignas.com.mx\/","name":"Fuentes Fidedignas","description":"Otro sitio realizado con WordPress","publisher":{"@id":"https:\/\/fuentesfidedignas.com.mx\/#organization"},"potentialAction":[{"@type":"SearchAction","target":{"@type":"EntryPoint","urlTemplate":"https:\/\/fuentesfidedignas.com.mx\/?s={search_term_string}"},"query-input":{"@type":"PropertyValueSpecification","valueRequired":true,"valueName":"search_term_string"}}],"inLanguage":"es"},{"@type":"Organization","@id":"https:\/\/fuentesfidedignas.com.mx\/#organization","name":"Fuentes Fidedignas","url":"https:\/\/fuentesfidedignas.com.mx\/","logo":{"@type":"ImageObject","inLanguage":"es","@id":"https:\/\/fuentesfidedignas.com.mx\/#\/schema\/logo\/image\/","url":"https:\/\/fuentesfidedignas.com.mx\/wp-content\/uploads\/2021\/04\/logo-retina.png","contentUrl":"https:\/\/fuentesfidedignas.com.mx\/wp-content\/uploads\/2021\/04\/logo-retina.png","width":280,"height":51,"caption":"Fuentes Fidedignas"},"image":{"@id":"https:\/\/fuentesfidedignas.com.mx\/#\/schema\/logo\/image\/"},"sameAs":["https:\/\/www.facebook.com\/Fuentes-Fidedignas-368234489921644","https:\/\/x.com\/fidedignas"]},{"@type":"Person","@id":"https:\/\/fuentesfidedignas.com.mx\/#\/schema\/person\/c77df25c00baae1d4fdc0340db6f364c","name":"Leonardo Gutierrez","image":{"@type":"ImageObject","inLanguage":"es","@id":"https:\/\/secure.gravatar.com\/avatar\/17b13a7a986cc98ca4d7337340bcac5945cbae677961c354aefb3c7962c8cc1f?s=96&d=mm&r=g","url":"https:\/\/secure.gravatar.com\/avatar\/17b13a7a986cc98ca4d7337340bcac5945cbae677961c354aefb3c7962c8cc1f?s=96&d=mm&r=g","contentUrl":"https:\/\/secure.gravatar.com\/avatar\/17b13a7a986cc98ca4d7337340bcac5945cbae677961c354aefb3c7962c8cc1f?s=96&d=mm&r=g","caption":"Leonardo Gutierrez"},"url":"https:\/\/fuentesfidedignas.com.mx\/index.php\/author\/leonardogut\/"}]}},"_links":{"self":[{"href":"https:\/\/fuentesfidedignas.com.mx\/index.php\/wp-json\/wp\/v2\/posts\/58365","targetHints":{"allow":["GET"]}}],"collection":[{"href":"https:\/\/fuentesfidedignas.com.mx\/index.php\/wp-json\/wp\/v2\/posts"}],"about":[{"href":"https:\/\/fuentesfidedignas.com.mx\/index.php\/wp-json\/wp\/v2\/types\/post"}],"author":[{"embeddable":true,"href":"https:\/\/fuentesfidedignas.com.mx\/index.php\/wp-json\/wp\/v2\/users\/112"}],"replies":[{"embeddable":true,"href":"https:\/\/fuentesfidedignas.com.mx\/index.php\/wp-json\/wp\/v2\/comments?post=58365"}],"version-history":[{"count":4,"href":"https:\/\/fuentesfidedignas.com.mx\/index.php\/wp-json\/wp\/v2\/posts\/58365\/revisions"}],"predecessor-version":[{"id":58377,"href":"https:\/\/fuentesfidedignas.com.mx\/index.php\/wp-json\/wp\/v2\/posts\/58365\/revisions\/58377"}],"wp:featuredmedia":[{"embeddable":true,"href":"https:\/\/fuentesfidedignas.com.mx\/index.php\/wp-json\/wp\/v2\/media\/58370"}],"wp:attachment":[{"href":"https:\/\/fuentesfidedignas.com.mx\/index.php\/wp-json\/wp\/v2\/media?parent=58365"}],"wp:term":[{"taxonomy":"category","embeddable":true,"href":"https:\/\/fuentesfidedignas.com.mx\/index.php\/wp-json\/wp\/v2\/categories?post=58365"},{"taxonomy":"post_tag","embeddable":true,"href":"https:\/\/fuentesfidedignas.com.mx\/index.php\/wp-json\/wp\/v2\/tags?post=58365"}],"curies":[{"name":"wp","href":"https:\/\/api.w.org\/{rel}","templated":true}]}}