{"id":58334,"date":"2023-09-08T14:27:19","date_gmt":"2023-09-08T21:27:19","guid":{"rendered":"https:\/\/fuentesfidedignas.com.mx\/?p=58334"},"modified":"2023-09-08T14:36:27","modified_gmt":"2023-09-08T21:36:27","slug":"no-incurri-en-violencia-contra-diputada-del-pas-defiende-serapio-vargas","status":"publish","type":"post","link":"https:\/\/fuentesfidedignas.com.mx\/index.php\/2023\/09\/08\/no-incurri-en-violencia-contra-diputada-del-pas-defiende-serapio-vargas\/","title":{"rendered":"No incurr\u00ed en violencia contra diputada del PAS, defiende Serapio Vargas"},"content":{"rendered":"\n<p><strong><em>El legislador inform\u00f3 que, hasta el momento, no ha sido notificado sobre la denuncia interpuesta en su contra por la diputada Mar\u00eda del Rosario Osuna <\/em><\/strong><\/p>\n\n\n\n<p>Culiac\u00e1n, Sin.- &#8220;<em>Jam\u00e1s he considerado haber incurrido en alguna expresi\u00f3n de las que se me acusa<\/em>&#8220;, y hasta el momento no se me ha notificado sobre la denuncia por violencia pol\u00edtica de g\u00e9nero que present\u00f3 la diputada Mar\u00eda del Rosario Osuna Guti\u00e9rrez, asegur\u00f3 Serapio Vargas Ram\u00edrez.<\/p>\n\n\n\n<p>&#8220;<strong>No me han notificado hasta este momento, hasta esta hora, de ninguna queja o denuncia por parte del IEES. Efectivamente he visto en algunas notas y redes, pero hasta este momento no puedo ahondar mucho porque no conozco el contenido<\/strong>&#8220;, detall\u00f3 el legislador morenista.<\/p>\n\n\n\n<p>Serapio Vargas defendi\u00f3 que todos los se\u00f1alamiento que \u00e9l hizo o puede llegar a decir, son respaldados por la ley, ya que esta permite a los legisladores hacer uso de la palabra a como sea su consideraci\u00f3n durante su labor legislativa.<\/p>\n\n\n\n<p>&#8220;<em>Lo que s\u00ed entiendo es que son expresiones que su servidor dijo en comisiones de trabajo de este parlamento y en el Pleno de este Congreso. Por lo que solamente vale la pena recordar que el Art\u00edculo 33 de la Constituci\u00f3n Pol\u00edtica de Sinaloa, establece que los diputados son inviolables por las opiniones propias<\/em>&#8220;, asever\u00f3.  <\/p>\n\n\n\n<p><strong>LA DENUNCIA<\/strong><\/p>\n\n\n\n<p>La diputada por el <strong>PAS <\/strong>y Presidenta de la Comisi\u00f3n de Seguridad P\u00fablica, <strong>Mar\u00eda del Rosario Osuna Guti\u00e9rrez<\/strong>, present\u00f3 el mi\u00e9rcoles 06 de septiembre una denuncia ante el Instituto Electoral del Estado de Sinaloa, esto en raz\u00f3n de posibles hechos en su contra por cuestiones de g\u00e9nero, por parte del diputado de Morena, <strong>Serapio Vargas Ram\u00edrez<\/strong>.<\/p>\n\n\n\n<p>\u201c<em>Les comparto que el d\u00eda de hoy 06 de septiembre del 2023 present\u00e9 una denuncia ante el Instituto Electoral del Estado de Sinaloa, en contra del diputado Serapio Vargas Ram\u00edrez del congreso del Estado, por hechos en mi contra, en violencia pol\u00edtica contra las mujeres en raz\u00f3n de g\u00e9nero<\/em>\u201d, aseguro la diputada.<\/p>\n\n\n\n<p>Osuna Guti\u00e9rrez se\u00f1al\u00f3, que como representante de las y los sinaloenses, no puede tolerar ni permitir violencia de ning\u00fan tipo hacia su persona, \u201c<strong>No puedo pasar por alto la desestimaci\u00f3n, ridiculizaci\u00f3n y descalificaci\u00f3n s\u00ednica por parte de este diputado (Serapio Vargas)<\/strong>\u201d, esto debido a que una de las luchas del partido ha sido precisamente erradicar este tipo de pr\u00e1cticas.<\/p>\n\n\n\n<figure class=\"wp-block-embed is-type-video is-provider-youtube wp-block-embed-youtube wp-embed-aspect-16-9 wp-has-aspect-ratio\"><div class=\"wp-block-embed__wrapper\">\n<iframe loading=\"lazy\" title=\"Serapio Vargas es denunciado ante el IEES por parte de la diputada Rosario Osuna\" width=\"696\" height=\"392\" src=\"https:\/\/www.youtube.com\/embed\/QhtK6oAo-Mg?feature=oembed\" frameborder=\"0\" allow=\"accelerometer; autoplay; clipboard-write; encrypted-media; gyroscope; picture-in-picture; web-share\" allowfullscreen><\/iframe>\n<\/div><\/figure>\n","protected":false},"excerpt":{"rendered":"<p>El legislador inform\u00f3 que, hasta el momento, no ha sido notificado sobre la denuncia interpuesta en su contra por la diputada Mar\u00eda del Rosario Osuna Culiac\u00e1n, Sin.- &#8220;Jam\u00e1s he considerado haber incurrido en alguna expresi\u00f3n de las que se me acusa&#8220;, y hasta el momento no se me ha notificado sobre la denuncia por violencia [&hellip;]<\/p>\n","protected":false},"author":11,"featured_media":58335,"comment_status":"open","ping_status":"open","sticky":false,"template":"","format":"standard","meta":{"tdm_status":"","tdm_grid_status":"","footnotes":""},"categories":[38],"tags":[],"class_list":{"0":"post-58334","1":"post","2":"type-post","3":"status-publish","4":"format-standard","5":"has-post-thumbnail","7":"category-noticias-locales"},"yoast_head":"<!-- This site is optimized with the Yoast SEO plugin v27.4 - https:\/\/yoast.com\/product\/yoast-seo-wordpress\/ -->\n<title>No incurr\u00ed en violencia contra diputada del PAS, defiende Serapio Vargas - Fuentes Fidedignas<\/title>\n<meta name=\"robots\" content=\"index, follow, max-snippet:-1, max-image-preview:large, max-video-preview:-1\" \/>\n<link rel=\"canonical\" href=\"https:\/\/fuentesfidedignas.com.mx\/index.php\/2023\/09\/08\/no-incurri-en-violencia-contra-diputada-del-pas-defiende-serapio-vargas\/\" \/>\n<meta property=\"og:locale\" content=\"es_MX\" \/>\n<meta property=\"og:type\" content=\"article\" \/>\n<meta property=\"og:title\" content=\"No incurr\u00ed en violencia contra diputada del PAS, defiende Serapio Vargas - Fuentes Fidedignas\" \/>\n<meta property=\"og:description\" content=\"El legislador inform\u00f3 que, hasta el momento, no ha sido notificado sobre la denuncia interpuesta en su contra por la diputada Mar\u00eda del Rosario Osuna Culiac\u00e1n, Sin.- &#8220;Jam\u00e1s he considerado haber incurrido en alguna expresi\u00f3n de las que se me acusa&#8220;, y hasta el momento no se me ha notificado sobre la denuncia por violencia [&hellip;]\" \/>\n<meta property=\"og:url\" content=\"https:\/\/fuentesfidedignas.com.mx\/index.php\/2023\/09\/08\/no-incurri-en-violencia-contra-diputada-del-pas-defiende-serapio-vargas\/\" \/>\n<meta property=\"og:site_name\" content=\"Fuentes Fidedignas\" \/>\n<meta property=\"article:publisher\" content=\"https:\/\/www.facebook.com\/Fuentes-Fidedignas-368234489921644\" \/>\n<meta property=\"article:published_time\" content=\"2023-09-08T21:27:19+00:00\" \/>\n<meta property=\"article:modified_time\" content=\"2023-09-08T21:36:27+00:00\" \/>\n<meta property=\"og:image\" content=\"https:\/\/fuentesfidedignas.com.mx\/wp-content\/uploads\/2023\/09\/serapio-dolar.jpg\" \/>\n\t<meta property=\"og:image:width\" content=\"600\" \/>\n\t<meta property=\"og:image:height\" content=\"450\" \/>\n\t<meta property=\"og:image:type\" content=\"image\/jpeg\" \/>\n<meta name=\"author\" content=\"Marissa Palafox\" \/>\n<meta name=\"twitter:card\" content=\"summary_large_image\" \/>\n<meta name=\"twitter:creator\" content=\"@fidedignas\" \/>\n<meta name=\"twitter:site\" content=\"@fidedignas\" \/>\n<meta name=\"twitter:label1\" content=\"Escrito por\" \/>\n\t<meta name=\"twitter:data1\" content=\"Marissa Palafox\" \/>\n\t<meta name=\"twitter:label2\" content=\"Tiempo de lectura\" \/>\n\t<meta name=\"twitter:data2\" content=\"2 minutos\" \/>\n<script type=\"application\/ld+json\" class=\"yoast-schema-graph\">{\"@context\":\"https:\\\/\\\/schema.org\",\"@graph\":[{\"@type\":\"Article\",\"@id\":\"https:\\\/\\\/fuentesfidedignas.com.mx\\\/index.php\\\/2023\\\/09\\\/08\\\/no-incurri-en-violencia-contra-diputada-del-pas-defiende-serapio-vargas\\\/#article\",\"isPartOf\":{\"@id\":\"https:\\\/\\\/fuentesfidedignas.com.mx\\\/index.php\\\/2023\\\/09\\\/08\\\/no-incurri-en-violencia-contra-diputada-del-pas-defiende-serapio-vargas\\\/\"},\"author\":{\"name\":\"Marissa Palafox\",\"@id\":\"https:\\\/\\\/fuentesfidedignas.com.mx\\\/#\\\/schema\\\/person\\\/2c10028b4a30078c05a056a215342ab9\"},\"headline\":\"No incurr\u00ed en violencia contra diputada del PAS, defiende Serapio Vargas\",\"datePublished\":\"2023-09-08T21:27:19+00:00\",\"dateModified\":\"2023-09-08T21:36:27+00:00\",\"mainEntityOfPage\":{\"@id\":\"https:\\\/\\\/fuentesfidedignas.com.mx\\\/index.php\\\/2023\\\/09\\\/08\\\/no-incurri-en-violencia-contra-diputada-del-pas-defiende-serapio-vargas\\\/\"},\"wordCount\":428,\"commentCount\":0,\"publisher\":{\"@id\":\"https:\\\/\\\/fuentesfidedignas.com.mx\\\/#organization\"},\"image\":{\"@id\":\"https:\\\/\\\/fuentesfidedignas.com.mx\\\/index.php\\\/2023\\\/09\\\/08\\\/no-incurri-en-violencia-contra-diputada-del-pas-defiende-serapio-vargas\\\/#primaryimage\"},\"thumbnailUrl\":\"https:\\\/\\\/fuentesfidedignas.com.mx\\\/wp-content\\\/uploads\\\/2023\\\/09\\\/serapio-dolar.jpg\",\"articleSection\":[\"NOTICIAS LOCALES\"],\"inLanguage\":\"es\",\"potentialAction\":[{\"@type\":\"CommentAction\",\"name\":\"Comment\",\"target\":[\"https:\\\/\\\/fuentesfidedignas.com.mx\\\/index.php\\\/2023\\\/09\\\/08\\\/no-incurri-en-violencia-contra-diputada-del-pas-defiende-serapio-vargas\\\/#respond\"]}]},{\"@type\":\"WebPage\",\"@id\":\"https:\\\/\\\/fuentesfidedignas.com.mx\\\/index.php\\\/2023\\\/09\\\/08\\\/no-incurri-en-violencia-contra-diputada-del-pas-defiende-serapio-vargas\\\/\",\"url\":\"https:\\\/\\\/fuentesfidedignas.com.mx\\\/index.php\\\/2023\\\/09\\\/08\\\/no-incurri-en-violencia-contra-diputada-del-pas-defiende-serapio-vargas\\\/\",\"name\":\"No incurr\u00ed en violencia contra diputada del PAS, defiende Serapio Vargas - Fuentes Fidedignas\",\"isPartOf\":{\"@id\":\"https:\\\/\\\/fuentesfidedignas.com.mx\\\/#website\"},\"primaryImageOfPage\":{\"@id\":\"https:\\\/\\\/fuentesfidedignas.com.mx\\\/index.php\\\/2023\\\/09\\\/08\\\/no-incurri-en-violencia-contra-diputada-del-pas-defiende-serapio-vargas\\\/#primaryimage\"},\"image\":{\"@id\":\"https:\\\/\\\/fuentesfidedignas.com.mx\\\/index.php\\\/2023\\\/09\\\/08\\\/no-incurri-en-violencia-contra-diputada-del-pas-defiende-serapio-vargas\\\/#primaryimage\"},\"thumbnailUrl\":\"https:\\\/\\\/fuentesfidedignas.com.mx\\\/wp-content\\\/uploads\\\/2023\\\/09\\\/serapio-dolar.jpg\",\"datePublished\":\"2023-09-08T21:27:19+00:00\",\"dateModified\":\"2023-09-08T21:36:27+00:00\",\"breadcrumb\":{\"@id\":\"https:\\\/\\\/fuentesfidedignas.com.mx\\\/index.php\\\/2023\\\/09\\\/08\\\/no-incurri-en-violencia-contra-diputada-del-pas-defiende-serapio-vargas\\\/#breadcrumb\"},\"inLanguage\":\"es\",\"potentialAction\":[{\"@type\":\"ReadAction\",\"target\":[\"https:\\\/\\\/fuentesfidedignas.com.mx\\\/index.php\\\/2023\\\/09\\\/08\\\/no-incurri-en-violencia-contra-diputada-del-pas-defiende-serapio-vargas\\\/\"]}]},{\"@type\":\"ImageObject\",\"inLanguage\":\"es\",\"@id\":\"https:\\\/\\\/fuentesfidedignas.com.mx\\\/index.php\\\/2023\\\/09\\\/08\\\/no-incurri-en-violencia-contra-diputada-del-pas-defiende-serapio-vargas\\\/#primaryimage\",\"url\":\"https:\\\/\\\/fuentesfidedignas.com.mx\\\/wp-content\\\/uploads\\\/2023\\\/09\\\/serapio-dolar.jpg\",\"contentUrl\":\"https:\\\/\\\/fuentesfidedignas.com.mx\\\/wp-content\\\/uploads\\\/2023\\\/09\\\/serapio-dolar.jpg\",\"width\":600,\"height\":450},{\"@type\":\"BreadcrumbList\",\"@id\":\"https:\\\/\\\/fuentesfidedignas.com.mx\\\/index.php\\\/2023\\\/09\\\/08\\\/no-incurri-en-violencia-contra-diputada-del-pas-defiende-serapio-vargas\\\/#breadcrumb\",\"itemListElement\":[{\"@type\":\"ListItem\",\"position\":1,\"name\":\"Inicio\",\"item\":\"https:\\\/\\\/fuentesfidedignas.com.mx\\\/\"},{\"@type\":\"ListItem\",\"position\":2,\"name\":\"No incurr\u00ed en violencia contra diputada del PAS, defiende Serapio Vargas\"}]},{\"@type\":\"WebSite\",\"@id\":\"https:\\\/\\\/fuentesfidedignas.com.mx\\\/#website\",\"url\":\"https:\\\/\\\/fuentesfidedignas.com.mx\\\/\",\"name\":\"Fuentes Fidedignas\",\"description\":\"Otro sitio realizado con WordPress\",\"publisher\":{\"@id\":\"https:\\\/\\\/fuentesfidedignas.com.mx\\\/#organization\"},\"potentialAction\":[{\"@type\":\"SearchAction\",\"target\":{\"@type\":\"EntryPoint\",\"urlTemplate\":\"https:\\\/\\\/fuentesfidedignas.com.mx\\\/?s={search_term_string}\"},\"query-input\":{\"@type\":\"PropertyValueSpecification\",\"valueRequired\":true,\"valueName\":\"search_term_string\"}}],\"inLanguage\":\"es\"},{\"@type\":\"Organization\",\"@id\":\"https:\\\/\\\/fuentesfidedignas.com.mx\\\/#organization\",\"name\":\"Fuentes Fidedignas\",\"url\":\"https:\\\/\\\/fuentesfidedignas.com.mx\\\/\",\"logo\":{\"@type\":\"ImageObject\",\"inLanguage\":\"es\",\"@id\":\"https:\\\/\\\/fuentesfidedignas.com.mx\\\/#\\\/schema\\\/logo\\\/image\\\/\",\"url\":\"https:\\\/\\\/fuentesfidedignas.com.mx\\\/wp-content\\\/uploads\\\/2021\\\/04\\\/logo-retina.png\",\"contentUrl\":\"https:\\\/\\\/fuentesfidedignas.com.mx\\\/wp-content\\\/uploads\\\/2021\\\/04\\\/logo-retina.png\",\"width\":280,\"height\":51,\"caption\":\"Fuentes Fidedignas\"},\"image\":{\"@id\":\"https:\\\/\\\/fuentesfidedignas.com.mx\\\/#\\\/schema\\\/logo\\\/image\\\/\"},\"sameAs\":[\"https:\\\/\\\/www.facebook.com\\\/Fuentes-Fidedignas-368234489921644\",\"https:\\\/\\\/x.com\\\/fidedignas\"]},{\"@type\":\"Person\",\"@id\":\"https:\\\/\\\/fuentesfidedignas.com.mx\\\/#\\\/schema\\\/person\\\/2c10028b4a30078c05a056a215342ab9\",\"name\":\"Marissa Palafox\",\"image\":{\"@type\":\"ImageObject\",\"inLanguage\":\"es\",\"@id\":\"https:\\\/\\\/secure.gravatar.com\\\/avatar\\\/20a43bdb2f2db10f20b22d4e98b96eb027faf98f7f76d29854dc5fab46d1cf71?s=96&d=mm&r=g\",\"url\":\"https:\\\/\\\/secure.gravatar.com\\\/avatar\\\/20a43bdb2f2db10f20b22d4e98b96eb027faf98f7f76d29854dc5fab46d1cf71?s=96&d=mm&r=g\",\"contentUrl\":\"https:\\\/\\\/secure.gravatar.com\\\/avatar\\\/20a43bdb2f2db10f20b22d4e98b96eb027faf98f7f76d29854dc5fab46d1cf71?s=96&d=mm&r=g\",\"caption\":\"Marissa Palafox\"},\"url\":\"https:\\\/\\\/fuentesfidedignas.com.mx\\\/index.php\\\/author\\\/marissa\\\/\"}]}<\/script>\n<!-- \/ Yoast SEO plugin. -->","yoast_head_json":{"title":"No incurr\u00ed en violencia contra diputada del PAS, defiende Serapio Vargas - Fuentes Fidedignas","robots":{"index":"index","follow":"follow","max-snippet":"max-snippet:-1","max-image-preview":"max-image-preview:large","max-video-preview":"max-video-preview:-1"},"canonical":"https:\/\/fuentesfidedignas.com.mx\/index.php\/2023\/09\/08\/no-incurri-en-violencia-contra-diputada-del-pas-defiende-serapio-vargas\/","og_locale":"es_MX","og_type":"article","og_title":"No incurr\u00ed en violencia contra diputada del PAS, defiende Serapio Vargas - Fuentes Fidedignas","og_description":"El legislador inform\u00f3 que, hasta el momento, no ha sido notificado sobre la denuncia interpuesta en su contra por la diputada Mar\u00eda del Rosario Osuna Culiac\u00e1n, Sin.- &#8220;Jam\u00e1s he considerado haber incurrido en alguna expresi\u00f3n de las que se me acusa&#8220;, y hasta el momento no se me ha notificado sobre la denuncia por violencia [&hellip;]","og_url":"https:\/\/fuentesfidedignas.com.mx\/index.php\/2023\/09\/08\/no-incurri-en-violencia-contra-diputada-del-pas-defiende-serapio-vargas\/","og_site_name":"Fuentes Fidedignas","article_publisher":"https:\/\/www.facebook.com\/Fuentes-Fidedignas-368234489921644","article_published_time":"2023-09-08T21:27:19+00:00","article_modified_time":"2023-09-08T21:36:27+00:00","og_image":[{"width":600,"height":450,"url":"https:\/\/fuentesfidedignas.com.mx\/wp-content\/uploads\/2023\/09\/serapio-dolar.jpg","type":"image\/jpeg"}],"author":"Marissa Palafox","twitter_card":"summary_large_image","twitter_creator":"@fidedignas","twitter_site":"@fidedignas","twitter_misc":{"Escrito por":"Marissa Palafox","Tiempo de lectura":"2 minutos"},"schema":{"@context":"https:\/\/schema.org","@graph":[{"@type":"Article","@id":"https:\/\/fuentesfidedignas.com.mx\/index.php\/2023\/09\/08\/no-incurri-en-violencia-contra-diputada-del-pas-defiende-serapio-vargas\/#article","isPartOf":{"@id":"https:\/\/fuentesfidedignas.com.mx\/index.php\/2023\/09\/08\/no-incurri-en-violencia-contra-diputada-del-pas-defiende-serapio-vargas\/"},"author":{"name":"Marissa Palafox","@id":"https:\/\/fuentesfidedignas.com.mx\/#\/schema\/person\/2c10028b4a30078c05a056a215342ab9"},"headline":"No incurr\u00ed en violencia contra diputada del PAS, defiende Serapio Vargas","datePublished":"2023-09-08T21:27:19+00:00","dateModified":"2023-09-08T21:36:27+00:00","mainEntityOfPage":{"@id":"https:\/\/fuentesfidedignas.com.mx\/index.php\/2023\/09\/08\/no-incurri-en-violencia-contra-diputada-del-pas-defiende-serapio-vargas\/"},"wordCount":428,"commentCount":0,"publisher":{"@id":"https:\/\/fuentesfidedignas.com.mx\/#organization"},"image":{"@id":"https:\/\/fuentesfidedignas.com.mx\/index.php\/2023\/09\/08\/no-incurri-en-violencia-contra-diputada-del-pas-defiende-serapio-vargas\/#primaryimage"},"thumbnailUrl":"https:\/\/fuentesfidedignas.com.mx\/wp-content\/uploads\/2023\/09\/serapio-dolar.jpg","articleSection":["NOTICIAS LOCALES"],"inLanguage":"es","potentialAction":[{"@type":"CommentAction","name":"Comment","target":["https:\/\/fuentesfidedignas.com.mx\/index.php\/2023\/09\/08\/no-incurri-en-violencia-contra-diputada-del-pas-defiende-serapio-vargas\/#respond"]}]},{"@type":"WebPage","@id":"https:\/\/fuentesfidedignas.com.mx\/index.php\/2023\/09\/08\/no-incurri-en-violencia-contra-diputada-del-pas-defiende-serapio-vargas\/","url":"https:\/\/fuentesfidedignas.com.mx\/index.php\/2023\/09\/08\/no-incurri-en-violencia-contra-diputada-del-pas-defiende-serapio-vargas\/","name":"No incurr\u00ed en violencia contra diputada del PAS, defiende Serapio Vargas - Fuentes Fidedignas","isPartOf":{"@id":"https:\/\/fuentesfidedignas.com.mx\/#website"},"primaryImageOfPage":{"@id":"https:\/\/fuentesfidedignas.com.mx\/index.php\/2023\/09\/08\/no-incurri-en-violencia-contra-diputada-del-pas-defiende-serapio-vargas\/#primaryimage"},"image":{"@id":"https:\/\/fuentesfidedignas.com.mx\/index.php\/2023\/09\/08\/no-incurri-en-violencia-contra-diputada-del-pas-defiende-serapio-vargas\/#primaryimage"},"thumbnailUrl":"https:\/\/fuentesfidedignas.com.mx\/wp-content\/uploads\/2023\/09\/serapio-dolar.jpg","datePublished":"2023-09-08T21:27:19+00:00","dateModified":"2023-09-08T21:36:27+00:00","breadcrumb":{"@id":"https:\/\/fuentesfidedignas.com.mx\/index.php\/2023\/09\/08\/no-incurri-en-violencia-contra-diputada-del-pas-defiende-serapio-vargas\/#breadcrumb"},"inLanguage":"es","potentialAction":[{"@type":"ReadAction","target":["https:\/\/fuentesfidedignas.com.mx\/index.php\/2023\/09\/08\/no-incurri-en-violencia-contra-diputada-del-pas-defiende-serapio-vargas\/"]}]},{"@type":"ImageObject","inLanguage":"es","@id":"https:\/\/fuentesfidedignas.com.mx\/index.php\/2023\/09\/08\/no-incurri-en-violencia-contra-diputada-del-pas-defiende-serapio-vargas\/#primaryimage","url":"https:\/\/fuentesfidedignas.com.mx\/wp-content\/uploads\/2023\/09\/serapio-dolar.jpg","contentUrl":"https:\/\/fuentesfidedignas.com.mx\/wp-content\/uploads\/2023\/09\/serapio-dolar.jpg","width":600,"height":450},{"@type":"BreadcrumbList","@id":"https:\/\/fuentesfidedignas.com.mx\/index.php\/2023\/09\/08\/no-incurri-en-violencia-contra-diputada-del-pas-defiende-serapio-vargas\/#breadcrumb","itemListElement":[{"@type":"ListItem","position":1,"name":"Inicio","item":"https:\/\/fuentesfidedignas.com.mx\/"},{"@type":"ListItem","position":2,"name":"No incurr\u00ed en violencia contra diputada del PAS, defiende Serapio Vargas"}]},{"@type":"WebSite","@id":"https:\/\/fuentesfidedignas.com.mx\/#website","url":"https:\/\/fuentesfidedignas.com.mx\/","name":"Fuentes Fidedignas","description":"Otro sitio realizado con WordPress","publisher":{"@id":"https:\/\/fuentesfidedignas.com.mx\/#organization"},"potentialAction":[{"@type":"SearchAction","target":{"@type":"EntryPoint","urlTemplate":"https:\/\/fuentesfidedignas.com.mx\/?s={search_term_string}"},"query-input":{"@type":"PropertyValueSpecification","valueRequired":true,"valueName":"search_term_string"}}],"inLanguage":"es"},{"@type":"Organization","@id":"https:\/\/fuentesfidedignas.com.mx\/#organization","name":"Fuentes Fidedignas","url":"https:\/\/fuentesfidedignas.com.mx\/","logo":{"@type":"ImageObject","inLanguage":"es","@id":"https:\/\/fuentesfidedignas.com.mx\/#\/schema\/logo\/image\/","url":"https:\/\/fuentesfidedignas.com.mx\/wp-content\/uploads\/2021\/04\/logo-retina.png","contentUrl":"https:\/\/fuentesfidedignas.com.mx\/wp-content\/uploads\/2021\/04\/logo-retina.png","width":280,"height":51,"caption":"Fuentes Fidedignas"},"image":{"@id":"https:\/\/fuentesfidedignas.com.mx\/#\/schema\/logo\/image\/"},"sameAs":["https:\/\/www.facebook.com\/Fuentes-Fidedignas-368234489921644","https:\/\/x.com\/fidedignas"]},{"@type":"Person","@id":"https:\/\/fuentesfidedignas.com.mx\/#\/schema\/person\/2c10028b4a30078c05a056a215342ab9","name":"Marissa Palafox","image":{"@type":"ImageObject","inLanguage":"es","@id":"https:\/\/secure.gravatar.com\/avatar\/20a43bdb2f2db10f20b22d4e98b96eb027faf98f7f76d29854dc5fab46d1cf71?s=96&d=mm&r=g","url":"https:\/\/secure.gravatar.com\/avatar\/20a43bdb2f2db10f20b22d4e98b96eb027faf98f7f76d29854dc5fab46d1cf71?s=96&d=mm&r=g","contentUrl":"https:\/\/secure.gravatar.com\/avatar\/20a43bdb2f2db10f20b22d4e98b96eb027faf98f7f76d29854dc5fab46d1cf71?s=96&d=mm&r=g","caption":"Marissa Palafox"},"url":"https:\/\/fuentesfidedignas.com.mx\/index.php\/author\/marissa\/"}]}},"_links":{"self":[{"href":"https:\/\/fuentesfidedignas.com.mx\/index.php\/wp-json\/wp\/v2\/posts\/58334","targetHints":{"allow":["GET"]}}],"collection":[{"href":"https:\/\/fuentesfidedignas.com.mx\/index.php\/wp-json\/wp\/v2\/posts"}],"about":[{"href":"https:\/\/fuentesfidedignas.com.mx\/index.php\/wp-json\/wp\/v2\/types\/post"}],"author":[{"embeddable":true,"href":"https:\/\/fuentesfidedignas.com.mx\/index.php\/wp-json\/wp\/v2\/users\/11"}],"replies":[{"embeddable":true,"href":"https:\/\/fuentesfidedignas.com.mx\/index.php\/wp-json\/wp\/v2\/comments?post=58334"}],"version-history":[{"count":6,"href":"https:\/\/fuentesfidedignas.com.mx\/index.php\/wp-json\/wp\/v2\/posts\/58334\/revisions"}],"predecessor-version":[{"id":58341,"href":"https:\/\/fuentesfidedignas.com.mx\/index.php\/wp-json\/wp\/v2\/posts\/58334\/revisions\/58341"}],"wp:featuredmedia":[{"embeddable":true,"href":"https:\/\/fuentesfidedignas.com.mx\/index.php\/wp-json\/wp\/v2\/media\/58335"}],"wp:attachment":[{"href":"https:\/\/fuentesfidedignas.com.mx\/index.php\/wp-json\/wp\/v2\/media?parent=58334"}],"wp:term":[{"taxonomy":"category","embeddable":true,"href":"https:\/\/fuentesfidedignas.com.mx\/index.php\/wp-json\/wp\/v2\/categories?post=58334"},{"taxonomy":"post_tag","embeddable":true,"href":"https:\/\/fuentesfidedignas.com.mx\/index.php\/wp-json\/wp\/v2\/tags?post=58334"}],"curies":[{"name":"wp","href":"https:\/\/api.w.org\/{rel}","templated":true}]}}