{"id":5829,"date":"2021-06-24T14:43:19","date_gmt":"2021-06-24T21:43:19","guid":{"rendered":"https:\/\/fuentesfidedignas.com.mx\/?p=5829"},"modified":"2021-06-24T14:43:20","modified_gmt":"2021-06-24T21:43:20","slug":"mexico-entrega-150000-dosis-de-astrazeneca-a-guatemala","status":"publish","type":"post","link":"https:\/\/fuentesfidedignas.com.mx\/index.php\/2021\/06\/24\/mexico-entrega-150000-dosis-de-astrazeneca-a-guatemala\/","title":{"rendered":"M\u00e9xico entrega 150,000 dosis de AstraZeneca a Guatemala"},"content":{"rendered":"\n<p><strong><em>El canciller Marcelo Ebrard, entreg\u00f3 personalmente en Guatemala una donaci\u00f3n de 150,000 dosis de vacunas AstraZeneca contra el Covid-19.<\/em><\/strong><\/p>\n\n\n\n<p>Ciudad de M\u00e9xico.- El canciller mexicano, Marcelo Ebrard, entreg\u00f3 este jueves personalmente en Guatemala una donaci\u00f3n de 150,000 dosis de vacunas AstraZeneca contra el Covid-19 y asegur\u00f3 que pr\u00f3ximamente se obsequiar\u00e1 un nuevo cargamento id\u00e9ntico.<\/p>\n\n\n\n<p>Ebrard arrib\u00f3 al filo del mediod\u00eda al pa\u00eds centroamericano en un avi\u00f3n de la Fuerza A\u00e9rea Mexicana y fue recibido por el vicecanciller guatemalteco Eduardo Hern\u00e1ndez y la ministra de Salud P\u00fablica y Asistencia Social, Amelia Flores, para un breve acto de entrega de las vacunas.<\/p>\n\n\n\n<p>El funcionario mexicano indic\u00f3 que la donaci\u00f3n es una muestra de la solidaridad entre los pa\u00edses, pues las vacunas \u201cno tienen ning\u00fan costo y vamos a seguir adelante porque despu\u00e9s vamos a entregar 150,000 dosis para la segunda dosis, pues es necesaria\u201d.<\/p>\n\n\n\n<p>El canciller del Gobierno de Andr\u00e9s Manuel L\u00f3pez Obrador asever\u00f3 adem\u00e1s que \u201clos pa\u00edses que producen las vacunas o que tienen m\u00e1s posibilidades han compartido en menor escala a lo que hubi\u00e9ramos querido\u201d.<\/p>\n\n\n\n<p>Adem\u00e1s, destac\u00f3 que las vacunas donadas a Guatemala son \u201cfruto de una iniciativa latinoamericana\u201d, pues la substancia fue fabricada en Argentina y envasada en M\u00e9xico con \u201cla transferencia de tecnolog\u00eda de AstraZeneca\u201d.<\/p>\n\n\n\n<p>\u201cEse logro\u201d, apunt\u00f3 Ebrard, env\u00eda \u201cun mensaje de congruencia de lo que estamos exigiendo a los dem\u00e1s y muestra la solidaridad y hermandad que tenemos con Guatemala\u201d.<\/p>\n\n\n\n<p>Ebrard puntualiz\u00f3 que \u201cM\u00e9xico est\u00e1 desarrollando una vacuna denominada Patria para atender a la poblaci\u00f3n a partir de 2022\u2033, la cual \u201cest\u00e1 en fase dos y la vamos a compartir con Guatemala cuando alcance la fase tres\u201d.<\/p>\n\n\n\n<p>Por su parte, la ministra de Salud guatemalteca, Amelia Flores, explic\u00f3 que se sent\u00eda \u201cmuy honrada de estar presente hoy en este acto tan solemne de entrega de 150,000 dosis iniciales para la poblaci\u00f3n de Guatemala\u201d.<\/p>\n\n\n\n<p>Flores agreg\u00f3 que la donaci\u00f3n \u201ces un acto m\u00e1s que memorable\u201d y mencion\u00f3 que la producci\u00f3n de vacunas en M\u00e9xico \u201ces una esperanza por estar tan cerca\u201d.<\/p>\n\n\n\n<p>La funcionaria guatemalteca enfatiz\u00f3 que las 150,000 dosis de vacunas donadas por M\u00e9xico este jueves \u201cvan a beneficiar a much\u00edsima poblaci\u00f3n que la est\u00e1 deseando\u201d.<\/p>\n\n\n\n<p><strong>En camino a Honduras y El Salvador<\/strong><br>Al concluir el acto y entrega de vacunas en la Fuerza A\u00e9rea Guatemalteca, Ebrard y su comitiva, compuesta por el subsecretario para Am\u00e9rica Latina y El Caribe, Maximiliano Reyes, y el director general para la misma regi\u00f3n, Mart\u00edn Borrego, continuaron su viaje hacia Honduras y El Salvador, donde donar\u00e1n a su vez 150,000 y 100,000 vacunas, respectivamente.<\/p>\n\n\n\n<p>Guatemala, con 16.3 millones de habitantes, cuenta con uno de los peores \u00edndices de vacunaci\u00f3n contra la covid-19 en el continente americano, seg\u00fan registros oficiales y de organismos internacionales.<\/p>\n\n\n\n<p>La vacunaci\u00f3n en el pa\u00eds que preside Alejandro Giammattei empez\u00f3 en febrero pasado y a la fecha se ha inyectado el esquema completo (dos dosis) a 149,719 personas, y una dosis a 686,920 personas.<\/p>\n\n\n\n<p>En total, sin contar el env\u00edo de este jueves por M\u00e9xico, Guatemala registraba 1,079,800 dosis de vacunas recibidas para evitar la expansi\u00f3n del Covid-19, tanto por donaciones como por adquisici\u00f3n privada o mediante el Mecanismo Covax de la Organizaci\u00f3n Mundial de la Salud (OMS).<\/p>\n\n\n\n<p>Las autoridades sanitarias han contabilizado hasta la \u00faltima actualizaci\u00f3n este jueves que 8,894 personas han perdido la vida en Guatemala por el SARS-CoV-2, la cifra m\u00e1s alta de Centroam\u00e9rica.<\/p>\n\n\n\n<p>Sin embargo, un estudio divulgado en marzo pasado por la organizaci\u00f3n no gubernamental Laboratorio de Datos precis\u00f3 que la cantidad de muertos en Guatemala podr\u00eda ser hasta el triple de la informaci\u00f3n oficial debido al subregistro.<\/p>\n","protected":false},"excerpt":{"rendered":"<p>El canciller Marcelo Ebrard, entreg\u00f3 personalmente en Guatemala una donaci\u00f3n de 150,000 dosis de vacunas AstraZeneca contra el Covid-19. Ciudad de M\u00e9xico.- El canciller mexicano, Marcelo Ebrard, entreg\u00f3 este jueves personalmente en Guatemala una donaci\u00f3n de 150,000 dosis de vacunas AstraZeneca contra el Covid-19 y asegur\u00f3 que pr\u00f3ximamente se obsequiar\u00e1 un nuevo cargamento id\u00e9ntico. Ebrard [&hellip;]<\/p>\n","protected":false},"author":22,"featured_media":5830,"comment_status":"open","ping_status":"open","sticky":false,"template":"","format":"standard","meta":{"tdm_status":"","tdm_grid_status":"","footnotes":""},"categories":[39],"tags":[490,1091,209,407,489],"class_list":{"0":"post-5829","1":"post","2":"type-post","3":"status-publish","4":"format-standard","5":"has-post-thumbnail","7":"category-noticias-nacionales","8":"tag-astra-zeneca","9":"tag-guatemala","10":"tag-marcelo-ebrard","11":"tag-vacuna-anticovid","12":"tag-vacunas"},"yoast_head":"<!-- This site is optimized with the Yoast SEO plugin v27.5 - https:\/\/yoast.com\/product\/yoast-seo-wordpress\/ -->\n<title>M\u00e9xico entrega 150,000 dosis de AstraZeneca a Guatemala - Fuentes Fidedignas<\/title>\n<meta name=\"robots\" content=\"index, follow, max-snippet:-1, max-image-preview:large, max-video-preview:-1\" \/>\n<link rel=\"canonical\" href=\"https:\/\/fuentesfidedignas.com.mx\/index.php\/2021\/06\/24\/mexico-entrega-150000-dosis-de-astrazeneca-a-guatemala\/\" \/>\n<meta property=\"og:locale\" content=\"es_MX\" \/>\n<meta property=\"og:type\" content=\"article\" \/>\n<meta property=\"og:title\" content=\"M\u00e9xico entrega 150,000 dosis de AstraZeneca a Guatemala - Fuentes Fidedignas\" \/>\n<meta property=\"og:description\" content=\"El canciller Marcelo Ebrard, entreg\u00f3 personalmente en Guatemala una donaci\u00f3n de 150,000 dosis de vacunas AstraZeneca contra el Covid-19. Ciudad de M\u00e9xico.- El canciller mexicano, Marcelo Ebrard, entreg\u00f3 este jueves personalmente en Guatemala una donaci\u00f3n de 150,000 dosis de vacunas AstraZeneca contra el Covid-19 y asegur\u00f3 que pr\u00f3ximamente se obsequiar\u00e1 un nuevo cargamento id\u00e9ntico. Ebrard [&hellip;]\" \/>\n<meta property=\"og:url\" content=\"https:\/\/fuentesfidedignas.com.mx\/index.php\/2021\/06\/24\/mexico-entrega-150000-dosis-de-astrazeneca-a-guatemala\/\" \/>\n<meta property=\"og:site_name\" content=\"Fuentes Fidedignas\" \/>\n<meta property=\"article:publisher\" content=\"https:\/\/www.facebook.com\/Fuentes-Fidedignas-368234489921644\" \/>\n<meta property=\"article:published_time\" content=\"2021-06-24T21:43:19+00:00\" \/>\n<meta property=\"article:modified_time\" content=\"2021-06-24T21:43:20+00:00\" \/>\n<meta property=\"og:image\" content=\"https:\/\/fuentesfidedignas.com.mx\/wp-content\/uploads\/2021\/06\/EBRAD_VACUNAS.jpg\" \/>\n\t<meta property=\"og:image:width\" content=\"640\" \/>\n\t<meta property=\"og:image:height\" content=\"360\" \/>\n\t<meta property=\"og:image:type\" content=\"image\/jpeg\" \/>\n<meta name=\"author\" content=\"EFE\" \/>\n<meta name=\"twitter:card\" content=\"summary_large_image\" \/>\n<meta name=\"twitter:creator\" content=\"@fidedignas\" \/>\n<meta name=\"twitter:site\" content=\"@fidedignas\" \/>\n<meta name=\"twitter:label1\" content=\"Escrito por\" \/>\n\t<meta name=\"twitter:data1\" content=\"EFE\" \/>\n\t<meta name=\"twitter:label2\" content=\"Tiempo de lectura\" \/>\n\t<meta name=\"twitter:data2\" content=\"3 minutos\" \/>\n<script type=\"application\/ld+json\" class=\"yoast-schema-graph\">{\"@context\":\"https:\\\/\\\/schema.org\",\"@graph\":[{\"@type\":\"Article\",\"@id\":\"https:\\\/\\\/fuentesfidedignas.com.mx\\\/index.php\\\/2021\\\/06\\\/24\\\/mexico-entrega-150000-dosis-de-astrazeneca-a-guatemala\\\/#article\",\"isPartOf\":{\"@id\":\"https:\\\/\\\/fuentesfidedignas.com.mx\\\/index.php\\\/2021\\\/06\\\/24\\\/mexico-entrega-150000-dosis-de-astrazeneca-a-guatemala\\\/\"},\"author\":{\"name\":\"EFE\",\"@id\":\"https:\\\/\\\/fuentesfidedignas.com.mx\\\/#\\\/schema\\\/person\\\/0d44615087b5a626d5d3f13afe31ac41\"},\"headline\":\"M\u00e9xico entrega 150,000 dosis de AstraZeneca a Guatemala\",\"datePublished\":\"2021-06-24T21:43:19+00:00\",\"dateModified\":\"2021-06-24T21:43:20+00:00\",\"mainEntityOfPage\":{\"@id\":\"https:\\\/\\\/fuentesfidedignas.com.mx\\\/index.php\\\/2021\\\/06\\\/24\\\/mexico-entrega-150000-dosis-de-astrazeneca-a-guatemala\\\/\"},\"wordCount\":648,\"commentCount\":0,\"publisher\":{\"@id\":\"https:\\\/\\\/fuentesfidedignas.com.mx\\\/#organization\"},\"image\":{\"@id\":\"https:\\\/\\\/fuentesfidedignas.com.mx\\\/index.php\\\/2021\\\/06\\\/24\\\/mexico-entrega-150000-dosis-de-astrazeneca-a-guatemala\\\/#primaryimage\"},\"thumbnailUrl\":\"https:\\\/\\\/fuentesfidedignas.com.mx\\\/wp-content\\\/uploads\\\/2021\\\/06\\\/EBRAD_VACUNAS.jpg\",\"keywords\":[\"Astra Zeneca\",\"Guatemala\",\"Marcelo Ebrard\",\"Vacuna anticovid\",\"Vacunas\"],\"articleSection\":[\"NOTICIAS NACIONALES\"],\"inLanguage\":\"es\",\"potentialAction\":[{\"@type\":\"CommentAction\",\"name\":\"Comment\",\"target\":[\"https:\\\/\\\/fuentesfidedignas.com.mx\\\/index.php\\\/2021\\\/06\\\/24\\\/mexico-entrega-150000-dosis-de-astrazeneca-a-guatemala\\\/#respond\"]}]},{\"@type\":\"WebPage\",\"@id\":\"https:\\\/\\\/fuentesfidedignas.com.mx\\\/index.php\\\/2021\\\/06\\\/24\\\/mexico-entrega-150000-dosis-de-astrazeneca-a-guatemala\\\/\",\"url\":\"https:\\\/\\\/fuentesfidedignas.com.mx\\\/index.php\\\/2021\\\/06\\\/24\\\/mexico-entrega-150000-dosis-de-astrazeneca-a-guatemala\\\/\",\"name\":\"M\u00e9xico entrega 150,000 dosis de AstraZeneca a Guatemala - Fuentes Fidedignas\",\"isPartOf\":{\"@id\":\"https:\\\/\\\/fuentesfidedignas.com.mx\\\/#website\"},\"primaryImageOfPage\":{\"@id\":\"https:\\\/\\\/fuentesfidedignas.com.mx\\\/index.php\\\/2021\\\/06\\\/24\\\/mexico-entrega-150000-dosis-de-astrazeneca-a-guatemala\\\/#primaryimage\"},\"image\":{\"@id\":\"https:\\\/\\\/fuentesfidedignas.com.mx\\\/index.php\\\/2021\\\/06\\\/24\\\/mexico-entrega-150000-dosis-de-astrazeneca-a-guatemala\\\/#primaryimage\"},\"thumbnailUrl\":\"https:\\\/\\\/fuentesfidedignas.com.mx\\\/wp-content\\\/uploads\\\/2021\\\/06\\\/EBRAD_VACUNAS.jpg\",\"datePublished\":\"2021-06-24T21:43:19+00:00\",\"dateModified\":\"2021-06-24T21:43:20+00:00\",\"breadcrumb\":{\"@id\":\"https:\\\/\\\/fuentesfidedignas.com.mx\\\/index.php\\\/2021\\\/06\\\/24\\\/mexico-entrega-150000-dosis-de-astrazeneca-a-guatemala\\\/#breadcrumb\"},\"inLanguage\":\"es\",\"potentialAction\":[{\"@type\":\"ReadAction\",\"target\":[\"https:\\\/\\\/fuentesfidedignas.com.mx\\\/index.php\\\/2021\\\/06\\\/24\\\/mexico-entrega-150000-dosis-de-astrazeneca-a-guatemala\\\/\"]}]},{\"@type\":\"ImageObject\",\"inLanguage\":\"es\",\"@id\":\"https:\\\/\\\/fuentesfidedignas.com.mx\\\/index.php\\\/2021\\\/06\\\/24\\\/mexico-entrega-150000-dosis-de-astrazeneca-a-guatemala\\\/#primaryimage\",\"url\":\"https:\\\/\\\/fuentesfidedignas.com.mx\\\/wp-content\\\/uploads\\\/2021\\\/06\\\/EBRAD_VACUNAS.jpg\",\"contentUrl\":\"https:\\\/\\\/fuentesfidedignas.com.mx\\\/wp-content\\\/uploads\\\/2021\\\/06\\\/EBRAD_VACUNAS.jpg\",\"width\":640,\"height\":360},{\"@type\":\"BreadcrumbList\",\"@id\":\"https:\\\/\\\/fuentesfidedignas.com.mx\\\/index.php\\\/2021\\\/06\\\/24\\\/mexico-entrega-150000-dosis-de-astrazeneca-a-guatemala\\\/#breadcrumb\",\"itemListElement\":[{\"@type\":\"ListItem\",\"position\":1,\"name\":\"Inicio\",\"item\":\"https:\\\/\\\/fuentesfidedignas.com.mx\\\/\"},{\"@type\":\"ListItem\",\"position\":2,\"name\":\"M\u00e9xico entrega 150,000 dosis de AstraZeneca a Guatemala\"}]},{\"@type\":\"WebSite\",\"@id\":\"https:\\\/\\\/fuentesfidedignas.com.mx\\\/#website\",\"url\":\"https:\\\/\\\/fuentesfidedignas.com.mx\\\/\",\"name\":\"Fuentes Fidedignas\",\"description\":\"Otro sitio realizado con WordPress\",\"publisher\":{\"@id\":\"https:\\\/\\\/fuentesfidedignas.com.mx\\\/#organization\"},\"potentialAction\":[{\"@type\":\"SearchAction\",\"target\":{\"@type\":\"EntryPoint\",\"urlTemplate\":\"https:\\\/\\\/fuentesfidedignas.com.mx\\\/?s={search_term_string}\"},\"query-input\":{\"@type\":\"PropertyValueSpecification\",\"valueRequired\":true,\"valueName\":\"search_term_string\"}}],\"inLanguage\":\"es\"},{\"@type\":\"Organization\",\"@id\":\"https:\\\/\\\/fuentesfidedignas.com.mx\\\/#organization\",\"name\":\"Fuentes Fidedignas\",\"url\":\"https:\\\/\\\/fuentesfidedignas.com.mx\\\/\",\"logo\":{\"@type\":\"ImageObject\",\"inLanguage\":\"es\",\"@id\":\"https:\\\/\\\/fuentesfidedignas.com.mx\\\/#\\\/schema\\\/logo\\\/image\\\/\",\"url\":\"https:\\\/\\\/fuentesfidedignas.com.mx\\\/wp-content\\\/uploads\\\/2021\\\/04\\\/logo-retina.png\",\"contentUrl\":\"https:\\\/\\\/fuentesfidedignas.com.mx\\\/wp-content\\\/uploads\\\/2021\\\/04\\\/logo-retina.png\",\"width\":280,\"height\":51,\"caption\":\"Fuentes Fidedignas\"},\"image\":{\"@id\":\"https:\\\/\\\/fuentesfidedignas.com.mx\\\/#\\\/schema\\\/logo\\\/image\\\/\"},\"sameAs\":[\"https:\\\/\\\/www.facebook.com\\\/Fuentes-Fidedignas-368234489921644\",\"https:\\\/\\\/x.com\\\/fidedignas\"]},{\"@type\":\"Person\",\"@id\":\"https:\\\/\\\/fuentesfidedignas.com.mx\\\/#\\\/schema\\\/person\\\/0d44615087b5a626d5d3f13afe31ac41\",\"name\":\"EFE\",\"image\":{\"@type\":\"ImageObject\",\"inLanguage\":\"es\",\"@id\":\"https:\\\/\\\/secure.gravatar.com\\\/avatar\\\/7048c2d9b569d9bed55bb53ad23821e6e047aa66338fb6ea9868627bbb9f54e8?s=96&d=mm&r=g\",\"url\":\"https:\\\/\\\/secure.gravatar.com\\\/avatar\\\/7048c2d9b569d9bed55bb53ad23821e6e047aa66338fb6ea9868627bbb9f54e8?s=96&d=mm&r=g\",\"contentUrl\":\"https:\\\/\\\/secure.gravatar.com\\\/avatar\\\/7048c2d9b569d9bed55bb53ad23821e6e047aa66338fb6ea9868627bbb9f54e8?s=96&d=mm&r=g\",\"caption\":\"EFE\"},\"url\":\"https:\\\/\\\/fuentesfidedignas.com.mx\\\/index.php\\\/author\\\/efe\\\/\"}]}<\/script>\n<!-- \/ Yoast SEO plugin. -->","yoast_head_json":{"title":"M\u00e9xico entrega 150,000 dosis de AstraZeneca a Guatemala - Fuentes Fidedignas","robots":{"index":"index","follow":"follow","max-snippet":"max-snippet:-1","max-image-preview":"max-image-preview:large","max-video-preview":"max-video-preview:-1"},"canonical":"https:\/\/fuentesfidedignas.com.mx\/index.php\/2021\/06\/24\/mexico-entrega-150000-dosis-de-astrazeneca-a-guatemala\/","og_locale":"es_MX","og_type":"article","og_title":"M\u00e9xico entrega 150,000 dosis de AstraZeneca a Guatemala - Fuentes Fidedignas","og_description":"El canciller Marcelo Ebrard, entreg\u00f3 personalmente en Guatemala una donaci\u00f3n de 150,000 dosis de vacunas AstraZeneca contra el Covid-19. Ciudad de M\u00e9xico.- El canciller mexicano, Marcelo Ebrard, entreg\u00f3 este jueves personalmente en Guatemala una donaci\u00f3n de 150,000 dosis de vacunas AstraZeneca contra el Covid-19 y asegur\u00f3 que pr\u00f3ximamente se obsequiar\u00e1 un nuevo cargamento id\u00e9ntico. Ebrard [&hellip;]","og_url":"https:\/\/fuentesfidedignas.com.mx\/index.php\/2021\/06\/24\/mexico-entrega-150000-dosis-de-astrazeneca-a-guatemala\/","og_site_name":"Fuentes Fidedignas","article_publisher":"https:\/\/www.facebook.com\/Fuentes-Fidedignas-368234489921644","article_published_time":"2021-06-24T21:43:19+00:00","article_modified_time":"2021-06-24T21:43:20+00:00","og_image":[{"width":640,"height":360,"url":"https:\/\/fuentesfidedignas.com.mx\/wp-content\/uploads\/2021\/06\/EBRAD_VACUNAS.jpg","type":"image\/jpeg"}],"author":"EFE","twitter_card":"summary_large_image","twitter_creator":"@fidedignas","twitter_site":"@fidedignas","twitter_misc":{"Escrito por":"EFE","Tiempo de lectura":"3 minutos"},"schema":{"@context":"https:\/\/schema.org","@graph":[{"@type":"Article","@id":"https:\/\/fuentesfidedignas.com.mx\/index.php\/2021\/06\/24\/mexico-entrega-150000-dosis-de-astrazeneca-a-guatemala\/#article","isPartOf":{"@id":"https:\/\/fuentesfidedignas.com.mx\/index.php\/2021\/06\/24\/mexico-entrega-150000-dosis-de-astrazeneca-a-guatemala\/"},"author":{"name":"EFE","@id":"https:\/\/fuentesfidedignas.com.mx\/#\/schema\/person\/0d44615087b5a626d5d3f13afe31ac41"},"headline":"M\u00e9xico entrega 150,000 dosis de AstraZeneca a Guatemala","datePublished":"2021-06-24T21:43:19+00:00","dateModified":"2021-06-24T21:43:20+00:00","mainEntityOfPage":{"@id":"https:\/\/fuentesfidedignas.com.mx\/index.php\/2021\/06\/24\/mexico-entrega-150000-dosis-de-astrazeneca-a-guatemala\/"},"wordCount":648,"commentCount":0,"publisher":{"@id":"https:\/\/fuentesfidedignas.com.mx\/#organization"},"image":{"@id":"https:\/\/fuentesfidedignas.com.mx\/index.php\/2021\/06\/24\/mexico-entrega-150000-dosis-de-astrazeneca-a-guatemala\/#primaryimage"},"thumbnailUrl":"https:\/\/fuentesfidedignas.com.mx\/wp-content\/uploads\/2021\/06\/EBRAD_VACUNAS.jpg","keywords":["Astra Zeneca","Guatemala","Marcelo Ebrard","Vacuna anticovid","Vacunas"],"articleSection":["NOTICIAS NACIONALES"],"inLanguage":"es","potentialAction":[{"@type":"CommentAction","name":"Comment","target":["https:\/\/fuentesfidedignas.com.mx\/index.php\/2021\/06\/24\/mexico-entrega-150000-dosis-de-astrazeneca-a-guatemala\/#respond"]}]},{"@type":"WebPage","@id":"https:\/\/fuentesfidedignas.com.mx\/index.php\/2021\/06\/24\/mexico-entrega-150000-dosis-de-astrazeneca-a-guatemala\/","url":"https:\/\/fuentesfidedignas.com.mx\/index.php\/2021\/06\/24\/mexico-entrega-150000-dosis-de-astrazeneca-a-guatemala\/","name":"M\u00e9xico entrega 150,000 dosis de AstraZeneca a Guatemala - Fuentes Fidedignas","isPartOf":{"@id":"https:\/\/fuentesfidedignas.com.mx\/#website"},"primaryImageOfPage":{"@id":"https:\/\/fuentesfidedignas.com.mx\/index.php\/2021\/06\/24\/mexico-entrega-150000-dosis-de-astrazeneca-a-guatemala\/#primaryimage"},"image":{"@id":"https:\/\/fuentesfidedignas.com.mx\/index.php\/2021\/06\/24\/mexico-entrega-150000-dosis-de-astrazeneca-a-guatemala\/#primaryimage"},"thumbnailUrl":"https:\/\/fuentesfidedignas.com.mx\/wp-content\/uploads\/2021\/06\/EBRAD_VACUNAS.jpg","datePublished":"2021-06-24T21:43:19+00:00","dateModified":"2021-06-24T21:43:20+00:00","breadcrumb":{"@id":"https:\/\/fuentesfidedignas.com.mx\/index.php\/2021\/06\/24\/mexico-entrega-150000-dosis-de-astrazeneca-a-guatemala\/#breadcrumb"},"inLanguage":"es","potentialAction":[{"@type":"ReadAction","target":["https:\/\/fuentesfidedignas.com.mx\/index.php\/2021\/06\/24\/mexico-entrega-150000-dosis-de-astrazeneca-a-guatemala\/"]}]},{"@type":"ImageObject","inLanguage":"es","@id":"https:\/\/fuentesfidedignas.com.mx\/index.php\/2021\/06\/24\/mexico-entrega-150000-dosis-de-astrazeneca-a-guatemala\/#primaryimage","url":"https:\/\/fuentesfidedignas.com.mx\/wp-content\/uploads\/2021\/06\/EBRAD_VACUNAS.jpg","contentUrl":"https:\/\/fuentesfidedignas.com.mx\/wp-content\/uploads\/2021\/06\/EBRAD_VACUNAS.jpg","width":640,"height":360},{"@type":"BreadcrumbList","@id":"https:\/\/fuentesfidedignas.com.mx\/index.php\/2021\/06\/24\/mexico-entrega-150000-dosis-de-astrazeneca-a-guatemala\/#breadcrumb","itemListElement":[{"@type":"ListItem","position":1,"name":"Inicio","item":"https:\/\/fuentesfidedignas.com.mx\/"},{"@type":"ListItem","position":2,"name":"M\u00e9xico entrega 150,000 dosis de AstraZeneca a Guatemala"}]},{"@type":"WebSite","@id":"https:\/\/fuentesfidedignas.com.mx\/#website","url":"https:\/\/fuentesfidedignas.com.mx\/","name":"Fuentes Fidedignas","description":"Otro sitio realizado con WordPress","publisher":{"@id":"https:\/\/fuentesfidedignas.com.mx\/#organization"},"potentialAction":[{"@type":"SearchAction","target":{"@type":"EntryPoint","urlTemplate":"https:\/\/fuentesfidedignas.com.mx\/?s={search_term_string}"},"query-input":{"@type":"PropertyValueSpecification","valueRequired":true,"valueName":"search_term_string"}}],"inLanguage":"es"},{"@type":"Organization","@id":"https:\/\/fuentesfidedignas.com.mx\/#organization","name":"Fuentes Fidedignas","url":"https:\/\/fuentesfidedignas.com.mx\/","logo":{"@type":"ImageObject","inLanguage":"es","@id":"https:\/\/fuentesfidedignas.com.mx\/#\/schema\/logo\/image\/","url":"https:\/\/fuentesfidedignas.com.mx\/wp-content\/uploads\/2021\/04\/logo-retina.png","contentUrl":"https:\/\/fuentesfidedignas.com.mx\/wp-content\/uploads\/2021\/04\/logo-retina.png","width":280,"height":51,"caption":"Fuentes Fidedignas"},"image":{"@id":"https:\/\/fuentesfidedignas.com.mx\/#\/schema\/logo\/image\/"},"sameAs":["https:\/\/www.facebook.com\/Fuentes-Fidedignas-368234489921644","https:\/\/x.com\/fidedignas"]},{"@type":"Person","@id":"https:\/\/fuentesfidedignas.com.mx\/#\/schema\/person\/0d44615087b5a626d5d3f13afe31ac41","name":"EFE","image":{"@type":"ImageObject","inLanguage":"es","@id":"https:\/\/secure.gravatar.com\/avatar\/7048c2d9b569d9bed55bb53ad23821e6e047aa66338fb6ea9868627bbb9f54e8?s=96&d=mm&r=g","url":"https:\/\/secure.gravatar.com\/avatar\/7048c2d9b569d9bed55bb53ad23821e6e047aa66338fb6ea9868627bbb9f54e8?s=96&d=mm&r=g","contentUrl":"https:\/\/secure.gravatar.com\/avatar\/7048c2d9b569d9bed55bb53ad23821e6e047aa66338fb6ea9868627bbb9f54e8?s=96&d=mm&r=g","caption":"EFE"},"url":"https:\/\/fuentesfidedignas.com.mx\/index.php\/author\/efe\/"}]}},"_links":{"self":[{"href":"https:\/\/fuentesfidedignas.com.mx\/index.php\/wp-json\/wp\/v2\/posts\/5829","targetHints":{"allow":["GET"]}}],"collection":[{"href":"https:\/\/fuentesfidedignas.com.mx\/index.php\/wp-json\/wp\/v2\/posts"}],"about":[{"href":"https:\/\/fuentesfidedignas.com.mx\/index.php\/wp-json\/wp\/v2\/types\/post"}],"author":[{"embeddable":true,"href":"https:\/\/fuentesfidedignas.com.mx\/index.php\/wp-json\/wp\/v2\/users\/22"}],"replies":[{"embeddable":true,"href":"https:\/\/fuentesfidedignas.com.mx\/index.php\/wp-json\/wp\/v2\/comments?post=5829"}],"version-history":[{"count":1,"href":"https:\/\/fuentesfidedignas.com.mx\/index.php\/wp-json\/wp\/v2\/posts\/5829\/revisions"}],"predecessor-version":[{"id":5831,"href":"https:\/\/fuentesfidedignas.com.mx\/index.php\/wp-json\/wp\/v2\/posts\/5829\/revisions\/5831"}],"wp:featuredmedia":[{"embeddable":true,"href":"https:\/\/fuentesfidedignas.com.mx\/index.php\/wp-json\/wp\/v2\/media\/5830"}],"wp:attachment":[{"href":"https:\/\/fuentesfidedignas.com.mx\/index.php\/wp-json\/wp\/v2\/media?parent=5829"}],"wp:term":[{"taxonomy":"category","embeddable":true,"href":"https:\/\/fuentesfidedignas.com.mx\/index.php\/wp-json\/wp\/v2\/categories?post=5829"},{"taxonomy":"post_tag","embeddable":true,"href":"https:\/\/fuentesfidedignas.com.mx\/index.php\/wp-json\/wp\/v2\/tags?post=5829"}],"curies":[{"name":"wp","href":"https:\/\/api.w.org\/{rel}","templated":true}]}}