{"id":58055,"date":"2023-09-06T10:36:37","date_gmt":"2023-09-06T17:36:37","guid":{"rendered":"https:\/\/fuentesfidedignas.com.mx\/?p=58055"},"modified":"2023-09-06T10:36:38","modified_gmt":"2023-09-06T17:36:38","slug":"desaparece-activista-lgbt-junto-a-cinco-amigos-tras-acudir-a-evento-de-xochitl-galvez","status":"publish","type":"post","link":"https:\/\/fuentesfidedignas.com.mx\/index.php\/2023\/09\/06\/desaparece-activista-lgbt-junto-a-cinco-amigos-tras-acudir-a-evento-de-xochitl-galvez\/","title":{"rendered":"Desaparece activista LGBT+ junto a cinco amigos tras acudir a evento de X\u00f3chitl G\u00e1lvez"},"content":{"rendered":"\n<p><strong><em>Familiares ya acudieron con las autoridades para interponer la denuncia correspondiente, pero no se ha emitido ninguna ficha de b\u00fasqueda<\/em><\/strong><\/p>\n\n\n\n<p>Guerrero.- La Polic\u00eda Municipal del municipio de Acapulco, en Guerrero, recibieron el reporte de la<strong>\u00a0desaparici\u00f3n de un activista de la comunidad LGBT+ y cinco de sus acompa\u00f1antes\u00a0<\/strong>quienes acudieron a uno de los eventos de la actual candidata a la presidencia de la Rep\u00fablica por parte del Frente Amplio por M\u00e9xico,\u00a0<strong>X\u00f3chitl G\u00e1lvez<\/strong>.<\/p>\n\n\n\n<p>Autoridades locales y estatales iniciaron un operativo para dar con el paradero de los 6 desaparecidos quienes\u00a0<strong>ya tienen m\u00e1s de 5 d\u00edas sin ser localizados<\/strong>\u00a0y no se ha tenido ning\u00fan dato o pista sobre lo sucedido.<\/p>\n\n\n\n<h2 class=\"wp-block-heading\">\u00bfQui\u00e9nes son los desaparecidos?<\/h2>\n\n\n\n<p>Se revel\u00f3 que el activista y l\u00edder de grupos de diversidad sexual en el puerto de Acapulco,<strong>\u00a0Mois\u00e9s Tom\u00e1s Ju\u00e1rez Abarca<\/strong>, quien es miembro de la Izquierda Progresista del PRD en la entidad, es una de las personas que ya no regresaron a su casa.<\/p>\n\n\n\n<p>Habr\u00eda estado acompa\u00f1ado por&nbsp;<strong>Jes\u00fas Arroyo&nbsp;<\/strong>y otro joven llamado<strong>&nbsp;Brian Vargas<\/strong>, adem\u00e1s de tres personas que forman parte del c\u00edrculo de amigos de Mois\u00e9s: E<strong>rik Calixto Ch\u00e1vez, Mar\u00eda Perla Guzm\u00e1n y Andr\u00e9s Gabriel Delgado<\/strong>.<\/p>\n\n\n\n<p><img decoding=\"async\" alt=\"Sus familiares realizaron la denuncia pertinente, pero no han obtenido informaci\u00f3n de d\u00f3nde se encuentran.\nFoto: TW FGE Guerrero\" height=\"1210\" width=\"960\" src=\"https:\/\/www.infobae.com\/new-resizer\/sdRJxgZ7Zdbv69GCBQPwzLFk9Hw=\/arc-anglerfish-arc2-prod-infobae\/public\/AYI6WDCEKNBKHFW7V4DOWLGNVE.png\" srcset=\"https:\/\/www.infobae.com\/new-resizer\/_nnuZL5mWWmDkzc2ZGUZY-XoXo0=\/420x560\/filters:format(webp):quality(85)\/cloudfront-us-east-1.images.arcpublishing.com\/infobae\/AYI6WDCEKNBKHFW7V4DOWLGNVE.png 420w,https:\/\/www.infobae.com\/new-resizer\/RHaJx5_fYdBefCAupZp20s1NH3c=\/768x1024\/filters:format(webp):quality(85)\/cloudfront-us-east-1.images.arcpublishing.com\/infobae\/AYI6WDCEKNBKHFW7V4DOWLGNVE.png 768w,https:\/\/www.infobae.com\/new-resizer\/PMoOvWjROyfAgb36J6cLis5vJT0=\/992x1323\/filters:format(webp):quality(85)\/cloudfront-us-east-1.images.arcpublishing.com\/infobae\/AYI6WDCEKNBKHFW7V4DOWLGNVE.png 992w,https:\/\/www.infobae.com\/new-resizer\/Pa25w-uC2_Okkov-phkzcSRCk54=\/1200x1600\/filters:format(webp):quality(85)\/cloudfront-us-east-1.images.arcpublishing.com\/infobae\/AYI6WDCEKNBKHFW7V4DOWLGNVE.png 1200w\">Sus familiares realizaron la denuncia pertinente, pero no han obtenido informaci\u00f3n de d\u00f3nde se encuentran. Foto: TW FGE Guerrero<\/p>\n\n\n\n<p><img decoding=\"async\" alt=\"Sus familiares realizaron la denuncia pertinente, pero no han obtenido informaci\u00f3n de d\u00f3nde se encuentran.\nFoto: TW FGE Guerrero\" height=\"1227\" width=\"960\" src=\"https:\/\/www.infobae.com\/new-resizer\/Au7zC3zdPaysqW0JjPJVycGaERE=\/arc-anglerfish-arc2-prod-infobae\/public\/7W4XC572LBGLVDD6POXO2QURKE.png\" srcset=\"https:\/\/www.infobae.com\/new-resizer\/ubz55qDluCjICe_hIO8oKOqTE_I=\/420x560\/filters:format(webp):quality(85)\/cloudfront-us-east-1.images.arcpublishing.com\/infobae\/7W4XC572LBGLVDD6POXO2QURKE.png 420w,https:\/\/www.infobae.com\/new-resizer\/eRHR8T3ZLQcrKmshINYdcFdNe7k=\/768x1024\/filters:format(webp):quality(85)\/cloudfront-us-east-1.images.arcpublishing.com\/infobae\/7W4XC572LBGLVDD6POXO2QURKE.png 768w,https:\/\/www.infobae.com\/new-resizer\/AYHyXLOWV_9yy6lXFzhvXAk2DWM=\/992x1323\/filters:format(webp):quality(85)\/cloudfront-us-east-1.images.arcpublishing.com\/infobae\/7W4XC572LBGLVDD6POXO2QURKE.png 992w,https:\/\/www.infobae.com\/new-resizer\/zE_Is7qNgNm5M-HWCsfpVaFa6_I=\/1200x1600\/filters:format(webp):quality(85)\/cloudfront-us-east-1.images.arcpublishing.com\/infobae\/7W4XC572LBGLVDD6POXO2QURKE.png 1200w\">Sus familiares realizaron la denuncia pertinente, pero no han obtenido informaci\u00f3n de d\u00f3nde se encuentran. Foto: TW FGE Guerrero<\/p>\n\n\n\n<h2 class=\"wp-block-heading\">\u00bfQu\u00e9 sucedi\u00f3?<\/h2>\n\n\n\n<p>Seg\u00fan informes de la Polic\u00eda Municipal,\u00a0<strong>el militante del PRD acudi\u00f3 al evento de la panista X\u00f3chitl G\u00e1lvez en Acapulco<\/strong>\u00a0el pasado viernes 1 de septiembre del 2023 acompa\u00f1ado por Brian Vargas.<\/p>\n\n\n\n<p>Seg\u00fan el medio Naci\u00f3n 321, supuestamente los 6 desaparecidos habr\u00edan sido \u201clevantados\u201d por hombres armados cuando termin\u00f3 el mitin en un hotel ubicado en la zona tur\u00edstica del lugar, en la colonia Vista Hermosa.<\/p>\n\n\n\n<p><img decoding=\"async\" alt=\"Autoridades locales y estatales desplegaron un operativo para encontrar a los j\u00f3venes.\nFoto: TW Corresponsales MX\" height=\"430\" width=\"573\" src=\"https:\/\/www.infobae.com\/new-resizer\/VENUL6uxc2wiQ9zNmEJmnfGNGfI=\/arc-anglerfish-arc2-prod-infobae\/public\/V47IV737ZNC63B5HPGFKWAASCM.png\" srcset=\"https:\/\/www.infobae.com\/new-resizer\/Ri8Wy9MetCUAXvn0aBoXyxpL9K4=\/420x315\/filters:format(webp):quality(85)\/cloudfront-us-east-1.images.arcpublishing.com\/infobae\/V47IV737ZNC63B5HPGFKWAASCM.png 420w,https:\/\/www.infobae.com\/new-resizer\/0tors3Ayma84xekQCTzXRthlkW0=\/768x576\/filters:format(webp):quality(85)\/cloudfront-us-east-1.images.arcpublishing.com\/infobae\/V47IV737ZNC63B5HPGFKWAASCM.png 768w,https:\/\/www.infobae.com\/new-resizer\/M2HmeeXs7m0WJB6tKulVuePmalA=\/992x744\/filters:format(webp):quality(85)\/cloudfront-us-east-1.images.arcpublishing.com\/infobae\/V47IV737ZNC63B5HPGFKWAASCM.png 992w,https:\/\/www.infobae.com\/new-resizer\/eAw7Layrj9xL1CU7yd6JDu4jRQk=\/1200x900\/filters:format(webp):quality(85)\/cloudfront-us-east-1.images.arcpublishing.com\/infobae\/V47IV737ZNC63B5HPGFKWAASCM.png 1200w,https:\/\/www.infobae.com\/new-resizer\/IiP3TaBZvxtKW0iQy2HdQUWBVow=\/1440x1080\/filters:format(webp):quality(85)\/cloudfront-us-east-1.images.arcpublishing.com\/infobae\/V47IV737ZNC63B5HPGFKWAASCM.png 1440w\">Autoridades locales y estatales desplegaron un operativo para encontrar a los j\u00f3venes. Foto: TW Corresponsales MX<\/p>\n\n\n\n<p>Como consecuencia, miembros de l<strong>a Marina, el Ej\u00e9rcito, la Fiscal\u00eda, la Polic\u00eda Estatal y la Guardia Nacional se encuentran trabajando&nbsp;<\/strong>en un operativo dentro de todo el estado para poder encontrar a los 6 j\u00f3venes con vida.<\/p>\n\n\n\n<p><strong>Familiares exigen una b\u00fasqueda exhaustiva<\/strong><\/p>\n\n\n\n<p>Luego de haber interpuesto la denuncia por la desaparici\u00f3n de estas 6 personas que solo acudieron a un evento pol\u00edtico con la titular del Frente Amplio por M\u00e9xico,<strong>&nbsp;las familias decidieron bloquear la entrada y salida del puerto de Acapulco<\/strong>&nbsp;a modo de protesta y presi\u00f3n hacia las autoridades.<\/p>\n\n\n\n<p>Aseguran que no abandonar\u00e1n el lugar, mejor conocido como \u201cEl Retorno\u201d localizado en la autopista del Sol y bulevar Vicente Guerrero, hasta que sus seres queridos regresen a casa sanos y salvos.<\/p>\n\n\n\n<p><img decoding=\"async\" alt=\"Familiares exigen a las autoridades actuar r\u00e1pido para que sus seres queridos regresen pronto. \nFoto: TW Corresponsales MX\" height=\"430\" width=\"762\" src=\"https:\/\/www.infobae.com\/new-resizer\/wt7HK3zsyS3reAPBjXirxe2o5KE=\/arc-anglerfish-arc2-prod-infobae\/public\/YCQDHQAJXRGNPGCJF7SHGFJPGI.png\" srcset=\"https:\/\/www.infobae.com\/new-resizer\/8iy0gUrrpdfNUmbvWVLkryp0Co0=\/420x236\/filters:format(webp):quality(85)\/cloudfront-us-east-1.images.arcpublishing.com\/infobae\/YCQDHQAJXRGNPGCJF7SHGFJPGI.png 420w,https:\/\/www.infobae.com\/new-resizer\/Qkzb9jp9Mp8YGVFzdSMR5AKtyFc=\/768x432\/filters:format(webp):quality(85)\/cloudfront-us-east-1.images.arcpublishing.com\/infobae\/YCQDHQAJXRGNPGCJF7SHGFJPGI.png 768w,https:\/\/www.infobae.com\/new-resizer\/a1hdbT0c1LLoJneOpozWsGk7hjA=\/992x558\/filters:format(webp):quality(85)\/cloudfront-us-east-1.images.arcpublishing.com\/infobae\/YCQDHQAJXRGNPGCJF7SHGFJPGI.png 992w,https:\/\/www.infobae.com\/new-resizer\/crdqE08IZmGCd8aQsGgaQEtHbuc=\/1200x675\/filters:format(webp):quality(85)\/cloudfront-us-east-1.images.arcpublishing.com\/infobae\/YCQDHQAJXRGNPGCJF7SHGFJPGI.png 1200w,https:\/\/www.infobae.com\/new-resizer\/7LaEc6z6TFWTM9oW3LdwxqXUscI=\/1440x810\/filters:format(webp):quality(85)\/cloudfront-us-east-1.images.arcpublishing.com\/infobae\/YCQDHQAJXRGNPGCJF7SHGFJPGI.png 1440w\">Familiares exigen a las autoridades actuar r\u00e1pido para que sus seres queridos regresen pronto. Foto: TW Corresponsales MX<\/p>\n\n\n\n<p>Esta situaci\u00f3n ha generado el enojo de los automovilistas quienes han sido perjudicados por la manifestaci\u00f3n pues resulta muy complicado pasar ya que ambos sentidos se encuentran obstruidos.<\/p>\n\n\n\n<p>Asimismo, los familiares ya lograron reunirse con elementos de la FGE y de la Secretar\u00eda General de Gobierno quienes est\u00e1n encargados de las investigaciones, mismos que reportan los avances y el estado en el que est\u00e1 la indagaci\u00f3n.<\/p>\n\n\n\n<p><\/p>\n","protected":false},"excerpt":{"rendered":"<p>Familiares ya acudieron con las autoridades para interponer la denuncia correspondiente, pero no se ha emitido ninguna ficha de b\u00fasqueda Guerrero.- La Polic\u00eda Municipal del municipio de Acapulco, en Guerrero, recibieron el reporte de la\u00a0desaparici\u00f3n de un activista de la comunidad LGBT+ y cinco de sus acompa\u00f1antes\u00a0quienes acudieron a uno de los eventos de la [&hellip;]<\/p>\n","protected":false},"author":41,"featured_media":58056,"comment_status":"open","ping_status":"open","sticky":false,"template":"","format":"standard","meta":{"tdm_status":"","tdm_grid_status":"","footnotes":""},"categories":[39],"tags":[],"class_list":{"0":"post-58055","1":"post","2":"type-post","3":"status-publish","4":"format-standard","5":"has-post-thumbnail","7":"category-noticias-nacionales"},"yoast_head":"<!-- This site is optimized with the Yoast SEO plugin v27.4 - https:\/\/yoast.com\/product\/yoast-seo-wordpress\/ -->\n<title>Desaparece activista LGBT+ junto a cinco amigos tras acudir a evento de X\u00f3chitl G\u00e1lvez - Fuentes Fidedignas<\/title>\n<meta name=\"robots\" content=\"index, follow, max-snippet:-1, max-image-preview:large, max-video-preview:-1\" \/>\n<link rel=\"canonical\" href=\"https:\/\/fuentesfidedignas.com.mx\/index.php\/2023\/09\/06\/desaparece-activista-lgbt-junto-a-cinco-amigos-tras-acudir-a-evento-de-xochitl-galvez\/\" \/>\n<meta property=\"og:locale\" content=\"es_MX\" \/>\n<meta property=\"og:type\" content=\"article\" \/>\n<meta property=\"og:title\" content=\"Desaparece activista LGBT+ junto a cinco amigos tras acudir a evento de X\u00f3chitl G\u00e1lvez - Fuentes Fidedignas\" \/>\n<meta property=\"og:description\" content=\"Familiares ya acudieron con las autoridades para interponer la denuncia correspondiente, pero no se ha emitido ninguna ficha de b\u00fasqueda Guerrero.- La Polic\u00eda Municipal del municipio de Acapulco, en Guerrero, recibieron el reporte de la\u00a0desaparici\u00f3n de un activista de la comunidad LGBT+ y cinco de sus acompa\u00f1antes\u00a0quienes acudieron a uno de los eventos de la [&hellip;]\" \/>\n<meta property=\"og:url\" content=\"https:\/\/fuentesfidedignas.com.mx\/index.php\/2023\/09\/06\/desaparece-activista-lgbt-junto-a-cinco-amigos-tras-acudir-a-evento-de-xochitl-galvez\/\" \/>\n<meta property=\"og:site_name\" content=\"Fuentes Fidedignas\" \/>\n<meta property=\"article:publisher\" content=\"https:\/\/www.facebook.com\/Fuentes-Fidedignas-368234489921644\" \/>\n<meta property=\"article:published_time\" content=\"2023-09-06T17:36:37+00:00\" \/>\n<meta property=\"article:modified_time\" content=\"2023-09-06T17:36:38+00:00\" \/>\n<meta property=\"og:image\" content=\"https:\/\/fuentesfidedignas.com.mx\/wp-content\/uploads\/2023\/09\/desaparecidos-e1694021758170.jpg\" \/>\n\t<meta property=\"og:image:width\" content=\"600\" \/>\n\t<meta property=\"og:image:height\" content=\"356\" \/>\n\t<meta property=\"og:image:type\" content=\"image\/jpeg\" \/>\n<meta name=\"author\" content=\"Infobae\" \/>\n<meta name=\"twitter:card\" content=\"summary_large_image\" \/>\n<meta name=\"twitter:creator\" content=\"@fidedignas\" \/>\n<meta name=\"twitter:site\" content=\"@fidedignas\" \/>\n<meta name=\"twitter:label1\" content=\"Escrito por\" \/>\n\t<meta name=\"twitter:data1\" content=\"Infobae\" \/>\n\t<meta name=\"twitter:label2\" content=\"Tiempo de lectura\" \/>\n\t<meta name=\"twitter:data2\" content=\"4 minutos\" \/>\n<script type=\"application\/ld+json\" class=\"yoast-schema-graph\">{\"@context\":\"https:\\\/\\\/schema.org\",\"@graph\":[{\"@type\":\"Article\",\"@id\":\"https:\\\/\\\/fuentesfidedignas.com.mx\\\/index.php\\\/2023\\\/09\\\/06\\\/desaparece-activista-lgbt-junto-a-cinco-amigos-tras-acudir-a-evento-de-xochitl-galvez\\\/#article\",\"isPartOf\":{\"@id\":\"https:\\\/\\\/fuentesfidedignas.com.mx\\\/index.php\\\/2023\\\/09\\\/06\\\/desaparece-activista-lgbt-junto-a-cinco-amigos-tras-acudir-a-evento-de-xochitl-galvez\\\/\"},\"author\":{\"name\":\"Infobae\",\"@id\":\"https:\\\/\\\/fuentesfidedignas.com.mx\\\/#\\\/schema\\\/person\\\/8575896a7c1067d352f6c1cd6582c389\"},\"headline\":\"Desaparece activista LGBT+ junto a cinco amigos tras acudir a evento de X\u00f3chitl G\u00e1lvez\",\"datePublished\":\"2023-09-06T17:36:37+00:00\",\"dateModified\":\"2023-09-06T17:36:38+00:00\",\"mainEntityOfPage\":{\"@id\":\"https:\\\/\\\/fuentesfidedignas.com.mx\\\/index.php\\\/2023\\\/09\\\/06\\\/desaparece-activista-lgbt-junto-a-cinco-amigos-tras-acudir-a-evento-de-xochitl-galvez\\\/\"},\"wordCount\":596,\"commentCount\":0,\"publisher\":{\"@id\":\"https:\\\/\\\/fuentesfidedignas.com.mx\\\/#organization\"},\"image\":{\"@id\":\"https:\\\/\\\/fuentesfidedignas.com.mx\\\/index.php\\\/2023\\\/09\\\/06\\\/desaparece-activista-lgbt-junto-a-cinco-amigos-tras-acudir-a-evento-de-xochitl-galvez\\\/#primaryimage\"},\"thumbnailUrl\":\"https:\\\/\\\/fuentesfidedignas.com.mx\\\/wp-content\\\/uploads\\\/2023\\\/09\\\/desaparecidos-e1694021758170.jpg\",\"articleSection\":[\"NOTICIAS NACIONALES\"],\"inLanguage\":\"es\",\"potentialAction\":[{\"@type\":\"CommentAction\",\"name\":\"Comment\",\"target\":[\"https:\\\/\\\/fuentesfidedignas.com.mx\\\/index.php\\\/2023\\\/09\\\/06\\\/desaparece-activista-lgbt-junto-a-cinco-amigos-tras-acudir-a-evento-de-xochitl-galvez\\\/#respond\"]}]},{\"@type\":\"WebPage\",\"@id\":\"https:\\\/\\\/fuentesfidedignas.com.mx\\\/index.php\\\/2023\\\/09\\\/06\\\/desaparece-activista-lgbt-junto-a-cinco-amigos-tras-acudir-a-evento-de-xochitl-galvez\\\/\",\"url\":\"https:\\\/\\\/fuentesfidedignas.com.mx\\\/index.php\\\/2023\\\/09\\\/06\\\/desaparece-activista-lgbt-junto-a-cinco-amigos-tras-acudir-a-evento-de-xochitl-galvez\\\/\",\"name\":\"Desaparece activista LGBT+ junto a cinco amigos tras acudir a evento de X\u00f3chitl G\u00e1lvez - Fuentes Fidedignas\",\"isPartOf\":{\"@id\":\"https:\\\/\\\/fuentesfidedignas.com.mx\\\/#website\"},\"primaryImageOfPage\":{\"@id\":\"https:\\\/\\\/fuentesfidedignas.com.mx\\\/index.php\\\/2023\\\/09\\\/06\\\/desaparece-activista-lgbt-junto-a-cinco-amigos-tras-acudir-a-evento-de-xochitl-galvez\\\/#primaryimage\"},\"image\":{\"@id\":\"https:\\\/\\\/fuentesfidedignas.com.mx\\\/index.php\\\/2023\\\/09\\\/06\\\/desaparece-activista-lgbt-junto-a-cinco-amigos-tras-acudir-a-evento-de-xochitl-galvez\\\/#primaryimage\"},\"thumbnailUrl\":\"https:\\\/\\\/fuentesfidedignas.com.mx\\\/wp-content\\\/uploads\\\/2023\\\/09\\\/desaparecidos-e1694021758170.jpg\",\"datePublished\":\"2023-09-06T17:36:37+00:00\",\"dateModified\":\"2023-09-06T17:36:38+00:00\",\"breadcrumb\":{\"@id\":\"https:\\\/\\\/fuentesfidedignas.com.mx\\\/index.php\\\/2023\\\/09\\\/06\\\/desaparece-activista-lgbt-junto-a-cinco-amigos-tras-acudir-a-evento-de-xochitl-galvez\\\/#breadcrumb\"},\"inLanguage\":\"es\",\"potentialAction\":[{\"@type\":\"ReadAction\",\"target\":[\"https:\\\/\\\/fuentesfidedignas.com.mx\\\/index.php\\\/2023\\\/09\\\/06\\\/desaparece-activista-lgbt-junto-a-cinco-amigos-tras-acudir-a-evento-de-xochitl-galvez\\\/\"]}]},{\"@type\":\"ImageObject\",\"inLanguage\":\"es\",\"@id\":\"https:\\\/\\\/fuentesfidedignas.com.mx\\\/index.php\\\/2023\\\/09\\\/06\\\/desaparece-activista-lgbt-junto-a-cinco-amigos-tras-acudir-a-evento-de-xochitl-galvez\\\/#primaryimage\",\"url\":\"https:\\\/\\\/fuentesfidedignas.com.mx\\\/wp-content\\\/uploads\\\/2023\\\/09\\\/desaparecidos-e1694021758170.jpg\",\"contentUrl\":\"https:\\\/\\\/fuentesfidedignas.com.mx\\\/wp-content\\\/uploads\\\/2023\\\/09\\\/desaparecidos-e1694021758170.jpg\",\"width\":600,\"height\":356},{\"@type\":\"BreadcrumbList\",\"@id\":\"https:\\\/\\\/fuentesfidedignas.com.mx\\\/index.php\\\/2023\\\/09\\\/06\\\/desaparece-activista-lgbt-junto-a-cinco-amigos-tras-acudir-a-evento-de-xochitl-galvez\\\/#breadcrumb\",\"itemListElement\":[{\"@type\":\"ListItem\",\"position\":1,\"name\":\"Inicio\",\"item\":\"https:\\\/\\\/fuentesfidedignas.com.mx\\\/\"},{\"@type\":\"ListItem\",\"position\":2,\"name\":\"Desaparece activista LGBT+ junto a cinco amigos tras acudir a evento de X\u00f3chitl G\u00e1lvez\"}]},{\"@type\":\"WebSite\",\"@id\":\"https:\\\/\\\/fuentesfidedignas.com.mx\\\/#website\",\"url\":\"https:\\\/\\\/fuentesfidedignas.com.mx\\\/\",\"name\":\"Fuentes Fidedignas\",\"description\":\"Otro sitio realizado con WordPress\",\"publisher\":{\"@id\":\"https:\\\/\\\/fuentesfidedignas.com.mx\\\/#organization\"},\"potentialAction\":[{\"@type\":\"SearchAction\",\"target\":{\"@type\":\"EntryPoint\",\"urlTemplate\":\"https:\\\/\\\/fuentesfidedignas.com.mx\\\/?s={search_term_string}\"},\"query-input\":{\"@type\":\"PropertyValueSpecification\",\"valueRequired\":true,\"valueName\":\"search_term_string\"}}],\"inLanguage\":\"es\"},{\"@type\":\"Organization\",\"@id\":\"https:\\\/\\\/fuentesfidedignas.com.mx\\\/#organization\",\"name\":\"Fuentes Fidedignas\",\"url\":\"https:\\\/\\\/fuentesfidedignas.com.mx\\\/\",\"logo\":{\"@type\":\"ImageObject\",\"inLanguage\":\"es\",\"@id\":\"https:\\\/\\\/fuentesfidedignas.com.mx\\\/#\\\/schema\\\/logo\\\/image\\\/\",\"url\":\"https:\\\/\\\/fuentesfidedignas.com.mx\\\/wp-content\\\/uploads\\\/2021\\\/04\\\/logo-retina.png\",\"contentUrl\":\"https:\\\/\\\/fuentesfidedignas.com.mx\\\/wp-content\\\/uploads\\\/2021\\\/04\\\/logo-retina.png\",\"width\":280,\"height\":51,\"caption\":\"Fuentes Fidedignas\"},\"image\":{\"@id\":\"https:\\\/\\\/fuentesfidedignas.com.mx\\\/#\\\/schema\\\/logo\\\/image\\\/\"},\"sameAs\":[\"https:\\\/\\\/www.facebook.com\\\/Fuentes-Fidedignas-368234489921644\",\"https:\\\/\\\/x.com\\\/fidedignas\"]},{\"@type\":\"Person\",\"@id\":\"https:\\\/\\\/fuentesfidedignas.com.mx\\\/#\\\/schema\\\/person\\\/8575896a7c1067d352f6c1cd6582c389\",\"name\":\"Infobae\",\"image\":{\"@type\":\"ImageObject\",\"inLanguage\":\"es\",\"@id\":\"https:\\\/\\\/secure.gravatar.com\\\/avatar\\\/e4ec95706f8d1670343f6526fdcec45474bab17475a851434a64ca12b5acba1c?s=96&d=mm&r=g\",\"url\":\"https:\\\/\\\/secure.gravatar.com\\\/avatar\\\/e4ec95706f8d1670343f6526fdcec45474bab17475a851434a64ca12b5acba1c?s=96&d=mm&r=g\",\"contentUrl\":\"https:\\\/\\\/secure.gravatar.com\\\/avatar\\\/e4ec95706f8d1670343f6526fdcec45474bab17475a851434a64ca12b5acba1c?s=96&d=mm&r=g\",\"caption\":\"Infobae\"},\"url\":\"https:\\\/\\\/fuentesfidedignas.com.mx\\\/index.php\\\/author\\\/infobae\\\/\"}]}<\/script>\n<!-- \/ Yoast SEO plugin. -->","yoast_head_json":{"title":"Desaparece activista LGBT+ junto a cinco amigos tras acudir a evento de X\u00f3chitl G\u00e1lvez - Fuentes Fidedignas","robots":{"index":"index","follow":"follow","max-snippet":"max-snippet:-1","max-image-preview":"max-image-preview:large","max-video-preview":"max-video-preview:-1"},"canonical":"https:\/\/fuentesfidedignas.com.mx\/index.php\/2023\/09\/06\/desaparece-activista-lgbt-junto-a-cinco-amigos-tras-acudir-a-evento-de-xochitl-galvez\/","og_locale":"es_MX","og_type":"article","og_title":"Desaparece activista LGBT+ junto a cinco amigos tras acudir a evento de X\u00f3chitl G\u00e1lvez - Fuentes Fidedignas","og_description":"Familiares ya acudieron con las autoridades para interponer la denuncia correspondiente, pero no se ha emitido ninguna ficha de b\u00fasqueda Guerrero.- La Polic\u00eda Municipal del municipio de Acapulco, en Guerrero, recibieron el reporte de la\u00a0desaparici\u00f3n de un activista de la comunidad LGBT+ y cinco de sus acompa\u00f1antes\u00a0quienes acudieron a uno de los eventos de la [&hellip;]","og_url":"https:\/\/fuentesfidedignas.com.mx\/index.php\/2023\/09\/06\/desaparece-activista-lgbt-junto-a-cinco-amigos-tras-acudir-a-evento-de-xochitl-galvez\/","og_site_name":"Fuentes Fidedignas","article_publisher":"https:\/\/www.facebook.com\/Fuentes-Fidedignas-368234489921644","article_published_time":"2023-09-06T17:36:37+00:00","article_modified_time":"2023-09-06T17:36:38+00:00","og_image":[{"width":600,"height":356,"url":"https:\/\/fuentesfidedignas.com.mx\/wp-content\/uploads\/2023\/09\/desaparecidos-e1694021758170.jpg","type":"image\/jpeg"}],"author":"Infobae","twitter_card":"summary_large_image","twitter_creator":"@fidedignas","twitter_site":"@fidedignas","twitter_misc":{"Escrito por":"Infobae","Tiempo de lectura":"4 minutos"},"schema":{"@context":"https:\/\/schema.org","@graph":[{"@type":"Article","@id":"https:\/\/fuentesfidedignas.com.mx\/index.php\/2023\/09\/06\/desaparece-activista-lgbt-junto-a-cinco-amigos-tras-acudir-a-evento-de-xochitl-galvez\/#article","isPartOf":{"@id":"https:\/\/fuentesfidedignas.com.mx\/index.php\/2023\/09\/06\/desaparece-activista-lgbt-junto-a-cinco-amigos-tras-acudir-a-evento-de-xochitl-galvez\/"},"author":{"name":"Infobae","@id":"https:\/\/fuentesfidedignas.com.mx\/#\/schema\/person\/8575896a7c1067d352f6c1cd6582c389"},"headline":"Desaparece activista LGBT+ junto a cinco amigos tras acudir a evento de X\u00f3chitl G\u00e1lvez","datePublished":"2023-09-06T17:36:37+00:00","dateModified":"2023-09-06T17:36:38+00:00","mainEntityOfPage":{"@id":"https:\/\/fuentesfidedignas.com.mx\/index.php\/2023\/09\/06\/desaparece-activista-lgbt-junto-a-cinco-amigos-tras-acudir-a-evento-de-xochitl-galvez\/"},"wordCount":596,"commentCount":0,"publisher":{"@id":"https:\/\/fuentesfidedignas.com.mx\/#organization"},"image":{"@id":"https:\/\/fuentesfidedignas.com.mx\/index.php\/2023\/09\/06\/desaparece-activista-lgbt-junto-a-cinco-amigos-tras-acudir-a-evento-de-xochitl-galvez\/#primaryimage"},"thumbnailUrl":"https:\/\/fuentesfidedignas.com.mx\/wp-content\/uploads\/2023\/09\/desaparecidos-e1694021758170.jpg","articleSection":["NOTICIAS NACIONALES"],"inLanguage":"es","potentialAction":[{"@type":"CommentAction","name":"Comment","target":["https:\/\/fuentesfidedignas.com.mx\/index.php\/2023\/09\/06\/desaparece-activista-lgbt-junto-a-cinco-amigos-tras-acudir-a-evento-de-xochitl-galvez\/#respond"]}]},{"@type":"WebPage","@id":"https:\/\/fuentesfidedignas.com.mx\/index.php\/2023\/09\/06\/desaparece-activista-lgbt-junto-a-cinco-amigos-tras-acudir-a-evento-de-xochitl-galvez\/","url":"https:\/\/fuentesfidedignas.com.mx\/index.php\/2023\/09\/06\/desaparece-activista-lgbt-junto-a-cinco-amigos-tras-acudir-a-evento-de-xochitl-galvez\/","name":"Desaparece activista LGBT+ junto a cinco amigos tras acudir a evento de X\u00f3chitl G\u00e1lvez - Fuentes Fidedignas","isPartOf":{"@id":"https:\/\/fuentesfidedignas.com.mx\/#website"},"primaryImageOfPage":{"@id":"https:\/\/fuentesfidedignas.com.mx\/index.php\/2023\/09\/06\/desaparece-activista-lgbt-junto-a-cinco-amigos-tras-acudir-a-evento-de-xochitl-galvez\/#primaryimage"},"image":{"@id":"https:\/\/fuentesfidedignas.com.mx\/index.php\/2023\/09\/06\/desaparece-activista-lgbt-junto-a-cinco-amigos-tras-acudir-a-evento-de-xochitl-galvez\/#primaryimage"},"thumbnailUrl":"https:\/\/fuentesfidedignas.com.mx\/wp-content\/uploads\/2023\/09\/desaparecidos-e1694021758170.jpg","datePublished":"2023-09-06T17:36:37+00:00","dateModified":"2023-09-06T17:36:38+00:00","breadcrumb":{"@id":"https:\/\/fuentesfidedignas.com.mx\/index.php\/2023\/09\/06\/desaparece-activista-lgbt-junto-a-cinco-amigos-tras-acudir-a-evento-de-xochitl-galvez\/#breadcrumb"},"inLanguage":"es","potentialAction":[{"@type":"ReadAction","target":["https:\/\/fuentesfidedignas.com.mx\/index.php\/2023\/09\/06\/desaparece-activista-lgbt-junto-a-cinco-amigos-tras-acudir-a-evento-de-xochitl-galvez\/"]}]},{"@type":"ImageObject","inLanguage":"es","@id":"https:\/\/fuentesfidedignas.com.mx\/index.php\/2023\/09\/06\/desaparece-activista-lgbt-junto-a-cinco-amigos-tras-acudir-a-evento-de-xochitl-galvez\/#primaryimage","url":"https:\/\/fuentesfidedignas.com.mx\/wp-content\/uploads\/2023\/09\/desaparecidos-e1694021758170.jpg","contentUrl":"https:\/\/fuentesfidedignas.com.mx\/wp-content\/uploads\/2023\/09\/desaparecidos-e1694021758170.jpg","width":600,"height":356},{"@type":"BreadcrumbList","@id":"https:\/\/fuentesfidedignas.com.mx\/index.php\/2023\/09\/06\/desaparece-activista-lgbt-junto-a-cinco-amigos-tras-acudir-a-evento-de-xochitl-galvez\/#breadcrumb","itemListElement":[{"@type":"ListItem","position":1,"name":"Inicio","item":"https:\/\/fuentesfidedignas.com.mx\/"},{"@type":"ListItem","position":2,"name":"Desaparece activista LGBT+ junto a cinco amigos tras acudir a evento de X\u00f3chitl G\u00e1lvez"}]},{"@type":"WebSite","@id":"https:\/\/fuentesfidedignas.com.mx\/#website","url":"https:\/\/fuentesfidedignas.com.mx\/","name":"Fuentes Fidedignas","description":"Otro sitio realizado con WordPress","publisher":{"@id":"https:\/\/fuentesfidedignas.com.mx\/#organization"},"potentialAction":[{"@type":"SearchAction","target":{"@type":"EntryPoint","urlTemplate":"https:\/\/fuentesfidedignas.com.mx\/?s={search_term_string}"},"query-input":{"@type":"PropertyValueSpecification","valueRequired":true,"valueName":"search_term_string"}}],"inLanguage":"es"},{"@type":"Organization","@id":"https:\/\/fuentesfidedignas.com.mx\/#organization","name":"Fuentes Fidedignas","url":"https:\/\/fuentesfidedignas.com.mx\/","logo":{"@type":"ImageObject","inLanguage":"es","@id":"https:\/\/fuentesfidedignas.com.mx\/#\/schema\/logo\/image\/","url":"https:\/\/fuentesfidedignas.com.mx\/wp-content\/uploads\/2021\/04\/logo-retina.png","contentUrl":"https:\/\/fuentesfidedignas.com.mx\/wp-content\/uploads\/2021\/04\/logo-retina.png","width":280,"height":51,"caption":"Fuentes Fidedignas"},"image":{"@id":"https:\/\/fuentesfidedignas.com.mx\/#\/schema\/logo\/image\/"},"sameAs":["https:\/\/www.facebook.com\/Fuentes-Fidedignas-368234489921644","https:\/\/x.com\/fidedignas"]},{"@type":"Person","@id":"https:\/\/fuentesfidedignas.com.mx\/#\/schema\/person\/8575896a7c1067d352f6c1cd6582c389","name":"Infobae","image":{"@type":"ImageObject","inLanguage":"es","@id":"https:\/\/secure.gravatar.com\/avatar\/e4ec95706f8d1670343f6526fdcec45474bab17475a851434a64ca12b5acba1c?s=96&d=mm&r=g","url":"https:\/\/secure.gravatar.com\/avatar\/e4ec95706f8d1670343f6526fdcec45474bab17475a851434a64ca12b5acba1c?s=96&d=mm&r=g","contentUrl":"https:\/\/secure.gravatar.com\/avatar\/e4ec95706f8d1670343f6526fdcec45474bab17475a851434a64ca12b5acba1c?s=96&d=mm&r=g","caption":"Infobae"},"url":"https:\/\/fuentesfidedignas.com.mx\/index.php\/author\/infobae\/"}]}},"_links":{"self":[{"href":"https:\/\/fuentesfidedignas.com.mx\/index.php\/wp-json\/wp\/v2\/posts\/58055","targetHints":{"allow":["GET"]}}],"collection":[{"href":"https:\/\/fuentesfidedignas.com.mx\/index.php\/wp-json\/wp\/v2\/posts"}],"about":[{"href":"https:\/\/fuentesfidedignas.com.mx\/index.php\/wp-json\/wp\/v2\/types\/post"}],"author":[{"embeddable":true,"href":"https:\/\/fuentesfidedignas.com.mx\/index.php\/wp-json\/wp\/v2\/users\/41"}],"replies":[{"embeddable":true,"href":"https:\/\/fuentesfidedignas.com.mx\/index.php\/wp-json\/wp\/v2\/comments?post=58055"}],"version-history":[{"count":1,"href":"https:\/\/fuentesfidedignas.com.mx\/index.php\/wp-json\/wp\/v2\/posts\/58055\/revisions"}],"predecessor-version":[{"id":58057,"href":"https:\/\/fuentesfidedignas.com.mx\/index.php\/wp-json\/wp\/v2\/posts\/58055\/revisions\/58057"}],"wp:featuredmedia":[{"embeddable":true,"href":"https:\/\/fuentesfidedignas.com.mx\/index.php\/wp-json\/wp\/v2\/media\/58056"}],"wp:attachment":[{"href":"https:\/\/fuentesfidedignas.com.mx\/index.php\/wp-json\/wp\/v2\/media?parent=58055"}],"wp:term":[{"taxonomy":"category","embeddable":true,"href":"https:\/\/fuentesfidedignas.com.mx\/index.php\/wp-json\/wp\/v2\/categories?post=58055"},{"taxonomy":"post_tag","embeddable":true,"href":"https:\/\/fuentesfidedignas.com.mx\/index.php\/wp-json\/wp\/v2\/tags?post=58055"}],"curies":[{"name":"wp","href":"https:\/\/api.w.org\/{rel}","templated":true}]}}