{"id":58040,"date":"2023-09-06T09:43:36","date_gmt":"2023-09-06T16:43:36","guid":{"rendered":"https:\/\/fuentesfidedignas.com.mx\/?p=58040"},"modified":"2023-09-06T16:19:04","modified_gmt":"2023-09-06T23:19:04","slug":"juan-de-dios-gamez-parece-no-vivir-en-culiacan-no-ve-los-problemas-pan","status":"publish","type":"post","link":"https:\/\/fuentesfidedignas.com.mx\/index.php\/2023\/09\/06\/juan-de-dios-gamez-parece-no-vivir-en-culiacan-no-ve-los-problemas-pan\/","title":{"rendered":"Juan de Dios G\u00e1mez no ve los problemas de Culiac\u00e1n, pero ya anda en campa\u00f1a: PAN"},"content":{"rendered":"\n<p><strong><em>Parece andar encampa\u00f1ado y no trabaja por el municipio, asegur\u00f3 Roxana Rubio<\/em><\/strong><\/p>\n\n\n\n<p>Culiac\u00e1n, Sin.- Juan de Dios G\u00e1mez Mend\u00edvil, para que ni vive en Culiac\u00e1n, hace como que est\u00e1 &#8220;ciego, sordo y mudo&#8221; ante los problemas del municipio, critic\u00f3 el Partido Acci\u00f3n Nacional (PAN).<\/p>\n\n\n\n<p><strong>&#8220;El alcalde sustituto hace como que hace, pero en realidad no hace nada. Para empezar para que no vive en Culiac\u00e1n porque para \u00e9l todo para estar de color de rosa y no es as\u00ed<\/strong>&#8220;, se\u00f1al\u00f3 Roxana Rubio Valdez, presidenta estatal del PAN.<\/p>\n\n\n\n<p>Rubio Valdez le solicit\u00f3 al alcalde que se ponga a trabajar, que salga a la calle para que vea la realidad que se vive, que deje de estarse promocionando y que mejor deje un legado en los culiacanenses si es que pretende seguir en la pol\u00edtica.<\/p>\n\n\n\n<p>\u201c<strong>Me llama la atenci\u00f3n que el alcalde Juan de Dios G\u00e1mez, es diputado suplente de Feliciano Castro, y el diputado Feliciano Castro anda haci\u00e9ndose campa\u00f1a en sus informes, entre comillas, porque se escucha \u2018Senador, senador, senador\u2019, yo les pregunto a los ciudadanos \u00bfnos vamos a volver a quedar sin alcalde? Cuando el actual se vaya de diputado suplente, eso nos preocupa mucho en Acci\u00f3n Nacional<\/strong>\u201d.<\/p>\n\n\n\n<p><a href=\"https:\/\/fb.watch\/mUMBs_5aeh\/\">https:\/\/fb.watch\/mUMBs_5aeh\/<\/a><\/p>\n\n\n\n<iframe loading=\"lazy\" src=\"https:\/\/www.facebook.com\/plugins\/video.php?height=476&#038;href=https%3A%2F%2Fwww.facebook.com%2F100050497569358%2Fvideos%2F894027575747241%2F&#038;show_text=false&#038;width=267&#038;t=0\" width=\"267\" height=\"476\" style=\"border:none;overflow:hidden\" scrolling=\"no\" frameborder=\"0\" allowfullscreen=\"true\" allow=\"autoplay; clipboard-write; encrypted-media; picture-in-picture; web-share\" allowFullScreen=\"true\"><\/iframe>\n\n\n\n<p>La l\u00edder del albiazul especific\u00f3 que una de las problem\u00e1ticas que se ha negado a resolver, es la de los accidentes de motociclitas y la falta de protecci\u00f3n de los conductores, situaci\u00f3n para la que el partido hizo la propuesta de una campa\u00f1a para el uso de casco.<\/p>\n\n\n\n<p>Fue el regidor <strong>Sadol Osorio<\/strong> que propuso ante el cabildo de Culiac\u00e1n la campa\u00f1a &#8220;Usa la cabeza, ponte el casco&#8221;, la cual contemplaba la compra de cascos y entregarlos de forma gratuita a los motociclistas; sin embargo, fue rechazada.<\/p>\n\n\n\n<p>&#8220;<strong>Hay presupuesto para la prevenci\u00f3n de motociclistas. Con 300 mil pesos, se comprar\u00edan 600 cascos para el municipio de culiacan, pero al alcalde solo le importa traer a grupos como Caf\u00e9 Tacuba que cuesta m\u00e1s de 3 millones<\/strong>&#8220;, critic\u00f3 Sadol Osorio.<\/p>\n\n\n\n<p>DATOS DE ACCIDENTES EN MOTO<\/p>\n\n\n\n<p>El Inegi document\u00f3 que, en el 2021, Sinaloa se mantuvo en primer lugar en fallecimientos en hechos de tr\u00e1nsito, por encima de ciudades grandes, situaci\u00f3n que es considerada como un problema de salud p\u00fablica.<\/p>\n\n\n\n<p>Seg\u00fan Mapasin en Culiac\u00e1n, van 279 accidentes en moto de junio 2022 a junio 2023, la estad\u00edstica va en crecimiento, pues comparando tan solo el mes de junio del a\u00f1o pasado con el junio del a\u00f1o actual, los incidentes aumentaron un 27%, cifra deber\u00eda de poner en alerta a las autoridades para que tomen este tema como uno de los prioritarios. Estos accidentes, son las cifras oficiales, pero sabemos que no en todos los casos se reportan.<\/p>\n","protected":false},"excerpt":{"rendered":"<p>Parece andar encampa\u00f1ado y no trabaja por el municipio, asegur\u00f3 Roxana Rubio Culiac\u00e1n, Sin.- Juan de Dios G\u00e1mez Mend\u00edvil, para que ni vive en Culiac\u00e1n, hace como que est\u00e1 &#8220;ciego, sordo y mudo&#8221; ante los problemas del municipio, critic\u00f3 el Partido Acci\u00f3n Nacional (PAN). &#8220;El alcalde sustituto hace como que hace, pero en realidad no [&hellip;]<\/p>\n","protected":false},"author":112,"featured_media":58042,"comment_status":"open","ping_status":"open","sticky":false,"template":"","format":"standard","meta":{"tdm_status":"","tdm_grid_status":"","footnotes":""},"categories":[37],"tags":[],"class_list":{"0":"post-58040","1":"post","2":"type-post","3":"status-publish","4":"format-standard","5":"has-post-thumbnail","7":"category-nota-principal"},"yoast_head":"<!-- This site is optimized with the Yoast SEO plugin v27.4 - https:\/\/yoast.com\/product\/yoast-seo-wordpress\/ -->\n<title>Juan de Dios G\u00e1mez no ve los problemas de Culiac\u00e1n, pero ya anda en campa\u00f1a: PAN - Fuentes Fidedignas<\/title>\n<meta name=\"robots\" content=\"index, follow, max-snippet:-1, max-image-preview:large, max-video-preview:-1\" \/>\n<link rel=\"canonical\" href=\"https:\/\/fuentesfidedignas.com.mx\/index.php\/2023\/09\/06\/juan-de-dios-gamez-parece-no-vivir-en-culiacan-no-ve-los-problemas-pan\/\" \/>\n<meta property=\"og:locale\" content=\"es_MX\" \/>\n<meta property=\"og:type\" content=\"article\" \/>\n<meta property=\"og:title\" content=\"Juan de Dios G\u00e1mez no ve los problemas de Culiac\u00e1n, pero ya anda en campa\u00f1a: PAN - Fuentes Fidedignas\" \/>\n<meta property=\"og:description\" content=\"Parece andar encampa\u00f1ado y no trabaja por el municipio, asegur\u00f3 Roxana Rubio Culiac\u00e1n, Sin.- Juan de Dios G\u00e1mez Mend\u00edvil, para que ni vive en Culiac\u00e1n, hace como que est\u00e1 &#8220;ciego, sordo y mudo&#8221; ante los problemas del municipio, critic\u00f3 el Partido Acci\u00f3n Nacional (PAN). &#8220;El alcalde sustituto hace como que hace, pero en realidad no [&hellip;]\" \/>\n<meta property=\"og:url\" content=\"https:\/\/fuentesfidedignas.com.mx\/index.php\/2023\/09\/06\/juan-de-dios-gamez-parece-no-vivir-en-culiacan-no-ve-los-problemas-pan\/\" \/>\n<meta property=\"og:site_name\" content=\"Fuentes Fidedignas\" \/>\n<meta property=\"article:publisher\" content=\"https:\/\/www.facebook.com\/Fuentes-Fidedignas-368234489921644\" \/>\n<meta property=\"article:published_time\" content=\"2023-09-06T16:43:36+00:00\" \/>\n<meta property=\"article:modified_time\" content=\"2023-09-06T23:19:04+00:00\" \/>\n<meta property=\"og:image\" content=\"https:\/\/fuentesfidedignas.com.mx\/wp-content\/uploads\/2023\/09\/IMG-20230906-WA0001.jpg\" \/>\n\t<meta property=\"og:image:width\" content=\"694\" \/>\n\t<meta property=\"og:image:height\" content=\"463\" \/>\n\t<meta property=\"og:image:type\" content=\"image\/jpeg\" \/>\n<meta name=\"author\" content=\"Leonardo Gutierrez\" \/>\n<meta name=\"twitter:card\" content=\"summary_large_image\" \/>\n<meta name=\"twitter:creator\" content=\"@fidedignas\" \/>\n<meta name=\"twitter:site\" content=\"@fidedignas\" \/>\n<meta name=\"twitter:label1\" content=\"Escrito por\" \/>\n\t<meta name=\"twitter:data1\" content=\"Leonardo Gutierrez\" \/>\n\t<meta name=\"twitter:label2\" content=\"Tiempo de lectura\" \/>\n\t<meta name=\"twitter:data2\" content=\"3 minutos\" \/>\n<script type=\"application\/ld+json\" class=\"yoast-schema-graph\">{\"@context\":\"https:\\\/\\\/schema.org\",\"@graph\":[{\"@type\":\"Article\",\"@id\":\"https:\\\/\\\/fuentesfidedignas.com.mx\\\/index.php\\\/2023\\\/09\\\/06\\\/juan-de-dios-gamez-parece-no-vivir-en-culiacan-no-ve-los-problemas-pan\\\/#article\",\"isPartOf\":{\"@id\":\"https:\\\/\\\/fuentesfidedignas.com.mx\\\/index.php\\\/2023\\\/09\\\/06\\\/juan-de-dios-gamez-parece-no-vivir-en-culiacan-no-ve-los-problemas-pan\\\/\"},\"author\":{\"name\":\"Leonardo Gutierrez\",\"@id\":\"https:\\\/\\\/fuentesfidedignas.com.mx\\\/#\\\/schema\\\/person\\\/c77df25c00baae1d4fdc0340db6f364c\"},\"headline\":\"Juan de Dios G\u00e1mez no ve los problemas de Culiac\u00e1n, pero ya anda en campa\u00f1a: PAN\",\"datePublished\":\"2023-09-06T16:43:36+00:00\",\"dateModified\":\"2023-09-06T23:19:04+00:00\",\"mainEntityOfPage\":{\"@id\":\"https:\\\/\\\/fuentesfidedignas.com.mx\\\/index.php\\\/2023\\\/09\\\/06\\\/juan-de-dios-gamez-parece-no-vivir-en-culiacan-no-ve-los-problemas-pan\\\/\"},\"wordCount\":492,\"commentCount\":0,\"publisher\":{\"@id\":\"https:\\\/\\\/fuentesfidedignas.com.mx\\\/#organization\"},\"image\":{\"@id\":\"https:\\\/\\\/fuentesfidedignas.com.mx\\\/index.php\\\/2023\\\/09\\\/06\\\/juan-de-dios-gamez-parece-no-vivir-en-culiacan-no-ve-los-problemas-pan\\\/#primaryimage\"},\"thumbnailUrl\":\"https:\\\/\\\/fuentesfidedignas.com.mx\\\/wp-content\\\/uploads\\\/2023\\\/09\\\/IMG-20230906-WA0001.jpg\",\"articleSection\":[\"NOTA PRINCIPAL\"],\"inLanguage\":\"es\",\"potentialAction\":[{\"@type\":\"CommentAction\",\"name\":\"Comment\",\"target\":[\"https:\\\/\\\/fuentesfidedignas.com.mx\\\/index.php\\\/2023\\\/09\\\/06\\\/juan-de-dios-gamez-parece-no-vivir-en-culiacan-no-ve-los-problemas-pan\\\/#respond\"]}]},{\"@type\":\"WebPage\",\"@id\":\"https:\\\/\\\/fuentesfidedignas.com.mx\\\/index.php\\\/2023\\\/09\\\/06\\\/juan-de-dios-gamez-parece-no-vivir-en-culiacan-no-ve-los-problemas-pan\\\/\",\"url\":\"https:\\\/\\\/fuentesfidedignas.com.mx\\\/index.php\\\/2023\\\/09\\\/06\\\/juan-de-dios-gamez-parece-no-vivir-en-culiacan-no-ve-los-problemas-pan\\\/\",\"name\":\"Juan de Dios G\u00e1mez no ve los problemas de Culiac\u00e1n, pero ya anda en campa\u00f1a: PAN - Fuentes Fidedignas\",\"isPartOf\":{\"@id\":\"https:\\\/\\\/fuentesfidedignas.com.mx\\\/#website\"},\"primaryImageOfPage\":{\"@id\":\"https:\\\/\\\/fuentesfidedignas.com.mx\\\/index.php\\\/2023\\\/09\\\/06\\\/juan-de-dios-gamez-parece-no-vivir-en-culiacan-no-ve-los-problemas-pan\\\/#primaryimage\"},\"image\":{\"@id\":\"https:\\\/\\\/fuentesfidedignas.com.mx\\\/index.php\\\/2023\\\/09\\\/06\\\/juan-de-dios-gamez-parece-no-vivir-en-culiacan-no-ve-los-problemas-pan\\\/#primaryimage\"},\"thumbnailUrl\":\"https:\\\/\\\/fuentesfidedignas.com.mx\\\/wp-content\\\/uploads\\\/2023\\\/09\\\/IMG-20230906-WA0001.jpg\",\"datePublished\":\"2023-09-06T16:43:36+00:00\",\"dateModified\":\"2023-09-06T23:19:04+00:00\",\"breadcrumb\":{\"@id\":\"https:\\\/\\\/fuentesfidedignas.com.mx\\\/index.php\\\/2023\\\/09\\\/06\\\/juan-de-dios-gamez-parece-no-vivir-en-culiacan-no-ve-los-problemas-pan\\\/#breadcrumb\"},\"inLanguage\":\"es\",\"potentialAction\":[{\"@type\":\"ReadAction\",\"target\":[\"https:\\\/\\\/fuentesfidedignas.com.mx\\\/index.php\\\/2023\\\/09\\\/06\\\/juan-de-dios-gamez-parece-no-vivir-en-culiacan-no-ve-los-problemas-pan\\\/\"]}]},{\"@type\":\"ImageObject\",\"inLanguage\":\"es\",\"@id\":\"https:\\\/\\\/fuentesfidedignas.com.mx\\\/index.php\\\/2023\\\/09\\\/06\\\/juan-de-dios-gamez-parece-no-vivir-en-culiacan-no-ve-los-problemas-pan\\\/#primaryimage\",\"url\":\"https:\\\/\\\/fuentesfidedignas.com.mx\\\/wp-content\\\/uploads\\\/2023\\\/09\\\/IMG-20230906-WA0001.jpg\",\"contentUrl\":\"https:\\\/\\\/fuentesfidedignas.com.mx\\\/wp-content\\\/uploads\\\/2023\\\/09\\\/IMG-20230906-WA0001.jpg\",\"width\":694,\"height\":463},{\"@type\":\"BreadcrumbList\",\"@id\":\"https:\\\/\\\/fuentesfidedignas.com.mx\\\/index.php\\\/2023\\\/09\\\/06\\\/juan-de-dios-gamez-parece-no-vivir-en-culiacan-no-ve-los-problemas-pan\\\/#breadcrumb\",\"itemListElement\":[{\"@type\":\"ListItem\",\"position\":1,\"name\":\"Inicio\",\"item\":\"https:\\\/\\\/fuentesfidedignas.com.mx\\\/\"},{\"@type\":\"ListItem\",\"position\":2,\"name\":\"Juan de Dios G\u00e1mez no ve los problemas de Culiac\u00e1n, pero ya anda en campa\u00f1a: PAN\"}]},{\"@type\":\"WebSite\",\"@id\":\"https:\\\/\\\/fuentesfidedignas.com.mx\\\/#website\",\"url\":\"https:\\\/\\\/fuentesfidedignas.com.mx\\\/\",\"name\":\"Fuentes Fidedignas\",\"description\":\"Otro sitio realizado con WordPress\",\"publisher\":{\"@id\":\"https:\\\/\\\/fuentesfidedignas.com.mx\\\/#organization\"},\"potentialAction\":[{\"@type\":\"SearchAction\",\"target\":{\"@type\":\"EntryPoint\",\"urlTemplate\":\"https:\\\/\\\/fuentesfidedignas.com.mx\\\/?s={search_term_string}\"},\"query-input\":{\"@type\":\"PropertyValueSpecification\",\"valueRequired\":true,\"valueName\":\"search_term_string\"}}],\"inLanguage\":\"es\"},{\"@type\":\"Organization\",\"@id\":\"https:\\\/\\\/fuentesfidedignas.com.mx\\\/#organization\",\"name\":\"Fuentes Fidedignas\",\"url\":\"https:\\\/\\\/fuentesfidedignas.com.mx\\\/\",\"logo\":{\"@type\":\"ImageObject\",\"inLanguage\":\"es\",\"@id\":\"https:\\\/\\\/fuentesfidedignas.com.mx\\\/#\\\/schema\\\/logo\\\/image\\\/\",\"url\":\"https:\\\/\\\/fuentesfidedignas.com.mx\\\/wp-content\\\/uploads\\\/2021\\\/04\\\/logo-retina.png\",\"contentUrl\":\"https:\\\/\\\/fuentesfidedignas.com.mx\\\/wp-content\\\/uploads\\\/2021\\\/04\\\/logo-retina.png\",\"width\":280,\"height\":51,\"caption\":\"Fuentes Fidedignas\"},\"image\":{\"@id\":\"https:\\\/\\\/fuentesfidedignas.com.mx\\\/#\\\/schema\\\/logo\\\/image\\\/\"},\"sameAs\":[\"https:\\\/\\\/www.facebook.com\\\/Fuentes-Fidedignas-368234489921644\",\"https:\\\/\\\/x.com\\\/fidedignas\"]},{\"@type\":\"Person\",\"@id\":\"https:\\\/\\\/fuentesfidedignas.com.mx\\\/#\\\/schema\\\/person\\\/c77df25c00baae1d4fdc0340db6f364c\",\"name\":\"Leonardo Gutierrez\",\"image\":{\"@type\":\"ImageObject\",\"inLanguage\":\"es\",\"@id\":\"https:\\\/\\\/secure.gravatar.com\\\/avatar\\\/17b13a7a986cc98ca4d7337340bcac5945cbae677961c354aefb3c7962c8cc1f?s=96&d=mm&r=g\",\"url\":\"https:\\\/\\\/secure.gravatar.com\\\/avatar\\\/17b13a7a986cc98ca4d7337340bcac5945cbae677961c354aefb3c7962c8cc1f?s=96&d=mm&r=g\",\"contentUrl\":\"https:\\\/\\\/secure.gravatar.com\\\/avatar\\\/17b13a7a986cc98ca4d7337340bcac5945cbae677961c354aefb3c7962c8cc1f?s=96&d=mm&r=g\",\"caption\":\"Leonardo Gutierrez\"},\"url\":\"https:\\\/\\\/fuentesfidedignas.com.mx\\\/index.php\\\/author\\\/leonardogut\\\/\"}]}<\/script>\n<!-- \/ Yoast SEO plugin. -->","yoast_head_json":{"title":"Juan de Dios G\u00e1mez no ve los problemas de Culiac\u00e1n, pero ya anda en campa\u00f1a: PAN - Fuentes Fidedignas","robots":{"index":"index","follow":"follow","max-snippet":"max-snippet:-1","max-image-preview":"max-image-preview:large","max-video-preview":"max-video-preview:-1"},"canonical":"https:\/\/fuentesfidedignas.com.mx\/index.php\/2023\/09\/06\/juan-de-dios-gamez-parece-no-vivir-en-culiacan-no-ve-los-problemas-pan\/","og_locale":"es_MX","og_type":"article","og_title":"Juan de Dios G\u00e1mez no ve los problemas de Culiac\u00e1n, pero ya anda en campa\u00f1a: PAN - Fuentes Fidedignas","og_description":"Parece andar encampa\u00f1ado y no trabaja por el municipio, asegur\u00f3 Roxana Rubio Culiac\u00e1n, Sin.- Juan de Dios G\u00e1mez Mend\u00edvil, para que ni vive en Culiac\u00e1n, hace como que est\u00e1 &#8220;ciego, sordo y mudo&#8221; ante los problemas del municipio, critic\u00f3 el Partido Acci\u00f3n Nacional (PAN). &#8220;El alcalde sustituto hace como que hace, pero en realidad no [&hellip;]","og_url":"https:\/\/fuentesfidedignas.com.mx\/index.php\/2023\/09\/06\/juan-de-dios-gamez-parece-no-vivir-en-culiacan-no-ve-los-problemas-pan\/","og_site_name":"Fuentes Fidedignas","article_publisher":"https:\/\/www.facebook.com\/Fuentes-Fidedignas-368234489921644","article_published_time":"2023-09-06T16:43:36+00:00","article_modified_time":"2023-09-06T23:19:04+00:00","og_image":[{"width":694,"height":463,"url":"https:\/\/fuentesfidedignas.com.mx\/wp-content\/uploads\/2023\/09\/IMG-20230906-WA0001.jpg","type":"image\/jpeg"}],"author":"Leonardo Gutierrez","twitter_card":"summary_large_image","twitter_creator":"@fidedignas","twitter_site":"@fidedignas","twitter_misc":{"Escrito por":"Leonardo Gutierrez","Tiempo de lectura":"3 minutos"},"schema":{"@context":"https:\/\/schema.org","@graph":[{"@type":"Article","@id":"https:\/\/fuentesfidedignas.com.mx\/index.php\/2023\/09\/06\/juan-de-dios-gamez-parece-no-vivir-en-culiacan-no-ve-los-problemas-pan\/#article","isPartOf":{"@id":"https:\/\/fuentesfidedignas.com.mx\/index.php\/2023\/09\/06\/juan-de-dios-gamez-parece-no-vivir-en-culiacan-no-ve-los-problemas-pan\/"},"author":{"name":"Leonardo Gutierrez","@id":"https:\/\/fuentesfidedignas.com.mx\/#\/schema\/person\/c77df25c00baae1d4fdc0340db6f364c"},"headline":"Juan de Dios G\u00e1mez no ve los problemas de Culiac\u00e1n, pero ya anda en campa\u00f1a: PAN","datePublished":"2023-09-06T16:43:36+00:00","dateModified":"2023-09-06T23:19:04+00:00","mainEntityOfPage":{"@id":"https:\/\/fuentesfidedignas.com.mx\/index.php\/2023\/09\/06\/juan-de-dios-gamez-parece-no-vivir-en-culiacan-no-ve-los-problemas-pan\/"},"wordCount":492,"commentCount":0,"publisher":{"@id":"https:\/\/fuentesfidedignas.com.mx\/#organization"},"image":{"@id":"https:\/\/fuentesfidedignas.com.mx\/index.php\/2023\/09\/06\/juan-de-dios-gamez-parece-no-vivir-en-culiacan-no-ve-los-problemas-pan\/#primaryimage"},"thumbnailUrl":"https:\/\/fuentesfidedignas.com.mx\/wp-content\/uploads\/2023\/09\/IMG-20230906-WA0001.jpg","articleSection":["NOTA PRINCIPAL"],"inLanguage":"es","potentialAction":[{"@type":"CommentAction","name":"Comment","target":["https:\/\/fuentesfidedignas.com.mx\/index.php\/2023\/09\/06\/juan-de-dios-gamez-parece-no-vivir-en-culiacan-no-ve-los-problemas-pan\/#respond"]}]},{"@type":"WebPage","@id":"https:\/\/fuentesfidedignas.com.mx\/index.php\/2023\/09\/06\/juan-de-dios-gamez-parece-no-vivir-en-culiacan-no-ve-los-problemas-pan\/","url":"https:\/\/fuentesfidedignas.com.mx\/index.php\/2023\/09\/06\/juan-de-dios-gamez-parece-no-vivir-en-culiacan-no-ve-los-problemas-pan\/","name":"Juan de Dios G\u00e1mez no ve los problemas de Culiac\u00e1n, pero ya anda en campa\u00f1a: PAN - Fuentes Fidedignas","isPartOf":{"@id":"https:\/\/fuentesfidedignas.com.mx\/#website"},"primaryImageOfPage":{"@id":"https:\/\/fuentesfidedignas.com.mx\/index.php\/2023\/09\/06\/juan-de-dios-gamez-parece-no-vivir-en-culiacan-no-ve-los-problemas-pan\/#primaryimage"},"image":{"@id":"https:\/\/fuentesfidedignas.com.mx\/index.php\/2023\/09\/06\/juan-de-dios-gamez-parece-no-vivir-en-culiacan-no-ve-los-problemas-pan\/#primaryimage"},"thumbnailUrl":"https:\/\/fuentesfidedignas.com.mx\/wp-content\/uploads\/2023\/09\/IMG-20230906-WA0001.jpg","datePublished":"2023-09-06T16:43:36+00:00","dateModified":"2023-09-06T23:19:04+00:00","breadcrumb":{"@id":"https:\/\/fuentesfidedignas.com.mx\/index.php\/2023\/09\/06\/juan-de-dios-gamez-parece-no-vivir-en-culiacan-no-ve-los-problemas-pan\/#breadcrumb"},"inLanguage":"es","potentialAction":[{"@type":"ReadAction","target":["https:\/\/fuentesfidedignas.com.mx\/index.php\/2023\/09\/06\/juan-de-dios-gamez-parece-no-vivir-en-culiacan-no-ve-los-problemas-pan\/"]}]},{"@type":"ImageObject","inLanguage":"es","@id":"https:\/\/fuentesfidedignas.com.mx\/index.php\/2023\/09\/06\/juan-de-dios-gamez-parece-no-vivir-en-culiacan-no-ve-los-problemas-pan\/#primaryimage","url":"https:\/\/fuentesfidedignas.com.mx\/wp-content\/uploads\/2023\/09\/IMG-20230906-WA0001.jpg","contentUrl":"https:\/\/fuentesfidedignas.com.mx\/wp-content\/uploads\/2023\/09\/IMG-20230906-WA0001.jpg","width":694,"height":463},{"@type":"BreadcrumbList","@id":"https:\/\/fuentesfidedignas.com.mx\/index.php\/2023\/09\/06\/juan-de-dios-gamez-parece-no-vivir-en-culiacan-no-ve-los-problemas-pan\/#breadcrumb","itemListElement":[{"@type":"ListItem","position":1,"name":"Inicio","item":"https:\/\/fuentesfidedignas.com.mx\/"},{"@type":"ListItem","position":2,"name":"Juan de Dios G\u00e1mez no ve los problemas de Culiac\u00e1n, pero ya anda en campa\u00f1a: PAN"}]},{"@type":"WebSite","@id":"https:\/\/fuentesfidedignas.com.mx\/#website","url":"https:\/\/fuentesfidedignas.com.mx\/","name":"Fuentes Fidedignas","description":"Otro sitio realizado con WordPress","publisher":{"@id":"https:\/\/fuentesfidedignas.com.mx\/#organization"},"potentialAction":[{"@type":"SearchAction","target":{"@type":"EntryPoint","urlTemplate":"https:\/\/fuentesfidedignas.com.mx\/?s={search_term_string}"},"query-input":{"@type":"PropertyValueSpecification","valueRequired":true,"valueName":"search_term_string"}}],"inLanguage":"es"},{"@type":"Organization","@id":"https:\/\/fuentesfidedignas.com.mx\/#organization","name":"Fuentes Fidedignas","url":"https:\/\/fuentesfidedignas.com.mx\/","logo":{"@type":"ImageObject","inLanguage":"es","@id":"https:\/\/fuentesfidedignas.com.mx\/#\/schema\/logo\/image\/","url":"https:\/\/fuentesfidedignas.com.mx\/wp-content\/uploads\/2021\/04\/logo-retina.png","contentUrl":"https:\/\/fuentesfidedignas.com.mx\/wp-content\/uploads\/2021\/04\/logo-retina.png","width":280,"height":51,"caption":"Fuentes Fidedignas"},"image":{"@id":"https:\/\/fuentesfidedignas.com.mx\/#\/schema\/logo\/image\/"},"sameAs":["https:\/\/www.facebook.com\/Fuentes-Fidedignas-368234489921644","https:\/\/x.com\/fidedignas"]},{"@type":"Person","@id":"https:\/\/fuentesfidedignas.com.mx\/#\/schema\/person\/c77df25c00baae1d4fdc0340db6f364c","name":"Leonardo Gutierrez","image":{"@type":"ImageObject","inLanguage":"es","@id":"https:\/\/secure.gravatar.com\/avatar\/17b13a7a986cc98ca4d7337340bcac5945cbae677961c354aefb3c7962c8cc1f?s=96&d=mm&r=g","url":"https:\/\/secure.gravatar.com\/avatar\/17b13a7a986cc98ca4d7337340bcac5945cbae677961c354aefb3c7962c8cc1f?s=96&d=mm&r=g","contentUrl":"https:\/\/secure.gravatar.com\/avatar\/17b13a7a986cc98ca4d7337340bcac5945cbae677961c354aefb3c7962c8cc1f?s=96&d=mm&r=g","caption":"Leonardo Gutierrez"},"url":"https:\/\/fuentesfidedignas.com.mx\/index.php\/author\/leonardogut\/"}]}},"_links":{"self":[{"href":"https:\/\/fuentesfidedignas.com.mx\/index.php\/wp-json\/wp\/v2\/posts\/58040","targetHints":{"allow":["GET"]}}],"collection":[{"href":"https:\/\/fuentesfidedignas.com.mx\/index.php\/wp-json\/wp\/v2\/posts"}],"about":[{"href":"https:\/\/fuentesfidedignas.com.mx\/index.php\/wp-json\/wp\/v2\/types\/post"}],"author":[{"embeddable":true,"href":"https:\/\/fuentesfidedignas.com.mx\/index.php\/wp-json\/wp\/v2\/users\/112"}],"replies":[{"embeddable":true,"href":"https:\/\/fuentesfidedignas.com.mx\/index.php\/wp-json\/wp\/v2\/comments?post=58040"}],"version-history":[{"count":6,"href":"https:\/\/fuentesfidedignas.com.mx\/index.php\/wp-json\/wp\/v2\/posts\/58040\/revisions"}],"predecessor-version":[{"id":58105,"href":"https:\/\/fuentesfidedignas.com.mx\/index.php\/wp-json\/wp\/v2\/posts\/58040\/revisions\/58105"}],"wp:featuredmedia":[{"embeddable":true,"href":"https:\/\/fuentesfidedignas.com.mx\/index.php\/wp-json\/wp\/v2\/media\/58042"}],"wp:attachment":[{"href":"https:\/\/fuentesfidedignas.com.mx\/index.php\/wp-json\/wp\/v2\/media?parent=58040"}],"wp:term":[{"taxonomy":"category","embeddable":true,"href":"https:\/\/fuentesfidedignas.com.mx\/index.php\/wp-json\/wp\/v2\/categories?post=58040"},{"taxonomy":"post_tag","embeddable":true,"href":"https:\/\/fuentesfidedignas.com.mx\/index.php\/wp-json\/wp\/v2\/tags?post=58040"}],"curies":[{"name":"wp","href":"https:\/\/api.w.org\/{rel}","templated":true}]}}