{"id":5798,"date":"2021-06-24T09:43:10","date_gmt":"2021-06-24T16:43:10","guid":{"rendered":"https:\/\/fuentesfidedignas.com.mx\/?p=5798"},"modified":"2021-06-24T09:43:11","modified_gmt":"2021-06-24T16:43:11","slug":"conmemoran-el-457-aniversario-de-la-fundacion-de-el-fuerte","status":"publish","type":"post","link":"https:\/\/fuentesfidedignas.com.mx\/index.php\/2021\/06\/24\/conmemoran-el-457-aniversario-de-la-fundacion-de-el-fuerte\/","title":{"rendered":"Conmemoran el 457 aniversario de la fundaci\u00f3n de El Fuerte"},"content":{"rendered":"\n<p><strong><em>En 1564, Francisco de Ibarra fund\u00f3 la Villa de San Juan Bautista de Carapoa<\/em><\/strong><\/p>\n\n\n\n<p><em>El Fuerte, Sin.-<\/em> Con la realizaci\u00f3n de un evento c\u00edvico en donde participaron las autoridades municipales y educativas, se conmemor\u00f3 el 457 aniversario de la fundaci\u00f3n de El Fuerte, pues en 1564 Francisco de Ibarra fund\u00f3 la Villa de San Juan Bautista de Carapoa.<\/p>\n\n\n\n<p>En el acto de honores a la bandera, el Secretario del Ayuntamiento Leonel Vea G\u00e1mez represent\u00f3 a la Alcaldesa Nubia Ramos Carbajal, donde se realiz\u00f3 la colocaci\u00f3n de la ofrenda floral en el busto de Francisco de Ibarra.<\/p>\n\n\n\n<p>Por su parte, el responsable del evento Felipe Viera Pardo Director de Educaci\u00f3n indic\u00f3 que a pesar de la contingencia sanitaria se realizaban los actos para fortalecer la identidad cultural entre la poblaci\u00f3n fortense, ya que este acontecimiento es de suma relevancia para la sociedad del municipio, pues este acto de fundaci\u00f3n da sentido a lo que hoy es el pueblo m\u00e1gico de El Fuerte.<\/p>\n\n\n\n<p>El discurso oficial estuvo a cargo de la Regidora Rosa Mar\u00eda Mart\u00ednez Ca\u00f1edo quien puntualiz\u00f3 las referencias hist\u00f3ricas y enalteci\u00f3 las grandezas sociales con las que cuenta la gente del municipio el cual est\u00e1 asentado en el territorio ind\u00edgena mayo-yoreme.<\/p>\n\n\n\n<p>Quien tambi\u00e9n emiti\u00f3 un mensaje, fue Onorio Jichimea Galav\u00edz, Director de Asuntos Ind\u00edgenas del Ayuntamiento quien indic\u00f3 los sucesos y transformaciones que se han vivido en el municipio desde su fundaci\u00f3n, el ind\u00edgena Yoreme reconoci\u00f3 al pueblo al que pertenece por ser la ra\u00edz fundamental de lo que hoy es El Fuerte, \u201csiempre hemos luchado por el respeto de nuestra autonom\u00eda y hemos logrado grandes avances\u2026 somos, los ind\u00edgenas, part\u00edcipes en la vida social, cultural y econ\u00f3mica\u2026 reconozco y agradezco el lugar que nuestras autoridades del Ayuntamiento nos han dado, por el espacio que nos han brindado en las instituciones\u201d, puntualiz\u00f3 Onorio Jichimea.<\/p>\n","protected":false},"excerpt":{"rendered":"<p>En 1564, Francisco de Ibarra fund\u00f3 la Villa de San Juan Bautista de Carapoa El Fuerte, Sin.- Con la realizaci\u00f3n de un evento c\u00edvico en donde participaron las autoridades municipales y educativas, se conmemor\u00f3 el 457 aniversario de la fundaci\u00f3n de El Fuerte, pues en 1564 Francisco de Ibarra fund\u00f3 la Villa de San Juan [&hellip;]<\/p>\n","protected":false},"author":4,"featured_media":5799,"comment_status":"open","ping_status":"open","sticky":false,"template":"","format":"standard","meta":{"tdm_status":"","tdm_grid_status":"","footnotes":""},"categories":[38],"tags":[],"class_list":{"0":"post-5798","1":"post","2":"type-post","3":"status-publish","4":"format-standard","5":"has-post-thumbnail","7":"category-noticias-locales"},"yoast_head":"<!-- This site is optimized with the Yoast SEO plugin v27.5 - https:\/\/yoast.com\/product\/yoast-seo-wordpress\/ -->\n<title>Conmemoran el 457 aniversario de la fundaci\u00f3n de El Fuerte - Fuentes Fidedignas<\/title>\n<meta name=\"robots\" content=\"index, follow, max-snippet:-1, max-image-preview:large, max-video-preview:-1\" \/>\n<link rel=\"canonical\" href=\"https:\/\/fuentesfidedignas.com.mx\/index.php\/2021\/06\/24\/conmemoran-el-457-aniversario-de-la-fundacion-de-el-fuerte\/\" \/>\n<meta property=\"og:locale\" content=\"es_MX\" \/>\n<meta property=\"og:type\" content=\"article\" \/>\n<meta property=\"og:title\" content=\"Conmemoran el 457 aniversario de la fundaci\u00f3n de El Fuerte - Fuentes Fidedignas\" \/>\n<meta property=\"og:description\" content=\"En 1564, Francisco de Ibarra fund\u00f3 la Villa de San Juan Bautista de Carapoa El Fuerte, Sin.- Con la realizaci\u00f3n de un evento c\u00edvico en donde participaron las autoridades municipales y educativas, se conmemor\u00f3 el 457 aniversario de la fundaci\u00f3n de El Fuerte, pues en 1564 Francisco de Ibarra fund\u00f3 la Villa de San Juan [&hellip;]\" \/>\n<meta property=\"og:url\" content=\"https:\/\/fuentesfidedignas.com.mx\/index.php\/2021\/06\/24\/conmemoran-el-457-aniversario-de-la-fundacion-de-el-fuerte\/\" \/>\n<meta property=\"og:site_name\" content=\"Fuentes Fidedignas\" \/>\n<meta property=\"article:publisher\" content=\"https:\/\/www.facebook.com\/Fuentes-Fidedignas-368234489921644\" \/>\n<meta property=\"article:published_time\" content=\"2021-06-24T16:43:10+00:00\" \/>\n<meta property=\"article:modified_time\" content=\"2021-06-24T16:43:11+00:00\" \/>\n<meta property=\"og:image\" content=\"https:\/\/fuentesfidedignas.com.mx\/wp-content\/uploads\/2021\/06\/IMG-20210624-WA0029.jpg\" \/>\n\t<meta property=\"og:image:width\" content=\"1600\" \/>\n\t<meta property=\"og:image:height\" content=\"900\" \/>\n\t<meta property=\"og:image:type\" content=\"image\/jpeg\" \/>\n<meta name=\"author\" content=\"Redacci\u00f3n\" \/>\n<meta name=\"twitter:card\" content=\"summary_large_image\" \/>\n<meta name=\"twitter:creator\" content=\"@fidedignas\" \/>\n<meta name=\"twitter:site\" content=\"@fidedignas\" \/>\n<meta name=\"twitter:label1\" content=\"Escrito por\" \/>\n\t<meta name=\"twitter:data1\" content=\"Redacci\u00f3n\" \/>\n\t<meta name=\"twitter:label2\" content=\"Tiempo de lectura\" \/>\n\t<meta name=\"twitter:data2\" content=\"2 minutos\" \/>\n<script type=\"application\/ld+json\" class=\"yoast-schema-graph\">{\"@context\":\"https:\\\/\\\/schema.org\",\"@graph\":[{\"@type\":\"Article\",\"@id\":\"https:\\\/\\\/fuentesfidedignas.com.mx\\\/index.php\\\/2021\\\/06\\\/24\\\/conmemoran-el-457-aniversario-de-la-fundacion-de-el-fuerte\\\/#article\",\"isPartOf\":{\"@id\":\"https:\\\/\\\/fuentesfidedignas.com.mx\\\/index.php\\\/2021\\\/06\\\/24\\\/conmemoran-el-457-aniversario-de-la-fundacion-de-el-fuerte\\\/\"},\"author\":{\"name\":\"Redacci\u00f3n\",\"@id\":\"https:\\\/\\\/fuentesfidedignas.com.mx\\\/#\\\/schema\\\/person\\\/331be9283d37198e2acd5750279085b0\"},\"headline\":\"Conmemoran el 457 aniversario de la fundaci\u00f3n de El Fuerte\",\"datePublished\":\"2021-06-24T16:43:10+00:00\",\"dateModified\":\"2021-06-24T16:43:11+00:00\",\"mainEntityOfPage\":{\"@id\":\"https:\\\/\\\/fuentesfidedignas.com.mx\\\/index.php\\\/2021\\\/06\\\/24\\\/conmemoran-el-457-aniversario-de-la-fundacion-de-el-fuerte\\\/\"},\"wordCount\":336,\"commentCount\":0,\"publisher\":{\"@id\":\"https:\\\/\\\/fuentesfidedignas.com.mx\\\/#organization\"},\"image\":{\"@id\":\"https:\\\/\\\/fuentesfidedignas.com.mx\\\/index.php\\\/2021\\\/06\\\/24\\\/conmemoran-el-457-aniversario-de-la-fundacion-de-el-fuerte\\\/#primaryimage\"},\"thumbnailUrl\":\"https:\\\/\\\/fuentesfidedignas.com.mx\\\/wp-content\\\/uploads\\\/2021\\\/06\\\/IMG-20210624-WA0029.jpg\",\"articleSection\":[\"NOTICIAS LOCALES\"],\"inLanguage\":\"es\",\"potentialAction\":[{\"@type\":\"CommentAction\",\"name\":\"Comment\",\"target\":[\"https:\\\/\\\/fuentesfidedignas.com.mx\\\/index.php\\\/2021\\\/06\\\/24\\\/conmemoran-el-457-aniversario-de-la-fundacion-de-el-fuerte\\\/#respond\"]}]},{\"@type\":\"WebPage\",\"@id\":\"https:\\\/\\\/fuentesfidedignas.com.mx\\\/index.php\\\/2021\\\/06\\\/24\\\/conmemoran-el-457-aniversario-de-la-fundacion-de-el-fuerte\\\/\",\"url\":\"https:\\\/\\\/fuentesfidedignas.com.mx\\\/index.php\\\/2021\\\/06\\\/24\\\/conmemoran-el-457-aniversario-de-la-fundacion-de-el-fuerte\\\/\",\"name\":\"Conmemoran el 457 aniversario de la fundaci\u00f3n de El Fuerte - Fuentes Fidedignas\",\"isPartOf\":{\"@id\":\"https:\\\/\\\/fuentesfidedignas.com.mx\\\/#website\"},\"primaryImageOfPage\":{\"@id\":\"https:\\\/\\\/fuentesfidedignas.com.mx\\\/index.php\\\/2021\\\/06\\\/24\\\/conmemoran-el-457-aniversario-de-la-fundacion-de-el-fuerte\\\/#primaryimage\"},\"image\":{\"@id\":\"https:\\\/\\\/fuentesfidedignas.com.mx\\\/index.php\\\/2021\\\/06\\\/24\\\/conmemoran-el-457-aniversario-de-la-fundacion-de-el-fuerte\\\/#primaryimage\"},\"thumbnailUrl\":\"https:\\\/\\\/fuentesfidedignas.com.mx\\\/wp-content\\\/uploads\\\/2021\\\/06\\\/IMG-20210624-WA0029.jpg\",\"datePublished\":\"2021-06-24T16:43:10+00:00\",\"dateModified\":\"2021-06-24T16:43:11+00:00\",\"breadcrumb\":{\"@id\":\"https:\\\/\\\/fuentesfidedignas.com.mx\\\/index.php\\\/2021\\\/06\\\/24\\\/conmemoran-el-457-aniversario-de-la-fundacion-de-el-fuerte\\\/#breadcrumb\"},\"inLanguage\":\"es\",\"potentialAction\":[{\"@type\":\"ReadAction\",\"target\":[\"https:\\\/\\\/fuentesfidedignas.com.mx\\\/index.php\\\/2021\\\/06\\\/24\\\/conmemoran-el-457-aniversario-de-la-fundacion-de-el-fuerte\\\/\"]}]},{\"@type\":\"ImageObject\",\"inLanguage\":\"es\",\"@id\":\"https:\\\/\\\/fuentesfidedignas.com.mx\\\/index.php\\\/2021\\\/06\\\/24\\\/conmemoran-el-457-aniversario-de-la-fundacion-de-el-fuerte\\\/#primaryimage\",\"url\":\"https:\\\/\\\/fuentesfidedignas.com.mx\\\/wp-content\\\/uploads\\\/2021\\\/06\\\/IMG-20210624-WA0029.jpg\",\"contentUrl\":\"https:\\\/\\\/fuentesfidedignas.com.mx\\\/wp-content\\\/uploads\\\/2021\\\/06\\\/IMG-20210624-WA0029.jpg\",\"width\":1600,\"height\":900},{\"@type\":\"BreadcrumbList\",\"@id\":\"https:\\\/\\\/fuentesfidedignas.com.mx\\\/index.php\\\/2021\\\/06\\\/24\\\/conmemoran-el-457-aniversario-de-la-fundacion-de-el-fuerte\\\/#breadcrumb\",\"itemListElement\":[{\"@type\":\"ListItem\",\"position\":1,\"name\":\"Inicio\",\"item\":\"https:\\\/\\\/fuentesfidedignas.com.mx\\\/\"},{\"@type\":\"ListItem\",\"position\":2,\"name\":\"Conmemoran el 457 aniversario de la fundaci\u00f3n de El Fuerte\"}]},{\"@type\":\"WebSite\",\"@id\":\"https:\\\/\\\/fuentesfidedignas.com.mx\\\/#website\",\"url\":\"https:\\\/\\\/fuentesfidedignas.com.mx\\\/\",\"name\":\"Fuentes Fidedignas\",\"description\":\"Otro sitio realizado con WordPress\",\"publisher\":{\"@id\":\"https:\\\/\\\/fuentesfidedignas.com.mx\\\/#organization\"},\"potentialAction\":[{\"@type\":\"SearchAction\",\"target\":{\"@type\":\"EntryPoint\",\"urlTemplate\":\"https:\\\/\\\/fuentesfidedignas.com.mx\\\/?s={search_term_string}\"},\"query-input\":{\"@type\":\"PropertyValueSpecification\",\"valueRequired\":true,\"valueName\":\"search_term_string\"}}],\"inLanguage\":\"es\"},{\"@type\":\"Organization\",\"@id\":\"https:\\\/\\\/fuentesfidedignas.com.mx\\\/#organization\",\"name\":\"Fuentes Fidedignas\",\"url\":\"https:\\\/\\\/fuentesfidedignas.com.mx\\\/\",\"logo\":{\"@type\":\"ImageObject\",\"inLanguage\":\"es\",\"@id\":\"https:\\\/\\\/fuentesfidedignas.com.mx\\\/#\\\/schema\\\/logo\\\/image\\\/\",\"url\":\"https:\\\/\\\/fuentesfidedignas.com.mx\\\/wp-content\\\/uploads\\\/2021\\\/04\\\/logo-retina.png\",\"contentUrl\":\"https:\\\/\\\/fuentesfidedignas.com.mx\\\/wp-content\\\/uploads\\\/2021\\\/04\\\/logo-retina.png\",\"width\":280,\"height\":51,\"caption\":\"Fuentes Fidedignas\"},\"image\":{\"@id\":\"https:\\\/\\\/fuentesfidedignas.com.mx\\\/#\\\/schema\\\/logo\\\/image\\\/\"},\"sameAs\":[\"https:\\\/\\\/www.facebook.com\\\/Fuentes-Fidedignas-368234489921644\",\"https:\\\/\\\/x.com\\\/fidedignas\"]},{\"@type\":\"Person\",\"@id\":\"https:\\\/\\\/fuentesfidedignas.com.mx\\\/#\\\/schema\\\/person\\\/331be9283d37198e2acd5750279085b0\",\"name\":\"Redacci\u00f3n\",\"image\":{\"@type\":\"ImageObject\",\"inLanguage\":\"es\",\"@id\":\"https:\\\/\\\/secure.gravatar.com\\\/avatar\\\/f6d8782c11d12b2d4ad3fbb6931aeab5309937a4d6cd2fc9cfaa28a6396a5aec?s=96&d=mm&r=g\",\"url\":\"https:\\\/\\\/secure.gravatar.com\\\/avatar\\\/f6d8782c11d12b2d4ad3fbb6931aeab5309937a4d6cd2fc9cfaa28a6396a5aec?s=96&d=mm&r=g\",\"contentUrl\":\"https:\\\/\\\/secure.gravatar.com\\\/avatar\\\/f6d8782c11d12b2d4ad3fbb6931aeab5309937a4d6cd2fc9cfaa28a6396a5aec?s=96&d=mm&r=g\",\"caption\":\"Redacci\u00f3n\"},\"url\":\"https:\\\/\\\/fuentesfidedignas.com.mx\\\/index.php\\\/author\\\/redaccion\\\/\"}]}<\/script>\n<!-- \/ Yoast SEO plugin. -->","yoast_head_json":{"title":"Conmemoran el 457 aniversario de la fundaci\u00f3n de El Fuerte - Fuentes Fidedignas","robots":{"index":"index","follow":"follow","max-snippet":"max-snippet:-1","max-image-preview":"max-image-preview:large","max-video-preview":"max-video-preview:-1"},"canonical":"https:\/\/fuentesfidedignas.com.mx\/index.php\/2021\/06\/24\/conmemoran-el-457-aniversario-de-la-fundacion-de-el-fuerte\/","og_locale":"es_MX","og_type":"article","og_title":"Conmemoran el 457 aniversario de la fundaci\u00f3n de El Fuerte - Fuentes Fidedignas","og_description":"En 1564, Francisco de Ibarra fund\u00f3 la Villa de San Juan Bautista de Carapoa El Fuerte, Sin.- Con la realizaci\u00f3n de un evento c\u00edvico en donde participaron las autoridades municipales y educativas, se conmemor\u00f3 el 457 aniversario de la fundaci\u00f3n de El Fuerte, pues en 1564 Francisco de Ibarra fund\u00f3 la Villa de San Juan [&hellip;]","og_url":"https:\/\/fuentesfidedignas.com.mx\/index.php\/2021\/06\/24\/conmemoran-el-457-aniversario-de-la-fundacion-de-el-fuerte\/","og_site_name":"Fuentes Fidedignas","article_publisher":"https:\/\/www.facebook.com\/Fuentes-Fidedignas-368234489921644","article_published_time":"2021-06-24T16:43:10+00:00","article_modified_time":"2021-06-24T16:43:11+00:00","og_image":[{"width":1600,"height":900,"url":"https:\/\/fuentesfidedignas.com.mx\/wp-content\/uploads\/2021\/06\/IMG-20210624-WA0029.jpg","type":"image\/jpeg"}],"author":"Redacci\u00f3n","twitter_card":"summary_large_image","twitter_creator":"@fidedignas","twitter_site":"@fidedignas","twitter_misc":{"Escrito por":"Redacci\u00f3n","Tiempo de lectura":"2 minutos"},"schema":{"@context":"https:\/\/schema.org","@graph":[{"@type":"Article","@id":"https:\/\/fuentesfidedignas.com.mx\/index.php\/2021\/06\/24\/conmemoran-el-457-aniversario-de-la-fundacion-de-el-fuerte\/#article","isPartOf":{"@id":"https:\/\/fuentesfidedignas.com.mx\/index.php\/2021\/06\/24\/conmemoran-el-457-aniversario-de-la-fundacion-de-el-fuerte\/"},"author":{"name":"Redacci\u00f3n","@id":"https:\/\/fuentesfidedignas.com.mx\/#\/schema\/person\/331be9283d37198e2acd5750279085b0"},"headline":"Conmemoran el 457 aniversario de la fundaci\u00f3n de El Fuerte","datePublished":"2021-06-24T16:43:10+00:00","dateModified":"2021-06-24T16:43:11+00:00","mainEntityOfPage":{"@id":"https:\/\/fuentesfidedignas.com.mx\/index.php\/2021\/06\/24\/conmemoran-el-457-aniversario-de-la-fundacion-de-el-fuerte\/"},"wordCount":336,"commentCount":0,"publisher":{"@id":"https:\/\/fuentesfidedignas.com.mx\/#organization"},"image":{"@id":"https:\/\/fuentesfidedignas.com.mx\/index.php\/2021\/06\/24\/conmemoran-el-457-aniversario-de-la-fundacion-de-el-fuerte\/#primaryimage"},"thumbnailUrl":"https:\/\/fuentesfidedignas.com.mx\/wp-content\/uploads\/2021\/06\/IMG-20210624-WA0029.jpg","articleSection":["NOTICIAS LOCALES"],"inLanguage":"es","potentialAction":[{"@type":"CommentAction","name":"Comment","target":["https:\/\/fuentesfidedignas.com.mx\/index.php\/2021\/06\/24\/conmemoran-el-457-aniversario-de-la-fundacion-de-el-fuerte\/#respond"]}]},{"@type":"WebPage","@id":"https:\/\/fuentesfidedignas.com.mx\/index.php\/2021\/06\/24\/conmemoran-el-457-aniversario-de-la-fundacion-de-el-fuerte\/","url":"https:\/\/fuentesfidedignas.com.mx\/index.php\/2021\/06\/24\/conmemoran-el-457-aniversario-de-la-fundacion-de-el-fuerte\/","name":"Conmemoran el 457 aniversario de la fundaci\u00f3n de El Fuerte - Fuentes Fidedignas","isPartOf":{"@id":"https:\/\/fuentesfidedignas.com.mx\/#website"},"primaryImageOfPage":{"@id":"https:\/\/fuentesfidedignas.com.mx\/index.php\/2021\/06\/24\/conmemoran-el-457-aniversario-de-la-fundacion-de-el-fuerte\/#primaryimage"},"image":{"@id":"https:\/\/fuentesfidedignas.com.mx\/index.php\/2021\/06\/24\/conmemoran-el-457-aniversario-de-la-fundacion-de-el-fuerte\/#primaryimage"},"thumbnailUrl":"https:\/\/fuentesfidedignas.com.mx\/wp-content\/uploads\/2021\/06\/IMG-20210624-WA0029.jpg","datePublished":"2021-06-24T16:43:10+00:00","dateModified":"2021-06-24T16:43:11+00:00","breadcrumb":{"@id":"https:\/\/fuentesfidedignas.com.mx\/index.php\/2021\/06\/24\/conmemoran-el-457-aniversario-de-la-fundacion-de-el-fuerte\/#breadcrumb"},"inLanguage":"es","potentialAction":[{"@type":"ReadAction","target":["https:\/\/fuentesfidedignas.com.mx\/index.php\/2021\/06\/24\/conmemoran-el-457-aniversario-de-la-fundacion-de-el-fuerte\/"]}]},{"@type":"ImageObject","inLanguage":"es","@id":"https:\/\/fuentesfidedignas.com.mx\/index.php\/2021\/06\/24\/conmemoran-el-457-aniversario-de-la-fundacion-de-el-fuerte\/#primaryimage","url":"https:\/\/fuentesfidedignas.com.mx\/wp-content\/uploads\/2021\/06\/IMG-20210624-WA0029.jpg","contentUrl":"https:\/\/fuentesfidedignas.com.mx\/wp-content\/uploads\/2021\/06\/IMG-20210624-WA0029.jpg","width":1600,"height":900},{"@type":"BreadcrumbList","@id":"https:\/\/fuentesfidedignas.com.mx\/index.php\/2021\/06\/24\/conmemoran-el-457-aniversario-de-la-fundacion-de-el-fuerte\/#breadcrumb","itemListElement":[{"@type":"ListItem","position":1,"name":"Inicio","item":"https:\/\/fuentesfidedignas.com.mx\/"},{"@type":"ListItem","position":2,"name":"Conmemoran el 457 aniversario de la fundaci\u00f3n de El Fuerte"}]},{"@type":"WebSite","@id":"https:\/\/fuentesfidedignas.com.mx\/#website","url":"https:\/\/fuentesfidedignas.com.mx\/","name":"Fuentes Fidedignas","description":"Otro sitio realizado con WordPress","publisher":{"@id":"https:\/\/fuentesfidedignas.com.mx\/#organization"},"potentialAction":[{"@type":"SearchAction","target":{"@type":"EntryPoint","urlTemplate":"https:\/\/fuentesfidedignas.com.mx\/?s={search_term_string}"},"query-input":{"@type":"PropertyValueSpecification","valueRequired":true,"valueName":"search_term_string"}}],"inLanguage":"es"},{"@type":"Organization","@id":"https:\/\/fuentesfidedignas.com.mx\/#organization","name":"Fuentes Fidedignas","url":"https:\/\/fuentesfidedignas.com.mx\/","logo":{"@type":"ImageObject","inLanguage":"es","@id":"https:\/\/fuentesfidedignas.com.mx\/#\/schema\/logo\/image\/","url":"https:\/\/fuentesfidedignas.com.mx\/wp-content\/uploads\/2021\/04\/logo-retina.png","contentUrl":"https:\/\/fuentesfidedignas.com.mx\/wp-content\/uploads\/2021\/04\/logo-retina.png","width":280,"height":51,"caption":"Fuentes Fidedignas"},"image":{"@id":"https:\/\/fuentesfidedignas.com.mx\/#\/schema\/logo\/image\/"},"sameAs":["https:\/\/www.facebook.com\/Fuentes-Fidedignas-368234489921644","https:\/\/x.com\/fidedignas"]},{"@type":"Person","@id":"https:\/\/fuentesfidedignas.com.mx\/#\/schema\/person\/331be9283d37198e2acd5750279085b0","name":"Redacci\u00f3n","image":{"@type":"ImageObject","inLanguage":"es","@id":"https:\/\/secure.gravatar.com\/avatar\/f6d8782c11d12b2d4ad3fbb6931aeab5309937a4d6cd2fc9cfaa28a6396a5aec?s=96&d=mm&r=g","url":"https:\/\/secure.gravatar.com\/avatar\/f6d8782c11d12b2d4ad3fbb6931aeab5309937a4d6cd2fc9cfaa28a6396a5aec?s=96&d=mm&r=g","contentUrl":"https:\/\/secure.gravatar.com\/avatar\/f6d8782c11d12b2d4ad3fbb6931aeab5309937a4d6cd2fc9cfaa28a6396a5aec?s=96&d=mm&r=g","caption":"Redacci\u00f3n"},"url":"https:\/\/fuentesfidedignas.com.mx\/index.php\/author\/redaccion\/"}]}},"_links":{"self":[{"href":"https:\/\/fuentesfidedignas.com.mx\/index.php\/wp-json\/wp\/v2\/posts\/5798","targetHints":{"allow":["GET"]}}],"collection":[{"href":"https:\/\/fuentesfidedignas.com.mx\/index.php\/wp-json\/wp\/v2\/posts"}],"about":[{"href":"https:\/\/fuentesfidedignas.com.mx\/index.php\/wp-json\/wp\/v2\/types\/post"}],"author":[{"embeddable":true,"href":"https:\/\/fuentesfidedignas.com.mx\/index.php\/wp-json\/wp\/v2\/users\/4"}],"replies":[{"embeddable":true,"href":"https:\/\/fuentesfidedignas.com.mx\/index.php\/wp-json\/wp\/v2\/comments?post=5798"}],"version-history":[{"count":1,"href":"https:\/\/fuentesfidedignas.com.mx\/index.php\/wp-json\/wp\/v2\/posts\/5798\/revisions"}],"predecessor-version":[{"id":5800,"href":"https:\/\/fuentesfidedignas.com.mx\/index.php\/wp-json\/wp\/v2\/posts\/5798\/revisions\/5800"}],"wp:featuredmedia":[{"embeddable":true,"href":"https:\/\/fuentesfidedignas.com.mx\/index.php\/wp-json\/wp\/v2\/media\/5799"}],"wp:attachment":[{"href":"https:\/\/fuentesfidedignas.com.mx\/index.php\/wp-json\/wp\/v2\/media?parent=5798"}],"wp:term":[{"taxonomy":"category","embeddable":true,"href":"https:\/\/fuentesfidedignas.com.mx\/index.php\/wp-json\/wp\/v2\/categories?post=5798"},{"taxonomy":"post_tag","embeddable":true,"href":"https:\/\/fuentesfidedignas.com.mx\/index.php\/wp-json\/wp\/v2\/tags?post=5798"}],"curies":[{"name":"wp","href":"https:\/\/api.w.org\/{rel}","templated":true}]}}