{"id":57979,"date":"2023-09-06T01:22:54","date_gmt":"2023-09-06T08:22:54","guid":{"rendered":"https:\/\/fuentesfidedignas.com.mx\/?p=57979"},"modified":"2023-09-05T17:23:39","modified_gmt":"2023-09-06T00:23:39","slug":"tiktoker-compartio-su-diario-de-la-infancia-y-se-volvio-viral-por-sus-divertidos-secretos","status":"publish","type":"post","link":"https:\/\/fuentesfidedignas.com.mx\/index.php\/2023\/09\/06\/tiktoker-compartio-su-diario-de-la-infancia-y-se-volvio-viral-por-sus-divertidos-secretos\/","title":{"rendered":"Comparti\u00f3 su diario de la infancia y se volvi\u00f3 viral por sus divertidos secretos"},"content":{"rendered":"\n<p><strong><em>Internautas reaccionaron al video que ya cuenta con millones de reproducciones<\/em><\/strong><\/p>\n\n\n\n<p>Una internauta llamada Mariana encontr\u00f3 entre sus cosas su viejo diario de secretos y no dud\u00f3 en compartirlo a sus seguidores de redes sociales. El video se ha vuelto viral debido a los divertidos secretos y an\u00e9cdotas que escribi\u00f3 la joven durante su infancia.<\/p>\n\n\n\n<p>El video ya cuenta con m\u00e1s de 10 millones de reproducciones en Tiktok y cientos de miles de comentarios de internautas que han reaccionado con bastante gracia.<\/p>\n\n\n\n<p>La joven present\u00f3 el video escribiendo: \u201cCosas que escrib\u00eda en mi diario de la ni\u00f1ez que me hacen dudar de mi salud mental en el amor\u201d.<\/p>\n\n\n\n<p><strong>\u00bfQu\u00e9 dice el divertido diario de la infancia de Mariana?<\/strong><\/p>\n\n\n\n<iframe loading=\"lazy\" src=\"\/\/content.jwplatform.com\/players\/za2LXuaY-NfQOLqBV.html\" width=\"640\" height=\"360\" frameborder=\"0\" scrolling=\"auto\"><\/iframe>\n\n\n\n<p><strong><br><\/strong>El cuaderno que ha causado sensaci\u00f3n en internet tiene una primer p\u00e1gina que provoc\u00f3 risas en los internautas, pues en ella se lee una peculiar bienvenida: \u201cHola, compadres\u201d. Lo m\u00e1s divertido de todo es que las an\u00e9cdotas de Mariana est\u00e1n escritas con mala ortograf\u00eda y malas palabras.<\/p>\n\n\n\n<p>\u201cHoy me me trajeron mi diario, por fin puedo escribir que me caen mal todos, por tontos y adem\u00e1s feos. Los odio, jodid*s. Atentamente, yo Mariana\u201d. dice una de las primeras p\u00e1ginas del cuaderno.<\/p>\n\n\n\n<p>El diario se torna un poco rom\u00e1ntico algunas p\u00e1ginas despu\u00e9s, pero con el toque especial que Mariana imprimi\u00f3 en su prosa:<\/p>\n\n\n\n<p>\u201cHola, ya hab\u00eda olvidado que ten\u00eda un diario. Hoy vi a Jassiel y s\u00f3lo s\u00e9 que me gusta mucho, aunque es un poco pende**, pero creo que as\u00ed me gustan, es de familia. Atentamente, yo Mariana\u201d.<\/p>\n\n\n\n<p>Sin embargo, al poco tiempo, Mariana puso sus ojos sobre un nuevo chico y Jassiel fue sustituido por un nuevo amor, debido a razones muy particulares. La ni\u00f1a escribi\u00f3:<\/p>\n\n\n\n<p>\u201cHola, diario, hoy me acord\u00e9 que te trajeron los reyes y quer\u00eda escribir que ma\u00f1ana cumplo a\u00f1os. Ojal\u00e1 Alejandro sea mi novio. A Jassiel ya no lo quiero porque seguro \u00e9l quiere a todas como a la bisquita de la Vidal Alcocer, pero bueno, ma\u00f1ana cuento sobre mi cumplea\u00f1os, bye. Atentamente, yo Mariana\u201d.<\/p>\n\n\n\n<p>Los sue\u00f1os de Mariana de ser escritora se derrumbaron cuando se dio cuenta que no ten\u00eda la vocaci\u00f3n para ello. As\u00ed lo manifest\u00f3 la ni\u00f1a: \u201cCreo que ni para tener un diario sirvo, yo nunca me acuerdo de escribir, creo que tachar\u00e9 de la lista ser escritora, ser\u00e9 doctora o astronauta, algo que el pende** de Jassiel no descubra. Atentamente, yo Mariana\u201d.<\/p>\n\n\n\n<p>Al parecer, Mariana estaba profundamente enamorada de Jassiel Tiktok\/marianapadilla91<br>La peque\u00f1a nuevamente se fue con todo en contra de Jassiel, pues ya no estaba dispuesta a perdonar su coqueter\u00eda con otras ni\u00f1as: \u201cHola, hoy Jassiel me dio una carta pero me vale abuela frita porque yo amo a Luis. Adi\u00f3s Jassiel, atentamente, yo Mariana\u201d.<\/p>\n\n\n\n<p>\u201cHay cosas en este diario que no pueden salir a la luz, por eso las escribo con tinta invisible\u201d, aclar\u00f3 la joven en otra de las p\u00e1ginas.<\/p>\n\n\n\n<p>Aparentemente, la historia con Jassiel se torn\u00f3 agridulce despu\u00e9s, tal cu\u00e1l lo confes\u00f3 Mariana en una de las posteriores p\u00e1ginas: \u201cYo amo a Jassiel Alejandro Jim\u00e9nez, en serio que s\u00ed est\u00e1 malo que yo no le guste. S\u00ed, pero ya fuimos novios y nos besamos, \u00bfqu\u00e9 m\u00e1s quiero?\u201d.<\/p>\n\n\n\n<p><strong>Internautas reaccionaron a la rom\u00e1ntica historia del diario de Mariana<\/strong><br>\u201cLa Mariana es mi animal espiritual\u201d, \u201cAlguien que etiquete a Jassiel Alejandro Jim\u00e9nez, exijo su versi\u00f3n\u201d, \u201cTodos tenemos un Jassiel en nuestras vidas\u201d, \u201cMuchos crush y todo, pero a Jasiel nadie lo quita\u201d, \u201cNecesito saber todo lo que pas\u00f3 con Jassiel o no podr\u00e9 dormir nunca\u201d, \u201cEra hater, fan, esp\u00eda, mejor amiga y enamorada de Jassiel al mismo tiempo\u201d, \u201cSoy esa\u201d y \u201cMariana nos representa a todos\u201d fueron algunos de los comentarios que los internautas dejaron en el divertido video.<\/p>\n\n\n\n<p>En TikTok ha comenzado un nuevo trend llamado \u201cdiario de la infancia\u201d, donde internautas, igual que Mariana, revelan sus oscuros secretos escritos durante la ni\u00f1ez.<\/p>\n\n\n\n<blockquote class=\"tiktok-embed\" cite=\"https:\/\/www.tiktok.com\/@dulceadrianahdz\/video\/7271342040162553093\" data-video-id=\"7271342040162553093\" style=\"max-width: 605px;min-width: 325px;\" > <section> <a target=\"_blank\" title=\"@dulceadrianahdz\" href=\"https:\/\/www.tiktok.com\/@dulceadrianahdz?refer=embed\" rel=\"noopener\">@dulceadrianahdz<\/a> <p><\/p> <a target=\"_blank\" title=\"\u266c sonido original - Dulce Adriana Hdz\" href=\"https:\/\/www.tiktok.com\/music\/sonido-original-7271342054691670789?refer=embed\" rel=\"noopener\">\u266c sonido original &#8211; Dulce Adriana Hdz<\/a> <\/section> <\/blockquote> <script async src=\"https:\/\/www.tiktok.com\/embed.js\"><\/script>\n","protected":false},"excerpt":{"rendered":"<p>Internautas reaccionaron al video que ya cuenta con millones de reproducciones Una internauta llamada Mariana encontr\u00f3 entre sus cosas su viejo diario de secretos y no dud\u00f3 en compartirlo a sus seguidores de redes sociales. El video se ha vuelto viral debido a los divertidos secretos y an\u00e9cdotas que escribi\u00f3 la joven durante su infancia. [&hellip;]<\/p>\n","protected":false},"author":41,"featured_media":57980,"comment_status":"open","ping_status":"open","sticky":false,"template":"","format":"standard","meta":{"tdm_status":"","tdm_grid_status":"","footnotes":""},"categories":[40],"tags":[],"class_list":{"0":"post-57979","1":"post","2":"type-post","3":"status-publish","4":"format-standard","5":"has-post-thumbnail","7":"category-las-asombrosas"},"yoast_head":"<!-- This site is optimized with the Yoast SEO plugin v27.4 - https:\/\/yoast.com\/product\/yoast-seo-wordpress\/ -->\n<title>Comparti\u00f3 su diario de la infancia y se volvi\u00f3 viral por sus divertidos secretos - Fuentes Fidedignas<\/title>\n<meta name=\"robots\" content=\"index, follow, max-snippet:-1, max-image-preview:large, max-video-preview:-1\" \/>\n<link rel=\"canonical\" href=\"https:\/\/fuentesfidedignas.com.mx\/index.php\/2023\/09\/06\/tiktoker-compartio-su-diario-de-la-infancia-y-se-volvio-viral-por-sus-divertidos-secretos\/\" \/>\n<meta property=\"og:locale\" content=\"es_MX\" \/>\n<meta property=\"og:type\" content=\"article\" \/>\n<meta property=\"og:title\" content=\"Comparti\u00f3 su diario de la infancia y se volvi\u00f3 viral por sus divertidos secretos - Fuentes Fidedignas\" \/>\n<meta property=\"og:description\" content=\"Internautas reaccionaron al video que ya cuenta con millones de reproducciones Una internauta llamada Mariana encontr\u00f3 entre sus cosas su viejo diario de secretos y no dud\u00f3 en compartirlo a sus seguidores de redes sociales. El video se ha vuelto viral debido a los divertidos secretos y an\u00e9cdotas que escribi\u00f3 la joven durante su infancia. [&hellip;]\" \/>\n<meta property=\"og:url\" content=\"https:\/\/fuentesfidedignas.com.mx\/index.php\/2023\/09\/06\/tiktoker-compartio-su-diario-de-la-infancia-y-se-volvio-viral-por-sus-divertidos-secretos\/\" \/>\n<meta property=\"og:site_name\" content=\"Fuentes Fidedignas\" \/>\n<meta property=\"article:publisher\" content=\"https:\/\/www.facebook.com\/Fuentes-Fidedignas-368234489921644\" \/>\n<meta property=\"article:published_time\" content=\"2023-09-06T08:22:54+00:00\" \/>\n<meta property=\"og:image\" content=\"https:\/\/fuentesfidedignas.com.mx\/wp-content\/uploads\/2023\/09\/DIARIO_001.jpg\" \/>\n\t<meta property=\"og:image:width\" content=\"1063\" \/>\n\t<meta property=\"og:image:height\" content=\"598\" \/>\n\t<meta property=\"og:image:type\" content=\"image\/jpeg\" \/>\n<meta name=\"author\" content=\"Infobae\" \/>\n<meta name=\"twitter:card\" content=\"summary_large_image\" \/>\n<meta name=\"twitter:creator\" content=\"@fidedignas\" \/>\n<meta name=\"twitter:site\" content=\"@fidedignas\" \/>\n<meta name=\"twitter:label1\" content=\"Escrito por\" \/>\n\t<meta name=\"twitter:data1\" content=\"Infobae\" \/>\n\t<meta name=\"twitter:label2\" content=\"Tiempo de lectura\" \/>\n\t<meta name=\"twitter:data2\" content=\"3 minutos\" \/>\n<script type=\"application\/ld+json\" class=\"yoast-schema-graph\">{\"@context\":\"https:\\\/\\\/schema.org\",\"@graph\":[{\"@type\":\"Article\",\"@id\":\"https:\\\/\\\/fuentesfidedignas.com.mx\\\/index.php\\\/2023\\\/09\\\/06\\\/tiktoker-compartio-su-diario-de-la-infancia-y-se-volvio-viral-por-sus-divertidos-secretos\\\/#article\",\"isPartOf\":{\"@id\":\"https:\\\/\\\/fuentesfidedignas.com.mx\\\/index.php\\\/2023\\\/09\\\/06\\\/tiktoker-compartio-su-diario-de-la-infancia-y-se-volvio-viral-por-sus-divertidos-secretos\\\/\"},\"author\":{\"name\":\"Infobae\",\"@id\":\"https:\\\/\\\/fuentesfidedignas.com.mx\\\/#\\\/schema\\\/person\\\/8575896a7c1067d352f6c1cd6582c389\"},\"headline\":\"Comparti\u00f3 su diario de la infancia y se volvi\u00f3 viral por sus divertidos secretos\",\"datePublished\":\"2023-09-06T08:22:54+00:00\",\"mainEntityOfPage\":{\"@id\":\"https:\\\/\\\/fuentesfidedignas.com.mx\\\/index.php\\\/2023\\\/09\\\/06\\\/tiktoker-compartio-su-diario-de-la-infancia-y-se-volvio-viral-por-sus-divertidos-secretos\\\/\"},\"wordCount\":709,\"commentCount\":0,\"publisher\":{\"@id\":\"https:\\\/\\\/fuentesfidedignas.com.mx\\\/#organization\"},\"image\":{\"@id\":\"https:\\\/\\\/fuentesfidedignas.com.mx\\\/index.php\\\/2023\\\/09\\\/06\\\/tiktoker-compartio-su-diario-de-la-infancia-y-se-volvio-viral-por-sus-divertidos-secretos\\\/#primaryimage\"},\"thumbnailUrl\":\"https:\\\/\\\/fuentesfidedignas.com.mx\\\/wp-content\\\/uploads\\\/2023\\\/09\\\/DIARIO_001.jpg\",\"articleSection\":[\"LAS ASOMBROSAS\"],\"inLanguage\":\"es\",\"potentialAction\":[{\"@type\":\"CommentAction\",\"name\":\"Comment\",\"target\":[\"https:\\\/\\\/fuentesfidedignas.com.mx\\\/index.php\\\/2023\\\/09\\\/06\\\/tiktoker-compartio-su-diario-de-la-infancia-y-se-volvio-viral-por-sus-divertidos-secretos\\\/#respond\"]}]},{\"@type\":\"WebPage\",\"@id\":\"https:\\\/\\\/fuentesfidedignas.com.mx\\\/index.php\\\/2023\\\/09\\\/06\\\/tiktoker-compartio-su-diario-de-la-infancia-y-se-volvio-viral-por-sus-divertidos-secretos\\\/\",\"url\":\"https:\\\/\\\/fuentesfidedignas.com.mx\\\/index.php\\\/2023\\\/09\\\/06\\\/tiktoker-compartio-su-diario-de-la-infancia-y-se-volvio-viral-por-sus-divertidos-secretos\\\/\",\"name\":\"Comparti\u00f3 su diario de la infancia y se volvi\u00f3 viral por sus divertidos secretos - Fuentes Fidedignas\",\"isPartOf\":{\"@id\":\"https:\\\/\\\/fuentesfidedignas.com.mx\\\/#website\"},\"primaryImageOfPage\":{\"@id\":\"https:\\\/\\\/fuentesfidedignas.com.mx\\\/index.php\\\/2023\\\/09\\\/06\\\/tiktoker-compartio-su-diario-de-la-infancia-y-se-volvio-viral-por-sus-divertidos-secretos\\\/#primaryimage\"},\"image\":{\"@id\":\"https:\\\/\\\/fuentesfidedignas.com.mx\\\/index.php\\\/2023\\\/09\\\/06\\\/tiktoker-compartio-su-diario-de-la-infancia-y-se-volvio-viral-por-sus-divertidos-secretos\\\/#primaryimage\"},\"thumbnailUrl\":\"https:\\\/\\\/fuentesfidedignas.com.mx\\\/wp-content\\\/uploads\\\/2023\\\/09\\\/DIARIO_001.jpg\",\"datePublished\":\"2023-09-06T08:22:54+00:00\",\"breadcrumb\":{\"@id\":\"https:\\\/\\\/fuentesfidedignas.com.mx\\\/index.php\\\/2023\\\/09\\\/06\\\/tiktoker-compartio-su-diario-de-la-infancia-y-se-volvio-viral-por-sus-divertidos-secretos\\\/#breadcrumb\"},\"inLanguage\":\"es\",\"potentialAction\":[{\"@type\":\"ReadAction\",\"target\":[\"https:\\\/\\\/fuentesfidedignas.com.mx\\\/index.php\\\/2023\\\/09\\\/06\\\/tiktoker-compartio-su-diario-de-la-infancia-y-se-volvio-viral-por-sus-divertidos-secretos\\\/\"]}]},{\"@type\":\"ImageObject\",\"inLanguage\":\"es\",\"@id\":\"https:\\\/\\\/fuentesfidedignas.com.mx\\\/index.php\\\/2023\\\/09\\\/06\\\/tiktoker-compartio-su-diario-de-la-infancia-y-se-volvio-viral-por-sus-divertidos-secretos\\\/#primaryimage\",\"url\":\"https:\\\/\\\/fuentesfidedignas.com.mx\\\/wp-content\\\/uploads\\\/2023\\\/09\\\/DIARIO_001.jpg\",\"contentUrl\":\"https:\\\/\\\/fuentesfidedignas.com.mx\\\/wp-content\\\/uploads\\\/2023\\\/09\\\/DIARIO_001.jpg\",\"width\":1063,\"height\":598},{\"@type\":\"BreadcrumbList\",\"@id\":\"https:\\\/\\\/fuentesfidedignas.com.mx\\\/index.php\\\/2023\\\/09\\\/06\\\/tiktoker-compartio-su-diario-de-la-infancia-y-se-volvio-viral-por-sus-divertidos-secretos\\\/#breadcrumb\",\"itemListElement\":[{\"@type\":\"ListItem\",\"position\":1,\"name\":\"Inicio\",\"item\":\"https:\\\/\\\/fuentesfidedignas.com.mx\\\/\"},{\"@type\":\"ListItem\",\"position\":2,\"name\":\"Comparti\u00f3 su diario de la infancia y se volvi\u00f3 viral por sus divertidos secretos\"}]},{\"@type\":\"WebSite\",\"@id\":\"https:\\\/\\\/fuentesfidedignas.com.mx\\\/#website\",\"url\":\"https:\\\/\\\/fuentesfidedignas.com.mx\\\/\",\"name\":\"Fuentes Fidedignas\",\"description\":\"Otro sitio realizado con WordPress\",\"publisher\":{\"@id\":\"https:\\\/\\\/fuentesfidedignas.com.mx\\\/#organization\"},\"potentialAction\":[{\"@type\":\"SearchAction\",\"target\":{\"@type\":\"EntryPoint\",\"urlTemplate\":\"https:\\\/\\\/fuentesfidedignas.com.mx\\\/?s={search_term_string}\"},\"query-input\":{\"@type\":\"PropertyValueSpecification\",\"valueRequired\":true,\"valueName\":\"search_term_string\"}}],\"inLanguage\":\"es\"},{\"@type\":\"Organization\",\"@id\":\"https:\\\/\\\/fuentesfidedignas.com.mx\\\/#organization\",\"name\":\"Fuentes Fidedignas\",\"url\":\"https:\\\/\\\/fuentesfidedignas.com.mx\\\/\",\"logo\":{\"@type\":\"ImageObject\",\"inLanguage\":\"es\",\"@id\":\"https:\\\/\\\/fuentesfidedignas.com.mx\\\/#\\\/schema\\\/logo\\\/image\\\/\",\"url\":\"https:\\\/\\\/fuentesfidedignas.com.mx\\\/wp-content\\\/uploads\\\/2021\\\/04\\\/logo-retina.png\",\"contentUrl\":\"https:\\\/\\\/fuentesfidedignas.com.mx\\\/wp-content\\\/uploads\\\/2021\\\/04\\\/logo-retina.png\",\"width\":280,\"height\":51,\"caption\":\"Fuentes Fidedignas\"},\"image\":{\"@id\":\"https:\\\/\\\/fuentesfidedignas.com.mx\\\/#\\\/schema\\\/logo\\\/image\\\/\"},\"sameAs\":[\"https:\\\/\\\/www.facebook.com\\\/Fuentes-Fidedignas-368234489921644\",\"https:\\\/\\\/x.com\\\/fidedignas\"]},{\"@type\":\"Person\",\"@id\":\"https:\\\/\\\/fuentesfidedignas.com.mx\\\/#\\\/schema\\\/person\\\/8575896a7c1067d352f6c1cd6582c389\",\"name\":\"Infobae\",\"image\":{\"@type\":\"ImageObject\",\"inLanguage\":\"es\",\"@id\":\"https:\\\/\\\/secure.gravatar.com\\\/avatar\\\/e4ec95706f8d1670343f6526fdcec45474bab17475a851434a64ca12b5acba1c?s=96&d=mm&r=g\",\"url\":\"https:\\\/\\\/secure.gravatar.com\\\/avatar\\\/e4ec95706f8d1670343f6526fdcec45474bab17475a851434a64ca12b5acba1c?s=96&d=mm&r=g\",\"contentUrl\":\"https:\\\/\\\/secure.gravatar.com\\\/avatar\\\/e4ec95706f8d1670343f6526fdcec45474bab17475a851434a64ca12b5acba1c?s=96&d=mm&r=g\",\"caption\":\"Infobae\"},\"url\":\"https:\\\/\\\/fuentesfidedignas.com.mx\\\/index.php\\\/author\\\/infobae\\\/\"}]}<\/script>\n<!-- \/ Yoast SEO plugin. -->","yoast_head_json":{"title":"Comparti\u00f3 su diario de la infancia y se volvi\u00f3 viral por sus divertidos secretos - Fuentes Fidedignas","robots":{"index":"index","follow":"follow","max-snippet":"max-snippet:-1","max-image-preview":"max-image-preview:large","max-video-preview":"max-video-preview:-1"},"canonical":"https:\/\/fuentesfidedignas.com.mx\/index.php\/2023\/09\/06\/tiktoker-compartio-su-diario-de-la-infancia-y-se-volvio-viral-por-sus-divertidos-secretos\/","og_locale":"es_MX","og_type":"article","og_title":"Comparti\u00f3 su diario de la infancia y se volvi\u00f3 viral por sus divertidos secretos - Fuentes Fidedignas","og_description":"Internautas reaccionaron al video que ya cuenta con millones de reproducciones Una internauta llamada Mariana encontr\u00f3 entre sus cosas su viejo diario de secretos y no dud\u00f3 en compartirlo a sus seguidores de redes sociales. El video se ha vuelto viral debido a los divertidos secretos y an\u00e9cdotas que escribi\u00f3 la joven durante su infancia. [&hellip;]","og_url":"https:\/\/fuentesfidedignas.com.mx\/index.php\/2023\/09\/06\/tiktoker-compartio-su-diario-de-la-infancia-y-se-volvio-viral-por-sus-divertidos-secretos\/","og_site_name":"Fuentes Fidedignas","article_publisher":"https:\/\/www.facebook.com\/Fuentes-Fidedignas-368234489921644","article_published_time":"2023-09-06T08:22:54+00:00","og_image":[{"width":1063,"height":598,"url":"https:\/\/fuentesfidedignas.com.mx\/wp-content\/uploads\/2023\/09\/DIARIO_001.jpg","type":"image\/jpeg"}],"author":"Infobae","twitter_card":"summary_large_image","twitter_creator":"@fidedignas","twitter_site":"@fidedignas","twitter_misc":{"Escrito por":"Infobae","Tiempo de lectura":"3 minutos"},"schema":{"@context":"https:\/\/schema.org","@graph":[{"@type":"Article","@id":"https:\/\/fuentesfidedignas.com.mx\/index.php\/2023\/09\/06\/tiktoker-compartio-su-diario-de-la-infancia-y-se-volvio-viral-por-sus-divertidos-secretos\/#article","isPartOf":{"@id":"https:\/\/fuentesfidedignas.com.mx\/index.php\/2023\/09\/06\/tiktoker-compartio-su-diario-de-la-infancia-y-se-volvio-viral-por-sus-divertidos-secretos\/"},"author":{"name":"Infobae","@id":"https:\/\/fuentesfidedignas.com.mx\/#\/schema\/person\/8575896a7c1067d352f6c1cd6582c389"},"headline":"Comparti\u00f3 su diario de la infancia y se volvi\u00f3 viral por sus divertidos secretos","datePublished":"2023-09-06T08:22:54+00:00","mainEntityOfPage":{"@id":"https:\/\/fuentesfidedignas.com.mx\/index.php\/2023\/09\/06\/tiktoker-compartio-su-diario-de-la-infancia-y-se-volvio-viral-por-sus-divertidos-secretos\/"},"wordCount":709,"commentCount":0,"publisher":{"@id":"https:\/\/fuentesfidedignas.com.mx\/#organization"},"image":{"@id":"https:\/\/fuentesfidedignas.com.mx\/index.php\/2023\/09\/06\/tiktoker-compartio-su-diario-de-la-infancia-y-se-volvio-viral-por-sus-divertidos-secretos\/#primaryimage"},"thumbnailUrl":"https:\/\/fuentesfidedignas.com.mx\/wp-content\/uploads\/2023\/09\/DIARIO_001.jpg","articleSection":["LAS ASOMBROSAS"],"inLanguage":"es","potentialAction":[{"@type":"CommentAction","name":"Comment","target":["https:\/\/fuentesfidedignas.com.mx\/index.php\/2023\/09\/06\/tiktoker-compartio-su-diario-de-la-infancia-y-se-volvio-viral-por-sus-divertidos-secretos\/#respond"]}]},{"@type":"WebPage","@id":"https:\/\/fuentesfidedignas.com.mx\/index.php\/2023\/09\/06\/tiktoker-compartio-su-diario-de-la-infancia-y-se-volvio-viral-por-sus-divertidos-secretos\/","url":"https:\/\/fuentesfidedignas.com.mx\/index.php\/2023\/09\/06\/tiktoker-compartio-su-diario-de-la-infancia-y-se-volvio-viral-por-sus-divertidos-secretos\/","name":"Comparti\u00f3 su diario de la infancia y se volvi\u00f3 viral por sus divertidos secretos - Fuentes Fidedignas","isPartOf":{"@id":"https:\/\/fuentesfidedignas.com.mx\/#website"},"primaryImageOfPage":{"@id":"https:\/\/fuentesfidedignas.com.mx\/index.php\/2023\/09\/06\/tiktoker-compartio-su-diario-de-la-infancia-y-se-volvio-viral-por-sus-divertidos-secretos\/#primaryimage"},"image":{"@id":"https:\/\/fuentesfidedignas.com.mx\/index.php\/2023\/09\/06\/tiktoker-compartio-su-diario-de-la-infancia-y-se-volvio-viral-por-sus-divertidos-secretos\/#primaryimage"},"thumbnailUrl":"https:\/\/fuentesfidedignas.com.mx\/wp-content\/uploads\/2023\/09\/DIARIO_001.jpg","datePublished":"2023-09-06T08:22:54+00:00","breadcrumb":{"@id":"https:\/\/fuentesfidedignas.com.mx\/index.php\/2023\/09\/06\/tiktoker-compartio-su-diario-de-la-infancia-y-se-volvio-viral-por-sus-divertidos-secretos\/#breadcrumb"},"inLanguage":"es","potentialAction":[{"@type":"ReadAction","target":["https:\/\/fuentesfidedignas.com.mx\/index.php\/2023\/09\/06\/tiktoker-compartio-su-diario-de-la-infancia-y-se-volvio-viral-por-sus-divertidos-secretos\/"]}]},{"@type":"ImageObject","inLanguage":"es","@id":"https:\/\/fuentesfidedignas.com.mx\/index.php\/2023\/09\/06\/tiktoker-compartio-su-diario-de-la-infancia-y-se-volvio-viral-por-sus-divertidos-secretos\/#primaryimage","url":"https:\/\/fuentesfidedignas.com.mx\/wp-content\/uploads\/2023\/09\/DIARIO_001.jpg","contentUrl":"https:\/\/fuentesfidedignas.com.mx\/wp-content\/uploads\/2023\/09\/DIARIO_001.jpg","width":1063,"height":598},{"@type":"BreadcrumbList","@id":"https:\/\/fuentesfidedignas.com.mx\/index.php\/2023\/09\/06\/tiktoker-compartio-su-diario-de-la-infancia-y-se-volvio-viral-por-sus-divertidos-secretos\/#breadcrumb","itemListElement":[{"@type":"ListItem","position":1,"name":"Inicio","item":"https:\/\/fuentesfidedignas.com.mx\/"},{"@type":"ListItem","position":2,"name":"Comparti\u00f3 su diario de la infancia y se volvi\u00f3 viral por sus divertidos secretos"}]},{"@type":"WebSite","@id":"https:\/\/fuentesfidedignas.com.mx\/#website","url":"https:\/\/fuentesfidedignas.com.mx\/","name":"Fuentes Fidedignas","description":"Otro sitio realizado con WordPress","publisher":{"@id":"https:\/\/fuentesfidedignas.com.mx\/#organization"},"potentialAction":[{"@type":"SearchAction","target":{"@type":"EntryPoint","urlTemplate":"https:\/\/fuentesfidedignas.com.mx\/?s={search_term_string}"},"query-input":{"@type":"PropertyValueSpecification","valueRequired":true,"valueName":"search_term_string"}}],"inLanguage":"es"},{"@type":"Organization","@id":"https:\/\/fuentesfidedignas.com.mx\/#organization","name":"Fuentes Fidedignas","url":"https:\/\/fuentesfidedignas.com.mx\/","logo":{"@type":"ImageObject","inLanguage":"es","@id":"https:\/\/fuentesfidedignas.com.mx\/#\/schema\/logo\/image\/","url":"https:\/\/fuentesfidedignas.com.mx\/wp-content\/uploads\/2021\/04\/logo-retina.png","contentUrl":"https:\/\/fuentesfidedignas.com.mx\/wp-content\/uploads\/2021\/04\/logo-retina.png","width":280,"height":51,"caption":"Fuentes Fidedignas"},"image":{"@id":"https:\/\/fuentesfidedignas.com.mx\/#\/schema\/logo\/image\/"},"sameAs":["https:\/\/www.facebook.com\/Fuentes-Fidedignas-368234489921644","https:\/\/x.com\/fidedignas"]},{"@type":"Person","@id":"https:\/\/fuentesfidedignas.com.mx\/#\/schema\/person\/8575896a7c1067d352f6c1cd6582c389","name":"Infobae","image":{"@type":"ImageObject","inLanguage":"es","@id":"https:\/\/secure.gravatar.com\/avatar\/e4ec95706f8d1670343f6526fdcec45474bab17475a851434a64ca12b5acba1c?s=96&d=mm&r=g","url":"https:\/\/secure.gravatar.com\/avatar\/e4ec95706f8d1670343f6526fdcec45474bab17475a851434a64ca12b5acba1c?s=96&d=mm&r=g","contentUrl":"https:\/\/secure.gravatar.com\/avatar\/e4ec95706f8d1670343f6526fdcec45474bab17475a851434a64ca12b5acba1c?s=96&d=mm&r=g","caption":"Infobae"},"url":"https:\/\/fuentesfidedignas.com.mx\/index.php\/author\/infobae\/"}]}},"_links":{"self":[{"href":"https:\/\/fuentesfidedignas.com.mx\/index.php\/wp-json\/wp\/v2\/posts\/57979","targetHints":{"allow":["GET"]}}],"collection":[{"href":"https:\/\/fuentesfidedignas.com.mx\/index.php\/wp-json\/wp\/v2\/posts"}],"about":[{"href":"https:\/\/fuentesfidedignas.com.mx\/index.php\/wp-json\/wp\/v2\/types\/post"}],"author":[{"embeddable":true,"href":"https:\/\/fuentesfidedignas.com.mx\/index.php\/wp-json\/wp\/v2\/users\/41"}],"replies":[{"embeddable":true,"href":"https:\/\/fuentesfidedignas.com.mx\/index.php\/wp-json\/wp\/v2\/comments?post=57979"}],"version-history":[{"count":2,"href":"https:\/\/fuentesfidedignas.com.mx\/index.php\/wp-json\/wp\/v2\/posts\/57979\/revisions"}],"predecessor-version":[{"id":57982,"href":"https:\/\/fuentesfidedignas.com.mx\/index.php\/wp-json\/wp\/v2\/posts\/57979\/revisions\/57982"}],"wp:featuredmedia":[{"embeddable":true,"href":"https:\/\/fuentesfidedignas.com.mx\/index.php\/wp-json\/wp\/v2\/media\/57980"}],"wp:attachment":[{"href":"https:\/\/fuentesfidedignas.com.mx\/index.php\/wp-json\/wp\/v2\/media?parent=57979"}],"wp:term":[{"taxonomy":"category","embeddable":true,"href":"https:\/\/fuentesfidedignas.com.mx\/index.php\/wp-json\/wp\/v2\/categories?post=57979"},{"taxonomy":"post_tag","embeddable":true,"href":"https:\/\/fuentesfidedignas.com.mx\/index.php\/wp-json\/wp\/v2\/tags?post=57979"}],"curies":[{"name":"wp","href":"https:\/\/api.w.org\/{rel}","templated":true}]}}