{"id":57930,"date":"2023-09-05T15:48:00","date_gmt":"2023-09-05T22:48:00","guid":{"rendered":"https:\/\/fuentesfidedignas.com.mx\/?p=57930"},"modified":"2023-09-05T16:28:28","modified_gmt":"2023-09-05T23:28:28","slug":"seguiremos-participando-en-politica-diputadas-expulsadoas-del-pri-agradecen-invitacion-a-mc","status":"publish","type":"post","link":"https:\/\/fuentesfidedignas.com.mx\/index.php\/2023\/09\/05\/seguiremos-participando-en-politica-diputadas-expulsadoas-del-pri-agradecen-invitacion-a-mc\/","title":{"rendered":"&#8220;Seguiremos participando en pol\u00edtica&#8221;; diputadas expulsadas del PRI agradecen invitaci\u00f3n a MC"},"content":{"rendered":"\n<p><strong><em>Cinthia Valenzuela y Connie Zazueta coincidieron en que no tienes charlas con otros partidos<\/em><\/strong> <\/p>\n\n\n\n<p>Culiac\u00e1n, Sin.- Tanto la diputada Cinthia Valenzuela Langarica, como Concepci\u00f3n Zazueta, afirmaron qu\u00e9 su expulsi\u00f3n del Partido Revolucionario Institucional (PRI) no detendr\u00eda su carrera pol\u00edtica y no lo ven como un impedimento para seguir con su trabajo.<\/p>\n\n\n\n<p>Despu\u00e9s de que el expri\u00edsta Sergio Torres, ahora presidente estatal de Movimiento Ciudadano, diera su respaldo e invitara a su partido a ambas legisladores y al actual presidente de la Mesa Directiva, Ricardo Madrid, agradecieron la iniciativa del l\u00edder naranja pero insisiteron en que a\u00fan se est\u00e1 desarrollando el proceso de expulsi\u00f3n.<\/p>\n\n\n\n<p>&#8220;<strong>No me voy a detener, voy a continuar trabajando como siempre. Estamos inmersos en sus proceso qu\u00e9 ya conocemos, que tiene las fechas marcadas. No hemos tenido acercamiento con otro partido, estamos agotando un proceso<\/strong>&#8220;, indic\u00f3 Cinthia Valenzuela.<\/p>\n\n\n\n<iframe loading=\"lazy\" src=\"https:\/\/www.facebook.com\/plugins\/video.php?height=314&#038;href=https%3A%2F%2Fwww.facebook.com%2F100050497569358%2Fvideos%2F671917074863431%2F&#038;show_text=false&#038;width=560&#038;t=0\" width=\"560\" height=\"314\" style=\"border:none;overflow:hidden\" scrolling=\"no\" frameborder=\"0\" allowfullscreen=\"true\" allow=\"autoplay; clipboard-write; encrypted-media; picture-in-picture; web-share\" allowFullScreen=\"true\"><\/iframe>\n\n\n\n<p>En tanto, Connie Zazueta asever\u00f3 que su salida del tricolor no mermar\u00eda su trabajo, ya que lleva m\u00e1s de dos d\u00e9cadas en el actuar pol\u00edtico, trabajando para diferentes administraciones. Asimismo, asegur\u00f3 que por el momento tampoco se encuentra en pl\u00e1ticas con otros partidos y agradeci\u00f3 la intenci\u00f3n de Movimiento Ciudadano para sumarlos a sus filas.<\/p>\n\n\n\n<p><strong>&#8220;Se le va a dar vuelta a la p\u00e1gina y lo que sigue es trabajar. En 20 a\u00f1os he tenido muchas experiencias, he tenido muchas posiciones pol\u00edticas. Y si hoy mi partido decide que ya no est\u00e9 ah\u00ed, pues no necesito un partido para seguir trabajando<\/strong>&#8220;, se\u00f1al\u00f3.<\/p>\n\n\n\n<iframe loading=\"lazy\" src=\"https:\/\/www.facebook.com\/plugins\/video.php?height=314&#038;href=https%3A%2F%2Fwww.facebook.com%2F100050497569358%2Fvideos%2F1045795443379696%2F&#038;show_text=false&#038;width=560&#038;t=0\" width=\"560\" height=\"314\" style=\"border:none;overflow:hidden\" scrolling=\"no\" frameborder=\"0\" allowfullscreen=\"true\" allow=\"autoplay; clipboard-write; encrypted-media; picture-in-picture; web-share\" allowFullScreen=\"true\"><\/iframe>\n","protected":false},"excerpt":{"rendered":"<p>Cinthia Valenzuela y Connie Zazueta coincidieron en que no tienes charlas con otros partidos Culiac\u00e1n, Sin.- Tanto la diputada Cinthia Valenzuela Langarica, como Concepci\u00f3n Zazueta, afirmaron qu\u00e9 su expulsi\u00f3n del Partido Revolucionario Institucional (PRI) no detendr\u00eda su carrera pol\u00edtica y no lo ven como un impedimento para seguir con su trabajo. Despu\u00e9s de que el [&hellip;]<\/p>\n","protected":false},"author":11,"featured_media":57942,"comment_status":"open","ping_status":"open","sticky":false,"template":"","format":"standard","meta":{"tdm_status":"","tdm_grid_status":"","footnotes":""},"categories":[37],"tags":[],"class_list":{"0":"post-57930","1":"post","2":"type-post","3":"status-publish","4":"format-standard","5":"has-post-thumbnail","7":"category-nota-principal"},"yoast_head":"<!-- This site is optimized with the Yoast SEO plugin v27.4 - https:\/\/yoast.com\/product\/yoast-seo-wordpress\/ -->\n<title>&quot;Seguiremos participando en pol\u00edtica&quot;; diputadas expulsadas del PRI agradecen invitaci\u00f3n a MC - Fuentes Fidedignas<\/title>\n<meta name=\"robots\" content=\"index, follow, max-snippet:-1, max-image-preview:large, max-video-preview:-1\" \/>\n<link rel=\"canonical\" href=\"https:\/\/fuentesfidedignas.com.mx\/index.php\/2023\/09\/05\/seguiremos-participando-en-politica-diputadas-expulsadoas-del-pri-agradecen-invitacion-a-mc\/\" \/>\n<meta property=\"og:locale\" content=\"es_MX\" \/>\n<meta property=\"og:type\" content=\"article\" \/>\n<meta property=\"og:title\" content=\"&quot;Seguiremos participando en pol\u00edtica&quot;; diputadas expulsadas del PRI agradecen invitaci\u00f3n a MC - Fuentes Fidedignas\" \/>\n<meta property=\"og:description\" content=\"Cinthia Valenzuela y Connie Zazueta coincidieron en que no tienes charlas con otros partidos Culiac\u00e1n, Sin.- Tanto la diputada Cinthia Valenzuela Langarica, como Concepci\u00f3n Zazueta, afirmaron qu\u00e9 su expulsi\u00f3n del Partido Revolucionario Institucional (PRI) no detendr\u00eda su carrera pol\u00edtica y no lo ven como un impedimento para seguir con su trabajo. Despu\u00e9s de que el [&hellip;]\" \/>\n<meta property=\"og:url\" content=\"https:\/\/fuentesfidedignas.com.mx\/index.php\/2023\/09\/05\/seguiremos-participando-en-politica-diputadas-expulsadoas-del-pri-agradecen-invitacion-a-mc\/\" \/>\n<meta property=\"og:site_name\" content=\"Fuentes Fidedignas\" \/>\n<meta property=\"article:publisher\" content=\"https:\/\/www.facebook.com\/Fuentes-Fidedignas-368234489921644\" \/>\n<meta property=\"article:published_time\" content=\"2023-09-05T22:48:00+00:00\" \/>\n<meta property=\"article:modified_time\" content=\"2023-09-05T23:28:28+00:00\" \/>\n<meta property=\"og:image\" content=\"https:\/\/fuentesfidedignas.com.mx\/wp-content\/uploads\/2023\/09\/20230905_110523.jpg\" \/>\n\t<meta property=\"og:image:width\" content=\"721\" \/>\n\t<meta property=\"og:image:height\" content=\"506\" \/>\n\t<meta property=\"og:image:type\" content=\"image\/jpeg\" \/>\n<meta name=\"author\" content=\"Marissa Palafox\" \/>\n<meta name=\"twitter:card\" content=\"summary_large_image\" \/>\n<meta name=\"twitter:creator\" content=\"@fidedignas\" \/>\n<meta name=\"twitter:site\" content=\"@fidedignas\" \/>\n<meta name=\"twitter:label1\" content=\"Escrito por\" \/>\n\t<meta name=\"twitter:data1\" content=\"Marissa Palafox\" \/>\n\t<meta name=\"twitter:label2\" content=\"Tiempo de lectura\" \/>\n\t<meta name=\"twitter:data2\" content=\"2 minutos\" \/>\n<script type=\"application\/ld+json\" class=\"yoast-schema-graph\">{\"@context\":\"https:\\\/\\\/schema.org\",\"@graph\":[{\"@type\":\"Article\",\"@id\":\"https:\\\/\\\/fuentesfidedignas.com.mx\\\/index.php\\\/2023\\\/09\\\/05\\\/seguiremos-participando-en-politica-diputadas-expulsadoas-del-pri-agradecen-invitacion-a-mc\\\/#article\",\"isPartOf\":{\"@id\":\"https:\\\/\\\/fuentesfidedignas.com.mx\\\/index.php\\\/2023\\\/09\\\/05\\\/seguiremos-participando-en-politica-diputadas-expulsadoas-del-pri-agradecen-invitacion-a-mc\\\/\"},\"author\":{\"name\":\"Marissa Palafox\",\"@id\":\"https:\\\/\\\/fuentesfidedignas.com.mx\\\/#\\\/schema\\\/person\\\/2c10028b4a30078c05a056a215342ab9\"},\"headline\":\"&#8220;Seguiremos participando en pol\u00edtica&#8221;; diputadas expulsadas del PRI agradecen invitaci\u00f3n a MC\",\"datePublished\":\"2023-09-05T22:48:00+00:00\",\"dateModified\":\"2023-09-05T23:28:28+00:00\",\"mainEntityOfPage\":{\"@id\":\"https:\\\/\\\/fuentesfidedignas.com.mx\\\/index.php\\\/2023\\\/09\\\/05\\\/seguiremos-participando-en-politica-diputadas-expulsadoas-del-pri-agradecen-invitacion-a-mc\\\/\"},\"wordCount\":277,\"commentCount\":0,\"publisher\":{\"@id\":\"https:\\\/\\\/fuentesfidedignas.com.mx\\\/#organization\"},\"image\":{\"@id\":\"https:\\\/\\\/fuentesfidedignas.com.mx\\\/index.php\\\/2023\\\/09\\\/05\\\/seguiremos-participando-en-politica-diputadas-expulsadoas-del-pri-agradecen-invitacion-a-mc\\\/#primaryimage\"},\"thumbnailUrl\":\"https:\\\/\\\/fuentesfidedignas.com.mx\\\/wp-content\\\/uploads\\\/2023\\\/09\\\/20230905_110523.jpg\",\"articleSection\":[\"NOTA PRINCIPAL\"],\"inLanguage\":\"es\",\"potentialAction\":[{\"@type\":\"CommentAction\",\"name\":\"Comment\",\"target\":[\"https:\\\/\\\/fuentesfidedignas.com.mx\\\/index.php\\\/2023\\\/09\\\/05\\\/seguiremos-participando-en-politica-diputadas-expulsadoas-del-pri-agradecen-invitacion-a-mc\\\/#respond\"]}]},{\"@type\":\"WebPage\",\"@id\":\"https:\\\/\\\/fuentesfidedignas.com.mx\\\/index.php\\\/2023\\\/09\\\/05\\\/seguiremos-participando-en-politica-diputadas-expulsadoas-del-pri-agradecen-invitacion-a-mc\\\/\",\"url\":\"https:\\\/\\\/fuentesfidedignas.com.mx\\\/index.php\\\/2023\\\/09\\\/05\\\/seguiremos-participando-en-politica-diputadas-expulsadoas-del-pri-agradecen-invitacion-a-mc\\\/\",\"name\":\"\\\"Seguiremos participando en pol\u00edtica\\\"; diputadas expulsadas del PRI agradecen invitaci\u00f3n a MC - Fuentes Fidedignas\",\"isPartOf\":{\"@id\":\"https:\\\/\\\/fuentesfidedignas.com.mx\\\/#website\"},\"primaryImageOfPage\":{\"@id\":\"https:\\\/\\\/fuentesfidedignas.com.mx\\\/index.php\\\/2023\\\/09\\\/05\\\/seguiremos-participando-en-politica-diputadas-expulsadoas-del-pri-agradecen-invitacion-a-mc\\\/#primaryimage\"},\"image\":{\"@id\":\"https:\\\/\\\/fuentesfidedignas.com.mx\\\/index.php\\\/2023\\\/09\\\/05\\\/seguiremos-participando-en-politica-diputadas-expulsadoas-del-pri-agradecen-invitacion-a-mc\\\/#primaryimage\"},\"thumbnailUrl\":\"https:\\\/\\\/fuentesfidedignas.com.mx\\\/wp-content\\\/uploads\\\/2023\\\/09\\\/20230905_110523.jpg\",\"datePublished\":\"2023-09-05T22:48:00+00:00\",\"dateModified\":\"2023-09-05T23:28:28+00:00\",\"breadcrumb\":{\"@id\":\"https:\\\/\\\/fuentesfidedignas.com.mx\\\/index.php\\\/2023\\\/09\\\/05\\\/seguiremos-participando-en-politica-diputadas-expulsadoas-del-pri-agradecen-invitacion-a-mc\\\/#breadcrumb\"},\"inLanguage\":\"es\",\"potentialAction\":[{\"@type\":\"ReadAction\",\"target\":[\"https:\\\/\\\/fuentesfidedignas.com.mx\\\/index.php\\\/2023\\\/09\\\/05\\\/seguiremos-participando-en-politica-diputadas-expulsadoas-del-pri-agradecen-invitacion-a-mc\\\/\"]}]},{\"@type\":\"ImageObject\",\"inLanguage\":\"es\",\"@id\":\"https:\\\/\\\/fuentesfidedignas.com.mx\\\/index.php\\\/2023\\\/09\\\/05\\\/seguiremos-participando-en-politica-diputadas-expulsadoas-del-pri-agradecen-invitacion-a-mc\\\/#primaryimage\",\"url\":\"https:\\\/\\\/fuentesfidedignas.com.mx\\\/wp-content\\\/uploads\\\/2023\\\/09\\\/20230905_110523.jpg\",\"contentUrl\":\"https:\\\/\\\/fuentesfidedignas.com.mx\\\/wp-content\\\/uploads\\\/2023\\\/09\\\/20230905_110523.jpg\",\"width\":721,\"height\":506},{\"@type\":\"BreadcrumbList\",\"@id\":\"https:\\\/\\\/fuentesfidedignas.com.mx\\\/index.php\\\/2023\\\/09\\\/05\\\/seguiremos-participando-en-politica-diputadas-expulsadoas-del-pri-agradecen-invitacion-a-mc\\\/#breadcrumb\",\"itemListElement\":[{\"@type\":\"ListItem\",\"position\":1,\"name\":\"Inicio\",\"item\":\"https:\\\/\\\/fuentesfidedignas.com.mx\\\/\"},{\"@type\":\"ListItem\",\"position\":2,\"name\":\"&#8220;Seguiremos participando en pol\u00edtica&#8221;; diputadas expulsadas del PRI agradecen invitaci\u00f3n a MC\"}]},{\"@type\":\"WebSite\",\"@id\":\"https:\\\/\\\/fuentesfidedignas.com.mx\\\/#website\",\"url\":\"https:\\\/\\\/fuentesfidedignas.com.mx\\\/\",\"name\":\"Fuentes Fidedignas\",\"description\":\"Otro sitio realizado con WordPress\",\"publisher\":{\"@id\":\"https:\\\/\\\/fuentesfidedignas.com.mx\\\/#organization\"},\"potentialAction\":[{\"@type\":\"SearchAction\",\"target\":{\"@type\":\"EntryPoint\",\"urlTemplate\":\"https:\\\/\\\/fuentesfidedignas.com.mx\\\/?s={search_term_string}\"},\"query-input\":{\"@type\":\"PropertyValueSpecification\",\"valueRequired\":true,\"valueName\":\"search_term_string\"}}],\"inLanguage\":\"es\"},{\"@type\":\"Organization\",\"@id\":\"https:\\\/\\\/fuentesfidedignas.com.mx\\\/#organization\",\"name\":\"Fuentes Fidedignas\",\"url\":\"https:\\\/\\\/fuentesfidedignas.com.mx\\\/\",\"logo\":{\"@type\":\"ImageObject\",\"inLanguage\":\"es\",\"@id\":\"https:\\\/\\\/fuentesfidedignas.com.mx\\\/#\\\/schema\\\/logo\\\/image\\\/\",\"url\":\"https:\\\/\\\/fuentesfidedignas.com.mx\\\/wp-content\\\/uploads\\\/2021\\\/04\\\/logo-retina.png\",\"contentUrl\":\"https:\\\/\\\/fuentesfidedignas.com.mx\\\/wp-content\\\/uploads\\\/2021\\\/04\\\/logo-retina.png\",\"width\":280,\"height\":51,\"caption\":\"Fuentes Fidedignas\"},\"image\":{\"@id\":\"https:\\\/\\\/fuentesfidedignas.com.mx\\\/#\\\/schema\\\/logo\\\/image\\\/\"},\"sameAs\":[\"https:\\\/\\\/www.facebook.com\\\/Fuentes-Fidedignas-368234489921644\",\"https:\\\/\\\/x.com\\\/fidedignas\"]},{\"@type\":\"Person\",\"@id\":\"https:\\\/\\\/fuentesfidedignas.com.mx\\\/#\\\/schema\\\/person\\\/2c10028b4a30078c05a056a215342ab9\",\"name\":\"Marissa Palafox\",\"image\":{\"@type\":\"ImageObject\",\"inLanguage\":\"es\",\"@id\":\"https:\\\/\\\/secure.gravatar.com\\\/avatar\\\/20a43bdb2f2db10f20b22d4e98b96eb027faf98f7f76d29854dc5fab46d1cf71?s=96&d=mm&r=g\",\"url\":\"https:\\\/\\\/secure.gravatar.com\\\/avatar\\\/20a43bdb2f2db10f20b22d4e98b96eb027faf98f7f76d29854dc5fab46d1cf71?s=96&d=mm&r=g\",\"contentUrl\":\"https:\\\/\\\/secure.gravatar.com\\\/avatar\\\/20a43bdb2f2db10f20b22d4e98b96eb027faf98f7f76d29854dc5fab46d1cf71?s=96&d=mm&r=g\",\"caption\":\"Marissa Palafox\"},\"url\":\"https:\\\/\\\/fuentesfidedignas.com.mx\\\/index.php\\\/author\\\/marissa\\\/\"}]}<\/script>\n<!-- \/ Yoast SEO plugin. -->","yoast_head_json":{"title":"\"Seguiremos participando en pol\u00edtica\"; diputadas expulsadas del PRI agradecen invitaci\u00f3n a MC - Fuentes Fidedignas","robots":{"index":"index","follow":"follow","max-snippet":"max-snippet:-1","max-image-preview":"max-image-preview:large","max-video-preview":"max-video-preview:-1"},"canonical":"https:\/\/fuentesfidedignas.com.mx\/index.php\/2023\/09\/05\/seguiremos-participando-en-politica-diputadas-expulsadoas-del-pri-agradecen-invitacion-a-mc\/","og_locale":"es_MX","og_type":"article","og_title":"\"Seguiremos participando en pol\u00edtica\"; diputadas expulsadas del PRI agradecen invitaci\u00f3n a MC - Fuentes Fidedignas","og_description":"Cinthia Valenzuela y Connie Zazueta coincidieron en que no tienes charlas con otros partidos Culiac\u00e1n, Sin.- Tanto la diputada Cinthia Valenzuela Langarica, como Concepci\u00f3n Zazueta, afirmaron qu\u00e9 su expulsi\u00f3n del Partido Revolucionario Institucional (PRI) no detendr\u00eda su carrera pol\u00edtica y no lo ven como un impedimento para seguir con su trabajo. Despu\u00e9s de que el [&hellip;]","og_url":"https:\/\/fuentesfidedignas.com.mx\/index.php\/2023\/09\/05\/seguiremos-participando-en-politica-diputadas-expulsadoas-del-pri-agradecen-invitacion-a-mc\/","og_site_name":"Fuentes Fidedignas","article_publisher":"https:\/\/www.facebook.com\/Fuentes-Fidedignas-368234489921644","article_published_time":"2023-09-05T22:48:00+00:00","article_modified_time":"2023-09-05T23:28:28+00:00","og_image":[{"width":721,"height":506,"url":"https:\/\/fuentesfidedignas.com.mx\/wp-content\/uploads\/2023\/09\/20230905_110523.jpg","type":"image\/jpeg"}],"author":"Marissa Palafox","twitter_card":"summary_large_image","twitter_creator":"@fidedignas","twitter_site":"@fidedignas","twitter_misc":{"Escrito por":"Marissa Palafox","Tiempo de lectura":"2 minutos"},"schema":{"@context":"https:\/\/schema.org","@graph":[{"@type":"Article","@id":"https:\/\/fuentesfidedignas.com.mx\/index.php\/2023\/09\/05\/seguiremos-participando-en-politica-diputadas-expulsadoas-del-pri-agradecen-invitacion-a-mc\/#article","isPartOf":{"@id":"https:\/\/fuentesfidedignas.com.mx\/index.php\/2023\/09\/05\/seguiremos-participando-en-politica-diputadas-expulsadoas-del-pri-agradecen-invitacion-a-mc\/"},"author":{"name":"Marissa Palafox","@id":"https:\/\/fuentesfidedignas.com.mx\/#\/schema\/person\/2c10028b4a30078c05a056a215342ab9"},"headline":"&#8220;Seguiremos participando en pol\u00edtica&#8221;; diputadas expulsadas del PRI agradecen invitaci\u00f3n a MC","datePublished":"2023-09-05T22:48:00+00:00","dateModified":"2023-09-05T23:28:28+00:00","mainEntityOfPage":{"@id":"https:\/\/fuentesfidedignas.com.mx\/index.php\/2023\/09\/05\/seguiremos-participando-en-politica-diputadas-expulsadoas-del-pri-agradecen-invitacion-a-mc\/"},"wordCount":277,"commentCount":0,"publisher":{"@id":"https:\/\/fuentesfidedignas.com.mx\/#organization"},"image":{"@id":"https:\/\/fuentesfidedignas.com.mx\/index.php\/2023\/09\/05\/seguiremos-participando-en-politica-diputadas-expulsadoas-del-pri-agradecen-invitacion-a-mc\/#primaryimage"},"thumbnailUrl":"https:\/\/fuentesfidedignas.com.mx\/wp-content\/uploads\/2023\/09\/20230905_110523.jpg","articleSection":["NOTA PRINCIPAL"],"inLanguage":"es","potentialAction":[{"@type":"CommentAction","name":"Comment","target":["https:\/\/fuentesfidedignas.com.mx\/index.php\/2023\/09\/05\/seguiremos-participando-en-politica-diputadas-expulsadoas-del-pri-agradecen-invitacion-a-mc\/#respond"]}]},{"@type":"WebPage","@id":"https:\/\/fuentesfidedignas.com.mx\/index.php\/2023\/09\/05\/seguiremos-participando-en-politica-diputadas-expulsadoas-del-pri-agradecen-invitacion-a-mc\/","url":"https:\/\/fuentesfidedignas.com.mx\/index.php\/2023\/09\/05\/seguiremos-participando-en-politica-diputadas-expulsadoas-del-pri-agradecen-invitacion-a-mc\/","name":"\"Seguiremos participando en pol\u00edtica\"; diputadas expulsadas del PRI agradecen invitaci\u00f3n a MC - Fuentes Fidedignas","isPartOf":{"@id":"https:\/\/fuentesfidedignas.com.mx\/#website"},"primaryImageOfPage":{"@id":"https:\/\/fuentesfidedignas.com.mx\/index.php\/2023\/09\/05\/seguiremos-participando-en-politica-diputadas-expulsadoas-del-pri-agradecen-invitacion-a-mc\/#primaryimage"},"image":{"@id":"https:\/\/fuentesfidedignas.com.mx\/index.php\/2023\/09\/05\/seguiremos-participando-en-politica-diputadas-expulsadoas-del-pri-agradecen-invitacion-a-mc\/#primaryimage"},"thumbnailUrl":"https:\/\/fuentesfidedignas.com.mx\/wp-content\/uploads\/2023\/09\/20230905_110523.jpg","datePublished":"2023-09-05T22:48:00+00:00","dateModified":"2023-09-05T23:28:28+00:00","breadcrumb":{"@id":"https:\/\/fuentesfidedignas.com.mx\/index.php\/2023\/09\/05\/seguiremos-participando-en-politica-diputadas-expulsadoas-del-pri-agradecen-invitacion-a-mc\/#breadcrumb"},"inLanguage":"es","potentialAction":[{"@type":"ReadAction","target":["https:\/\/fuentesfidedignas.com.mx\/index.php\/2023\/09\/05\/seguiremos-participando-en-politica-diputadas-expulsadoas-del-pri-agradecen-invitacion-a-mc\/"]}]},{"@type":"ImageObject","inLanguage":"es","@id":"https:\/\/fuentesfidedignas.com.mx\/index.php\/2023\/09\/05\/seguiremos-participando-en-politica-diputadas-expulsadoas-del-pri-agradecen-invitacion-a-mc\/#primaryimage","url":"https:\/\/fuentesfidedignas.com.mx\/wp-content\/uploads\/2023\/09\/20230905_110523.jpg","contentUrl":"https:\/\/fuentesfidedignas.com.mx\/wp-content\/uploads\/2023\/09\/20230905_110523.jpg","width":721,"height":506},{"@type":"BreadcrumbList","@id":"https:\/\/fuentesfidedignas.com.mx\/index.php\/2023\/09\/05\/seguiremos-participando-en-politica-diputadas-expulsadoas-del-pri-agradecen-invitacion-a-mc\/#breadcrumb","itemListElement":[{"@type":"ListItem","position":1,"name":"Inicio","item":"https:\/\/fuentesfidedignas.com.mx\/"},{"@type":"ListItem","position":2,"name":"&#8220;Seguiremos participando en pol\u00edtica&#8221;; diputadas expulsadas del PRI agradecen invitaci\u00f3n a MC"}]},{"@type":"WebSite","@id":"https:\/\/fuentesfidedignas.com.mx\/#website","url":"https:\/\/fuentesfidedignas.com.mx\/","name":"Fuentes Fidedignas","description":"Otro sitio realizado con WordPress","publisher":{"@id":"https:\/\/fuentesfidedignas.com.mx\/#organization"},"potentialAction":[{"@type":"SearchAction","target":{"@type":"EntryPoint","urlTemplate":"https:\/\/fuentesfidedignas.com.mx\/?s={search_term_string}"},"query-input":{"@type":"PropertyValueSpecification","valueRequired":true,"valueName":"search_term_string"}}],"inLanguage":"es"},{"@type":"Organization","@id":"https:\/\/fuentesfidedignas.com.mx\/#organization","name":"Fuentes Fidedignas","url":"https:\/\/fuentesfidedignas.com.mx\/","logo":{"@type":"ImageObject","inLanguage":"es","@id":"https:\/\/fuentesfidedignas.com.mx\/#\/schema\/logo\/image\/","url":"https:\/\/fuentesfidedignas.com.mx\/wp-content\/uploads\/2021\/04\/logo-retina.png","contentUrl":"https:\/\/fuentesfidedignas.com.mx\/wp-content\/uploads\/2021\/04\/logo-retina.png","width":280,"height":51,"caption":"Fuentes Fidedignas"},"image":{"@id":"https:\/\/fuentesfidedignas.com.mx\/#\/schema\/logo\/image\/"},"sameAs":["https:\/\/www.facebook.com\/Fuentes-Fidedignas-368234489921644","https:\/\/x.com\/fidedignas"]},{"@type":"Person","@id":"https:\/\/fuentesfidedignas.com.mx\/#\/schema\/person\/2c10028b4a30078c05a056a215342ab9","name":"Marissa Palafox","image":{"@type":"ImageObject","inLanguage":"es","@id":"https:\/\/secure.gravatar.com\/avatar\/20a43bdb2f2db10f20b22d4e98b96eb027faf98f7f76d29854dc5fab46d1cf71?s=96&d=mm&r=g","url":"https:\/\/secure.gravatar.com\/avatar\/20a43bdb2f2db10f20b22d4e98b96eb027faf98f7f76d29854dc5fab46d1cf71?s=96&d=mm&r=g","contentUrl":"https:\/\/secure.gravatar.com\/avatar\/20a43bdb2f2db10f20b22d4e98b96eb027faf98f7f76d29854dc5fab46d1cf71?s=96&d=mm&r=g","caption":"Marissa Palafox"},"url":"https:\/\/fuentesfidedignas.com.mx\/index.php\/author\/marissa\/"}]}},"_links":{"self":[{"href":"https:\/\/fuentesfidedignas.com.mx\/index.php\/wp-json\/wp\/v2\/posts\/57930","targetHints":{"allow":["GET"]}}],"collection":[{"href":"https:\/\/fuentesfidedignas.com.mx\/index.php\/wp-json\/wp\/v2\/posts"}],"about":[{"href":"https:\/\/fuentesfidedignas.com.mx\/index.php\/wp-json\/wp\/v2\/types\/post"}],"author":[{"embeddable":true,"href":"https:\/\/fuentesfidedignas.com.mx\/index.php\/wp-json\/wp\/v2\/users\/11"}],"replies":[{"embeddable":true,"href":"https:\/\/fuentesfidedignas.com.mx\/index.php\/wp-json\/wp\/v2\/comments?post=57930"}],"version-history":[{"count":5,"href":"https:\/\/fuentesfidedignas.com.mx\/index.php\/wp-json\/wp\/v2\/posts\/57930\/revisions"}],"predecessor-version":[{"id":57947,"href":"https:\/\/fuentesfidedignas.com.mx\/index.php\/wp-json\/wp\/v2\/posts\/57930\/revisions\/57947"}],"wp:featuredmedia":[{"embeddable":true,"href":"https:\/\/fuentesfidedignas.com.mx\/index.php\/wp-json\/wp\/v2\/media\/57942"}],"wp:attachment":[{"href":"https:\/\/fuentesfidedignas.com.mx\/index.php\/wp-json\/wp\/v2\/media?parent=57930"}],"wp:term":[{"taxonomy":"category","embeddable":true,"href":"https:\/\/fuentesfidedignas.com.mx\/index.php\/wp-json\/wp\/v2\/categories?post=57930"},{"taxonomy":"post_tag","embeddable":true,"href":"https:\/\/fuentesfidedignas.com.mx\/index.php\/wp-json\/wp\/v2\/tags?post=57930"}],"curies":[{"name":"wp","href":"https:\/\/api.w.org\/{rel}","templated":true}]}}