{"id":57913,"date":"2023-09-05T13:03:11","date_gmt":"2023-09-05T20:03:11","guid":{"rendered":"https:\/\/fuentesfidedignas.com.mx\/?p=57913"},"modified":"2023-09-05T13:08:36","modified_gmt":"2023-09-05T20:08:36","slug":"diputada-del-pas-sufre-percance-vehicular-critica-condiciones-de-la-maxipista","status":"publish","type":"post","link":"https:\/\/fuentesfidedignas.com.mx\/index.php\/2023\/09\/05\/diputada-del-pas-sufre-percance-vehicular-critica-condiciones-de-la-maxipista\/","title":{"rendered":"Diputada del PAS sufre percance vehicular; critica condiciones de la Maxipista"},"content":{"rendered":"\n<p><strong><em>\u201cEste momento estoy para contarlo, no quiero que ning\u00fan ciudadano ni familia pase por un accidente\u201d, lament\u00f3 la legisladora Mar\u00eda del Rosario Osuna<\/em><\/strong><\/p>\n\n\n\n<p>Culiac\u00e1n, Sin.- Al dirigirse a la capital sinaloense, la diputada Mar\u00eda del Rosario Osuna Guti\u00e9rrez sufri\u00f3 un percance vehicular en la Maxipista Culiac\u00e1n-Mazatl\u00e1n, esto al registrarse lluvia y caer en un bache, lo que origin\u00f3 qu\u00e9 se perdiera por un momento el control del autom\u00f3vil. <\/p>\n\n\n\n<p>La legisladora del Partido Sinaloense detall\u00f3 que se dirig\u00eda este martes a la Sesi\u00f3n Permanente del Congreso, cuando ocurri\u00f3 el accidente &#8220;<em>afortunadamente no pas\u00f3 a mayores<\/em>&#8220;; sin embargo, cuestion\u00f3 las malas condiciones de las carreteras de Sinaloa e hizo un llamado a las autoridades para mejorarlas y disminuir el alto n\u00famero de incidentes vehiculares que se registran. <\/p>\n\n\n\n<p>&#8220;<strong>Hay peligro por las condiciones de clima (lluvias) y hay accidentes porque no hay condiciones seguras en la Maxipista. Lo digo porque en este momento estoy para contarlo, no quiero que ning\u00fan ciudadano ni familia pase por un accidente<\/strong>&#8220;, lament\u00f3.<\/p>\n\n\n\n<p>Mar\u00eda del Rosario Osuna a\u00f1adi\u00f3 que &#8220;<strong>no nada m\u00e1s vamos a hablar de la carretera Mazatl\u00e1n- Culiac\u00e1n, vamos a hablar tambi\u00e9n de las maxipista del norte, vamos a hablar de la maxipista de todo el estado, necesitamos mejores condiciones, porque no queremos m\u00e1s accidentes<\/strong>&#8220;.<\/p>\n","protected":false},"excerpt":{"rendered":"<p>\u201cEste momento estoy para contarlo, no quiero que ning\u00fan ciudadano ni familia pase por un accidente\u201d, lament\u00f3 la legisladora Mar\u00eda del Rosario Osuna Culiac\u00e1n, Sin.- Al dirigirse a la capital sinaloense, la diputada Mar\u00eda del Rosario Osuna Guti\u00e9rrez sufri\u00f3 un percance vehicular en la Maxipista Culiac\u00e1n-Mazatl\u00e1n, esto al registrarse lluvia y caer en un bache, [&hellip;]<\/p>\n","protected":false},"author":11,"featured_media":57916,"comment_status":"open","ping_status":"open","sticky":false,"template":"","format":"standard","meta":{"tdm_status":"","tdm_grid_status":"","footnotes":""},"categories":[38],"tags":[],"class_list":{"0":"post-57913","1":"post","2":"type-post","3":"status-publish","4":"format-standard","5":"has-post-thumbnail","7":"category-noticias-locales"},"yoast_head":"<!-- This site is optimized with the Yoast SEO plugin v27.4 - https:\/\/yoast.com\/product\/yoast-seo-wordpress\/ -->\n<title>Diputada del PAS sufre percance vehicular; critica condiciones de la Maxipista - Fuentes Fidedignas<\/title>\n<meta name=\"robots\" content=\"index, follow, max-snippet:-1, max-image-preview:large, max-video-preview:-1\" \/>\n<link rel=\"canonical\" href=\"https:\/\/fuentesfidedignas.com.mx\/index.php\/2023\/09\/05\/diputada-del-pas-sufre-percance-vehicular-critica-condiciones-de-la-maxipista\/\" \/>\n<meta property=\"og:locale\" content=\"es_MX\" \/>\n<meta property=\"og:type\" content=\"article\" \/>\n<meta property=\"og:title\" content=\"Diputada del PAS sufre percance vehicular; critica condiciones de la Maxipista - Fuentes Fidedignas\" \/>\n<meta property=\"og:description\" content=\"\u201cEste momento estoy para contarlo, no quiero que ning\u00fan ciudadano ni familia pase por un accidente\u201d, lament\u00f3 la legisladora Mar\u00eda del Rosario Osuna Culiac\u00e1n, Sin.- Al dirigirse a la capital sinaloense, la diputada Mar\u00eda del Rosario Osuna Guti\u00e9rrez sufri\u00f3 un percance vehicular en la Maxipista Culiac\u00e1n-Mazatl\u00e1n, esto al registrarse lluvia y caer en un bache, [&hellip;]\" \/>\n<meta property=\"og:url\" content=\"https:\/\/fuentesfidedignas.com.mx\/index.php\/2023\/09\/05\/diputada-del-pas-sufre-percance-vehicular-critica-condiciones-de-la-maxipista\/\" \/>\n<meta property=\"og:site_name\" content=\"Fuentes Fidedignas\" \/>\n<meta property=\"article:publisher\" content=\"https:\/\/www.facebook.com\/Fuentes-Fidedignas-368234489921644\" \/>\n<meta property=\"article:published_time\" content=\"2023-09-05T20:03:11+00:00\" \/>\n<meta property=\"article:modified_time\" content=\"2023-09-05T20:08:36+00:00\" \/>\n<meta property=\"og:image\" content=\"https:\/\/fuentesfidedignas.com.mx\/wp-content\/uploads\/2023\/09\/20230905_113243.jpg\" \/>\n\t<meta property=\"og:image:width\" content=\"742\" \/>\n\t<meta property=\"og:image:height\" content=\"520\" \/>\n\t<meta property=\"og:image:type\" content=\"image\/jpeg\" \/>\n<meta name=\"author\" content=\"Marissa Palafox\" \/>\n<meta name=\"twitter:card\" content=\"summary_large_image\" \/>\n<meta name=\"twitter:creator\" content=\"@fidedignas\" \/>\n<meta name=\"twitter:site\" content=\"@fidedignas\" \/>\n<meta name=\"twitter:label1\" content=\"Escrito por\" \/>\n\t<meta name=\"twitter:data1\" content=\"Marissa Palafox\" \/>\n\t<meta name=\"twitter:label2\" content=\"Tiempo de lectura\" \/>\n\t<meta name=\"twitter:data2\" content=\"1 minuto\" \/>\n<script type=\"application\/ld+json\" class=\"yoast-schema-graph\">{\"@context\":\"https:\\\/\\\/schema.org\",\"@graph\":[{\"@type\":\"Article\",\"@id\":\"https:\\\/\\\/fuentesfidedignas.com.mx\\\/index.php\\\/2023\\\/09\\\/05\\\/diputada-del-pas-sufre-percance-vehicular-critica-condiciones-de-la-maxipista\\\/#article\",\"isPartOf\":{\"@id\":\"https:\\\/\\\/fuentesfidedignas.com.mx\\\/index.php\\\/2023\\\/09\\\/05\\\/diputada-del-pas-sufre-percance-vehicular-critica-condiciones-de-la-maxipista\\\/\"},\"author\":{\"name\":\"Marissa Palafox\",\"@id\":\"https:\\\/\\\/fuentesfidedignas.com.mx\\\/#\\\/schema\\\/person\\\/2c10028b4a30078c05a056a215342ab9\"},\"headline\":\"Diputada del PAS sufre percance vehicular; critica condiciones de la Maxipista\",\"datePublished\":\"2023-09-05T20:03:11+00:00\",\"dateModified\":\"2023-09-05T20:08:36+00:00\",\"mainEntityOfPage\":{\"@id\":\"https:\\\/\\\/fuentesfidedignas.com.mx\\\/index.php\\\/2023\\\/09\\\/05\\\/diputada-del-pas-sufre-percance-vehicular-critica-condiciones-de-la-maxipista\\\/\"},\"wordCount\":240,\"commentCount\":0,\"publisher\":{\"@id\":\"https:\\\/\\\/fuentesfidedignas.com.mx\\\/#organization\"},\"image\":{\"@id\":\"https:\\\/\\\/fuentesfidedignas.com.mx\\\/index.php\\\/2023\\\/09\\\/05\\\/diputada-del-pas-sufre-percance-vehicular-critica-condiciones-de-la-maxipista\\\/#primaryimage\"},\"thumbnailUrl\":\"https:\\\/\\\/fuentesfidedignas.com.mx\\\/wp-content\\\/uploads\\\/2023\\\/09\\\/20230905_113243.jpg\",\"articleSection\":[\"NOTICIAS LOCALES\"],\"inLanguage\":\"es\",\"potentialAction\":[{\"@type\":\"CommentAction\",\"name\":\"Comment\",\"target\":[\"https:\\\/\\\/fuentesfidedignas.com.mx\\\/index.php\\\/2023\\\/09\\\/05\\\/diputada-del-pas-sufre-percance-vehicular-critica-condiciones-de-la-maxipista\\\/#respond\"]}]},{\"@type\":\"WebPage\",\"@id\":\"https:\\\/\\\/fuentesfidedignas.com.mx\\\/index.php\\\/2023\\\/09\\\/05\\\/diputada-del-pas-sufre-percance-vehicular-critica-condiciones-de-la-maxipista\\\/\",\"url\":\"https:\\\/\\\/fuentesfidedignas.com.mx\\\/index.php\\\/2023\\\/09\\\/05\\\/diputada-del-pas-sufre-percance-vehicular-critica-condiciones-de-la-maxipista\\\/\",\"name\":\"Diputada del PAS sufre percance vehicular; critica condiciones de la Maxipista - Fuentes Fidedignas\",\"isPartOf\":{\"@id\":\"https:\\\/\\\/fuentesfidedignas.com.mx\\\/#website\"},\"primaryImageOfPage\":{\"@id\":\"https:\\\/\\\/fuentesfidedignas.com.mx\\\/index.php\\\/2023\\\/09\\\/05\\\/diputada-del-pas-sufre-percance-vehicular-critica-condiciones-de-la-maxipista\\\/#primaryimage\"},\"image\":{\"@id\":\"https:\\\/\\\/fuentesfidedignas.com.mx\\\/index.php\\\/2023\\\/09\\\/05\\\/diputada-del-pas-sufre-percance-vehicular-critica-condiciones-de-la-maxipista\\\/#primaryimage\"},\"thumbnailUrl\":\"https:\\\/\\\/fuentesfidedignas.com.mx\\\/wp-content\\\/uploads\\\/2023\\\/09\\\/20230905_113243.jpg\",\"datePublished\":\"2023-09-05T20:03:11+00:00\",\"dateModified\":\"2023-09-05T20:08:36+00:00\",\"breadcrumb\":{\"@id\":\"https:\\\/\\\/fuentesfidedignas.com.mx\\\/index.php\\\/2023\\\/09\\\/05\\\/diputada-del-pas-sufre-percance-vehicular-critica-condiciones-de-la-maxipista\\\/#breadcrumb\"},\"inLanguage\":\"es\",\"potentialAction\":[{\"@type\":\"ReadAction\",\"target\":[\"https:\\\/\\\/fuentesfidedignas.com.mx\\\/index.php\\\/2023\\\/09\\\/05\\\/diputada-del-pas-sufre-percance-vehicular-critica-condiciones-de-la-maxipista\\\/\"]}]},{\"@type\":\"ImageObject\",\"inLanguage\":\"es\",\"@id\":\"https:\\\/\\\/fuentesfidedignas.com.mx\\\/index.php\\\/2023\\\/09\\\/05\\\/diputada-del-pas-sufre-percance-vehicular-critica-condiciones-de-la-maxipista\\\/#primaryimage\",\"url\":\"https:\\\/\\\/fuentesfidedignas.com.mx\\\/wp-content\\\/uploads\\\/2023\\\/09\\\/20230905_113243.jpg\",\"contentUrl\":\"https:\\\/\\\/fuentesfidedignas.com.mx\\\/wp-content\\\/uploads\\\/2023\\\/09\\\/20230905_113243.jpg\",\"width\":742,\"height\":520},{\"@type\":\"BreadcrumbList\",\"@id\":\"https:\\\/\\\/fuentesfidedignas.com.mx\\\/index.php\\\/2023\\\/09\\\/05\\\/diputada-del-pas-sufre-percance-vehicular-critica-condiciones-de-la-maxipista\\\/#breadcrumb\",\"itemListElement\":[{\"@type\":\"ListItem\",\"position\":1,\"name\":\"Inicio\",\"item\":\"https:\\\/\\\/fuentesfidedignas.com.mx\\\/\"},{\"@type\":\"ListItem\",\"position\":2,\"name\":\"Diputada del PAS sufre percance vehicular; critica condiciones de la Maxipista\"}]},{\"@type\":\"WebSite\",\"@id\":\"https:\\\/\\\/fuentesfidedignas.com.mx\\\/#website\",\"url\":\"https:\\\/\\\/fuentesfidedignas.com.mx\\\/\",\"name\":\"Fuentes Fidedignas\",\"description\":\"Otro sitio realizado con WordPress\",\"publisher\":{\"@id\":\"https:\\\/\\\/fuentesfidedignas.com.mx\\\/#organization\"},\"potentialAction\":[{\"@type\":\"SearchAction\",\"target\":{\"@type\":\"EntryPoint\",\"urlTemplate\":\"https:\\\/\\\/fuentesfidedignas.com.mx\\\/?s={search_term_string}\"},\"query-input\":{\"@type\":\"PropertyValueSpecification\",\"valueRequired\":true,\"valueName\":\"search_term_string\"}}],\"inLanguage\":\"es\"},{\"@type\":\"Organization\",\"@id\":\"https:\\\/\\\/fuentesfidedignas.com.mx\\\/#organization\",\"name\":\"Fuentes Fidedignas\",\"url\":\"https:\\\/\\\/fuentesfidedignas.com.mx\\\/\",\"logo\":{\"@type\":\"ImageObject\",\"inLanguage\":\"es\",\"@id\":\"https:\\\/\\\/fuentesfidedignas.com.mx\\\/#\\\/schema\\\/logo\\\/image\\\/\",\"url\":\"https:\\\/\\\/fuentesfidedignas.com.mx\\\/wp-content\\\/uploads\\\/2021\\\/04\\\/logo-retina.png\",\"contentUrl\":\"https:\\\/\\\/fuentesfidedignas.com.mx\\\/wp-content\\\/uploads\\\/2021\\\/04\\\/logo-retina.png\",\"width\":280,\"height\":51,\"caption\":\"Fuentes Fidedignas\"},\"image\":{\"@id\":\"https:\\\/\\\/fuentesfidedignas.com.mx\\\/#\\\/schema\\\/logo\\\/image\\\/\"},\"sameAs\":[\"https:\\\/\\\/www.facebook.com\\\/Fuentes-Fidedignas-368234489921644\",\"https:\\\/\\\/x.com\\\/fidedignas\"]},{\"@type\":\"Person\",\"@id\":\"https:\\\/\\\/fuentesfidedignas.com.mx\\\/#\\\/schema\\\/person\\\/2c10028b4a30078c05a056a215342ab9\",\"name\":\"Marissa Palafox\",\"image\":{\"@type\":\"ImageObject\",\"inLanguage\":\"es\",\"@id\":\"https:\\\/\\\/secure.gravatar.com\\\/avatar\\\/20a43bdb2f2db10f20b22d4e98b96eb027faf98f7f76d29854dc5fab46d1cf71?s=96&d=mm&r=g\",\"url\":\"https:\\\/\\\/secure.gravatar.com\\\/avatar\\\/20a43bdb2f2db10f20b22d4e98b96eb027faf98f7f76d29854dc5fab46d1cf71?s=96&d=mm&r=g\",\"contentUrl\":\"https:\\\/\\\/secure.gravatar.com\\\/avatar\\\/20a43bdb2f2db10f20b22d4e98b96eb027faf98f7f76d29854dc5fab46d1cf71?s=96&d=mm&r=g\",\"caption\":\"Marissa Palafox\"},\"url\":\"https:\\\/\\\/fuentesfidedignas.com.mx\\\/index.php\\\/author\\\/marissa\\\/\"}]}<\/script>\n<!-- \/ Yoast SEO plugin. -->","yoast_head_json":{"title":"Diputada del PAS sufre percance vehicular; critica condiciones de la Maxipista - Fuentes Fidedignas","robots":{"index":"index","follow":"follow","max-snippet":"max-snippet:-1","max-image-preview":"max-image-preview:large","max-video-preview":"max-video-preview:-1"},"canonical":"https:\/\/fuentesfidedignas.com.mx\/index.php\/2023\/09\/05\/diputada-del-pas-sufre-percance-vehicular-critica-condiciones-de-la-maxipista\/","og_locale":"es_MX","og_type":"article","og_title":"Diputada del PAS sufre percance vehicular; critica condiciones de la Maxipista - Fuentes Fidedignas","og_description":"\u201cEste momento estoy para contarlo, no quiero que ning\u00fan ciudadano ni familia pase por un accidente\u201d, lament\u00f3 la legisladora Mar\u00eda del Rosario Osuna Culiac\u00e1n, Sin.- Al dirigirse a la capital sinaloense, la diputada Mar\u00eda del Rosario Osuna Guti\u00e9rrez sufri\u00f3 un percance vehicular en la Maxipista Culiac\u00e1n-Mazatl\u00e1n, esto al registrarse lluvia y caer en un bache, [&hellip;]","og_url":"https:\/\/fuentesfidedignas.com.mx\/index.php\/2023\/09\/05\/diputada-del-pas-sufre-percance-vehicular-critica-condiciones-de-la-maxipista\/","og_site_name":"Fuentes Fidedignas","article_publisher":"https:\/\/www.facebook.com\/Fuentes-Fidedignas-368234489921644","article_published_time":"2023-09-05T20:03:11+00:00","article_modified_time":"2023-09-05T20:08:36+00:00","og_image":[{"width":742,"height":520,"url":"https:\/\/fuentesfidedignas.com.mx\/wp-content\/uploads\/2023\/09\/20230905_113243.jpg","type":"image\/jpeg"}],"author":"Marissa Palafox","twitter_card":"summary_large_image","twitter_creator":"@fidedignas","twitter_site":"@fidedignas","twitter_misc":{"Escrito por":"Marissa Palafox","Tiempo de lectura":"1 minuto"},"schema":{"@context":"https:\/\/schema.org","@graph":[{"@type":"Article","@id":"https:\/\/fuentesfidedignas.com.mx\/index.php\/2023\/09\/05\/diputada-del-pas-sufre-percance-vehicular-critica-condiciones-de-la-maxipista\/#article","isPartOf":{"@id":"https:\/\/fuentesfidedignas.com.mx\/index.php\/2023\/09\/05\/diputada-del-pas-sufre-percance-vehicular-critica-condiciones-de-la-maxipista\/"},"author":{"name":"Marissa Palafox","@id":"https:\/\/fuentesfidedignas.com.mx\/#\/schema\/person\/2c10028b4a30078c05a056a215342ab9"},"headline":"Diputada del PAS sufre percance vehicular; critica condiciones de la Maxipista","datePublished":"2023-09-05T20:03:11+00:00","dateModified":"2023-09-05T20:08:36+00:00","mainEntityOfPage":{"@id":"https:\/\/fuentesfidedignas.com.mx\/index.php\/2023\/09\/05\/diputada-del-pas-sufre-percance-vehicular-critica-condiciones-de-la-maxipista\/"},"wordCount":240,"commentCount":0,"publisher":{"@id":"https:\/\/fuentesfidedignas.com.mx\/#organization"},"image":{"@id":"https:\/\/fuentesfidedignas.com.mx\/index.php\/2023\/09\/05\/diputada-del-pas-sufre-percance-vehicular-critica-condiciones-de-la-maxipista\/#primaryimage"},"thumbnailUrl":"https:\/\/fuentesfidedignas.com.mx\/wp-content\/uploads\/2023\/09\/20230905_113243.jpg","articleSection":["NOTICIAS LOCALES"],"inLanguage":"es","potentialAction":[{"@type":"CommentAction","name":"Comment","target":["https:\/\/fuentesfidedignas.com.mx\/index.php\/2023\/09\/05\/diputada-del-pas-sufre-percance-vehicular-critica-condiciones-de-la-maxipista\/#respond"]}]},{"@type":"WebPage","@id":"https:\/\/fuentesfidedignas.com.mx\/index.php\/2023\/09\/05\/diputada-del-pas-sufre-percance-vehicular-critica-condiciones-de-la-maxipista\/","url":"https:\/\/fuentesfidedignas.com.mx\/index.php\/2023\/09\/05\/diputada-del-pas-sufre-percance-vehicular-critica-condiciones-de-la-maxipista\/","name":"Diputada del PAS sufre percance vehicular; critica condiciones de la Maxipista - Fuentes Fidedignas","isPartOf":{"@id":"https:\/\/fuentesfidedignas.com.mx\/#website"},"primaryImageOfPage":{"@id":"https:\/\/fuentesfidedignas.com.mx\/index.php\/2023\/09\/05\/diputada-del-pas-sufre-percance-vehicular-critica-condiciones-de-la-maxipista\/#primaryimage"},"image":{"@id":"https:\/\/fuentesfidedignas.com.mx\/index.php\/2023\/09\/05\/diputada-del-pas-sufre-percance-vehicular-critica-condiciones-de-la-maxipista\/#primaryimage"},"thumbnailUrl":"https:\/\/fuentesfidedignas.com.mx\/wp-content\/uploads\/2023\/09\/20230905_113243.jpg","datePublished":"2023-09-05T20:03:11+00:00","dateModified":"2023-09-05T20:08:36+00:00","breadcrumb":{"@id":"https:\/\/fuentesfidedignas.com.mx\/index.php\/2023\/09\/05\/diputada-del-pas-sufre-percance-vehicular-critica-condiciones-de-la-maxipista\/#breadcrumb"},"inLanguage":"es","potentialAction":[{"@type":"ReadAction","target":["https:\/\/fuentesfidedignas.com.mx\/index.php\/2023\/09\/05\/diputada-del-pas-sufre-percance-vehicular-critica-condiciones-de-la-maxipista\/"]}]},{"@type":"ImageObject","inLanguage":"es","@id":"https:\/\/fuentesfidedignas.com.mx\/index.php\/2023\/09\/05\/diputada-del-pas-sufre-percance-vehicular-critica-condiciones-de-la-maxipista\/#primaryimage","url":"https:\/\/fuentesfidedignas.com.mx\/wp-content\/uploads\/2023\/09\/20230905_113243.jpg","contentUrl":"https:\/\/fuentesfidedignas.com.mx\/wp-content\/uploads\/2023\/09\/20230905_113243.jpg","width":742,"height":520},{"@type":"BreadcrumbList","@id":"https:\/\/fuentesfidedignas.com.mx\/index.php\/2023\/09\/05\/diputada-del-pas-sufre-percance-vehicular-critica-condiciones-de-la-maxipista\/#breadcrumb","itemListElement":[{"@type":"ListItem","position":1,"name":"Inicio","item":"https:\/\/fuentesfidedignas.com.mx\/"},{"@type":"ListItem","position":2,"name":"Diputada del PAS sufre percance vehicular; critica condiciones de la Maxipista"}]},{"@type":"WebSite","@id":"https:\/\/fuentesfidedignas.com.mx\/#website","url":"https:\/\/fuentesfidedignas.com.mx\/","name":"Fuentes Fidedignas","description":"Otro sitio realizado con WordPress","publisher":{"@id":"https:\/\/fuentesfidedignas.com.mx\/#organization"},"potentialAction":[{"@type":"SearchAction","target":{"@type":"EntryPoint","urlTemplate":"https:\/\/fuentesfidedignas.com.mx\/?s={search_term_string}"},"query-input":{"@type":"PropertyValueSpecification","valueRequired":true,"valueName":"search_term_string"}}],"inLanguage":"es"},{"@type":"Organization","@id":"https:\/\/fuentesfidedignas.com.mx\/#organization","name":"Fuentes Fidedignas","url":"https:\/\/fuentesfidedignas.com.mx\/","logo":{"@type":"ImageObject","inLanguage":"es","@id":"https:\/\/fuentesfidedignas.com.mx\/#\/schema\/logo\/image\/","url":"https:\/\/fuentesfidedignas.com.mx\/wp-content\/uploads\/2021\/04\/logo-retina.png","contentUrl":"https:\/\/fuentesfidedignas.com.mx\/wp-content\/uploads\/2021\/04\/logo-retina.png","width":280,"height":51,"caption":"Fuentes Fidedignas"},"image":{"@id":"https:\/\/fuentesfidedignas.com.mx\/#\/schema\/logo\/image\/"},"sameAs":["https:\/\/www.facebook.com\/Fuentes-Fidedignas-368234489921644","https:\/\/x.com\/fidedignas"]},{"@type":"Person","@id":"https:\/\/fuentesfidedignas.com.mx\/#\/schema\/person\/2c10028b4a30078c05a056a215342ab9","name":"Marissa Palafox","image":{"@type":"ImageObject","inLanguage":"es","@id":"https:\/\/secure.gravatar.com\/avatar\/20a43bdb2f2db10f20b22d4e98b96eb027faf98f7f76d29854dc5fab46d1cf71?s=96&d=mm&r=g","url":"https:\/\/secure.gravatar.com\/avatar\/20a43bdb2f2db10f20b22d4e98b96eb027faf98f7f76d29854dc5fab46d1cf71?s=96&d=mm&r=g","contentUrl":"https:\/\/secure.gravatar.com\/avatar\/20a43bdb2f2db10f20b22d4e98b96eb027faf98f7f76d29854dc5fab46d1cf71?s=96&d=mm&r=g","caption":"Marissa Palafox"},"url":"https:\/\/fuentesfidedignas.com.mx\/index.php\/author\/marissa\/"}]}},"_links":{"self":[{"href":"https:\/\/fuentesfidedignas.com.mx\/index.php\/wp-json\/wp\/v2\/posts\/57913","targetHints":{"allow":["GET"]}}],"collection":[{"href":"https:\/\/fuentesfidedignas.com.mx\/index.php\/wp-json\/wp\/v2\/posts"}],"about":[{"href":"https:\/\/fuentesfidedignas.com.mx\/index.php\/wp-json\/wp\/v2\/types\/post"}],"author":[{"embeddable":true,"href":"https:\/\/fuentesfidedignas.com.mx\/index.php\/wp-json\/wp\/v2\/users\/11"}],"replies":[{"embeddable":true,"href":"https:\/\/fuentesfidedignas.com.mx\/index.php\/wp-json\/wp\/v2\/comments?post=57913"}],"version-history":[{"count":3,"href":"https:\/\/fuentesfidedignas.com.mx\/index.php\/wp-json\/wp\/v2\/posts\/57913\/revisions"}],"predecessor-version":[{"id":57917,"href":"https:\/\/fuentesfidedignas.com.mx\/index.php\/wp-json\/wp\/v2\/posts\/57913\/revisions\/57917"}],"wp:featuredmedia":[{"embeddable":true,"href":"https:\/\/fuentesfidedignas.com.mx\/index.php\/wp-json\/wp\/v2\/media\/57916"}],"wp:attachment":[{"href":"https:\/\/fuentesfidedignas.com.mx\/index.php\/wp-json\/wp\/v2\/media?parent=57913"}],"wp:term":[{"taxonomy":"category","embeddable":true,"href":"https:\/\/fuentesfidedignas.com.mx\/index.php\/wp-json\/wp\/v2\/categories?post=57913"},{"taxonomy":"post_tag","embeddable":true,"href":"https:\/\/fuentesfidedignas.com.mx\/index.php\/wp-json\/wp\/v2\/tags?post=57913"}],"curies":[{"name":"wp","href":"https:\/\/api.w.org\/{rel}","templated":true}]}}