{"id":57883,"date":"2023-09-05T11:46:58","date_gmt":"2023-09-05T18:46:58","guid":{"rendered":"https:\/\/fuentesfidedignas.com.mx\/?p=57883"},"modified":"2023-09-05T11:48:43","modified_gmt":"2023-09-05T18:48:43","slug":"presupuesto-del-2024-incluira-aumento-en-apoyos-del-bienestar-amlo","status":"publish","type":"post","link":"https:\/\/fuentesfidedignas.com.mx\/index.php\/2023\/09\/05\/presupuesto-del-2024-incluira-aumento-en-apoyos-del-bienestar-amlo\/","title":{"rendered":"Presupuesto del 2024 incluir\u00e1 aumento en apoyos del Bienestar: AMLO"},"content":{"rendered":"\n<p><strong><em>El presidente dijo que se busca fortalecer los programas sociales, como la pensi\u00f3n a adultos mayores y las becas para nivel b\u00e1sico<\/em><\/strong><\/p>\n\n\n\n<p>Ciudad de M\u00e9xico. El presidente\u00a0<strong>Andr\u00e9s Manuel L\u00f3pez Obrador\u00a0<\/strong>inform\u00f3 que el Presupuesto de Egresos 2024 incluir\u00e1 los aumentos previstos en todos los programas de Bienestar, \u201ca\u00fan cuando s\u00f3lo se considere el incremento inflacionario\u201d, para fortalecer los apoyos sociales como parte de una de las tres prioridades b\u00e1sicas que actualmente tiene su gobierno.<\/p>\n\n\n\n<p>En su conferencia ma\u00f1anera, el mandatario record\u00f3 que el apoyo de la pensi\u00f3n de adultos mayores tendr\u00e1 un aumento del 25%; sin embargo, resalt\u00f3 que el gobierno buscara que no se gaste m\u00e1s de lo que ingresa, para no endeudar al pa\u00eds o generar un d\u00e9ficit.<\/p>\n\n\n\n<p>Por ello, destac\u00f3 que se analiza la posibilidad de ampliar el n\u00famero de becas que se destinan a los estudiantes de preescolar, primaria y secundaria, pues actualmente solo llegan a 5 millones de beneficiarios a nivel nacional, pero solamente si esto no se sale del presupuesto.<\/p>\n\n\n\n<p>\u201c<em>Que contin\u00faen todos los programas de Bienestar, se fortalezcan, estamos por enviar el presupuesto del a\u00f1o pr\u00f3ximo al Congreso y ya se est\u00e1 contemplando un incremento del 25% a las pensiones de adultos mayores y todos los programas del Bienestar van a tener aumentos a\u00fan cuando solo se considere el incremento inflacionario pero todos vana tener aumento, estamos pensando, porque no queremos que se gaste m\u00e1s de lo que ingresa, no queremos que haya d\u00e9ficit, porque no queremos endeudar al pa\u00eds, no queremos aumentar impuestos, estamos pensando que si nos alcanza vamos incrementar el numero de becas, sobre todo para educaci\u00f3n b\u00e1sica, porque en educaci\u00f3n media superior es a todos, pero en b\u00e1sica no, son como cinco millones de becas, pero no llega a todos, entonces queremos aumentar lo que son becas para educaci\u00f3n b\u00e1sica<\/em>\u201d, mencion\u00f3.<\/p>\n\n\n\n<p>Explic\u00f3 que respecto a las becas que se otorgan a estudiantes de nivel superior y de posgrado, no habr\u00e1 alguna ampliaci\u00f3n, debido a que son programas universales y benefician a m\u00e1s de 12 millones de personas, lo equivalente a los estudiantes de la Universidad Nacional Aut\u00f3noma de M\u00e9xico, la Universidad Aut\u00f3noma Metropolitana y el Instituto Polit\u00e9cnico Nacional (IPN).<\/p>\n\n\n\n<p>\u201c<strong>En las becas para nivel superior y de posgrado, ya son en el caso de nivel universitario m\u00e1s de 200 mil, es como toda la UNAM, yo creo que m\u00e1s, es la UNAM, la Metropolitana y el Polit\u00e9cnico juntos, en becas y en posgrado lo mismo, en total son 12 millones de becas, pero queremos aumentar si podemos lo que tiene que ver con educaci\u00f3n b\u00e1sica, porque ah\u00ed es donde nos falta, lo que si est\u00e1 seguro es el incremento del 25% a la pensi\u00f3n, ah\u00ed si van a quedar desde enero ya garantizados los apoyos<\/strong>\u201d, puntualiz\u00f3.<\/p>\n\n\n\n<p>El presidente agreg\u00f3 que otra de las prioridades es \u201cmejorar los ingresos de los trabajadores al servicio del Estado, por ejemplo los maestros\u201d, a quienes se buscar\u00e1 dar un pago mayor a los 16 mil pesos mensuales.<\/p>\n\n\n\n<p>\u201c<em>Por primera vez se tienen 22 millones de trabajadores inscritos en el Seguro Social, con un promedio de ingresos mensuales de 16 mil 300 pesos por trabajador promedio, pero el promedio de los 22 millones es de 16 mil 200; sin embargo, hab\u00eda maestros que estaban recibiendo menos de 16 mil pesos mensuales, entonces lo que queremos es que ning\u00fan educador gane menos de los 16 mil 200 pesos que sea un m\u00ednimo y de ah\u00ed hacia arriba<\/em>\u201d, enfatiz\u00f3.<\/p>\n","protected":false},"excerpt":{"rendered":"<p>El presidente dijo que se busca fortalecer los programas sociales, como la pensi\u00f3n a adultos mayores y las becas para nivel b\u00e1sico Ciudad de M\u00e9xico. El presidente\u00a0Andr\u00e9s Manuel L\u00f3pez Obrador\u00a0inform\u00f3 que el Presupuesto de Egresos 2024 incluir\u00e1 los aumentos previstos en todos los programas de Bienestar, \u201ca\u00fan cuando s\u00f3lo se considere el incremento inflacionario\u201d, para [&hellip;]<\/p>\n","protected":false},"author":41,"featured_media":57885,"comment_status":"open","ping_status":"open","sticky":false,"template":"","format":"standard","meta":{"tdm_status":"","tdm_grid_status":"","footnotes":""},"categories":[39],"tags":[],"class_list":{"0":"post-57883","1":"post","2":"type-post","3":"status-publish","4":"format-standard","5":"has-post-thumbnail","7":"category-noticias-nacionales"},"yoast_head":"<!-- This site is optimized with the Yoast SEO plugin v27.5 - https:\/\/yoast.com\/product\/yoast-seo-wordpress\/ -->\n<title>Presupuesto del 2024 incluir\u00e1 aumento en apoyos del Bienestar: AMLO - Fuentes Fidedignas<\/title>\n<meta name=\"robots\" content=\"index, follow, max-snippet:-1, max-image-preview:large, max-video-preview:-1\" \/>\n<link rel=\"canonical\" href=\"https:\/\/fuentesfidedignas.com.mx\/index.php\/2023\/09\/05\/presupuesto-del-2024-incluira-aumento-en-apoyos-del-bienestar-amlo\/\" \/>\n<meta property=\"og:locale\" content=\"es_MX\" \/>\n<meta property=\"og:type\" content=\"article\" \/>\n<meta property=\"og:title\" content=\"Presupuesto del 2024 incluir\u00e1 aumento en apoyos del Bienestar: AMLO - Fuentes Fidedignas\" \/>\n<meta property=\"og:description\" content=\"El presidente dijo que se busca fortalecer los programas sociales, como la pensi\u00f3n a adultos mayores y las becas para nivel b\u00e1sico Ciudad de M\u00e9xico. El presidente\u00a0Andr\u00e9s Manuel L\u00f3pez Obrador\u00a0inform\u00f3 que el Presupuesto de Egresos 2024 incluir\u00e1 los aumentos previstos en todos los programas de Bienestar, \u201ca\u00fan cuando s\u00f3lo se considere el incremento inflacionario\u201d, para [&hellip;]\" \/>\n<meta property=\"og:url\" content=\"https:\/\/fuentesfidedignas.com.mx\/index.php\/2023\/09\/05\/presupuesto-del-2024-incluira-aumento-en-apoyos-del-bienestar-amlo\/\" \/>\n<meta property=\"og:site_name\" content=\"Fuentes Fidedignas\" \/>\n<meta property=\"article:publisher\" content=\"https:\/\/www.facebook.com\/Fuentes-Fidedignas-368234489921644\" \/>\n<meta property=\"article:published_time\" content=\"2023-09-05T18:46:58+00:00\" \/>\n<meta property=\"article:modified_time\" content=\"2023-09-05T18:48:43+00:00\" \/>\n<meta property=\"og:image\" content=\"https:\/\/fuentesfidedignas.com.mx\/wp-content\/uploads\/2023\/09\/images-2.jpeg\" \/>\n\t<meta property=\"og:image:width\" content=\"739\" \/>\n\t<meta property=\"og:image:height\" content=\"415\" \/>\n\t<meta property=\"og:image:type\" content=\"image\/jpeg\" \/>\n<meta name=\"author\" content=\"Infobae\" \/>\n<meta name=\"twitter:card\" content=\"summary_large_image\" \/>\n<meta name=\"twitter:creator\" content=\"@fidedignas\" \/>\n<meta name=\"twitter:site\" content=\"@fidedignas\" \/>\n<meta name=\"twitter:label1\" content=\"Escrito por\" \/>\n\t<meta name=\"twitter:data1\" content=\"Infobae\" \/>\n\t<meta name=\"twitter:label2\" content=\"Tiempo de lectura\" \/>\n\t<meta name=\"twitter:data2\" content=\"3 minutos\" \/>\n<script type=\"application\/ld+json\" class=\"yoast-schema-graph\">{\"@context\":\"https:\\\/\\\/schema.org\",\"@graph\":[{\"@type\":\"Article\",\"@id\":\"https:\\\/\\\/fuentesfidedignas.com.mx\\\/index.php\\\/2023\\\/09\\\/05\\\/presupuesto-del-2024-incluira-aumento-en-apoyos-del-bienestar-amlo\\\/#article\",\"isPartOf\":{\"@id\":\"https:\\\/\\\/fuentesfidedignas.com.mx\\\/index.php\\\/2023\\\/09\\\/05\\\/presupuesto-del-2024-incluira-aumento-en-apoyos-del-bienestar-amlo\\\/\"},\"author\":{\"name\":\"Infobae\",\"@id\":\"https:\\\/\\\/fuentesfidedignas.com.mx\\\/#\\\/schema\\\/person\\\/8575896a7c1067d352f6c1cd6582c389\"},\"headline\":\"Presupuesto del 2024 incluir\u00e1 aumento en apoyos del Bienestar: AMLO\",\"datePublished\":\"2023-09-05T18:46:58+00:00\",\"dateModified\":\"2023-09-05T18:48:43+00:00\",\"mainEntityOfPage\":{\"@id\":\"https:\\\/\\\/fuentesfidedignas.com.mx\\\/index.php\\\/2023\\\/09\\\/05\\\/presupuesto-del-2024-incluira-aumento-en-apoyos-del-bienestar-amlo\\\/\"},\"wordCount\":607,\"commentCount\":0,\"publisher\":{\"@id\":\"https:\\\/\\\/fuentesfidedignas.com.mx\\\/#organization\"},\"image\":{\"@id\":\"https:\\\/\\\/fuentesfidedignas.com.mx\\\/index.php\\\/2023\\\/09\\\/05\\\/presupuesto-del-2024-incluira-aumento-en-apoyos-del-bienestar-amlo\\\/#primaryimage\"},\"thumbnailUrl\":\"https:\\\/\\\/fuentesfidedignas.com.mx\\\/wp-content\\\/uploads\\\/2023\\\/09\\\/images-2.jpeg\",\"articleSection\":[\"NOTICIAS NACIONALES\"],\"inLanguage\":\"es\",\"potentialAction\":[{\"@type\":\"CommentAction\",\"name\":\"Comment\",\"target\":[\"https:\\\/\\\/fuentesfidedignas.com.mx\\\/index.php\\\/2023\\\/09\\\/05\\\/presupuesto-del-2024-incluira-aumento-en-apoyos-del-bienestar-amlo\\\/#respond\"]}]},{\"@type\":\"WebPage\",\"@id\":\"https:\\\/\\\/fuentesfidedignas.com.mx\\\/index.php\\\/2023\\\/09\\\/05\\\/presupuesto-del-2024-incluira-aumento-en-apoyos-del-bienestar-amlo\\\/\",\"url\":\"https:\\\/\\\/fuentesfidedignas.com.mx\\\/index.php\\\/2023\\\/09\\\/05\\\/presupuesto-del-2024-incluira-aumento-en-apoyos-del-bienestar-amlo\\\/\",\"name\":\"Presupuesto del 2024 incluir\u00e1 aumento en apoyos del Bienestar: AMLO - Fuentes Fidedignas\",\"isPartOf\":{\"@id\":\"https:\\\/\\\/fuentesfidedignas.com.mx\\\/#website\"},\"primaryImageOfPage\":{\"@id\":\"https:\\\/\\\/fuentesfidedignas.com.mx\\\/index.php\\\/2023\\\/09\\\/05\\\/presupuesto-del-2024-incluira-aumento-en-apoyos-del-bienestar-amlo\\\/#primaryimage\"},\"image\":{\"@id\":\"https:\\\/\\\/fuentesfidedignas.com.mx\\\/index.php\\\/2023\\\/09\\\/05\\\/presupuesto-del-2024-incluira-aumento-en-apoyos-del-bienestar-amlo\\\/#primaryimage\"},\"thumbnailUrl\":\"https:\\\/\\\/fuentesfidedignas.com.mx\\\/wp-content\\\/uploads\\\/2023\\\/09\\\/images-2.jpeg\",\"datePublished\":\"2023-09-05T18:46:58+00:00\",\"dateModified\":\"2023-09-05T18:48:43+00:00\",\"breadcrumb\":{\"@id\":\"https:\\\/\\\/fuentesfidedignas.com.mx\\\/index.php\\\/2023\\\/09\\\/05\\\/presupuesto-del-2024-incluira-aumento-en-apoyos-del-bienestar-amlo\\\/#breadcrumb\"},\"inLanguage\":\"es\",\"potentialAction\":[{\"@type\":\"ReadAction\",\"target\":[\"https:\\\/\\\/fuentesfidedignas.com.mx\\\/index.php\\\/2023\\\/09\\\/05\\\/presupuesto-del-2024-incluira-aumento-en-apoyos-del-bienestar-amlo\\\/\"]}]},{\"@type\":\"ImageObject\",\"inLanguage\":\"es\",\"@id\":\"https:\\\/\\\/fuentesfidedignas.com.mx\\\/index.php\\\/2023\\\/09\\\/05\\\/presupuesto-del-2024-incluira-aumento-en-apoyos-del-bienestar-amlo\\\/#primaryimage\",\"url\":\"https:\\\/\\\/fuentesfidedignas.com.mx\\\/wp-content\\\/uploads\\\/2023\\\/09\\\/images-2.jpeg\",\"contentUrl\":\"https:\\\/\\\/fuentesfidedignas.com.mx\\\/wp-content\\\/uploads\\\/2023\\\/09\\\/images-2.jpeg\",\"width\":739,\"height\":415},{\"@type\":\"BreadcrumbList\",\"@id\":\"https:\\\/\\\/fuentesfidedignas.com.mx\\\/index.php\\\/2023\\\/09\\\/05\\\/presupuesto-del-2024-incluira-aumento-en-apoyos-del-bienestar-amlo\\\/#breadcrumb\",\"itemListElement\":[{\"@type\":\"ListItem\",\"position\":1,\"name\":\"Inicio\",\"item\":\"https:\\\/\\\/fuentesfidedignas.com.mx\\\/\"},{\"@type\":\"ListItem\",\"position\":2,\"name\":\"Presupuesto del 2024 incluir\u00e1 aumento en apoyos del Bienestar: AMLO\"}]},{\"@type\":\"WebSite\",\"@id\":\"https:\\\/\\\/fuentesfidedignas.com.mx\\\/#website\",\"url\":\"https:\\\/\\\/fuentesfidedignas.com.mx\\\/\",\"name\":\"Fuentes Fidedignas\",\"description\":\"Otro sitio realizado con WordPress\",\"publisher\":{\"@id\":\"https:\\\/\\\/fuentesfidedignas.com.mx\\\/#organization\"},\"potentialAction\":[{\"@type\":\"SearchAction\",\"target\":{\"@type\":\"EntryPoint\",\"urlTemplate\":\"https:\\\/\\\/fuentesfidedignas.com.mx\\\/?s={search_term_string}\"},\"query-input\":{\"@type\":\"PropertyValueSpecification\",\"valueRequired\":true,\"valueName\":\"search_term_string\"}}],\"inLanguage\":\"es\"},{\"@type\":\"Organization\",\"@id\":\"https:\\\/\\\/fuentesfidedignas.com.mx\\\/#organization\",\"name\":\"Fuentes Fidedignas\",\"url\":\"https:\\\/\\\/fuentesfidedignas.com.mx\\\/\",\"logo\":{\"@type\":\"ImageObject\",\"inLanguage\":\"es\",\"@id\":\"https:\\\/\\\/fuentesfidedignas.com.mx\\\/#\\\/schema\\\/logo\\\/image\\\/\",\"url\":\"https:\\\/\\\/fuentesfidedignas.com.mx\\\/wp-content\\\/uploads\\\/2021\\\/04\\\/logo-retina.png\",\"contentUrl\":\"https:\\\/\\\/fuentesfidedignas.com.mx\\\/wp-content\\\/uploads\\\/2021\\\/04\\\/logo-retina.png\",\"width\":280,\"height\":51,\"caption\":\"Fuentes Fidedignas\"},\"image\":{\"@id\":\"https:\\\/\\\/fuentesfidedignas.com.mx\\\/#\\\/schema\\\/logo\\\/image\\\/\"},\"sameAs\":[\"https:\\\/\\\/www.facebook.com\\\/Fuentes-Fidedignas-368234489921644\",\"https:\\\/\\\/x.com\\\/fidedignas\"]},{\"@type\":\"Person\",\"@id\":\"https:\\\/\\\/fuentesfidedignas.com.mx\\\/#\\\/schema\\\/person\\\/8575896a7c1067d352f6c1cd6582c389\",\"name\":\"Infobae\",\"image\":{\"@type\":\"ImageObject\",\"inLanguage\":\"es\",\"@id\":\"https:\\\/\\\/secure.gravatar.com\\\/avatar\\\/e4ec95706f8d1670343f6526fdcec45474bab17475a851434a64ca12b5acba1c?s=96&d=mm&r=g\",\"url\":\"https:\\\/\\\/secure.gravatar.com\\\/avatar\\\/e4ec95706f8d1670343f6526fdcec45474bab17475a851434a64ca12b5acba1c?s=96&d=mm&r=g\",\"contentUrl\":\"https:\\\/\\\/secure.gravatar.com\\\/avatar\\\/e4ec95706f8d1670343f6526fdcec45474bab17475a851434a64ca12b5acba1c?s=96&d=mm&r=g\",\"caption\":\"Infobae\"},\"url\":\"https:\\\/\\\/fuentesfidedignas.com.mx\\\/index.php\\\/author\\\/infobae\\\/\"}]}<\/script>\n<!-- \/ Yoast SEO plugin. -->","yoast_head_json":{"title":"Presupuesto del 2024 incluir\u00e1 aumento en apoyos del Bienestar: AMLO - Fuentes Fidedignas","robots":{"index":"index","follow":"follow","max-snippet":"max-snippet:-1","max-image-preview":"max-image-preview:large","max-video-preview":"max-video-preview:-1"},"canonical":"https:\/\/fuentesfidedignas.com.mx\/index.php\/2023\/09\/05\/presupuesto-del-2024-incluira-aumento-en-apoyos-del-bienestar-amlo\/","og_locale":"es_MX","og_type":"article","og_title":"Presupuesto del 2024 incluir\u00e1 aumento en apoyos del Bienestar: AMLO - Fuentes Fidedignas","og_description":"El presidente dijo que se busca fortalecer los programas sociales, como la pensi\u00f3n a adultos mayores y las becas para nivel b\u00e1sico Ciudad de M\u00e9xico. El presidente\u00a0Andr\u00e9s Manuel L\u00f3pez Obrador\u00a0inform\u00f3 que el Presupuesto de Egresos 2024 incluir\u00e1 los aumentos previstos en todos los programas de Bienestar, \u201ca\u00fan cuando s\u00f3lo se considere el incremento inflacionario\u201d, para [&hellip;]","og_url":"https:\/\/fuentesfidedignas.com.mx\/index.php\/2023\/09\/05\/presupuesto-del-2024-incluira-aumento-en-apoyos-del-bienestar-amlo\/","og_site_name":"Fuentes Fidedignas","article_publisher":"https:\/\/www.facebook.com\/Fuentes-Fidedignas-368234489921644","article_published_time":"2023-09-05T18:46:58+00:00","article_modified_time":"2023-09-05T18:48:43+00:00","og_image":[{"width":739,"height":415,"url":"https:\/\/fuentesfidedignas.com.mx\/wp-content\/uploads\/2023\/09\/images-2.jpeg","type":"image\/jpeg"}],"author":"Infobae","twitter_card":"summary_large_image","twitter_creator":"@fidedignas","twitter_site":"@fidedignas","twitter_misc":{"Escrito por":"Infobae","Tiempo de lectura":"3 minutos"},"schema":{"@context":"https:\/\/schema.org","@graph":[{"@type":"Article","@id":"https:\/\/fuentesfidedignas.com.mx\/index.php\/2023\/09\/05\/presupuesto-del-2024-incluira-aumento-en-apoyos-del-bienestar-amlo\/#article","isPartOf":{"@id":"https:\/\/fuentesfidedignas.com.mx\/index.php\/2023\/09\/05\/presupuesto-del-2024-incluira-aumento-en-apoyos-del-bienestar-amlo\/"},"author":{"name":"Infobae","@id":"https:\/\/fuentesfidedignas.com.mx\/#\/schema\/person\/8575896a7c1067d352f6c1cd6582c389"},"headline":"Presupuesto del 2024 incluir\u00e1 aumento en apoyos del Bienestar: AMLO","datePublished":"2023-09-05T18:46:58+00:00","dateModified":"2023-09-05T18:48:43+00:00","mainEntityOfPage":{"@id":"https:\/\/fuentesfidedignas.com.mx\/index.php\/2023\/09\/05\/presupuesto-del-2024-incluira-aumento-en-apoyos-del-bienestar-amlo\/"},"wordCount":607,"commentCount":0,"publisher":{"@id":"https:\/\/fuentesfidedignas.com.mx\/#organization"},"image":{"@id":"https:\/\/fuentesfidedignas.com.mx\/index.php\/2023\/09\/05\/presupuesto-del-2024-incluira-aumento-en-apoyos-del-bienestar-amlo\/#primaryimage"},"thumbnailUrl":"https:\/\/fuentesfidedignas.com.mx\/wp-content\/uploads\/2023\/09\/images-2.jpeg","articleSection":["NOTICIAS NACIONALES"],"inLanguage":"es","potentialAction":[{"@type":"CommentAction","name":"Comment","target":["https:\/\/fuentesfidedignas.com.mx\/index.php\/2023\/09\/05\/presupuesto-del-2024-incluira-aumento-en-apoyos-del-bienestar-amlo\/#respond"]}]},{"@type":"WebPage","@id":"https:\/\/fuentesfidedignas.com.mx\/index.php\/2023\/09\/05\/presupuesto-del-2024-incluira-aumento-en-apoyos-del-bienestar-amlo\/","url":"https:\/\/fuentesfidedignas.com.mx\/index.php\/2023\/09\/05\/presupuesto-del-2024-incluira-aumento-en-apoyos-del-bienestar-amlo\/","name":"Presupuesto del 2024 incluir\u00e1 aumento en apoyos del Bienestar: AMLO - Fuentes Fidedignas","isPartOf":{"@id":"https:\/\/fuentesfidedignas.com.mx\/#website"},"primaryImageOfPage":{"@id":"https:\/\/fuentesfidedignas.com.mx\/index.php\/2023\/09\/05\/presupuesto-del-2024-incluira-aumento-en-apoyos-del-bienestar-amlo\/#primaryimage"},"image":{"@id":"https:\/\/fuentesfidedignas.com.mx\/index.php\/2023\/09\/05\/presupuesto-del-2024-incluira-aumento-en-apoyos-del-bienestar-amlo\/#primaryimage"},"thumbnailUrl":"https:\/\/fuentesfidedignas.com.mx\/wp-content\/uploads\/2023\/09\/images-2.jpeg","datePublished":"2023-09-05T18:46:58+00:00","dateModified":"2023-09-05T18:48:43+00:00","breadcrumb":{"@id":"https:\/\/fuentesfidedignas.com.mx\/index.php\/2023\/09\/05\/presupuesto-del-2024-incluira-aumento-en-apoyos-del-bienestar-amlo\/#breadcrumb"},"inLanguage":"es","potentialAction":[{"@type":"ReadAction","target":["https:\/\/fuentesfidedignas.com.mx\/index.php\/2023\/09\/05\/presupuesto-del-2024-incluira-aumento-en-apoyos-del-bienestar-amlo\/"]}]},{"@type":"ImageObject","inLanguage":"es","@id":"https:\/\/fuentesfidedignas.com.mx\/index.php\/2023\/09\/05\/presupuesto-del-2024-incluira-aumento-en-apoyos-del-bienestar-amlo\/#primaryimage","url":"https:\/\/fuentesfidedignas.com.mx\/wp-content\/uploads\/2023\/09\/images-2.jpeg","contentUrl":"https:\/\/fuentesfidedignas.com.mx\/wp-content\/uploads\/2023\/09\/images-2.jpeg","width":739,"height":415},{"@type":"BreadcrumbList","@id":"https:\/\/fuentesfidedignas.com.mx\/index.php\/2023\/09\/05\/presupuesto-del-2024-incluira-aumento-en-apoyos-del-bienestar-amlo\/#breadcrumb","itemListElement":[{"@type":"ListItem","position":1,"name":"Inicio","item":"https:\/\/fuentesfidedignas.com.mx\/"},{"@type":"ListItem","position":2,"name":"Presupuesto del 2024 incluir\u00e1 aumento en apoyos del Bienestar: AMLO"}]},{"@type":"WebSite","@id":"https:\/\/fuentesfidedignas.com.mx\/#website","url":"https:\/\/fuentesfidedignas.com.mx\/","name":"Fuentes Fidedignas","description":"Otro sitio realizado con WordPress","publisher":{"@id":"https:\/\/fuentesfidedignas.com.mx\/#organization"},"potentialAction":[{"@type":"SearchAction","target":{"@type":"EntryPoint","urlTemplate":"https:\/\/fuentesfidedignas.com.mx\/?s={search_term_string}"},"query-input":{"@type":"PropertyValueSpecification","valueRequired":true,"valueName":"search_term_string"}}],"inLanguage":"es"},{"@type":"Organization","@id":"https:\/\/fuentesfidedignas.com.mx\/#organization","name":"Fuentes Fidedignas","url":"https:\/\/fuentesfidedignas.com.mx\/","logo":{"@type":"ImageObject","inLanguage":"es","@id":"https:\/\/fuentesfidedignas.com.mx\/#\/schema\/logo\/image\/","url":"https:\/\/fuentesfidedignas.com.mx\/wp-content\/uploads\/2021\/04\/logo-retina.png","contentUrl":"https:\/\/fuentesfidedignas.com.mx\/wp-content\/uploads\/2021\/04\/logo-retina.png","width":280,"height":51,"caption":"Fuentes Fidedignas"},"image":{"@id":"https:\/\/fuentesfidedignas.com.mx\/#\/schema\/logo\/image\/"},"sameAs":["https:\/\/www.facebook.com\/Fuentes-Fidedignas-368234489921644","https:\/\/x.com\/fidedignas"]},{"@type":"Person","@id":"https:\/\/fuentesfidedignas.com.mx\/#\/schema\/person\/8575896a7c1067d352f6c1cd6582c389","name":"Infobae","image":{"@type":"ImageObject","inLanguage":"es","@id":"https:\/\/secure.gravatar.com\/avatar\/e4ec95706f8d1670343f6526fdcec45474bab17475a851434a64ca12b5acba1c?s=96&d=mm&r=g","url":"https:\/\/secure.gravatar.com\/avatar\/e4ec95706f8d1670343f6526fdcec45474bab17475a851434a64ca12b5acba1c?s=96&d=mm&r=g","contentUrl":"https:\/\/secure.gravatar.com\/avatar\/e4ec95706f8d1670343f6526fdcec45474bab17475a851434a64ca12b5acba1c?s=96&d=mm&r=g","caption":"Infobae"},"url":"https:\/\/fuentesfidedignas.com.mx\/index.php\/author\/infobae\/"}]}},"_links":{"self":[{"href":"https:\/\/fuentesfidedignas.com.mx\/index.php\/wp-json\/wp\/v2\/posts\/57883","targetHints":{"allow":["GET"]}}],"collection":[{"href":"https:\/\/fuentesfidedignas.com.mx\/index.php\/wp-json\/wp\/v2\/posts"}],"about":[{"href":"https:\/\/fuentesfidedignas.com.mx\/index.php\/wp-json\/wp\/v2\/types\/post"}],"author":[{"embeddable":true,"href":"https:\/\/fuentesfidedignas.com.mx\/index.php\/wp-json\/wp\/v2\/users\/41"}],"replies":[{"embeddable":true,"href":"https:\/\/fuentesfidedignas.com.mx\/index.php\/wp-json\/wp\/v2\/comments?post=57883"}],"version-history":[{"count":1,"href":"https:\/\/fuentesfidedignas.com.mx\/index.php\/wp-json\/wp\/v2\/posts\/57883\/revisions"}],"predecessor-version":[{"id":57884,"href":"https:\/\/fuentesfidedignas.com.mx\/index.php\/wp-json\/wp\/v2\/posts\/57883\/revisions\/57884"}],"wp:featuredmedia":[{"embeddable":true,"href":"https:\/\/fuentesfidedignas.com.mx\/index.php\/wp-json\/wp\/v2\/media\/57885"}],"wp:attachment":[{"href":"https:\/\/fuentesfidedignas.com.mx\/index.php\/wp-json\/wp\/v2\/media?parent=57883"}],"wp:term":[{"taxonomy":"category","embeddable":true,"href":"https:\/\/fuentesfidedignas.com.mx\/index.php\/wp-json\/wp\/v2\/categories?post=57883"},{"taxonomy":"post_tag","embeddable":true,"href":"https:\/\/fuentesfidedignas.com.mx\/index.php\/wp-json\/wp\/v2\/tags?post=57883"}],"curies":[{"name":"wp","href":"https:\/\/api.w.org\/{rel}","templated":true}]}}