{"id":57814,"date":"2023-09-04T17:57:26","date_gmt":"2023-09-05T00:57:26","guid":{"rendered":"https:\/\/fuentesfidedignas.com.mx\/?p=57814"},"modified":"2023-09-04T17:57:56","modified_gmt":"2023-09-05T00:57:56","slug":"eu-alerta-de-mortifera-bacteria-come-carne-en-aguas-del-atlantico-y-el-golfo-de-mexico","status":"publish","type":"post","link":"https:\/\/fuentesfidedignas.com.mx\/index.php\/2023\/09\/04\/eu-alerta-de-mortifera-bacteria-come-carne-en-aguas-del-atlantico-y-el-golfo-de-mexico\/","title":{"rendered":"EU alerta de mort\u00edfera bacteria \u201ccome carne\u201d en aguas del Atl\u00e1ntico y el Golfo de M\u00e9xico"},"content":{"rendered":"\n<p><strong><em>La mort\u00edfera bacteria Vibrio vulnificus, conocida como la \u201cdevoradora de carne\u201d, fue detectada en la costa de Estados Unidos y el Golfo de M\u00e9xico<\/em><\/strong><\/p>\n\n\n\n<p>Estados Unidos.- Las autoridades sanitarias de Estados Unidos alertaron de la presencia de la mort\u00edfera bacteria Vibrio vulnificus, conocida como la \u201cdevoradora de carne\u201d, en aguas a lo largo de la costa este del pa\u00eds y el Golfo de M\u00e9xico.<\/p>\n\n\n\n<p>Al menos cinco personas han muerto durante este a\u00f1o en casos relacionados con la bacteria, seg\u00fan el Departamento de Salud de Florida.<\/p>\n\n\n\n<p>Los Centros para el Control y la Prevenci\u00f3n de Enfermedades (CDC) del pa\u00eds alertaron este fin de semana a las instituciones sanitarias que la presencia de la bacteria se ha extendido en Estados Unidos y prospera en las aguas m\u00e1s c\u00e1lidas del verano (mayo a octubre) y en ambientes marinos con bajo contenido de sal, como los estuarios.<\/p>\n\n\n\n<p>La agencia federal advirti\u00f3 de que anualmente unas 80 mil personas enferman a causa de esta bacteria, la mayor\u00eda de las veces cuando una persona ingiera mariscos contaminados.<\/p>\n\n\n\n<p>La bacteria tambi\u00e9n puede causar una infecci\u00f3n al entrar por alguna herida abierta.<\/p>\n\n\n\n<p>Seg\u00fan los CDC, cada a\u00f1o le notifican entre 150 y 200 infecciones por Vibrio vulnificus y aproximadamente una de cada cinco personas con esta infecci\u00f3n muere, a veces entre uno y dos d\u00edas despu\u00e9s de enfermarse.<\/p>\n\n\n\n<p>La Vibrio vulnificus es una bacteria que se encuentra en el agua de mar c\u00e1lida y salobre que puede ingresar al torrente sangu\u00edneo trav\u00e9s de cortes y rasgu\u00f1os recientes.<\/p>\n\n\n\n<p>Las infecciones causadas por la Vibrio vulnificus son raras y m\u00e1s graves que la mayor\u00eda de las dem\u00e1s.<\/p>\n\n\n\n<p>La Vibrio vulnificus afecta especialmente a ancianos o personas mayores con problemas en su sistema inmunol\u00f3gico y solo se combate con antibi\u00f3ticos.<\/p>\n\n\n\n<p>Los m\u00e9dicos aconsejan, por su parte, abstenerse de comer marisco crudo, especialmente ostras, y no ba\u00f1arse en el mar o agua salobre con heridas o cortes recientes en la piel para evitar toda posibilidad de contagio.<\/p>\n","protected":false},"excerpt":{"rendered":"<p>La mort\u00edfera bacteria Vibrio vulnificus, conocida como la \u201cdevoradora de carne\u201d, fue detectada en la costa de Estados Unidos y el Golfo de M\u00e9xico Estados Unidos.- Las autoridades sanitarias de Estados Unidos alertaron de la presencia de la mort\u00edfera bacteria Vibrio vulnificus, conocida como la \u201cdevoradora de carne\u201d, en aguas a lo largo de la [&hellip;]<\/p>\n","protected":false},"author":47,"featured_media":57815,"comment_status":"open","ping_status":"open","sticky":false,"template":"","format":"standard","meta":{"tdm_status":"","tdm_grid_status":"","footnotes":""},"categories":[39],"tags":[],"class_list":{"0":"post-57814","1":"post","2":"type-post","3":"status-publish","4":"format-standard","5":"has-post-thumbnail","7":"category-noticias-nacionales"},"yoast_head":"<!-- This site is optimized with the Yoast SEO plugin v27.5 - https:\/\/yoast.com\/product\/yoast-seo-wordpress\/ -->\n<title>EU alerta de mort\u00edfera bacteria \u201ccome carne\u201d en aguas del Atl\u00e1ntico y el Golfo de M\u00e9xico - Fuentes Fidedignas<\/title>\n<meta name=\"robots\" content=\"index, follow, max-snippet:-1, max-image-preview:large, max-video-preview:-1\" \/>\n<link rel=\"canonical\" href=\"https:\/\/fuentesfidedignas.com.mx\/index.php\/2023\/09\/04\/eu-alerta-de-mortifera-bacteria-come-carne-en-aguas-del-atlantico-y-el-golfo-de-mexico\/\" \/>\n<meta property=\"og:locale\" content=\"es_MX\" \/>\n<meta property=\"og:type\" content=\"article\" \/>\n<meta property=\"og:title\" content=\"EU alerta de mort\u00edfera bacteria \u201ccome carne\u201d en aguas del Atl\u00e1ntico y el Golfo de M\u00e9xico - Fuentes Fidedignas\" \/>\n<meta property=\"og:description\" content=\"La mort\u00edfera bacteria Vibrio vulnificus, conocida como la \u201cdevoradora de carne\u201d, fue detectada en la costa de Estados Unidos y el Golfo de M\u00e9xico Estados Unidos.- Las autoridades sanitarias de Estados Unidos alertaron de la presencia de la mort\u00edfera bacteria Vibrio vulnificus, conocida como la \u201cdevoradora de carne\u201d, en aguas a lo largo de la [&hellip;]\" \/>\n<meta property=\"og:url\" content=\"https:\/\/fuentesfidedignas.com.mx\/index.php\/2023\/09\/04\/eu-alerta-de-mortifera-bacteria-come-carne-en-aguas-del-atlantico-y-el-golfo-de-mexico\/\" \/>\n<meta property=\"og:site_name\" content=\"Fuentes Fidedignas\" \/>\n<meta property=\"article:publisher\" content=\"https:\/\/www.facebook.com\/Fuentes-Fidedignas-368234489921644\" \/>\n<meta property=\"article:published_time\" content=\"2023-09-05T00:57:26+00:00\" \/>\n<meta property=\"article:modified_time\" content=\"2023-09-05T00:57:56+00:00\" \/>\n<meta property=\"og:image\" content=\"https:\/\/fuentesfidedignas.com.mx\/wp-content\/uploads\/2023\/09\/PLAYA_BACTERIA.jpg\" \/>\n\t<meta property=\"og:image:width\" content=\"900\" \/>\n\t<meta property=\"og:image:height\" content=\"482\" \/>\n\t<meta property=\"og:image:type\" content=\"image\/jpeg\" \/>\n<meta name=\"author\" content=\"L\u00f3pez D\u00f3riga\" \/>\n<meta name=\"twitter:card\" content=\"summary_large_image\" \/>\n<meta name=\"twitter:creator\" content=\"@fidedignas\" \/>\n<meta name=\"twitter:site\" content=\"@fidedignas\" \/>\n<meta name=\"twitter:label1\" content=\"Escrito por\" \/>\n\t<meta name=\"twitter:data1\" content=\"L\u00f3pez D\u00f3riga\" \/>\n\t<meta name=\"twitter:label2\" content=\"Tiempo de lectura\" \/>\n\t<meta name=\"twitter:data2\" content=\"2 minutos\" \/>\n<script type=\"application\/ld+json\" class=\"yoast-schema-graph\">{\"@context\":\"https:\\\/\\\/schema.org\",\"@graph\":[{\"@type\":\"Article\",\"@id\":\"https:\\\/\\\/fuentesfidedignas.com.mx\\\/index.php\\\/2023\\\/09\\\/04\\\/eu-alerta-de-mortifera-bacteria-come-carne-en-aguas-del-atlantico-y-el-golfo-de-mexico\\\/#article\",\"isPartOf\":{\"@id\":\"https:\\\/\\\/fuentesfidedignas.com.mx\\\/index.php\\\/2023\\\/09\\\/04\\\/eu-alerta-de-mortifera-bacteria-come-carne-en-aguas-del-atlantico-y-el-golfo-de-mexico\\\/\"},\"author\":{\"name\":\"L\u00f3pez D\u00f3riga\",\"@id\":\"https:\\\/\\\/fuentesfidedignas.com.mx\\\/#\\\/schema\\\/person\\\/67d852f0557c8509146a4b9ddebd543a\"},\"headline\":\"EU alerta de mort\u00edfera bacteria \u201ccome carne\u201d en aguas del Atl\u00e1ntico y el Golfo de M\u00e9xico\",\"datePublished\":\"2023-09-05T00:57:26+00:00\",\"dateModified\":\"2023-09-05T00:57:56+00:00\",\"mainEntityOfPage\":{\"@id\":\"https:\\\/\\\/fuentesfidedignas.com.mx\\\/index.php\\\/2023\\\/09\\\/04\\\/eu-alerta-de-mortifera-bacteria-come-carne-en-aguas-del-atlantico-y-el-golfo-de-mexico\\\/\"},\"wordCount\":373,\"commentCount\":0,\"publisher\":{\"@id\":\"https:\\\/\\\/fuentesfidedignas.com.mx\\\/#organization\"},\"image\":{\"@id\":\"https:\\\/\\\/fuentesfidedignas.com.mx\\\/index.php\\\/2023\\\/09\\\/04\\\/eu-alerta-de-mortifera-bacteria-come-carne-en-aguas-del-atlantico-y-el-golfo-de-mexico\\\/#primaryimage\"},\"thumbnailUrl\":\"https:\\\/\\\/fuentesfidedignas.com.mx\\\/wp-content\\\/uploads\\\/2023\\\/09\\\/PLAYA_BACTERIA.jpg\",\"articleSection\":[\"NOTICIAS NACIONALES\"],\"inLanguage\":\"es\",\"potentialAction\":[{\"@type\":\"CommentAction\",\"name\":\"Comment\",\"target\":[\"https:\\\/\\\/fuentesfidedignas.com.mx\\\/index.php\\\/2023\\\/09\\\/04\\\/eu-alerta-de-mortifera-bacteria-come-carne-en-aguas-del-atlantico-y-el-golfo-de-mexico\\\/#respond\"]}]},{\"@type\":\"WebPage\",\"@id\":\"https:\\\/\\\/fuentesfidedignas.com.mx\\\/index.php\\\/2023\\\/09\\\/04\\\/eu-alerta-de-mortifera-bacteria-come-carne-en-aguas-del-atlantico-y-el-golfo-de-mexico\\\/\",\"url\":\"https:\\\/\\\/fuentesfidedignas.com.mx\\\/index.php\\\/2023\\\/09\\\/04\\\/eu-alerta-de-mortifera-bacteria-come-carne-en-aguas-del-atlantico-y-el-golfo-de-mexico\\\/\",\"name\":\"EU alerta de mort\u00edfera bacteria \u201ccome carne\u201d en aguas del Atl\u00e1ntico y el Golfo de M\u00e9xico - Fuentes Fidedignas\",\"isPartOf\":{\"@id\":\"https:\\\/\\\/fuentesfidedignas.com.mx\\\/#website\"},\"primaryImageOfPage\":{\"@id\":\"https:\\\/\\\/fuentesfidedignas.com.mx\\\/index.php\\\/2023\\\/09\\\/04\\\/eu-alerta-de-mortifera-bacteria-come-carne-en-aguas-del-atlantico-y-el-golfo-de-mexico\\\/#primaryimage\"},\"image\":{\"@id\":\"https:\\\/\\\/fuentesfidedignas.com.mx\\\/index.php\\\/2023\\\/09\\\/04\\\/eu-alerta-de-mortifera-bacteria-come-carne-en-aguas-del-atlantico-y-el-golfo-de-mexico\\\/#primaryimage\"},\"thumbnailUrl\":\"https:\\\/\\\/fuentesfidedignas.com.mx\\\/wp-content\\\/uploads\\\/2023\\\/09\\\/PLAYA_BACTERIA.jpg\",\"datePublished\":\"2023-09-05T00:57:26+00:00\",\"dateModified\":\"2023-09-05T00:57:56+00:00\",\"breadcrumb\":{\"@id\":\"https:\\\/\\\/fuentesfidedignas.com.mx\\\/index.php\\\/2023\\\/09\\\/04\\\/eu-alerta-de-mortifera-bacteria-come-carne-en-aguas-del-atlantico-y-el-golfo-de-mexico\\\/#breadcrumb\"},\"inLanguage\":\"es\",\"potentialAction\":[{\"@type\":\"ReadAction\",\"target\":[\"https:\\\/\\\/fuentesfidedignas.com.mx\\\/index.php\\\/2023\\\/09\\\/04\\\/eu-alerta-de-mortifera-bacteria-come-carne-en-aguas-del-atlantico-y-el-golfo-de-mexico\\\/\"]}]},{\"@type\":\"ImageObject\",\"inLanguage\":\"es\",\"@id\":\"https:\\\/\\\/fuentesfidedignas.com.mx\\\/index.php\\\/2023\\\/09\\\/04\\\/eu-alerta-de-mortifera-bacteria-come-carne-en-aguas-del-atlantico-y-el-golfo-de-mexico\\\/#primaryimage\",\"url\":\"https:\\\/\\\/fuentesfidedignas.com.mx\\\/wp-content\\\/uploads\\\/2023\\\/09\\\/PLAYA_BACTERIA.jpg\",\"contentUrl\":\"https:\\\/\\\/fuentesfidedignas.com.mx\\\/wp-content\\\/uploads\\\/2023\\\/09\\\/PLAYA_BACTERIA.jpg\",\"width\":900,\"height\":482},{\"@type\":\"BreadcrumbList\",\"@id\":\"https:\\\/\\\/fuentesfidedignas.com.mx\\\/index.php\\\/2023\\\/09\\\/04\\\/eu-alerta-de-mortifera-bacteria-come-carne-en-aguas-del-atlantico-y-el-golfo-de-mexico\\\/#breadcrumb\",\"itemListElement\":[{\"@type\":\"ListItem\",\"position\":1,\"name\":\"Inicio\",\"item\":\"https:\\\/\\\/fuentesfidedignas.com.mx\\\/\"},{\"@type\":\"ListItem\",\"position\":2,\"name\":\"EU alerta de mort\u00edfera bacteria \u201ccome carne\u201d en aguas del Atl\u00e1ntico y el Golfo de M\u00e9xico\"}]},{\"@type\":\"WebSite\",\"@id\":\"https:\\\/\\\/fuentesfidedignas.com.mx\\\/#website\",\"url\":\"https:\\\/\\\/fuentesfidedignas.com.mx\\\/\",\"name\":\"Fuentes Fidedignas\",\"description\":\"Otro sitio realizado con WordPress\",\"publisher\":{\"@id\":\"https:\\\/\\\/fuentesfidedignas.com.mx\\\/#organization\"},\"potentialAction\":[{\"@type\":\"SearchAction\",\"target\":{\"@type\":\"EntryPoint\",\"urlTemplate\":\"https:\\\/\\\/fuentesfidedignas.com.mx\\\/?s={search_term_string}\"},\"query-input\":{\"@type\":\"PropertyValueSpecification\",\"valueRequired\":true,\"valueName\":\"search_term_string\"}}],\"inLanguage\":\"es\"},{\"@type\":\"Organization\",\"@id\":\"https:\\\/\\\/fuentesfidedignas.com.mx\\\/#organization\",\"name\":\"Fuentes Fidedignas\",\"url\":\"https:\\\/\\\/fuentesfidedignas.com.mx\\\/\",\"logo\":{\"@type\":\"ImageObject\",\"inLanguage\":\"es\",\"@id\":\"https:\\\/\\\/fuentesfidedignas.com.mx\\\/#\\\/schema\\\/logo\\\/image\\\/\",\"url\":\"https:\\\/\\\/fuentesfidedignas.com.mx\\\/wp-content\\\/uploads\\\/2021\\\/04\\\/logo-retina.png\",\"contentUrl\":\"https:\\\/\\\/fuentesfidedignas.com.mx\\\/wp-content\\\/uploads\\\/2021\\\/04\\\/logo-retina.png\",\"width\":280,\"height\":51,\"caption\":\"Fuentes Fidedignas\"},\"image\":{\"@id\":\"https:\\\/\\\/fuentesfidedignas.com.mx\\\/#\\\/schema\\\/logo\\\/image\\\/\"},\"sameAs\":[\"https:\\\/\\\/www.facebook.com\\\/Fuentes-Fidedignas-368234489921644\",\"https:\\\/\\\/x.com\\\/fidedignas\"]},{\"@type\":\"Person\",\"@id\":\"https:\\\/\\\/fuentesfidedignas.com.mx\\\/#\\\/schema\\\/person\\\/67d852f0557c8509146a4b9ddebd543a\",\"name\":\"L\u00f3pez D\u00f3riga\",\"image\":{\"@type\":\"ImageObject\",\"inLanguage\":\"es\",\"@id\":\"https:\\\/\\\/secure.gravatar.com\\\/avatar\\\/e525b06574ca18b33cded59dfe5778d6c823b9513154eff47da551b0551bdd1e?s=96&d=mm&r=g\",\"url\":\"https:\\\/\\\/secure.gravatar.com\\\/avatar\\\/e525b06574ca18b33cded59dfe5778d6c823b9513154eff47da551b0551bdd1e?s=96&d=mm&r=g\",\"contentUrl\":\"https:\\\/\\\/secure.gravatar.com\\\/avatar\\\/e525b06574ca18b33cded59dfe5778d6c823b9513154eff47da551b0551bdd1e?s=96&d=mm&r=g\",\"caption\":\"L\u00f3pez D\u00f3riga\"},\"url\":\"https:\\\/\\\/fuentesfidedignas.com.mx\\\/index.php\\\/author\\\/doriga\\\/\"}]}<\/script>\n<!-- \/ Yoast SEO plugin. -->","yoast_head_json":{"title":"EU alerta de mort\u00edfera bacteria \u201ccome carne\u201d en aguas del Atl\u00e1ntico y el Golfo de M\u00e9xico - Fuentes Fidedignas","robots":{"index":"index","follow":"follow","max-snippet":"max-snippet:-1","max-image-preview":"max-image-preview:large","max-video-preview":"max-video-preview:-1"},"canonical":"https:\/\/fuentesfidedignas.com.mx\/index.php\/2023\/09\/04\/eu-alerta-de-mortifera-bacteria-come-carne-en-aguas-del-atlantico-y-el-golfo-de-mexico\/","og_locale":"es_MX","og_type":"article","og_title":"EU alerta de mort\u00edfera bacteria \u201ccome carne\u201d en aguas del Atl\u00e1ntico y el Golfo de M\u00e9xico - Fuentes Fidedignas","og_description":"La mort\u00edfera bacteria Vibrio vulnificus, conocida como la \u201cdevoradora de carne\u201d, fue detectada en la costa de Estados Unidos y el Golfo de M\u00e9xico Estados Unidos.- Las autoridades sanitarias de Estados Unidos alertaron de la presencia de la mort\u00edfera bacteria Vibrio vulnificus, conocida como la \u201cdevoradora de carne\u201d, en aguas a lo largo de la [&hellip;]","og_url":"https:\/\/fuentesfidedignas.com.mx\/index.php\/2023\/09\/04\/eu-alerta-de-mortifera-bacteria-come-carne-en-aguas-del-atlantico-y-el-golfo-de-mexico\/","og_site_name":"Fuentes Fidedignas","article_publisher":"https:\/\/www.facebook.com\/Fuentes-Fidedignas-368234489921644","article_published_time":"2023-09-05T00:57:26+00:00","article_modified_time":"2023-09-05T00:57:56+00:00","og_image":[{"width":900,"height":482,"url":"https:\/\/fuentesfidedignas.com.mx\/wp-content\/uploads\/2023\/09\/PLAYA_BACTERIA.jpg","type":"image\/jpeg"}],"author":"L\u00f3pez D\u00f3riga","twitter_card":"summary_large_image","twitter_creator":"@fidedignas","twitter_site":"@fidedignas","twitter_misc":{"Escrito por":"L\u00f3pez D\u00f3riga","Tiempo de lectura":"2 minutos"},"schema":{"@context":"https:\/\/schema.org","@graph":[{"@type":"Article","@id":"https:\/\/fuentesfidedignas.com.mx\/index.php\/2023\/09\/04\/eu-alerta-de-mortifera-bacteria-come-carne-en-aguas-del-atlantico-y-el-golfo-de-mexico\/#article","isPartOf":{"@id":"https:\/\/fuentesfidedignas.com.mx\/index.php\/2023\/09\/04\/eu-alerta-de-mortifera-bacteria-come-carne-en-aguas-del-atlantico-y-el-golfo-de-mexico\/"},"author":{"name":"L\u00f3pez D\u00f3riga","@id":"https:\/\/fuentesfidedignas.com.mx\/#\/schema\/person\/67d852f0557c8509146a4b9ddebd543a"},"headline":"EU alerta de mort\u00edfera bacteria \u201ccome carne\u201d en aguas del Atl\u00e1ntico y el Golfo de M\u00e9xico","datePublished":"2023-09-05T00:57:26+00:00","dateModified":"2023-09-05T00:57:56+00:00","mainEntityOfPage":{"@id":"https:\/\/fuentesfidedignas.com.mx\/index.php\/2023\/09\/04\/eu-alerta-de-mortifera-bacteria-come-carne-en-aguas-del-atlantico-y-el-golfo-de-mexico\/"},"wordCount":373,"commentCount":0,"publisher":{"@id":"https:\/\/fuentesfidedignas.com.mx\/#organization"},"image":{"@id":"https:\/\/fuentesfidedignas.com.mx\/index.php\/2023\/09\/04\/eu-alerta-de-mortifera-bacteria-come-carne-en-aguas-del-atlantico-y-el-golfo-de-mexico\/#primaryimage"},"thumbnailUrl":"https:\/\/fuentesfidedignas.com.mx\/wp-content\/uploads\/2023\/09\/PLAYA_BACTERIA.jpg","articleSection":["NOTICIAS NACIONALES"],"inLanguage":"es","potentialAction":[{"@type":"CommentAction","name":"Comment","target":["https:\/\/fuentesfidedignas.com.mx\/index.php\/2023\/09\/04\/eu-alerta-de-mortifera-bacteria-come-carne-en-aguas-del-atlantico-y-el-golfo-de-mexico\/#respond"]}]},{"@type":"WebPage","@id":"https:\/\/fuentesfidedignas.com.mx\/index.php\/2023\/09\/04\/eu-alerta-de-mortifera-bacteria-come-carne-en-aguas-del-atlantico-y-el-golfo-de-mexico\/","url":"https:\/\/fuentesfidedignas.com.mx\/index.php\/2023\/09\/04\/eu-alerta-de-mortifera-bacteria-come-carne-en-aguas-del-atlantico-y-el-golfo-de-mexico\/","name":"EU alerta de mort\u00edfera bacteria \u201ccome carne\u201d en aguas del Atl\u00e1ntico y el Golfo de M\u00e9xico - Fuentes Fidedignas","isPartOf":{"@id":"https:\/\/fuentesfidedignas.com.mx\/#website"},"primaryImageOfPage":{"@id":"https:\/\/fuentesfidedignas.com.mx\/index.php\/2023\/09\/04\/eu-alerta-de-mortifera-bacteria-come-carne-en-aguas-del-atlantico-y-el-golfo-de-mexico\/#primaryimage"},"image":{"@id":"https:\/\/fuentesfidedignas.com.mx\/index.php\/2023\/09\/04\/eu-alerta-de-mortifera-bacteria-come-carne-en-aguas-del-atlantico-y-el-golfo-de-mexico\/#primaryimage"},"thumbnailUrl":"https:\/\/fuentesfidedignas.com.mx\/wp-content\/uploads\/2023\/09\/PLAYA_BACTERIA.jpg","datePublished":"2023-09-05T00:57:26+00:00","dateModified":"2023-09-05T00:57:56+00:00","breadcrumb":{"@id":"https:\/\/fuentesfidedignas.com.mx\/index.php\/2023\/09\/04\/eu-alerta-de-mortifera-bacteria-come-carne-en-aguas-del-atlantico-y-el-golfo-de-mexico\/#breadcrumb"},"inLanguage":"es","potentialAction":[{"@type":"ReadAction","target":["https:\/\/fuentesfidedignas.com.mx\/index.php\/2023\/09\/04\/eu-alerta-de-mortifera-bacteria-come-carne-en-aguas-del-atlantico-y-el-golfo-de-mexico\/"]}]},{"@type":"ImageObject","inLanguage":"es","@id":"https:\/\/fuentesfidedignas.com.mx\/index.php\/2023\/09\/04\/eu-alerta-de-mortifera-bacteria-come-carne-en-aguas-del-atlantico-y-el-golfo-de-mexico\/#primaryimage","url":"https:\/\/fuentesfidedignas.com.mx\/wp-content\/uploads\/2023\/09\/PLAYA_BACTERIA.jpg","contentUrl":"https:\/\/fuentesfidedignas.com.mx\/wp-content\/uploads\/2023\/09\/PLAYA_BACTERIA.jpg","width":900,"height":482},{"@type":"BreadcrumbList","@id":"https:\/\/fuentesfidedignas.com.mx\/index.php\/2023\/09\/04\/eu-alerta-de-mortifera-bacteria-come-carne-en-aguas-del-atlantico-y-el-golfo-de-mexico\/#breadcrumb","itemListElement":[{"@type":"ListItem","position":1,"name":"Inicio","item":"https:\/\/fuentesfidedignas.com.mx\/"},{"@type":"ListItem","position":2,"name":"EU alerta de mort\u00edfera bacteria \u201ccome carne\u201d en aguas del Atl\u00e1ntico y el Golfo de M\u00e9xico"}]},{"@type":"WebSite","@id":"https:\/\/fuentesfidedignas.com.mx\/#website","url":"https:\/\/fuentesfidedignas.com.mx\/","name":"Fuentes Fidedignas","description":"Otro sitio realizado con WordPress","publisher":{"@id":"https:\/\/fuentesfidedignas.com.mx\/#organization"},"potentialAction":[{"@type":"SearchAction","target":{"@type":"EntryPoint","urlTemplate":"https:\/\/fuentesfidedignas.com.mx\/?s={search_term_string}"},"query-input":{"@type":"PropertyValueSpecification","valueRequired":true,"valueName":"search_term_string"}}],"inLanguage":"es"},{"@type":"Organization","@id":"https:\/\/fuentesfidedignas.com.mx\/#organization","name":"Fuentes Fidedignas","url":"https:\/\/fuentesfidedignas.com.mx\/","logo":{"@type":"ImageObject","inLanguage":"es","@id":"https:\/\/fuentesfidedignas.com.mx\/#\/schema\/logo\/image\/","url":"https:\/\/fuentesfidedignas.com.mx\/wp-content\/uploads\/2021\/04\/logo-retina.png","contentUrl":"https:\/\/fuentesfidedignas.com.mx\/wp-content\/uploads\/2021\/04\/logo-retina.png","width":280,"height":51,"caption":"Fuentes Fidedignas"},"image":{"@id":"https:\/\/fuentesfidedignas.com.mx\/#\/schema\/logo\/image\/"},"sameAs":["https:\/\/www.facebook.com\/Fuentes-Fidedignas-368234489921644","https:\/\/x.com\/fidedignas"]},{"@type":"Person","@id":"https:\/\/fuentesfidedignas.com.mx\/#\/schema\/person\/67d852f0557c8509146a4b9ddebd543a","name":"L\u00f3pez D\u00f3riga","image":{"@type":"ImageObject","inLanguage":"es","@id":"https:\/\/secure.gravatar.com\/avatar\/e525b06574ca18b33cded59dfe5778d6c823b9513154eff47da551b0551bdd1e?s=96&d=mm&r=g","url":"https:\/\/secure.gravatar.com\/avatar\/e525b06574ca18b33cded59dfe5778d6c823b9513154eff47da551b0551bdd1e?s=96&d=mm&r=g","contentUrl":"https:\/\/secure.gravatar.com\/avatar\/e525b06574ca18b33cded59dfe5778d6c823b9513154eff47da551b0551bdd1e?s=96&d=mm&r=g","caption":"L\u00f3pez D\u00f3riga"},"url":"https:\/\/fuentesfidedignas.com.mx\/index.php\/author\/doriga\/"}]}},"_links":{"self":[{"href":"https:\/\/fuentesfidedignas.com.mx\/index.php\/wp-json\/wp\/v2\/posts\/57814","targetHints":{"allow":["GET"]}}],"collection":[{"href":"https:\/\/fuentesfidedignas.com.mx\/index.php\/wp-json\/wp\/v2\/posts"}],"about":[{"href":"https:\/\/fuentesfidedignas.com.mx\/index.php\/wp-json\/wp\/v2\/types\/post"}],"author":[{"embeddable":true,"href":"https:\/\/fuentesfidedignas.com.mx\/index.php\/wp-json\/wp\/v2\/users\/47"}],"replies":[{"embeddable":true,"href":"https:\/\/fuentesfidedignas.com.mx\/index.php\/wp-json\/wp\/v2\/comments?post=57814"}],"version-history":[{"count":1,"href":"https:\/\/fuentesfidedignas.com.mx\/index.php\/wp-json\/wp\/v2\/posts\/57814\/revisions"}],"predecessor-version":[{"id":57816,"href":"https:\/\/fuentesfidedignas.com.mx\/index.php\/wp-json\/wp\/v2\/posts\/57814\/revisions\/57816"}],"wp:featuredmedia":[{"embeddable":true,"href":"https:\/\/fuentesfidedignas.com.mx\/index.php\/wp-json\/wp\/v2\/media\/57815"}],"wp:attachment":[{"href":"https:\/\/fuentesfidedignas.com.mx\/index.php\/wp-json\/wp\/v2\/media?parent=57814"}],"wp:term":[{"taxonomy":"category","embeddable":true,"href":"https:\/\/fuentesfidedignas.com.mx\/index.php\/wp-json\/wp\/v2\/categories?post=57814"},{"taxonomy":"post_tag","embeddable":true,"href":"https:\/\/fuentesfidedignas.com.mx\/index.php\/wp-json\/wp\/v2\/tags?post=57814"}],"curies":[{"name":"wp","href":"https:\/\/api.w.org\/{rel}","templated":true}]}}