{"id":5757,"date":"2021-06-23T16:20:28","date_gmt":"2021-06-23T23:20:28","guid":{"rendered":"https:\/\/fuentesfidedignas.com.mx\/?p=5757"},"modified":"2021-06-23T16:20:29","modified_gmt":"2021-06-23T23:20:29","slug":"se-reune-jesus-ibarra-con-kim-kijoong-buscan-abrir-oportunidades-de-negocios-entre-corea-del-sur-y-sinaloa","status":"publish","type":"post","link":"https:\/\/fuentesfidedignas.com.mx\/index.php\/2021\/06\/23\/se-reune-jesus-ibarra-con-kim-kijoong-buscan-abrir-oportunidades-de-negocios-entre-corea-del-sur-y-sinaloa\/","title":{"rendered":"Se re\u00fane Jes\u00fas Ibarra con Kim Kijoong; buscan abrir oportunidades de negocios entre Corea del Sur y Sinaloa"},"content":{"rendered":"\n<p><strong><em>Con Kim Kijoong, se abordaron temas como tecnolog\u00eda, inversi\u00f3n, producci\u00f3n agroalimentaria; entre otros m\u00e1s.<\/em><\/strong><\/p>\n\n\n\n<p>Culiac\u00e1n, Sin.-Jes\u00fas Ibarra Ramos, Diputado local electo, sostuvo una reuni\u00f3n con Kim Kijoong, Presidente Regional para Am\u00e9rica Latina de Corea Trade-Investment Promotion Agency. Con \u00e9stas y otros encuentros que sostendr\u00e1 el legislador electo, busca construir un plan de trabajo y atraer proyectos innovadores para Culiac\u00e1n y el resto de los municipios de Sinaloa.<\/p>\n\n\n\n<p>Durante el encuentro abordaron c\u00f3mo se puede hacer sinergia entre Sinaloa con el pa\u00eds asi\u00e1tico para detonar el desarrollo econ\u00f3mico de la entidad, acuerdos comerciales, adem\u00e1s de implementar en el estado pol\u00edticas p\u00fablicas que vengan a beneficiar el crecimiento de la regi\u00f3n.<\/p>\n\n\n\n<p>Ibarra Ramos, se\u00f1al\u00f3 que la reuni\u00f3n con Kim Kijoong, vers\u00f3 principalmente en buscar c\u00f3mo aprender de Corea del Sur, las mejores pr\u00e1cticas en avances tecnol\u00f3gicos, mismos que podr\u00edan ser implementados en materia educativa y desarrollo econ\u00f3mico de la regi\u00f3n.<\/p>\n\n\n\n<p>Al ser Sinaloa un estado con actividad agroindustrial, se platic\u00f3 sobre la feria de alimentos que celebran cada a\u00f1o en Se\u00fal, Corea del Sur; encuentro donde Sinaloa podr\u00eda participar exponiendo los productos y alimentos que produce el estado.<\/p>\n\n\n\n<p>Asimismo, abordaron la importancia de que Sinaloa y Corea del Sur cuenten con el programa de Ciudades Hermanas, programa que, si bien llevar\u00eda tiempo en su planeaci\u00f3n, tambi\u00e9n fue tema de conversaci\u00f3n.<\/p>\n\n\n\n<p>El diputado electo que entrar\u00e1 en funciones el pr\u00f3ximo 1 de octubre, puntualiz\u00f3 que otro de los temas que se pusieron en la mesa es traer inversi\u00f3n coreana a Sinaloa, por lo tanto, se buscar\u00e1 que empresarios de ese pa\u00eds asi\u00e1tico vean a Sinaloa como una opci\u00f3n para hacer negocios en la entidad<\/p>\n","protected":false},"excerpt":{"rendered":"<p>Con Kim Kijoong, se abordaron temas como tecnolog\u00eda, inversi\u00f3n, producci\u00f3n agroalimentaria; entre otros m\u00e1s. Culiac\u00e1n, Sin.-Jes\u00fas Ibarra Ramos, Diputado local electo, sostuvo una reuni\u00f3n con Kim Kijoong, Presidente Regional para Am\u00e9rica Latina de Corea Trade-Investment Promotion Agency. Con \u00e9stas y otros encuentros que sostendr\u00e1 el legislador electo, busca construir un plan de trabajo y atraer [&hellip;]<\/p>\n","protected":false},"author":4,"featured_media":5758,"comment_status":"open","ping_status":"open","sticky":false,"template":"","format":"standard","meta":{"tdm_status":"","tdm_grid_status":"","footnotes":""},"categories":[38],"tags":[453],"class_list":{"0":"post-5757","1":"post","2":"type-post","3":"status-publish","4":"format-standard","5":"has-post-thumbnail","7":"category-noticias-locales","8":"tag-jesus-ibarra"},"yoast_head":"<!-- This site is optimized with the Yoast SEO plugin v27.5 - https:\/\/yoast.com\/product\/yoast-seo-wordpress\/ -->\n<title>Se re\u00fane Jes\u00fas Ibarra con Kim Kijoong; buscan abrir oportunidades de negocios entre Corea del Sur y Sinaloa - Fuentes Fidedignas<\/title>\n<meta name=\"robots\" content=\"index, follow, max-snippet:-1, max-image-preview:large, max-video-preview:-1\" \/>\n<link rel=\"canonical\" href=\"https:\/\/fuentesfidedignas.com.mx\/index.php\/2021\/06\/23\/se-reune-jesus-ibarra-con-kim-kijoong-buscan-abrir-oportunidades-de-negocios-entre-corea-del-sur-y-sinaloa\/\" \/>\n<meta property=\"og:locale\" content=\"es_MX\" \/>\n<meta property=\"og:type\" content=\"article\" \/>\n<meta property=\"og:title\" content=\"Se re\u00fane Jes\u00fas Ibarra con Kim Kijoong; buscan abrir oportunidades de negocios entre Corea del Sur y Sinaloa - Fuentes Fidedignas\" \/>\n<meta property=\"og:description\" content=\"Con Kim Kijoong, se abordaron temas como tecnolog\u00eda, inversi\u00f3n, producci\u00f3n agroalimentaria; entre otros m\u00e1s. Culiac\u00e1n, Sin.-Jes\u00fas Ibarra Ramos, Diputado local electo, sostuvo una reuni\u00f3n con Kim Kijoong, Presidente Regional para Am\u00e9rica Latina de Corea Trade-Investment Promotion Agency. Con \u00e9stas y otros encuentros que sostendr\u00e1 el legislador electo, busca construir un plan de trabajo y atraer [&hellip;]\" \/>\n<meta property=\"og:url\" content=\"https:\/\/fuentesfidedignas.com.mx\/index.php\/2021\/06\/23\/se-reune-jesus-ibarra-con-kim-kijoong-buscan-abrir-oportunidades-de-negocios-entre-corea-del-sur-y-sinaloa\/\" \/>\n<meta property=\"og:site_name\" content=\"Fuentes Fidedignas\" \/>\n<meta property=\"article:publisher\" content=\"https:\/\/www.facebook.com\/Fuentes-Fidedignas-368234489921644\" \/>\n<meta property=\"article:published_time\" content=\"2021-06-23T23:20:28+00:00\" \/>\n<meta property=\"article:modified_time\" content=\"2021-06-23T23:20:29+00:00\" \/>\n<meta property=\"og:image\" content=\"https:\/\/fuentesfidedignas.com.mx\/wp-content\/uploads\/2021\/06\/WhatsApp-Image-2021-06-23-at-5.05.58-PM.jpeg\" \/>\n\t<meta property=\"og:image:width\" content=\"960\" \/>\n\t<meta property=\"og:image:height\" content=\"744\" \/>\n\t<meta property=\"og:image:type\" content=\"image\/jpeg\" \/>\n<meta name=\"author\" content=\"Redacci\u00f3n\" \/>\n<meta name=\"twitter:card\" content=\"summary_large_image\" \/>\n<meta name=\"twitter:creator\" content=\"@fidedignas\" \/>\n<meta name=\"twitter:site\" content=\"@fidedignas\" \/>\n<meta name=\"twitter:label1\" content=\"Escrito por\" \/>\n\t<meta name=\"twitter:data1\" content=\"Redacci\u00f3n\" \/>\n\t<meta name=\"twitter:label2\" content=\"Tiempo de lectura\" \/>\n\t<meta name=\"twitter:data2\" content=\"2 minutos\" \/>\n<script type=\"application\/ld+json\" class=\"yoast-schema-graph\">{\"@context\":\"https:\\\/\\\/schema.org\",\"@graph\":[{\"@type\":\"Article\",\"@id\":\"https:\\\/\\\/fuentesfidedignas.com.mx\\\/index.php\\\/2021\\\/06\\\/23\\\/se-reune-jesus-ibarra-con-kim-kijoong-buscan-abrir-oportunidades-de-negocios-entre-corea-del-sur-y-sinaloa\\\/#article\",\"isPartOf\":{\"@id\":\"https:\\\/\\\/fuentesfidedignas.com.mx\\\/index.php\\\/2021\\\/06\\\/23\\\/se-reune-jesus-ibarra-con-kim-kijoong-buscan-abrir-oportunidades-de-negocios-entre-corea-del-sur-y-sinaloa\\\/\"},\"author\":{\"name\":\"Redacci\u00f3n\",\"@id\":\"https:\\\/\\\/fuentesfidedignas.com.mx\\\/#\\\/schema\\\/person\\\/331be9283d37198e2acd5750279085b0\"},\"headline\":\"Se re\u00fane Jes\u00fas Ibarra con Kim Kijoong; buscan abrir oportunidades de negocios entre Corea del Sur y Sinaloa\",\"datePublished\":\"2021-06-23T23:20:28+00:00\",\"dateModified\":\"2021-06-23T23:20:29+00:00\",\"mainEntityOfPage\":{\"@id\":\"https:\\\/\\\/fuentesfidedignas.com.mx\\\/index.php\\\/2021\\\/06\\\/23\\\/se-reune-jesus-ibarra-con-kim-kijoong-buscan-abrir-oportunidades-de-negocios-entre-corea-del-sur-y-sinaloa\\\/\"},\"wordCount\":328,\"commentCount\":0,\"publisher\":{\"@id\":\"https:\\\/\\\/fuentesfidedignas.com.mx\\\/#organization\"},\"image\":{\"@id\":\"https:\\\/\\\/fuentesfidedignas.com.mx\\\/index.php\\\/2021\\\/06\\\/23\\\/se-reune-jesus-ibarra-con-kim-kijoong-buscan-abrir-oportunidades-de-negocios-entre-corea-del-sur-y-sinaloa\\\/#primaryimage\"},\"thumbnailUrl\":\"https:\\\/\\\/fuentesfidedignas.com.mx\\\/wp-content\\\/uploads\\\/2021\\\/06\\\/WhatsApp-Image-2021-06-23-at-5.05.58-PM.jpeg\",\"keywords\":[\"Jes\u00fas Ibarra\"],\"articleSection\":[\"NOTICIAS LOCALES\"],\"inLanguage\":\"es\",\"potentialAction\":[{\"@type\":\"CommentAction\",\"name\":\"Comment\",\"target\":[\"https:\\\/\\\/fuentesfidedignas.com.mx\\\/index.php\\\/2021\\\/06\\\/23\\\/se-reune-jesus-ibarra-con-kim-kijoong-buscan-abrir-oportunidades-de-negocios-entre-corea-del-sur-y-sinaloa\\\/#respond\"]}]},{\"@type\":\"WebPage\",\"@id\":\"https:\\\/\\\/fuentesfidedignas.com.mx\\\/index.php\\\/2021\\\/06\\\/23\\\/se-reune-jesus-ibarra-con-kim-kijoong-buscan-abrir-oportunidades-de-negocios-entre-corea-del-sur-y-sinaloa\\\/\",\"url\":\"https:\\\/\\\/fuentesfidedignas.com.mx\\\/index.php\\\/2021\\\/06\\\/23\\\/se-reune-jesus-ibarra-con-kim-kijoong-buscan-abrir-oportunidades-de-negocios-entre-corea-del-sur-y-sinaloa\\\/\",\"name\":\"Se re\u00fane Jes\u00fas Ibarra con Kim Kijoong; buscan abrir oportunidades de negocios entre Corea del Sur y Sinaloa - Fuentes Fidedignas\",\"isPartOf\":{\"@id\":\"https:\\\/\\\/fuentesfidedignas.com.mx\\\/#website\"},\"primaryImageOfPage\":{\"@id\":\"https:\\\/\\\/fuentesfidedignas.com.mx\\\/index.php\\\/2021\\\/06\\\/23\\\/se-reune-jesus-ibarra-con-kim-kijoong-buscan-abrir-oportunidades-de-negocios-entre-corea-del-sur-y-sinaloa\\\/#primaryimage\"},\"image\":{\"@id\":\"https:\\\/\\\/fuentesfidedignas.com.mx\\\/index.php\\\/2021\\\/06\\\/23\\\/se-reune-jesus-ibarra-con-kim-kijoong-buscan-abrir-oportunidades-de-negocios-entre-corea-del-sur-y-sinaloa\\\/#primaryimage\"},\"thumbnailUrl\":\"https:\\\/\\\/fuentesfidedignas.com.mx\\\/wp-content\\\/uploads\\\/2021\\\/06\\\/WhatsApp-Image-2021-06-23-at-5.05.58-PM.jpeg\",\"datePublished\":\"2021-06-23T23:20:28+00:00\",\"dateModified\":\"2021-06-23T23:20:29+00:00\",\"breadcrumb\":{\"@id\":\"https:\\\/\\\/fuentesfidedignas.com.mx\\\/index.php\\\/2021\\\/06\\\/23\\\/se-reune-jesus-ibarra-con-kim-kijoong-buscan-abrir-oportunidades-de-negocios-entre-corea-del-sur-y-sinaloa\\\/#breadcrumb\"},\"inLanguage\":\"es\",\"potentialAction\":[{\"@type\":\"ReadAction\",\"target\":[\"https:\\\/\\\/fuentesfidedignas.com.mx\\\/index.php\\\/2021\\\/06\\\/23\\\/se-reune-jesus-ibarra-con-kim-kijoong-buscan-abrir-oportunidades-de-negocios-entre-corea-del-sur-y-sinaloa\\\/\"]}]},{\"@type\":\"ImageObject\",\"inLanguage\":\"es\",\"@id\":\"https:\\\/\\\/fuentesfidedignas.com.mx\\\/index.php\\\/2021\\\/06\\\/23\\\/se-reune-jesus-ibarra-con-kim-kijoong-buscan-abrir-oportunidades-de-negocios-entre-corea-del-sur-y-sinaloa\\\/#primaryimage\",\"url\":\"https:\\\/\\\/fuentesfidedignas.com.mx\\\/wp-content\\\/uploads\\\/2021\\\/06\\\/WhatsApp-Image-2021-06-23-at-5.05.58-PM.jpeg\",\"contentUrl\":\"https:\\\/\\\/fuentesfidedignas.com.mx\\\/wp-content\\\/uploads\\\/2021\\\/06\\\/WhatsApp-Image-2021-06-23-at-5.05.58-PM.jpeg\",\"width\":960,\"height\":744},{\"@type\":\"BreadcrumbList\",\"@id\":\"https:\\\/\\\/fuentesfidedignas.com.mx\\\/index.php\\\/2021\\\/06\\\/23\\\/se-reune-jesus-ibarra-con-kim-kijoong-buscan-abrir-oportunidades-de-negocios-entre-corea-del-sur-y-sinaloa\\\/#breadcrumb\",\"itemListElement\":[{\"@type\":\"ListItem\",\"position\":1,\"name\":\"Inicio\",\"item\":\"https:\\\/\\\/fuentesfidedignas.com.mx\\\/\"},{\"@type\":\"ListItem\",\"position\":2,\"name\":\"Se re\u00fane Jes\u00fas Ibarra con Kim Kijoong; buscan abrir oportunidades de negocios entre Corea del Sur y Sinaloa\"}]},{\"@type\":\"WebSite\",\"@id\":\"https:\\\/\\\/fuentesfidedignas.com.mx\\\/#website\",\"url\":\"https:\\\/\\\/fuentesfidedignas.com.mx\\\/\",\"name\":\"Fuentes Fidedignas\",\"description\":\"Otro sitio realizado con WordPress\",\"publisher\":{\"@id\":\"https:\\\/\\\/fuentesfidedignas.com.mx\\\/#organization\"},\"potentialAction\":[{\"@type\":\"SearchAction\",\"target\":{\"@type\":\"EntryPoint\",\"urlTemplate\":\"https:\\\/\\\/fuentesfidedignas.com.mx\\\/?s={search_term_string}\"},\"query-input\":{\"@type\":\"PropertyValueSpecification\",\"valueRequired\":true,\"valueName\":\"search_term_string\"}}],\"inLanguage\":\"es\"},{\"@type\":\"Organization\",\"@id\":\"https:\\\/\\\/fuentesfidedignas.com.mx\\\/#organization\",\"name\":\"Fuentes Fidedignas\",\"url\":\"https:\\\/\\\/fuentesfidedignas.com.mx\\\/\",\"logo\":{\"@type\":\"ImageObject\",\"inLanguage\":\"es\",\"@id\":\"https:\\\/\\\/fuentesfidedignas.com.mx\\\/#\\\/schema\\\/logo\\\/image\\\/\",\"url\":\"https:\\\/\\\/fuentesfidedignas.com.mx\\\/wp-content\\\/uploads\\\/2021\\\/04\\\/logo-retina.png\",\"contentUrl\":\"https:\\\/\\\/fuentesfidedignas.com.mx\\\/wp-content\\\/uploads\\\/2021\\\/04\\\/logo-retina.png\",\"width\":280,\"height\":51,\"caption\":\"Fuentes Fidedignas\"},\"image\":{\"@id\":\"https:\\\/\\\/fuentesfidedignas.com.mx\\\/#\\\/schema\\\/logo\\\/image\\\/\"},\"sameAs\":[\"https:\\\/\\\/www.facebook.com\\\/Fuentes-Fidedignas-368234489921644\",\"https:\\\/\\\/x.com\\\/fidedignas\"]},{\"@type\":\"Person\",\"@id\":\"https:\\\/\\\/fuentesfidedignas.com.mx\\\/#\\\/schema\\\/person\\\/331be9283d37198e2acd5750279085b0\",\"name\":\"Redacci\u00f3n\",\"image\":{\"@type\":\"ImageObject\",\"inLanguage\":\"es\",\"@id\":\"https:\\\/\\\/secure.gravatar.com\\\/avatar\\\/f6d8782c11d12b2d4ad3fbb6931aeab5309937a4d6cd2fc9cfaa28a6396a5aec?s=96&d=mm&r=g\",\"url\":\"https:\\\/\\\/secure.gravatar.com\\\/avatar\\\/f6d8782c11d12b2d4ad3fbb6931aeab5309937a4d6cd2fc9cfaa28a6396a5aec?s=96&d=mm&r=g\",\"contentUrl\":\"https:\\\/\\\/secure.gravatar.com\\\/avatar\\\/f6d8782c11d12b2d4ad3fbb6931aeab5309937a4d6cd2fc9cfaa28a6396a5aec?s=96&d=mm&r=g\",\"caption\":\"Redacci\u00f3n\"},\"url\":\"https:\\\/\\\/fuentesfidedignas.com.mx\\\/index.php\\\/author\\\/redaccion\\\/\"}]}<\/script>\n<!-- \/ Yoast SEO plugin. -->","yoast_head_json":{"title":"Se re\u00fane Jes\u00fas Ibarra con Kim Kijoong; buscan abrir oportunidades de negocios entre Corea del Sur y Sinaloa - Fuentes Fidedignas","robots":{"index":"index","follow":"follow","max-snippet":"max-snippet:-1","max-image-preview":"max-image-preview:large","max-video-preview":"max-video-preview:-1"},"canonical":"https:\/\/fuentesfidedignas.com.mx\/index.php\/2021\/06\/23\/se-reune-jesus-ibarra-con-kim-kijoong-buscan-abrir-oportunidades-de-negocios-entre-corea-del-sur-y-sinaloa\/","og_locale":"es_MX","og_type":"article","og_title":"Se re\u00fane Jes\u00fas Ibarra con Kim Kijoong; buscan abrir oportunidades de negocios entre Corea del Sur y Sinaloa - Fuentes Fidedignas","og_description":"Con Kim Kijoong, se abordaron temas como tecnolog\u00eda, inversi\u00f3n, producci\u00f3n agroalimentaria; entre otros m\u00e1s. Culiac\u00e1n, Sin.-Jes\u00fas Ibarra Ramos, Diputado local electo, sostuvo una reuni\u00f3n con Kim Kijoong, Presidente Regional para Am\u00e9rica Latina de Corea Trade-Investment Promotion Agency. Con \u00e9stas y otros encuentros que sostendr\u00e1 el legislador electo, busca construir un plan de trabajo y atraer [&hellip;]","og_url":"https:\/\/fuentesfidedignas.com.mx\/index.php\/2021\/06\/23\/se-reune-jesus-ibarra-con-kim-kijoong-buscan-abrir-oportunidades-de-negocios-entre-corea-del-sur-y-sinaloa\/","og_site_name":"Fuentes Fidedignas","article_publisher":"https:\/\/www.facebook.com\/Fuentes-Fidedignas-368234489921644","article_published_time":"2021-06-23T23:20:28+00:00","article_modified_time":"2021-06-23T23:20:29+00:00","og_image":[{"width":960,"height":744,"url":"https:\/\/fuentesfidedignas.com.mx\/wp-content\/uploads\/2021\/06\/WhatsApp-Image-2021-06-23-at-5.05.58-PM.jpeg","type":"image\/jpeg"}],"author":"Redacci\u00f3n","twitter_card":"summary_large_image","twitter_creator":"@fidedignas","twitter_site":"@fidedignas","twitter_misc":{"Escrito por":"Redacci\u00f3n","Tiempo de lectura":"2 minutos"},"schema":{"@context":"https:\/\/schema.org","@graph":[{"@type":"Article","@id":"https:\/\/fuentesfidedignas.com.mx\/index.php\/2021\/06\/23\/se-reune-jesus-ibarra-con-kim-kijoong-buscan-abrir-oportunidades-de-negocios-entre-corea-del-sur-y-sinaloa\/#article","isPartOf":{"@id":"https:\/\/fuentesfidedignas.com.mx\/index.php\/2021\/06\/23\/se-reune-jesus-ibarra-con-kim-kijoong-buscan-abrir-oportunidades-de-negocios-entre-corea-del-sur-y-sinaloa\/"},"author":{"name":"Redacci\u00f3n","@id":"https:\/\/fuentesfidedignas.com.mx\/#\/schema\/person\/331be9283d37198e2acd5750279085b0"},"headline":"Se re\u00fane Jes\u00fas Ibarra con Kim Kijoong; buscan abrir oportunidades de negocios entre Corea del Sur y Sinaloa","datePublished":"2021-06-23T23:20:28+00:00","dateModified":"2021-06-23T23:20:29+00:00","mainEntityOfPage":{"@id":"https:\/\/fuentesfidedignas.com.mx\/index.php\/2021\/06\/23\/se-reune-jesus-ibarra-con-kim-kijoong-buscan-abrir-oportunidades-de-negocios-entre-corea-del-sur-y-sinaloa\/"},"wordCount":328,"commentCount":0,"publisher":{"@id":"https:\/\/fuentesfidedignas.com.mx\/#organization"},"image":{"@id":"https:\/\/fuentesfidedignas.com.mx\/index.php\/2021\/06\/23\/se-reune-jesus-ibarra-con-kim-kijoong-buscan-abrir-oportunidades-de-negocios-entre-corea-del-sur-y-sinaloa\/#primaryimage"},"thumbnailUrl":"https:\/\/fuentesfidedignas.com.mx\/wp-content\/uploads\/2021\/06\/WhatsApp-Image-2021-06-23-at-5.05.58-PM.jpeg","keywords":["Jes\u00fas Ibarra"],"articleSection":["NOTICIAS LOCALES"],"inLanguage":"es","potentialAction":[{"@type":"CommentAction","name":"Comment","target":["https:\/\/fuentesfidedignas.com.mx\/index.php\/2021\/06\/23\/se-reune-jesus-ibarra-con-kim-kijoong-buscan-abrir-oportunidades-de-negocios-entre-corea-del-sur-y-sinaloa\/#respond"]}]},{"@type":"WebPage","@id":"https:\/\/fuentesfidedignas.com.mx\/index.php\/2021\/06\/23\/se-reune-jesus-ibarra-con-kim-kijoong-buscan-abrir-oportunidades-de-negocios-entre-corea-del-sur-y-sinaloa\/","url":"https:\/\/fuentesfidedignas.com.mx\/index.php\/2021\/06\/23\/se-reune-jesus-ibarra-con-kim-kijoong-buscan-abrir-oportunidades-de-negocios-entre-corea-del-sur-y-sinaloa\/","name":"Se re\u00fane Jes\u00fas Ibarra con Kim Kijoong; buscan abrir oportunidades de negocios entre Corea del Sur y Sinaloa - Fuentes Fidedignas","isPartOf":{"@id":"https:\/\/fuentesfidedignas.com.mx\/#website"},"primaryImageOfPage":{"@id":"https:\/\/fuentesfidedignas.com.mx\/index.php\/2021\/06\/23\/se-reune-jesus-ibarra-con-kim-kijoong-buscan-abrir-oportunidades-de-negocios-entre-corea-del-sur-y-sinaloa\/#primaryimage"},"image":{"@id":"https:\/\/fuentesfidedignas.com.mx\/index.php\/2021\/06\/23\/se-reune-jesus-ibarra-con-kim-kijoong-buscan-abrir-oportunidades-de-negocios-entre-corea-del-sur-y-sinaloa\/#primaryimage"},"thumbnailUrl":"https:\/\/fuentesfidedignas.com.mx\/wp-content\/uploads\/2021\/06\/WhatsApp-Image-2021-06-23-at-5.05.58-PM.jpeg","datePublished":"2021-06-23T23:20:28+00:00","dateModified":"2021-06-23T23:20:29+00:00","breadcrumb":{"@id":"https:\/\/fuentesfidedignas.com.mx\/index.php\/2021\/06\/23\/se-reune-jesus-ibarra-con-kim-kijoong-buscan-abrir-oportunidades-de-negocios-entre-corea-del-sur-y-sinaloa\/#breadcrumb"},"inLanguage":"es","potentialAction":[{"@type":"ReadAction","target":["https:\/\/fuentesfidedignas.com.mx\/index.php\/2021\/06\/23\/se-reune-jesus-ibarra-con-kim-kijoong-buscan-abrir-oportunidades-de-negocios-entre-corea-del-sur-y-sinaloa\/"]}]},{"@type":"ImageObject","inLanguage":"es","@id":"https:\/\/fuentesfidedignas.com.mx\/index.php\/2021\/06\/23\/se-reune-jesus-ibarra-con-kim-kijoong-buscan-abrir-oportunidades-de-negocios-entre-corea-del-sur-y-sinaloa\/#primaryimage","url":"https:\/\/fuentesfidedignas.com.mx\/wp-content\/uploads\/2021\/06\/WhatsApp-Image-2021-06-23-at-5.05.58-PM.jpeg","contentUrl":"https:\/\/fuentesfidedignas.com.mx\/wp-content\/uploads\/2021\/06\/WhatsApp-Image-2021-06-23-at-5.05.58-PM.jpeg","width":960,"height":744},{"@type":"BreadcrumbList","@id":"https:\/\/fuentesfidedignas.com.mx\/index.php\/2021\/06\/23\/se-reune-jesus-ibarra-con-kim-kijoong-buscan-abrir-oportunidades-de-negocios-entre-corea-del-sur-y-sinaloa\/#breadcrumb","itemListElement":[{"@type":"ListItem","position":1,"name":"Inicio","item":"https:\/\/fuentesfidedignas.com.mx\/"},{"@type":"ListItem","position":2,"name":"Se re\u00fane Jes\u00fas Ibarra con Kim Kijoong; buscan abrir oportunidades de negocios entre Corea del Sur y Sinaloa"}]},{"@type":"WebSite","@id":"https:\/\/fuentesfidedignas.com.mx\/#website","url":"https:\/\/fuentesfidedignas.com.mx\/","name":"Fuentes Fidedignas","description":"Otro sitio realizado con WordPress","publisher":{"@id":"https:\/\/fuentesfidedignas.com.mx\/#organization"},"potentialAction":[{"@type":"SearchAction","target":{"@type":"EntryPoint","urlTemplate":"https:\/\/fuentesfidedignas.com.mx\/?s={search_term_string}"},"query-input":{"@type":"PropertyValueSpecification","valueRequired":true,"valueName":"search_term_string"}}],"inLanguage":"es"},{"@type":"Organization","@id":"https:\/\/fuentesfidedignas.com.mx\/#organization","name":"Fuentes Fidedignas","url":"https:\/\/fuentesfidedignas.com.mx\/","logo":{"@type":"ImageObject","inLanguage":"es","@id":"https:\/\/fuentesfidedignas.com.mx\/#\/schema\/logo\/image\/","url":"https:\/\/fuentesfidedignas.com.mx\/wp-content\/uploads\/2021\/04\/logo-retina.png","contentUrl":"https:\/\/fuentesfidedignas.com.mx\/wp-content\/uploads\/2021\/04\/logo-retina.png","width":280,"height":51,"caption":"Fuentes Fidedignas"},"image":{"@id":"https:\/\/fuentesfidedignas.com.mx\/#\/schema\/logo\/image\/"},"sameAs":["https:\/\/www.facebook.com\/Fuentes-Fidedignas-368234489921644","https:\/\/x.com\/fidedignas"]},{"@type":"Person","@id":"https:\/\/fuentesfidedignas.com.mx\/#\/schema\/person\/331be9283d37198e2acd5750279085b0","name":"Redacci\u00f3n","image":{"@type":"ImageObject","inLanguage":"es","@id":"https:\/\/secure.gravatar.com\/avatar\/f6d8782c11d12b2d4ad3fbb6931aeab5309937a4d6cd2fc9cfaa28a6396a5aec?s=96&d=mm&r=g","url":"https:\/\/secure.gravatar.com\/avatar\/f6d8782c11d12b2d4ad3fbb6931aeab5309937a4d6cd2fc9cfaa28a6396a5aec?s=96&d=mm&r=g","contentUrl":"https:\/\/secure.gravatar.com\/avatar\/f6d8782c11d12b2d4ad3fbb6931aeab5309937a4d6cd2fc9cfaa28a6396a5aec?s=96&d=mm&r=g","caption":"Redacci\u00f3n"},"url":"https:\/\/fuentesfidedignas.com.mx\/index.php\/author\/redaccion\/"}]}},"_links":{"self":[{"href":"https:\/\/fuentesfidedignas.com.mx\/index.php\/wp-json\/wp\/v2\/posts\/5757","targetHints":{"allow":["GET"]}}],"collection":[{"href":"https:\/\/fuentesfidedignas.com.mx\/index.php\/wp-json\/wp\/v2\/posts"}],"about":[{"href":"https:\/\/fuentesfidedignas.com.mx\/index.php\/wp-json\/wp\/v2\/types\/post"}],"author":[{"embeddable":true,"href":"https:\/\/fuentesfidedignas.com.mx\/index.php\/wp-json\/wp\/v2\/users\/4"}],"replies":[{"embeddable":true,"href":"https:\/\/fuentesfidedignas.com.mx\/index.php\/wp-json\/wp\/v2\/comments?post=5757"}],"version-history":[{"count":1,"href":"https:\/\/fuentesfidedignas.com.mx\/index.php\/wp-json\/wp\/v2\/posts\/5757\/revisions"}],"predecessor-version":[{"id":5759,"href":"https:\/\/fuentesfidedignas.com.mx\/index.php\/wp-json\/wp\/v2\/posts\/5757\/revisions\/5759"}],"wp:featuredmedia":[{"embeddable":true,"href":"https:\/\/fuentesfidedignas.com.mx\/index.php\/wp-json\/wp\/v2\/media\/5758"}],"wp:attachment":[{"href":"https:\/\/fuentesfidedignas.com.mx\/index.php\/wp-json\/wp\/v2\/media?parent=5757"}],"wp:term":[{"taxonomy":"category","embeddable":true,"href":"https:\/\/fuentesfidedignas.com.mx\/index.php\/wp-json\/wp\/v2\/categories?post=5757"},{"taxonomy":"post_tag","embeddable":true,"href":"https:\/\/fuentesfidedignas.com.mx\/index.php\/wp-json\/wp\/v2\/tags?post=5757"}],"curies":[{"name":"wp","href":"https:\/\/api.w.org\/{rel}","templated":true}]}}