{"id":57495,"date":"2023-09-01T14:26:29","date_gmt":"2023-09-01T21:26:29","guid":{"rendered":"https:\/\/fuentesfidedignas.com.mx\/?p=57495"},"modified":"2023-09-01T14:31:39","modified_gmt":"2023-09-01T21:31:39","slug":"instituto-de-proteccion-a-periodistas-no-actua-ni-protege-acusan","status":"publish","type":"post","link":"https:\/\/fuentesfidedignas.com.mx\/index.php\/2023\/09\/01\/instituto-de-proteccion-a-periodistas-no-actua-ni-protege-acusan\/","title":{"rendered":"Instituto de Protecci\u00f3n a Periodistas no act\u00faa ni protege, acusan"},"content":{"rendered":"\n<p><strong><em>Criticaron que se ha negado un apoyo extra para los comunicadores que est\u00e1n bajo protecci\u00f3n, ya que s\u00f3lo se les otorg\u00f3 por tres meses<\/em><\/strong><\/p>\n\n\n\n<p>Culiac\u00e1n, Sin.- El Estado nos est\u00e1 revictimizando y carecemos de los apoyos m\u00ednimos, tenemos que mendigar algo que nos corresponde como derecho, acus\u00f3 un grupo de periodistas que est\u00e1n bajo protecci\u00f3n y desplazados fuera de Sinaloa al manifestarse durante el primer informe de actividades del&nbsp;Instituto para la Protecci\u00f3n de Personas Defensoras de Derechos Humanos y Periodistas.<\/p>\n\n\n\n<p>Rocina \u00c1vila Palma, consejera del instituto antes mencionado, acus\u00f3 que se ha negado un apoyo extra para los comunicadores que est\u00e1n bajo protecci\u00f3n, ya que s\u00f3lo se les otorg\u00f3 por tres meses y ahora s\u00f3lo reciben vales de despensa.<\/p>\n\n\n\n<p>&#8220;<strong>Est\u00e1n argumentando que no hay recursos, cuando esto no es cierto, la verdad es que para el apoyo directo para periodistas y defensores de Derechos Humanos, se aprobaron 2 millones de pesos y s\u00f3lo se han ejercido unos 400 mil pesos aproximadamente. No pueden decir que no hay apoyo<\/strong>&#8220;, asever\u00f3.<\/p>\n\n\n\n<figure class=\"wp-block-image size-large\"><img decoding=\"async\" width=\"1024\" height=\"577\" src=\"https:\/\/fuentesfidedignas.com.mx\/wp-content\/uploads\/2023\/09\/perio2-1024x577.jpg\" alt=\"\" class=\"wp-image-57496\" srcset=\"https:\/\/fuentesfidedignas.com.mx\/wp-content\/uploads\/2023\/09\/perio2-1024x577.jpg 1024w, https:\/\/fuentesfidedignas.com.mx\/wp-content\/uploads\/2023\/09\/perio2-300x169.jpg 300w, https:\/\/fuentesfidedignas.com.mx\/wp-content\/uploads\/2023\/09\/perio2-768x432.jpg 768w, https:\/\/fuentesfidedignas.com.mx\/wp-content\/uploads\/2023\/09\/perio2-1536x865.jpg 1536w, https:\/\/fuentesfidedignas.com.mx\/wp-content\/uploads\/2023\/09\/perio2-696x392.jpg 696w, https:\/\/fuentesfidedignas.com.mx\/wp-content\/uploads\/2023\/09\/perio2-1068x601.jpg 1068w, https:\/\/fuentesfidedignas.com.mx\/wp-content\/uploads\/2023\/09\/perio2-746x420.jpg 746w, https:\/\/fuentesfidedignas.com.mx\/wp-content\/uploads\/2023\/09\/perio2.jpg 1600w\" sizes=\"(max-width: 1024px) 100vw, 1024px\" \/><\/figure>\n\n\n\n<p>Asimismo, critic\u00f3 que el instituto busca poner una nueva oficina fuera de Culiac\u00e1n y contratar a m\u00e1s personal, pero descuida completamente a las personas que deber\u00eda ayudar y para lo que fue creado.<\/p>\n\n\n\n<p>&#8220;<strong>El instituto est\u00e1 operando como una agencia de colocaci\u00f3n o una agencia para dar trabajo, cuando el prop\u00f3sito de este organismo no debe de ser ese, sino velar porque se proteja la vida de los periodistas y defensores de Derechos Humanos. Nos parece absurdo y ofensivo que el dinero se est\u00e9 destinando al pago de n\u00f3mina<\/strong>. <strong>Hay mucha insensibilidad<\/strong> <strong>y falta de empat\u00eda<\/strong>&#8220;, culmin\u00f3.<\/p>\n\n\n\n<p><strong>NO HAY APOYO, PERO S\u00cd REVICTIMIZACI\u00d3N<\/strong><\/p>\n\n\n\n<p>El comunicador Julio Bernal, qui\u00e9n tiene m\u00e1s de cuatro a\u00f1os fuera del estado y bajo protecci\u00f3n del mecanismo federal para la protecci\u00f3n de defensores humanos y periodistas,  lament\u00f3 la actitud de las autoridades al descuidar y no ayudar a quienes est\u00e1n bajo sus mismas condiciones, ya que pese a crear un instituto para este fin en Sinaloa, no ha sido de ayuda para mejorar las condiciones del gremio. <\/p>\n\n\n\n<p>&#8220;<strong>Despu\u00e9s de cuatro a\u00f1os de desplazamiento forzado por riesgo a perder mi vida, hemos sido sujetos a muchos actos de revictimizaci\u00f3n por parte del mismo Estado que nos desplaz\u00f3<\/strong>. <strong>Nos tienen mendigando cosas que por ley nos corresponden<\/strong>&#8220;, se\u00f1al\u00f3. <\/p>\n\n\n\n<p><\/p>\n","protected":false},"excerpt":{"rendered":"<p>Criticaron que se ha negado un apoyo extra para los comunicadores que est\u00e1n bajo protecci\u00f3n, ya que s\u00f3lo se les otorg\u00f3 por tres meses Culiac\u00e1n, Sin.- El Estado nos est\u00e1 revictimizando y carecemos de los apoyos m\u00ednimos, tenemos que mendigar algo que nos corresponde como derecho, acus\u00f3 un grupo de periodistas que est\u00e1n bajo protecci\u00f3n [&hellip;]<\/p>\n","protected":false},"author":11,"featured_media":57497,"comment_status":"open","ping_status":"open","sticky":false,"template":"","format":"standard","meta":{"tdm_status":"","tdm_grid_status":"","footnotes":""},"categories":[37],"tags":[],"class_list":{"0":"post-57495","1":"post","2":"type-post","3":"status-publish","4":"format-standard","5":"has-post-thumbnail","7":"category-nota-principal"},"yoast_head":"<!-- This site is optimized with the Yoast SEO plugin v27.4 - https:\/\/yoast.com\/product\/yoast-seo-wordpress\/ -->\n<title>Instituto de Protecci\u00f3n a Periodistas no act\u00faa ni protege, acusan - Fuentes Fidedignas<\/title>\n<meta name=\"robots\" content=\"index, follow, max-snippet:-1, max-image-preview:large, max-video-preview:-1\" \/>\n<link rel=\"canonical\" href=\"https:\/\/fuentesfidedignas.com.mx\/index.php\/2023\/09\/01\/instituto-de-proteccion-a-periodistas-no-actua-ni-protege-acusan\/\" \/>\n<meta property=\"og:locale\" content=\"es_MX\" \/>\n<meta property=\"og:type\" content=\"article\" \/>\n<meta property=\"og:title\" content=\"Instituto de Protecci\u00f3n a Periodistas no act\u00faa ni protege, acusan - Fuentes Fidedignas\" \/>\n<meta property=\"og:description\" content=\"Criticaron que se ha negado un apoyo extra para los comunicadores que est\u00e1n bajo protecci\u00f3n, ya que s\u00f3lo se les otorg\u00f3 por tres meses Culiac\u00e1n, Sin.- El Estado nos est\u00e1 revictimizando y carecemos de los apoyos m\u00ednimos, tenemos que mendigar algo que nos corresponde como derecho, acus\u00f3 un grupo de periodistas que est\u00e1n bajo protecci\u00f3n [&hellip;]\" \/>\n<meta property=\"og:url\" content=\"https:\/\/fuentesfidedignas.com.mx\/index.php\/2023\/09\/01\/instituto-de-proteccion-a-periodistas-no-actua-ni-protege-acusan\/\" \/>\n<meta property=\"og:site_name\" content=\"Fuentes Fidedignas\" \/>\n<meta property=\"article:publisher\" content=\"https:\/\/www.facebook.com\/Fuentes-Fidedignas-368234489921644\" \/>\n<meta property=\"article:published_time\" content=\"2023-09-01T21:26:29+00:00\" \/>\n<meta property=\"article:modified_time\" content=\"2023-09-01T21:31:39+00:00\" \/>\n<meta property=\"og:image\" content=\"https:\/\/fuentesfidedignas.com.mx\/wp-content\/uploads\/2023\/09\/perio1-e1693603526254.jpg\" \/>\n\t<meta property=\"og:image:width\" content=\"600\" \/>\n\t<meta property=\"og:image:height\" content=\"420\" \/>\n\t<meta property=\"og:image:type\" content=\"image\/jpeg\" \/>\n<meta name=\"author\" content=\"Marissa Palafox\" \/>\n<meta name=\"twitter:card\" content=\"summary_large_image\" \/>\n<meta name=\"twitter:creator\" content=\"@fidedignas\" \/>\n<meta name=\"twitter:site\" content=\"@fidedignas\" \/>\n<meta name=\"twitter:label1\" content=\"Escrito por\" \/>\n\t<meta name=\"twitter:data1\" content=\"Marissa Palafox\" \/>\n\t<meta name=\"twitter:label2\" content=\"Tiempo de lectura\" \/>\n\t<meta name=\"twitter:data2\" content=\"2 minutos\" \/>\n<script type=\"application\/ld+json\" class=\"yoast-schema-graph\">{\"@context\":\"https:\\\/\\\/schema.org\",\"@graph\":[{\"@type\":\"Article\",\"@id\":\"https:\\\/\\\/fuentesfidedignas.com.mx\\\/index.php\\\/2023\\\/09\\\/01\\\/instituto-de-proteccion-a-periodistas-no-actua-ni-protege-acusan\\\/#article\",\"isPartOf\":{\"@id\":\"https:\\\/\\\/fuentesfidedignas.com.mx\\\/index.php\\\/2023\\\/09\\\/01\\\/instituto-de-proteccion-a-periodistas-no-actua-ni-protege-acusan\\\/\"},\"author\":{\"name\":\"Marissa Palafox\",\"@id\":\"https:\\\/\\\/fuentesfidedignas.com.mx\\\/#\\\/schema\\\/person\\\/2c10028b4a30078c05a056a215342ab9\"},\"headline\":\"Instituto de Protecci\u00f3n a Periodistas no act\u00faa ni protege, acusan\",\"datePublished\":\"2023-09-01T21:26:29+00:00\",\"dateModified\":\"2023-09-01T21:31:39+00:00\",\"mainEntityOfPage\":{\"@id\":\"https:\\\/\\\/fuentesfidedignas.com.mx\\\/index.php\\\/2023\\\/09\\\/01\\\/instituto-de-proteccion-a-periodistas-no-actua-ni-protege-acusan\\\/\"},\"wordCount\":424,\"commentCount\":0,\"publisher\":{\"@id\":\"https:\\\/\\\/fuentesfidedignas.com.mx\\\/#organization\"},\"image\":{\"@id\":\"https:\\\/\\\/fuentesfidedignas.com.mx\\\/index.php\\\/2023\\\/09\\\/01\\\/instituto-de-proteccion-a-periodistas-no-actua-ni-protege-acusan\\\/#primaryimage\"},\"thumbnailUrl\":\"https:\\\/\\\/fuentesfidedignas.com.mx\\\/wp-content\\\/uploads\\\/2023\\\/09\\\/perio1-e1693603526254.jpg\",\"articleSection\":[\"NOTA PRINCIPAL\"],\"inLanguage\":\"es\",\"potentialAction\":[{\"@type\":\"CommentAction\",\"name\":\"Comment\",\"target\":[\"https:\\\/\\\/fuentesfidedignas.com.mx\\\/index.php\\\/2023\\\/09\\\/01\\\/instituto-de-proteccion-a-periodistas-no-actua-ni-protege-acusan\\\/#respond\"]}]},{\"@type\":\"WebPage\",\"@id\":\"https:\\\/\\\/fuentesfidedignas.com.mx\\\/index.php\\\/2023\\\/09\\\/01\\\/instituto-de-proteccion-a-periodistas-no-actua-ni-protege-acusan\\\/\",\"url\":\"https:\\\/\\\/fuentesfidedignas.com.mx\\\/index.php\\\/2023\\\/09\\\/01\\\/instituto-de-proteccion-a-periodistas-no-actua-ni-protege-acusan\\\/\",\"name\":\"Instituto de Protecci\u00f3n a Periodistas no act\u00faa ni protege, acusan - Fuentes Fidedignas\",\"isPartOf\":{\"@id\":\"https:\\\/\\\/fuentesfidedignas.com.mx\\\/#website\"},\"primaryImageOfPage\":{\"@id\":\"https:\\\/\\\/fuentesfidedignas.com.mx\\\/index.php\\\/2023\\\/09\\\/01\\\/instituto-de-proteccion-a-periodistas-no-actua-ni-protege-acusan\\\/#primaryimage\"},\"image\":{\"@id\":\"https:\\\/\\\/fuentesfidedignas.com.mx\\\/index.php\\\/2023\\\/09\\\/01\\\/instituto-de-proteccion-a-periodistas-no-actua-ni-protege-acusan\\\/#primaryimage\"},\"thumbnailUrl\":\"https:\\\/\\\/fuentesfidedignas.com.mx\\\/wp-content\\\/uploads\\\/2023\\\/09\\\/perio1-e1693603526254.jpg\",\"datePublished\":\"2023-09-01T21:26:29+00:00\",\"dateModified\":\"2023-09-01T21:31:39+00:00\",\"breadcrumb\":{\"@id\":\"https:\\\/\\\/fuentesfidedignas.com.mx\\\/index.php\\\/2023\\\/09\\\/01\\\/instituto-de-proteccion-a-periodistas-no-actua-ni-protege-acusan\\\/#breadcrumb\"},\"inLanguage\":\"es\",\"potentialAction\":[{\"@type\":\"ReadAction\",\"target\":[\"https:\\\/\\\/fuentesfidedignas.com.mx\\\/index.php\\\/2023\\\/09\\\/01\\\/instituto-de-proteccion-a-periodistas-no-actua-ni-protege-acusan\\\/\"]}]},{\"@type\":\"ImageObject\",\"inLanguage\":\"es\",\"@id\":\"https:\\\/\\\/fuentesfidedignas.com.mx\\\/index.php\\\/2023\\\/09\\\/01\\\/instituto-de-proteccion-a-periodistas-no-actua-ni-protege-acusan\\\/#primaryimage\",\"url\":\"https:\\\/\\\/fuentesfidedignas.com.mx\\\/wp-content\\\/uploads\\\/2023\\\/09\\\/perio1-e1693603526254.jpg\",\"contentUrl\":\"https:\\\/\\\/fuentesfidedignas.com.mx\\\/wp-content\\\/uploads\\\/2023\\\/09\\\/perio1-e1693603526254.jpg\",\"width\":600,\"height\":420},{\"@type\":\"BreadcrumbList\",\"@id\":\"https:\\\/\\\/fuentesfidedignas.com.mx\\\/index.php\\\/2023\\\/09\\\/01\\\/instituto-de-proteccion-a-periodistas-no-actua-ni-protege-acusan\\\/#breadcrumb\",\"itemListElement\":[{\"@type\":\"ListItem\",\"position\":1,\"name\":\"Inicio\",\"item\":\"https:\\\/\\\/fuentesfidedignas.com.mx\\\/\"},{\"@type\":\"ListItem\",\"position\":2,\"name\":\"Instituto de Protecci\u00f3n a Periodistas no act\u00faa ni protege, acusan\"}]},{\"@type\":\"WebSite\",\"@id\":\"https:\\\/\\\/fuentesfidedignas.com.mx\\\/#website\",\"url\":\"https:\\\/\\\/fuentesfidedignas.com.mx\\\/\",\"name\":\"Fuentes Fidedignas\",\"description\":\"Otro sitio realizado con WordPress\",\"publisher\":{\"@id\":\"https:\\\/\\\/fuentesfidedignas.com.mx\\\/#organization\"},\"potentialAction\":[{\"@type\":\"SearchAction\",\"target\":{\"@type\":\"EntryPoint\",\"urlTemplate\":\"https:\\\/\\\/fuentesfidedignas.com.mx\\\/?s={search_term_string}\"},\"query-input\":{\"@type\":\"PropertyValueSpecification\",\"valueRequired\":true,\"valueName\":\"search_term_string\"}}],\"inLanguage\":\"es\"},{\"@type\":\"Organization\",\"@id\":\"https:\\\/\\\/fuentesfidedignas.com.mx\\\/#organization\",\"name\":\"Fuentes Fidedignas\",\"url\":\"https:\\\/\\\/fuentesfidedignas.com.mx\\\/\",\"logo\":{\"@type\":\"ImageObject\",\"inLanguage\":\"es\",\"@id\":\"https:\\\/\\\/fuentesfidedignas.com.mx\\\/#\\\/schema\\\/logo\\\/image\\\/\",\"url\":\"https:\\\/\\\/fuentesfidedignas.com.mx\\\/wp-content\\\/uploads\\\/2021\\\/04\\\/logo-retina.png\",\"contentUrl\":\"https:\\\/\\\/fuentesfidedignas.com.mx\\\/wp-content\\\/uploads\\\/2021\\\/04\\\/logo-retina.png\",\"width\":280,\"height\":51,\"caption\":\"Fuentes Fidedignas\"},\"image\":{\"@id\":\"https:\\\/\\\/fuentesfidedignas.com.mx\\\/#\\\/schema\\\/logo\\\/image\\\/\"},\"sameAs\":[\"https:\\\/\\\/www.facebook.com\\\/Fuentes-Fidedignas-368234489921644\",\"https:\\\/\\\/x.com\\\/fidedignas\"]},{\"@type\":\"Person\",\"@id\":\"https:\\\/\\\/fuentesfidedignas.com.mx\\\/#\\\/schema\\\/person\\\/2c10028b4a30078c05a056a215342ab9\",\"name\":\"Marissa Palafox\",\"image\":{\"@type\":\"ImageObject\",\"inLanguage\":\"es\",\"@id\":\"https:\\\/\\\/secure.gravatar.com\\\/avatar\\\/20a43bdb2f2db10f20b22d4e98b96eb027faf98f7f76d29854dc5fab46d1cf71?s=96&d=mm&r=g\",\"url\":\"https:\\\/\\\/secure.gravatar.com\\\/avatar\\\/20a43bdb2f2db10f20b22d4e98b96eb027faf98f7f76d29854dc5fab46d1cf71?s=96&d=mm&r=g\",\"contentUrl\":\"https:\\\/\\\/secure.gravatar.com\\\/avatar\\\/20a43bdb2f2db10f20b22d4e98b96eb027faf98f7f76d29854dc5fab46d1cf71?s=96&d=mm&r=g\",\"caption\":\"Marissa Palafox\"},\"url\":\"https:\\\/\\\/fuentesfidedignas.com.mx\\\/index.php\\\/author\\\/marissa\\\/\"}]}<\/script>\n<!-- \/ Yoast SEO plugin. -->","yoast_head_json":{"title":"Instituto de Protecci\u00f3n a Periodistas no act\u00faa ni protege, acusan - Fuentes Fidedignas","robots":{"index":"index","follow":"follow","max-snippet":"max-snippet:-1","max-image-preview":"max-image-preview:large","max-video-preview":"max-video-preview:-1"},"canonical":"https:\/\/fuentesfidedignas.com.mx\/index.php\/2023\/09\/01\/instituto-de-proteccion-a-periodistas-no-actua-ni-protege-acusan\/","og_locale":"es_MX","og_type":"article","og_title":"Instituto de Protecci\u00f3n a Periodistas no act\u00faa ni protege, acusan - Fuentes Fidedignas","og_description":"Criticaron que se ha negado un apoyo extra para los comunicadores que est\u00e1n bajo protecci\u00f3n, ya que s\u00f3lo se les otorg\u00f3 por tres meses Culiac\u00e1n, Sin.- El Estado nos est\u00e1 revictimizando y carecemos de los apoyos m\u00ednimos, tenemos que mendigar algo que nos corresponde como derecho, acus\u00f3 un grupo de periodistas que est\u00e1n bajo protecci\u00f3n [&hellip;]","og_url":"https:\/\/fuentesfidedignas.com.mx\/index.php\/2023\/09\/01\/instituto-de-proteccion-a-periodistas-no-actua-ni-protege-acusan\/","og_site_name":"Fuentes Fidedignas","article_publisher":"https:\/\/www.facebook.com\/Fuentes-Fidedignas-368234489921644","article_published_time":"2023-09-01T21:26:29+00:00","article_modified_time":"2023-09-01T21:31:39+00:00","og_image":[{"width":600,"height":420,"url":"https:\/\/fuentesfidedignas.com.mx\/wp-content\/uploads\/2023\/09\/perio1-e1693603526254.jpg","type":"image\/jpeg"}],"author":"Marissa Palafox","twitter_card":"summary_large_image","twitter_creator":"@fidedignas","twitter_site":"@fidedignas","twitter_misc":{"Escrito por":"Marissa Palafox","Tiempo de lectura":"2 minutos"},"schema":{"@context":"https:\/\/schema.org","@graph":[{"@type":"Article","@id":"https:\/\/fuentesfidedignas.com.mx\/index.php\/2023\/09\/01\/instituto-de-proteccion-a-periodistas-no-actua-ni-protege-acusan\/#article","isPartOf":{"@id":"https:\/\/fuentesfidedignas.com.mx\/index.php\/2023\/09\/01\/instituto-de-proteccion-a-periodistas-no-actua-ni-protege-acusan\/"},"author":{"name":"Marissa Palafox","@id":"https:\/\/fuentesfidedignas.com.mx\/#\/schema\/person\/2c10028b4a30078c05a056a215342ab9"},"headline":"Instituto de Protecci\u00f3n a Periodistas no act\u00faa ni protege, acusan","datePublished":"2023-09-01T21:26:29+00:00","dateModified":"2023-09-01T21:31:39+00:00","mainEntityOfPage":{"@id":"https:\/\/fuentesfidedignas.com.mx\/index.php\/2023\/09\/01\/instituto-de-proteccion-a-periodistas-no-actua-ni-protege-acusan\/"},"wordCount":424,"commentCount":0,"publisher":{"@id":"https:\/\/fuentesfidedignas.com.mx\/#organization"},"image":{"@id":"https:\/\/fuentesfidedignas.com.mx\/index.php\/2023\/09\/01\/instituto-de-proteccion-a-periodistas-no-actua-ni-protege-acusan\/#primaryimage"},"thumbnailUrl":"https:\/\/fuentesfidedignas.com.mx\/wp-content\/uploads\/2023\/09\/perio1-e1693603526254.jpg","articleSection":["NOTA PRINCIPAL"],"inLanguage":"es","potentialAction":[{"@type":"CommentAction","name":"Comment","target":["https:\/\/fuentesfidedignas.com.mx\/index.php\/2023\/09\/01\/instituto-de-proteccion-a-periodistas-no-actua-ni-protege-acusan\/#respond"]}]},{"@type":"WebPage","@id":"https:\/\/fuentesfidedignas.com.mx\/index.php\/2023\/09\/01\/instituto-de-proteccion-a-periodistas-no-actua-ni-protege-acusan\/","url":"https:\/\/fuentesfidedignas.com.mx\/index.php\/2023\/09\/01\/instituto-de-proteccion-a-periodistas-no-actua-ni-protege-acusan\/","name":"Instituto de Protecci\u00f3n a Periodistas no act\u00faa ni protege, acusan - Fuentes Fidedignas","isPartOf":{"@id":"https:\/\/fuentesfidedignas.com.mx\/#website"},"primaryImageOfPage":{"@id":"https:\/\/fuentesfidedignas.com.mx\/index.php\/2023\/09\/01\/instituto-de-proteccion-a-periodistas-no-actua-ni-protege-acusan\/#primaryimage"},"image":{"@id":"https:\/\/fuentesfidedignas.com.mx\/index.php\/2023\/09\/01\/instituto-de-proteccion-a-periodistas-no-actua-ni-protege-acusan\/#primaryimage"},"thumbnailUrl":"https:\/\/fuentesfidedignas.com.mx\/wp-content\/uploads\/2023\/09\/perio1-e1693603526254.jpg","datePublished":"2023-09-01T21:26:29+00:00","dateModified":"2023-09-01T21:31:39+00:00","breadcrumb":{"@id":"https:\/\/fuentesfidedignas.com.mx\/index.php\/2023\/09\/01\/instituto-de-proteccion-a-periodistas-no-actua-ni-protege-acusan\/#breadcrumb"},"inLanguage":"es","potentialAction":[{"@type":"ReadAction","target":["https:\/\/fuentesfidedignas.com.mx\/index.php\/2023\/09\/01\/instituto-de-proteccion-a-periodistas-no-actua-ni-protege-acusan\/"]}]},{"@type":"ImageObject","inLanguage":"es","@id":"https:\/\/fuentesfidedignas.com.mx\/index.php\/2023\/09\/01\/instituto-de-proteccion-a-periodistas-no-actua-ni-protege-acusan\/#primaryimage","url":"https:\/\/fuentesfidedignas.com.mx\/wp-content\/uploads\/2023\/09\/perio1-e1693603526254.jpg","contentUrl":"https:\/\/fuentesfidedignas.com.mx\/wp-content\/uploads\/2023\/09\/perio1-e1693603526254.jpg","width":600,"height":420},{"@type":"BreadcrumbList","@id":"https:\/\/fuentesfidedignas.com.mx\/index.php\/2023\/09\/01\/instituto-de-proteccion-a-periodistas-no-actua-ni-protege-acusan\/#breadcrumb","itemListElement":[{"@type":"ListItem","position":1,"name":"Inicio","item":"https:\/\/fuentesfidedignas.com.mx\/"},{"@type":"ListItem","position":2,"name":"Instituto de Protecci\u00f3n a Periodistas no act\u00faa ni protege, acusan"}]},{"@type":"WebSite","@id":"https:\/\/fuentesfidedignas.com.mx\/#website","url":"https:\/\/fuentesfidedignas.com.mx\/","name":"Fuentes Fidedignas","description":"Otro sitio realizado con WordPress","publisher":{"@id":"https:\/\/fuentesfidedignas.com.mx\/#organization"},"potentialAction":[{"@type":"SearchAction","target":{"@type":"EntryPoint","urlTemplate":"https:\/\/fuentesfidedignas.com.mx\/?s={search_term_string}"},"query-input":{"@type":"PropertyValueSpecification","valueRequired":true,"valueName":"search_term_string"}}],"inLanguage":"es"},{"@type":"Organization","@id":"https:\/\/fuentesfidedignas.com.mx\/#organization","name":"Fuentes Fidedignas","url":"https:\/\/fuentesfidedignas.com.mx\/","logo":{"@type":"ImageObject","inLanguage":"es","@id":"https:\/\/fuentesfidedignas.com.mx\/#\/schema\/logo\/image\/","url":"https:\/\/fuentesfidedignas.com.mx\/wp-content\/uploads\/2021\/04\/logo-retina.png","contentUrl":"https:\/\/fuentesfidedignas.com.mx\/wp-content\/uploads\/2021\/04\/logo-retina.png","width":280,"height":51,"caption":"Fuentes Fidedignas"},"image":{"@id":"https:\/\/fuentesfidedignas.com.mx\/#\/schema\/logo\/image\/"},"sameAs":["https:\/\/www.facebook.com\/Fuentes-Fidedignas-368234489921644","https:\/\/x.com\/fidedignas"]},{"@type":"Person","@id":"https:\/\/fuentesfidedignas.com.mx\/#\/schema\/person\/2c10028b4a30078c05a056a215342ab9","name":"Marissa Palafox","image":{"@type":"ImageObject","inLanguage":"es","@id":"https:\/\/secure.gravatar.com\/avatar\/20a43bdb2f2db10f20b22d4e98b96eb027faf98f7f76d29854dc5fab46d1cf71?s=96&d=mm&r=g","url":"https:\/\/secure.gravatar.com\/avatar\/20a43bdb2f2db10f20b22d4e98b96eb027faf98f7f76d29854dc5fab46d1cf71?s=96&d=mm&r=g","contentUrl":"https:\/\/secure.gravatar.com\/avatar\/20a43bdb2f2db10f20b22d4e98b96eb027faf98f7f76d29854dc5fab46d1cf71?s=96&d=mm&r=g","caption":"Marissa Palafox"},"url":"https:\/\/fuentesfidedignas.com.mx\/index.php\/author\/marissa\/"}]}},"_links":{"self":[{"href":"https:\/\/fuentesfidedignas.com.mx\/index.php\/wp-json\/wp\/v2\/posts\/57495","targetHints":{"allow":["GET"]}}],"collection":[{"href":"https:\/\/fuentesfidedignas.com.mx\/index.php\/wp-json\/wp\/v2\/posts"}],"about":[{"href":"https:\/\/fuentesfidedignas.com.mx\/index.php\/wp-json\/wp\/v2\/types\/post"}],"author":[{"embeddable":true,"href":"https:\/\/fuentesfidedignas.com.mx\/index.php\/wp-json\/wp\/v2\/users\/11"}],"replies":[{"embeddable":true,"href":"https:\/\/fuentesfidedignas.com.mx\/index.php\/wp-json\/wp\/v2\/comments?post=57495"}],"version-history":[{"count":2,"href":"https:\/\/fuentesfidedignas.com.mx\/index.php\/wp-json\/wp\/v2\/posts\/57495\/revisions"}],"predecessor-version":[{"id":57499,"href":"https:\/\/fuentesfidedignas.com.mx\/index.php\/wp-json\/wp\/v2\/posts\/57495\/revisions\/57499"}],"wp:featuredmedia":[{"embeddable":true,"href":"https:\/\/fuentesfidedignas.com.mx\/index.php\/wp-json\/wp\/v2\/media\/57497"}],"wp:attachment":[{"href":"https:\/\/fuentesfidedignas.com.mx\/index.php\/wp-json\/wp\/v2\/media?parent=57495"}],"wp:term":[{"taxonomy":"category","embeddable":true,"href":"https:\/\/fuentesfidedignas.com.mx\/index.php\/wp-json\/wp\/v2\/categories?post=57495"},{"taxonomy":"post_tag","embeddable":true,"href":"https:\/\/fuentesfidedignas.com.mx\/index.php\/wp-json\/wp\/v2\/tags?post=57495"}],"curies":[{"name":"wp","href":"https:\/\/api.w.org\/{rel}","templated":true}]}}