{"id":57477,"date":"2023-09-01T12:22:57","date_gmt":"2023-09-01T19:22:57","guid":{"rendered":"https:\/\/fuentesfidedignas.com.mx\/?p=57477"},"modified":"2023-09-01T12:27:26","modified_gmt":"2023-09-01T19:27:26","slug":"presenta-gene-denuncia-contra-feliciano-castro-por-posibles-actos-anticipados-de-campana","status":"publish","type":"post","link":"https:\/\/fuentesfidedignas.com.mx\/index.php\/2023\/09\/01\/presenta-gene-denuncia-contra-feliciano-castro-por-posibles-actos-anticipados-de-campana\/","title":{"rendered":"Presenta Gene Boj\u00f3rquez denuncia contra Feliciano Castro por posibles actos anticipados de campa\u00f1a"},"content":{"rendered":"\n<p><em><strong>Especific\u00f3 que es debido a posibles actos anticipados de campa\u00f1a, utilizando como excusa el segundo informe legislativo para hacerse promoci\u00f3n personal con recursos p\u00fablicos<\/strong><\/em><\/p>\n\n\n\n<p>Culiac\u00e1n, Sin.- Este viernes el diputado del Partido Sinaloense, Gene Rene Boj\u00f3rquez Ruiz, acompa\u00f1ado por el Secretario de Asuntos Jur\u00eddicos del PAS, Orlando del Rosario Guti\u00e9rrez L\u00f3pez, present\u00f3 una denuncia\/querella ante la Oficial\u00eda de Partes del Instituto Electoral del Estado de Sinaloa (IEES), en contra del diputado Feliciano Castro Mel\u00e9ndrez, presidente de la Junta de Coordinaci\u00f3n Pol\u00edtica, debido a posibles actos anticipados de campa\u00f1a, utilizando como excusa el segundo informe legislativo para hacerse promoci\u00f3n personal con recursos p\u00fablicos.<\/p>\n\n\n\n<iframe loading=\"lazy\" src=\"https:\/\/www.facebook.com\/plugins\/video.php?height=314&#038;href=https%3A%2F%2Fwww.facebook.com%2F100050497569358%2Fvideos%2F173783915745735%2F&#038;show_text=false&#038;width=560&#038;t=0\" width=\"560\" height=\"314\" style=\"border:none;overflow:hidden\" scrolling=\"no\" frameborder=\"0\" allowfullscreen=\"true\" allow=\"autoplay; clipboard-write; encrypted-media; picture-in-picture; web-share\" allowFullScreen=\"true\"><\/iframe>\n\n\n\n<p>La denuncia fue recibida por el Mtro. Jos\u00e9 Guadalupe G\u00fcicho Rojas Secretario Ejecutivo del IEES quien confirm\u00f3 a los medios que se analizar\u00e1n las pruebas presentadas por el Diputado Gene Boj\u00f3rquez para determinar si el Diputado Feliciano Castro incurri\u00f3 o no en actos anticipados de campa\u00f1a.<\/p>\n\n\n\n<figure class=\"wp-block-image size-large\"><img decoding=\"async\" width=\"1024\" height=\"768\" src=\"https:\/\/fuentesfidedignas.com.mx\/wp-content\/uploads\/2023\/09\/gene-denun-1024x768.jpg\" alt=\"\" class=\"wp-image-57479\" srcset=\"https:\/\/fuentesfidedignas.com.mx\/wp-content\/uploads\/2023\/09\/gene-denun-1024x768.jpg 1024w, https:\/\/fuentesfidedignas.com.mx\/wp-content\/uploads\/2023\/09\/gene-denun-300x225.jpg 300w, https:\/\/fuentesfidedignas.com.mx\/wp-content\/uploads\/2023\/09\/gene-denun-768x576.jpg 768w, https:\/\/fuentesfidedignas.com.mx\/wp-content\/uploads\/2023\/09\/gene-denun-696x522.jpg 696w, https:\/\/fuentesfidedignas.com.mx\/wp-content\/uploads\/2023\/09\/gene-denun-1068x801.jpg 1068w, https:\/\/fuentesfidedignas.com.mx\/wp-content\/uploads\/2023\/09\/gene-denun-560x420.jpg 560w, https:\/\/fuentesfidedignas.com.mx\/wp-content\/uploads\/2023\/09\/gene-denun-80x60.jpg 80w, https:\/\/fuentesfidedignas.com.mx\/wp-content\/uploads\/2023\/09\/gene-denun-265x198.jpg 265w, https:\/\/fuentesfidedignas.com.mx\/wp-content\/uploads\/2023\/09\/gene-denun.jpg 1280w\" sizes=\"(max-width: 1024px) 100vw, 1024px\" \/><\/figure>\n\n\n\n<p>Cabe se\u00f1alar que en la Ley General de Instituciones y Procedimientos Electorales se menciona que la propaganda en alusi\u00f3n a un informe legislativo puede ser entregada siete d\u00edas antes y cinco posteriores a la fecha previamente estipulada del informe, por lo que el Diputado Feliciano no le notific\u00f3 al IEES la fecha exacta de presentaci\u00f3n de su informe.<\/p>\n\n\n\n<p>Sumado a esta denuncia por posibles actos anticipados de campa\u00f1a, el Diputado Gene tambi\u00e9n solicit\u00f3 que se esclarezca de donde sali\u00f3 el recurso para la distribuci\u00f3n de unos peri\u00f3dicos propagandistas con la imagen de Feliciano, pues se presume que podr\u00edan haber salido del mismo recurso del H. Congreso de Sinaloa, ya que anteriormente el Diputado Gene tambi\u00e9n ha denunciado a Refugio \u00c1lvarez Monta\u00f1o quien es Director Administrativo del Congreso y ha habido casos de malos manejos de los recursos del mismo.<\/p>\n\n\n\n<figure class=\"wp-block-image size-large\"><img decoding=\"async\" width=\"768\" height=\"1024\" src=\"https:\/\/fuentesfidedignas.com.mx\/wp-content\/uploads\/2023\/09\/gene-denuncia-768x1024.jpg\" alt=\"\" class=\"wp-image-57478\" srcset=\"https:\/\/fuentesfidedignas.com.mx\/wp-content\/uploads\/2023\/09\/gene-denuncia-768x1024.jpg 768w, https:\/\/fuentesfidedignas.com.mx\/wp-content\/uploads\/2023\/09\/gene-denuncia-225x300.jpg 225w, https:\/\/fuentesfidedignas.com.mx\/wp-content\/uploads\/2023\/09\/gene-denuncia-696x928.jpg 696w, https:\/\/fuentesfidedignas.com.mx\/wp-content\/uploads\/2023\/09\/gene-denuncia-315x420.jpg 315w, https:\/\/fuentesfidedignas.com.mx\/wp-content\/uploads\/2023\/09\/gene-denuncia.jpg 960w\" sizes=\"(max-width: 768px) 100vw, 768px\" \/><\/figure>\n","protected":false},"excerpt":{"rendered":"<p>Especific\u00f3 que es debido a posibles actos anticipados de campa\u00f1a, utilizando como excusa el segundo informe legislativo para hacerse promoci\u00f3n personal con recursos p\u00fablicos Culiac\u00e1n, Sin.- Este viernes el diputado del Partido Sinaloense, Gene Rene Boj\u00f3rquez Ruiz, acompa\u00f1ado por el Secretario de Asuntos Jur\u00eddicos del PAS, Orlando del Rosario Guti\u00e9rrez L\u00f3pez, present\u00f3 una denuncia\/querella ante [&hellip;]<\/p>\n","protected":false},"author":11,"featured_media":57481,"comment_status":"open","ping_status":"open","sticky":false,"template":"","format":"standard","meta":{"tdm_status":"","tdm_grid_status":"","footnotes":""},"categories":[37],"tags":[],"class_list":{"0":"post-57477","1":"post","2":"type-post","3":"status-publish","4":"format-standard","5":"has-post-thumbnail","7":"category-nota-principal"},"yoast_head":"<!-- This site is optimized with the Yoast SEO plugin v27.4 - https:\/\/yoast.com\/product\/yoast-seo-wordpress\/ -->\n<title>Presenta Gene Boj\u00f3rquez denuncia contra Feliciano Castro por posibles actos anticipados de campa\u00f1a - Fuentes Fidedignas<\/title>\n<meta name=\"robots\" content=\"index, follow, max-snippet:-1, max-image-preview:large, max-video-preview:-1\" \/>\n<link rel=\"canonical\" href=\"https:\/\/fuentesfidedignas.com.mx\/index.php\/2023\/09\/01\/presenta-gene-denuncia-contra-feliciano-castro-por-posibles-actos-anticipados-de-campana\/\" \/>\n<meta property=\"og:locale\" content=\"es_MX\" \/>\n<meta property=\"og:type\" content=\"article\" \/>\n<meta property=\"og:title\" content=\"Presenta Gene Boj\u00f3rquez denuncia contra Feliciano Castro por posibles actos anticipados de campa\u00f1a - Fuentes Fidedignas\" \/>\n<meta property=\"og:description\" content=\"Especific\u00f3 que es debido a posibles actos anticipados de campa\u00f1a, utilizando como excusa el segundo informe legislativo para hacerse promoci\u00f3n personal con recursos p\u00fablicos Culiac\u00e1n, Sin.- Este viernes el diputado del Partido Sinaloense, Gene Rene Boj\u00f3rquez Ruiz, acompa\u00f1ado por el Secretario de Asuntos Jur\u00eddicos del PAS, Orlando del Rosario Guti\u00e9rrez L\u00f3pez, present\u00f3 una denuncia\/querella ante [&hellip;]\" \/>\n<meta property=\"og:url\" content=\"https:\/\/fuentesfidedignas.com.mx\/index.php\/2023\/09\/01\/presenta-gene-denuncia-contra-feliciano-castro-por-posibles-actos-anticipados-de-campana\/\" \/>\n<meta property=\"og:site_name\" content=\"Fuentes Fidedignas\" \/>\n<meta property=\"article:publisher\" content=\"https:\/\/www.facebook.com\/Fuentes-Fidedignas-368234489921644\" \/>\n<meta property=\"article:published_time\" content=\"2023-09-01T19:22:57+00:00\" \/>\n<meta property=\"article:modified_time\" content=\"2023-09-01T19:27:26+00:00\" \/>\n<meta property=\"og:image\" content=\"https:\/\/fuentesfidedignas.com.mx\/wp-content\/uploads\/2023\/09\/1693596012144-e1693596440186.jpg\" \/>\n\t<meta property=\"og:image:width\" content=\"590\" \/>\n\t<meta property=\"og:image:height\" content=\"411\" \/>\n\t<meta property=\"og:image:type\" content=\"image\/jpeg\" \/>\n<meta name=\"author\" content=\"Marissa Palafox\" \/>\n<meta name=\"twitter:card\" content=\"summary_large_image\" \/>\n<meta name=\"twitter:creator\" content=\"@fidedignas\" \/>\n<meta name=\"twitter:site\" content=\"@fidedignas\" \/>\n<meta name=\"twitter:label1\" content=\"Escrito por\" \/>\n\t<meta name=\"twitter:data1\" content=\"Marissa Palafox\" \/>\n\t<meta name=\"twitter:label2\" content=\"Tiempo de lectura\" \/>\n\t<meta name=\"twitter:data2\" content=\"2 minutos\" \/>\n<script type=\"application\/ld+json\" class=\"yoast-schema-graph\">{\"@context\":\"https:\\\/\\\/schema.org\",\"@graph\":[{\"@type\":\"Article\",\"@id\":\"https:\\\/\\\/fuentesfidedignas.com.mx\\\/index.php\\\/2023\\\/09\\\/01\\\/presenta-gene-denuncia-contra-feliciano-castro-por-posibles-actos-anticipados-de-campana\\\/#article\",\"isPartOf\":{\"@id\":\"https:\\\/\\\/fuentesfidedignas.com.mx\\\/index.php\\\/2023\\\/09\\\/01\\\/presenta-gene-denuncia-contra-feliciano-castro-por-posibles-actos-anticipados-de-campana\\\/\"},\"author\":{\"name\":\"Marissa Palafox\",\"@id\":\"https:\\\/\\\/fuentesfidedignas.com.mx\\\/#\\\/schema\\\/person\\\/2c10028b4a30078c05a056a215342ab9\"},\"headline\":\"Presenta Gene Boj\u00f3rquez denuncia contra Feliciano Castro por posibles actos anticipados de campa\u00f1a\",\"datePublished\":\"2023-09-01T19:22:57+00:00\",\"dateModified\":\"2023-09-01T19:27:26+00:00\",\"mainEntityOfPage\":{\"@id\":\"https:\\\/\\\/fuentesfidedignas.com.mx\\\/index.php\\\/2023\\\/09\\\/01\\\/presenta-gene-denuncia-contra-feliciano-castro-por-posibles-actos-anticipados-de-campana\\\/\"},\"wordCount\":335,\"commentCount\":0,\"publisher\":{\"@id\":\"https:\\\/\\\/fuentesfidedignas.com.mx\\\/#organization\"},\"image\":{\"@id\":\"https:\\\/\\\/fuentesfidedignas.com.mx\\\/index.php\\\/2023\\\/09\\\/01\\\/presenta-gene-denuncia-contra-feliciano-castro-por-posibles-actos-anticipados-de-campana\\\/#primaryimage\"},\"thumbnailUrl\":\"https:\\\/\\\/fuentesfidedignas.com.mx\\\/wp-content\\\/uploads\\\/2023\\\/09\\\/1693596012144-e1693596440186.jpg\",\"articleSection\":[\"NOTA PRINCIPAL\"],\"inLanguage\":\"es\",\"potentialAction\":[{\"@type\":\"CommentAction\",\"name\":\"Comment\",\"target\":[\"https:\\\/\\\/fuentesfidedignas.com.mx\\\/index.php\\\/2023\\\/09\\\/01\\\/presenta-gene-denuncia-contra-feliciano-castro-por-posibles-actos-anticipados-de-campana\\\/#respond\"]}]},{\"@type\":\"WebPage\",\"@id\":\"https:\\\/\\\/fuentesfidedignas.com.mx\\\/index.php\\\/2023\\\/09\\\/01\\\/presenta-gene-denuncia-contra-feliciano-castro-por-posibles-actos-anticipados-de-campana\\\/\",\"url\":\"https:\\\/\\\/fuentesfidedignas.com.mx\\\/index.php\\\/2023\\\/09\\\/01\\\/presenta-gene-denuncia-contra-feliciano-castro-por-posibles-actos-anticipados-de-campana\\\/\",\"name\":\"Presenta Gene Boj\u00f3rquez denuncia contra Feliciano Castro por posibles actos anticipados de campa\u00f1a - Fuentes Fidedignas\",\"isPartOf\":{\"@id\":\"https:\\\/\\\/fuentesfidedignas.com.mx\\\/#website\"},\"primaryImageOfPage\":{\"@id\":\"https:\\\/\\\/fuentesfidedignas.com.mx\\\/index.php\\\/2023\\\/09\\\/01\\\/presenta-gene-denuncia-contra-feliciano-castro-por-posibles-actos-anticipados-de-campana\\\/#primaryimage\"},\"image\":{\"@id\":\"https:\\\/\\\/fuentesfidedignas.com.mx\\\/index.php\\\/2023\\\/09\\\/01\\\/presenta-gene-denuncia-contra-feliciano-castro-por-posibles-actos-anticipados-de-campana\\\/#primaryimage\"},\"thumbnailUrl\":\"https:\\\/\\\/fuentesfidedignas.com.mx\\\/wp-content\\\/uploads\\\/2023\\\/09\\\/1693596012144-e1693596440186.jpg\",\"datePublished\":\"2023-09-01T19:22:57+00:00\",\"dateModified\":\"2023-09-01T19:27:26+00:00\",\"breadcrumb\":{\"@id\":\"https:\\\/\\\/fuentesfidedignas.com.mx\\\/index.php\\\/2023\\\/09\\\/01\\\/presenta-gene-denuncia-contra-feliciano-castro-por-posibles-actos-anticipados-de-campana\\\/#breadcrumb\"},\"inLanguage\":\"es\",\"potentialAction\":[{\"@type\":\"ReadAction\",\"target\":[\"https:\\\/\\\/fuentesfidedignas.com.mx\\\/index.php\\\/2023\\\/09\\\/01\\\/presenta-gene-denuncia-contra-feliciano-castro-por-posibles-actos-anticipados-de-campana\\\/\"]}]},{\"@type\":\"ImageObject\",\"inLanguage\":\"es\",\"@id\":\"https:\\\/\\\/fuentesfidedignas.com.mx\\\/index.php\\\/2023\\\/09\\\/01\\\/presenta-gene-denuncia-contra-feliciano-castro-por-posibles-actos-anticipados-de-campana\\\/#primaryimage\",\"url\":\"https:\\\/\\\/fuentesfidedignas.com.mx\\\/wp-content\\\/uploads\\\/2023\\\/09\\\/1693596012144-e1693596440186.jpg\",\"contentUrl\":\"https:\\\/\\\/fuentesfidedignas.com.mx\\\/wp-content\\\/uploads\\\/2023\\\/09\\\/1693596012144-e1693596440186.jpg\",\"width\":590,\"height\":411},{\"@type\":\"BreadcrumbList\",\"@id\":\"https:\\\/\\\/fuentesfidedignas.com.mx\\\/index.php\\\/2023\\\/09\\\/01\\\/presenta-gene-denuncia-contra-feliciano-castro-por-posibles-actos-anticipados-de-campana\\\/#breadcrumb\",\"itemListElement\":[{\"@type\":\"ListItem\",\"position\":1,\"name\":\"Inicio\",\"item\":\"https:\\\/\\\/fuentesfidedignas.com.mx\\\/\"},{\"@type\":\"ListItem\",\"position\":2,\"name\":\"Presenta Gene Boj\u00f3rquez denuncia contra Feliciano Castro por posibles actos anticipados de campa\u00f1a\"}]},{\"@type\":\"WebSite\",\"@id\":\"https:\\\/\\\/fuentesfidedignas.com.mx\\\/#website\",\"url\":\"https:\\\/\\\/fuentesfidedignas.com.mx\\\/\",\"name\":\"Fuentes Fidedignas\",\"description\":\"Otro sitio realizado con WordPress\",\"publisher\":{\"@id\":\"https:\\\/\\\/fuentesfidedignas.com.mx\\\/#organization\"},\"potentialAction\":[{\"@type\":\"SearchAction\",\"target\":{\"@type\":\"EntryPoint\",\"urlTemplate\":\"https:\\\/\\\/fuentesfidedignas.com.mx\\\/?s={search_term_string}\"},\"query-input\":{\"@type\":\"PropertyValueSpecification\",\"valueRequired\":true,\"valueName\":\"search_term_string\"}}],\"inLanguage\":\"es\"},{\"@type\":\"Organization\",\"@id\":\"https:\\\/\\\/fuentesfidedignas.com.mx\\\/#organization\",\"name\":\"Fuentes Fidedignas\",\"url\":\"https:\\\/\\\/fuentesfidedignas.com.mx\\\/\",\"logo\":{\"@type\":\"ImageObject\",\"inLanguage\":\"es\",\"@id\":\"https:\\\/\\\/fuentesfidedignas.com.mx\\\/#\\\/schema\\\/logo\\\/image\\\/\",\"url\":\"https:\\\/\\\/fuentesfidedignas.com.mx\\\/wp-content\\\/uploads\\\/2021\\\/04\\\/logo-retina.png\",\"contentUrl\":\"https:\\\/\\\/fuentesfidedignas.com.mx\\\/wp-content\\\/uploads\\\/2021\\\/04\\\/logo-retina.png\",\"width\":280,\"height\":51,\"caption\":\"Fuentes Fidedignas\"},\"image\":{\"@id\":\"https:\\\/\\\/fuentesfidedignas.com.mx\\\/#\\\/schema\\\/logo\\\/image\\\/\"},\"sameAs\":[\"https:\\\/\\\/www.facebook.com\\\/Fuentes-Fidedignas-368234489921644\",\"https:\\\/\\\/x.com\\\/fidedignas\"]},{\"@type\":\"Person\",\"@id\":\"https:\\\/\\\/fuentesfidedignas.com.mx\\\/#\\\/schema\\\/person\\\/2c10028b4a30078c05a056a215342ab9\",\"name\":\"Marissa Palafox\",\"image\":{\"@type\":\"ImageObject\",\"inLanguage\":\"es\",\"@id\":\"https:\\\/\\\/secure.gravatar.com\\\/avatar\\\/20a43bdb2f2db10f20b22d4e98b96eb027faf98f7f76d29854dc5fab46d1cf71?s=96&d=mm&r=g\",\"url\":\"https:\\\/\\\/secure.gravatar.com\\\/avatar\\\/20a43bdb2f2db10f20b22d4e98b96eb027faf98f7f76d29854dc5fab46d1cf71?s=96&d=mm&r=g\",\"contentUrl\":\"https:\\\/\\\/secure.gravatar.com\\\/avatar\\\/20a43bdb2f2db10f20b22d4e98b96eb027faf98f7f76d29854dc5fab46d1cf71?s=96&d=mm&r=g\",\"caption\":\"Marissa Palafox\"},\"url\":\"https:\\\/\\\/fuentesfidedignas.com.mx\\\/index.php\\\/author\\\/marissa\\\/\"}]}<\/script>\n<!-- \/ Yoast SEO plugin. -->","yoast_head_json":{"title":"Presenta Gene Boj\u00f3rquez denuncia contra Feliciano Castro por posibles actos anticipados de campa\u00f1a - Fuentes Fidedignas","robots":{"index":"index","follow":"follow","max-snippet":"max-snippet:-1","max-image-preview":"max-image-preview:large","max-video-preview":"max-video-preview:-1"},"canonical":"https:\/\/fuentesfidedignas.com.mx\/index.php\/2023\/09\/01\/presenta-gene-denuncia-contra-feliciano-castro-por-posibles-actos-anticipados-de-campana\/","og_locale":"es_MX","og_type":"article","og_title":"Presenta Gene Boj\u00f3rquez denuncia contra Feliciano Castro por posibles actos anticipados de campa\u00f1a - Fuentes Fidedignas","og_description":"Especific\u00f3 que es debido a posibles actos anticipados de campa\u00f1a, utilizando como excusa el segundo informe legislativo para hacerse promoci\u00f3n personal con recursos p\u00fablicos Culiac\u00e1n, Sin.- Este viernes el diputado del Partido Sinaloense, Gene Rene Boj\u00f3rquez Ruiz, acompa\u00f1ado por el Secretario de Asuntos Jur\u00eddicos del PAS, Orlando del Rosario Guti\u00e9rrez L\u00f3pez, present\u00f3 una denuncia\/querella ante [&hellip;]","og_url":"https:\/\/fuentesfidedignas.com.mx\/index.php\/2023\/09\/01\/presenta-gene-denuncia-contra-feliciano-castro-por-posibles-actos-anticipados-de-campana\/","og_site_name":"Fuentes Fidedignas","article_publisher":"https:\/\/www.facebook.com\/Fuentes-Fidedignas-368234489921644","article_published_time":"2023-09-01T19:22:57+00:00","article_modified_time":"2023-09-01T19:27:26+00:00","og_image":[{"width":590,"height":411,"url":"https:\/\/fuentesfidedignas.com.mx\/wp-content\/uploads\/2023\/09\/1693596012144-e1693596440186.jpg","type":"image\/jpeg"}],"author":"Marissa Palafox","twitter_card":"summary_large_image","twitter_creator":"@fidedignas","twitter_site":"@fidedignas","twitter_misc":{"Escrito por":"Marissa Palafox","Tiempo de lectura":"2 minutos"},"schema":{"@context":"https:\/\/schema.org","@graph":[{"@type":"Article","@id":"https:\/\/fuentesfidedignas.com.mx\/index.php\/2023\/09\/01\/presenta-gene-denuncia-contra-feliciano-castro-por-posibles-actos-anticipados-de-campana\/#article","isPartOf":{"@id":"https:\/\/fuentesfidedignas.com.mx\/index.php\/2023\/09\/01\/presenta-gene-denuncia-contra-feliciano-castro-por-posibles-actos-anticipados-de-campana\/"},"author":{"name":"Marissa Palafox","@id":"https:\/\/fuentesfidedignas.com.mx\/#\/schema\/person\/2c10028b4a30078c05a056a215342ab9"},"headline":"Presenta Gene Boj\u00f3rquez denuncia contra Feliciano Castro por posibles actos anticipados de campa\u00f1a","datePublished":"2023-09-01T19:22:57+00:00","dateModified":"2023-09-01T19:27:26+00:00","mainEntityOfPage":{"@id":"https:\/\/fuentesfidedignas.com.mx\/index.php\/2023\/09\/01\/presenta-gene-denuncia-contra-feliciano-castro-por-posibles-actos-anticipados-de-campana\/"},"wordCount":335,"commentCount":0,"publisher":{"@id":"https:\/\/fuentesfidedignas.com.mx\/#organization"},"image":{"@id":"https:\/\/fuentesfidedignas.com.mx\/index.php\/2023\/09\/01\/presenta-gene-denuncia-contra-feliciano-castro-por-posibles-actos-anticipados-de-campana\/#primaryimage"},"thumbnailUrl":"https:\/\/fuentesfidedignas.com.mx\/wp-content\/uploads\/2023\/09\/1693596012144-e1693596440186.jpg","articleSection":["NOTA PRINCIPAL"],"inLanguage":"es","potentialAction":[{"@type":"CommentAction","name":"Comment","target":["https:\/\/fuentesfidedignas.com.mx\/index.php\/2023\/09\/01\/presenta-gene-denuncia-contra-feliciano-castro-por-posibles-actos-anticipados-de-campana\/#respond"]}]},{"@type":"WebPage","@id":"https:\/\/fuentesfidedignas.com.mx\/index.php\/2023\/09\/01\/presenta-gene-denuncia-contra-feliciano-castro-por-posibles-actos-anticipados-de-campana\/","url":"https:\/\/fuentesfidedignas.com.mx\/index.php\/2023\/09\/01\/presenta-gene-denuncia-contra-feliciano-castro-por-posibles-actos-anticipados-de-campana\/","name":"Presenta Gene Boj\u00f3rquez denuncia contra Feliciano Castro por posibles actos anticipados de campa\u00f1a - Fuentes Fidedignas","isPartOf":{"@id":"https:\/\/fuentesfidedignas.com.mx\/#website"},"primaryImageOfPage":{"@id":"https:\/\/fuentesfidedignas.com.mx\/index.php\/2023\/09\/01\/presenta-gene-denuncia-contra-feliciano-castro-por-posibles-actos-anticipados-de-campana\/#primaryimage"},"image":{"@id":"https:\/\/fuentesfidedignas.com.mx\/index.php\/2023\/09\/01\/presenta-gene-denuncia-contra-feliciano-castro-por-posibles-actos-anticipados-de-campana\/#primaryimage"},"thumbnailUrl":"https:\/\/fuentesfidedignas.com.mx\/wp-content\/uploads\/2023\/09\/1693596012144-e1693596440186.jpg","datePublished":"2023-09-01T19:22:57+00:00","dateModified":"2023-09-01T19:27:26+00:00","breadcrumb":{"@id":"https:\/\/fuentesfidedignas.com.mx\/index.php\/2023\/09\/01\/presenta-gene-denuncia-contra-feliciano-castro-por-posibles-actos-anticipados-de-campana\/#breadcrumb"},"inLanguage":"es","potentialAction":[{"@type":"ReadAction","target":["https:\/\/fuentesfidedignas.com.mx\/index.php\/2023\/09\/01\/presenta-gene-denuncia-contra-feliciano-castro-por-posibles-actos-anticipados-de-campana\/"]}]},{"@type":"ImageObject","inLanguage":"es","@id":"https:\/\/fuentesfidedignas.com.mx\/index.php\/2023\/09\/01\/presenta-gene-denuncia-contra-feliciano-castro-por-posibles-actos-anticipados-de-campana\/#primaryimage","url":"https:\/\/fuentesfidedignas.com.mx\/wp-content\/uploads\/2023\/09\/1693596012144-e1693596440186.jpg","contentUrl":"https:\/\/fuentesfidedignas.com.mx\/wp-content\/uploads\/2023\/09\/1693596012144-e1693596440186.jpg","width":590,"height":411},{"@type":"BreadcrumbList","@id":"https:\/\/fuentesfidedignas.com.mx\/index.php\/2023\/09\/01\/presenta-gene-denuncia-contra-feliciano-castro-por-posibles-actos-anticipados-de-campana\/#breadcrumb","itemListElement":[{"@type":"ListItem","position":1,"name":"Inicio","item":"https:\/\/fuentesfidedignas.com.mx\/"},{"@type":"ListItem","position":2,"name":"Presenta Gene Boj\u00f3rquez denuncia contra Feliciano Castro por posibles actos anticipados de campa\u00f1a"}]},{"@type":"WebSite","@id":"https:\/\/fuentesfidedignas.com.mx\/#website","url":"https:\/\/fuentesfidedignas.com.mx\/","name":"Fuentes Fidedignas","description":"Otro sitio realizado con WordPress","publisher":{"@id":"https:\/\/fuentesfidedignas.com.mx\/#organization"},"potentialAction":[{"@type":"SearchAction","target":{"@type":"EntryPoint","urlTemplate":"https:\/\/fuentesfidedignas.com.mx\/?s={search_term_string}"},"query-input":{"@type":"PropertyValueSpecification","valueRequired":true,"valueName":"search_term_string"}}],"inLanguage":"es"},{"@type":"Organization","@id":"https:\/\/fuentesfidedignas.com.mx\/#organization","name":"Fuentes Fidedignas","url":"https:\/\/fuentesfidedignas.com.mx\/","logo":{"@type":"ImageObject","inLanguage":"es","@id":"https:\/\/fuentesfidedignas.com.mx\/#\/schema\/logo\/image\/","url":"https:\/\/fuentesfidedignas.com.mx\/wp-content\/uploads\/2021\/04\/logo-retina.png","contentUrl":"https:\/\/fuentesfidedignas.com.mx\/wp-content\/uploads\/2021\/04\/logo-retina.png","width":280,"height":51,"caption":"Fuentes Fidedignas"},"image":{"@id":"https:\/\/fuentesfidedignas.com.mx\/#\/schema\/logo\/image\/"},"sameAs":["https:\/\/www.facebook.com\/Fuentes-Fidedignas-368234489921644","https:\/\/x.com\/fidedignas"]},{"@type":"Person","@id":"https:\/\/fuentesfidedignas.com.mx\/#\/schema\/person\/2c10028b4a30078c05a056a215342ab9","name":"Marissa Palafox","image":{"@type":"ImageObject","inLanguage":"es","@id":"https:\/\/secure.gravatar.com\/avatar\/20a43bdb2f2db10f20b22d4e98b96eb027faf98f7f76d29854dc5fab46d1cf71?s=96&d=mm&r=g","url":"https:\/\/secure.gravatar.com\/avatar\/20a43bdb2f2db10f20b22d4e98b96eb027faf98f7f76d29854dc5fab46d1cf71?s=96&d=mm&r=g","contentUrl":"https:\/\/secure.gravatar.com\/avatar\/20a43bdb2f2db10f20b22d4e98b96eb027faf98f7f76d29854dc5fab46d1cf71?s=96&d=mm&r=g","caption":"Marissa Palafox"},"url":"https:\/\/fuentesfidedignas.com.mx\/index.php\/author\/marissa\/"}]}},"_links":{"self":[{"href":"https:\/\/fuentesfidedignas.com.mx\/index.php\/wp-json\/wp\/v2\/posts\/57477","targetHints":{"allow":["GET"]}}],"collection":[{"href":"https:\/\/fuentesfidedignas.com.mx\/index.php\/wp-json\/wp\/v2\/posts"}],"about":[{"href":"https:\/\/fuentesfidedignas.com.mx\/index.php\/wp-json\/wp\/v2\/types\/post"}],"author":[{"embeddable":true,"href":"https:\/\/fuentesfidedignas.com.mx\/index.php\/wp-json\/wp\/v2\/users\/11"}],"replies":[{"embeddable":true,"href":"https:\/\/fuentesfidedignas.com.mx\/index.php\/wp-json\/wp\/v2\/comments?post=57477"}],"version-history":[{"count":1,"href":"https:\/\/fuentesfidedignas.com.mx\/index.php\/wp-json\/wp\/v2\/posts\/57477\/revisions"}],"predecessor-version":[{"id":57482,"href":"https:\/\/fuentesfidedignas.com.mx\/index.php\/wp-json\/wp\/v2\/posts\/57477\/revisions\/57482"}],"wp:featuredmedia":[{"embeddable":true,"href":"https:\/\/fuentesfidedignas.com.mx\/index.php\/wp-json\/wp\/v2\/media\/57481"}],"wp:attachment":[{"href":"https:\/\/fuentesfidedignas.com.mx\/index.php\/wp-json\/wp\/v2\/media?parent=57477"}],"wp:term":[{"taxonomy":"category","embeddable":true,"href":"https:\/\/fuentesfidedignas.com.mx\/index.php\/wp-json\/wp\/v2\/categories?post=57477"},{"taxonomy":"post_tag","embeddable":true,"href":"https:\/\/fuentesfidedignas.com.mx\/index.php\/wp-json\/wp\/v2\/tags?post=57477"}],"curies":[{"name":"wp","href":"https:\/\/api.w.org\/{rel}","templated":true}]}}