{"id":57374,"date":"2023-08-31T16:47:34","date_gmt":"2023-08-31T23:47:34","guid":{"rendered":"https:\/\/fuentesfidedignas.com.mx\/?p=57374"},"modified":"2023-08-31T17:25:51","modified_gmt":"2023-09-01T00:25:51","slug":"declinacion-del-pri-fue-una-decision-acertada-coinciden-pan-y-prd-en-sinaloa","status":"publish","type":"post","link":"https:\/\/fuentesfidedignas.com.mx\/index.php\/2023\/08\/31\/declinacion-del-pri-fue-una-decision-acertada-coinciden-pan-y-prd-en-sinaloa\/","title":{"rendered":"Declinaci\u00f3n del PRI fue una decisi\u00f3n acertada, coinciden PAN y PRD en Sinaloa"},"content":{"rendered":"\n<p><em><strong>Al menos en Sinaloa, a\u00fan hay una posibilidad de sumar a otros partidos locales, <\/strong><\/em><strong><em>afirm\u00f3 Edgardo Burgos<\/em><\/strong><\/p>\n\n\n\n<p>Culiac\u00e1n, Sin.- Como una decisi\u00f3n acertada y respetuosa, calificaron los representantes del PAN y el PRD la declinaci\u00f3n de la aspirante Beatriz Paredes y de su partido, el PRI, para apoyar \u00fanicamente a X\u00f3chitl G\u00e1lvez para ser la candidata del Frente Amplio por M\u00e9xico en las elecciones presidenciales del 2024.<\/p>\n\n\n\n<p>&#8220;<strong>De respeto la decisi\u00f3n que tom\u00f3 el Partido Revolucionario Institucional. Desde luego hay un reconocimiento a Beatriz Paredes, como una mujer talentosa, valiente, comprometida, generosa igual que el PRI<\/strong>&#8220;, asinti\u00f3 Edgardo Burgos Marentes, representante de Acci\u00f3n Nacional. <\/p>\n\n\n\n<p>El panista se\u00f1al\u00f3 que de ahora en adelante a la coalici\u00f3n le queda el seguir sumando esfuerzos con miras a las pr\u00f3ximas elecciones. En ese sentido, inform\u00f3 que al menos en Sinaloa a\u00fan hay una posibilidad de sumar a otros partidos locales o nacionales al Frente Amplio.<\/p>\n\n\n\n<p>&#8220;<strong>Hoy lo que nos queda es seguir construyendo, seguir viendo hacia adelante, presentar la mejor opci\u00f3n que podamos construir con y de la mano de los ciudadanos. Creemos que el Frente Amplio puede ser una opci\u00f3n para poder derrocar y ganarle en las urnas a Morena en el 2024<\/strong>&#8220;, a\u00f1adi\u00f3.<\/p>\n\n\n\n<p>En tanto, el presidente de la Mesa Directiva Estatal del PRD, Oner Lazcano L\u00f3pez, celebr\u00f3 la decisi\u00f3n del tricolor, sum\u00e1ndose al Sol Azteca en el apoyo \u00fanico a X\u00f3chitl G\u00e1lvez. Por lo que reconoci\u00f3 el trabajo de la precandidata pri\u00edsta y la describi\u00f3 como una mujer preparada y dem\u00f3crata.<\/p>\n\n\n\n<p>&#8220;<strong>Fue una decisi\u00f3n acertada, porque nosotros como partido ya hab\u00edamos declinado en apoyo a X\u00f3chitl. Ahora se dan a conocer las encuestas donde sale 15 puntos arriba de Beatriz Paredes<\/strong>. <strong>Ya no tendr\u00eda caso continuar con este proceso de consulta de este domingo 3 de septiembre<\/strong>&#8220;, asever\u00f3.<\/p>\n\n\n\n<p><\/p>\n","protected":false},"excerpt":{"rendered":"<p>Al menos en Sinaloa, a\u00fan hay una posibilidad de sumar a otros partidos locales, afirm\u00f3 Edgardo Burgos Culiac\u00e1n, Sin.- Como una decisi\u00f3n acertada y respetuosa, calificaron los representantes del PAN y el PRD la declinaci\u00f3n de la aspirante Beatriz Paredes y de su partido, el PRI, para apoyar \u00fanicamente a X\u00f3chitl G\u00e1lvez para ser la [&hellip;]<\/p>\n","protected":false},"author":11,"featured_media":57377,"comment_status":"open","ping_status":"open","sticky":false,"template":"","format":"standard","meta":{"tdm_status":"","tdm_grid_status":"","footnotes":""},"categories":[38],"tags":[],"class_list":{"0":"post-57374","1":"post","2":"type-post","3":"status-publish","4":"format-standard","5":"has-post-thumbnail","7":"category-noticias-locales"},"yoast_head":"<!-- This site is optimized with the Yoast SEO plugin v27.4 - https:\/\/yoast.com\/product\/yoast-seo-wordpress\/ -->\n<title>Declinaci\u00f3n del PRI fue una decisi\u00f3n acertada, coinciden PAN y PRD en Sinaloa - Fuentes Fidedignas<\/title>\n<meta name=\"robots\" content=\"index, follow, max-snippet:-1, max-image-preview:large, max-video-preview:-1\" \/>\n<link rel=\"canonical\" href=\"https:\/\/fuentesfidedignas.com.mx\/index.php\/2023\/08\/31\/declinacion-del-pri-fue-una-decision-acertada-coinciden-pan-y-prd-en-sinaloa\/\" \/>\n<meta property=\"og:locale\" content=\"es_MX\" \/>\n<meta property=\"og:type\" content=\"article\" \/>\n<meta property=\"og:title\" content=\"Declinaci\u00f3n del PRI fue una decisi\u00f3n acertada, coinciden PAN y PRD en Sinaloa - Fuentes Fidedignas\" \/>\n<meta property=\"og:description\" content=\"Al menos en Sinaloa, a\u00fan hay una posibilidad de sumar a otros partidos locales, afirm\u00f3 Edgardo Burgos Culiac\u00e1n, Sin.- Como una decisi\u00f3n acertada y respetuosa, calificaron los representantes del PAN y el PRD la declinaci\u00f3n de la aspirante Beatriz Paredes y de su partido, el PRI, para apoyar \u00fanicamente a X\u00f3chitl G\u00e1lvez para ser la [&hellip;]\" \/>\n<meta property=\"og:url\" content=\"https:\/\/fuentesfidedignas.com.mx\/index.php\/2023\/08\/31\/declinacion-del-pri-fue-una-decision-acertada-coinciden-pan-y-prd-en-sinaloa\/\" \/>\n<meta property=\"og:site_name\" content=\"Fuentes Fidedignas\" \/>\n<meta property=\"article:publisher\" content=\"https:\/\/www.facebook.com\/Fuentes-Fidedignas-368234489921644\" \/>\n<meta property=\"article:published_time\" content=\"2023-08-31T23:47:34+00:00\" \/>\n<meta property=\"article:modified_time\" content=\"2023-09-01T00:25:51+00:00\" \/>\n<meta property=\"og:image\" content=\"https:\/\/fuentesfidedignas.com.mx\/wp-content\/uploads\/2023\/08\/edgardo-burgos-e1693525581976.jpg\" \/>\n\t<meta property=\"og:image:width\" content=\"600\" \/>\n\t<meta property=\"og:image:height\" content=\"450\" \/>\n\t<meta property=\"og:image:type\" content=\"image\/jpeg\" \/>\n<meta name=\"author\" content=\"Marissa Palafox\" \/>\n<meta name=\"twitter:card\" content=\"summary_large_image\" \/>\n<meta name=\"twitter:creator\" content=\"@fidedignas\" \/>\n<meta name=\"twitter:site\" content=\"@fidedignas\" \/>\n<meta name=\"twitter:label1\" content=\"Escrito por\" \/>\n\t<meta name=\"twitter:data1\" content=\"Marissa Palafox\" \/>\n\t<meta name=\"twitter:label2\" content=\"Tiempo de lectura\" \/>\n\t<meta name=\"twitter:data2\" content=\"2 minutos\" \/>\n<script type=\"application\/ld+json\" class=\"yoast-schema-graph\">{\"@context\":\"https:\\\/\\\/schema.org\",\"@graph\":[{\"@type\":\"Article\",\"@id\":\"https:\\\/\\\/fuentesfidedignas.com.mx\\\/index.php\\\/2023\\\/08\\\/31\\\/declinacion-del-pri-fue-una-decision-acertada-coinciden-pan-y-prd-en-sinaloa\\\/#article\",\"isPartOf\":{\"@id\":\"https:\\\/\\\/fuentesfidedignas.com.mx\\\/index.php\\\/2023\\\/08\\\/31\\\/declinacion-del-pri-fue-una-decision-acertada-coinciden-pan-y-prd-en-sinaloa\\\/\"},\"author\":{\"name\":\"Marissa Palafox\",\"@id\":\"https:\\\/\\\/fuentesfidedignas.com.mx\\\/#\\\/schema\\\/person\\\/2c10028b4a30078c05a056a215342ab9\"},\"headline\":\"Declinaci\u00f3n del PRI fue una decisi\u00f3n acertada, coinciden PAN y PRD en Sinaloa\",\"datePublished\":\"2023-08-31T23:47:34+00:00\",\"dateModified\":\"2023-09-01T00:25:51+00:00\",\"mainEntityOfPage\":{\"@id\":\"https:\\\/\\\/fuentesfidedignas.com.mx\\\/index.php\\\/2023\\\/08\\\/31\\\/declinacion-del-pri-fue-una-decision-acertada-coinciden-pan-y-prd-en-sinaloa\\\/\"},\"wordCount\":336,\"commentCount\":0,\"publisher\":{\"@id\":\"https:\\\/\\\/fuentesfidedignas.com.mx\\\/#organization\"},\"image\":{\"@id\":\"https:\\\/\\\/fuentesfidedignas.com.mx\\\/index.php\\\/2023\\\/08\\\/31\\\/declinacion-del-pri-fue-una-decision-acertada-coinciden-pan-y-prd-en-sinaloa\\\/#primaryimage\"},\"thumbnailUrl\":\"https:\\\/\\\/fuentesfidedignas.com.mx\\\/wp-content\\\/uploads\\\/2023\\\/08\\\/edgardo-burgos-e1693525581976.jpg\",\"articleSection\":[\"NOTICIAS LOCALES\"],\"inLanguage\":\"es\",\"potentialAction\":[{\"@type\":\"CommentAction\",\"name\":\"Comment\",\"target\":[\"https:\\\/\\\/fuentesfidedignas.com.mx\\\/index.php\\\/2023\\\/08\\\/31\\\/declinacion-del-pri-fue-una-decision-acertada-coinciden-pan-y-prd-en-sinaloa\\\/#respond\"]}]},{\"@type\":\"WebPage\",\"@id\":\"https:\\\/\\\/fuentesfidedignas.com.mx\\\/index.php\\\/2023\\\/08\\\/31\\\/declinacion-del-pri-fue-una-decision-acertada-coinciden-pan-y-prd-en-sinaloa\\\/\",\"url\":\"https:\\\/\\\/fuentesfidedignas.com.mx\\\/index.php\\\/2023\\\/08\\\/31\\\/declinacion-del-pri-fue-una-decision-acertada-coinciden-pan-y-prd-en-sinaloa\\\/\",\"name\":\"Declinaci\u00f3n del PRI fue una decisi\u00f3n acertada, coinciden PAN y PRD en Sinaloa - Fuentes Fidedignas\",\"isPartOf\":{\"@id\":\"https:\\\/\\\/fuentesfidedignas.com.mx\\\/#website\"},\"primaryImageOfPage\":{\"@id\":\"https:\\\/\\\/fuentesfidedignas.com.mx\\\/index.php\\\/2023\\\/08\\\/31\\\/declinacion-del-pri-fue-una-decision-acertada-coinciden-pan-y-prd-en-sinaloa\\\/#primaryimage\"},\"image\":{\"@id\":\"https:\\\/\\\/fuentesfidedignas.com.mx\\\/index.php\\\/2023\\\/08\\\/31\\\/declinacion-del-pri-fue-una-decision-acertada-coinciden-pan-y-prd-en-sinaloa\\\/#primaryimage\"},\"thumbnailUrl\":\"https:\\\/\\\/fuentesfidedignas.com.mx\\\/wp-content\\\/uploads\\\/2023\\\/08\\\/edgardo-burgos-e1693525581976.jpg\",\"datePublished\":\"2023-08-31T23:47:34+00:00\",\"dateModified\":\"2023-09-01T00:25:51+00:00\",\"breadcrumb\":{\"@id\":\"https:\\\/\\\/fuentesfidedignas.com.mx\\\/index.php\\\/2023\\\/08\\\/31\\\/declinacion-del-pri-fue-una-decision-acertada-coinciden-pan-y-prd-en-sinaloa\\\/#breadcrumb\"},\"inLanguage\":\"es\",\"potentialAction\":[{\"@type\":\"ReadAction\",\"target\":[\"https:\\\/\\\/fuentesfidedignas.com.mx\\\/index.php\\\/2023\\\/08\\\/31\\\/declinacion-del-pri-fue-una-decision-acertada-coinciden-pan-y-prd-en-sinaloa\\\/\"]}]},{\"@type\":\"ImageObject\",\"inLanguage\":\"es\",\"@id\":\"https:\\\/\\\/fuentesfidedignas.com.mx\\\/index.php\\\/2023\\\/08\\\/31\\\/declinacion-del-pri-fue-una-decision-acertada-coinciden-pan-y-prd-en-sinaloa\\\/#primaryimage\",\"url\":\"https:\\\/\\\/fuentesfidedignas.com.mx\\\/wp-content\\\/uploads\\\/2023\\\/08\\\/edgardo-burgos-e1693525581976.jpg\",\"contentUrl\":\"https:\\\/\\\/fuentesfidedignas.com.mx\\\/wp-content\\\/uploads\\\/2023\\\/08\\\/edgardo-burgos-e1693525581976.jpg\",\"width\":600,\"height\":450},{\"@type\":\"BreadcrumbList\",\"@id\":\"https:\\\/\\\/fuentesfidedignas.com.mx\\\/index.php\\\/2023\\\/08\\\/31\\\/declinacion-del-pri-fue-una-decision-acertada-coinciden-pan-y-prd-en-sinaloa\\\/#breadcrumb\",\"itemListElement\":[{\"@type\":\"ListItem\",\"position\":1,\"name\":\"Inicio\",\"item\":\"https:\\\/\\\/fuentesfidedignas.com.mx\\\/\"},{\"@type\":\"ListItem\",\"position\":2,\"name\":\"Declinaci\u00f3n del PRI fue una decisi\u00f3n acertada, coinciden PAN y PRD en Sinaloa\"}]},{\"@type\":\"WebSite\",\"@id\":\"https:\\\/\\\/fuentesfidedignas.com.mx\\\/#website\",\"url\":\"https:\\\/\\\/fuentesfidedignas.com.mx\\\/\",\"name\":\"Fuentes Fidedignas\",\"description\":\"Otro sitio realizado con WordPress\",\"publisher\":{\"@id\":\"https:\\\/\\\/fuentesfidedignas.com.mx\\\/#organization\"},\"potentialAction\":[{\"@type\":\"SearchAction\",\"target\":{\"@type\":\"EntryPoint\",\"urlTemplate\":\"https:\\\/\\\/fuentesfidedignas.com.mx\\\/?s={search_term_string}\"},\"query-input\":{\"@type\":\"PropertyValueSpecification\",\"valueRequired\":true,\"valueName\":\"search_term_string\"}}],\"inLanguage\":\"es\"},{\"@type\":\"Organization\",\"@id\":\"https:\\\/\\\/fuentesfidedignas.com.mx\\\/#organization\",\"name\":\"Fuentes Fidedignas\",\"url\":\"https:\\\/\\\/fuentesfidedignas.com.mx\\\/\",\"logo\":{\"@type\":\"ImageObject\",\"inLanguage\":\"es\",\"@id\":\"https:\\\/\\\/fuentesfidedignas.com.mx\\\/#\\\/schema\\\/logo\\\/image\\\/\",\"url\":\"https:\\\/\\\/fuentesfidedignas.com.mx\\\/wp-content\\\/uploads\\\/2021\\\/04\\\/logo-retina.png\",\"contentUrl\":\"https:\\\/\\\/fuentesfidedignas.com.mx\\\/wp-content\\\/uploads\\\/2021\\\/04\\\/logo-retina.png\",\"width\":280,\"height\":51,\"caption\":\"Fuentes Fidedignas\"},\"image\":{\"@id\":\"https:\\\/\\\/fuentesfidedignas.com.mx\\\/#\\\/schema\\\/logo\\\/image\\\/\"},\"sameAs\":[\"https:\\\/\\\/www.facebook.com\\\/Fuentes-Fidedignas-368234489921644\",\"https:\\\/\\\/x.com\\\/fidedignas\"]},{\"@type\":\"Person\",\"@id\":\"https:\\\/\\\/fuentesfidedignas.com.mx\\\/#\\\/schema\\\/person\\\/2c10028b4a30078c05a056a215342ab9\",\"name\":\"Marissa Palafox\",\"image\":{\"@type\":\"ImageObject\",\"inLanguage\":\"es\",\"@id\":\"https:\\\/\\\/secure.gravatar.com\\\/avatar\\\/20a43bdb2f2db10f20b22d4e98b96eb027faf98f7f76d29854dc5fab46d1cf71?s=96&d=mm&r=g\",\"url\":\"https:\\\/\\\/secure.gravatar.com\\\/avatar\\\/20a43bdb2f2db10f20b22d4e98b96eb027faf98f7f76d29854dc5fab46d1cf71?s=96&d=mm&r=g\",\"contentUrl\":\"https:\\\/\\\/secure.gravatar.com\\\/avatar\\\/20a43bdb2f2db10f20b22d4e98b96eb027faf98f7f76d29854dc5fab46d1cf71?s=96&d=mm&r=g\",\"caption\":\"Marissa Palafox\"},\"url\":\"https:\\\/\\\/fuentesfidedignas.com.mx\\\/index.php\\\/author\\\/marissa\\\/\"}]}<\/script>\n<!-- \/ Yoast SEO plugin. -->","yoast_head_json":{"title":"Declinaci\u00f3n del PRI fue una decisi\u00f3n acertada, coinciden PAN y PRD en Sinaloa - Fuentes Fidedignas","robots":{"index":"index","follow":"follow","max-snippet":"max-snippet:-1","max-image-preview":"max-image-preview:large","max-video-preview":"max-video-preview:-1"},"canonical":"https:\/\/fuentesfidedignas.com.mx\/index.php\/2023\/08\/31\/declinacion-del-pri-fue-una-decision-acertada-coinciden-pan-y-prd-en-sinaloa\/","og_locale":"es_MX","og_type":"article","og_title":"Declinaci\u00f3n del PRI fue una decisi\u00f3n acertada, coinciden PAN y PRD en Sinaloa - Fuentes Fidedignas","og_description":"Al menos en Sinaloa, a\u00fan hay una posibilidad de sumar a otros partidos locales, afirm\u00f3 Edgardo Burgos Culiac\u00e1n, Sin.- Como una decisi\u00f3n acertada y respetuosa, calificaron los representantes del PAN y el PRD la declinaci\u00f3n de la aspirante Beatriz Paredes y de su partido, el PRI, para apoyar \u00fanicamente a X\u00f3chitl G\u00e1lvez para ser la [&hellip;]","og_url":"https:\/\/fuentesfidedignas.com.mx\/index.php\/2023\/08\/31\/declinacion-del-pri-fue-una-decision-acertada-coinciden-pan-y-prd-en-sinaloa\/","og_site_name":"Fuentes Fidedignas","article_publisher":"https:\/\/www.facebook.com\/Fuentes-Fidedignas-368234489921644","article_published_time":"2023-08-31T23:47:34+00:00","article_modified_time":"2023-09-01T00:25:51+00:00","og_image":[{"width":600,"height":450,"url":"https:\/\/fuentesfidedignas.com.mx\/wp-content\/uploads\/2023\/08\/edgardo-burgos-e1693525581976.jpg","type":"image\/jpeg"}],"author":"Marissa Palafox","twitter_card":"summary_large_image","twitter_creator":"@fidedignas","twitter_site":"@fidedignas","twitter_misc":{"Escrito por":"Marissa Palafox","Tiempo de lectura":"2 minutos"},"schema":{"@context":"https:\/\/schema.org","@graph":[{"@type":"Article","@id":"https:\/\/fuentesfidedignas.com.mx\/index.php\/2023\/08\/31\/declinacion-del-pri-fue-una-decision-acertada-coinciden-pan-y-prd-en-sinaloa\/#article","isPartOf":{"@id":"https:\/\/fuentesfidedignas.com.mx\/index.php\/2023\/08\/31\/declinacion-del-pri-fue-una-decision-acertada-coinciden-pan-y-prd-en-sinaloa\/"},"author":{"name":"Marissa Palafox","@id":"https:\/\/fuentesfidedignas.com.mx\/#\/schema\/person\/2c10028b4a30078c05a056a215342ab9"},"headline":"Declinaci\u00f3n del PRI fue una decisi\u00f3n acertada, coinciden PAN y PRD en Sinaloa","datePublished":"2023-08-31T23:47:34+00:00","dateModified":"2023-09-01T00:25:51+00:00","mainEntityOfPage":{"@id":"https:\/\/fuentesfidedignas.com.mx\/index.php\/2023\/08\/31\/declinacion-del-pri-fue-una-decision-acertada-coinciden-pan-y-prd-en-sinaloa\/"},"wordCount":336,"commentCount":0,"publisher":{"@id":"https:\/\/fuentesfidedignas.com.mx\/#organization"},"image":{"@id":"https:\/\/fuentesfidedignas.com.mx\/index.php\/2023\/08\/31\/declinacion-del-pri-fue-una-decision-acertada-coinciden-pan-y-prd-en-sinaloa\/#primaryimage"},"thumbnailUrl":"https:\/\/fuentesfidedignas.com.mx\/wp-content\/uploads\/2023\/08\/edgardo-burgos-e1693525581976.jpg","articleSection":["NOTICIAS LOCALES"],"inLanguage":"es","potentialAction":[{"@type":"CommentAction","name":"Comment","target":["https:\/\/fuentesfidedignas.com.mx\/index.php\/2023\/08\/31\/declinacion-del-pri-fue-una-decision-acertada-coinciden-pan-y-prd-en-sinaloa\/#respond"]}]},{"@type":"WebPage","@id":"https:\/\/fuentesfidedignas.com.mx\/index.php\/2023\/08\/31\/declinacion-del-pri-fue-una-decision-acertada-coinciden-pan-y-prd-en-sinaloa\/","url":"https:\/\/fuentesfidedignas.com.mx\/index.php\/2023\/08\/31\/declinacion-del-pri-fue-una-decision-acertada-coinciden-pan-y-prd-en-sinaloa\/","name":"Declinaci\u00f3n del PRI fue una decisi\u00f3n acertada, coinciden PAN y PRD en Sinaloa - Fuentes Fidedignas","isPartOf":{"@id":"https:\/\/fuentesfidedignas.com.mx\/#website"},"primaryImageOfPage":{"@id":"https:\/\/fuentesfidedignas.com.mx\/index.php\/2023\/08\/31\/declinacion-del-pri-fue-una-decision-acertada-coinciden-pan-y-prd-en-sinaloa\/#primaryimage"},"image":{"@id":"https:\/\/fuentesfidedignas.com.mx\/index.php\/2023\/08\/31\/declinacion-del-pri-fue-una-decision-acertada-coinciden-pan-y-prd-en-sinaloa\/#primaryimage"},"thumbnailUrl":"https:\/\/fuentesfidedignas.com.mx\/wp-content\/uploads\/2023\/08\/edgardo-burgos-e1693525581976.jpg","datePublished":"2023-08-31T23:47:34+00:00","dateModified":"2023-09-01T00:25:51+00:00","breadcrumb":{"@id":"https:\/\/fuentesfidedignas.com.mx\/index.php\/2023\/08\/31\/declinacion-del-pri-fue-una-decision-acertada-coinciden-pan-y-prd-en-sinaloa\/#breadcrumb"},"inLanguage":"es","potentialAction":[{"@type":"ReadAction","target":["https:\/\/fuentesfidedignas.com.mx\/index.php\/2023\/08\/31\/declinacion-del-pri-fue-una-decision-acertada-coinciden-pan-y-prd-en-sinaloa\/"]}]},{"@type":"ImageObject","inLanguage":"es","@id":"https:\/\/fuentesfidedignas.com.mx\/index.php\/2023\/08\/31\/declinacion-del-pri-fue-una-decision-acertada-coinciden-pan-y-prd-en-sinaloa\/#primaryimage","url":"https:\/\/fuentesfidedignas.com.mx\/wp-content\/uploads\/2023\/08\/edgardo-burgos-e1693525581976.jpg","contentUrl":"https:\/\/fuentesfidedignas.com.mx\/wp-content\/uploads\/2023\/08\/edgardo-burgos-e1693525581976.jpg","width":600,"height":450},{"@type":"BreadcrumbList","@id":"https:\/\/fuentesfidedignas.com.mx\/index.php\/2023\/08\/31\/declinacion-del-pri-fue-una-decision-acertada-coinciden-pan-y-prd-en-sinaloa\/#breadcrumb","itemListElement":[{"@type":"ListItem","position":1,"name":"Inicio","item":"https:\/\/fuentesfidedignas.com.mx\/"},{"@type":"ListItem","position":2,"name":"Declinaci\u00f3n del PRI fue una decisi\u00f3n acertada, coinciden PAN y PRD en Sinaloa"}]},{"@type":"WebSite","@id":"https:\/\/fuentesfidedignas.com.mx\/#website","url":"https:\/\/fuentesfidedignas.com.mx\/","name":"Fuentes Fidedignas","description":"Otro sitio realizado con WordPress","publisher":{"@id":"https:\/\/fuentesfidedignas.com.mx\/#organization"},"potentialAction":[{"@type":"SearchAction","target":{"@type":"EntryPoint","urlTemplate":"https:\/\/fuentesfidedignas.com.mx\/?s={search_term_string}"},"query-input":{"@type":"PropertyValueSpecification","valueRequired":true,"valueName":"search_term_string"}}],"inLanguage":"es"},{"@type":"Organization","@id":"https:\/\/fuentesfidedignas.com.mx\/#organization","name":"Fuentes Fidedignas","url":"https:\/\/fuentesfidedignas.com.mx\/","logo":{"@type":"ImageObject","inLanguage":"es","@id":"https:\/\/fuentesfidedignas.com.mx\/#\/schema\/logo\/image\/","url":"https:\/\/fuentesfidedignas.com.mx\/wp-content\/uploads\/2021\/04\/logo-retina.png","contentUrl":"https:\/\/fuentesfidedignas.com.mx\/wp-content\/uploads\/2021\/04\/logo-retina.png","width":280,"height":51,"caption":"Fuentes Fidedignas"},"image":{"@id":"https:\/\/fuentesfidedignas.com.mx\/#\/schema\/logo\/image\/"},"sameAs":["https:\/\/www.facebook.com\/Fuentes-Fidedignas-368234489921644","https:\/\/x.com\/fidedignas"]},{"@type":"Person","@id":"https:\/\/fuentesfidedignas.com.mx\/#\/schema\/person\/2c10028b4a30078c05a056a215342ab9","name":"Marissa Palafox","image":{"@type":"ImageObject","inLanguage":"es","@id":"https:\/\/secure.gravatar.com\/avatar\/20a43bdb2f2db10f20b22d4e98b96eb027faf98f7f76d29854dc5fab46d1cf71?s=96&d=mm&r=g","url":"https:\/\/secure.gravatar.com\/avatar\/20a43bdb2f2db10f20b22d4e98b96eb027faf98f7f76d29854dc5fab46d1cf71?s=96&d=mm&r=g","contentUrl":"https:\/\/secure.gravatar.com\/avatar\/20a43bdb2f2db10f20b22d4e98b96eb027faf98f7f76d29854dc5fab46d1cf71?s=96&d=mm&r=g","caption":"Marissa Palafox"},"url":"https:\/\/fuentesfidedignas.com.mx\/index.php\/author\/marissa\/"}]}},"_links":{"self":[{"href":"https:\/\/fuentesfidedignas.com.mx\/index.php\/wp-json\/wp\/v2\/posts\/57374","targetHints":{"allow":["GET"]}}],"collection":[{"href":"https:\/\/fuentesfidedignas.com.mx\/index.php\/wp-json\/wp\/v2\/posts"}],"about":[{"href":"https:\/\/fuentesfidedignas.com.mx\/index.php\/wp-json\/wp\/v2\/types\/post"}],"author":[{"embeddable":true,"href":"https:\/\/fuentesfidedignas.com.mx\/index.php\/wp-json\/wp\/v2\/users\/11"}],"replies":[{"embeddable":true,"href":"https:\/\/fuentesfidedignas.com.mx\/index.php\/wp-json\/wp\/v2\/comments?post=57374"}],"version-history":[{"count":3,"href":"https:\/\/fuentesfidedignas.com.mx\/index.php\/wp-json\/wp\/v2\/posts\/57374\/revisions"}],"predecessor-version":[{"id":57390,"href":"https:\/\/fuentesfidedignas.com.mx\/index.php\/wp-json\/wp\/v2\/posts\/57374\/revisions\/57390"}],"wp:featuredmedia":[{"embeddable":true,"href":"https:\/\/fuentesfidedignas.com.mx\/index.php\/wp-json\/wp\/v2\/media\/57377"}],"wp:attachment":[{"href":"https:\/\/fuentesfidedignas.com.mx\/index.php\/wp-json\/wp\/v2\/media?parent=57374"}],"wp:term":[{"taxonomy":"category","embeddable":true,"href":"https:\/\/fuentesfidedignas.com.mx\/index.php\/wp-json\/wp\/v2\/categories?post=57374"},{"taxonomy":"post_tag","embeddable":true,"href":"https:\/\/fuentesfidedignas.com.mx\/index.php\/wp-json\/wp\/v2\/tags?post=57374"}],"curies":[{"name":"wp","href":"https:\/\/api.w.org\/{rel}","templated":true}]}}