{"id":57336,"date":"2023-08-31T11:53:32","date_gmt":"2023-08-31T18:53:32","guid":{"rendered":"https:\/\/fuentesfidedignas.com.mx\/?p=57336"},"modified":"2023-08-31T11:54:45","modified_gmt":"2023-08-31T18:54:45","slug":"mario-delgado-reconoce-reto-logistico-y-complicaciones-en-encuesta-de-morena","status":"publish","type":"post","link":"https:\/\/fuentesfidedignas.com.mx\/index.php\/2023\/08\/31\/mario-delgado-reconoce-reto-logistico-y-complicaciones-en-encuesta-de-morena\/","title":{"rendered":"Mario Delgado reconoce \u201creto log\u00edstico\u201d y \u201ccomplicaciones\u201d en encuesta de Morena"},"content":{"rendered":"\n<p><em><strong>Mario Delgado expuso que esta primera jornada del levantamiento de la encuesta de Morena no ha estado exenta de complicaciones<\/strong><\/em><\/p>\n\n\n\n<p>Ciudad de M\u00e9xico. Mario Delgado Carrillo, dirigente nacional de\u00a0<strong>Morena<\/strong>, reconoci\u00f3 como un\u00a0<strong>reto log\u00edstico<\/strong>\u00a0que no ha estado exento de dificultades la primera jornada del\u00a0<strong>levantamiento<\/strong>\u00a0de la\u00a0<strong>encuesta<\/strong>\u00a0que definir\u00e1 al\u00a0<strong>candidato presidencial<\/strong>\u00a0de la\u00a0<strong>Cuarta Transformaci\u00f3n<\/strong>\u00a0para las\u00a0<strong>elecciones de 2024<\/strong>.<\/p>\n\n\n\n<figure class=\"wp-block-embed is-type-rich is-provider-twitter wp-block-embed-twitter\"><div class=\"wp-block-embed__wrapper\">\n<blockquote class=\"twitter-tweet\" data-width=\"550\" data-dnt=\"true\"><p lang=\"es\" dir=\"ltr\">Hoy concluimos la primera jornada de levantamiento de encuestas de nuestro movimiento para definir qui\u00e9n ser\u00e1 el coordinador o coordinadora de Defensa de la <a href=\"https:\/\/twitter.com\/hashtag\/4T?src=hash&amp;ref_src=twsrc%5Etfw\">#4T<\/a>.  <br><br>A diferencia de la oposici\u00f3n que hoy termin\u00f3 de exhibir su sometimiento a la voluntad de la oligarqu\u00eda econ\u00f3mica,\u2026 <a href=\"https:\/\/t.co\/nz70Cfpa0S\">pic.twitter.com\/nz70Cfpa0S<\/a><\/p>&mdash; Mario Delgado (@mario_delgado) <a href=\"https:\/\/twitter.com\/mario_delgado\/status\/1697127879589368106?ref_src=twsrc%5Etfw\">August 31, 2023<\/a><\/blockquote><script async src=\"https:\/\/platform.twitter.com\/widgets.js\" charset=\"utf-8\"><\/script>\n<\/div><\/figure>\n\n\n\n<p>Mediante un video en redes sociales, Delgado Carillo expuso que esta primera jornada no ha estado exentos de complicaciones, confusiones en los traslados, en los puntos de encuentro, entre otras dificultades.<\/p>\n\n\n\n<blockquote class=\"wp-block-quote is-layout-flow wp-block-quote-is-layout-flow\">\n<p>Quiero reiterar que el compromiso de nuestro partido es que se respete la voluntad del pueblo. Que nada ni nadie intervenga en una decisi\u00f3n que solo le corresponde a la gente\u201d, declar\u00f3.<\/p>\n<\/blockquote>\n\n\n\n<p>El excanciller mexicano y aspirante presidencial&nbsp;<strong>Marcelo Ebrard<\/strong>&nbsp;denunci\u00f3 un \u201c<a href=\"https:\/\/lopezdoriga.com\/nacional\/ebrard-denuncia-desorden-encuesta-definira-candidato-presidencial-4t\/\" target=\"_blank\" rel=\"noreferrer noopener\"><strong>gran desorden<\/strong><\/a>\u201d en la encuesta que inici\u00f3 este mi\u00e9rcoles Morena para definir a su candidato presidencial para las elecciones de 2024.<\/p>\n\n\n\n<p>\u201cMuy preocupado por el gran desorden en el levantamiento de la encuesta esta ma\u00f1ana\u201d, escribi\u00f3 Ebrard en la red social X (antes Twitter).<\/p>\n\n\n\n<p>El pol\u00edtico, quien ha cuestionado antes el proceso interno de Morena, no detall\u00f3 sus acusaciones, al limitarse a informar de que sus asesoras est\u00e1n pendientes de las presuntas irregularidades.<\/p>\n\n\n\n<p>En ese sentido, el dirigente nacional de Morena reiter\u00f3 el llamado a que la militancia y simpatizantes de la Cuarta Transformaci\u00f3n respeten la veda.<\/p>\n\n\n\n<p>\u201cYa no se vale nada de llamadas, de distribuci\u00f3n de volantes o cualquier otro tipo de activismo pol\u00edtico, porque eso ser\u00eda una interferencia y ser\u00eda, sobre todo, tratar de alterar la voluntad del pueblo\u201d, sostuvo.<\/p>\n\n\n\n<p>Remarc\u00f3 que en el proceso interno de Morena \u201cno hay dedazo ni simulaci\u00f3n, aqu\u00ed el pueblo manda\u201d, y contrast\u00f3 que, el d\u00eda de hoy, la oposici\u00f3n termin\u00f3 de exhibir que su proceso ha sido una simulaci\u00f3n.<\/p>\n\n\n\n<p>\u201cSomos testigos del sometimiento absoluto del PRIAN y el PRD a la voluntad de la oligarqu\u00eda econ\u00f3mica. Y tal como lo advirti\u00f3 nuestro presidente Andr\u00e9s Manuel L\u00f3pez Obrador desde el pasado 3 de julio, la candidata del Frente Amplio por la corrupci\u00f3n vendr\u00eda del dedazo de los poderosos\u201d, extern\u00f3.<\/p>\n\n\n\n<p>Mario Delgado se\u00f1al\u00f3 que Morena demuestra que est\u00e1 a la altura de las demandas del pueblo, y por esa raz\u00f3n, ning\u00fan inter\u00e9s personal \u201cpuede estar por encima de nuestro proyecto\u201d.<\/p>\n\n\n\n<p>\u201cEs momento de marcar la diferencia, de demostrar que estamos a la altura de un pueblo que desea vivir en democracia y que se profundice esta Transformaci\u00f3n hist\u00f3rica\u201d, apunt\u00f3.<\/p>\n\n\n\n<p><\/p>\n","protected":false},"excerpt":{"rendered":"<p>Mario Delgado expuso que esta primera jornada del levantamiento de la encuesta de Morena no ha estado exenta de complicaciones Ciudad de M\u00e9xico. Mario Delgado Carrillo, dirigente nacional de\u00a0Morena, reconoci\u00f3 como un\u00a0reto log\u00edstico\u00a0que no ha estado exento de dificultades la primera jornada del\u00a0levantamiento\u00a0de la\u00a0encuesta\u00a0que definir\u00e1 al\u00a0candidato presidencial\u00a0de la\u00a0Cuarta Transformaci\u00f3n\u00a0para las\u00a0elecciones de 2024. Mediante un video [&hellip;]<\/p>\n","protected":false},"author":47,"featured_media":57338,"comment_status":"open","ping_status":"open","sticky":false,"template":"","format":"standard","meta":{"tdm_status":"","tdm_grid_status":"","footnotes":""},"categories":[39],"tags":[],"class_list":{"0":"post-57336","1":"post","2":"type-post","3":"status-publish","4":"format-standard","5":"has-post-thumbnail","7":"category-noticias-nacionales"},"yoast_head":"<!-- This site is optimized with the Yoast SEO plugin v27.5 - https:\/\/yoast.com\/product\/yoast-seo-wordpress\/ -->\n<title>Mario Delgado reconoce \u201creto log\u00edstico\u201d y \u201ccomplicaciones\u201d en encuesta de Morena - Fuentes Fidedignas<\/title>\n<meta name=\"robots\" content=\"index, follow, max-snippet:-1, max-image-preview:large, max-video-preview:-1\" \/>\n<link rel=\"canonical\" href=\"https:\/\/fuentesfidedignas.com.mx\/index.php\/2023\/08\/31\/mario-delgado-reconoce-reto-logistico-y-complicaciones-en-encuesta-de-morena\/\" \/>\n<meta property=\"og:locale\" content=\"es_MX\" \/>\n<meta property=\"og:type\" content=\"article\" \/>\n<meta property=\"og:title\" content=\"Mario Delgado reconoce \u201creto log\u00edstico\u201d y \u201ccomplicaciones\u201d en encuesta de Morena - Fuentes Fidedignas\" \/>\n<meta property=\"og:description\" content=\"Mario Delgado expuso que esta primera jornada del levantamiento de la encuesta de Morena no ha estado exenta de complicaciones Ciudad de M\u00e9xico. Mario Delgado Carrillo, dirigente nacional de\u00a0Morena, reconoci\u00f3 como un\u00a0reto log\u00edstico\u00a0que no ha estado exento de dificultades la primera jornada del\u00a0levantamiento\u00a0de la\u00a0encuesta\u00a0que definir\u00e1 al\u00a0candidato presidencial\u00a0de la\u00a0Cuarta Transformaci\u00f3n\u00a0para las\u00a0elecciones de 2024. Mediante un video [&hellip;]\" \/>\n<meta property=\"og:url\" content=\"https:\/\/fuentesfidedignas.com.mx\/index.php\/2023\/08\/31\/mario-delgado-reconoce-reto-logistico-y-complicaciones-en-encuesta-de-morena\/\" \/>\n<meta property=\"og:site_name\" content=\"Fuentes Fidedignas\" \/>\n<meta property=\"article:publisher\" content=\"https:\/\/www.facebook.com\/Fuentes-Fidedignas-368234489921644\" \/>\n<meta property=\"article:published_time\" content=\"2023-08-31T18:53:32+00:00\" \/>\n<meta property=\"article:modified_time\" content=\"2023-08-31T18:54:45+00:00\" \/>\n<meta property=\"og:image\" content=\"https:\/\/fuentesfidedignas.com.mx\/wp-content\/uploads\/2023\/08\/morena.jpg\" \/>\n\t<meta property=\"og:image:width\" content=\"1920\" \/>\n\t<meta property=\"og:image:height\" content=\"1280\" \/>\n\t<meta property=\"og:image:type\" content=\"image\/jpeg\" \/>\n<meta name=\"author\" content=\"L\u00f3pez D\u00f3riga\" \/>\n<meta name=\"twitter:card\" content=\"summary_large_image\" \/>\n<meta name=\"twitter:creator\" content=\"@fidedignas\" \/>\n<meta name=\"twitter:site\" content=\"@fidedignas\" \/>\n<meta name=\"twitter:label1\" content=\"Escrito por\" \/>\n\t<meta name=\"twitter:data1\" content=\"L\u00f3pez D\u00f3riga\" \/>\n\t<meta name=\"twitter:label2\" content=\"Tiempo de lectura\" \/>\n\t<meta name=\"twitter:data2\" content=\"2 minutos\" \/>\n<script type=\"application\/ld+json\" class=\"yoast-schema-graph\">{\"@context\":\"https:\\\/\\\/schema.org\",\"@graph\":[{\"@type\":\"Article\",\"@id\":\"https:\\\/\\\/fuentesfidedignas.com.mx\\\/index.php\\\/2023\\\/08\\\/31\\\/mario-delgado-reconoce-reto-logistico-y-complicaciones-en-encuesta-de-morena\\\/#article\",\"isPartOf\":{\"@id\":\"https:\\\/\\\/fuentesfidedignas.com.mx\\\/index.php\\\/2023\\\/08\\\/31\\\/mario-delgado-reconoce-reto-logistico-y-complicaciones-en-encuesta-de-morena\\\/\"},\"author\":{\"name\":\"L\u00f3pez D\u00f3riga\",\"@id\":\"https:\\\/\\\/fuentesfidedignas.com.mx\\\/#\\\/schema\\\/person\\\/67d852f0557c8509146a4b9ddebd543a\"},\"headline\":\"Mario Delgado reconoce \u201creto log\u00edstico\u201d y \u201ccomplicaciones\u201d en encuesta de Morena\",\"datePublished\":\"2023-08-31T18:53:32+00:00\",\"dateModified\":\"2023-08-31T18:54:45+00:00\",\"mainEntityOfPage\":{\"@id\":\"https:\\\/\\\/fuentesfidedignas.com.mx\\\/index.php\\\/2023\\\/08\\\/31\\\/mario-delgado-reconoce-reto-logistico-y-complicaciones-en-encuesta-de-morena\\\/\"},\"wordCount\":465,\"commentCount\":0,\"publisher\":{\"@id\":\"https:\\\/\\\/fuentesfidedignas.com.mx\\\/#organization\"},\"image\":{\"@id\":\"https:\\\/\\\/fuentesfidedignas.com.mx\\\/index.php\\\/2023\\\/08\\\/31\\\/mario-delgado-reconoce-reto-logistico-y-complicaciones-en-encuesta-de-morena\\\/#primaryimage\"},\"thumbnailUrl\":\"https:\\\/\\\/fuentesfidedignas.com.mx\\\/wp-content\\\/uploads\\\/2023\\\/08\\\/morena.jpg\",\"articleSection\":[\"NOTICIAS NACIONALES\"],\"inLanguage\":\"es\",\"potentialAction\":[{\"@type\":\"CommentAction\",\"name\":\"Comment\",\"target\":[\"https:\\\/\\\/fuentesfidedignas.com.mx\\\/index.php\\\/2023\\\/08\\\/31\\\/mario-delgado-reconoce-reto-logistico-y-complicaciones-en-encuesta-de-morena\\\/#respond\"]}]},{\"@type\":\"WebPage\",\"@id\":\"https:\\\/\\\/fuentesfidedignas.com.mx\\\/index.php\\\/2023\\\/08\\\/31\\\/mario-delgado-reconoce-reto-logistico-y-complicaciones-en-encuesta-de-morena\\\/\",\"url\":\"https:\\\/\\\/fuentesfidedignas.com.mx\\\/index.php\\\/2023\\\/08\\\/31\\\/mario-delgado-reconoce-reto-logistico-y-complicaciones-en-encuesta-de-morena\\\/\",\"name\":\"Mario Delgado reconoce \u201creto log\u00edstico\u201d y \u201ccomplicaciones\u201d en encuesta de Morena - Fuentes Fidedignas\",\"isPartOf\":{\"@id\":\"https:\\\/\\\/fuentesfidedignas.com.mx\\\/#website\"},\"primaryImageOfPage\":{\"@id\":\"https:\\\/\\\/fuentesfidedignas.com.mx\\\/index.php\\\/2023\\\/08\\\/31\\\/mario-delgado-reconoce-reto-logistico-y-complicaciones-en-encuesta-de-morena\\\/#primaryimage\"},\"image\":{\"@id\":\"https:\\\/\\\/fuentesfidedignas.com.mx\\\/index.php\\\/2023\\\/08\\\/31\\\/mario-delgado-reconoce-reto-logistico-y-complicaciones-en-encuesta-de-morena\\\/#primaryimage\"},\"thumbnailUrl\":\"https:\\\/\\\/fuentesfidedignas.com.mx\\\/wp-content\\\/uploads\\\/2023\\\/08\\\/morena.jpg\",\"datePublished\":\"2023-08-31T18:53:32+00:00\",\"dateModified\":\"2023-08-31T18:54:45+00:00\",\"breadcrumb\":{\"@id\":\"https:\\\/\\\/fuentesfidedignas.com.mx\\\/index.php\\\/2023\\\/08\\\/31\\\/mario-delgado-reconoce-reto-logistico-y-complicaciones-en-encuesta-de-morena\\\/#breadcrumb\"},\"inLanguage\":\"es\",\"potentialAction\":[{\"@type\":\"ReadAction\",\"target\":[\"https:\\\/\\\/fuentesfidedignas.com.mx\\\/index.php\\\/2023\\\/08\\\/31\\\/mario-delgado-reconoce-reto-logistico-y-complicaciones-en-encuesta-de-morena\\\/\"]}]},{\"@type\":\"ImageObject\",\"inLanguage\":\"es\",\"@id\":\"https:\\\/\\\/fuentesfidedignas.com.mx\\\/index.php\\\/2023\\\/08\\\/31\\\/mario-delgado-reconoce-reto-logistico-y-complicaciones-en-encuesta-de-morena\\\/#primaryimage\",\"url\":\"https:\\\/\\\/fuentesfidedignas.com.mx\\\/wp-content\\\/uploads\\\/2023\\\/08\\\/morena.jpg\",\"contentUrl\":\"https:\\\/\\\/fuentesfidedignas.com.mx\\\/wp-content\\\/uploads\\\/2023\\\/08\\\/morena.jpg\",\"width\":1920,\"height\":1280},{\"@type\":\"BreadcrumbList\",\"@id\":\"https:\\\/\\\/fuentesfidedignas.com.mx\\\/index.php\\\/2023\\\/08\\\/31\\\/mario-delgado-reconoce-reto-logistico-y-complicaciones-en-encuesta-de-morena\\\/#breadcrumb\",\"itemListElement\":[{\"@type\":\"ListItem\",\"position\":1,\"name\":\"Inicio\",\"item\":\"https:\\\/\\\/fuentesfidedignas.com.mx\\\/\"},{\"@type\":\"ListItem\",\"position\":2,\"name\":\"Mario Delgado reconoce \u201creto log\u00edstico\u201d y \u201ccomplicaciones\u201d en encuesta de Morena\"}]},{\"@type\":\"WebSite\",\"@id\":\"https:\\\/\\\/fuentesfidedignas.com.mx\\\/#website\",\"url\":\"https:\\\/\\\/fuentesfidedignas.com.mx\\\/\",\"name\":\"Fuentes Fidedignas\",\"description\":\"Otro sitio realizado con WordPress\",\"publisher\":{\"@id\":\"https:\\\/\\\/fuentesfidedignas.com.mx\\\/#organization\"},\"potentialAction\":[{\"@type\":\"SearchAction\",\"target\":{\"@type\":\"EntryPoint\",\"urlTemplate\":\"https:\\\/\\\/fuentesfidedignas.com.mx\\\/?s={search_term_string}\"},\"query-input\":{\"@type\":\"PropertyValueSpecification\",\"valueRequired\":true,\"valueName\":\"search_term_string\"}}],\"inLanguage\":\"es\"},{\"@type\":\"Organization\",\"@id\":\"https:\\\/\\\/fuentesfidedignas.com.mx\\\/#organization\",\"name\":\"Fuentes Fidedignas\",\"url\":\"https:\\\/\\\/fuentesfidedignas.com.mx\\\/\",\"logo\":{\"@type\":\"ImageObject\",\"inLanguage\":\"es\",\"@id\":\"https:\\\/\\\/fuentesfidedignas.com.mx\\\/#\\\/schema\\\/logo\\\/image\\\/\",\"url\":\"https:\\\/\\\/fuentesfidedignas.com.mx\\\/wp-content\\\/uploads\\\/2021\\\/04\\\/logo-retina.png\",\"contentUrl\":\"https:\\\/\\\/fuentesfidedignas.com.mx\\\/wp-content\\\/uploads\\\/2021\\\/04\\\/logo-retina.png\",\"width\":280,\"height\":51,\"caption\":\"Fuentes Fidedignas\"},\"image\":{\"@id\":\"https:\\\/\\\/fuentesfidedignas.com.mx\\\/#\\\/schema\\\/logo\\\/image\\\/\"},\"sameAs\":[\"https:\\\/\\\/www.facebook.com\\\/Fuentes-Fidedignas-368234489921644\",\"https:\\\/\\\/x.com\\\/fidedignas\"]},{\"@type\":\"Person\",\"@id\":\"https:\\\/\\\/fuentesfidedignas.com.mx\\\/#\\\/schema\\\/person\\\/67d852f0557c8509146a4b9ddebd543a\",\"name\":\"L\u00f3pez D\u00f3riga\",\"image\":{\"@type\":\"ImageObject\",\"inLanguage\":\"es\",\"@id\":\"https:\\\/\\\/secure.gravatar.com\\\/avatar\\\/e525b06574ca18b33cded59dfe5778d6c823b9513154eff47da551b0551bdd1e?s=96&d=mm&r=g\",\"url\":\"https:\\\/\\\/secure.gravatar.com\\\/avatar\\\/e525b06574ca18b33cded59dfe5778d6c823b9513154eff47da551b0551bdd1e?s=96&d=mm&r=g\",\"contentUrl\":\"https:\\\/\\\/secure.gravatar.com\\\/avatar\\\/e525b06574ca18b33cded59dfe5778d6c823b9513154eff47da551b0551bdd1e?s=96&d=mm&r=g\",\"caption\":\"L\u00f3pez D\u00f3riga\"},\"url\":\"https:\\\/\\\/fuentesfidedignas.com.mx\\\/index.php\\\/author\\\/doriga\\\/\"}]}<\/script>\n<!-- \/ Yoast SEO plugin. -->","yoast_head_json":{"title":"Mario Delgado reconoce \u201creto log\u00edstico\u201d y \u201ccomplicaciones\u201d en encuesta de Morena - Fuentes Fidedignas","robots":{"index":"index","follow":"follow","max-snippet":"max-snippet:-1","max-image-preview":"max-image-preview:large","max-video-preview":"max-video-preview:-1"},"canonical":"https:\/\/fuentesfidedignas.com.mx\/index.php\/2023\/08\/31\/mario-delgado-reconoce-reto-logistico-y-complicaciones-en-encuesta-de-morena\/","og_locale":"es_MX","og_type":"article","og_title":"Mario Delgado reconoce \u201creto log\u00edstico\u201d y \u201ccomplicaciones\u201d en encuesta de Morena - Fuentes Fidedignas","og_description":"Mario Delgado expuso que esta primera jornada del levantamiento de la encuesta de Morena no ha estado exenta de complicaciones Ciudad de M\u00e9xico. Mario Delgado Carrillo, dirigente nacional de\u00a0Morena, reconoci\u00f3 como un\u00a0reto log\u00edstico\u00a0que no ha estado exento de dificultades la primera jornada del\u00a0levantamiento\u00a0de la\u00a0encuesta\u00a0que definir\u00e1 al\u00a0candidato presidencial\u00a0de la\u00a0Cuarta Transformaci\u00f3n\u00a0para las\u00a0elecciones de 2024. Mediante un video [&hellip;]","og_url":"https:\/\/fuentesfidedignas.com.mx\/index.php\/2023\/08\/31\/mario-delgado-reconoce-reto-logistico-y-complicaciones-en-encuesta-de-morena\/","og_site_name":"Fuentes Fidedignas","article_publisher":"https:\/\/www.facebook.com\/Fuentes-Fidedignas-368234489921644","article_published_time":"2023-08-31T18:53:32+00:00","article_modified_time":"2023-08-31T18:54:45+00:00","og_image":[{"width":1920,"height":1280,"url":"https:\/\/fuentesfidedignas.com.mx\/wp-content\/uploads\/2023\/08\/morena.jpg","type":"image\/jpeg"}],"author":"L\u00f3pez D\u00f3riga","twitter_card":"summary_large_image","twitter_creator":"@fidedignas","twitter_site":"@fidedignas","twitter_misc":{"Escrito por":"L\u00f3pez D\u00f3riga","Tiempo de lectura":"2 minutos"},"schema":{"@context":"https:\/\/schema.org","@graph":[{"@type":"Article","@id":"https:\/\/fuentesfidedignas.com.mx\/index.php\/2023\/08\/31\/mario-delgado-reconoce-reto-logistico-y-complicaciones-en-encuesta-de-morena\/#article","isPartOf":{"@id":"https:\/\/fuentesfidedignas.com.mx\/index.php\/2023\/08\/31\/mario-delgado-reconoce-reto-logistico-y-complicaciones-en-encuesta-de-morena\/"},"author":{"name":"L\u00f3pez D\u00f3riga","@id":"https:\/\/fuentesfidedignas.com.mx\/#\/schema\/person\/67d852f0557c8509146a4b9ddebd543a"},"headline":"Mario Delgado reconoce \u201creto log\u00edstico\u201d y \u201ccomplicaciones\u201d en encuesta de Morena","datePublished":"2023-08-31T18:53:32+00:00","dateModified":"2023-08-31T18:54:45+00:00","mainEntityOfPage":{"@id":"https:\/\/fuentesfidedignas.com.mx\/index.php\/2023\/08\/31\/mario-delgado-reconoce-reto-logistico-y-complicaciones-en-encuesta-de-morena\/"},"wordCount":465,"commentCount":0,"publisher":{"@id":"https:\/\/fuentesfidedignas.com.mx\/#organization"},"image":{"@id":"https:\/\/fuentesfidedignas.com.mx\/index.php\/2023\/08\/31\/mario-delgado-reconoce-reto-logistico-y-complicaciones-en-encuesta-de-morena\/#primaryimage"},"thumbnailUrl":"https:\/\/fuentesfidedignas.com.mx\/wp-content\/uploads\/2023\/08\/morena.jpg","articleSection":["NOTICIAS NACIONALES"],"inLanguage":"es","potentialAction":[{"@type":"CommentAction","name":"Comment","target":["https:\/\/fuentesfidedignas.com.mx\/index.php\/2023\/08\/31\/mario-delgado-reconoce-reto-logistico-y-complicaciones-en-encuesta-de-morena\/#respond"]}]},{"@type":"WebPage","@id":"https:\/\/fuentesfidedignas.com.mx\/index.php\/2023\/08\/31\/mario-delgado-reconoce-reto-logistico-y-complicaciones-en-encuesta-de-morena\/","url":"https:\/\/fuentesfidedignas.com.mx\/index.php\/2023\/08\/31\/mario-delgado-reconoce-reto-logistico-y-complicaciones-en-encuesta-de-morena\/","name":"Mario Delgado reconoce \u201creto log\u00edstico\u201d y \u201ccomplicaciones\u201d en encuesta de Morena - Fuentes Fidedignas","isPartOf":{"@id":"https:\/\/fuentesfidedignas.com.mx\/#website"},"primaryImageOfPage":{"@id":"https:\/\/fuentesfidedignas.com.mx\/index.php\/2023\/08\/31\/mario-delgado-reconoce-reto-logistico-y-complicaciones-en-encuesta-de-morena\/#primaryimage"},"image":{"@id":"https:\/\/fuentesfidedignas.com.mx\/index.php\/2023\/08\/31\/mario-delgado-reconoce-reto-logistico-y-complicaciones-en-encuesta-de-morena\/#primaryimage"},"thumbnailUrl":"https:\/\/fuentesfidedignas.com.mx\/wp-content\/uploads\/2023\/08\/morena.jpg","datePublished":"2023-08-31T18:53:32+00:00","dateModified":"2023-08-31T18:54:45+00:00","breadcrumb":{"@id":"https:\/\/fuentesfidedignas.com.mx\/index.php\/2023\/08\/31\/mario-delgado-reconoce-reto-logistico-y-complicaciones-en-encuesta-de-morena\/#breadcrumb"},"inLanguage":"es","potentialAction":[{"@type":"ReadAction","target":["https:\/\/fuentesfidedignas.com.mx\/index.php\/2023\/08\/31\/mario-delgado-reconoce-reto-logistico-y-complicaciones-en-encuesta-de-morena\/"]}]},{"@type":"ImageObject","inLanguage":"es","@id":"https:\/\/fuentesfidedignas.com.mx\/index.php\/2023\/08\/31\/mario-delgado-reconoce-reto-logistico-y-complicaciones-en-encuesta-de-morena\/#primaryimage","url":"https:\/\/fuentesfidedignas.com.mx\/wp-content\/uploads\/2023\/08\/morena.jpg","contentUrl":"https:\/\/fuentesfidedignas.com.mx\/wp-content\/uploads\/2023\/08\/morena.jpg","width":1920,"height":1280},{"@type":"BreadcrumbList","@id":"https:\/\/fuentesfidedignas.com.mx\/index.php\/2023\/08\/31\/mario-delgado-reconoce-reto-logistico-y-complicaciones-en-encuesta-de-morena\/#breadcrumb","itemListElement":[{"@type":"ListItem","position":1,"name":"Inicio","item":"https:\/\/fuentesfidedignas.com.mx\/"},{"@type":"ListItem","position":2,"name":"Mario Delgado reconoce \u201creto log\u00edstico\u201d y \u201ccomplicaciones\u201d en encuesta de Morena"}]},{"@type":"WebSite","@id":"https:\/\/fuentesfidedignas.com.mx\/#website","url":"https:\/\/fuentesfidedignas.com.mx\/","name":"Fuentes Fidedignas","description":"Otro sitio realizado con WordPress","publisher":{"@id":"https:\/\/fuentesfidedignas.com.mx\/#organization"},"potentialAction":[{"@type":"SearchAction","target":{"@type":"EntryPoint","urlTemplate":"https:\/\/fuentesfidedignas.com.mx\/?s={search_term_string}"},"query-input":{"@type":"PropertyValueSpecification","valueRequired":true,"valueName":"search_term_string"}}],"inLanguage":"es"},{"@type":"Organization","@id":"https:\/\/fuentesfidedignas.com.mx\/#organization","name":"Fuentes Fidedignas","url":"https:\/\/fuentesfidedignas.com.mx\/","logo":{"@type":"ImageObject","inLanguage":"es","@id":"https:\/\/fuentesfidedignas.com.mx\/#\/schema\/logo\/image\/","url":"https:\/\/fuentesfidedignas.com.mx\/wp-content\/uploads\/2021\/04\/logo-retina.png","contentUrl":"https:\/\/fuentesfidedignas.com.mx\/wp-content\/uploads\/2021\/04\/logo-retina.png","width":280,"height":51,"caption":"Fuentes Fidedignas"},"image":{"@id":"https:\/\/fuentesfidedignas.com.mx\/#\/schema\/logo\/image\/"},"sameAs":["https:\/\/www.facebook.com\/Fuentes-Fidedignas-368234489921644","https:\/\/x.com\/fidedignas"]},{"@type":"Person","@id":"https:\/\/fuentesfidedignas.com.mx\/#\/schema\/person\/67d852f0557c8509146a4b9ddebd543a","name":"L\u00f3pez D\u00f3riga","image":{"@type":"ImageObject","inLanguage":"es","@id":"https:\/\/secure.gravatar.com\/avatar\/e525b06574ca18b33cded59dfe5778d6c823b9513154eff47da551b0551bdd1e?s=96&d=mm&r=g","url":"https:\/\/secure.gravatar.com\/avatar\/e525b06574ca18b33cded59dfe5778d6c823b9513154eff47da551b0551bdd1e?s=96&d=mm&r=g","contentUrl":"https:\/\/secure.gravatar.com\/avatar\/e525b06574ca18b33cded59dfe5778d6c823b9513154eff47da551b0551bdd1e?s=96&d=mm&r=g","caption":"L\u00f3pez D\u00f3riga"},"url":"https:\/\/fuentesfidedignas.com.mx\/index.php\/author\/doriga\/"}]}},"_links":{"self":[{"href":"https:\/\/fuentesfidedignas.com.mx\/index.php\/wp-json\/wp\/v2\/posts\/57336","targetHints":{"allow":["GET"]}}],"collection":[{"href":"https:\/\/fuentesfidedignas.com.mx\/index.php\/wp-json\/wp\/v2\/posts"}],"about":[{"href":"https:\/\/fuentesfidedignas.com.mx\/index.php\/wp-json\/wp\/v2\/types\/post"}],"author":[{"embeddable":true,"href":"https:\/\/fuentesfidedignas.com.mx\/index.php\/wp-json\/wp\/v2\/users\/47"}],"replies":[{"embeddable":true,"href":"https:\/\/fuentesfidedignas.com.mx\/index.php\/wp-json\/wp\/v2\/comments?post=57336"}],"version-history":[{"count":1,"href":"https:\/\/fuentesfidedignas.com.mx\/index.php\/wp-json\/wp\/v2\/posts\/57336\/revisions"}],"predecessor-version":[{"id":57337,"href":"https:\/\/fuentesfidedignas.com.mx\/index.php\/wp-json\/wp\/v2\/posts\/57336\/revisions\/57337"}],"wp:featuredmedia":[{"embeddable":true,"href":"https:\/\/fuentesfidedignas.com.mx\/index.php\/wp-json\/wp\/v2\/media\/57338"}],"wp:attachment":[{"href":"https:\/\/fuentesfidedignas.com.mx\/index.php\/wp-json\/wp\/v2\/media?parent=57336"}],"wp:term":[{"taxonomy":"category","embeddable":true,"href":"https:\/\/fuentesfidedignas.com.mx\/index.php\/wp-json\/wp\/v2\/categories?post=57336"},{"taxonomy":"post_tag","embeddable":true,"href":"https:\/\/fuentesfidedignas.com.mx\/index.php\/wp-json\/wp\/v2\/tags?post=57336"}],"curies":[{"name":"wp","href":"https:\/\/api.w.org\/{rel}","templated":true}]}}